{"id":260578,"date":"2025-09-29T11:29:30","date_gmt":"2025-09-29T14:29:30","guid":{"rendered":"https:\/\/franciscanos.org.br\/noticias\/?p=260578"},"modified":"2025-09-29T11:29:30","modified_gmt":"2025-09-29T14:29:30","slug":"paroquia-santa-clara-de-assis-realiza-caminhada-ecologica-em-duque-de-caxias","status":"publish","type":"post","link":"https:\/\/franciscanos.org.br\/noticias\/paroquia-santa-clara-de-assis-realiza-caminhada-ecologica-em-duque-de-caxias.html","title":{"rendered":"Par\u00f3quia Santa Clara de Assis realiza Caminhada Ecol\u00f3gica, em Duque de Caxias"},"content":{"rendered":"<p data-start=\"142\" data-end=\"445\"><img loading=\"lazy\" class=\"aligncenter wp-image-260581 size-full\" src=\"https:\/\/franciscanos.org.br\/noticias\/wp-content\/uploads\/2025\/09\/MATERIA-1-34.jpg\" alt=\"\" width=\"1280\" height=\"720\" srcset=\"https:\/\/franciscanos.org.br\/noticias\/wp-content\/uploads\/2025\/09\/MATERIA-1-34.jpg 1280w, https:\/\/franciscanos.org.br\/noticias\/wp-content\/uploads\/2025\/09\/MATERIA-1-34-450x253.jpg 450w, https:\/\/franciscanos.org.br\/noticias\/wp-content\/uploads\/2025\/09\/MATERIA-1-34-1024x576.jpg 1024w, https:\/\/franciscanos.org.br\/noticias\/wp-content\/uploads\/2025\/09\/MATERIA-1-34-768x432.jpg 768w, https:\/\/franciscanos.org.br\/noticias\/wp-content\/uploads\/2025\/09\/MATERIA-1-34-150x84.jpg 150w\" sizes=\"(max-width: 1280px) 100vw, 1280px\" \/><\/p>\n<p data-start=\"142\" data-end=\"445\">Em um ato comunit\u00e1rio que j\u00e1 est\u00e1 se tornando tradicional no Tempo da Cria\u00e7\u00e3o, vivido pela Igreja Cat\u00f3lica e por outras igrejas de denomina\u00e7\u00e3o crist\u00e3, a Par\u00f3quia Santa Clara de Assis de Imbari\u00ea, Duque de Caxias (RJ), realizou, na manh\u00e3 de s\u00e1bado, 27 de setembro, uma significativa Caminhada Ecol\u00f3gica.<\/p>\n<p data-start=\"447\" data-end=\"943\">Neste ano, o objetivo foi realizar uma a\u00e7\u00e3o concreta de cuidado e expressar, desse modo, louvor e gratid\u00e3o a Deus por toda a Cria\u00e7\u00e3o. O grupo n\u00e3o foi t\u00e3o grande, mas, com muita anima\u00e7\u00e3o e f\u00e9, reuniu-se na Comunidade Jesus Crucificado, onde a caminhada teve in\u00edcio com um momento de ora\u00e7\u00e3o conduzido pela Juventude Clareana. Com simplicidade e devo\u00e7\u00e3o, foi feito o pedido: \u201cSenhor, ensina-nos a amar e respeitar a Tua Cria\u00e7\u00e3o. D\u00e1-nos m\u00e3os dispostas a cuidar, preservar e proteger a Tua Cria\u00e7\u00e3o\u201d.<\/p>\n\n\t\t<style type=\"text\/css\">\n\t\t\t#gallery-1 {\n\t\t\t\tmargin: auto;\n\t\t\t}\n\t\t\t#gallery-1 .gallery-item {\n\t\t\t\tfloat: left;\n\t\t\t\tmargin-top: 10px;\n\t\t\t\ttext-align: center;\n\t\t\t\twidth: 33%;\n\t\t\t}\n\t\t\t#gallery-1 img {\n\t\t\t\tborder: 2px solid #cfcfcf;\n\t\t\t}\n\t\t\t#gallery-1 .gallery-caption {\n\t\t\t\tmargin-left: 0;\n\t\t\t}\n\t\t\t\/* see gallery_shortcode() in wp-includes\/media.php *\/\n\t\t<\/style>\n\t\t<div id='gallery-1' class='gallery galleryid-260578 gallery-columns-3 gallery-size-thumbnail'><dl class='gallery-item'>\n\t\t\t<dt class='gallery-icon portrait'>\n\t\t\t\t<a href='https:\/\/franciscanos.org.br\/noticias\/wp-content\/uploads\/2025\/09\/4-2.jpg'><img width=\"300\" height=\"300\" src=\"https:\/\/franciscanos.org.br\/noticias\/wp-content\/uploads\/2025\/09\/4-2-300x300.jpg\" class=\"attachment-thumbnail size-thumbnail\" alt=\"\" loading=\"lazy\" srcset=\"https:\/\/franciscanos.org.br\/noticias\/wp-content\/uploads\/2025\/09\/4-2-300x300.jpg 300w, https:\/\/franciscanos.org.br\/noticias\/wp-content\/uploads\/2025\/09\/4-2-100x100.jpg 100w\" sizes=\"(max-width: 300px) 100vw, 300px\" \/><\/a>\n\t\t\t<\/dt><\/dl><dl class='gallery-item'>\n\t\t\t<dt class='gallery-icon portrait'>\n\t\t\t\t<a href='https:\/\/franciscanos.org.br\/noticias\/wp-content\/uploads\/2025\/09\/3.jpg'><img width=\"300\" height=\"300\" src=\"https:\/\/franciscanos.org.br\/noticias\/wp-content\/uploads\/2025\/09\/3-300x300.jpg\" class=\"attachment-thumbnail size-thumbnail\" alt=\"\" loading=\"lazy\" srcset=\"https:\/\/franciscanos.org.br\/noticias\/wp-content\/uploads\/2025\/09\/3-300x300.jpg 300w, https:\/\/franciscanos.org.br\/noticias\/wp-content\/uploads\/2025\/09\/3-100x100.jpg 100w\" sizes=\"(max-width: 300px) 100vw, 300px\" \/><\/a>\n\t\t\t<\/dt><\/dl><dl class='gallery-item'>\n\t\t\t<dt class='gallery-icon portrait'>\n\t\t\t\t<a href='https:\/\/franciscanos.org.br\/noticias\/wp-content\/uploads\/2025\/09\/1-1.jpg'><img width=\"300\" height=\"300\" src=\"https:\/\/franciscanos.org.br\/noticias\/wp-content\/uploads\/2025\/09\/1-1-300x300.jpg\" class=\"attachment-thumbnail size-thumbnail\" alt=\"\" loading=\"lazy\" srcset=\"https:\/\/franciscanos.org.br\/noticias\/wp-content\/uploads\/2025\/09\/1-1-300x300.jpg 300w, https:\/\/franciscanos.org.br\/noticias\/wp-content\/uploads\/2025\/09\/1-1-100x100.jpg 100w\" sizes=\"(max-width: 300px) 100vw, 300px\" \/><\/a>\n\t\t\t<\/dt><\/dl><br style=\"clear: both\" \/>\n\t\t<\/div>\n\n<p data-start=\"945\" data-end=\"1659\">Durante o pequeno trajeto da caminhada, integrantes da Pastoral Ecol\u00f3gica convidaram os participantes a cantar, rezar e expressar cuidado, recolhendo o lixo que encontraram pelo caminho. O percurso foi pensado de forma breve para que houvesse tempo e disposi\u00e7\u00e3o para um gesto mais concreto: o trabalho de limpeza, capina e plantio na \u00e1rea pr\u00f3xima \u00e0 linha f\u00e9rrea que corta o bairro. Ali, em clima de fraternidade, o grupo se dedicou a transformar o espa\u00e7o. O local foi revitalizado e, ao lado das mudas plantadas, foram colocadas plaquinhas com mensagens inspiradoras, que convidam a contemplar, cuidar e proteger a natureza criada por amor por Deus, que, ao final da obra, \u201cviu que tudo era muito bom\u201d (Gn 1,31).<\/p>\n<p data-start=\"1661\" data-end=\"1947\"><img loading=\"lazy\" class=\"aligncenter wp-image-260583 size-full\" src=\"https:\/\/franciscanos.org.br\/noticias\/wp-content\/uploads\/2025\/09\/MATERIA3-8.jpg\" alt=\"\" width=\"1280\" height=\"720\" srcset=\"https:\/\/franciscanos.org.br\/noticias\/wp-content\/uploads\/2025\/09\/MATERIA3-8.jpg 1280w, https:\/\/franciscanos.org.br\/noticias\/wp-content\/uploads\/2025\/09\/MATERIA3-8-450x253.jpg 450w, https:\/\/franciscanos.org.br\/noticias\/wp-content\/uploads\/2025\/09\/MATERIA3-8-1024x576.jpg 1024w, https:\/\/franciscanos.org.br\/noticias\/wp-content\/uploads\/2025\/09\/MATERIA3-8-768x432.jpg 768w, https:\/\/franciscanos.org.br\/noticias\/wp-content\/uploads\/2025\/09\/MATERIA3-8-150x84.jpg 150w\" sizes=\"(max-width: 1280px) 100vw, 1280px\" \/><\/p>\n<p data-start=\"1661\" data-end=\"1947\">A caminhada se tornou, assim, um verdadeiro exerc\u00edcio de ecologia integral, unindo espiritualidade, a\u00e7\u00e3o concreta e conviv\u00eancia fraterna. Foi um momento de ora\u00e7\u00e3o, de encontro comunit\u00e1rio, de partilha de dons e saberes, mas tamb\u00e9m de compromisso crist\u00e3o com a vida e com a Casa Comum.<\/p>\n<p data-start=\"1949\" data-end=\"2536\">Essa iniciativa se insere tamb\u00e9m no contexto maior das comemora\u00e7\u00f5es jubilares pelos 800 anos da composi\u00e7\u00e3o do <em data-start=\"2059\" data-end=\"2082\">C\u00e2ntico das Criaturas<\/em>, escrito por S\u00e3o Francisco de Assis em 1225. O Pobrezinho de Assis, em sua ora\u00e7\u00e3o-poesia, nos convida a reconhecer todas as criaturas como irm\u00e3s e irm\u00e3os: o sol, a lua, a \u00e1gua, a terra, o fogo, o vento&#8230; Tudo est\u00e1 ligado, tudo tem valor, tudo deve ser cuidado com gratid\u00e3o. Celebrar esse jubileu \u00e9, portanto, assumir a miss\u00e3o de continuar entoando esse c\u00e2ntico com a pr\u00f3pria vida, cuidando da natureza, promovendo a justi\u00e7a e sendo promotores da paz.<\/p>\n<p data-start=\"2538\" data-end=\"2928\"><img loading=\"lazy\" class=\"aligncenter wp-image-260587 size-full\" src=\"https:\/\/franciscanos.org.br\/noticias\/wp-content\/uploads\/2025\/09\/MATERIA2-14.jpg\" alt=\"\" width=\"1280\" height=\"720\" srcset=\"https:\/\/franciscanos.org.br\/noticias\/wp-content\/uploads\/2025\/09\/MATERIA2-14.jpg 1280w, https:\/\/franciscanos.org.br\/noticias\/wp-content\/uploads\/2025\/09\/MATERIA2-14-450x253.jpg 450w, https:\/\/franciscanos.org.br\/noticias\/wp-content\/uploads\/2025\/09\/MATERIA2-14-1024x576.jpg 1024w, https:\/\/franciscanos.org.br\/noticias\/wp-content\/uploads\/2025\/09\/MATERIA2-14-768x432.jpg 768w, https:\/\/franciscanos.org.br\/noticias\/wp-content\/uploads\/2025\/09\/MATERIA2-14-150x84.jpg 150w\" sizes=\"(max-width: 1280px) 100vw, 1280px\" \/><\/p>\n<p data-start=\"2538\" data-end=\"2928\">\u00c0 luz do testemunho de S\u00e3o Francisco, a Par\u00f3quia Santa Clara de Assis reafirma seu compromisso de evangelizar por meio do cuidado e de gestos que unem f\u00e9 e a\u00e7\u00e3o, ora\u00e7\u00e3o e transforma\u00e7\u00e3o. A Caminhada Ecol\u00f3gica 2025 foi mais do que um evento: foi um sinal concreto de esperan\u00e7a, que renova o chamado de Deus para sermos irm\u00e3os e irm\u00e3s de todas as criaturas e guardi\u00f5es atentos da Casa Comum.<\/p>\n<hr \/>\n<p><em>Texto: Irm\u00e3 Ana Cl\u00e1udia, CF\u00a0 \u2013 <\/em><em>Fotos: Yasmin Bevenuto<\/em><\/p>\n","protected":false},"excerpt":{"rendered":"<p>Tempo da Cria\u00e7\u00e3o<\/p>\n","protected":false},"author":11,"featured_media":260580,"comment_status":"open","ping_status":"open","sticky":false,"template":"","format":"standard","meta":[],"categories":[1],"tags":[2325,1897],"acf":[],"yoast_head":"<!-- This site is optimized with the Yoast SEO plugin v19.2 - https:\/\/yoast.com\/wordpress\/plugins\/seo\/ -->\n<title>Par\u00f3quia Santa Clara de Assis realiza Caminhada Ecol\u00f3gica, em Duque de Caxias - Not\u00edcias - Franciscanos<\/title>\n<meta name=\"robots\" content=\"index, follow, max-snippet:-1, max-image-preview:large, max-video-preview:-1\" \/>\n<link rel=\"canonical\" href=\"https:\/\/franciscanos.org.br\/noticias\/paroquia-santa-clara-de-assis-realiza-caminhada-ecologica-em-duque-de-caxias.html\" \/>\n<meta property=\"og:locale\" content=\"pt_BR\" \/>\n<meta property=\"og:type\" content=\"article\" \/>\n<meta property=\"og:title\" content=\"Par\u00f3quia Santa Clara de Assis realiza Caminhada Ecol\u00f3gica, em Duque de Caxias - Not\u00edcias - Franciscanos\" \/>\n<meta property=\"og:description\" content=\"Tempo da Cria\u00e7\u00e3o\" \/>\n<meta property=\"og:url\" content=\"https:\/\/franciscanos.org.br\/noticias\/paroquia-santa-clara-de-assis-realiza-caminhada-ecologica-em-duque-de-caxias.html\" \/>\n<meta property=\"og:site_name\" content=\"Not\u00edcias - Franciscanos\" \/>\n<meta property=\"article:published_time\" content=\"2025-09-29T14:29:30+00:00\" \/>\n<meta property=\"og:image\" content=\"https:\/\/franciscanos.org.br\/noticias\/wp-content\/uploads\/2025\/09\/CHAMADA-47.jpg\" \/>\n\t<meta property=\"og:image:width\" content=\"800\" \/>\n\t<meta property=\"og:image:height\" content=\"550\" \/>\n\t<meta property=\"og:image:type\" content=\"image\/jpeg\" \/>\n<meta name=\"author\" content=\"Adriana Rabelo\" \/>\n<meta name=\"twitter:card\" content=\"summary_large_image\" \/>\n<meta name=\"twitter:label1\" content=\"Escrito por\" \/>\n\t<meta name=\"twitter:data1\" content=\"Adriana Rabelo\" \/>\n\t<meta name=\"twitter:label2\" content=\"Est. tempo de leitura\" \/>\n\t<meta name=\"twitter:data2\" content=\"3 minutos\" \/>\n<script type=\"application\/ld+json\" class=\"yoast-schema-graph\">{\"@context\":\"https:\/\/schema.org\",\"@graph\":[{\"@type\":\"WebSite\",\"@id\":\"https:\/\/franciscanos.org.br\/noticias\/#website\",\"url\":\"https:\/\/franciscanos.org.br\/noticias\/\",\"name\":\"Not\u00edcias - Franciscanos\",\"description\":\"Prov\u00edncia Franciscana da Imaculada Concei\u00e7\u00e3o do Brasil - Ordem dos Frades Menores - OFM\",\"potentialAction\":[{\"@type\":\"SearchAction\",\"target\":{\"@type\":\"EntryPoint\",\"urlTemplate\":\"https:\/\/franciscanos.org.br\/noticias\/?s={search_term_string}\"},\"query-input\":\"required name=search_term_string\"}],\"inLanguage\":\"pt-BR\"},{\"@type\":\"ImageObject\",\"inLanguage\":\"pt-BR\",\"@id\":\"https:\/\/franciscanos.org.br\/noticias\/paroquia-santa-clara-de-assis-realiza-caminhada-ecologica-em-duque-de-caxias.html#primaryimage\",\"url\":\"https:\/\/franciscanos.org.br\/noticias\/wp-content\/uploads\/2025\/09\/CHAMADA-47.jpg\",\"contentUrl\":\"https:\/\/franciscanos.org.br\/noticias\/wp-content\/uploads\/2025\/09\/CHAMADA-47.jpg\",\"width\":800,\"height\":550},{\"@type\":\"WebPage\",\"@id\":\"https:\/\/franciscanos.org.br\/noticias\/paroquia-santa-clara-de-assis-realiza-caminhada-ecologica-em-duque-de-caxias.html#webpage\",\"url\":\"https:\/\/franciscanos.org.br\/noticias\/paroquia-santa-clara-de-assis-realiza-caminhada-ecologica-em-duque-de-caxias.html\",\"name\":\"Par\u00f3quia Santa Clara de Assis realiza Caminhada Ecol\u00f3gica, em Duque de Caxias - Not\u00edcias - Franciscanos\",\"isPartOf\":{\"@id\":\"https:\/\/franciscanos.org.br\/noticias\/#website\"},\"primaryImageOfPage\":{\"@id\":\"https:\/\/franciscanos.org.br\/noticias\/paroquia-santa-clara-de-assis-realiza-caminhada-ecologica-em-duque-de-caxias.html#primaryimage\"},\"datePublished\":\"2025-09-29T14:29:30+00:00\",\"dateModified\":\"2025-09-29T14:29:30+00:00\",\"author\":{\"@id\":\"https:\/\/franciscanos.org.br\/noticias\/#\/schema\/person\/d9422e83121c3ad3b0f423d195f5bb25\"},\"breadcrumb\":{\"@id\":\"https:\/\/franciscanos.org.br\/noticias\/paroquia-santa-clara-de-assis-realiza-caminhada-ecologica-em-duque-de-caxias.html#breadcrumb\"},\"inLanguage\":\"pt-BR\",\"potentialAction\":[{\"@type\":\"ReadAction\",\"target\":[\"https:\/\/franciscanos.org.br\/noticias\/paroquia-santa-clara-de-assis-realiza-caminhada-ecologica-em-duque-de-caxias.html\"]}]},{\"@type\":\"BreadcrumbList\",\"@id\":\"https:\/\/franciscanos.org.br\/noticias\/paroquia-santa-clara-de-assis-realiza-caminhada-ecologica-em-duque-de-caxias.html#breadcrumb\",\"itemListElement\":[{\"@type\":\"ListItem\",\"position\":1,\"name\":\"Home\",\"item\":\"https:\/\/franciscanos.org.br\/noticias\"},{\"@type\":\"ListItem\",\"position\":2,\"name\":\"Par\u00f3quia Santa Clara de Assis realiza Caminhada Ecol\u00f3gica, em Duque de Caxias\"}]},{\"@type\":\"Person\",\"@id\":\"https:\/\/franciscanos.org.br\/noticias\/#\/schema\/person\/d9422e83121c3ad3b0f423d195f5bb25\",\"name\":\"Adriana Rabelo\",\"image\":{\"@type\":\"ImageObject\",\"inLanguage\":\"pt-BR\",\"@id\":\"https:\/\/franciscanos.org.br\/noticias\/#\/schema\/person\/image\/\",\"url\":\"https:\/\/secure.gravatar.com\/avatar\/0a937b7500cd7df77540cfb8bede877d?s=96&d=mm&r=g\",\"contentUrl\":\"https:\/\/secure.gravatar.com\/avatar\/0a937b7500cd7df77540cfb8bede877d?s=96&d=mm&r=g\",\"caption\":\"Adriana Rabelo\"},\"url\":\"https:\/\/franciscanos.org.br\/noticias\/author\/adrianarabelo\"}]}<\/script>\n<!-- \/ Yoast SEO plugin. -->","yoast_head_json":{"title":"Par\u00f3quia Santa Clara de Assis realiza Caminhada Ecol\u00f3gica, em Duque de Caxias - Not\u00edcias - Franciscanos","robots":{"index":"index","follow":"follow","max-snippet":"max-snippet:-1","max-image-preview":"max-image-preview:large","max-video-preview":"max-video-preview:-1"},"canonical":"https:\/\/franciscanos.org.br\/noticias\/paroquia-santa-clara-de-assis-realiza-caminhada-ecologica-em-duque-de-caxias.html","og_locale":"pt_BR","og_type":"article","og_title":"Par\u00f3quia Santa Clara de Assis realiza Caminhada Ecol\u00f3gica, em Duque de Caxias - Not\u00edcias - Franciscanos","og_description":"Tempo da Cria\u00e7\u00e3o","og_url":"https:\/\/franciscanos.org.br\/noticias\/paroquia-santa-clara-de-assis-realiza-caminhada-ecologica-em-duque-de-caxias.html","og_site_name":"Not\u00edcias - Franciscanos","article_published_time":"2025-09-29T14:29:30+00:00","og_image":[{"width":800,"height":550,"url":"https:\/\/franciscanos.org.br\/noticias\/wp-content\/uploads\/2025\/09\/CHAMADA-47.jpg","type":"image\/jpeg"}],"author":"Adriana Rabelo","twitter_card":"summary_large_image","twitter_misc":{"Escrito por":"Adriana Rabelo","Est. tempo de leitura":"3 minutos"},"schema":{"@context":"https:\/\/schema.org","@graph":[{"@type":"WebSite","@id":"https:\/\/franciscanos.org.br\/noticias\/#website","url":"https:\/\/franciscanos.org.br\/noticias\/","name":"Not\u00edcias - Franciscanos","description":"Prov\u00edncia Franciscana da Imaculada Concei\u00e7\u00e3o do Brasil - Ordem dos Frades Menores - OFM","potentialAction":[{"@type":"SearchAction","target":{"@type":"EntryPoint","urlTemplate":"https:\/\/franciscanos.org.br\/noticias\/?s={search_term_string}"},"query-input":"required name=search_term_string"}],"inLanguage":"pt-BR"},{"@type":"ImageObject","inLanguage":"pt-BR","@id":"https:\/\/franciscanos.org.br\/noticias\/paroquia-santa-clara-de-assis-realiza-caminhada-ecologica-em-duque-de-caxias.html#primaryimage","url":"https:\/\/franciscanos.org.br\/noticias\/wp-content\/uploads\/2025\/09\/CHAMADA-47.jpg","contentUrl":"https:\/\/franciscanos.org.br\/noticias\/wp-content\/uploads\/2025\/09\/CHAMADA-47.jpg","width":800,"height":550},{"@type":"WebPage","@id":"https:\/\/franciscanos.org.br\/noticias\/paroquia-santa-clara-de-assis-realiza-caminhada-ecologica-em-duque-de-caxias.html#webpage","url":"https:\/\/franciscanos.org.br\/noticias\/paroquia-santa-clara-de-assis-realiza-caminhada-ecologica-em-duque-de-caxias.html","name":"Par\u00f3quia Santa Clara de Assis realiza Caminhada Ecol\u00f3gica, em Duque de Caxias - Not\u00edcias - Franciscanos","isPartOf":{"@id":"https:\/\/franciscanos.org.br\/noticias\/#website"},"primaryImageOfPage":{"@id":"https:\/\/franciscanos.org.br\/noticias\/paroquia-santa-clara-de-assis-realiza-caminhada-ecologica-em-duque-de-caxias.html#primaryimage"},"datePublished":"2025-09-29T14:29:30+00:00","dateModified":"2025-09-29T14:29:30+00:00","author":{"@id":"https:\/\/franciscanos.org.br\/noticias\/#\/schema\/person\/d9422e83121c3ad3b0f423d195f5bb25"},"breadcrumb":{"@id":"https:\/\/franciscanos.org.br\/noticias\/paroquia-santa-clara-de-assis-realiza-caminhada-ecologica-em-duque-de-caxias.html#breadcrumb"},"inLanguage":"pt-BR","potentialAction":[{"@type":"ReadAction","target":["https:\/\/franciscanos.org.br\/noticias\/paroquia-santa-clara-de-assis-realiza-caminhada-ecologica-em-duque-de-caxias.html"]}]},{"@type":"BreadcrumbList","@id":"https:\/\/franciscanos.org.br\/noticias\/paroquia-santa-clara-de-assis-realiza-caminhada-ecologica-em-duque-de-caxias.html#breadcrumb","itemListElement":[{"@type":"ListItem","position":1,"name":"Home","item":"https:\/\/franciscanos.org.br\/noticias"},{"@type":"ListItem","position":2,"name":"Par\u00f3quia Santa Clara de Assis realiza Caminhada Ecol\u00f3gica, em Duque de Caxias"}]},{"@type":"Person","@id":"https:\/\/franciscanos.org.br\/noticias\/#\/schema\/person\/d9422e83121c3ad3b0f423d195f5bb25","name":"Adriana Rabelo","image":{"@type":"ImageObject","inLanguage":"pt-BR","@id":"https:\/\/franciscanos.org.br\/noticias\/#\/schema\/person\/image\/","url":"https:\/\/secure.gravatar.com\/avatar\/0a937b7500cd7df77540cfb8bede877d?s=96&d=mm&r=g","contentUrl":"https:\/\/secure.gravatar.com\/avatar\/0a937b7500cd7df77540cfb8bede877d?s=96&d=mm&r=g","caption":"Adriana Rabelo"},"url":"https:\/\/franciscanos.org.br\/noticias\/author\/adrianarabelo"}]}},"_links":{"self":[{"href":"https:\/\/franciscanos.org.br\/noticias\/wp-json\/wp\/v2\/posts\/260578"}],"collection":[{"href":"https:\/\/franciscanos.org.br\/noticias\/wp-json\/wp\/v2\/posts"}],"about":[{"href":"https:\/\/franciscanos.org.br\/noticias\/wp-json\/wp\/v2\/types\/post"}],"author":[{"embeddable":true,"href":"https:\/\/franciscanos.org.br\/noticias\/wp-json\/wp\/v2\/users\/11"}],"replies":[{"embeddable":true,"href":"https:\/\/franciscanos.org.br\/noticias\/wp-json\/wp\/v2\/comments?post=260578"}],"version-history":[{"count":1,"href":"https:\/\/franciscanos.org.br\/noticias\/wp-json\/wp\/v2\/posts\/260578\/revisions"}],"predecessor-version":[{"id":260588,"href":"https:\/\/franciscanos.org.br\/noticias\/wp-json\/wp\/v2\/posts\/260578\/revisions\/260588"}],"wp:featuredmedia":[{"embeddable":true,"href":"https:\/\/franciscanos.org.br\/noticias\/wp-json\/wp\/v2\/media\/260580"}],"wp:attachment":[{"href":"https:\/\/franciscanos.org.br\/noticias\/wp-json\/wp\/v2\/media?parent=260578"}],"wp:term":[{"taxonomy":"category","embeddable":true,"href":"https:\/\/franciscanos.org.br\/noticias\/wp-json\/wp\/v2\/categories?post=260578"},{"taxonomy":"post_tag","embeddable":true,"href":"https:\/\/franciscanos.org.br\/noticias\/wp-json\/wp\/v2\/tags?post=260578"}],"curies":[{"name":"wp","href":"https:\/\/api.w.org\/{rel}","templated":true}]}}