{"id":260532,"date":"2025-09-29T09:17:16","date_gmt":"2025-09-29T12:17:16","guid":{"rendered":"https:\/\/franciscanos.org.br\/noticias\/?p=260532"},"modified":"2025-09-29T09:17:16","modified_gmt":"2025-09-29T12:17:16","slug":"constancia-e-perseveranca-frei-marcelo-confirma-seu-sim-definitivo-a-deus-na-profissao-solene","status":"publish","type":"post","link":"https:\/\/franciscanos.org.br\/noticias\/constancia-e-perseveranca-frei-marcelo-confirma-seu-sim-definitivo-a-deus-na-profissao-solene.html","title":{"rendered":"Const\u00e2ncia e perseveran\u00e7a: Frei Marcelo confirma seu \u201csim\u201d definitivo a Deus na Profiss\u00e3o Solene"},"content":{"rendered":"<p><img loading=\"lazy\" class=\"aligncenter wp-image-260533 size-full\" src=\"https:\/\/franciscanos.org.br\/noticias\/wp-content\/uploads\/2025\/09\/materia-1-32.jpg\" alt=\"\" width=\"1280\" height=\"720\" srcset=\"https:\/\/franciscanos.org.br\/noticias\/wp-content\/uploads\/2025\/09\/materia-1-32.jpg 1280w, https:\/\/franciscanos.org.br\/noticias\/wp-content\/uploads\/2025\/09\/materia-1-32-450x253.jpg 450w, https:\/\/franciscanos.org.br\/noticias\/wp-content\/uploads\/2025\/09\/materia-1-32-1024x576.jpg 1024w, https:\/\/franciscanos.org.br\/noticias\/wp-content\/uploads\/2025\/09\/materia-1-32-768x432.jpg 768w, https:\/\/franciscanos.org.br\/noticias\/wp-content\/uploads\/2025\/09\/materia-1-32-150x84.jpg 150w\" sizes=\"(max-width: 1280px) 100vw, 1280px\" \/><\/p>\n<p>A Fraternidade do Sagrado Cora\u00e7\u00e3o de Jesus, em Petr\u00f3polis (RJ), foi novamente cen\u00e1rio de alegria e esperan\u00e7a neste s\u00e1bado, 27 de setembro, ao celebrar a Profiss\u00e3o Solene de Frei Marcelo Tadeu da Silva Cardoso.<\/p>\n<p>A celebra\u00e7\u00e3o marcou o compromisso definitivo de Frei Marcelo com a Ordem dos Frades Menores, atrav\u00e9s dos votos de obedi\u00eancia, sem nada de pr\u00f3prio e castidade, vividos segundo o Evangelho e \u00e0 maneira de S\u00e3o Francisco de Assis. Inspirado pela frase da Legenda Maior de S\u00e3o Boaventura \u2013 \u201cComecemos, irm\u00e3os, pois at\u00e9 agora pouco ou nada fizemos\u201d (LM 14,1) \u2013 Frei Marcelo expressou em sua profiss\u00e3o o desejo de recome\u00e7ar diariamente na busca de fidelidade ao chamado de Deus, abra\u00e7ando com ardor o seguimento de Jesus Cristo.<\/p>\n\n\t\t<style type=\"text\/css\">\n\t\t\t#gallery-1 {\n\t\t\t\tmargin: auto;\n\t\t\t}\n\t\t\t#gallery-1 .gallery-item {\n\t\t\t\tfloat: left;\n\t\t\t\tmargin-top: 10px;\n\t\t\t\ttext-align: center;\n\t\t\t\twidth: 33%;\n\t\t\t}\n\t\t\t#gallery-1 img {\n\t\t\t\tborder: 2px solid #cfcfcf;\n\t\t\t}\n\t\t\t#gallery-1 .gallery-caption {\n\t\t\t\tmargin-left: 0;\n\t\t\t}\n\t\t\t\/* see gallery_shortcode() in wp-includes\/media.php *\/\n\t\t<\/style>\n\t\t<div id='gallery-1' class='gallery galleryid-260532 gallery-columns-3 gallery-size-thumbnail'><dl class='gallery-item'>\n\t\t\t<dt class='gallery-icon landscape'>\n\t\t\t\t<a href='https:\/\/franciscanos.org.br\/noticias\/wp-content\/uploads\/2025\/09\/PROFISSAO-SOLENE-FREI-MARCELO-5.jpg'><img width=\"300\" height=\"300\" src=\"https:\/\/franciscanos.org.br\/noticias\/wp-content\/uploads\/2025\/09\/PROFISSAO-SOLENE-FREI-MARCELO-5-300x300.jpg\" class=\"attachment-thumbnail size-thumbnail\" alt=\"\" loading=\"lazy\" srcset=\"https:\/\/franciscanos.org.br\/noticias\/wp-content\/uploads\/2025\/09\/PROFISSAO-SOLENE-FREI-MARCELO-5-300x300.jpg 300w, https:\/\/franciscanos.org.br\/noticias\/wp-content\/uploads\/2025\/09\/PROFISSAO-SOLENE-FREI-MARCELO-5-100x100.jpg 100w\" sizes=\"(max-width: 300px) 100vw, 300px\" \/><\/a>\n\t\t\t<\/dt><\/dl><dl class='gallery-item'>\n\t\t\t<dt class='gallery-icon landscape'>\n\t\t\t\t<a href='https:\/\/franciscanos.org.br\/noticias\/wp-content\/uploads\/2025\/09\/PROFISSAO-SOLENE-FREI-MARCELO-4.jpg'><img width=\"300\" height=\"300\" src=\"https:\/\/franciscanos.org.br\/noticias\/wp-content\/uploads\/2025\/09\/PROFISSAO-SOLENE-FREI-MARCELO-4-300x300.jpg\" class=\"attachment-thumbnail size-thumbnail\" alt=\"\" loading=\"lazy\" srcset=\"https:\/\/franciscanos.org.br\/noticias\/wp-content\/uploads\/2025\/09\/PROFISSAO-SOLENE-FREI-MARCELO-4-300x300.jpg 300w, https:\/\/franciscanos.org.br\/noticias\/wp-content\/uploads\/2025\/09\/PROFISSAO-SOLENE-FREI-MARCELO-4-100x100.jpg 100w\" sizes=\"(max-width: 300px) 100vw, 300px\" \/><\/a>\n\t\t\t<\/dt><\/dl><dl class='gallery-item'>\n\t\t\t<dt class='gallery-icon landscape'>\n\t\t\t\t<a href='https:\/\/franciscanos.org.br\/noticias\/wp-content\/uploads\/2025\/09\/PROFISSAO-SOLENE-FREI-MARCELO-2.jpg'><img width=\"300\" height=\"300\" src=\"https:\/\/franciscanos.org.br\/noticias\/wp-content\/uploads\/2025\/09\/PROFISSAO-SOLENE-FREI-MARCELO-2-300x300.jpg\" class=\"attachment-thumbnail size-thumbnail\" alt=\"\" loading=\"lazy\" srcset=\"https:\/\/franciscanos.org.br\/noticias\/wp-content\/uploads\/2025\/09\/PROFISSAO-SOLENE-FREI-MARCELO-2-300x300.jpg 300w, https:\/\/franciscanos.org.br\/noticias\/wp-content\/uploads\/2025\/09\/PROFISSAO-SOLENE-FREI-MARCELO-2-100x100.jpg 100w\" sizes=\"(max-width: 300px) 100vw, 300px\" \/><\/a>\n\t\t\t<\/dt><\/dl><br style=\"clear: both\" \/>\n\t\t<\/div>\n\n<p>A celebra\u00e7\u00e3o foi presidida pelo Ministro provincial, Frei Paulo Roberto Pereira, e contou com a presen\u00e7a de frades de diversas fraternidades, religiosos e religiosas, familiares, amigos e fi\u00e9is vindos de diferentes localidades. A liturgia foi enriquecida pela participa\u00e7\u00e3o especial do Coral das Meninas dos Canarinhos de Petr\u00f3polis, que abrilhantou a celebra\u00e7\u00e3o com a delicadeza e a for\u00e7a da m\u00fasica sacra.<\/p>\n<p>Durante a celebra\u00e7\u00e3o, ap\u00f3s a proclama\u00e7\u00e3o do Evangelho, o mestre de forma\u00e7\u00e3o, Frei Gilberto da Silva, apresentou um breve hist\u00f3rico vocacional do professando. Em seguida, chamado pelo nome, Frei Marcelo respondeu ao seu \u201cAqui estou!\u201d, manifestando \u00e0 Fraternidade e \u00e0 Igreja o seu desejo de entregar-se plenamente ao Senhor.<\/p>\n<p>Em sua homilia, Frei Paulo destacou a beleza do chamado de Frei Marcelo e a dimens\u00e3o profunda do seu compromisso definitivo:<\/p>\n<p>\u201cConst\u00e2ncia, perseveran\u00e7a, deixarmo-nos mover pelo Esp\u00edrito do Senhor e, a partir do seu santo modo de operar, desejar de Deus e cultivar diariamente a const\u00e2ncia. A profiss\u00e3o solene, portanto, nesse contexto, ela n\u00e3o \u00e9 ponto de chegada, \u00e9 ponto de partida, Marcelo. A partir daqui, mais intensidade na conviv\u00eancia fraterna, mais intensidade na dedica\u00e7\u00e3o solid\u00e1ria com os pobres, mais intensidade no cultivo da forma\u00e7\u00e3o pessoal em vista do servi\u00e7o aos demais. Const\u00e2ncia, perseveran\u00e7a.\u201d<\/p>\n\n\t\t<style type=\"text\/css\">\n\t\t\t#gallery-2 {\n\t\t\t\tmargin: auto;\n\t\t\t}\n\t\t\t#gallery-2 .gallery-item {\n\t\t\t\tfloat: left;\n\t\t\t\tmargin-top: 10px;\n\t\t\t\ttext-align: center;\n\t\t\t\twidth: 20%;\n\t\t\t}\n\t\t\t#gallery-2 img {\n\t\t\t\tborder: 2px solid #cfcfcf;\n\t\t\t}\n\t\t\t#gallery-2 .gallery-caption {\n\t\t\t\tmargin-left: 0;\n\t\t\t}\n\t\t\t\/* see gallery_shortcode() in wp-includes\/media.php *\/\n\t\t<\/style>\n\t\t<div id='gallery-2' class='gallery galleryid-260532 gallery-columns-5 gallery-size-thumbnail'><dl class='gallery-item'>\n\t\t\t<dt class='gallery-icon landscape'>\n\t\t\t\t<a href='https:\/\/franciscanos.org.br\/noticias\/wp-content\/uploads\/2025\/09\/PROFISSAO-SOLENE-FREI-MARCELO-8.jpg'><img width=\"300\" height=\"300\" src=\"https:\/\/franciscanos.org.br\/noticias\/wp-content\/uploads\/2025\/09\/PROFISSAO-SOLENE-FREI-MARCELO-8-300x300.jpg\" class=\"attachment-thumbnail size-thumbnail\" alt=\"\" loading=\"lazy\" srcset=\"https:\/\/franciscanos.org.br\/noticias\/wp-content\/uploads\/2025\/09\/PROFISSAO-SOLENE-FREI-MARCELO-8-300x300.jpg 300w, https:\/\/franciscanos.org.br\/noticias\/wp-content\/uploads\/2025\/09\/PROFISSAO-SOLENE-FREI-MARCELO-8-100x100.jpg 100w\" sizes=\"(max-width: 300px) 100vw, 300px\" \/><\/a>\n\t\t\t<\/dt><\/dl><dl class='gallery-item'>\n\t\t\t<dt class='gallery-icon landscape'>\n\t\t\t\t<a href='https:\/\/franciscanos.org.br\/noticias\/wp-content\/uploads\/2025\/09\/PROFISSAO-SOLENE-FREI-MARCELO-10.jpg'><img width=\"300\" height=\"300\" src=\"https:\/\/franciscanos.org.br\/noticias\/wp-content\/uploads\/2025\/09\/PROFISSAO-SOLENE-FREI-MARCELO-10-300x300.jpg\" class=\"attachment-thumbnail size-thumbnail\" alt=\"\" loading=\"lazy\" srcset=\"https:\/\/franciscanos.org.br\/noticias\/wp-content\/uploads\/2025\/09\/PROFISSAO-SOLENE-FREI-MARCELO-10-300x300.jpg 300w, https:\/\/franciscanos.org.br\/noticias\/wp-content\/uploads\/2025\/09\/PROFISSAO-SOLENE-FREI-MARCELO-10-100x100.jpg 100w\" sizes=\"(max-width: 300px) 100vw, 300px\" \/><\/a>\n\t\t\t<\/dt><\/dl><dl class='gallery-item'>\n\t\t\t<dt class='gallery-icon landscape'>\n\t\t\t\t<a href='https:\/\/franciscanos.org.br\/noticias\/wp-content\/uploads\/2025\/09\/PROFISSAO-SOLENE-FREI-MARCELO-4.jpg'><img width=\"300\" height=\"300\" src=\"https:\/\/franciscanos.org.br\/noticias\/wp-content\/uploads\/2025\/09\/PROFISSAO-SOLENE-FREI-MARCELO-4-300x300.jpg\" class=\"attachment-thumbnail size-thumbnail\" alt=\"\" loading=\"lazy\" srcset=\"https:\/\/franciscanos.org.br\/noticias\/wp-content\/uploads\/2025\/09\/PROFISSAO-SOLENE-FREI-MARCELO-4-300x300.jpg 300w, https:\/\/franciscanos.org.br\/noticias\/wp-content\/uploads\/2025\/09\/PROFISSAO-SOLENE-FREI-MARCELO-4-100x100.jpg 100w\" sizes=\"(max-width: 300px) 100vw, 300px\" \/><\/a>\n\t\t\t<\/dt><\/dl><dl class='gallery-item'>\n\t\t\t<dt class='gallery-icon landscape'>\n\t\t\t\t<a href='https:\/\/franciscanos.org.br\/noticias\/wp-content\/uploads\/2025\/09\/PROFISSAO-SOLENE-FREI-MARCELO-13.jpg'><img width=\"300\" height=\"300\" src=\"https:\/\/franciscanos.org.br\/noticias\/wp-content\/uploads\/2025\/09\/PROFISSAO-SOLENE-FREI-MARCELO-13-300x300.jpg\" class=\"attachment-thumbnail size-thumbnail\" alt=\"\" loading=\"lazy\" srcset=\"https:\/\/franciscanos.org.br\/noticias\/wp-content\/uploads\/2025\/09\/PROFISSAO-SOLENE-FREI-MARCELO-13-300x300.jpg 300w, https:\/\/franciscanos.org.br\/noticias\/wp-content\/uploads\/2025\/09\/PROFISSAO-SOLENE-FREI-MARCELO-13-100x100.jpg 100w\" sizes=\"(max-width: 300px) 100vw, 300px\" \/><\/a>\n\t\t\t<\/dt><\/dl><dl class='gallery-item'>\n\t\t\t<dt class='gallery-icon landscape'>\n\t\t\t\t<a href='https:\/\/franciscanos.org.br\/noticias\/wp-content\/uploads\/2025\/09\/PROFISSAO-SOLENE-FREI-MARCELO-14.jpg'><img width=\"300\" height=\"300\" src=\"https:\/\/franciscanos.org.br\/noticias\/wp-content\/uploads\/2025\/09\/PROFISSAO-SOLENE-FREI-MARCELO-14-300x300.jpg\" class=\"attachment-thumbnail size-thumbnail\" alt=\"\" loading=\"lazy\" srcset=\"https:\/\/franciscanos.org.br\/noticias\/wp-content\/uploads\/2025\/09\/PROFISSAO-SOLENE-FREI-MARCELO-14-300x300.jpg 300w, https:\/\/franciscanos.org.br\/noticias\/wp-content\/uploads\/2025\/09\/PROFISSAO-SOLENE-FREI-MARCELO-14-100x100.jpg 100w\" sizes=\"(max-width: 300px) 100vw, 300px\" \/><\/a>\n\t\t\t<\/dt><\/dl><br style=\"clear: both\" \/>\n\t\t<\/div>\n\n<p>Ao final da celebra\u00e7\u00e3o, Frei Marcelo expressou palavras de agradecimento \u00e0 fam\u00edlia, aos confrades e \u00e0 Fraternidade:<\/p>\n<p>\u201cComecemos, irm\u00e3os, que pouco ou nada fizemos. Vivi ao longo de uma breve caminhada um intenso recome\u00e7o: quedas, trope\u00e7os, at\u00e9 algumas mancadas, mas sempre encontrei o amparo divino e, principalmente, fraterno por onde passei. As fraternidades que me acolheram \u2013 e aos irm\u00e3os que o Senhor me deu e me d\u00e1 \u2013 manifestam sempre a Sua miseric\u00f3rdia, o Seu amor, o Seu cuidado. Por isso, eu quero pedir a cada um de voc\u00eas que rezem por mim. Rezem para que eu tenha a gra\u00e7a da perseveran\u00e7a, a gra\u00e7a da fidelidade e que eu nunca me canse de recome\u00e7ar, de lutar e de ser constante. Paz e Bem!\u201d<\/p>\n<p><img loading=\"lazy\" class=\"aligncenter wp-image-260534 size-full\" src=\"https:\/\/franciscanos.org.br\/noticias\/wp-content\/uploads\/2025\/09\/materia2-12.jpg\" alt=\"\" width=\"1280\" height=\"720\" srcset=\"https:\/\/franciscanos.org.br\/noticias\/wp-content\/uploads\/2025\/09\/materia2-12.jpg 1280w, https:\/\/franciscanos.org.br\/noticias\/wp-content\/uploads\/2025\/09\/materia2-12-450x253.jpg 450w, https:\/\/franciscanos.org.br\/noticias\/wp-content\/uploads\/2025\/09\/materia2-12-1024x576.jpg 1024w, https:\/\/franciscanos.org.br\/noticias\/wp-content\/uploads\/2025\/09\/materia2-12-768x432.jpg 768w, https:\/\/franciscanos.org.br\/noticias\/wp-content\/uploads\/2025\/09\/materia2-12-150x84.jpg 150w\" sizes=\"(max-width: 1280px) 100vw, 1280px\" \/><\/p>\n<p>Com a Profiss\u00e3o Solene, Frei Marcelo torna-se definitivamente membro da Prov\u00edncia Franciscana da Imaculada Concei\u00e7\u00e3o do Brasil, que neste ano completa 350 anos, assumindo de forma p\u00fablica e perp\u00e9tua sua entrega a Deus, \u00e0 Igreja e \u00e0 fraternidade. O gesto testemunha para toda a comunidade crist\u00e3 que vale a pena seguir Jesus Cristo com radicalidade, \u00e0 maneira de S\u00e3o Francisco de Assis.<\/p>\n<p><img loading=\"lazy\" class=\"aligncenter wp-image-260536 size-full\" src=\"https:\/\/franciscanos.org.br\/noticias\/wp-content\/uploads\/2025\/09\/materia7.jpg\" alt=\"\" width=\"1280\" height=\"720\" srcset=\"https:\/\/franciscanos.org.br\/noticias\/wp-content\/uploads\/2025\/09\/materia7.jpg 1280w, https:\/\/franciscanos.org.br\/noticias\/wp-content\/uploads\/2025\/09\/materia7-450x253.jpg 450w, https:\/\/franciscanos.org.br\/noticias\/wp-content\/uploads\/2025\/09\/materia7-1024x576.jpg 1024w, https:\/\/franciscanos.org.br\/noticias\/wp-content\/uploads\/2025\/09\/materia7-768x432.jpg 768w, https:\/\/franciscanos.org.br\/noticias\/wp-content\/uploads\/2025\/09\/materia7-150x84.jpg 150w\" sizes=\"(max-width: 1280px) 100vw, 1280px\" \/><\/p>\n<hr \/>\n<p>Texto: Frei Gabriel Nogueira\/ Fotos: Frei Bruno Cez\u00e1rio<\/p>\n\n\t\t<style type=\"text\/css\">\n\t\t\t#gallery-3 {\n\t\t\t\tmargin: auto;\n\t\t\t}\n\t\t\t#gallery-3 .gallery-item {\n\t\t\t\tfloat: left;\n\t\t\t\tmargin-top: 10px;\n\t\t\t\ttext-align: center;\n\t\t\t\twidth: 33%;\n\t\t\t}\n\t\t\t#gallery-3 img {\n\t\t\t\tborder: 2px solid #cfcfcf;\n\t\t\t}\n\t\t\t#gallery-3 .gallery-caption {\n\t\t\t\tmargin-left: 0;\n\t\t\t}\n\t\t\t\/* see gallery_shortcode() in wp-includes\/media.php *\/\n\t\t<\/style>\n\t\t<div id='gallery-3' class='gallery galleryid-260532 gallery-columns-3 gallery-size-thumbnail'><dl class='gallery-item'>\n\t\t\t<dt class='gallery-icon landscape'>\n\t\t\t\t<a href='https:\/\/franciscanos.org.br\/noticias\/wp-content\/uploads\/2025\/09\/PROFISSAO-SOLENE-FREI-MARCELO-5-1.jpg'><img width=\"300\" height=\"300\" src=\"https:\/\/franciscanos.org.br\/noticias\/wp-content\/uploads\/2025\/09\/PROFISSAO-SOLENE-FREI-MARCELO-5-1-300x300.jpg\" class=\"attachment-thumbnail size-thumbnail\" alt=\"\" loading=\"lazy\" srcset=\"https:\/\/franciscanos.org.br\/noticias\/wp-content\/uploads\/2025\/09\/PROFISSAO-SOLENE-FREI-MARCELO-5-1-300x300.jpg 300w, https:\/\/franciscanos.org.br\/noticias\/wp-content\/uploads\/2025\/09\/PROFISSAO-SOLENE-FREI-MARCELO-5-1-100x100.jpg 100w\" sizes=\"(max-width: 300px) 100vw, 300px\" \/><\/a>\n\t\t\t<\/dt><\/dl><dl class='gallery-item'>\n\t\t\t<dt class='gallery-icon landscape'>\n\t\t\t\t<a href='https:\/\/franciscanos.org.br\/noticias\/wp-content\/uploads\/2025\/09\/PROFISSAO-SOLENE-FREI-MARCELO-6.jpg'><img width=\"300\" height=\"300\" src=\"https:\/\/franciscanos.org.br\/noticias\/wp-content\/uploads\/2025\/09\/PROFISSAO-SOLENE-FREI-MARCELO-6-300x300.jpg\" class=\"attachment-thumbnail size-thumbnail\" alt=\"\" loading=\"lazy\" srcset=\"https:\/\/franciscanos.org.br\/noticias\/wp-content\/uploads\/2025\/09\/PROFISSAO-SOLENE-FREI-MARCELO-6-300x300.jpg 300w, https:\/\/franciscanos.org.br\/noticias\/wp-content\/uploads\/2025\/09\/PROFISSAO-SOLENE-FREI-MARCELO-6-100x100.jpg 100w\" sizes=\"(max-width: 300px) 100vw, 300px\" \/><\/a>\n\t\t\t<\/dt><\/dl><dl class='gallery-item'>\n\t\t\t<dt class='gallery-icon landscape'>\n\t\t\t\t<a href='https:\/\/franciscanos.org.br\/noticias\/wp-content\/uploads\/2025\/09\/PROFISSAO-SOLENE-FREI-MARCELO-7.jpg'><img width=\"300\" height=\"300\" src=\"https:\/\/franciscanos.org.br\/noticias\/wp-content\/uploads\/2025\/09\/PROFISSAO-SOLENE-FREI-MARCELO-7-300x300.jpg\" class=\"attachment-thumbnail size-thumbnail\" alt=\"\" loading=\"lazy\" srcset=\"https:\/\/franciscanos.org.br\/noticias\/wp-content\/uploads\/2025\/09\/PROFISSAO-SOLENE-FREI-MARCELO-7-300x300.jpg 300w, https:\/\/franciscanos.org.br\/noticias\/wp-content\/uploads\/2025\/09\/PROFISSAO-SOLENE-FREI-MARCELO-7-100x100.jpg 100w\" sizes=\"(max-width: 300px) 100vw, 300px\" \/><\/a>\n\t\t\t<\/dt><\/dl><br style=\"clear: both\" \/><dl class='gallery-item'>\n\t\t\t<dt class='gallery-icon landscape'>\n\t\t\t\t<a href='https:\/\/franciscanos.org.br\/noticias\/wp-content\/uploads\/2025\/09\/PROFISSAO-SOLENE-FREI-MARCELO-18.jpg'><img width=\"300\" height=\"300\" src=\"https:\/\/franciscanos.org.br\/noticias\/wp-content\/uploads\/2025\/09\/PROFISSAO-SOLENE-FREI-MARCELO-18-300x300.jpg\" class=\"attachment-thumbnail size-thumbnail\" alt=\"\" loading=\"lazy\" srcset=\"https:\/\/franciscanos.org.br\/noticias\/wp-content\/uploads\/2025\/09\/PROFISSAO-SOLENE-FREI-MARCELO-18-300x300.jpg 300w, https:\/\/franciscanos.org.br\/noticias\/wp-content\/uploads\/2025\/09\/PROFISSAO-SOLENE-FREI-MARCELO-18-100x100.jpg 100w\" sizes=\"(max-width: 300px) 100vw, 300px\" \/><\/a>\n\t\t\t<\/dt><\/dl><dl class='gallery-item'>\n\t\t\t<dt class='gallery-icon landscape'>\n\t\t\t\t<a href='https:\/\/franciscanos.org.br\/noticias\/wp-content\/uploads\/2025\/09\/PROFISSAO-SOLENE-FREI-MARCELO-19.jpg'><img width=\"300\" height=\"300\" src=\"https:\/\/franciscanos.org.br\/noticias\/wp-content\/uploads\/2025\/09\/PROFISSAO-SOLENE-FREI-MARCELO-19-300x300.jpg\" class=\"attachment-thumbnail size-thumbnail\" alt=\"\" loading=\"lazy\" srcset=\"https:\/\/franciscanos.org.br\/noticias\/wp-content\/uploads\/2025\/09\/PROFISSAO-SOLENE-FREI-MARCELO-19-300x300.jpg 300w, https:\/\/franciscanos.org.br\/noticias\/wp-content\/uploads\/2025\/09\/PROFISSAO-SOLENE-FREI-MARCELO-19-100x100.jpg 100w\" sizes=\"(max-width: 300px) 100vw, 300px\" \/><\/a>\n\t\t\t<\/dt><\/dl><dl class='gallery-item'>\n\t\t\t<dt class='gallery-icon landscape'>\n\t\t\t\t<a href='https:\/\/franciscanos.org.br\/noticias\/wp-content\/uploads\/2025\/09\/PROFISSAO-SOLENE-FREI-MARCELO-20.jpg'><img width=\"300\" height=\"300\" src=\"https:\/\/franciscanos.org.br\/noticias\/wp-content\/uploads\/2025\/09\/PROFISSAO-SOLENE-FREI-MARCELO-20-300x300.jpg\" class=\"attachment-thumbnail size-thumbnail\" alt=\"\" loading=\"lazy\" srcset=\"https:\/\/franciscanos.org.br\/noticias\/wp-content\/uploads\/2025\/09\/PROFISSAO-SOLENE-FREI-MARCELO-20-300x300.jpg 300w, https:\/\/franciscanos.org.br\/noticias\/wp-content\/uploads\/2025\/09\/PROFISSAO-SOLENE-FREI-MARCELO-20-100x100.jpg 100w\" sizes=\"(max-width: 300px) 100vw, 300px\" \/><\/a>\n\t\t\t<\/dt><\/dl><br style=\"clear: both\" \/><dl class='gallery-item'>\n\t\t\t<dt class='gallery-icon landscape'>\n\t\t\t\t<a href='https:\/\/franciscanos.org.br\/noticias\/wp-content\/uploads\/2025\/09\/PROFISSAO-SOLENE-FREI-MARCELO-16.jpg'><img width=\"300\" height=\"300\" src=\"https:\/\/franciscanos.org.br\/noticias\/wp-content\/uploads\/2025\/09\/PROFISSAO-SOLENE-FREI-MARCELO-16-300x300.jpg\" class=\"attachment-thumbnail size-thumbnail\" alt=\"\" loading=\"lazy\" srcset=\"https:\/\/franciscanos.org.br\/noticias\/wp-content\/uploads\/2025\/09\/PROFISSAO-SOLENE-FREI-MARCELO-16-300x300.jpg 300w, https:\/\/franciscanos.org.br\/noticias\/wp-content\/uploads\/2025\/09\/PROFISSAO-SOLENE-FREI-MARCELO-16-100x100.jpg 100w\" sizes=\"(max-width: 300px) 100vw, 300px\" \/><\/a>\n\t\t\t<\/dt><\/dl><dl class='gallery-item'>\n\t\t\t<dt class='gallery-icon landscape'>\n\t\t\t\t<a href='https:\/\/franciscanos.org.br\/noticias\/wp-content\/uploads\/2025\/09\/PROFISSAO-SOLENE-FREI-MARCELO-21.jpg'><img width=\"300\" height=\"300\" src=\"https:\/\/franciscanos.org.br\/noticias\/wp-content\/uploads\/2025\/09\/PROFISSAO-SOLENE-FREI-MARCELO-21-300x300.jpg\" class=\"attachment-thumbnail size-thumbnail\" alt=\"\" loading=\"lazy\" srcset=\"https:\/\/franciscanos.org.br\/noticias\/wp-content\/uploads\/2025\/09\/PROFISSAO-SOLENE-FREI-MARCELO-21-300x300.jpg 300w, https:\/\/franciscanos.org.br\/noticias\/wp-content\/uploads\/2025\/09\/PROFISSAO-SOLENE-FREI-MARCELO-21-100x100.jpg 100w\" sizes=\"(max-width: 300px) 100vw, 300px\" \/><\/a>\n\t\t\t<\/dt><\/dl><dl class='gallery-item'>\n\t\t\t<dt class='gallery-icon landscape'>\n\t\t\t\t<a href='https:\/\/franciscanos.org.br\/noticias\/wp-content\/uploads\/2025\/09\/PROFISSAO-SOLENE-FREI-MARCELO-22.jpg'><img width=\"300\" height=\"300\" src=\"https:\/\/franciscanos.org.br\/noticias\/wp-content\/uploads\/2025\/09\/PROFISSAO-SOLENE-FREI-MARCELO-22-300x300.jpg\" class=\"attachment-thumbnail size-thumbnail\" alt=\"\" loading=\"lazy\" srcset=\"https:\/\/franciscanos.org.br\/noticias\/wp-content\/uploads\/2025\/09\/PROFISSAO-SOLENE-FREI-MARCELO-22-300x300.jpg 300w, https:\/\/franciscanos.org.br\/noticias\/wp-content\/uploads\/2025\/09\/PROFISSAO-SOLENE-FREI-MARCELO-22-100x100.jpg 100w\" sizes=\"(max-width: 300px) 100vw, 300px\" \/><\/a>\n\t\t\t<\/dt><\/dl><br style=\"clear: both\" \/>\n\t\t<\/div>\n\n","protected":false},"excerpt":{"rendered":"<p>Profiss\u00e3o Solene<\/p>\n","protected":false},"author":11,"featured_media":260537,"comment_status":"open","ping_status":"open","sticky":false,"template":"","format":"standard","meta":[],"categories":[1],"tags":[2249,2422,418],"acf":[],"yoast_head":"<!-- This site is optimized with the Yoast SEO plugin v19.2 - https:\/\/yoast.com\/wordpress\/plugins\/seo\/ -->\n<title>Const\u00e2ncia e perseveran\u00e7a: Frei Marcelo confirma seu \u201csim\u201d definitivo a Deus na Profiss\u00e3o Solene - Not\u00edcias - Franciscanos<\/title>\n<meta name=\"robots\" content=\"index, follow, max-snippet:-1, max-image-preview:large, max-video-preview:-1\" \/>\n<link rel=\"canonical\" href=\"https:\/\/franciscanos.org.br\/noticias\/constancia-e-perseveranca-frei-marcelo-confirma-seu-sim-definitivo-a-deus-na-profissao-solene.html\" \/>\n<meta property=\"og:locale\" content=\"pt_BR\" \/>\n<meta property=\"og:type\" content=\"article\" \/>\n<meta property=\"og:title\" content=\"Const\u00e2ncia e perseveran\u00e7a: Frei Marcelo confirma seu \u201csim\u201d definitivo a Deus na Profiss\u00e3o Solene - Not\u00edcias - Franciscanos\" \/>\n<meta property=\"og:description\" content=\"Profiss\u00e3o Solene\" \/>\n<meta property=\"og:url\" content=\"https:\/\/franciscanos.org.br\/noticias\/constancia-e-perseveranca-frei-marcelo-confirma-seu-sim-definitivo-a-deus-na-profissao-solene.html\" \/>\n<meta property=\"og:site_name\" content=\"Not\u00edcias - Franciscanos\" \/>\n<meta property=\"article:published_time\" content=\"2025-09-29T12:17:16+00:00\" \/>\n<meta property=\"og:image\" content=\"https:\/\/franciscanos.org.br\/noticias\/wp-content\/uploads\/2025\/09\/chamada-44.jpg\" \/>\n\t<meta property=\"og:image:width\" content=\"800\" \/>\n\t<meta property=\"og:image:height\" content=\"550\" \/>\n\t<meta property=\"og:image:type\" content=\"image\/jpeg\" \/>\n<meta name=\"author\" content=\"Adriana Rabelo\" \/>\n<meta name=\"twitter:card\" content=\"summary_large_image\" \/>\n<meta name=\"twitter:label1\" content=\"Escrito por\" \/>\n\t<meta name=\"twitter:data1\" content=\"Adriana Rabelo\" \/>\n\t<meta name=\"twitter:label2\" content=\"Est. tempo de leitura\" \/>\n\t<meta name=\"twitter:data2\" content=\"3 minutos\" \/>\n<script type=\"application\/ld+json\" class=\"yoast-schema-graph\">{\"@context\":\"https:\/\/schema.org\",\"@graph\":[{\"@type\":\"WebSite\",\"@id\":\"https:\/\/franciscanos.org.br\/noticias\/#website\",\"url\":\"https:\/\/franciscanos.org.br\/noticias\/\",\"name\":\"Not\u00edcias - Franciscanos\",\"description\":\"Prov\u00edncia Franciscana da Imaculada Concei\u00e7\u00e3o do Brasil - Ordem dos Frades Menores - OFM\",\"potentialAction\":[{\"@type\":\"SearchAction\",\"target\":{\"@type\":\"EntryPoint\",\"urlTemplate\":\"https:\/\/franciscanos.org.br\/noticias\/?s={search_term_string}\"},\"query-input\":\"required name=search_term_string\"}],\"inLanguage\":\"pt-BR\"},{\"@type\":\"ImageObject\",\"inLanguage\":\"pt-BR\",\"@id\":\"https:\/\/franciscanos.org.br\/noticias\/constancia-e-perseveranca-frei-marcelo-confirma-seu-sim-definitivo-a-deus-na-profissao-solene.html#primaryimage\",\"url\":\"https:\/\/franciscanos.org.br\/noticias\/wp-content\/uploads\/2025\/09\/chamada-44.jpg\",\"contentUrl\":\"https:\/\/franciscanos.org.br\/noticias\/wp-content\/uploads\/2025\/09\/chamada-44.jpg\",\"width\":800,\"height\":550},{\"@type\":\"WebPage\",\"@id\":\"https:\/\/franciscanos.org.br\/noticias\/constancia-e-perseveranca-frei-marcelo-confirma-seu-sim-definitivo-a-deus-na-profissao-solene.html#webpage\",\"url\":\"https:\/\/franciscanos.org.br\/noticias\/constancia-e-perseveranca-frei-marcelo-confirma-seu-sim-definitivo-a-deus-na-profissao-solene.html\",\"name\":\"Const\u00e2ncia e perseveran\u00e7a: Frei Marcelo confirma seu \u201csim\u201d definitivo a Deus na Profiss\u00e3o Solene - Not\u00edcias - Franciscanos\",\"isPartOf\":{\"@id\":\"https:\/\/franciscanos.org.br\/noticias\/#website\"},\"primaryImageOfPage\":{\"@id\":\"https:\/\/franciscanos.org.br\/noticias\/constancia-e-perseveranca-frei-marcelo-confirma-seu-sim-definitivo-a-deus-na-profissao-solene.html#primaryimage\"},\"datePublished\":\"2025-09-29T12:17:16+00:00\",\"dateModified\":\"2025-09-29T12:17:16+00:00\",\"author\":{\"@id\":\"https:\/\/franciscanos.org.br\/noticias\/#\/schema\/person\/d9422e83121c3ad3b0f423d195f5bb25\"},\"breadcrumb\":{\"@id\":\"https:\/\/franciscanos.org.br\/noticias\/constancia-e-perseveranca-frei-marcelo-confirma-seu-sim-definitivo-a-deus-na-profissao-solene.html#breadcrumb\"},\"inLanguage\":\"pt-BR\",\"potentialAction\":[{\"@type\":\"ReadAction\",\"target\":[\"https:\/\/franciscanos.org.br\/noticias\/constancia-e-perseveranca-frei-marcelo-confirma-seu-sim-definitivo-a-deus-na-profissao-solene.html\"]}]},{\"@type\":\"BreadcrumbList\",\"@id\":\"https:\/\/franciscanos.org.br\/noticias\/constancia-e-perseveranca-frei-marcelo-confirma-seu-sim-definitivo-a-deus-na-profissao-solene.html#breadcrumb\",\"itemListElement\":[{\"@type\":\"ListItem\",\"position\":1,\"name\":\"Home\",\"item\":\"https:\/\/franciscanos.org.br\/noticias\"},{\"@type\":\"ListItem\",\"position\":2,\"name\":\"Const\u00e2ncia e perseveran\u00e7a: Frei Marcelo confirma seu \u201csim\u201d definitivo a Deus na Profiss\u00e3o Solene\"}]},{\"@type\":\"Person\",\"@id\":\"https:\/\/franciscanos.org.br\/noticias\/#\/schema\/person\/d9422e83121c3ad3b0f423d195f5bb25\",\"name\":\"Adriana Rabelo\",\"image\":{\"@type\":\"ImageObject\",\"inLanguage\":\"pt-BR\",\"@id\":\"https:\/\/franciscanos.org.br\/noticias\/#\/schema\/person\/image\/\",\"url\":\"https:\/\/secure.gravatar.com\/avatar\/0a937b7500cd7df77540cfb8bede877d?s=96&d=mm&r=g\",\"contentUrl\":\"https:\/\/secure.gravatar.com\/avatar\/0a937b7500cd7df77540cfb8bede877d?s=96&d=mm&r=g\",\"caption\":\"Adriana Rabelo\"},\"url\":\"https:\/\/franciscanos.org.br\/noticias\/author\/adrianarabelo\"}]}<\/script>\n<!-- \/ Yoast SEO plugin. -->","yoast_head_json":{"title":"Const\u00e2ncia e perseveran\u00e7a: Frei Marcelo confirma seu \u201csim\u201d definitivo a Deus na Profiss\u00e3o Solene - Not\u00edcias - Franciscanos","robots":{"index":"index","follow":"follow","max-snippet":"max-snippet:-1","max-image-preview":"max-image-preview:large","max-video-preview":"max-video-preview:-1"},"canonical":"https:\/\/franciscanos.org.br\/noticias\/constancia-e-perseveranca-frei-marcelo-confirma-seu-sim-definitivo-a-deus-na-profissao-solene.html","og_locale":"pt_BR","og_type":"article","og_title":"Const\u00e2ncia e perseveran\u00e7a: Frei Marcelo confirma seu \u201csim\u201d definitivo a Deus na Profiss\u00e3o Solene - Not\u00edcias - Franciscanos","og_description":"Profiss\u00e3o Solene","og_url":"https:\/\/franciscanos.org.br\/noticias\/constancia-e-perseveranca-frei-marcelo-confirma-seu-sim-definitivo-a-deus-na-profissao-solene.html","og_site_name":"Not\u00edcias - Franciscanos","article_published_time":"2025-09-29T12:17:16+00:00","og_image":[{"width":800,"height":550,"url":"https:\/\/franciscanos.org.br\/noticias\/wp-content\/uploads\/2025\/09\/chamada-44.jpg","type":"image\/jpeg"}],"author":"Adriana Rabelo","twitter_card":"summary_large_image","twitter_misc":{"Escrito por":"Adriana Rabelo","Est. tempo de leitura":"3 minutos"},"schema":{"@context":"https:\/\/schema.org","@graph":[{"@type":"WebSite","@id":"https:\/\/franciscanos.org.br\/noticias\/#website","url":"https:\/\/franciscanos.org.br\/noticias\/","name":"Not\u00edcias - Franciscanos","description":"Prov\u00edncia Franciscana da Imaculada Concei\u00e7\u00e3o do Brasil - Ordem dos Frades Menores - OFM","potentialAction":[{"@type":"SearchAction","target":{"@type":"EntryPoint","urlTemplate":"https:\/\/franciscanos.org.br\/noticias\/?s={search_term_string}"},"query-input":"required name=search_term_string"}],"inLanguage":"pt-BR"},{"@type":"ImageObject","inLanguage":"pt-BR","@id":"https:\/\/franciscanos.org.br\/noticias\/constancia-e-perseveranca-frei-marcelo-confirma-seu-sim-definitivo-a-deus-na-profissao-solene.html#primaryimage","url":"https:\/\/franciscanos.org.br\/noticias\/wp-content\/uploads\/2025\/09\/chamada-44.jpg","contentUrl":"https:\/\/franciscanos.org.br\/noticias\/wp-content\/uploads\/2025\/09\/chamada-44.jpg","width":800,"height":550},{"@type":"WebPage","@id":"https:\/\/franciscanos.org.br\/noticias\/constancia-e-perseveranca-frei-marcelo-confirma-seu-sim-definitivo-a-deus-na-profissao-solene.html#webpage","url":"https:\/\/franciscanos.org.br\/noticias\/constancia-e-perseveranca-frei-marcelo-confirma-seu-sim-definitivo-a-deus-na-profissao-solene.html","name":"Const\u00e2ncia e perseveran\u00e7a: Frei Marcelo confirma seu \u201csim\u201d definitivo a Deus na Profiss\u00e3o Solene - Not\u00edcias - Franciscanos","isPartOf":{"@id":"https:\/\/franciscanos.org.br\/noticias\/#website"},"primaryImageOfPage":{"@id":"https:\/\/franciscanos.org.br\/noticias\/constancia-e-perseveranca-frei-marcelo-confirma-seu-sim-definitivo-a-deus-na-profissao-solene.html#primaryimage"},"datePublished":"2025-09-29T12:17:16+00:00","dateModified":"2025-09-29T12:17:16+00:00","author":{"@id":"https:\/\/franciscanos.org.br\/noticias\/#\/schema\/person\/d9422e83121c3ad3b0f423d195f5bb25"},"breadcrumb":{"@id":"https:\/\/franciscanos.org.br\/noticias\/constancia-e-perseveranca-frei-marcelo-confirma-seu-sim-definitivo-a-deus-na-profissao-solene.html#breadcrumb"},"inLanguage":"pt-BR","potentialAction":[{"@type":"ReadAction","target":["https:\/\/franciscanos.org.br\/noticias\/constancia-e-perseveranca-frei-marcelo-confirma-seu-sim-definitivo-a-deus-na-profissao-solene.html"]}]},{"@type":"BreadcrumbList","@id":"https:\/\/franciscanos.org.br\/noticias\/constancia-e-perseveranca-frei-marcelo-confirma-seu-sim-definitivo-a-deus-na-profissao-solene.html#breadcrumb","itemListElement":[{"@type":"ListItem","position":1,"name":"Home","item":"https:\/\/franciscanos.org.br\/noticias"},{"@type":"ListItem","position":2,"name":"Const\u00e2ncia e perseveran\u00e7a: Frei Marcelo confirma seu \u201csim\u201d definitivo a Deus na Profiss\u00e3o Solene"}]},{"@type":"Person","@id":"https:\/\/franciscanos.org.br\/noticias\/#\/schema\/person\/d9422e83121c3ad3b0f423d195f5bb25","name":"Adriana Rabelo","image":{"@type":"ImageObject","inLanguage":"pt-BR","@id":"https:\/\/franciscanos.org.br\/noticias\/#\/schema\/person\/image\/","url":"https:\/\/secure.gravatar.com\/avatar\/0a937b7500cd7df77540cfb8bede877d?s=96&d=mm&r=g","contentUrl":"https:\/\/secure.gravatar.com\/avatar\/0a937b7500cd7df77540cfb8bede877d?s=96&d=mm&r=g","caption":"Adriana Rabelo"},"url":"https:\/\/franciscanos.org.br\/noticias\/author\/adrianarabelo"}]}},"_links":{"self":[{"href":"https:\/\/franciscanos.org.br\/noticias\/wp-json\/wp\/v2\/posts\/260532"}],"collection":[{"href":"https:\/\/franciscanos.org.br\/noticias\/wp-json\/wp\/v2\/posts"}],"about":[{"href":"https:\/\/franciscanos.org.br\/noticias\/wp-json\/wp\/v2\/types\/post"}],"author":[{"embeddable":true,"href":"https:\/\/franciscanos.org.br\/noticias\/wp-json\/wp\/v2\/users\/11"}],"replies":[{"embeddable":true,"href":"https:\/\/franciscanos.org.br\/noticias\/wp-json\/wp\/v2\/comments?post=260532"}],"version-history":[{"count":1,"href":"https:\/\/franciscanos.org.br\/noticias\/wp-json\/wp\/v2\/posts\/260532\/revisions"}],"predecessor-version":[{"id":260562,"href":"https:\/\/franciscanos.org.br\/noticias\/wp-json\/wp\/v2\/posts\/260532\/revisions\/260562"}],"wp:featuredmedia":[{"embeddable":true,"href":"https:\/\/franciscanos.org.br\/noticias\/wp-json\/wp\/v2\/media\/260537"}],"wp:attachment":[{"href":"https:\/\/franciscanos.org.br\/noticias\/wp-json\/wp\/v2\/media?parent=260532"}],"wp:term":[{"taxonomy":"category","embeddable":true,"href":"https:\/\/franciscanos.org.br\/noticias\/wp-json\/wp\/v2\/categories?post=260532"},{"taxonomy":"post_tag","embeddable":true,"href":"https:\/\/franciscanos.org.br\/noticias\/wp-json\/wp\/v2\/tags?post=260532"}],"curies":[{"name":"wp","href":"https:\/\/api.w.org\/{rel}","templated":true}]}}