{"id":260511,"date":"2025-09-26T09:54:10","date_gmt":"2025-09-26T12:54:10","guid":{"rendered":"https:\/\/franciscanos.org.br\/noticias\/?p=260511"},"modified":"2025-09-26T09:54:10","modified_gmt":"2025-09-26T12:54:10","slug":"setembro-verde-convento-da-penha-realiza-missa-pelos-doadores-de-orgaos","status":"publish","type":"post","link":"https:\/\/franciscanos.org.br\/noticias\/setembro-verde-convento-da-penha-realiza-missa-pelos-doadores-de-orgaos.html","title":{"rendered":"Setembro Verde: Convento da Penha realiza Missa pelos doadores de \u00f3rg\u00e3os"},"content":{"rendered":"<p><img loading=\"lazy\" class=\"aligncenter wp-image-260513 size-full\" src=\"https:\/\/franciscanos.org.br\/noticias\/wp-content\/uploads\/2025\/09\/MATERIA-1-31.jpg\" alt=\"\" width=\"1280\" height=\"720\" srcset=\"https:\/\/franciscanos.org.br\/noticias\/wp-content\/uploads\/2025\/09\/MATERIA-1-31.jpg 1280w, https:\/\/franciscanos.org.br\/noticias\/wp-content\/uploads\/2025\/09\/MATERIA-1-31-450x253.jpg 450w, https:\/\/franciscanos.org.br\/noticias\/wp-content\/uploads\/2025\/09\/MATERIA-1-31-1024x576.jpg 1024w, https:\/\/franciscanos.org.br\/noticias\/wp-content\/uploads\/2025\/09\/MATERIA-1-31-768x432.jpg 768w, https:\/\/franciscanos.org.br\/noticias\/wp-content\/uploads\/2025\/09\/MATERIA-1-31-150x84.jpg 150w\" sizes=\"(max-width: 1280px) 100vw, 1280px\" \/><\/p>\n<p>O m\u00eas de setembro \u00e9 dedicado \u00e0 conscientiza\u00e7\u00e3o e ao incentivo \u00e0 doa\u00e7\u00e3o de \u00f3rg\u00e3os. A campanha \u201cSetembro Verde\u201d tem o objetivo disseminar a informa\u00e7\u00e3o sobre o ato de doar \u00f3rg\u00e3os que pode salvar vidas. A informa\u00e7\u00e3o tamb\u00e9m ajuda a desmitificar alguns boatos ou paradigmas.<\/p>\n<p>A tradicional Missa da Sa\u00fade no Campinho do Convento da Penha, em Vila Velha (ES), desta quarta-feira, 24 de setembro, contou com a presen\u00e7a de agentes e colaboradores da Secretaria de Estado da Sa\u00fade, por meio da Central Estadual de Transplantes do Esp\u00edrito Santo, que \u00e9 respons\u00e1vel por regular e coordenar as a\u00e7\u00f5es de capta\u00e7\u00e3o e gerenciamento de todo o processo de doa\u00e7\u00e3o de \u00f3rg\u00e3os. A celebra\u00e7\u00e3o de a\u00e7\u00e3o de gra\u00e7as pelos doadores foi presidida pelo Frei Gabriel Dellandrea, Guardi\u00e3o do Convento.<\/p>\n<p>O Secret\u00e1rio de sa\u00fade do estado, Tyago Hoffmann, falou sobre a campanha. \u201cDedicamos o m\u00eas inteiro, que \u00e9 o \u201cSetembro Verde\u201d, a uma s\u00e9rie de a\u00e7\u00f5es de est\u00edmulo para que n\u00f3s possamos aumentar a quantidade de fam\u00edlias doadoras de \u00f3rg\u00e3os. O nosso lema \u00e9 \u2018A vida pode continuar\u2019, pois ela n\u00e3o pode terminar no momento de tristeza da fam\u00edlia. A gente pode transformar um momento de tristeza em um momento de b\u00ean\u00e7\u00e3o, de gra\u00e7a e de alegria para outras pessoas que podem receber esses \u00f3rg\u00e3os. Ent\u00e3o, esse momento da celebra\u00e7\u00e3o \u00e9 fundamental, porque estamos aqui com as fam\u00edlias de doadores, com as fam\u00edlias de pessoas que receberam os \u00f3rg\u00e3os, para que possamos celebrar a vida. Orientados pela Secretaria de Estado da Sa\u00fade, cada hospital do nosso estado, em fun\u00e7\u00e3o de uma portaria, \u00e9 obrigado a ter uma comiss\u00e3o de doa\u00e7\u00e3o de \u00f3rg\u00e3os, que desde o momento da constata\u00e7\u00e3o da morte cerebral, ela faz todos os protocolos, n\u00e3o s\u00f3 com a pessoa que veio a falecer, mas tamb\u00e9m com a fam\u00edlia, para que haja o di\u00e1logo, para que haja o convencimento, a conscientiza\u00e7\u00e3o em rela\u00e7\u00e3o \u00e0 doa\u00e7\u00e3o\u201d, disse.<\/p>\n<p><img loading=\"lazy\" class=\"aligncenter wp-image-260514 size-full\" src=\"https:\/\/franciscanos.org.br\/noticias\/wp-content\/uploads\/2025\/09\/materia5-2.jpg\" alt=\"\" width=\"1280\" height=\"720\" srcset=\"https:\/\/franciscanos.org.br\/noticias\/wp-content\/uploads\/2025\/09\/materia5-2.jpg 1280w, https:\/\/franciscanos.org.br\/noticias\/wp-content\/uploads\/2025\/09\/materia5-2-450x253.jpg 450w, https:\/\/franciscanos.org.br\/noticias\/wp-content\/uploads\/2025\/09\/materia5-2-1024x576.jpg 1024w, https:\/\/franciscanos.org.br\/noticias\/wp-content\/uploads\/2025\/09\/materia5-2-768x432.jpg 768w, https:\/\/franciscanos.org.br\/noticias\/wp-content\/uploads\/2025\/09\/materia5-2-150x84.jpg 150w\" sizes=\"(max-width: 1280px) 100vw, 1280px\" \/>A coordenadora da Central de transplantes capixaba, Maria Machado, destacou que o protocolo \u00e9 totalmente seguro. \u201cE esse m\u00eas de setembro \u00e9 o m\u00eas que fizemos v\u00e1rias a\u00e7\u00f5es com a sociedade como um todo para conscientizar, porque ainda temos 50% de recusa familiar. Ent\u00e3o n\u00f3s esperamos que ap\u00f3s mais esse momento que a gente tem aqui no convento junto de Nossa Senhora e com tudo que a gente prop\u00f4s esse m\u00eas de conversas que esse n\u00famero caia e que a gente possa salvar mais vidas no pr\u00f3ximo ano. O Brasil tem um dos protocolos mais seguros do mundo. Ent\u00e3o a gente tem os testes realizados por equipe m\u00e9dica capacitada e uma vez que tem o \u00f3bito constatado, e para o diagn\u00f3stico de morte cerebral s\u00f3 existem duas possibilidades: ou a fam\u00edlia faz o sepultamento imediato do seu ente ou ela faz a doa\u00e7\u00e3o dos \u00f3rg\u00e3os. O maior exemplo que n\u00f3s temos de doa\u00e7\u00e3o foi do nosso Mestre Jesus, que doou a sua vida por n\u00f3s. Ent\u00e3o que possamos nesse momento de caridade, nesse momento de gratid\u00e3o, manifestar o nosso desejo de ser um doador de \u00f3rg\u00e3os e se tivermos a oportunidade que os nossos \u00f3rg\u00e3os possam ser doados para outras fam\u00edlias\u201d, afirmou.<\/p>\n<p>Atualmente, h\u00e1 2.709 pessoas aguardando um transplante de \u00f3rg\u00e3o ou c\u00f3rnea no Estado, sendo 1.553 para c\u00f3rnea; 1.103 para rim; 42 para f\u00edgado e 11 para cora\u00e7\u00e3o. No Brasil, s\u00e3o 80.439 pessoas cadastradas no Sistema Nacional de Transplantes (SNT).<\/p>\n<p>Em 2025, foram realizados 431 transplantes no Esp\u00edrito Santo, entre \u00f3rg\u00e3os s\u00f3lidos e tecidos, at\u00e9 agosto. Em 2024, neste mesmo per\u00edodo, foram 330 transplantes. No ano passado, foram realizados 510 transplantes, no total.<\/p>\n<p>No Brasil, para ser um doador, \u00e9 importante conversar com a fam\u00edlia sobre o desejo. A fam\u00edlia desempenha um papel de extrema import\u00e2ncia nesse contexto, uma vez que a doa\u00e7\u00e3o de \u00f3rg\u00e3os s\u00f3 ser\u00e1 feita ap\u00f3s a autoriza\u00e7\u00e3o familiar. Por isso, a import\u00e2ncia dessa homenagem.<\/p>\n<p><img loading=\"lazy\" class=\"aligncenter wp-image-260515 size-full\" src=\"https:\/\/franciscanos.org.br\/noticias\/wp-content\/uploads\/2025\/09\/materia-3-11.jpg\" alt=\"\" width=\"1280\" height=\"720\" srcset=\"https:\/\/franciscanos.org.br\/noticias\/wp-content\/uploads\/2025\/09\/materia-3-11.jpg 1280w, https:\/\/franciscanos.org.br\/noticias\/wp-content\/uploads\/2025\/09\/materia-3-11-450x253.jpg 450w, https:\/\/franciscanos.org.br\/noticias\/wp-content\/uploads\/2025\/09\/materia-3-11-1024x576.jpg 1024w, https:\/\/franciscanos.org.br\/noticias\/wp-content\/uploads\/2025\/09\/materia-3-11-768x432.jpg 768w, https:\/\/franciscanos.org.br\/noticias\/wp-content\/uploads\/2025\/09\/materia-3-11-150x84.jpg 150w\" sizes=\"(max-width: 1280px) 100vw, 1280px\" \/>Na homilia, Frei Gabriel afirmou que a celebra\u00e7\u00e3o \u00e9 ocasi\u00e3o de manifestar gratid\u00e3o e esperan\u00e7a. \u201cA palavra que norteia a primeira leitura de hoje (Esdras 9,5-9), \u00e9 gratid\u00e3o. Esdras agradece a Deus porque o povo de Israel uma vez preso na Babil\u00f4nia e estava l\u00e1 sem poder fazer o seu culto, \u00e9 libertado pelos reis da P\u00e9rsia e pode voltar para a sua terra para ent\u00e3o fazer com que o templo pudesse ser constru\u00eddo e a f\u00e9 pudesse ser celebrada. Mesmo o sentimento que n\u00f3s aqui realizamos como a\u00e7\u00e3o de gra\u00e7as a aqueles que ap\u00f3s a sua vida, continuam sendo vida. Dedicando um tempo da sua vida para refletir e deixar indicado para a sua fam\u00edlia. Eu quero que a vida continue atrav\u00e9s daquilo que Deus me deu e que eu j\u00e1 n\u00e3o vou mais usar, porque estarei no corpo glorioso l\u00e1 no c\u00e9u. Essa a\u00e7\u00e3o de gra\u00e7as aos irm\u00e3os e irm\u00e3s que doaram a vida, o tempo e agora tamb\u00e9m os \u00f3rg\u00e3os para que a vida continue, \u00e9 a nossa disposi\u00e7\u00e3o. A\u00e7\u00e3o de gra\u00e7as\u201d, explicou.<\/p>\n<p>\u201cE uma outra palavra que norteia a liturgia de hoje, \u00e9 complicada para os nossos tempos. Comprometimento. Compromisso. Porque a a\u00e7\u00e3o de gra\u00e7as sem compromisso \u00e9 manca. S\u00f3 agradecer sem se comprometer \u00e9 talvez ser injusto com a hist\u00f3ria. Por isso, o Evangelho (Lucas 9,1-6) traz o mandato que Jesus d\u00e1 aos disc\u00edpulos de irem pelo mundo e anunciarem a boa nova. E quando assumimos tamb\u00e9m esse compromisso, ao ouvirmos a palavra anunciar, pensamos que \u00e9 s\u00f3 falar. O an\u00fancio do Evangelho, irm\u00e3os e irm\u00e3s, n\u00e3o se prende somente \u00e0s palavras.\u00a0 E Jesus convida os disc\u00edpulos a curar os enfermos, que quase nada tem a ver com falar. E se n\u00f3s olharmos na biologia, veremos que a pele \u00e9 o maior \u00f3rg\u00e3o do corpo humano e nela tem aqui, junta a pele, aquilo que \u00e9 necess\u00e1rio para levar at\u00e9 o nosso c\u00e9rebro a import\u00e2ncia do toque, do cuidado. Quando somos tocados por algu\u00e9m que quer cuidar de n\u00f3s, a cura se aproxima pela sensibilidade, pelo toque\u201d, comentou Frei Gabriel.<\/p>\n<p><img loading=\"lazy\" class=\"aligncenter wp-image-260520 size-full\" src=\"https:\/\/franciscanos.org.br\/noticias\/wp-content\/uploads\/2025\/09\/materia-9-1.jpg\" alt=\"\" width=\"1280\" height=\"720\" srcset=\"https:\/\/franciscanos.org.br\/noticias\/wp-content\/uploads\/2025\/09\/materia-9-1.jpg 1280w, https:\/\/franciscanos.org.br\/noticias\/wp-content\/uploads\/2025\/09\/materia-9-1-450x253.jpg 450w, https:\/\/franciscanos.org.br\/noticias\/wp-content\/uploads\/2025\/09\/materia-9-1-1024x576.jpg 1024w, https:\/\/franciscanos.org.br\/noticias\/wp-content\/uploads\/2025\/09\/materia-9-1-768x432.jpg 768w, https:\/\/franciscanos.org.br\/noticias\/wp-content\/uploads\/2025\/09\/materia-9-1-150x84.jpg 150w\" sizes=\"(max-width: 1280px) 100vw, 1280px\" \/><\/p>\n<p>Por fim, o Guardi\u00e3o pediu um \u201ccompromisso com a vida, com a realidade de curar. \u201c\u00c9 por isso que Jesus, em muitas das curas, toca. E n\u00f3s tamb\u00e9m queremos ser comprometidos com espalhar o dom da cura que vem de Deus. N\u00e3o s\u00f3 queremos ficar espectadores da a\u00e7\u00e3o de Deus, mas queremos nos comprometer com Ele, a espalharmos o dom da cura tamb\u00e9m n\u00f3s. E como disc\u00edpulos e disc\u00edpulas, faremos o nosso louvor e a\u00e7\u00e3o de gra\u00e7as, pelos bens que Ele nos concede, mas nos comprometendo tamb\u00e9m a fazer a nossa parte. \u00c9 por isso que esta liturgia de hoje nos convida a esse duplo momento. E n\u00f3s aqui temos diversos profissionais da \u00e1rea da sa\u00fade que fazem com que este comprometimento aconte\u00e7a de verdade. E somos n\u00f3s tamb\u00e9m convidados a este comprometimento, com a sa\u00fade, com a valoriza\u00e7\u00e3o destas realidades que precisam do nosso apoio, e que fazem com que n\u00f3s tamb\u00e9m sejamos promotores de cura, mesmo quando achamos que n\u00e3o mais podemos fazer nada. Comprometamo-nos, ent\u00e3o, com esta realidade do Evangelho, a de curar. Por isso, a\u00e7\u00e3o de gra\u00e7as e comprometimento s\u00e3o os convites da liturgia de hoje a cada um de n\u00f3s\u201d, conclamou.<\/p>\n<p><img loading=\"lazy\" class=\"aligncenter wp-image-260516 size-full\" src=\"https:\/\/franciscanos.org.br\/noticias\/wp-content\/uploads\/2025\/09\/materia-2-18.jpg\" alt=\"\" width=\"1280\" height=\"720\" srcset=\"https:\/\/franciscanos.org.br\/noticias\/wp-content\/uploads\/2025\/09\/materia-2-18.jpg 1280w, https:\/\/franciscanos.org.br\/noticias\/wp-content\/uploads\/2025\/09\/materia-2-18-450x253.jpg 450w, https:\/\/franciscanos.org.br\/noticias\/wp-content\/uploads\/2025\/09\/materia-2-18-1024x576.jpg 1024w, https:\/\/franciscanos.org.br\/noticias\/wp-content\/uploads\/2025\/09\/materia-2-18-768x432.jpg 768w, https:\/\/franciscanos.org.br\/noticias\/wp-content\/uploads\/2025\/09\/materia-2-18-150x84.jpg 150w\" sizes=\"(max-width: 1280px) 100vw, 1280px\" \/><\/p>\n<p>No final da celebra\u00e7\u00e3o, antes da b\u00ean\u00e7\u00e3o aos doentes e enfermos, os fi\u00e9is ouviram o testemunho da Jordiana Pereira. Ela e a fam\u00edlia decidiram doar os \u00f3rg\u00e3os do irm\u00e3o Joelson, que faleceu em mar\u00e7o deste ano. \u201cLogo dentro do hospital, ele teve uma parada cardiorrespirat\u00f3ria de 10 minutos. E a\u00ed, com essa parada cardiorrespirat\u00f3ria, ele entrou em coma sem seda\u00e7\u00e3o. Ent\u00e3o, eu j\u00e1 sabia mais ou menos o que ia acontecer. E a\u00ed, dois dias depois dessa parada, o m\u00e9dico conversou com a gente que eles estavam esperando o s\u00f3dio dele corrigir para poder abrir o protocolo. Ent\u00e3o, desde esse primeiro momento, minha irm\u00e3 e eu que recebemos a primeira not\u00edcia, a gente foi para a casa da minha m\u00e3e, conversamos com ela. Ent\u00e3o, quando realmente fechou o protocolo de morte encef\u00e1lica, no dia 20 de mar\u00e7o, j\u00e1 hav\u00edamos conversado sobre a quest\u00e3o da doa\u00e7\u00e3o, de como seria importante dar um prop\u00f3sito aquela situa\u00e7\u00e3o. Porque a morte dele, para a gente, foi um pouco sem sentido. Ent\u00e3o, a doa\u00e7\u00e3o ia dar um sentido, um prop\u00f3sito. Para a vida dele e de tantos outros que tamb\u00e9m estavam esperando. O protocolo demorou um pouquinho a ser fechado, por conta da necessidade do doppler cerebral\u201d, contou.<\/p>\n<p>&nbsp;<\/p>\n\n\t\t<style type=\"text\/css\">\n\t\t\t#gallery-1 {\n\t\t\t\tmargin: auto;\n\t\t\t}\n\t\t\t#gallery-1 .gallery-item {\n\t\t\t\tfloat: left;\n\t\t\t\tmargin-top: 10px;\n\t\t\t\ttext-align: center;\n\t\t\t\twidth: 33%;\n\t\t\t}\n\t\t\t#gallery-1 img {\n\t\t\t\tborder: 2px solid #cfcfcf;\n\t\t\t}\n\t\t\t#gallery-1 .gallery-caption {\n\t\t\t\tmargin-left: 0;\n\t\t\t}\n\t\t\t\/* see gallery_shortcode() in wp-includes\/media.php *\/\n\t\t<\/style>\n\t\t<div id='gallery-1' class='gallery galleryid-260511 gallery-columns-3 gallery-size-thumbnail'><dl class='gallery-item'>\n\t\t\t<dt class='gallery-icon landscape'>\n\t\t\t\t<a href='https:\/\/franciscanos.org.br\/noticias\/wp-content\/uploads\/2025\/09\/Editada.jpg'><img width=\"300\" height=\"300\" src=\"https:\/\/franciscanos.org.br\/noticias\/wp-content\/uploads\/2025\/09\/Editada-300x300.jpg\" class=\"attachment-thumbnail size-thumbnail\" alt=\"\" loading=\"lazy\" srcset=\"https:\/\/franciscanos.org.br\/noticias\/wp-content\/uploads\/2025\/09\/Editada-300x300.jpg 300w, https:\/\/franciscanos.org.br\/noticias\/wp-content\/uploads\/2025\/09\/Editada-100x100.jpg 100w\" sizes=\"(max-width: 300px) 100vw, 300px\" \/><\/a>\n\t\t\t<\/dt><\/dl><dl class='gallery-item'>\n\t\t\t<dt class='gallery-icon landscape'>\n\t\t\t\t<a href='https:\/\/franciscanos.org.br\/noticias\/wp-content\/uploads\/2025\/09\/Missa-pelos-Doadores-de-Orgaos-24-09-2025-8-1536.jpg'><img width=\"300\" height=\"300\" src=\"https:\/\/franciscanos.org.br\/noticias\/wp-content\/uploads\/2025\/09\/Missa-pelos-Doadores-de-Orgaos-24-09-2025-8-1536-300x300.jpg\" class=\"attachment-thumbnail size-thumbnail\" alt=\"\" loading=\"lazy\" srcset=\"https:\/\/franciscanos.org.br\/noticias\/wp-content\/uploads\/2025\/09\/Missa-pelos-Doadores-de-Orgaos-24-09-2025-8-1536-300x300.jpg 300w, https:\/\/franciscanos.org.br\/noticias\/wp-content\/uploads\/2025\/09\/Missa-pelos-Doadores-de-Orgaos-24-09-2025-8-1536-100x100.jpg 100w\" sizes=\"(max-width: 300px) 100vw, 300px\" \/><\/a>\n\t\t\t<\/dt><\/dl><dl class='gallery-item'>\n\t\t\t<dt class='gallery-icon landscape'>\n\t\t\t\t<a href='https:\/\/franciscanos.org.br\/noticias\/wp-content\/uploads\/2025\/09\/Missa-pelos-Doadores-de-Orgaos-24-09-2025-22-1536x1024-1.jpg'><img width=\"300\" height=\"300\" src=\"https:\/\/franciscanos.org.br\/noticias\/wp-content\/uploads\/2025\/09\/Missa-pelos-Doadores-de-Orgaos-24-09-2025-22-1536x1024-1-300x300.jpg\" class=\"attachment-thumbnail size-thumbnail\" alt=\"\" loading=\"lazy\" srcset=\"https:\/\/franciscanos.org.br\/noticias\/wp-content\/uploads\/2025\/09\/Missa-pelos-Doadores-de-Orgaos-24-09-2025-22-1536x1024-1-300x300.jpg 300w, https:\/\/franciscanos.org.br\/noticias\/wp-content\/uploads\/2025\/09\/Missa-pelos-Doadores-de-Orgaos-24-09-2025-22-1536x1024-1-100x100.jpg 100w\" sizes=\"(max-width: 300px) 100vw, 300px\" \/><\/a>\n\t\t\t<\/dt><\/dl><br style=\"clear: both\" \/>\n\t\t<\/div>\n\n<p>\u201cEnt\u00e3o, tenho a certeza que isso salvou e ainda salva a gente. N\u00e3o salvou s\u00f3 para quem recebeu os \u00f3rg\u00e3os, salvou a nossa fam\u00edlia tamb\u00e9m. Digam \u2018sim\u2019 \u00e0 vida, pois ela \u00e9 muito mais do que o corpo. O nosso corpo fica aqui. E n\u00e3o tem nada melhor agora, seis meses depois, da gente orar e pensar que ele salvou vidas. Ent\u00e3o, talvez n\u00e3o fosse a hora dele, mas, era a hora daqueles que estavam esperando para renascer. Isso conforta a gente, pois a doa\u00e7\u00e3o n\u00e3o salva s\u00f3 aqueles que receberam \u00f3rg\u00e3os. Ela salva a fam\u00edlia do doador tamb\u00e9m\u201d, testemunhou Jordiana.<\/p>\n<p>Disseminar informa\u00e7\u00f5es sobre o ato de amor ao doar \u00f3rg\u00e3os pode salvar vidas. Ajuda tamb\u00e9m a desmitificar alguns boatos ou paradigmas. Doe \u00f3rg\u00e3os, uma atitude muda tudo!<\/p>\n<hr \/>\n<p><em>Cristian Oliveira (ASCOM)<\/em><\/p>\n","protected":false},"excerpt":{"rendered":"<p>M\u00eas da doa\u00e7\u00e3o de \u00f3rg\u00e3os<\/p>\n","protected":false},"author":11,"featured_media":260512,"comment_status":"open","ping_status":"open","sticky":false,"template":"","format":"standard","meta":[],"categories":[1],"tags":[248,2421],"acf":[],"yoast_head":"<!-- This site is optimized with the Yoast SEO plugin v19.2 - https:\/\/yoast.com\/wordpress\/plugins\/seo\/ -->\n<title>Setembro Verde: Convento da Penha realiza Missa pelos doadores de \u00f3rg\u00e3os - Not\u00edcias - Franciscanos<\/title>\n<meta name=\"robots\" content=\"index, follow, max-snippet:-1, max-image-preview:large, max-video-preview:-1\" \/>\n<link rel=\"canonical\" href=\"https:\/\/franciscanos.org.br\/noticias\/setembro-verde-convento-da-penha-realiza-missa-pelos-doadores-de-orgaos.html\" \/>\n<meta property=\"og:locale\" content=\"pt_BR\" \/>\n<meta property=\"og:type\" content=\"article\" \/>\n<meta property=\"og:title\" content=\"Setembro Verde: Convento da Penha realiza Missa pelos doadores de \u00f3rg\u00e3os - Not\u00edcias - Franciscanos\" \/>\n<meta property=\"og:description\" content=\"M\u00eas da doa\u00e7\u00e3o de \u00f3rg\u00e3os\" \/>\n<meta property=\"og:url\" content=\"https:\/\/franciscanos.org.br\/noticias\/setembro-verde-convento-da-penha-realiza-missa-pelos-doadores-de-orgaos.html\" \/>\n<meta property=\"og:site_name\" content=\"Not\u00edcias - Franciscanos\" \/>\n<meta property=\"article:published_time\" content=\"2025-09-26T12:54:10+00:00\" \/>\n<meta property=\"og:image\" content=\"https:\/\/franciscanos.org.br\/noticias\/wp-content\/uploads\/2025\/09\/chamada-43.jpg\" \/>\n\t<meta property=\"og:image:width\" content=\"800\" \/>\n\t<meta property=\"og:image:height\" content=\"550\" \/>\n\t<meta property=\"og:image:type\" content=\"image\/jpeg\" \/>\n<meta name=\"author\" content=\"Adriana Rabelo\" \/>\n<meta name=\"twitter:card\" content=\"summary_large_image\" \/>\n<meta name=\"twitter:label1\" content=\"Escrito por\" \/>\n\t<meta name=\"twitter:data1\" content=\"Adriana Rabelo\" \/>\n\t<meta name=\"twitter:label2\" content=\"Est. tempo de leitura\" \/>\n\t<meta name=\"twitter:data2\" content=\"8 minutos\" \/>\n<script type=\"application\/ld+json\" class=\"yoast-schema-graph\">{\"@context\":\"https:\/\/schema.org\",\"@graph\":[{\"@type\":\"WebSite\",\"@id\":\"https:\/\/franciscanos.org.br\/noticias\/#website\",\"url\":\"https:\/\/franciscanos.org.br\/noticias\/\",\"name\":\"Not\u00edcias - Franciscanos\",\"description\":\"Prov\u00edncia Franciscana da Imaculada Concei\u00e7\u00e3o do Brasil - Ordem dos Frades Menores - OFM\",\"potentialAction\":[{\"@type\":\"SearchAction\",\"target\":{\"@type\":\"EntryPoint\",\"urlTemplate\":\"https:\/\/franciscanos.org.br\/noticias\/?s={search_term_string}\"},\"query-input\":\"required name=search_term_string\"}],\"inLanguage\":\"pt-BR\"},{\"@type\":\"ImageObject\",\"inLanguage\":\"pt-BR\",\"@id\":\"https:\/\/franciscanos.org.br\/noticias\/setembro-verde-convento-da-penha-realiza-missa-pelos-doadores-de-orgaos.html#primaryimage\",\"url\":\"https:\/\/franciscanos.org.br\/noticias\/wp-content\/uploads\/2025\/09\/chamada-43.jpg\",\"contentUrl\":\"https:\/\/franciscanos.org.br\/noticias\/wp-content\/uploads\/2025\/09\/chamada-43.jpg\",\"width\":800,\"height\":550},{\"@type\":\"WebPage\",\"@id\":\"https:\/\/franciscanos.org.br\/noticias\/setembro-verde-convento-da-penha-realiza-missa-pelos-doadores-de-orgaos.html#webpage\",\"url\":\"https:\/\/franciscanos.org.br\/noticias\/setembro-verde-convento-da-penha-realiza-missa-pelos-doadores-de-orgaos.html\",\"name\":\"Setembro Verde: Convento da Penha realiza Missa pelos doadores de \u00f3rg\u00e3os - Not\u00edcias - Franciscanos\",\"isPartOf\":{\"@id\":\"https:\/\/franciscanos.org.br\/noticias\/#website\"},\"primaryImageOfPage\":{\"@id\":\"https:\/\/franciscanos.org.br\/noticias\/setembro-verde-convento-da-penha-realiza-missa-pelos-doadores-de-orgaos.html#primaryimage\"},\"datePublished\":\"2025-09-26T12:54:10+00:00\",\"dateModified\":\"2025-09-26T12:54:10+00:00\",\"author\":{\"@id\":\"https:\/\/franciscanos.org.br\/noticias\/#\/schema\/person\/d9422e83121c3ad3b0f423d195f5bb25\"},\"breadcrumb\":{\"@id\":\"https:\/\/franciscanos.org.br\/noticias\/setembro-verde-convento-da-penha-realiza-missa-pelos-doadores-de-orgaos.html#breadcrumb\"},\"inLanguage\":\"pt-BR\",\"potentialAction\":[{\"@type\":\"ReadAction\",\"target\":[\"https:\/\/franciscanos.org.br\/noticias\/setembro-verde-convento-da-penha-realiza-missa-pelos-doadores-de-orgaos.html\"]}]},{\"@type\":\"BreadcrumbList\",\"@id\":\"https:\/\/franciscanos.org.br\/noticias\/setembro-verde-convento-da-penha-realiza-missa-pelos-doadores-de-orgaos.html#breadcrumb\",\"itemListElement\":[{\"@type\":\"ListItem\",\"position\":1,\"name\":\"Home\",\"item\":\"https:\/\/franciscanos.org.br\/noticias\"},{\"@type\":\"ListItem\",\"position\":2,\"name\":\"Setembro Verde: Convento da Penha realiza Missa pelos doadores de \u00f3rg\u00e3os\"}]},{\"@type\":\"Person\",\"@id\":\"https:\/\/franciscanos.org.br\/noticias\/#\/schema\/person\/d9422e83121c3ad3b0f423d195f5bb25\",\"name\":\"Adriana Rabelo\",\"image\":{\"@type\":\"ImageObject\",\"inLanguage\":\"pt-BR\",\"@id\":\"https:\/\/franciscanos.org.br\/noticias\/#\/schema\/person\/image\/\",\"url\":\"https:\/\/secure.gravatar.com\/avatar\/0a937b7500cd7df77540cfb8bede877d?s=96&d=mm&r=g\",\"contentUrl\":\"https:\/\/secure.gravatar.com\/avatar\/0a937b7500cd7df77540cfb8bede877d?s=96&d=mm&r=g\",\"caption\":\"Adriana Rabelo\"},\"url\":\"https:\/\/franciscanos.org.br\/noticias\/author\/adrianarabelo\"}]}<\/script>\n<!-- \/ Yoast SEO plugin. -->","yoast_head_json":{"title":"Setembro Verde: Convento da Penha realiza Missa pelos doadores de \u00f3rg\u00e3os - Not\u00edcias - Franciscanos","robots":{"index":"index","follow":"follow","max-snippet":"max-snippet:-1","max-image-preview":"max-image-preview:large","max-video-preview":"max-video-preview:-1"},"canonical":"https:\/\/franciscanos.org.br\/noticias\/setembro-verde-convento-da-penha-realiza-missa-pelos-doadores-de-orgaos.html","og_locale":"pt_BR","og_type":"article","og_title":"Setembro Verde: Convento da Penha realiza Missa pelos doadores de \u00f3rg\u00e3os - Not\u00edcias - Franciscanos","og_description":"M\u00eas da doa\u00e7\u00e3o de \u00f3rg\u00e3os","og_url":"https:\/\/franciscanos.org.br\/noticias\/setembro-verde-convento-da-penha-realiza-missa-pelos-doadores-de-orgaos.html","og_site_name":"Not\u00edcias - Franciscanos","article_published_time":"2025-09-26T12:54:10+00:00","og_image":[{"width":800,"height":550,"url":"https:\/\/franciscanos.org.br\/noticias\/wp-content\/uploads\/2025\/09\/chamada-43.jpg","type":"image\/jpeg"}],"author":"Adriana Rabelo","twitter_card":"summary_large_image","twitter_misc":{"Escrito por":"Adriana Rabelo","Est. tempo de leitura":"8 minutos"},"schema":{"@context":"https:\/\/schema.org","@graph":[{"@type":"WebSite","@id":"https:\/\/franciscanos.org.br\/noticias\/#website","url":"https:\/\/franciscanos.org.br\/noticias\/","name":"Not\u00edcias - Franciscanos","description":"Prov\u00edncia Franciscana da Imaculada Concei\u00e7\u00e3o do Brasil - Ordem dos Frades Menores - OFM","potentialAction":[{"@type":"SearchAction","target":{"@type":"EntryPoint","urlTemplate":"https:\/\/franciscanos.org.br\/noticias\/?s={search_term_string}"},"query-input":"required name=search_term_string"}],"inLanguage":"pt-BR"},{"@type":"ImageObject","inLanguage":"pt-BR","@id":"https:\/\/franciscanos.org.br\/noticias\/setembro-verde-convento-da-penha-realiza-missa-pelos-doadores-de-orgaos.html#primaryimage","url":"https:\/\/franciscanos.org.br\/noticias\/wp-content\/uploads\/2025\/09\/chamada-43.jpg","contentUrl":"https:\/\/franciscanos.org.br\/noticias\/wp-content\/uploads\/2025\/09\/chamada-43.jpg","width":800,"height":550},{"@type":"WebPage","@id":"https:\/\/franciscanos.org.br\/noticias\/setembro-verde-convento-da-penha-realiza-missa-pelos-doadores-de-orgaos.html#webpage","url":"https:\/\/franciscanos.org.br\/noticias\/setembro-verde-convento-da-penha-realiza-missa-pelos-doadores-de-orgaos.html","name":"Setembro Verde: Convento da Penha realiza Missa pelos doadores de \u00f3rg\u00e3os - Not\u00edcias - Franciscanos","isPartOf":{"@id":"https:\/\/franciscanos.org.br\/noticias\/#website"},"primaryImageOfPage":{"@id":"https:\/\/franciscanos.org.br\/noticias\/setembro-verde-convento-da-penha-realiza-missa-pelos-doadores-de-orgaos.html#primaryimage"},"datePublished":"2025-09-26T12:54:10+00:00","dateModified":"2025-09-26T12:54:10+00:00","author":{"@id":"https:\/\/franciscanos.org.br\/noticias\/#\/schema\/person\/d9422e83121c3ad3b0f423d195f5bb25"},"breadcrumb":{"@id":"https:\/\/franciscanos.org.br\/noticias\/setembro-verde-convento-da-penha-realiza-missa-pelos-doadores-de-orgaos.html#breadcrumb"},"inLanguage":"pt-BR","potentialAction":[{"@type":"ReadAction","target":["https:\/\/franciscanos.org.br\/noticias\/setembro-verde-convento-da-penha-realiza-missa-pelos-doadores-de-orgaos.html"]}]},{"@type":"BreadcrumbList","@id":"https:\/\/franciscanos.org.br\/noticias\/setembro-verde-convento-da-penha-realiza-missa-pelos-doadores-de-orgaos.html#breadcrumb","itemListElement":[{"@type":"ListItem","position":1,"name":"Home","item":"https:\/\/franciscanos.org.br\/noticias"},{"@type":"ListItem","position":2,"name":"Setembro Verde: Convento da Penha realiza Missa pelos doadores de \u00f3rg\u00e3os"}]},{"@type":"Person","@id":"https:\/\/franciscanos.org.br\/noticias\/#\/schema\/person\/d9422e83121c3ad3b0f423d195f5bb25","name":"Adriana Rabelo","image":{"@type":"ImageObject","inLanguage":"pt-BR","@id":"https:\/\/franciscanos.org.br\/noticias\/#\/schema\/person\/image\/","url":"https:\/\/secure.gravatar.com\/avatar\/0a937b7500cd7df77540cfb8bede877d?s=96&d=mm&r=g","contentUrl":"https:\/\/secure.gravatar.com\/avatar\/0a937b7500cd7df77540cfb8bede877d?s=96&d=mm&r=g","caption":"Adriana Rabelo"},"url":"https:\/\/franciscanos.org.br\/noticias\/author\/adrianarabelo"}]}},"_links":{"self":[{"href":"https:\/\/franciscanos.org.br\/noticias\/wp-json\/wp\/v2\/posts\/260511"}],"collection":[{"href":"https:\/\/franciscanos.org.br\/noticias\/wp-json\/wp\/v2\/posts"}],"about":[{"href":"https:\/\/franciscanos.org.br\/noticias\/wp-json\/wp\/v2\/types\/post"}],"author":[{"embeddable":true,"href":"https:\/\/franciscanos.org.br\/noticias\/wp-json\/wp\/v2\/users\/11"}],"replies":[{"embeddable":true,"href":"https:\/\/franciscanos.org.br\/noticias\/wp-json\/wp\/v2\/comments?post=260511"}],"version-history":[{"count":8,"href":"https:\/\/franciscanos.org.br\/noticias\/wp-json\/wp\/v2\/posts\/260511\/revisions"}],"predecessor-version":[{"id":260528,"href":"https:\/\/franciscanos.org.br\/noticias\/wp-json\/wp\/v2\/posts\/260511\/revisions\/260528"}],"wp:featuredmedia":[{"embeddable":true,"href":"https:\/\/franciscanos.org.br\/noticias\/wp-json\/wp\/v2\/media\/260512"}],"wp:attachment":[{"href":"https:\/\/franciscanos.org.br\/noticias\/wp-json\/wp\/v2\/media?parent=260511"}],"wp:term":[{"taxonomy":"category","embeddable":true,"href":"https:\/\/franciscanos.org.br\/noticias\/wp-json\/wp\/v2\/categories?post=260511"},{"taxonomy":"post_tag","embeddable":true,"href":"https:\/\/franciscanos.org.br\/noticias\/wp-json\/wp\/v2\/tags?post=260511"}],"curies":[{"name":"wp","href":"https:\/\/api.w.org\/{rel}","templated":true}]}}