{"id":260490,"date":"2025-09-25T13:31:20","date_gmt":"2025-09-25T16:31:20","guid":{"rendered":"https:\/\/franciscanos.org.br\/noticias\/?p=260490"},"modified":"2025-09-26T11:30:02","modified_gmt":"2025-09-26T14:30:02","slug":"fundacao-imaculada-mae-de-deus-de-angola-celebra-35-anos-de-missao","status":"publish","type":"post","link":"https:\/\/franciscanos.org.br\/noticias\/fundacao-imaculada-mae-de-deus-de-angola-celebra-35-anos-de-missao.html","title":{"rendered":"Funda\u00e7\u00e3o Imaculada M\u00e3e de Deus de Angola celebra 35 anos de miss\u00e3o"},"content":{"rendered":"<p><img loading=\"lazy\" class=\"aligncenter wp-image-260506 size-full\" src=\"https:\/\/franciscanos.org.br\/noticias\/wp-content\/uploads\/2025\/09\/FIMDA-800.png\" alt=\"\" width=\"800\" height=\"550\" srcset=\"https:\/\/franciscanos.org.br\/noticias\/wp-content\/uploads\/2025\/09\/FIMDA-800.png 800w, https:\/\/franciscanos.org.br\/noticias\/wp-content\/uploads\/2025\/09\/FIMDA-800-450x309.png 450w, https:\/\/franciscanos.org.br\/noticias\/wp-content\/uploads\/2025\/09\/FIMDA-800-768x528.png 768w, https:\/\/franciscanos.org.br\/noticias\/wp-content\/uploads\/2025\/09\/FIMDA-800-150x103.png 150w, https:\/\/franciscanos.org.br\/noticias\/wp-content\/uploads\/2025\/09\/FIMDA-800-320x220.png 320w\" sizes=\"(max-width: 800px) 100vw, 800px\" \/><\/p>\n<p>Hoje \u00e9 uma data especial para a Funda\u00e7\u00e3o Franciscana da Imaculada M\u00e3e de Deus de Angola. H\u00e1 35 anos, chegavam os primeiros frades da Prov\u00edncia Franciscana da Imaculada Concei\u00e7\u00e3o em terras angolanas com a inten\u00e7\u00e3o de firmar os primeiros passos da Ordem dos Frades Menores no pa\u00eds. Estes eram Frei Pl\u00ednio Gande da Silva, Frei Jos\u00e9 Zanchet e Frei Pedro Caron.<\/p>\n<p>\u201cEst\u00e3o dispostos a renunciar seus modos culturais de viver, fazendo todo o esfor\u00e7o para levar a \u2018Paz e o bem\u2019 na conviv\u00eancia plena com uma nova cultura? \u201d. Com esta provoca\u00e7\u00e3o feita pelo Ministro provincial da \u00e9poca, Frei Est\u00eav\u00e3o Ottenbreit, na Missa do Envio, no dia 16 de setembro de 1990, no Semin\u00e1rio de Agudos (SP), os mission\u00e1rios seguiram para o territ\u00f3rio angolano logo em seguida, no dia 25 de setembro.<\/p>\n\n\t\t<style type=\"text\/css\">\n\t\t\t#gallery-1 {\n\t\t\t\tmargin: auto;\n\t\t\t}\n\t\t\t#gallery-1 .gallery-item {\n\t\t\t\tfloat: left;\n\t\t\t\tmargin-top: 10px;\n\t\t\t\ttext-align: center;\n\t\t\t\twidth: 33%;\n\t\t\t}\n\t\t\t#gallery-1 img {\n\t\t\t\tborder: 2px solid #cfcfcf;\n\t\t\t}\n\t\t\t#gallery-1 .gallery-caption {\n\t\t\t\tmargin-left: 0;\n\t\t\t}\n\t\t\t\/* see gallery_shortcode() in wp-includes\/media.php *\/\n\t\t<\/style>\n\t\t<div id='gallery-1' class='gallery galleryid-260490 gallery-columns-3 gallery-size-thumbnail'><dl class='gallery-item'>\n\t\t\t<dt class='gallery-icon landscape'>\n\t\t\t\t<a href='https:\/\/franciscanos.org.br\/noticias\/wp-content\/uploads\/2025\/09\/HISTORICA-1.jpg'><img width=\"300\" height=\"300\" src=\"https:\/\/franciscanos.org.br\/noticias\/wp-content\/uploads\/2025\/09\/HISTORICA-1-300x300.jpg\" class=\"attachment-thumbnail size-thumbnail\" alt=\"\" loading=\"lazy\" srcset=\"https:\/\/franciscanos.org.br\/noticias\/wp-content\/uploads\/2025\/09\/HISTORICA-1-300x300.jpg 300w, https:\/\/franciscanos.org.br\/noticias\/wp-content\/uploads\/2025\/09\/HISTORICA-1-100x100.jpg 100w\" sizes=\"(max-width: 300px) 100vw, 300px\" \/><\/a>\n\t\t\t<\/dt><\/dl><dl class='gallery-item'>\n\t\t\t<dt class='gallery-icon landscape'>\n\t\t\t\t<a href='https:\/\/franciscanos.org.br\/noticias\/wp-content\/uploads\/2025\/09\/HISTORICA-2.jpg'><img width=\"300\" height=\"300\" src=\"https:\/\/franciscanos.org.br\/noticias\/wp-content\/uploads\/2025\/09\/HISTORICA-2-300x300.jpg\" class=\"attachment-thumbnail size-thumbnail\" alt=\"\" loading=\"lazy\" srcset=\"https:\/\/franciscanos.org.br\/noticias\/wp-content\/uploads\/2025\/09\/HISTORICA-2-300x300.jpg 300w, https:\/\/franciscanos.org.br\/noticias\/wp-content\/uploads\/2025\/09\/HISTORICA-2-100x100.jpg 100w\" sizes=\"(max-width: 300px) 100vw, 300px\" \/><\/a>\n\t\t\t<\/dt><\/dl><dl class='gallery-item'>\n\t\t\t<dt class='gallery-icon landscape'>\n\t\t\t\t<a href='https:\/\/franciscanos.org.br\/noticias\/wp-content\/uploads\/2025\/09\/Angola-10-scaled.jpg'><img width=\"300\" height=\"300\" src=\"https:\/\/franciscanos.org.br\/noticias\/wp-content\/uploads\/2025\/09\/Angola-10-300x300.jpg\" class=\"attachment-thumbnail size-thumbnail\" alt=\"\" loading=\"lazy\" srcset=\"https:\/\/franciscanos.org.br\/noticias\/wp-content\/uploads\/2025\/09\/Angola-10-300x300.jpg 300w, https:\/\/franciscanos.org.br\/noticias\/wp-content\/uploads\/2025\/09\/Angola-10-100x100.jpg 100w\" sizes=\"(max-width: 300px) 100vw, 300px\" \/><\/a>\n\t\t\t<\/dt><\/dl><br style=\"clear: both\" \/>\n\t\t<\/div>\n\n<p>Trinta e cinco anos depois, a Funda\u00e7\u00e3o vive um tempo novo de amadurecimento ap\u00f3s sua longa jornada de florescimento e estabelecimento da presen\u00e7a franciscana em Angola. S\u00e3o, atualmente, 90 frades angolanos que, ainda que oficialmente est\u00e3o vinculados \u00e0 Prov\u00edncia da Imaculada, s\u00e3o reconhecidos como membros de uma entidade dentro dela, com identidade pr\u00f3pria e inculturada na realidade local.<\/p>\n<p><img loading=\"lazy\" class=\"aligncenter wp-image-260498 size-full\" src=\"https:\/\/franciscanos.org.br\/noticias\/wp-content\/uploads\/2025\/09\/MATERIA2-11.jpg\" alt=\"\" width=\"1280\" height=\"720\" srcset=\"https:\/\/franciscanos.org.br\/noticias\/wp-content\/uploads\/2025\/09\/MATERIA2-11.jpg 1280w, https:\/\/franciscanos.org.br\/noticias\/wp-content\/uploads\/2025\/09\/MATERIA2-11-450x253.jpg 450w, https:\/\/franciscanos.org.br\/noticias\/wp-content\/uploads\/2025\/09\/MATERIA2-11-1024x576.jpg 1024w, https:\/\/franciscanos.org.br\/noticias\/wp-content\/uploads\/2025\/09\/MATERIA2-11-768x432.jpg 768w, https:\/\/franciscanos.org.br\/noticias\/wp-content\/uploads\/2025\/09\/MATERIA2-11-150x84.jpg 150w\" sizes=\"(max-width: 1280px) 100vw, 1280px\" \/><\/p>\n<p>O ano de 2025, portanto, e especificamente o dia de hoje, marca 35 anos dessa hist\u00f3ria que se abre a um belo e novo horizonte a ser inaugurado no pr\u00f3ximo dia 16 de outubro, quando a Funda\u00e7\u00e3o se tornar\u00e1 uma Cust\u00f3dia Dependente da Prov\u00edncia da Imaculada, erigida pelo Ministro geral, Frei Massimo Fusarelli, ap\u00f3s o Cap\u00edtulo que ser\u00e1 celebrado entre os dias 13 e 15 do mesmo m\u00eas, na Fraternidade S\u00e3o Francisco de Assis, no Palanca.<\/p>\n<h3><strong>A celebra\u00e7\u00e3o dos 35 anos da FIMDA<\/strong><\/h3>\n<p>Logo ao alvorecer desta quinta-feira (25\/09), \u00e0s 7h da manh\u00e3, foi celebrada solenemente a Santa Missa, em louvor a mem\u00f3ria viva que enriquece e ilumina a caminhada fraterna e mission\u00e1ria da Funda\u00e7\u00e3o, na Fraternidade Santo Ant\u00f3nio, em Quibala, Angola.<\/p>\n<p>A Celebra\u00e7\u00e3o Eucar\u00edstica foi presidida por Frei Marco Antonio dos Santos, mestre do Noviciado. Estiveram presentes tamb\u00e9m os membros do conselho, Frei Ivair Bueno de Carvalho, Frei Ermelindo Francisco Bambi e Frei Jos\u00e9 Morais Cambolo, al\u00e9m dos frades em tempo de ano mission\u00e1rio, vindos de diversas fraternidades, novi\u00e7os e fi\u00e9is que se uniram em comunh\u00e3o de f\u00e9.<\/p>\n<p>No in\u00edcio da celebra\u00e7\u00e3o, recordou-se com gratid\u00e3o a chegada dos primeiros frades enviados do Brasil a Angola, atendendo ao apelo do Cap\u00edtulo Provincial de 1988 que, preparando o centen\u00e1rio da restaura\u00e7\u00e3o da Prov\u00edncia pelos frades alem\u00e3es, em 1991, assumiu o compromisso mission\u00e1rio em terras africanas.<\/p>\n\n\t\t<style type=\"text\/css\">\n\t\t\t#gallery-2 {\n\t\t\t\tmargin: auto;\n\t\t\t}\n\t\t\t#gallery-2 .gallery-item {\n\t\t\t\tfloat: left;\n\t\t\t\tmargin-top: 10px;\n\t\t\t\ttext-align: center;\n\t\t\t\twidth: 33%;\n\t\t\t}\n\t\t\t#gallery-2 img {\n\t\t\t\tborder: 2px solid #cfcfcf;\n\t\t\t}\n\t\t\t#gallery-2 .gallery-caption {\n\t\t\t\tmargin-left: 0;\n\t\t\t}\n\t\t\t\/* see gallery_shortcode() in wp-includes\/media.php *\/\n\t\t<\/style>\n\t\t<div id='gallery-2' class='gallery galleryid-260490 gallery-columns-3 gallery-size-thumbnail'><dl class='gallery-item'>\n\t\t\t<dt class='gallery-icon landscape'>\n\t\t\t\t<a href='https:\/\/franciscanos.org.br\/noticias\/wp-content\/uploads\/2025\/09\/HISTORICA-1.jpg'><img width=\"300\" height=\"300\" src=\"https:\/\/franciscanos.org.br\/noticias\/wp-content\/uploads\/2025\/09\/HISTORICA-1-300x300.jpg\" class=\"attachment-thumbnail size-thumbnail\" alt=\"\" loading=\"lazy\" srcset=\"https:\/\/franciscanos.org.br\/noticias\/wp-content\/uploads\/2025\/09\/HISTORICA-1-300x300.jpg 300w, https:\/\/franciscanos.org.br\/noticias\/wp-content\/uploads\/2025\/09\/HISTORICA-1-100x100.jpg 100w\" sizes=\"(max-width: 300px) 100vw, 300px\" \/><\/a>\n\t\t\t<\/dt><\/dl><dl class='gallery-item'>\n\t\t\t<dt class='gallery-icon landscape'>\n\t\t\t\t<a href='https:\/\/franciscanos.org.br\/noticias\/wp-content\/uploads\/2025\/09\/HISTORICA-2.jpg'><img width=\"300\" height=\"300\" src=\"https:\/\/franciscanos.org.br\/noticias\/wp-content\/uploads\/2025\/09\/HISTORICA-2-300x300.jpg\" class=\"attachment-thumbnail size-thumbnail\" alt=\"\" loading=\"lazy\" srcset=\"https:\/\/franciscanos.org.br\/noticias\/wp-content\/uploads\/2025\/09\/HISTORICA-2-300x300.jpg 300w, https:\/\/franciscanos.org.br\/noticias\/wp-content\/uploads\/2025\/09\/HISTORICA-2-100x100.jpg 100w\" sizes=\"(max-width: 300px) 100vw, 300px\" \/><\/a>\n\t\t\t<\/dt><\/dl><dl class='gallery-item'>\n\t\t\t<dt class='gallery-icon landscape'>\n\t\t\t\t<a href='https:\/\/franciscanos.org.br\/noticias\/wp-content\/uploads\/2025\/09\/Angola-10-scaled.jpg'><img width=\"300\" height=\"300\" src=\"https:\/\/franciscanos.org.br\/noticias\/wp-content\/uploads\/2025\/09\/Angola-10-300x300.jpg\" class=\"attachment-thumbnail size-thumbnail\" alt=\"\" loading=\"lazy\" srcset=\"https:\/\/franciscanos.org.br\/noticias\/wp-content\/uploads\/2025\/09\/Angola-10-300x300.jpg 300w, https:\/\/franciscanos.org.br\/noticias\/wp-content\/uploads\/2025\/09\/Angola-10-100x100.jpg 100w\" sizes=\"(max-width: 300px) 100vw, 300px\" \/><\/a>\n\t\t\t<\/dt><\/dl><br style=\"clear: both\" \/>\n\t\t<\/div>\n\n<p>Essa decis\u00e3o foi refor\u00e7ada pela carta do ent\u00e3o Ministro geral, Frei John Vaughn, de 16 de janeiro de 1982 intitulada \u201cA \u00c1frica nos chama: uma nova presen\u00e7a da nossa Ordem na \u00c1frica\u201d. Nela, os frades eram exortados a manter o cora\u00e7\u00e3o mission\u00e1rio aberto ao chamado deste continente. Assim, os primeiros confrades levaram consigo, por inspira\u00e7\u00e3o divina, a esperan\u00e7a de serem irm\u00e3os entre irm\u00e3os, testemunhando com simplicidade evang\u00e9lica a paz e o bem.<\/p>\n<p>No esp\u00edrito das grandes festividades que a Ordem Franciscana tem vivido, particularmente pelo jubileu dos 350 anos da Prov\u00edncia Franciscana da Imaculada Concei\u00e7\u00e3o do Brasil e dos 35 anos da Funda\u00e7\u00e3o Imaculada M\u00e3e de Deus de Angola, Frei Ivair, em sua reflex\u00e3o, lembrou aos presentes que todos os frades fazem parte de uma tradi\u00e7\u00e3o franciscana que S\u00e3o Francisco de Assis e seus companheiros viveram por inspira\u00e7\u00e3o divina. \u201cCelebrar os 35 anos da presen\u00e7a franciscana em terras angolanas, como legado vivo dos primeiros frades que aqui chegaram, \u00e9 reconhecer que, pela for\u00e7a do Esp\u00edrito Santo, esse carisma se renova a cada dia, impulsionando-nos a seguir Nosso Senhor Jesus Cristo com testemunho de minoridade e fraternidade\u201d, salientou.<\/p>\n<p>Segundo o frade, ao celebrar o jubileu deste ano, \u201celevamos um hino de louvor e gratid\u00e3o a Deus, que nos concedeu a gra\u00e7a de continuar a miss\u00e3o de sermos irm\u00e3os menores a servi\u00e7o do Evangelho. Fortalecidos pelo testemunho do passado, firmes nas exig\u00eancias do presente e esperan\u00e7osos em rela\u00e7\u00e3o ao futuro, desejamos que esta a\u00e7\u00e3o de gra\u00e7as produza frutos abundantes na vida da FIMDA e da Igreja em Angola\u201d.<\/p>\n<h3><strong>Caminho de amadurecimento e miss\u00e3o<\/strong><\/h3>\n<p>A futura Cust\u00f3dia iniciar\u00e1 sua hist\u00f3ria em uma realidade est\u00e1vel e com promissoras perspectivas de crescimento. A entidade conta com sete fraternidades presentes em tr\u00eas prov\u00edncias (equivalentes aos estados brasileiros) e cinco cidades diferentes. S\u00e3o 27 frades que j\u00e1 possuem v\u00ednculos permanentes com a Ordem, dos quais 14 s\u00e3o ordenados presb\u00edteros. Conta, ainda, com outros 54 frades que se encontram em tempo de profiss\u00e3o tempor\u00e1ria, renovando seus votos anualmente e concluindo sua forma\u00e7\u00e3o como Frades Menores, que se disp\u00f5em \u00e0 fidelidade ao chamado vocacional \u00e0 vida franciscana, a dar testemunho claro de sua f\u00e9 e espiritualidade \u00e0s pessoas e a servi-las da melhor forma que puderem. A entidade forma, atualmente, nove frades novi\u00e7os que percorrem um ano de intensa introdu\u00e7\u00e3o \u00e0 forma de vida franciscana e, ao final desse tempo, ir\u00e3o professar pela primeira vez seus votos religiosos.<\/p>\n<p><img loading=\"lazy\" class=\"aligncenter wp-image-260499 size-full\" src=\"https:\/\/franciscanos.org.br\/noticias\/wp-content\/uploads\/2025\/09\/MATERIA-4-9.jpg\" alt=\"\" width=\"1280\" height=\"720\" srcset=\"https:\/\/franciscanos.org.br\/noticias\/wp-content\/uploads\/2025\/09\/MATERIA-4-9.jpg 1280w, https:\/\/franciscanos.org.br\/noticias\/wp-content\/uploads\/2025\/09\/MATERIA-4-9-450x253.jpg 450w, https:\/\/franciscanos.org.br\/noticias\/wp-content\/uploads\/2025\/09\/MATERIA-4-9-1024x576.jpg 1024w, https:\/\/franciscanos.org.br\/noticias\/wp-content\/uploads\/2025\/09\/MATERIA-4-9-768x432.jpg 768w, https:\/\/franciscanos.org.br\/noticias\/wp-content\/uploads\/2025\/09\/MATERIA-4-9-150x84.jpg 150w\" sizes=\"(max-width: 1280px) 100vw, 1280px\" \/><\/p>\n<p>Al\u00e9m desses irm\u00e3os, tr\u00eas frades brasileiros permanecem em Angola a servi\u00e7o das fraternidades e do povo local, atuando junto aos frades angolanos na evangeliza\u00e7\u00e3o e forma\u00e7\u00e3o. S\u00e3o eles: Frei Ivair Bueno de Carvalho, o atual Presidente da Funda\u00e7\u00e3o; Frei Andr\u00e9 Luiz da Rocha Henriques, p\u00e1roco da Par\u00f3quia S\u00e3o Lucas, no Palanca; e Frei Marco Antonio dos Santos, atual Conselheiro e Mestre dos novi\u00e7os. Al\u00e9m deles, dezenas de outros frades brasileiros j\u00e1 estiveram em Angola, dedicando-se a esta espec\u00edfica miss\u00e3o.<\/p>\n<p>Para a nascente Cust\u00f3dia, o primeiro Cust\u00f3dio e seu conselho ser\u00e3o nomeados diretamente pelo Ministro geral e ter\u00e3o a importante miss\u00e3o de manter em andamento o processo de transi\u00e7\u00e3o necess\u00e1rio para firmar definitivamente a estrutura da nova entidade e, esperan\u00e7osamente, lev\u00e1-la \u00e0s condi\u00e7\u00f5es necess\u00e1rias para se tornar, um dia, uma futura Prov\u00edncia da Ordem dos Frades Menores.<\/p>\n\n\t\t<style type=\"text\/css\">\n\t\t\t#gallery-3 {\n\t\t\t\tmargin: auto;\n\t\t\t}\n\t\t\t#gallery-3 .gallery-item {\n\t\t\t\tfloat: left;\n\t\t\t\tmargin-top: 10px;\n\t\t\t\ttext-align: center;\n\t\t\t\twidth: 25%;\n\t\t\t}\n\t\t\t#gallery-3 img {\n\t\t\t\tborder: 2px solid #cfcfcf;\n\t\t\t}\n\t\t\t#gallery-3 .gallery-caption {\n\t\t\t\tmargin-left: 0;\n\t\t\t}\n\t\t\t\/* see gallery_shortcode() in wp-includes\/media.php *\/\n\t\t<\/style>\n\t\t<div id='gallery-3' class='gallery galleryid-260490 gallery-columns-4 gallery-size-thumbnail'><dl class='gallery-item'>\n\t\t\t<dt class='gallery-icon portrait'>\n\t\t\t\t<a href='https:\/\/franciscanos.org.br\/noticias\/wp-content\/uploads\/2025\/09\/folder-4.jpg'><img width=\"300\" height=\"300\" src=\"https:\/\/franciscanos.org.br\/noticias\/wp-content\/uploads\/2025\/09\/folder-4-300x300.jpg\" class=\"attachment-thumbnail size-thumbnail\" alt=\"\" loading=\"lazy\" srcset=\"https:\/\/franciscanos.org.br\/noticias\/wp-content\/uploads\/2025\/09\/folder-4-300x300.jpg 300w, https:\/\/franciscanos.org.br\/noticias\/wp-content\/uploads\/2025\/09\/folder-4-100x100.jpg 100w\" sizes=\"(max-width: 300px) 100vw, 300px\" \/><\/a>\n\t\t\t<\/dt><\/dl><dl class='gallery-item'>\n\t\t\t<dt class='gallery-icon landscape'>\n\t\t\t\t<a href='https:\/\/franciscanos.org.br\/noticias\/wp-content\/uploads\/2025\/09\/folder-6.jpeg'><img width=\"300\" height=\"300\" src=\"https:\/\/franciscanos.org.br\/noticias\/wp-content\/uploads\/2025\/09\/folder-6-300x300.jpeg\" class=\"attachment-thumbnail size-thumbnail\" alt=\"\" loading=\"lazy\" srcset=\"https:\/\/franciscanos.org.br\/noticias\/wp-content\/uploads\/2025\/09\/folder-6-300x300.jpeg 300w, https:\/\/franciscanos.org.br\/noticias\/wp-content\/uploads\/2025\/09\/folder-6-100x100.jpeg 100w\" sizes=\"(max-width: 300px) 100vw, 300px\" \/><\/a>\n\t\t\t<\/dt><\/dl><dl class='gallery-item'>\n\t\t\t<dt class='gallery-icon landscape'>\n\t\t\t\t<a href='https:\/\/franciscanos.org.br\/noticias\/wp-content\/uploads\/2025\/09\/folder-11-scaled.jpg'><img width=\"300\" height=\"300\" src=\"https:\/\/franciscanos.org.br\/noticias\/wp-content\/uploads\/2025\/09\/folder-11-300x300.jpg\" class=\"attachment-thumbnail size-thumbnail\" alt=\"\" loading=\"lazy\" srcset=\"https:\/\/franciscanos.org.br\/noticias\/wp-content\/uploads\/2025\/09\/folder-11-300x300.jpg 300w, https:\/\/franciscanos.org.br\/noticias\/wp-content\/uploads\/2025\/09\/folder-11-100x100.jpg 100w\" sizes=\"(max-width: 300px) 100vw, 300px\" \/><\/a>\n\t\t\t<\/dt><\/dl><dl class='gallery-item'>\n\t\t\t<dt class='gallery-icon landscape'>\n\t\t\t\t<a href='https:\/\/franciscanos.org.br\/noticias\/wp-content\/uploads\/2025\/09\/foto1-1-scaled.jpg'><img width=\"300\" height=\"300\" src=\"https:\/\/franciscanos.org.br\/noticias\/wp-content\/uploads\/2025\/09\/foto1-1-300x300.jpg\" class=\"attachment-thumbnail size-thumbnail\" alt=\"\" loading=\"lazy\" srcset=\"https:\/\/franciscanos.org.br\/noticias\/wp-content\/uploads\/2025\/09\/foto1-1-300x300.jpg 300w, https:\/\/franciscanos.org.br\/noticias\/wp-content\/uploads\/2025\/09\/foto1-1-100x100.jpg 100w\" sizes=\"(max-width: 300px) 100vw, 300px\" \/><\/a>\n\t\t\t<\/dt><\/dl><br style=\"clear: both\" \/>\n\t\t<\/div>\n\n<p>Contribuindo com a forma\u00e7\u00e3o desses frades, a Prov\u00edncia da Imaculada j\u00e1 acolhe parte deles para que realizem seus estudos teol\u00f3gicos ou completem sua forma\u00e7\u00e3o em prepara\u00e7\u00e3o para a profiss\u00e3o solene \u2014 quando se tornam permanentemente irm\u00e3os da Ordem dos Frades Menores. Para a manuten\u00e7\u00e3o das fraternidades e da forma\u00e7\u00e3o dos irm\u00e3os ainda em Angola, a campanha permanente do Pr\u00f3-Voca\u00e7\u00f5es e Miss\u00f5es Franciscanas, que re\u00fane centenas de benfeitores pelo Brasil e, agora, tamb\u00e9m em Angola, dever\u00e1 ser mantida para garantir a forma\u00e7\u00e3o das pr\u00f3ximas gera\u00e7\u00f5es nos dois pa\u00edses.<\/p>\n<p>Que Nossa Senhora da Concei\u00e7\u00e3o da Muxima, padroeira de Angola, interceda por este momento da hist\u00f3ria da Ordem em terras angolanas. Que nosso Ser\u00e1fico Pai, S\u00e3o Francisco de Assis, continue acompanhando seus passos e que este tempo de celebra\u00e7\u00e3o se estenda n\u00e3o s\u00f3 por uma data hist\u00f3rica, mas por cada vida e trabalho realizado pelos irm\u00e3os em Angola.<\/p>\n<p><img loading=\"lazy\" class=\"aligncenter wp-image-260508 size-full\" src=\"https:\/\/franciscanos.org.br\/noticias\/wp-content\/uploads\/2025\/09\/materia-8-2.jpg\" alt=\"\" width=\"1280\" height=\"720\" srcset=\"https:\/\/franciscanos.org.br\/noticias\/wp-content\/uploads\/2025\/09\/materia-8-2.jpg 1280w, https:\/\/franciscanos.org.br\/noticias\/wp-content\/uploads\/2025\/09\/materia-8-2-450x253.jpg 450w, https:\/\/franciscanos.org.br\/noticias\/wp-content\/uploads\/2025\/09\/materia-8-2-1024x576.jpg 1024w, https:\/\/franciscanos.org.br\/noticias\/wp-content\/uploads\/2025\/09\/materia-8-2-768x432.jpg 768w, https:\/\/franciscanos.org.br\/noticias\/wp-content\/uploads\/2025\/09\/materia-8-2-150x84.jpg 150w\" sizes=\"(max-width: 1280px) 100vw, 1280px\" \/><\/p>\n<h3><strong>Diferen\u00e7a entre uma Funda\u00e7\u00e3o e uma Cust\u00f3dia Dependente<\/strong><\/h3>\n<p>Para esclarecer o significado deste marco hist\u00f3rico: uma Funda\u00e7\u00e3o \u00e9 um agrupamento de fraternidades de uma Prov\u00edncia, reunidas por motivos geogr\u00e1ficos ou culturais, para as quais \u00e9 nomeado, pelo Ministro provincial, um Presidente que tem como miss\u00e3o animar a vida e a evangeliza\u00e7\u00e3o dessas fraternidades, ser uma presen\u00e7a mais pr\u00f3xima do Ministro provincial localmente e intermediar as necessidades dos irm\u00e3os dessas fraternidades, levando seus assuntos ao conhecimento do Ministro e \u00e0 sua decis\u00e3o para, depois, comunic\u00e1-las e zelar por sua aplica\u00e7\u00e3o.<\/p>\n<p>Uma Cust\u00f3dia Dependente, por sua vez, \u00e9 uma entidade \u00e0 parte da Prov\u00edncia, ainda que conserve certo grau de liga\u00e7\u00e3o e depend\u00eancia com uma Prov\u00edncia ou com a C\u00faria geral diretamente. \u00c9 eleito para esta Cust\u00f3dia um Cust\u00f3dio e um conselho que dever\u00e3o animar a vida e a miss\u00e3o das fraternidades que a comp\u00f5em e deliberar sobre as quest\u00f5es que a envolvem \u2014 ainda que, para alguns desses assuntos, n\u00e3o tenham plena autonomia de decis\u00e3o. A rela\u00e7\u00e3o entre uma Cust\u00f3dia Dependente e a Prov\u00edncia \u00e9 regida pelos Estatutos Gerais da Ordem e pelos conv\u00eanios estabelecidos entre as entidades.<\/p>\n<hr \/>\n<p><em>Frei Rodrigo da Silva Santos e Frades em Tempo do Ano Mission\u00e1rio FIMDA<\/em><\/p>\n","protected":false},"excerpt":{"rendered":"<p>Jubileu Funda\u00e7\u00e3o Imaculada M\u00e3e de Deus de Angola<\/p>\n","protected":false},"author":11,"featured_media":260506,"comment_status":"open","ping_status":"open","sticky":false,"template":"","format":"standard","meta":[],"categories":[1],"tags":[195],"acf":[],"yoast_head":"<!-- This site is optimized with the Yoast SEO plugin v19.2 - https:\/\/yoast.com\/wordpress\/plugins\/seo\/ -->\n<title>Funda\u00e7\u00e3o Imaculada M\u00e3e de Deus de Angola celebra 35 anos de miss\u00e3o - Not\u00edcias - Franciscanos<\/title>\n<meta name=\"robots\" content=\"index, follow, max-snippet:-1, max-image-preview:large, max-video-preview:-1\" \/>\n<link rel=\"canonical\" href=\"https:\/\/franciscanos.org.br\/noticias\/fundacao-imaculada-mae-de-deus-de-angola-celebra-35-anos-de-missao.html\" \/>\n<meta property=\"og:locale\" content=\"pt_BR\" \/>\n<meta property=\"og:type\" content=\"article\" \/>\n<meta property=\"og:title\" content=\"Funda\u00e7\u00e3o Imaculada M\u00e3e de Deus de Angola celebra 35 anos de miss\u00e3o - Not\u00edcias - Franciscanos\" \/>\n<meta property=\"og:description\" content=\"Jubileu Funda\u00e7\u00e3o Imaculada M\u00e3e de Deus de Angola\" \/>\n<meta property=\"og:url\" content=\"https:\/\/franciscanos.org.br\/noticias\/fundacao-imaculada-mae-de-deus-de-angola-celebra-35-anos-de-missao.html\" \/>\n<meta property=\"og:site_name\" content=\"Not\u00edcias - Franciscanos\" \/>\n<meta property=\"article:published_time\" content=\"2025-09-25T16:31:20+00:00\" \/>\n<meta property=\"article:modified_time\" content=\"2025-09-26T14:30:02+00:00\" \/>\n<meta property=\"og:image\" content=\"https:\/\/franciscanos.org.br\/noticias\/wp-content\/uploads\/2025\/09\/FIMDA-800.png\" \/>\n\t<meta property=\"og:image:width\" content=\"800\" \/>\n\t<meta property=\"og:image:height\" content=\"550\" \/>\n\t<meta property=\"og:image:type\" content=\"image\/png\" \/>\n<meta name=\"author\" content=\"Adriana Rabelo\" \/>\n<meta name=\"twitter:card\" content=\"summary_large_image\" \/>\n<meta name=\"twitter:label1\" content=\"Escrito por\" \/>\n\t<meta name=\"twitter:data1\" content=\"Adriana Rabelo\" \/>\n\t<meta name=\"twitter:label2\" content=\"Est. tempo de leitura\" \/>\n\t<meta name=\"twitter:data2\" content=\"7 minutos\" \/>\n<script type=\"application\/ld+json\" class=\"yoast-schema-graph\">{\"@context\":\"https:\/\/schema.org\",\"@graph\":[{\"@type\":\"WebSite\",\"@id\":\"https:\/\/franciscanos.org.br\/noticias\/#website\",\"url\":\"https:\/\/franciscanos.org.br\/noticias\/\",\"name\":\"Not\u00edcias - Franciscanos\",\"description\":\"Prov\u00edncia Franciscana da Imaculada Concei\u00e7\u00e3o do Brasil - Ordem dos Frades Menores - OFM\",\"potentialAction\":[{\"@type\":\"SearchAction\",\"target\":{\"@type\":\"EntryPoint\",\"urlTemplate\":\"https:\/\/franciscanos.org.br\/noticias\/?s={search_term_string}\"},\"query-input\":\"required name=search_term_string\"}],\"inLanguage\":\"pt-BR\"},{\"@type\":\"ImageObject\",\"inLanguage\":\"pt-BR\",\"@id\":\"https:\/\/franciscanos.org.br\/noticias\/fundacao-imaculada-mae-de-deus-de-angola-celebra-35-anos-de-missao.html#primaryimage\",\"url\":\"https:\/\/franciscanos.org.br\/noticias\/wp-content\/uploads\/2025\/09\/FIMDA-800.png\",\"contentUrl\":\"https:\/\/franciscanos.org.br\/noticias\/wp-content\/uploads\/2025\/09\/FIMDA-800.png\",\"width\":800,\"height\":550},{\"@type\":\"WebPage\",\"@id\":\"https:\/\/franciscanos.org.br\/noticias\/fundacao-imaculada-mae-de-deus-de-angola-celebra-35-anos-de-missao.html#webpage\",\"url\":\"https:\/\/franciscanos.org.br\/noticias\/fundacao-imaculada-mae-de-deus-de-angola-celebra-35-anos-de-missao.html\",\"name\":\"Funda\u00e7\u00e3o Imaculada M\u00e3e de Deus de Angola celebra 35 anos de miss\u00e3o - Not\u00edcias - Franciscanos\",\"isPartOf\":{\"@id\":\"https:\/\/franciscanos.org.br\/noticias\/#website\"},\"primaryImageOfPage\":{\"@id\":\"https:\/\/franciscanos.org.br\/noticias\/fundacao-imaculada-mae-de-deus-de-angola-celebra-35-anos-de-missao.html#primaryimage\"},\"datePublished\":\"2025-09-25T16:31:20+00:00\",\"dateModified\":\"2025-09-26T14:30:02+00:00\",\"author\":{\"@id\":\"https:\/\/franciscanos.org.br\/noticias\/#\/schema\/person\/d9422e83121c3ad3b0f423d195f5bb25\"},\"breadcrumb\":{\"@id\":\"https:\/\/franciscanos.org.br\/noticias\/fundacao-imaculada-mae-de-deus-de-angola-celebra-35-anos-de-missao.html#breadcrumb\"},\"inLanguage\":\"pt-BR\",\"potentialAction\":[{\"@type\":\"ReadAction\",\"target\":[\"https:\/\/franciscanos.org.br\/noticias\/fundacao-imaculada-mae-de-deus-de-angola-celebra-35-anos-de-missao.html\"]}]},{\"@type\":\"BreadcrumbList\",\"@id\":\"https:\/\/franciscanos.org.br\/noticias\/fundacao-imaculada-mae-de-deus-de-angola-celebra-35-anos-de-missao.html#breadcrumb\",\"itemListElement\":[{\"@type\":\"ListItem\",\"position\":1,\"name\":\"Home\",\"item\":\"https:\/\/franciscanos.org.br\/noticias\"},{\"@type\":\"ListItem\",\"position\":2,\"name\":\"Funda\u00e7\u00e3o Imaculada M\u00e3e de Deus de Angola celebra 35 anos de miss\u00e3o\"}]},{\"@type\":\"Person\",\"@id\":\"https:\/\/franciscanos.org.br\/noticias\/#\/schema\/person\/d9422e83121c3ad3b0f423d195f5bb25\",\"name\":\"Adriana Rabelo\",\"image\":{\"@type\":\"ImageObject\",\"inLanguage\":\"pt-BR\",\"@id\":\"https:\/\/franciscanos.org.br\/noticias\/#\/schema\/person\/image\/\",\"url\":\"https:\/\/secure.gravatar.com\/avatar\/0a937b7500cd7df77540cfb8bede877d?s=96&d=mm&r=g\",\"contentUrl\":\"https:\/\/secure.gravatar.com\/avatar\/0a937b7500cd7df77540cfb8bede877d?s=96&d=mm&r=g\",\"caption\":\"Adriana Rabelo\"},\"url\":\"https:\/\/franciscanos.org.br\/noticias\/author\/adrianarabelo\"}]}<\/script>\n<!-- \/ Yoast SEO plugin. -->","yoast_head_json":{"title":"Funda\u00e7\u00e3o Imaculada M\u00e3e de Deus de Angola celebra 35 anos de miss\u00e3o - Not\u00edcias - Franciscanos","robots":{"index":"index","follow":"follow","max-snippet":"max-snippet:-1","max-image-preview":"max-image-preview:large","max-video-preview":"max-video-preview:-1"},"canonical":"https:\/\/franciscanos.org.br\/noticias\/fundacao-imaculada-mae-de-deus-de-angola-celebra-35-anos-de-missao.html","og_locale":"pt_BR","og_type":"article","og_title":"Funda\u00e7\u00e3o Imaculada M\u00e3e de Deus de Angola celebra 35 anos de miss\u00e3o - Not\u00edcias - Franciscanos","og_description":"Jubileu Funda\u00e7\u00e3o Imaculada M\u00e3e de Deus de Angola","og_url":"https:\/\/franciscanos.org.br\/noticias\/fundacao-imaculada-mae-de-deus-de-angola-celebra-35-anos-de-missao.html","og_site_name":"Not\u00edcias - Franciscanos","article_published_time":"2025-09-25T16:31:20+00:00","article_modified_time":"2025-09-26T14:30:02+00:00","og_image":[{"width":800,"height":550,"url":"https:\/\/franciscanos.org.br\/noticias\/wp-content\/uploads\/2025\/09\/FIMDA-800.png","type":"image\/png"}],"author":"Adriana Rabelo","twitter_card":"summary_large_image","twitter_misc":{"Escrito por":"Adriana Rabelo","Est. tempo de leitura":"7 minutos"},"schema":{"@context":"https:\/\/schema.org","@graph":[{"@type":"WebSite","@id":"https:\/\/franciscanos.org.br\/noticias\/#website","url":"https:\/\/franciscanos.org.br\/noticias\/","name":"Not\u00edcias - Franciscanos","description":"Prov\u00edncia Franciscana da Imaculada Concei\u00e7\u00e3o do Brasil - Ordem dos Frades Menores - OFM","potentialAction":[{"@type":"SearchAction","target":{"@type":"EntryPoint","urlTemplate":"https:\/\/franciscanos.org.br\/noticias\/?s={search_term_string}"},"query-input":"required name=search_term_string"}],"inLanguage":"pt-BR"},{"@type":"ImageObject","inLanguage":"pt-BR","@id":"https:\/\/franciscanos.org.br\/noticias\/fundacao-imaculada-mae-de-deus-de-angola-celebra-35-anos-de-missao.html#primaryimage","url":"https:\/\/franciscanos.org.br\/noticias\/wp-content\/uploads\/2025\/09\/FIMDA-800.png","contentUrl":"https:\/\/franciscanos.org.br\/noticias\/wp-content\/uploads\/2025\/09\/FIMDA-800.png","width":800,"height":550},{"@type":"WebPage","@id":"https:\/\/franciscanos.org.br\/noticias\/fundacao-imaculada-mae-de-deus-de-angola-celebra-35-anos-de-missao.html#webpage","url":"https:\/\/franciscanos.org.br\/noticias\/fundacao-imaculada-mae-de-deus-de-angola-celebra-35-anos-de-missao.html","name":"Funda\u00e7\u00e3o Imaculada M\u00e3e de Deus de Angola celebra 35 anos de miss\u00e3o - Not\u00edcias - Franciscanos","isPartOf":{"@id":"https:\/\/franciscanos.org.br\/noticias\/#website"},"primaryImageOfPage":{"@id":"https:\/\/franciscanos.org.br\/noticias\/fundacao-imaculada-mae-de-deus-de-angola-celebra-35-anos-de-missao.html#primaryimage"},"datePublished":"2025-09-25T16:31:20+00:00","dateModified":"2025-09-26T14:30:02+00:00","author":{"@id":"https:\/\/franciscanos.org.br\/noticias\/#\/schema\/person\/d9422e83121c3ad3b0f423d195f5bb25"},"breadcrumb":{"@id":"https:\/\/franciscanos.org.br\/noticias\/fundacao-imaculada-mae-de-deus-de-angola-celebra-35-anos-de-missao.html#breadcrumb"},"inLanguage":"pt-BR","potentialAction":[{"@type":"ReadAction","target":["https:\/\/franciscanos.org.br\/noticias\/fundacao-imaculada-mae-de-deus-de-angola-celebra-35-anos-de-missao.html"]}]},{"@type":"BreadcrumbList","@id":"https:\/\/franciscanos.org.br\/noticias\/fundacao-imaculada-mae-de-deus-de-angola-celebra-35-anos-de-missao.html#breadcrumb","itemListElement":[{"@type":"ListItem","position":1,"name":"Home","item":"https:\/\/franciscanos.org.br\/noticias"},{"@type":"ListItem","position":2,"name":"Funda\u00e7\u00e3o Imaculada M\u00e3e de Deus de Angola celebra 35 anos de miss\u00e3o"}]},{"@type":"Person","@id":"https:\/\/franciscanos.org.br\/noticias\/#\/schema\/person\/d9422e83121c3ad3b0f423d195f5bb25","name":"Adriana Rabelo","image":{"@type":"ImageObject","inLanguage":"pt-BR","@id":"https:\/\/franciscanos.org.br\/noticias\/#\/schema\/person\/image\/","url":"https:\/\/secure.gravatar.com\/avatar\/0a937b7500cd7df77540cfb8bede877d?s=96&d=mm&r=g","contentUrl":"https:\/\/secure.gravatar.com\/avatar\/0a937b7500cd7df77540cfb8bede877d?s=96&d=mm&r=g","caption":"Adriana Rabelo"},"url":"https:\/\/franciscanos.org.br\/noticias\/author\/adrianarabelo"}]}},"_links":{"self":[{"href":"https:\/\/franciscanos.org.br\/noticias\/wp-json\/wp\/v2\/posts\/260490"}],"collection":[{"href":"https:\/\/franciscanos.org.br\/noticias\/wp-json\/wp\/v2\/posts"}],"about":[{"href":"https:\/\/franciscanos.org.br\/noticias\/wp-json\/wp\/v2\/types\/post"}],"author":[{"embeddable":true,"href":"https:\/\/franciscanos.org.br\/noticias\/wp-json\/wp\/v2\/users\/11"}],"replies":[{"embeddable":true,"href":"https:\/\/franciscanos.org.br\/noticias\/wp-json\/wp\/v2\/comments?post=260490"}],"version-history":[{"count":5,"href":"https:\/\/franciscanos.org.br\/noticias\/wp-json\/wp\/v2\/posts\/260490\/revisions"}],"predecessor-version":[{"id":260531,"href":"https:\/\/franciscanos.org.br\/noticias\/wp-json\/wp\/v2\/posts\/260490\/revisions\/260531"}],"wp:featuredmedia":[{"embeddable":true,"href":"https:\/\/franciscanos.org.br\/noticias\/wp-json\/wp\/v2\/media\/260506"}],"wp:attachment":[{"href":"https:\/\/franciscanos.org.br\/noticias\/wp-json\/wp\/v2\/media?parent=260490"}],"wp:term":[{"taxonomy":"category","embeddable":true,"href":"https:\/\/franciscanos.org.br\/noticias\/wp-json\/wp\/v2\/categories?post=260490"},{"taxonomy":"post_tag","embeddable":true,"href":"https:\/\/franciscanos.org.br\/noticias\/wp-json\/wp\/v2\/tags?post=260490"}],"curies":[{"name":"wp","href":"https:\/\/api.w.org\/{rel}","templated":true}]}}