{"id":260481,"date":"2025-09-24T08:00:32","date_gmt":"2025-09-24T11:00:32","guid":{"rendered":"https:\/\/franciscanos.org.br\/noticias\/?p=260481"},"modified":"2025-09-24T10:47:07","modified_gmt":"2025-09-24T13:47:07","slug":"leao-xiv-cristo-nao-retorna-a-vida-sozinho-mas-arrasta-consigo-toda-a-humanidade","status":"publish","type":"post","link":"https:\/\/franciscanos.org.br\/noticias\/leao-xiv-cristo-nao-retorna-a-vida-sozinho-mas-arrasta-consigo-toda-a-humanidade.html","title":{"rendered":"Le\u00e3o XIV: Cristo n\u00e3o retorna \u00e0 vida sozinho, mas arrasta consigo toda a humanidade"},"content":{"rendered":"<p><img loading=\"lazy\" class=\"aligncenter wp-image-260484 size-full\" src=\"https:\/\/franciscanos.org.br\/noticias\/wp-content\/uploads\/2025\/09\/materia-15.jpg\" alt=\"\" width=\"1280\" height=\"720\" srcset=\"https:\/\/franciscanos.org.br\/noticias\/wp-content\/uploads\/2025\/09\/materia-15.jpg 1280w, https:\/\/franciscanos.org.br\/noticias\/wp-content\/uploads\/2025\/09\/materia-15-450x253.jpg 450w, https:\/\/franciscanos.org.br\/noticias\/wp-content\/uploads\/2025\/09\/materia-15-1024x576.jpg 1024w, https:\/\/franciscanos.org.br\/noticias\/wp-content\/uploads\/2025\/09\/materia-15-768x432.jpg 768w, https:\/\/franciscanos.org.br\/noticias\/wp-content\/uploads\/2025\/09\/materia-15-150x84.jpg 150w\" sizes=\"(max-width: 1280px) 100vw, 1280px\" \/><\/p>\n<p>O Papa continuou sua reflex\u00e3o sobre o mist\u00e9rio do S\u00e1bado Santo na Audi\u00eancia Geral desta quarta-feira. &#8220;O S\u00e1bado Santo \u00e9 o dia em que o c\u00e9u visita a terra mais profundamente. \u00c9 o momento em que cada canto da hist\u00f3ria humana \u00e9 tocado pela luz da P\u00e1scoa&#8221;, sublinhou. Portanto, &#8220;n\u00e3o h\u00e1 passado t\u00e3o arruinado, nem hist\u00f3ria t\u00e3o comprometida que n\u00e3o possa ser tocada pela miseric\u00f3rdia&#8221;.<\/p>\n<hr \/>\n<p>Na catequese da Audi\u00eancia Geral, desta quarta-feira (24\/09), o Papa Le\u00e3o XIV deu continuidade \u00e0 sua reflex\u00e3o sobre o mist\u00e9rio do S\u00e1bado Santo.<\/p>\n<p>&#8220;\u00c9 o dia do Mist\u00e9rio Pascal, quando tudo parece est\u00e1tico e silencioso, na realidade se realiza uma a\u00e7\u00e3o invis\u00edvel de salva\u00e7\u00e3o: Cristo desce \u00e0 morada dos mortos para levar o an\u00fancio da Ressurrei\u00e7\u00e3o a todos os que estavam nas trevas e na sombra da morte&#8221;, disse o Pont\u00edfice aos fi\u00e9is presentes, na Pra\u00e7a S\u00e3o Pedro, para este encontro semanal.<\/p>\n<p><strong>Cristo nos alcan\u00e7a mesmo no abismo<\/strong><\/p>\n<p>Segundo o Papa, &#8220;este acontecimento, que a liturgia e a tradi\u00e7\u00e3o nos transmitiram, representa o gesto mais profundo e radical do amor de Deus pela humanidade. De fato, n\u00e3o basta dizer ou crer que Jesus morreu por n\u00f3s: \u00e9 preciso reconhecer que a fidelidade do seu amor quis nos buscar l\u00e1 onde n\u00f3s mesmos nos t\u00ednhamos perdido, l\u00e1 onde se pode levar somente a for\u00e7a de uma luz capaz de atravessar o dom\u00ednio das trevas&#8221;.<\/p>\n<p>\u201cO inferno, na concep\u00e7\u00e3o b\u00edblica, n\u00e3o \u00e9 tanto um lugar, mas sim uma condi\u00e7\u00e3o existencial: uma condi\u00e7\u00e3o em que a vida se enfraquece e reinam a dor, a solid\u00e3o, a culpa e a separa\u00e7\u00e3o de Deus e dos outros. Cristo nos alcan\u00e7a mesmo neste abismo, atravessando as portas deste reino de trevas. Ele entra, por assim dizer, na pr\u00f3pria casa da morte, para esvazi\u00e1-la, para libertar seus habitantes, tomando-os pela m\u00e3o um a um. \u00c9 a humildade de um Deus que n\u00e3o se det\u00e9m diante do nosso pecado, que n\u00e3o se assusta perante a extrema rejei\u00e7\u00e3o do ser humano.\u201d<\/p>\n<p><strong>A morte nunca \u00e9 a \u00faltima palavra<\/strong><\/p>\n<p>Cristo &#8220;penetrou nas trevas mais densas para alcan\u00e7ar at\u00e9 os menores de seus irm\u00e3os e irm\u00e3s, para levar at\u00e9 l\u00e1 a sua luz. Neste gesto h\u00e1 toda a for\u00e7a e a ternura do an\u00fancio pascal: a morte nunca \u00e9 a \u00faltima palavra&#8221;. De acordo com o Pont\u00edfice, &#8220;esta descida de Cristo n\u00e3o diz respeito somente ao passado, mas toca a vida de cada um de n\u00f3s&#8221;.<\/p>\n<p>\u201cO inferno n\u00e3o \u00e9 apenas a condi\u00e7\u00e3o de quem est\u00e1 morto, mas tamb\u00e9m daqueles que experimentam a morte por causa do mal e do pecado. \u00c9 tamb\u00e9m o inferno quotidiano da solid\u00e3o, da vergonha, do abandono, da fadiga de viver. Cristo entra em todas essas realidades obscuras para nos testemunhar o amor do Pai. N\u00e3o para julgar, mas para libertar. N\u00e3o para culpar, mas para salvar. Ele o faz silenciosamente, na ponta dos p\u00e9s, como algu\u00e9m que entra num quarto de hospital para oferecer conforto e ajuda.\u201d<\/p>\n<p><strong>A for\u00e7a do amor<\/strong><\/p>\n<p>&#8220;O Senhor desce l\u00e1 onde o homem se escondeu por medo e o chama pelo nome, o toma pela m\u00e3o, o levanta e o leva de volta \u00e0 luz. Ele o faz com plena autoridade, mas tamb\u00e9m com infinita do\u00e7ura, como um pai com o filho que teme n\u00e3o ser mais amado&#8221;, frisou Le\u00e3o XIV, recordando que Cristo &#8220;n\u00e3o salva somente a si mesmo, n\u00e3o retorna \u00e0 vida sozinho, mas arrasta consigo toda a humanidade. Esta \u00e9 a verdadeira gl\u00f3ria do Ressuscitado: \u00e9 a for\u00e7a do amor, \u00e9 solidariedade de um Deus que n\u00e3o quer salvar-se sem n\u00f3s, mas somente conosco. Um Deus que n\u00e3o ressuscita se n\u00e3o abra\u00e7ando as nossas mis\u00e9rias e nos reerguendo em vista de uma nova vida&#8221;.<\/p>\n<p>\u201cO S\u00e1bado Santo, portanto, \u00e9 o dia em que o c\u00e9u visita a terra mais profundamente. \u00c9 o momento em que cada canto da hist\u00f3ria humana \u00e9 tocado pela luz da P\u00e1scoa. E se Cristo p\u00f4de descer at\u00e9 ali, nada pode ser exclu\u00eddo da sua reden\u00e7\u00e3o. Nem mesmo as nossas noites, nem mesmo as nossas culpas mais antigas, nem mesmo os nossos la\u00e7os rompidos. N\u00e3o h\u00e1 passado t\u00e3o arruinado, nem hist\u00f3ria t\u00e3o comprometida que n\u00e3o possa ser tocada pela miseric\u00f3rdia.\u201d<\/p>\n<p><strong>Deus come\u00e7a uma nova cria\u00e7\u00e3o<\/strong><\/p>\n<p>&#8220;Descer, para Deus, n\u00e3o \u00e9 uma derrota, mas o cumprimento do seu amor. N\u00e3o \u00e9 um fracasso, mas o caminho pelo qual Ele mostra que nenhum lugar \u00e9 distante demais, nenhum cora\u00e7\u00e3o \u00e9 fechado demais, nenhum t\u00famulo \u00e9 selado demais para o seu amor. Isso nos consola, isso nos sustenta&#8221;, disse ainda Le\u00e3o XIV. &#8220;Se \u00e0s vezes nos parece quase que tocar o fundo do po\u00e7o, recordemos: \u00e9 desse lugar que Deus \u00e9 capaz de come\u00e7ar uma nova cria\u00e7\u00e3o. Uma cria\u00e7\u00e3o feita de pessoas ressuscitadas, de cora\u00e7\u00f5es perdoados, de l\u00e1grimas enxugadas. O S\u00e1bado Santo \u00e9 o abra\u00e7o silencioso com que Cristo apresenta toda a cria\u00e7\u00e3o ao Pai para reintegr\u00e1-la ao seu plano de salva\u00e7\u00e3o&#8221;, concluiu o Papa.<\/p>\n<p>&#8212;&#8212;&#8212;&#8212;&#8212;&#8212;&#8212;&#8212;&#8212;&#8212;&#8212;&#8212;&#8212;&#8212;&#8212;&#8212;&#8212;&#8212;&#8212;&#8212;&#8212;&#8212;&#8212;&#8212;&#8212;&#8212;&#8212;&#8211;<\/p>\n<p><strong>Ter\u00e7o pela paz na Pra\u00e7a S\u00e3o Pedro, em 11 de outubro<\/strong><\/p>\n<p>Antes da sauda\u00e7\u00e3o aos fi\u00e9is de l\u00edngua italiana, no final da Audi\u00eancia Geral desta quarta-feira (24\/09), Le\u00e3o XIV recordou que &#8220;o m\u00eas de outubro, que se aproxima, \u00e9 particularmente dedicado ao Santo Ros\u00e1rio na Igreja&#8221;.<\/p>\n<p>\u201cPor isso, convido todos, todos os dias do pr\u00f3ximo m\u00eas, a rezar o Ros\u00e1rio pela paz, pessoalmente, em fam\u00edlia e em comunidade. Al\u00e9m disso, convido aqueles que trabalham no Vaticano a rezarem esta ora\u00e7\u00e3o na Bas\u00edlica de S\u00e3o Pedro todos os dias, \u00e0s 19h.\u201d<\/p>\n<p>S\u00e1bado 11 de outubro, \u00e9 o dia em que a Igreja recorda S\u00e3o Jo\u00e3o XXIII, o Papa da Enc\u00edclica Pacem in Terris e da mensagem de r\u00e1dio implorando aos l\u00edderes dos EUA e da URSS para &#8220;salvar a paz&#8221; no auge da Crise dos M\u00edsseis de Cuba. \u00c9 tamb\u00e9m o mesmo dia da abertura do Conc\u00edlio Vaticano II, em 11 de outubro de 1962, com o famoso &#8220;discurso \u00e0 lua&#8221;, do Papa Roncalli, ao final de um &#8220;grande dia de paz&#8221;.<\/p>\n<p>\u201cEm particular, na noite de s\u00e1bado, 11 de outubro, \u00e0s 18h, rezaremos juntos aqui na Pra\u00e7a S\u00e3o Pedro, na vig\u00edlia do Jubileu da Espiritualidade Mariana, comemorando tamb\u00e9m o anivers\u00e1rio da abertura do Conc\u00edlio Vaticano II.\u201d<\/p>\n<p><strong>Ter\u00e7o com a imagem original de Nossa Senhora de F\u00e1tima<\/strong><\/p>\n<p>Durante a Vig\u00edlia, a imagem original de Nossa Senhora de F\u00e1tima, conhecida por fi\u00e9is de todo o mundo e s\u00edmbolo da &#8220;Esperan\u00e7a que n\u00e3o desilude&#8221;, estar\u00e1 no adro da Bas\u00edlica Vaticana. Esta ser\u00e1 a quarta vez que a imagem deixa o Santu\u00e1rio de F\u00e1tima rumo a Roma: a primeira foi em 1984, para o Jubileu Extraordin\u00e1rio da Reden\u00e7\u00e3o, quando, em 25 de mar\u00e7o, S\u00e3o Jo\u00e3o Paulo II consagrou o mundo ao Imaculado Cora\u00e7\u00e3o de Maria; a segunda vez foi no Grande Jubileu do Ano 2000; e a terceira, em outubro de 2013, para o Ano da F\u00e9 com o Papa Francisco. A escultura, criada pelo artista portugu\u00eas Jos\u00e9 Ferreira Thedim, em 1920, \u00e9 conservada na Capelinha das Apari\u00e7\u00f5es do Santu\u00e1rio de Nossa Senhora de F\u00e1tima. Ela foi solenemente coroada em 13 de maio de 1946, e a bala que atingiu Jo\u00e3o Paulo II no atentado de 1981 foi posteriormente inserida na coroa.<\/p>\n<p>Pouco antes, dirigindo-se aos fi\u00e9is de l\u00edngua portuguesa, Le\u00e3o XIV disse:<\/p>\n<p>\u201cQueridos irm\u00e3os e irm\u00e3s, neste nosso tempo, entre os escombros do \u00f3dio que mata, sejamos portadores do amor de Jesus que ilumina e reergue a humanidade.\u201d<\/p>\n<p>Em sua sauda\u00e7\u00e3o aos fi\u00e9is de l\u00edngua \u00e1rabe, dirigiu-se aos alunos \u2014 no in\u00edcio do novo ano letivo \u2014 exortando-os a &#8220;preservar a f\u00e9 e a alimentar-se do conhecimento, para um futuro melhor, no qual a humanidade possa desfrutar de paz e tranquilidade&#8221;.<\/p>\n<hr \/>\n<p><em>Mariangela Jaguraba \u2013 Vatican News<\/em><\/p>\n","protected":false},"excerpt":{"rendered":"<p>Audi\u00eancia Geral<\/p>\n","protected":false},"author":11,"featured_media":260483,"comment_status":"open","ping_status":"open","sticky":false,"template":"","format":"standard","meta":[],"categories":[1,2410,2345],"tags":[487,2343],"acf":[],"yoast_head":"<!-- This site is optimized with the Yoast SEO plugin v19.2 - https:\/\/yoast.com\/wordpress\/plugins\/seo\/ -->\n<title>Le\u00e3o XIV: Cristo n\u00e3o retorna \u00e0 vida sozinho, mas arrasta consigo toda a humanidade - Not\u00edcias - Franciscanos<\/title>\n<meta name=\"robots\" content=\"index, follow, max-snippet:-1, max-image-preview:large, max-video-preview:-1\" \/>\n<link rel=\"canonical\" href=\"https:\/\/franciscanos.org.br\/noticias\/leao-xiv-cristo-nao-retorna-a-vida-sozinho-mas-arrasta-consigo-toda-a-humanidade.html\" \/>\n<meta property=\"og:locale\" content=\"pt_BR\" \/>\n<meta property=\"og:type\" content=\"article\" \/>\n<meta property=\"og:title\" content=\"Le\u00e3o XIV: Cristo n\u00e3o retorna \u00e0 vida sozinho, mas arrasta consigo toda a humanidade - Not\u00edcias - Franciscanos\" \/>\n<meta property=\"og:description\" content=\"Audi\u00eancia Geral\" \/>\n<meta property=\"og:url\" content=\"https:\/\/franciscanos.org.br\/noticias\/leao-xiv-cristo-nao-retorna-a-vida-sozinho-mas-arrasta-consigo-toda-a-humanidade.html\" \/>\n<meta property=\"og:site_name\" content=\"Not\u00edcias - Franciscanos\" \/>\n<meta property=\"article:published_time\" content=\"2025-09-24T11:00:32+00:00\" \/>\n<meta property=\"article:modified_time\" content=\"2025-09-24T13:47:07+00:00\" \/>\n<meta property=\"og:image\" content=\"https:\/\/franciscanos.org.br\/noticias\/wp-content\/uploads\/2025\/09\/chamada-42.jpg\" \/>\n\t<meta property=\"og:image:width\" content=\"800\" \/>\n\t<meta property=\"og:image:height\" content=\"550\" \/>\n\t<meta property=\"og:image:type\" content=\"image\/jpeg\" \/>\n<meta name=\"author\" content=\"Adriana Rabelo\" \/>\n<meta name=\"twitter:card\" content=\"summary_large_image\" \/>\n<meta name=\"twitter:label1\" content=\"Escrito por\" \/>\n\t<meta name=\"twitter:data1\" content=\"Adriana Rabelo\" \/>\n\t<meta name=\"twitter:label2\" content=\"Est. tempo de leitura\" \/>\n\t<meta name=\"twitter:data2\" content=\"7 minutos\" \/>\n<script type=\"application\/ld+json\" class=\"yoast-schema-graph\">{\"@context\":\"https:\/\/schema.org\",\"@graph\":[{\"@type\":\"WebSite\",\"@id\":\"https:\/\/franciscanos.org.br\/noticias\/#website\",\"url\":\"https:\/\/franciscanos.org.br\/noticias\/\",\"name\":\"Not\u00edcias - Franciscanos\",\"description\":\"Prov\u00edncia Franciscana da Imaculada Concei\u00e7\u00e3o do Brasil - Ordem dos Frades Menores - OFM\",\"potentialAction\":[{\"@type\":\"SearchAction\",\"target\":{\"@type\":\"EntryPoint\",\"urlTemplate\":\"https:\/\/franciscanos.org.br\/noticias\/?s={search_term_string}\"},\"query-input\":\"required name=search_term_string\"}],\"inLanguage\":\"pt-BR\"},{\"@type\":\"ImageObject\",\"inLanguage\":\"pt-BR\",\"@id\":\"https:\/\/franciscanos.org.br\/noticias\/leao-xiv-cristo-nao-retorna-a-vida-sozinho-mas-arrasta-consigo-toda-a-humanidade.html#primaryimage\",\"url\":\"https:\/\/franciscanos.org.br\/noticias\/wp-content\/uploads\/2025\/09\/chamada-42.jpg\",\"contentUrl\":\"https:\/\/franciscanos.org.br\/noticias\/wp-content\/uploads\/2025\/09\/chamada-42.jpg\",\"width\":800,\"height\":550},{\"@type\":\"WebPage\",\"@id\":\"https:\/\/franciscanos.org.br\/noticias\/leao-xiv-cristo-nao-retorna-a-vida-sozinho-mas-arrasta-consigo-toda-a-humanidade.html#webpage\",\"url\":\"https:\/\/franciscanos.org.br\/noticias\/leao-xiv-cristo-nao-retorna-a-vida-sozinho-mas-arrasta-consigo-toda-a-humanidade.html\",\"name\":\"Le\u00e3o XIV: Cristo n\u00e3o retorna \u00e0 vida sozinho, mas arrasta consigo toda a humanidade - Not\u00edcias - Franciscanos\",\"isPartOf\":{\"@id\":\"https:\/\/franciscanos.org.br\/noticias\/#website\"},\"primaryImageOfPage\":{\"@id\":\"https:\/\/franciscanos.org.br\/noticias\/leao-xiv-cristo-nao-retorna-a-vida-sozinho-mas-arrasta-consigo-toda-a-humanidade.html#primaryimage\"},\"datePublished\":\"2025-09-24T11:00:32+00:00\",\"dateModified\":\"2025-09-24T13:47:07+00:00\",\"author\":{\"@id\":\"https:\/\/franciscanos.org.br\/noticias\/#\/schema\/person\/d9422e83121c3ad3b0f423d195f5bb25\"},\"breadcrumb\":{\"@id\":\"https:\/\/franciscanos.org.br\/noticias\/leao-xiv-cristo-nao-retorna-a-vida-sozinho-mas-arrasta-consigo-toda-a-humanidade.html#breadcrumb\"},\"inLanguage\":\"pt-BR\",\"potentialAction\":[{\"@type\":\"ReadAction\",\"target\":[\"https:\/\/franciscanos.org.br\/noticias\/leao-xiv-cristo-nao-retorna-a-vida-sozinho-mas-arrasta-consigo-toda-a-humanidade.html\"]}]},{\"@type\":\"BreadcrumbList\",\"@id\":\"https:\/\/franciscanos.org.br\/noticias\/leao-xiv-cristo-nao-retorna-a-vida-sozinho-mas-arrasta-consigo-toda-a-humanidade.html#breadcrumb\",\"itemListElement\":[{\"@type\":\"ListItem\",\"position\":1,\"name\":\"Home\",\"item\":\"https:\/\/franciscanos.org.br\/noticias\"},{\"@type\":\"ListItem\",\"position\":2,\"name\":\"Le\u00e3o XIV: Cristo n\u00e3o retorna \u00e0 vida sozinho, mas arrasta consigo toda a humanidade\"}]},{\"@type\":\"Person\",\"@id\":\"https:\/\/franciscanos.org.br\/noticias\/#\/schema\/person\/d9422e83121c3ad3b0f423d195f5bb25\",\"name\":\"Adriana Rabelo\",\"image\":{\"@type\":\"ImageObject\",\"inLanguage\":\"pt-BR\",\"@id\":\"https:\/\/franciscanos.org.br\/noticias\/#\/schema\/person\/image\/\",\"url\":\"https:\/\/secure.gravatar.com\/avatar\/0a937b7500cd7df77540cfb8bede877d?s=96&d=mm&r=g\",\"contentUrl\":\"https:\/\/secure.gravatar.com\/avatar\/0a937b7500cd7df77540cfb8bede877d?s=96&d=mm&r=g\",\"caption\":\"Adriana Rabelo\"},\"url\":\"https:\/\/franciscanos.org.br\/noticias\/author\/adrianarabelo\"}]}<\/script>\n<!-- \/ Yoast SEO plugin. -->","yoast_head_json":{"title":"Le\u00e3o XIV: Cristo n\u00e3o retorna \u00e0 vida sozinho, mas arrasta consigo toda a humanidade - Not\u00edcias - Franciscanos","robots":{"index":"index","follow":"follow","max-snippet":"max-snippet:-1","max-image-preview":"max-image-preview:large","max-video-preview":"max-video-preview:-1"},"canonical":"https:\/\/franciscanos.org.br\/noticias\/leao-xiv-cristo-nao-retorna-a-vida-sozinho-mas-arrasta-consigo-toda-a-humanidade.html","og_locale":"pt_BR","og_type":"article","og_title":"Le\u00e3o XIV: Cristo n\u00e3o retorna \u00e0 vida sozinho, mas arrasta consigo toda a humanidade - Not\u00edcias - Franciscanos","og_description":"Audi\u00eancia Geral","og_url":"https:\/\/franciscanos.org.br\/noticias\/leao-xiv-cristo-nao-retorna-a-vida-sozinho-mas-arrasta-consigo-toda-a-humanidade.html","og_site_name":"Not\u00edcias - Franciscanos","article_published_time":"2025-09-24T11:00:32+00:00","article_modified_time":"2025-09-24T13:47:07+00:00","og_image":[{"width":800,"height":550,"url":"https:\/\/franciscanos.org.br\/noticias\/wp-content\/uploads\/2025\/09\/chamada-42.jpg","type":"image\/jpeg"}],"author":"Adriana Rabelo","twitter_card":"summary_large_image","twitter_misc":{"Escrito por":"Adriana Rabelo","Est. tempo de leitura":"7 minutos"},"schema":{"@context":"https:\/\/schema.org","@graph":[{"@type":"WebSite","@id":"https:\/\/franciscanos.org.br\/noticias\/#website","url":"https:\/\/franciscanos.org.br\/noticias\/","name":"Not\u00edcias - Franciscanos","description":"Prov\u00edncia Franciscana da Imaculada Concei\u00e7\u00e3o do Brasil - Ordem dos Frades Menores - OFM","potentialAction":[{"@type":"SearchAction","target":{"@type":"EntryPoint","urlTemplate":"https:\/\/franciscanos.org.br\/noticias\/?s={search_term_string}"},"query-input":"required name=search_term_string"}],"inLanguage":"pt-BR"},{"@type":"ImageObject","inLanguage":"pt-BR","@id":"https:\/\/franciscanos.org.br\/noticias\/leao-xiv-cristo-nao-retorna-a-vida-sozinho-mas-arrasta-consigo-toda-a-humanidade.html#primaryimage","url":"https:\/\/franciscanos.org.br\/noticias\/wp-content\/uploads\/2025\/09\/chamada-42.jpg","contentUrl":"https:\/\/franciscanos.org.br\/noticias\/wp-content\/uploads\/2025\/09\/chamada-42.jpg","width":800,"height":550},{"@type":"WebPage","@id":"https:\/\/franciscanos.org.br\/noticias\/leao-xiv-cristo-nao-retorna-a-vida-sozinho-mas-arrasta-consigo-toda-a-humanidade.html#webpage","url":"https:\/\/franciscanos.org.br\/noticias\/leao-xiv-cristo-nao-retorna-a-vida-sozinho-mas-arrasta-consigo-toda-a-humanidade.html","name":"Le\u00e3o XIV: Cristo n\u00e3o retorna \u00e0 vida sozinho, mas arrasta consigo toda a humanidade - Not\u00edcias - Franciscanos","isPartOf":{"@id":"https:\/\/franciscanos.org.br\/noticias\/#website"},"primaryImageOfPage":{"@id":"https:\/\/franciscanos.org.br\/noticias\/leao-xiv-cristo-nao-retorna-a-vida-sozinho-mas-arrasta-consigo-toda-a-humanidade.html#primaryimage"},"datePublished":"2025-09-24T11:00:32+00:00","dateModified":"2025-09-24T13:47:07+00:00","author":{"@id":"https:\/\/franciscanos.org.br\/noticias\/#\/schema\/person\/d9422e83121c3ad3b0f423d195f5bb25"},"breadcrumb":{"@id":"https:\/\/franciscanos.org.br\/noticias\/leao-xiv-cristo-nao-retorna-a-vida-sozinho-mas-arrasta-consigo-toda-a-humanidade.html#breadcrumb"},"inLanguage":"pt-BR","potentialAction":[{"@type":"ReadAction","target":["https:\/\/franciscanos.org.br\/noticias\/leao-xiv-cristo-nao-retorna-a-vida-sozinho-mas-arrasta-consigo-toda-a-humanidade.html"]}]},{"@type":"BreadcrumbList","@id":"https:\/\/franciscanos.org.br\/noticias\/leao-xiv-cristo-nao-retorna-a-vida-sozinho-mas-arrasta-consigo-toda-a-humanidade.html#breadcrumb","itemListElement":[{"@type":"ListItem","position":1,"name":"Home","item":"https:\/\/franciscanos.org.br\/noticias"},{"@type":"ListItem","position":2,"name":"Le\u00e3o XIV: Cristo n\u00e3o retorna \u00e0 vida sozinho, mas arrasta consigo toda a humanidade"}]},{"@type":"Person","@id":"https:\/\/franciscanos.org.br\/noticias\/#\/schema\/person\/d9422e83121c3ad3b0f423d195f5bb25","name":"Adriana Rabelo","image":{"@type":"ImageObject","inLanguage":"pt-BR","@id":"https:\/\/franciscanos.org.br\/noticias\/#\/schema\/person\/image\/","url":"https:\/\/secure.gravatar.com\/avatar\/0a937b7500cd7df77540cfb8bede877d?s=96&d=mm&r=g","contentUrl":"https:\/\/secure.gravatar.com\/avatar\/0a937b7500cd7df77540cfb8bede877d?s=96&d=mm&r=g","caption":"Adriana Rabelo"},"url":"https:\/\/franciscanos.org.br\/noticias\/author\/adrianarabelo"}]}},"_links":{"self":[{"href":"https:\/\/franciscanos.org.br\/noticias\/wp-json\/wp\/v2\/posts\/260481"}],"collection":[{"href":"https:\/\/franciscanos.org.br\/noticias\/wp-json\/wp\/v2\/posts"}],"about":[{"href":"https:\/\/franciscanos.org.br\/noticias\/wp-json\/wp\/v2\/types\/post"}],"author":[{"embeddable":true,"href":"https:\/\/franciscanos.org.br\/noticias\/wp-json\/wp\/v2\/users\/11"}],"replies":[{"embeddable":true,"href":"https:\/\/franciscanos.org.br\/noticias\/wp-json\/wp\/v2\/comments?post=260481"}],"version-history":[{"count":5,"href":"https:\/\/franciscanos.org.br\/noticias\/wp-json\/wp\/v2\/posts\/260481\/revisions"}],"predecessor-version":[{"id":260489,"href":"https:\/\/franciscanos.org.br\/noticias\/wp-json\/wp\/v2\/posts\/260481\/revisions\/260489"}],"wp:featuredmedia":[{"embeddable":true,"href":"https:\/\/franciscanos.org.br\/noticias\/wp-json\/wp\/v2\/media\/260483"}],"wp:attachment":[{"href":"https:\/\/franciscanos.org.br\/noticias\/wp-json\/wp\/v2\/media?parent=260481"}],"wp:term":[{"taxonomy":"category","embeddable":true,"href":"https:\/\/franciscanos.org.br\/noticias\/wp-json\/wp\/v2\/categories?post=260481"},{"taxonomy":"post_tag","embeddable":true,"href":"https:\/\/franciscanos.org.br\/noticias\/wp-json\/wp\/v2\/tags?post=260481"}],"curies":[{"name":"wp","href":"https:\/\/api.w.org\/{rel}","templated":true}]}}