{"id":260428,"date":"2025-09-22T07:50:02","date_gmt":"2025-09-22T10:50:02","guid":{"rendered":"https:\/\/franciscanos.org.br\/noticias\/?p=260428"},"modified":"2025-09-22T07:50:02","modified_gmt":"2025-09-22T10:50:02","slug":"um-sim-definitivo-a-deus-frei-marcelo-tadeu-fara-profissao-solene-em-petropolis","status":"publish","type":"post","link":"https:\/\/franciscanos.org.br\/noticias\/um-sim-definitivo-a-deus-frei-marcelo-tadeu-fara-profissao-solene-em-petropolis.html","title":{"rendered":"Um sim definitivo a Deus: Frei Marcelo Tadeu far\u00e1 Profiss\u00e3o Solene em Petr\u00f3polis"},"content":{"rendered":"<p><img loading=\"lazy\" class=\"aligncenter wp-image-260431 size-full\" src=\"https:\/\/franciscanos.org.br\/noticias\/wp-content\/uploads\/2025\/09\/materia-1-30.jpg\" alt=\"\" width=\"1280\" height=\"720\" srcset=\"https:\/\/franciscanos.org.br\/noticias\/wp-content\/uploads\/2025\/09\/materia-1-30.jpg 1280w, https:\/\/franciscanos.org.br\/noticias\/wp-content\/uploads\/2025\/09\/materia-1-30-450x253.jpg 450w, https:\/\/franciscanos.org.br\/noticias\/wp-content\/uploads\/2025\/09\/materia-1-30-1024x576.jpg 1024w, https:\/\/franciscanos.org.br\/noticias\/wp-content\/uploads\/2025\/09\/materia-1-30-768x432.jpg 768w, https:\/\/franciscanos.org.br\/noticias\/wp-content\/uploads\/2025\/09\/materia-1-30-150x84.jpg 150w\" sizes=\"(max-width: 1280px) 100vw, 1280px\" \/><\/p>\n<p>A Prov\u00edncia da Imaculada Concei\u00e7\u00e3o do Brasil e a Fraternidade do Sagrado Cora\u00e7\u00e3o de Jesus se preparam para um momento de profunda f\u00e9 e gratid\u00e3o: a Profiss\u00e3o Solene do Frei Marcelo Tadeu da Silva Cardoso, que ser\u00e1 realizada no dia 27 de setembro. Este compromisso definitivo representa a entrega total de um membro da Ordem dos Frades Menores a Deus, pelos votos de obedi\u00eancia, castidade e pobreza, vivendo plenamente a espiritualidade de S\u00e3o Francisco de Assis.<\/p>\n<p>A celebra\u00e7\u00e3o ser\u00e1 \u00e0s 16h15, na Igreja do Sagrado Cora\u00e7\u00e3o, em Petr\u00f3polis (RJ), reunindo frades, familiares e fi\u00e9is para um encontro de ora\u00e7\u00e3o, louvor e fraternidade. Inspirado pelo tema \u201cComecemos, irm\u00e3os, pois at\u00e9 agora pouco ou nada fizemos\u201d (LM 14,1), Frei Marcelo reafirmar\u00e1 sua miss\u00e3o no seguimento de Jesus Cristo, colocando-se inteiramente \u00e0 disposi\u00e7\u00e3o de Deus.<\/p>\n<p>\u201cIrei oficializar a entrega ao Senhor da Vida, consagrando tudo a Ele. \u00c9 um momento de agradecer ao Criador por ter me escolhido para viver esta experi\u00eancia iniciada por S\u00e3o Francisco. Uma vida que, \u00e0 exemplo da disponibilidade de Maria e da entrega total de Cristo, se torna plena e feliz\u201d, afirmou o frade.<\/p>\n<p><img loading=\"lazy\" class=\"size-medium wp-image-260430 alignright\" src=\"https:\/\/franciscanos.org.br\/noticias\/wp-content\/uploads\/2025\/09\/chamada-40-450x309.jpg\" alt=\"\" width=\"450\" height=\"309\" srcset=\"https:\/\/franciscanos.org.br\/noticias\/wp-content\/uploads\/2025\/09\/chamada-40-450x309.jpg 450w, https:\/\/franciscanos.org.br\/noticias\/wp-content\/uploads\/2025\/09\/chamada-40-768x528.jpg 768w, https:\/\/franciscanos.org.br\/noticias\/wp-content\/uploads\/2025\/09\/chamada-40-150x103.jpg 150w, https:\/\/franciscanos.org.br\/noticias\/wp-content\/uploads\/2025\/09\/chamada-40-320x220.jpg 320w, https:\/\/franciscanos.org.br\/noticias\/wp-content\/uploads\/2025\/09\/chamada-40.jpg 800w\" sizes=\"(max-width: 450px) 100vw, 450px\" \/>Para ele, o momento \u00e9 tamb\u00e9m de profunda contempla\u00e7\u00e3o da miseric\u00f3rdia divina. \u201cA Profiss\u00e3o Solene n\u00e3o \u00e9 o ponto de chegada, mas um convite a permanecer com ainda mais ardor no caminho de Deus, aceitando seus desafios e suas alegrias. Reconhe\u00e7o que, sem Ele, nada posso fazer\u201d.<\/p>\n<p>O tema da celebra\u00e7\u00e3o reflete o aprendizado vocacional de Frei Marcelo, sobre a necessidade de recome\u00e7ar constantemente na vida espiritual. \u201cFiquei intrigado com S\u00e3o Francisco, que dizia recome\u00e7ar sempre, mesmo ap\u00f3s tanto j\u00e1 ter feito. Ao longo da minha caminhada religiosa, percebi que cada transfer\u00eancia, cada pastoral nova, cada rela\u00e7\u00e3o fraterna e cada dia \u00e9 um convite a recome\u00e7ar com vigor e disposi\u00e7\u00e3o para fazer a vontade de Deus\u201d.<\/p>\n<p><strong>Retiro preparat\u00f3rio: tempo de ora\u00e7\u00e3o e discernimento<\/strong><\/p>\n<p>O per\u00edodo de retiro foi um tempo de profunda gra\u00e7a, contempla\u00e7\u00e3o e renova\u00e7\u00e3o vocacional. Frei Marcelo compartilhou sua experi\u00eancia de ora\u00e7\u00e3o e partilha. \u201cAgrade\u00e7o \u00e0 Fraternidade do ITF de Petr\u00f3polis, ao Convento Santo Ant\u00f4nio, ao Frei Gilberto da Silva, ao Coetus Formativo e \u00e0 Fraternidade do Sagrado, por me permitir reviver toda a minha voca\u00e7\u00e3o, desde o primeiro chamado em dezembro de 2014. Cada texto lido, cada ora\u00e7\u00e3o e partilha com os confrades ajudou-me a recordar o primeiro amor: a vontade de seguir o projeto divino ao qual fui chamado. Mesmo em minha pequenez, sinto-me agraciado pelo Deus de miseric\u00f3rdia por me conduzir pelos passos de Cristo ao modo de S\u00e3o Francisco\u201d.<\/p>\n<p>\u201cFoi um tempo de gratid\u00e3o e reflex\u00e3o, em que pude abster-me de todas as atividades externas, para estar inteiramente \u00e0 disposi\u00e7\u00e3o do Senhor, enfrentando meus medos e aprofundando minha entrega ao projeto divino\u201d, completou.<\/p>\n<p><strong>Expectativas e compromisso com a vida religiosa<\/strong><\/p>\n<p>Sobre suas expectativas para a Profiss\u00e3o Solene, o frade revelou a ess\u00eancia de sua voca\u00e7\u00e3o. \u201cAprendi no Noviciado a n\u00e3o criar expectativas exageradas, mas a viver cada dia com humildade e disposi\u00e7\u00e3o, aprendendo, rezando e reafirmando meu sim ao Senhor. Ainda tenho muito a aprender, mas n\u00e3o me falta vontade de recome\u00e7ar todos os dias, servindo a Deus como um simples oper\u00e1rio na constru\u00e7\u00e3o do Reino\u201d.<\/p>\n<p>Frei Marcelo concluiu expressando sua gratid\u00e3o a Deus, \u00e0 Virgem Maria e \u00e0 comunidade franciscana. \u201cSou profundamente grato a Deus pelo chamado e a Nossa Senhora Aparecida por cuidar da minha voca\u00e7\u00e3o. Agrade\u00e7o \u00e0 minha fam\u00edlia, \u00e0 Prov\u00edncia, a cada frade e a cada fraternidade, por me proporcionar a viv\u00eancia intensa e maravilhosa de ser um frade menor, sempre a servi\u00e7o do Senhor e do pr\u00f3ximo\u201d.<\/p>\n<hr \/>\n<p><em>Adriana Rabelo Rodrigues<\/em><\/p>\n","protected":false},"excerpt":{"rendered":"<p>Profiss\u00e3o Solene<\/p>\n","protected":false},"author":11,"featured_media":260430,"comment_status":"open","ping_status":"open","sticky":false,"template":"","format":"standard","meta":[],"categories":[1],"tags":[2420,418],"acf":[],"yoast_head":"<!-- This site is optimized with the Yoast SEO plugin v19.2 - https:\/\/yoast.com\/wordpress\/plugins\/seo\/ -->\n<title>Um sim definitivo a Deus: Frei Marcelo Tadeu far\u00e1 Profiss\u00e3o Solene em Petr\u00f3polis - Not\u00edcias - Franciscanos<\/title>\n<meta name=\"robots\" content=\"index, follow, max-snippet:-1, max-image-preview:large, max-video-preview:-1\" \/>\n<link rel=\"canonical\" href=\"https:\/\/franciscanos.org.br\/noticias\/um-sim-definitivo-a-deus-frei-marcelo-tadeu-fara-profissao-solene-em-petropolis.html\" \/>\n<meta property=\"og:locale\" content=\"pt_BR\" \/>\n<meta property=\"og:type\" content=\"article\" \/>\n<meta property=\"og:title\" content=\"Um sim definitivo a Deus: Frei Marcelo Tadeu far\u00e1 Profiss\u00e3o Solene em Petr\u00f3polis - Not\u00edcias - Franciscanos\" \/>\n<meta property=\"og:description\" content=\"Profiss\u00e3o Solene\" \/>\n<meta property=\"og:url\" content=\"https:\/\/franciscanos.org.br\/noticias\/um-sim-definitivo-a-deus-frei-marcelo-tadeu-fara-profissao-solene-em-petropolis.html\" \/>\n<meta property=\"og:site_name\" content=\"Not\u00edcias - Franciscanos\" \/>\n<meta property=\"article:published_time\" content=\"2025-09-22T10:50:02+00:00\" \/>\n<meta property=\"og:image\" content=\"https:\/\/franciscanos.org.br\/noticias\/wp-content\/uploads\/2025\/09\/chamada-40.jpg\" \/>\n\t<meta property=\"og:image:width\" content=\"800\" \/>\n\t<meta property=\"og:image:height\" content=\"550\" \/>\n\t<meta property=\"og:image:type\" content=\"image\/jpeg\" \/>\n<meta name=\"author\" content=\"Adriana Rabelo\" \/>\n<meta name=\"twitter:card\" content=\"summary_large_image\" \/>\n<meta name=\"twitter:label1\" content=\"Escrito por\" \/>\n\t<meta name=\"twitter:data1\" content=\"Adriana Rabelo\" \/>\n\t<meta name=\"twitter:label2\" content=\"Est. tempo de leitura\" \/>\n\t<meta name=\"twitter:data2\" content=\"3 minutos\" \/>\n<script type=\"application\/ld+json\" class=\"yoast-schema-graph\">{\"@context\":\"https:\/\/schema.org\",\"@graph\":[{\"@type\":\"WebSite\",\"@id\":\"https:\/\/franciscanos.org.br\/noticias\/#website\",\"url\":\"https:\/\/franciscanos.org.br\/noticias\/\",\"name\":\"Not\u00edcias - Franciscanos\",\"description\":\"Prov\u00edncia Franciscana da Imaculada Concei\u00e7\u00e3o do Brasil - Ordem dos Frades Menores - OFM\",\"potentialAction\":[{\"@type\":\"SearchAction\",\"target\":{\"@type\":\"EntryPoint\",\"urlTemplate\":\"https:\/\/franciscanos.org.br\/noticias\/?s={search_term_string}\"},\"query-input\":\"required name=search_term_string\"}],\"inLanguage\":\"pt-BR\"},{\"@type\":\"ImageObject\",\"inLanguage\":\"pt-BR\",\"@id\":\"https:\/\/franciscanos.org.br\/noticias\/um-sim-definitivo-a-deus-frei-marcelo-tadeu-fara-profissao-solene-em-petropolis.html#primaryimage\",\"url\":\"https:\/\/franciscanos.org.br\/noticias\/wp-content\/uploads\/2025\/09\/chamada-40.jpg\",\"contentUrl\":\"https:\/\/franciscanos.org.br\/noticias\/wp-content\/uploads\/2025\/09\/chamada-40.jpg\",\"width\":800,\"height\":550},{\"@type\":\"WebPage\",\"@id\":\"https:\/\/franciscanos.org.br\/noticias\/um-sim-definitivo-a-deus-frei-marcelo-tadeu-fara-profissao-solene-em-petropolis.html#webpage\",\"url\":\"https:\/\/franciscanos.org.br\/noticias\/um-sim-definitivo-a-deus-frei-marcelo-tadeu-fara-profissao-solene-em-petropolis.html\",\"name\":\"Um sim definitivo a Deus: Frei Marcelo Tadeu far\u00e1 Profiss\u00e3o Solene em Petr\u00f3polis - Not\u00edcias - Franciscanos\",\"isPartOf\":{\"@id\":\"https:\/\/franciscanos.org.br\/noticias\/#website\"},\"primaryImageOfPage\":{\"@id\":\"https:\/\/franciscanos.org.br\/noticias\/um-sim-definitivo-a-deus-frei-marcelo-tadeu-fara-profissao-solene-em-petropolis.html#primaryimage\"},\"datePublished\":\"2025-09-22T10:50:02+00:00\",\"dateModified\":\"2025-09-22T10:50:02+00:00\",\"author\":{\"@id\":\"https:\/\/franciscanos.org.br\/noticias\/#\/schema\/person\/d9422e83121c3ad3b0f423d195f5bb25\"},\"breadcrumb\":{\"@id\":\"https:\/\/franciscanos.org.br\/noticias\/um-sim-definitivo-a-deus-frei-marcelo-tadeu-fara-profissao-solene-em-petropolis.html#breadcrumb\"},\"inLanguage\":\"pt-BR\",\"potentialAction\":[{\"@type\":\"ReadAction\",\"target\":[\"https:\/\/franciscanos.org.br\/noticias\/um-sim-definitivo-a-deus-frei-marcelo-tadeu-fara-profissao-solene-em-petropolis.html\"]}]},{\"@type\":\"BreadcrumbList\",\"@id\":\"https:\/\/franciscanos.org.br\/noticias\/um-sim-definitivo-a-deus-frei-marcelo-tadeu-fara-profissao-solene-em-petropolis.html#breadcrumb\",\"itemListElement\":[{\"@type\":\"ListItem\",\"position\":1,\"name\":\"Home\",\"item\":\"https:\/\/franciscanos.org.br\/noticias\"},{\"@type\":\"ListItem\",\"position\":2,\"name\":\"Um sim definitivo a Deus: Frei Marcelo Tadeu far\u00e1 Profiss\u00e3o Solene em Petr\u00f3polis\"}]},{\"@type\":\"Person\",\"@id\":\"https:\/\/franciscanos.org.br\/noticias\/#\/schema\/person\/d9422e83121c3ad3b0f423d195f5bb25\",\"name\":\"Adriana Rabelo\",\"image\":{\"@type\":\"ImageObject\",\"inLanguage\":\"pt-BR\",\"@id\":\"https:\/\/franciscanos.org.br\/noticias\/#\/schema\/person\/image\/\",\"url\":\"https:\/\/secure.gravatar.com\/avatar\/0a937b7500cd7df77540cfb8bede877d?s=96&d=mm&r=g\",\"contentUrl\":\"https:\/\/secure.gravatar.com\/avatar\/0a937b7500cd7df77540cfb8bede877d?s=96&d=mm&r=g\",\"caption\":\"Adriana Rabelo\"},\"url\":\"https:\/\/franciscanos.org.br\/noticias\/author\/adrianarabelo\"}]}<\/script>\n<!-- \/ Yoast SEO plugin. -->","yoast_head_json":{"title":"Um sim definitivo a Deus: Frei Marcelo Tadeu far\u00e1 Profiss\u00e3o Solene em Petr\u00f3polis - Not\u00edcias - Franciscanos","robots":{"index":"index","follow":"follow","max-snippet":"max-snippet:-1","max-image-preview":"max-image-preview:large","max-video-preview":"max-video-preview:-1"},"canonical":"https:\/\/franciscanos.org.br\/noticias\/um-sim-definitivo-a-deus-frei-marcelo-tadeu-fara-profissao-solene-em-petropolis.html","og_locale":"pt_BR","og_type":"article","og_title":"Um sim definitivo a Deus: Frei Marcelo Tadeu far\u00e1 Profiss\u00e3o Solene em Petr\u00f3polis - Not\u00edcias - Franciscanos","og_description":"Profiss\u00e3o Solene","og_url":"https:\/\/franciscanos.org.br\/noticias\/um-sim-definitivo-a-deus-frei-marcelo-tadeu-fara-profissao-solene-em-petropolis.html","og_site_name":"Not\u00edcias - Franciscanos","article_published_time":"2025-09-22T10:50:02+00:00","og_image":[{"width":800,"height":550,"url":"https:\/\/franciscanos.org.br\/noticias\/wp-content\/uploads\/2025\/09\/chamada-40.jpg","type":"image\/jpeg"}],"author":"Adriana Rabelo","twitter_card":"summary_large_image","twitter_misc":{"Escrito por":"Adriana Rabelo","Est. tempo de leitura":"3 minutos"},"schema":{"@context":"https:\/\/schema.org","@graph":[{"@type":"WebSite","@id":"https:\/\/franciscanos.org.br\/noticias\/#website","url":"https:\/\/franciscanos.org.br\/noticias\/","name":"Not\u00edcias - Franciscanos","description":"Prov\u00edncia Franciscana da Imaculada Concei\u00e7\u00e3o do Brasil - Ordem dos Frades Menores - OFM","potentialAction":[{"@type":"SearchAction","target":{"@type":"EntryPoint","urlTemplate":"https:\/\/franciscanos.org.br\/noticias\/?s={search_term_string}"},"query-input":"required name=search_term_string"}],"inLanguage":"pt-BR"},{"@type":"ImageObject","inLanguage":"pt-BR","@id":"https:\/\/franciscanos.org.br\/noticias\/um-sim-definitivo-a-deus-frei-marcelo-tadeu-fara-profissao-solene-em-petropolis.html#primaryimage","url":"https:\/\/franciscanos.org.br\/noticias\/wp-content\/uploads\/2025\/09\/chamada-40.jpg","contentUrl":"https:\/\/franciscanos.org.br\/noticias\/wp-content\/uploads\/2025\/09\/chamada-40.jpg","width":800,"height":550},{"@type":"WebPage","@id":"https:\/\/franciscanos.org.br\/noticias\/um-sim-definitivo-a-deus-frei-marcelo-tadeu-fara-profissao-solene-em-petropolis.html#webpage","url":"https:\/\/franciscanos.org.br\/noticias\/um-sim-definitivo-a-deus-frei-marcelo-tadeu-fara-profissao-solene-em-petropolis.html","name":"Um sim definitivo a Deus: Frei Marcelo Tadeu far\u00e1 Profiss\u00e3o Solene em Petr\u00f3polis - Not\u00edcias - Franciscanos","isPartOf":{"@id":"https:\/\/franciscanos.org.br\/noticias\/#website"},"primaryImageOfPage":{"@id":"https:\/\/franciscanos.org.br\/noticias\/um-sim-definitivo-a-deus-frei-marcelo-tadeu-fara-profissao-solene-em-petropolis.html#primaryimage"},"datePublished":"2025-09-22T10:50:02+00:00","dateModified":"2025-09-22T10:50:02+00:00","author":{"@id":"https:\/\/franciscanos.org.br\/noticias\/#\/schema\/person\/d9422e83121c3ad3b0f423d195f5bb25"},"breadcrumb":{"@id":"https:\/\/franciscanos.org.br\/noticias\/um-sim-definitivo-a-deus-frei-marcelo-tadeu-fara-profissao-solene-em-petropolis.html#breadcrumb"},"inLanguage":"pt-BR","potentialAction":[{"@type":"ReadAction","target":["https:\/\/franciscanos.org.br\/noticias\/um-sim-definitivo-a-deus-frei-marcelo-tadeu-fara-profissao-solene-em-petropolis.html"]}]},{"@type":"BreadcrumbList","@id":"https:\/\/franciscanos.org.br\/noticias\/um-sim-definitivo-a-deus-frei-marcelo-tadeu-fara-profissao-solene-em-petropolis.html#breadcrumb","itemListElement":[{"@type":"ListItem","position":1,"name":"Home","item":"https:\/\/franciscanos.org.br\/noticias"},{"@type":"ListItem","position":2,"name":"Um sim definitivo a Deus: Frei Marcelo Tadeu far\u00e1 Profiss\u00e3o Solene em Petr\u00f3polis"}]},{"@type":"Person","@id":"https:\/\/franciscanos.org.br\/noticias\/#\/schema\/person\/d9422e83121c3ad3b0f423d195f5bb25","name":"Adriana Rabelo","image":{"@type":"ImageObject","inLanguage":"pt-BR","@id":"https:\/\/franciscanos.org.br\/noticias\/#\/schema\/person\/image\/","url":"https:\/\/secure.gravatar.com\/avatar\/0a937b7500cd7df77540cfb8bede877d?s=96&d=mm&r=g","contentUrl":"https:\/\/secure.gravatar.com\/avatar\/0a937b7500cd7df77540cfb8bede877d?s=96&d=mm&r=g","caption":"Adriana Rabelo"},"url":"https:\/\/franciscanos.org.br\/noticias\/author\/adrianarabelo"}]}},"_links":{"self":[{"href":"https:\/\/franciscanos.org.br\/noticias\/wp-json\/wp\/v2\/posts\/260428"}],"collection":[{"href":"https:\/\/franciscanos.org.br\/noticias\/wp-json\/wp\/v2\/posts"}],"about":[{"href":"https:\/\/franciscanos.org.br\/noticias\/wp-json\/wp\/v2\/types\/post"}],"author":[{"embeddable":true,"href":"https:\/\/franciscanos.org.br\/noticias\/wp-json\/wp\/v2\/users\/11"}],"replies":[{"embeddable":true,"href":"https:\/\/franciscanos.org.br\/noticias\/wp-json\/wp\/v2\/comments?post=260428"}],"version-history":[{"count":1,"href":"https:\/\/franciscanos.org.br\/noticias\/wp-json\/wp\/v2\/posts\/260428\/revisions"}],"predecessor-version":[{"id":260432,"href":"https:\/\/franciscanos.org.br\/noticias\/wp-json\/wp\/v2\/posts\/260428\/revisions\/260432"}],"wp:featuredmedia":[{"embeddable":true,"href":"https:\/\/franciscanos.org.br\/noticias\/wp-json\/wp\/v2\/media\/260430"}],"wp:attachment":[{"href":"https:\/\/franciscanos.org.br\/noticias\/wp-json\/wp\/v2\/media?parent=260428"}],"wp:term":[{"taxonomy":"category","embeddable":true,"href":"https:\/\/franciscanos.org.br\/noticias\/wp-json\/wp\/v2\/categories?post=260428"},{"taxonomy":"post_tag","embeddable":true,"href":"https:\/\/franciscanos.org.br\/noticias\/wp-json\/wp\/v2\/tags?post=260428"}],"curies":[{"name":"wp","href":"https:\/\/api.w.org\/{rel}","templated":true}]}}