{"id":260409,"date":"2025-09-19T15:56:50","date_gmt":"2025-09-19T18:56:50","guid":{"rendered":"https:\/\/franciscanos.org.br\/noticias\/?p=260409"},"modified":"2025-09-19T16:14:28","modified_gmt":"2025-09-19T19:14:28","slug":"conferencia-africana-de-lingua-inglesa-realiza-formacao-de-formadores-em-harare","status":"publish","type":"post","link":"https:\/\/franciscanos.org.br\/noticias\/conferencia-africana-de-lingua-inglesa-realiza-formacao-de-formadores-em-harare.html","title":{"rendered":"Confer\u00eancia Africana de L\u00edngua Inglesa realiza forma\u00e7\u00e3o de formadores em Harare"},"content":{"rendered":"<p data-start=\"208\" data-end=\"581\"><img loading=\"lazy\" class=\"aligncenter wp-image-260411 size-full\" src=\"https:\/\/franciscanos.org.br\/noticias\/wp-content\/uploads\/2025\/09\/materia-1-28.jpg\" alt=\"\" width=\"1280\" height=\"720\" srcset=\"https:\/\/franciscanos.org.br\/noticias\/wp-content\/uploads\/2025\/09\/materia-1-28.jpg 1280w, https:\/\/franciscanos.org.br\/noticias\/wp-content\/uploads\/2025\/09\/materia-1-28-450x253.jpg 450w, https:\/\/franciscanos.org.br\/noticias\/wp-content\/uploads\/2025\/09\/materia-1-28-1024x576.jpg 1024w, https:\/\/franciscanos.org.br\/noticias\/wp-content\/uploads\/2025\/09\/materia-1-28-768x432.jpg 768w, https:\/\/franciscanos.org.br\/noticias\/wp-content\/uploads\/2025\/09\/materia-1-28-150x84.jpg 150w\" sizes=\"(max-width: 1280px) 100vw, 1280px\" \/><\/p>\n<p data-start=\"208\" data-end=\"581\">Entre os dias 8 e 19 de setembro de 2025, realizou-se em Harare, capital do Zimb\u00e1bue, na \u00c1frica Austral, a forma\u00e7\u00e3o para formadores da Confer\u00eancia Africana da Ordem dos Frades Menores de L\u00edngua Inglesa. O evento foi acolhido pela Cust\u00f3dia Franciscana do Bom Pastor no Zimb\u00e1bue, que, com grande hospitalidade, preparou todos os detalhes log\u00edsticos e espirituais para o bom \u00eaxito do encontro.<\/p>\n<p data-start=\"583\" data-end=\"1113\">A abertura foi marcada pelas calorosas palavras de Frei Fanuel, Cust\u00f3dio do Zimb\u00e1bue, durante a Celebra\u00e7\u00e3o Eucar\u00edstica, que deu as boas-vindas aos participantes, destacando a alegria da fraternidade local em poder acolher irm\u00e3os de tantos pa\u00edses. Houve tamb\u00e9m um momento especial quando foi transmitida, de forma online, uma mensagem encorajadora do Ministro Geral da Ordem, Frei Massimo Fusarelli, que motivou os formadores a permanecerem fi\u00e9is ao carisma franciscano e ao compromisso com a forma\u00e7\u00e3o integral dos jovens frades.<\/p>\n<p data-start=\"1115\" data-end=\"1364\"><img loading=\"lazy\" class=\"aligncenter wp-image-260417 size-full\" src=\"https:\/\/franciscanos.org.br\/noticias\/wp-content\/uploads\/2025\/09\/materia-2-17.jpg\" alt=\"\" width=\"1280\" height=\"720\" srcset=\"https:\/\/franciscanos.org.br\/noticias\/wp-content\/uploads\/2025\/09\/materia-2-17.jpg 1280w, https:\/\/franciscanos.org.br\/noticias\/wp-content\/uploads\/2025\/09\/materia-2-17-450x253.jpg 450w, https:\/\/franciscanos.org.br\/noticias\/wp-content\/uploads\/2025\/09\/materia-2-17-1024x576.jpg 1024w, https:\/\/franciscanos.org.br\/noticias\/wp-content\/uploads\/2025\/09\/materia-2-17-768x432.jpg 768w, https:\/\/franciscanos.org.br\/noticias\/wp-content\/uploads\/2025\/09\/materia-2-17-150x84.jpg 150w\" sizes=\"(max-width: 1280px) 100vw, 1280px\" \/><\/p>\n<p data-start=\"1115\" data-end=\"1364\">O encontro contou ainda com a presen\u00e7a do Secret\u00e1rio-Geral da Forma\u00e7\u00e3o da Ordem, Frei Darko Teperte, OFM, cuja interven\u00e7\u00e3o ajudou a situar os trabalhos no horizonte mais amplo da vida da Ordem, garantindo sintonia com as diretrizes internacionais.<\/p>\n\n\t\t<style type=\"text\/css\">\n\t\t\t#gallery-1 {\n\t\t\t\tmargin: auto;\n\t\t\t}\n\t\t\t#gallery-1 .gallery-item {\n\t\t\t\tfloat: left;\n\t\t\t\tmargin-top: 10px;\n\t\t\t\ttext-align: center;\n\t\t\t\twidth: 33%;\n\t\t\t}\n\t\t\t#gallery-1 img {\n\t\t\t\tborder: 2px solid #cfcfcf;\n\t\t\t}\n\t\t\t#gallery-1 .gallery-caption {\n\t\t\t\tmargin-left: 0;\n\t\t\t}\n\t\t\t\/* see gallery_shortcode() in wp-includes\/media.php *\/\n\t\t<\/style>\n\t\t<div id='gallery-1' class='gallery galleryid-260409 gallery-columns-3 gallery-size-thumbnail'><dl class='gallery-item'>\n\t\t\t<dt class='gallery-icon landscape'>\n\t\t\t\t<a href='https:\/\/franciscanos.org.br\/noticias\/wp-content\/uploads\/2025\/09\/WhatsApp-Image-2025-09-19-at-15.10.38-3.jpeg'><img width=\"300\" height=\"300\" src=\"https:\/\/franciscanos.org.br\/noticias\/wp-content\/uploads\/2025\/09\/WhatsApp-Image-2025-09-19-at-15.10.38-3-300x300.jpeg\" class=\"attachment-thumbnail size-thumbnail\" alt=\"\" loading=\"lazy\" srcset=\"https:\/\/franciscanos.org.br\/noticias\/wp-content\/uploads\/2025\/09\/WhatsApp-Image-2025-09-19-at-15.10.38-3-300x300.jpeg 300w, https:\/\/franciscanos.org.br\/noticias\/wp-content\/uploads\/2025\/09\/WhatsApp-Image-2025-09-19-at-15.10.38-3-100x100.jpeg 100w\" sizes=\"(max-width: 300px) 100vw, 300px\" \/><\/a>\n\t\t\t<\/dt><\/dl><dl class='gallery-item'>\n\t\t\t<dt class='gallery-icon landscape'>\n\t\t\t\t<a href='https:\/\/franciscanos.org.br\/noticias\/wp-content\/uploads\/2025\/09\/WhatsApp-Image-2025-09-19-at-15.10.39-4.jpeg'><img width=\"300\" height=\"300\" src=\"https:\/\/franciscanos.org.br\/noticias\/wp-content\/uploads\/2025\/09\/WhatsApp-Image-2025-09-19-at-15.10.39-4-300x300.jpeg\" class=\"attachment-thumbnail size-thumbnail\" alt=\"\" loading=\"lazy\" srcset=\"https:\/\/franciscanos.org.br\/noticias\/wp-content\/uploads\/2025\/09\/WhatsApp-Image-2025-09-19-at-15.10.39-4-300x300.jpeg 300w, https:\/\/franciscanos.org.br\/noticias\/wp-content\/uploads\/2025\/09\/WhatsApp-Image-2025-09-19-at-15.10.39-4-100x100.jpeg 100w\" sizes=\"(max-width: 300px) 100vw, 300px\" \/><\/a>\n\t\t\t<\/dt><\/dl><dl class='gallery-item'>\n\t\t\t<dt class='gallery-icon landscape'>\n\t\t\t\t<a href='https:\/\/franciscanos.org.br\/noticias\/wp-content\/uploads\/2025\/09\/WhatsApp-Image-2025-09-19-at-15.10.38-1.jpeg'><img width=\"300\" height=\"300\" src=\"https:\/\/franciscanos.org.br\/noticias\/wp-content\/uploads\/2025\/09\/WhatsApp-Image-2025-09-19-at-15.10.38-1-300x300.jpeg\" class=\"attachment-thumbnail size-thumbnail\" alt=\"\" loading=\"lazy\" srcset=\"https:\/\/franciscanos.org.br\/noticias\/wp-content\/uploads\/2025\/09\/WhatsApp-Image-2025-09-19-at-15.10.38-1-300x300.jpeg 300w, https:\/\/franciscanos.org.br\/noticias\/wp-content\/uploads\/2025\/09\/WhatsApp-Image-2025-09-19-at-15.10.38-1-100x100.jpeg 100w\" sizes=\"(max-width: 300px) 100vw, 300px\" \/><\/a>\n\t\t\t<\/dt><\/dl><br style=\"clear: both\" \/>\n\t\t<\/div>\n\n<p data-start=\"1366\" data-end=\"1498\">Durante quase duas semanas de intensa partilha e estudo, os participantes refletiram sobre temas centrais para a miss\u00e3o formativa:<\/p>\n<ul>\n<li data-start=\"1366\" data-end=\"1498\">Estudo do cap\u00edtulo II da <em data-start=\"1526\" data-end=\"1558\">Ratio Formationis Franciscanae<\/em>, aprofundando a identidade do frade menor;<\/li>\n<li data-start=\"1366\" data-end=\"1498\">Finan\u00e7as e or\u00e7amentos na Forma\u00e7\u00e3o Inicial, destacando a import\u00e2ncia da gest\u00e3o respons\u00e1vel dos recursos em harmonia com a pobreza evang\u00e9lica;<\/li>\n<li data-start=\"1366\" data-end=\"1498\">Etapas de forma\u00e7\u00e3o, a partir do cap\u00edtulo III da <em data-start=\"1799\" data-end=\"1806\">Ratio<\/em>, integrando as fases do itiner\u00e1rio vocacional;<\/li>\n<li data-start=\"1366\" data-end=\"1498\">Tutela de menores e adultos vulner\u00e1veis, com base no anexo da <em data-start=\"1920\" data-end=\"1927\">Ratio<\/em>, ressaltando a urg\u00eancia de ambientes seguros e protegidos;<\/li>\n<li data-start=\"1366\" data-end=\"1498\">Articula\u00e7\u00e3o entre forma\u00e7\u00e3o, evangeliza\u00e7\u00e3o e JPIC (Justi\u00e7a, Paz e Integridade da Cria\u00e7\u00e3o);<\/li>\n<li data-start=\"1366\" data-end=\"1498\">Abertura da forma\u00e7\u00e3o para a evangeliza\u00e7\u00e3o;<\/li>\n<li data-start=\"1366\" data-end=\"1498\">Elabora\u00e7\u00e3o dos relat\u00f3rios formativos, com propostas concretas de acompanhamento.<\/li>\n<\/ul>\n<p data-start=\"2216\" data-end=\"2450\">Al\u00e9m do estudo dos temas, cada entidade apresentou suas realidades de forma\u00e7\u00e3o, enriquecendo o encontro com a diversidade das experi\u00eancias locais e promovendo uma vis\u00e3o mais ampla dos desafios e oportunidades do continente africano.<\/p>\n<p data-start=\"2452\" data-end=\"2791\">A dimens\u00e3o espiritual ocupou lugar de destaque. Cada delega\u00e7\u00e3o presidiu a uma Celebra\u00e7\u00e3o Eucar\u00edstica, valorizando a riqueza lit\u00fargica e cultural de cada pa\u00eds. A delega\u00e7\u00e3o angolana ficou encarregada da celebra\u00e7\u00e3o de 17 de setembro, festa das Chagas de S\u00e3o Francisco de Assis, marcada por profundo esp\u00edrito de ora\u00e7\u00e3o e devo\u00e7\u00e3o franciscana.<\/p>\n<p data-start=\"2793\" data-end=\"3101\">Al\u00e9m da liturgia, houve espa\u00e7o para momentos de recrea\u00e7\u00e3o e lazer, fortalecendo os la\u00e7os fraternos. A organiza\u00e7\u00e3o tamb\u00e9m ofereceu a oportunidade de visitar as ru\u00ednas do antigo Reino do Zimb\u00e1bue, lugar hist\u00f3rico que deu origem ao nome do pa\u00eds, proporcionando uma rica experi\u00eancia cultural e de encultura\u00e7\u00e3o.<\/p>\n<p data-start=\"3103\" data-end=\"3172\"><img loading=\"lazy\" class=\"aligncenter wp-image-260413 size-full\" src=\"https:\/\/franciscanos.org.br\/noticias\/wp-content\/uploads\/2025\/09\/materia-5-5.jpg\" alt=\"\" width=\"1280\" height=\"720\" srcset=\"https:\/\/franciscanos.org.br\/noticias\/wp-content\/uploads\/2025\/09\/materia-5-5.jpg 1280w, https:\/\/franciscanos.org.br\/noticias\/wp-content\/uploads\/2025\/09\/materia-5-5-450x253.jpg 450w, https:\/\/franciscanos.org.br\/noticias\/wp-content\/uploads\/2025\/09\/materia-5-5-1024x576.jpg 1024w, https:\/\/franciscanos.org.br\/noticias\/wp-content\/uploads\/2025\/09\/materia-5-5-768x432.jpg 768w, https:\/\/franciscanos.org.br\/noticias\/wp-content\/uploads\/2025\/09\/materia-5-5-150x84.jpg 150w\" sizes=\"(max-width: 1280px) 100vw, 1280px\" \/><\/p>\n<p data-start=\"3103\" data-end=\"3172\">A Funda\u00e7\u00e3o Imaculada M\u00e3e de Deus de Angola (FIMDA)\u00a0 esteve representada por:<\/p>\n<ul>\n<li data-start=\"3103\" data-end=\"3172\">Frei Andr\u00e9 dos Santos Sungo Mingas, OFM \u2013 Mestre dos Professos Tempor\u00e1rios;<\/li>\n<li data-start=\"3103\" data-end=\"3172\">Frei Ant\u00f3nio da Silva Manuel, OFM \u2013 Orientador dos Aspirantes;<\/li>\n<li data-start=\"3103\" data-end=\"3172\">Frei Ermelindo Francisco Bambi, OFM \u2013 Guardi\u00e3o do Postulantado e Membro do Conselho.<\/li>\n<\/ul>\n<p data-start=\"3410\" data-end=\"3540\">Os frades angolanos contribu\u00edram ativamente nos debates, na celebra\u00e7\u00e3o lit\u00fargica e na partilha da realidade da forma\u00e7\u00e3o no pa\u00eds.<\/p>\n<p data-start=\"3542\" data-end=\"3971\">A Confer\u00eancia Africana de L\u00edngua Inglesa foi um verdadeiro espa\u00e7o de encontro, estudo e fraternidade, onde os formadores puderam fortalecer sua miss\u00e3o \u00e0 luz do carisma franciscano. A hospitalidade da Cust\u00f3dia do Bom Pastor, as palavras de incentivo de Frei Fanuel, a mensagem fraterna do Ministro Geral Frei Massimo Fusarelli e a presen\u00e7a de Frei Darko deram ao encontro um tom de universalidade e de comunh\u00e3o com toda a Ordem.<\/p>\n<p data-start=\"3973\" data-end=\"4154\">Os participantes retornaram \u00e0s suas entidades renovados no compromisso de formar frades menores segundo o esp\u00edrito de S\u00e3o Francisco de Assis e as orienta\u00e7\u00f5es da Igreja e da Ordem.<\/p>\n<hr \/>\n<p data-start=\"4156\" data-end=\"4241\"><em>Frei Ermelindo Francisco, Frei Ant\u00f3nio da Silva, Frei Andr\u00e9 Mingas<\/em><\/p>\n\n\t\t<style type=\"text\/css\">\n\t\t\t#gallery-2 {\n\t\t\t\tmargin: auto;\n\t\t\t}\n\t\t\t#gallery-2 .gallery-item {\n\t\t\t\tfloat: left;\n\t\t\t\tmargin-top: 10px;\n\t\t\t\ttext-align: center;\n\t\t\t\twidth: 25%;\n\t\t\t}\n\t\t\t#gallery-2 img {\n\t\t\t\tborder: 2px solid #cfcfcf;\n\t\t\t}\n\t\t\t#gallery-2 .gallery-caption {\n\t\t\t\tmargin-left: 0;\n\t\t\t}\n\t\t\t\/* see gallery_shortcode() in wp-includes\/media.php *\/\n\t\t<\/style>\n\t\t<div id='gallery-2' class='gallery galleryid-260409 gallery-columns-4 gallery-size-thumbnail'><dl class='gallery-item'>\n\t\t\t<dt class='gallery-icon landscape'>\n\t\t\t\t<a href='https:\/\/franciscanos.org.br\/noticias\/wp-content\/uploads\/2025\/09\/WhatsApp-Image-2025-09-19-at-15.10.38-7.jpeg'><img width=\"300\" height=\"300\" src=\"https:\/\/franciscanos.org.br\/noticias\/wp-content\/uploads\/2025\/09\/WhatsApp-Image-2025-09-19-at-15.10.38-7-300x300.jpeg\" class=\"attachment-thumbnail size-thumbnail\" alt=\"\" loading=\"lazy\" srcset=\"https:\/\/franciscanos.org.br\/noticias\/wp-content\/uploads\/2025\/09\/WhatsApp-Image-2025-09-19-at-15.10.38-7-300x300.jpeg 300w, https:\/\/franciscanos.org.br\/noticias\/wp-content\/uploads\/2025\/09\/WhatsApp-Image-2025-09-19-at-15.10.38-7-100x100.jpeg 100w\" sizes=\"(max-width: 300px) 100vw, 300px\" \/><\/a>\n\t\t\t<\/dt><\/dl><dl class='gallery-item'>\n\t\t\t<dt class='gallery-icon landscape'>\n\t\t\t\t<a href='https:\/\/franciscanos.org.br\/noticias\/wp-content\/uploads\/2025\/09\/WhatsApp-Image-2025-09-19-at-15.10.39-2.jpeg'><img width=\"300\" height=\"300\" src=\"https:\/\/franciscanos.org.br\/noticias\/wp-content\/uploads\/2025\/09\/WhatsApp-Image-2025-09-19-at-15.10.39-2-300x300.jpeg\" class=\"attachment-thumbnail size-thumbnail\" alt=\"\" loading=\"lazy\" srcset=\"https:\/\/franciscanos.org.br\/noticias\/wp-content\/uploads\/2025\/09\/WhatsApp-Image-2025-09-19-at-15.10.39-2-300x300.jpeg 300w, https:\/\/franciscanos.org.br\/noticias\/wp-content\/uploads\/2025\/09\/WhatsApp-Image-2025-09-19-at-15.10.39-2-100x100.jpeg 100w\" sizes=\"(max-width: 300px) 100vw, 300px\" \/><\/a>\n\t\t\t<\/dt><\/dl><dl class='gallery-item'>\n\t\t\t<dt class='gallery-icon landscape'>\n\t\t\t\t<a href='https:\/\/franciscanos.org.br\/noticias\/wp-content\/uploads\/2025\/09\/WhatsApp-Image-2025-09-19-at-15.10.39-3.jpeg'><img width=\"300\" height=\"300\" src=\"https:\/\/franciscanos.org.br\/noticias\/wp-content\/uploads\/2025\/09\/WhatsApp-Image-2025-09-19-at-15.10.39-3-300x300.jpeg\" class=\"attachment-thumbnail size-thumbnail\" alt=\"\" loading=\"lazy\" srcset=\"https:\/\/franciscanos.org.br\/noticias\/wp-content\/uploads\/2025\/09\/WhatsApp-Image-2025-09-19-at-15.10.39-3-300x300.jpeg 300w, https:\/\/franciscanos.org.br\/noticias\/wp-content\/uploads\/2025\/09\/WhatsApp-Image-2025-09-19-at-15.10.39-3-100x100.jpeg 100w\" sizes=\"(max-width: 300px) 100vw, 300px\" \/><\/a>\n\t\t\t<\/dt><\/dl><dl class='gallery-item'>\n\t\t\t<dt class='gallery-icon landscape'>\n\t\t\t\t<a href='https:\/\/franciscanos.org.br\/noticias\/wp-content\/uploads\/2025\/09\/WhatsApp-Image-2025-09-19-at-15.10.39-1.jpeg'><img width=\"300\" height=\"300\" src=\"https:\/\/franciscanos.org.br\/noticias\/wp-content\/uploads\/2025\/09\/WhatsApp-Image-2025-09-19-at-15.10.39-1-300x300.jpeg\" class=\"attachment-thumbnail size-thumbnail\" alt=\"\" loading=\"lazy\" srcset=\"https:\/\/franciscanos.org.br\/noticias\/wp-content\/uploads\/2025\/09\/WhatsApp-Image-2025-09-19-at-15.10.39-1-300x300.jpeg 300w, https:\/\/franciscanos.org.br\/noticias\/wp-content\/uploads\/2025\/09\/WhatsApp-Image-2025-09-19-at-15.10.39-1-100x100.jpeg 100w\" sizes=\"(max-width: 300px) 100vw, 300px\" \/><\/a>\n\t\t\t<\/dt><\/dl><br style=\"clear: both\" \/>\n\t\t<\/div>\n\n","protected":false},"excerpt":{"rendered":"<p>Forma\u00e7\u00e3o de frades da FIMDA<\/p>\n","protected":false},"author":11,"featured_media":260410,"comment_status":"open","ping_status":"open","sticky":false,"template":"","format":"standard","meta":[],"categories":[1],"tags":[109,195],"acf":[],"yoast_head":"<!-- This site is optimized with the Yoast SEO plugin v19.2 - https:\/\/yoast.com\/wordpress\/plugins\/seo\/ -->\n<title>Confer\u00eancia Africana de L\u00edngua Inglesa realiza forma\u00e7\u00e3o de formadores em Harare - Not\u00edcias - Franciscanos<\/title>\n<meta name=\"robots\" content=\"index, follow, max-snippet:-1, max-image-preview:large, max-video-preview:-1\" \/>\n<link rel=\"canonical\" href=\"https:\/\/franciscanos.org.br\/noticias\/conferencia-africana-de-lingua-inglesa-realiza-formacao-de-formadores-em-harare.html\" \/>\n<meta property=\"og:locale\" content=\"pt_BR\" \/>\n<meta property=\"og:type\" content=\"article\" \/>\n<meta property=\"og:title\" content=\"Confer\u00eancia Africana de L\u00edngua Inglesa realiza forma\u00e7\u00e3o de formadores em Harare - Not\u00edcias - Franciscanos\" \/>\n<meta property=\"og:description\" content=\"Forma\u00e7\u00e3o de frades da FIMDA\" \/>\n<meta property=\"og:url\" content=\"https:\/\/franciscanos.org.br\/noticias\/conferencia-africana-de-lingua-inglesa-realiza-formacao-de-formadores-em-harare.html\" \/>\n<meta property=\"og:site_name\" content=\"Not\u00edcias - Franciscanos\" \/>\n<meta property=\"article:published_time\" content=\"2025-09-19T18:56:50+00:00\" \/>\n<meta property=\"article:modified_time\" content=\"2025-09-19T19:14:28+00:00\" \/>\n<meta property=\"og:image\" content=\"https:\/\/franciscanos.org.br\/noticias\/wp-content\/uploads\/2025\/09\/chamada-39.jpg\" \/>\n\t<meta property=\"og:image:width\" content=\"800\" \/>\n\t<meta property=\"og:image:height\" content=\"550\" \/>\n\t<meta property=\"og:image:type\" content=\"image\/jpeg\" \/>\n<meta name=\"author\" content=\"Adriana Rabelo\" \/>\n<meta name=\"twitter:card\" content=\"summary_large_image\" \/>\n<meta name=\"twitter:label1\" content=\"Escrito por\" \/>\n\t<meta name=\"twitter:data1\" content=\"Adriana Rabelo\" \/>\n\t<meta name=\"twitter:label2\" content=\"Est. tempo de leitura\" \/>\n\t<meta name=\"twitter:data2\" content=\"4 minutos\" \/>\n<script type=\"application\/ld+json\" class=\"yoast-schema-graph\">{\"@context\":\"https:\/\/schema.org\",\"@graph\":[{\"@type\":\"WebSite\",\"@id\":\"https:\/\/franciscanos.org.br\/noticias\/#website\",\"url\":\"https:\/\/franciscanos.org.br\/noticias\/\",\"name\":\"Not\u00edcias - Franciscanos\",\"description\":\"Prov\u00edncia Franciscana da Imaculada Concei\u00e7\u00e3o do Brasil - Ordem dos Frades Menores - OFM\",\"potentialAction\":[{\"@type\":\"SearchAction\",\"target\":{\"@type\":\"EntryPoint\",\"urlTemplate\":\"https:\/\/franciscanos.org.br\/noticias\/?s={search_term_string}\"},\"query-input\":\"required name=search_term_string\"}],\"inLanguage\":\"pt-BR\"},{\"@type\":\"ImageObject\",\"inLanguage\":\"pt-BR\",\"@id\":\"https:\/\/franciscanos.org.br\/noticias\/conferencia-africana-de-lingua-inglesa-realiza-formacao-de-formadores-em-harare.html#primaryimage\",\"url\":\"https:\/\/franciscanos.org.br\/noticias\/wp-content\/uploads\/2025\/09\/chamada-39.jpg\",\"contentUrl\":\"https:\/\/franciscanos.org.br\/noticias\/wp-content\/uploads\/2025\/09\/chamada-39.jpg\",\"width\":800,\"height\":550},{\"@type\":\"WebPage\",\"@id\":\"https:\/\/franciscanos.org.br\/noticias\/conferencia-africana-de-lingua-inglesa-realiza-formacao-de-formadores-em-harare.html#webpage\",\"url\":\"https:\/\/franciscanos.org.br\/noticias\/conferencia-africana-de-lingua-inglesa-realiza-formacao-de-formadores-em-harare.html\",\"name\":\"Confer\u00eancia Africana de L\u00edngua Inglesa realiza forma\u00e7\u00e3o de formadores em Harare - Not\u00edcias - Franciscanos\",\"isPartOf\":{\"@id\":\"https:\/\/franciscanos.org.br\/noticias\/#website\"},\"primaryImageOfPage\":{\"@id\":\"https:\/\/franciscanos.org.br\/noticias\/conferencia-africana-de-lingua-inglesa-realiza-formacao-de-formadores-em-harare.html#primaryimage\"},\"datePublished\":\"2025-09-19T18:56:50+00:00\",\"dateModified\":\"2025-09-19T19:14:28+00:00\",\"author\":{\"@id\":\"https:\/\/franciscanos.org.br\/noticias\/#\/schema\/person\/d9422e83121c3ad3b0f423d195f5bb25\"},\"breadcrumb\":{\"@id\":\"https:\/\/franciscanos.org.br\/noticias\/conferencia-africana-de-lingua-inglesa-realiza-formacao-de-formadores-em-harare.html#breadcrumb\"},\"inLanguage\":\"pt-BR\",\"potentialAction\":[{\"@type\":\"ReadAction\",\"target\":[\"https:\/\/franciscanos.org.br\/noticias\/conferencia-africana-de-lingua-inglesa-realiza-formacao-de-formadores-em-harare.html\"]}]},{\"@type\":\"BreadcrumbList\",\"@id\":\"https:\/\/franciscanos.org.br\/noticias\/conferencia-africana-de-lingua-inglesa-realiza-formacao-de-formadores-em-harare.html#breadcrumb\",\"itemListElement\":[{\"@type\":\"ListItem\",\"position\":1,\"name\":\"Home\",\"item\":\"https:\/\/franciscanos.org.br\/noticias\"},{\"@type\":\"ListItem\",\"position\":2,\"name\":\"Confer\u00eancia Africana de L\u00edngua Inglesa realiza forma\u00e7\u00e3o de formadores em Harare\"}]},{\"@type\":\"Person\",\"@id\":\"https:\/\/franciscanos.org.br\/noticias\/#\/schema\/person\/d9422e83121c3ad3b0f423d195f5bb25\",\"name\":\"Adriana Rabelo\",\"image\":{\"@type\":\"ImageObject\",\"inLanguage\":\"pt-BR\",\"@id\":\"https:\/\/franciscanos.org.br\/noticias\/#\/schema\/person\/image\/\",\"url\":\"https:\/\/secure.gravatar.com\/avatar\/0a937b7500cd7df77540cfb8bede877d?s=96&d=mm&r=g\",\"contentUrl\":\"https:\/\/secure.gravatar.com\/avatar\/0a937b7500cd7df77540cfb8bede877d?s=96&d=mm&r=g\",\"caption\":\"Adriana Rabelo\"},\"url\":\"https:\/\/franciscanos.org.br\/noticias\/author\/adrianarabelo\"}]}<\/script>\n<!-- \/ Yoast SEO plugin. -->","yoast_head_json":{"title":"Confer\u00eancia Africana de L\u00edngua Inglesa realiza forma\u00e7\u00e3o de formadores em Harare - Not\u00edcias - Franciscanos","robots":{"index":"index","follow":"follow","max-snippet":"max-snippet:-1","max-image-preview":"max-image-preview:large","max-video-preview":"max-video-preview:-1"},"canonical":"https:\/\/franciscanos.org.br\/noticias\/conferencia-africana-de-lingua-inglesa-realiza-formacao-de-formadores-em-harare.html","og_locale":"pt_BR","og_type":"article","og_title":"Confer\u00eancia Africana de L\u00edngua Inglesa realiza forma\u00e7\u00e3o de formadores em Harare - Not\u00edcias - Franciscanos","og_description":"Forma\u00e7\u00e3o de frades da FIMDA","og_url":"https:\/\/franciscanos.org.br\/noticias\/conferencia-africana-de-lingua-inglesa-realiza-formacao-de-formadores-em-harare.html","og_site_name":"Not\u00edcias - Franciscanos","article_published_time":"2025-09-19T18:56:50+00:00","article_modified_time":"2025-09-19T19:14:28+00:00","og_image":[{"width":800,"height":550,"url":"https:\/\/franciscanos.org.br\/noticias\/wp-content\/uploads\/2025\/09\/chamada-39.jpg","type":"image\/jpeg"}],"author":"Adriana Rabelo","twitter_card":"summary_large_image","twitter_misc":{"Escrito por":"Adriana Rabelo","Est. tempo de leitura":"4 minutos"},"schema":{"@context":"https:\/\/schema.org","@graph":[{"@type":"WebSite","@id":"https:\/\/franciscanos.org.br\/noticias\/#website","url":"https:\/\/franciscanos.org.br\/noticias\/","name":"Not\u00edcias - Franciscanos","description":"Prov\u00edncia Franciscana da Imaculada Concei\u00e7\u00e3o do Brasil - Ordem dos Frades Menores - OFM","potentialAction":[{"@type":"SearchAction","target":{"@type":"EntryPoint","urlTemplate":"https:\/\/franciscanos.org.br\/noticias\/?s={search_term_string}"},"query-input":"required name=search_term_string"}],"inLanguage":"pt-BR"},{"@type":"ImageObject","inLanguage":"pt-BR","@id":"https:\/\/franciscanos.org.br\/noticias\/conferencia-africana-de-lingua-inglesa-realiza-formacao-de-formadores-em-harare.html#primaryimage","url":"https:\/\/franciscanos.org.br\/noticias\/wp-content\/uploads\/2025\/09\/chamada-39.jpg","contentUrl":"https:\/\/franciscanos.org.br\/noticias\/wp-content\/uploads\/2025\/09\/chamada-39.jpg","width":800,"height":550},{"@type":"WebPage","@id":"https:\/\/franciscanos.org.br\/noticias\/conferencia-africana-de-lingua-inglesa-realiza-formacao-de-formadores-em-harare.html#webpage","url":"https:\/\/franciscanos.org.br\/noticias\/conferencia-africana-de-lingua-inglesa-realiza-formacao-de-formadores-em-harare.html","name":"Confer\u00eancia Africana de L\u00edngua Inglesa realiza forma\u00e7\u00e3o de formadores em Harare - Not\u00edcias - Franciscanos","isPartOf":{"@id":"https:\/\/franciscanos.org.br\/noticias\/#website"},"primaryImageOfPage":{"@id":"https:\/\/franciscanos.org.br\/noticias\/conferencia-africana-de-lingua-inglesa-realiza-formacao-de-formadores-em-harare.html#primaryimage"},"datePublished":"2025-09-19T18:56:50+00:00","dateModified":"2025-09-19T19:14:28+00:00","author":{"@id":"https:\/\/franciscanos.org.br\/noticias\/#\/schema\/person\/d9422e83121c3ad3b0f423d195f5bb25"},"breadcrumb":{"@id":"https:\/\/franciscanos.org.br\/noticias\/conferencia-africana-de-lingua-inglesa-realiza-formacao-de-formadores-em-harare.html#breadcrumb"},"inLanguage":"pt-BR","potentialAction":[{"@type":"ReadAction","target":["https:\/\/franciscanos.org.br\/noticias\/conferencia-africana-de-lingua-inglesa-realiza-formacao-de-formadores-em-harare.html"]}]},{"@type":"BreadcrumbList","@id":"https:\/\/franciscanos.org.br\/noticias\/conferencia-africana-de-lingua-inglesa-realiza-formacao-de-formadores-em-harare.html#breadcrumb","itemListElement":[{"@type":"ListItem","position":1,"name":"Home","item":"https:\/\/franciscanos.org.br\/noticias"},{"@type":"ListItem","position":2,"name":"Confer\u00eancia Africana de L\u00edngua Inglesa realiza forma\u00e7\u00e3o de formadores em Harare"}]},{"@type":"Person","@id":"https:\/\/franciscanos.org.br\/noticias\/#\/schema\/person\/d9422e83121c3ad3b0f423d195f5bb25","name":"Adriana Rabelo","image":{"@type":"ImageObject","inLanguage":"pt-BR","@id":"https:\/\/franciscanos.org.br\/noticias\/#\/schema\/person\/image\/","url":"https:\/\/secure.gravatar.com\/avatar\/0a937b7500cd7df77540cfb8bede877d?s=96&d=mm&r=g","contentUrl":"https:\/\/secure.gravatar.com\/avatar\/0a937b7500cd7df77540cfb8bede877d?s=96&d=mm&r=g","caption":"Adriana Rabelo"},"url":"https:\/\/franciscanos.org.br\/noticias\/author\/adrianarabelo"}]}},"_links":{"self":[{"href":"https:\/\/franciscanos.org.br\/noticias\/wp-json\/wp\/v2\/posts\/260409"}],"collection":[{"href":"https:\/\/franciscanos.org.br\/noticias\/wp-json\/wp\/v2\/posts"}],"about":[{"href":"https:\/\/franciscanos.org.br\/noticias\/wp-json\/wp\/v2\/types\/post"}],"author":[{"embeddable":true,"href":"https:\/\/franciscanos.org.br\/noticias\/wp-json\/wp\/v2\/users\/11"}],"replies":[{"embeddable":true,"href":"https:\/\/franciscanos.org.br\/noticias\/wp-json\/wp\/v2\/comments?post=260409"}],"version-history":[{"count":4,"href":"https:\/\/franciscanos.org.br\/noticias\/wp-json\/wp\/v2\/posts\/260409\/revisions"}],"predecessor-version":[{"id":260427,"href":"https:\/\/franciscanos.org.br\/noticias\/wp-json\/wp\/v2\/posts\/260409\/revisions\/260427"}],"wp:featuredmedia":[{"embeddable":true,"href":"https:\/\/franciscanos.org.br\/noticias\/wp-json\/wp\/v2\/media\/260410"}],"wp:attachment":[{"href":"https:\/\/franciscanos.org.br\/noticias\/wp-json\/wp\/v2\/media?parent=260409"}],"wp:term":[{"taxonomy":"category","embeddable":true,"href":"https:\/\/franciscanos.org.br\/noticias\/wp-json\/wp\/v2\/categories?post=260409"},{"taxonomy":"post_tag","embeddable":true,"href":"https:\/\/franciscanos.org.br\/noticias\/wp-json\/wp\/v2\/tags?post=260409"}],"curies":[{"name":"wp","href":"https:\/\/api.w.org\/{rel}","templated":true}]}}