{"id":260394,"date":"2025-09-19T13:13:45","date_gmt":"2025-09-19T16:13:45","guid":{"rendered":"https:\/\/franciscanos.org.br\/noticias\/?p=260394"},"modified":"2025-09-19T13:25:24","modified_gmt":"2025-09-19T16:25:24","slug":"guaratingueta-se-prepara-para-receber-100-mil-fieis-na-festa-do-santuario-frei-galvao-2025","status":"publish","type":"post","link":"https:\/\/franciscanos.org.br\/noticias\/guaratingueta-se-prepara-para-receber-100-mil-fieis-na-festa-do-santuario-frei-galvao-2025.html","title":{"rendered":"Guaratinguet\u00e1 se prepara para receber 100 mil fi\u00e9is na Festa do Santu\u00e1rio Frei Galv\u00e3o 2025"},"content":{"rendered":"<pre><img loading=\"lazy\" class=\"aligncenter wp-image-260395 size-full\" src=\"https:\/\/franciscanos.org.br\/noticias\/wp-content\/uploads\/2025\/09\/materia-1-27.jpg\" alt=\"\" width=\"1280\" height=\"720\" srcset=\"https:\/\/franciscanos.org.br\/noticias\/wp-content\/uploads\/2025\/09\/materia-1-27.jpg 1280w, https:\/\/franciscanos.org.br\/noticias\/wp-content\/uploads\/2025\/09\/materia-1-27-450x253.jpg 450w, https:\/\/franciscanos.org.br\/noticias\/wp-content\/uploads\/2025\/09\/materia-1-27-1024x576.jpg 1024w, https:\/\/franciscanos.org.br\/noticias\/wp-content\/uploads\/2025\/09\/materia-1-27-768x432.jpg 768w, https:\/\/franciscanos.org.br\/noticias\/wp-content\/uploads\/2025\/09\/materia-1-27-150x84.jpg 150w\" sizes=\"(max-width: 1280px) 100vw, 1280px\" \/><\/pre>\n<p>A terra natal de Santo Ant\u00f4nio de Sant\u2019Anna Galv\u00e3o, o primeiro santo brasileiro, Guaratinguet\u00e1 (SP) j\u00e1 vive o clima de expectativa para a Festa de Frei Galv\u00e3o 2025, que ser\u00e1 realizada de 16 a 26 de outubro. O evento religioso e cultural promete ser a maior edi\u00e7\u00e3o de sua hist\u00f3ria, com previs\u00e3o de receber cerca de 100 mil fi\u00e9is e visitantes \u00e0 cidade do Vale do Para\u00edba.<\/p>\n<p>O lan\u00e7amento oficial da festa foi nesta quinta-feira, 18 de setembro, no Espa\u00e7o Multiuso, pertencente \u00e0 Prefeitura Municipal da cidade, e reuniu representantes da Igreja, autoridades civis e pol\u00edticas, ve\u00edculos de imprensa, al\u00e9m de lideran\u00e7as do munic\u00edpio e do Santu\u00e1rio Frei Galv\u00e3o. O an\u00fancio trouxe detalhes sobre a programa\u00e7\u00e3o, parcerias, bem como o tema \u201cCom Frei Galv\u00e3o, cultivemos a paz com toda a cria\u00e7\u00e3o\u201d e o lema \u201cFelizes os que promovem a paz, porque ser\u00e3o chamados filhos do Alt\u00edssimo\u201d. O mote dialoga com a espiritualidade franciscana, marcada pela fraternidade universal, pelo cuidado com os mais pobres e pelo respeito \u00e0 natureza, al\u00e9m de celebrar os 800 anos do C\u00e2ntico das Criaturas, vivido neste Ano Jubilar.<\/p>\n<h3><strong><img loading=\"lazy\" class=\"aligncenter wp-image-260398 size-full\" src=\"https:\/\/franciscanos.org.br\/noticias\/wp-content\/uploads\/2025\/09\/materia-3-9.jpg\" alt=\"\" width=\"1280\" height=\"720\" srcset=\"https:\/\/franciscanos.org.br\/noticias\/wp-content\/uploads\/2025\/09\/materia-3-9.jpg 1280w, https:\/\/franciscanos.org.br\/noticias\/wp-content\/uploads\/2025\/09\/materia-3-9-450x253.jpg 450w, https:\/\/franciscanos.org.br\/noticias\/wp-content\/uploads\/2025\/09\/materia-3-9-1024x576.jpg 1024w, https:\/\/franciscanos.org.br\/noticias\/wp-content\/uploads\/2025\/09\/materia-3-9-768x432.jpg 768w, https:\/\/franciscanos.org.br\/noticias\/wp-content\/uploads\/2025\/09\/materia-3-9-150x84.jpg 150w\" sizes=\"(max-width: 1280px) 100vw, 1280px\" \/><\/strong><\/p>\n<p><strong>Crescimento do p\u00fablico e novos investimentos<\/strong><\/h3>\n<p>No ano passado, a celebra\u00e7\u00e3o atraiu 60 mil pessoas. O crescimento expressivo da devo\u00e7\u00e3o impulsionou o Santu\u00e1rio de Frei Galv\u00e3o a buscar apoio financeiro e institucional para garantir melhor infraestrutura.<\/p>\n<p>O deputado estadual Danilo Ballas destinou recursos para a realiza\u00e7\u00e3o da festa, em parceria com o Instituto Paulo Kobayashi, especializado em grandes eventos culturais e religiosos. A Prefeitura de Guaratinguet\u00e1 e a Secretaria de Cultura e Economia Criativa do Estado de S\u00e3o Paulo tamb\u00e9m s\u00e3o parceiras deste grande evento.<\/p>\n<p>\u201cNosso desejo \u00e9 que a Festa de Frei Galv\u00e3o ultrapasse as fronteiras da cidade e se consolide como um grande evento nacional, valorizando nossa f\u00e9 e nossa cultura\u201d, afirmou Frei Diego Atalino Melo, reitor do Santu\u00e1rio de Frei Galv\u00e3o.<\/p>\n\n\t\t<style type=\"text\/css\">\n\t\t\t#gallery-1 {\n\t\t\t\tmargin: auto;\n\t\t\t}\n\t\t\t#gallery-1 .gallery-item {\n\t\t\t\tfloat: left;\n\t\t\t\tmargin-top: 10px;\n\t\t\t\ttext-align: center;\n\t\t\t\twidth: 25%;\n\t\t\t}\n\t\t\t#gallery-1 img {\n\t\t\t\tborder: 2px solid #cfcfcf;\n\t\t\t}\n\t\t\t#gallery-1 .gallery-caption {\n\t\t\t\tmargin-left: 0;\n\t\t\t}\n\t\t\t\/* see gallery_shortcode() in wp-includes\/media.php *\/\n\t\t<\/style>\n\t\t<div id='gallery-1' class='gallery galleryid-260394 gallery-columns-4 gallery-size-thumbnail'><dl class='gallery-item'>\n\t\t\t<dt class='gallery-icon landscape'>\n\t\t\t\t<a href='https:\/\/franciscanos.org.br\/noticias\/wp-content\/uploads\/2025\/09\/DSC_4706-scaled.jpg'><img width=\"300\" height=\"300\" src=\"https:\/\/franciscanos.org.br\/noticias\/wp-content\/uploads\/2025\/09\/DSC_4706-300x300.jpg\" class=\"attachment-thumbnail size-thumbnail\" alt=\"\" loading=\"lazy\" srcset=\"https:\/\/franciscanos.org.br\/noticias\/wp-content\/uploads\/2025\/09\/DSC_4706-300x300.jpg 300w, https:\/\/franciscanos.org.br\/noticias\/wp-content\/uploads\/2025\/09\/DSC_4706-100x100.jpg 100w\" sizes=\"(max-width: 300px) 100vw, 300px\" \/><\/a>\n\t\t\t<\/dt><\/dl><dl class='gallery-item'>\n\t\t\t<dt class='gallery-icon landscape'>\n\t\t\t\t<a href='https:\/\/franciscanos.org.br\/noticias\/wp-content\/uploads\/2025\/09\/DSC_4574-scaled.jpg'><img width=\"300\" height=\"300\" src=\"https:\/\/franciscanos.org.br\/noticias\/wp-content\/uploads\/2025\/09\/DSC_4574-300x300.jpg\" class=\"attachment-thumbnail size-thumbnail\" alt=\"\" loading=\"lazy\" srcset=\"https:\/\/franciscanos.org.br\/noticias\/wp-content\/uploads\/2025\/09\/DSC_4574-300x300.jpg 300w, https:\/\/franciscanos.org.br\/noticias\/wp-content\/uploads\/2025\/09\/DSC_4574-100x100.jpg 100w\" sizes=\"(max-width: 300px) 100vw, 300px\" \/><\/a>\n\t\t\t<\/dt><\/dl><dl class='gallery-item'>\n\t\t\t<dt class='gallery-icon landscape'>\n\t\t\t\t<a href='https:\/\/franciscanos.org.br\/noticias\/wp-content\/uploads\/2025\/09\/DSC_4567-scaled.jpg'><img width=\"300\" height=\"300\" src=\"https:\/\/franciscanos.org.br\/noticias\/wp-content\/uploads\/2025\/09\/DSC_4567-300x300.jpg\" class=\"attachment-thumbnail size-thumbnail\" alt=\"\" loading=\"lazy\" srcset=\"https:\/\/franciscanos.org.br\/noticias\/wp-content\/uploads\/2025\/09\/DSC_4567-300x300.jpg 300w, https:\/\/franciscanos.org.br\/noticias\/wp-content\/uploads\/2025\/09\/DSC_4567-100x100.jpg 100w\" sizes=\"(max-width: 300px) 100vw, 300px\" \/><\/a>\n\t\t\t<\/dt><\/dl><dl class='gallery-item'>\n\t\t\t<dt class='gallery-icon landscape'>\n\t\t\t\t<a href='https:\/\/franciscanos.org.br\/noticias\/wp-content\/uploads\/2025\/09\/DSC_4545-scaled.jpg'><img width=\"300\" height=\"300\" src=\"https:\/\/franciscanos.org.br\/noticias\/wp-content\/uploads\/2025\/09\/DSC_4545-300x300.jpg\" class=\"attachment-thumbnail size-thumbnail\" alt=\"\" loading=\"lazy\" srcset=\"https:\/\/franciscanos.org.br\/noticias\/wp-content\/uploads\/2025\/09\/DSC_4545-300x300.jpg 300w, https:\/\/franciscanos.org.br\/noticias\/wp-content\/uploads\/2025\/09\/DSC_4545-100x100.jpg 100w\" sizes=\"(max-width: 300px) 100vw, 300px\" \/><\/a>\n\t\t\t<\/dt><\/dl><br style=\"clear: both\" \/>\n\t\t<\/div>\n\n<h3><\/h3>\n<h3><\/h3>\n<h3><strong>Programa\u00e7\u00e3o religiosa e cultural<\/strong><\/h3>\n<p>No evento de lan\u00e7amento foi divulgado o hotsite da Festa, com toda a programa\u00e7\u00e3o. A agenda da festa ser\u00e1 intensa, al\u00e9m das Missas e novenas di\u00e1rias, est\u00e3o previstas: Prociss\u00e3o solene no dia 25 de outubro, quando a Igreja celebra liturgicamente Frei Galv\u00e3o; shows e apresenta\u00e7\u00f5es culturais, valorizando a m\u00fasica brasileira, religiosa e tamb\u00e9m artistas regionais; transmiss\u00f5es ao vivo pelas principais emissoras de inspira\u00e7\u00e3o cat\u00f3lica, como a TV Aparecida e Rede Vida, ampliando o alcance do evento para todo o Brasil.<\/p>\n<p>Al\u00e9m disso, nos dias de festa tamb\u00e9m haver\u00e1 a distribui\u00e7\u00e3o das p\u00edlulas de Frei Galv\u00e3o, sacramental j\u00e1 consolidado da devo\u00e7\u00e3o popular, que remete \u00e0 caridade e poderosa intercess\u00e3o do santo. As comemora\u00e7\u00f5es j\u00e1 iniciam na pr\u00f3xima semana, no Santu\u00e1rio Cristo Redentor no Rio de Janeiro. No dia 25 de setembro, haver\u00e1 uma Missa para marcar 1 m\u00eas para o Dia de Santo Ant\u00f4nio de Sant\u2019Anna Galv\u00e3o.<\/p>\n<p>Um dos destaques de 2025 ser\u00e1 o fortalecimento do car\u00e1ter solid\u00e1rio da festa. A cada dia de programa\u00e7\u00e3o os participantes ser\u00e3o animados a realizarem um gesto concreto, como arrecada\u00e7\u00e3o de alimentos, roupas e doa\u00e7\u00f5es materiais.<\/p>\n<div id=\"attachment_260397\" style=\"width: 1290px\" class=\"wp-caption alignnone\"><img aria-describedby=\"caption-attachment-260397\" loading=\"lazy\" class=\"wp-image-260397 size-full\" src=\"https:\/\/franciscanos.org.br\/noticias\/wp-content\/uploads\/2025\/09\/materia-2-16.jpg\" alt=\"\" width=\"1280\" height=\"720\" srcset=\"https:\/\/franciscanos.org.br\/noticias\/wp-content\/uploads\/2025\/09\/materia-2-16.jpg 1280w, https:\/\/franciscanos.org.br\/noticias\/wp-content\/uploads\/2025\/09\/materia-2-16-450x253.jpg 450w, https:\/\/franciscanos.org.br\/noticias\/wp-content\/uploads\/2025\/09\/materia-2-16-1024x576.jpg 1024w, https:\/\/franciscanos.org.br\/noticias\/wp-content\/uploads\/2025\/09\/materia-2-16-768x432.jpg 768w, https:\/\/franciscanos.org.br\/noticias\/wp-content\/uploads\/2025\/09\/materia-2-16-150x84.jpg 150w\" sizes=\"(max-width: 1280px) 100vw, 1280px\" \/><p id=\"caption-attachment-260397\" class=\"wp-caption-text\">Da esq. para dir: Frei Roberto Ishara, Frei Diego, Frei Thiago da Silva Soares, Frei Valdir Laurentino e Frei Leandro Costa Santos<\/p><\/div>\n<p>Concluindo o evento de lan\u00e7amento da Festa de Frei Galv\u00e3o 2025, os organizadores manifestaram o desejo de testemunhar nestes dias de festa a devo\u00e7\u00e3o popular ao primeiro santo brasileiro. \u201cA festa \u00e9 da cidade de Guaratinguet\u00e1. A festa \u00e9 do nosso santo, primeiro santo brasileiro. Ent\u00e3o, quanto mais estivermos envolvidos, melhor e mais bonita esta festa ficar\u00e1. O maior objetivo \u00e9 divulgar o primeiro santo brasileiro\u201d, afirmou Frei Diego.<\/p>\n<p>Ao final do evento, os frades que comp\u00f5em a fraternidade local deram a b\u00ean\u00e7\u00e3o aos presentes e, em seguida, a imprensa foi convidada para uma coletiva com os organizadores.<\/p>\n<hr \/>\n<p>Texto: \u00c9rika Augusto \/ Fotos: Felipe Nogueira (Pascom Santu\u00e1rio Frei Galv\u00e3o)<\/p>\n","protected":false},"excerpt":{"rendered":"<p>Festa de Frei Galv\u00e3o 2025<\/p>\n","protected":false},"author":11,"featured_media":260396,"comment_status":"open","ping_status":"open","sticky":false,"template":"","format":"standard","meta":[],"categories":[1],"tags":[2396,2419],"acf":[],"yoast_head":"<!-- This site is optimized with the Yoast SEO plugin v19.2 - https:\/\/yoast.com\/wordpress\/plugins\/seo\/ -->\n<title>Guaratinguet\u00e1 se prepara para receber 100 mil fi\u00e9is na Festa do Santu\u00e1rio Frei Galv\u00e3o 2025 - Not\u00edcias - Franciscanos<\/title>\n<meta name=\"robots\" content=\"index, follow, max-snippet:-1, max-image-preview:large, max-video-preview:-1\" \/>\n<link rel=\"canonical\" href=\"https:\/\/franciscanos.org.br\/noticias\/guaratingueta-se-prepara-para-receber-100-mil-fieis-na-festa-do-santuario-frei-galvao-2025.html\" \/>\n<meta property=\"og:locale\" content=\"pt_BR\" \/>\n<meta property=\"og:type\" content=\"article\" \/>\n<meta property=\"og:title\" content=\"Guaratinguet\u00e1 se prepara para receber 100 mil fi\u00e9is na Festa do Santu\u00e1rio Frei Galv\u00e3o 2025 - Not\u00edcias - Franciscanos\" \/>\n<meta property=\"og:description\" content=\"Festa de Frei Galv\u00e3o 2025\" \/>\n<meta property=\"og:url\" content=\"https:\/\/franciscanos.org.br\/noticias\/guaratingueta-se-prepara-para-receber-100-mil-fieis-na-festa-do-santuario-frei-galvao-2025.html\" \/>\n<meta property=\"og:site_name\" content=\"Not\u00edcias - Franciscanos\" \/>\n<meta property=\"article:published_time\" content=\"2025-09-19T16:13:45+00:00\" \/>\n<meta property=\"article:modified_time\" content=\"2025-09-19T16:25:24+00:00\" \/>\n<meta property=\"og:image\" content=\"https:\/\/franciscanos.org.br\/noticias\/wp-content\/uploads\/2025\/09\/chamada-38.jpg\" \/>\n\t<meta property=\"og:image:width\" content=\"800\" \/>\n\t<meta property=\"og:image:height\" content=\"550\" \/>\n\t<meta property=\"og:image:type\" content=\"image\/jpeg\" \/>\n<meta name=\"author\" content=\"Adriana Rabelo\" \/>\n<meta name=\"twitter:card\" content=\"summary_large_image\" \/>\n<meta name=\"twitter:label1\" content=\"Escrito por\" \/>\n\t<meta name=\"twitter:data1\" content=\"Adriana Rabelo\" \/>\n\t<meta name=\"twitter:label2\" content=\"Est. tempo de leitura\" \/>\n\t<meta name=\"twitter:data2\" content=\"3 minutos\" \/>\n<script type=\"application\/ld+json\" class=\"yoast-schema-graph\">{\"@context\":\"https:\/\/schema.org\",\"@graph\":[{\"@type\":\"WebSite\",\"@id\":\"https:\/\/franciscanos.org.br\/noticias\/#website\",\"url\":\"https:\/\/franciscanos.org.br\/noticias\/\",\"name\":\"Not\u00edcias - Franciscanos\",\"description\":\"Prov\u00edncia Franciscana da Imaculada Concei\u00e7\u00e3o do Brasil - Ordem dos Frades Menores - OFM\",\"potentialAction\":[{\"@type\":\"SearchAction\",\"target\":{\"@type\":\"EntryPoint\",\"urlTemplate\":\"https:\/\/franciscanos.org.br\/noticias\/?s={search_term_string}\"},\"query-input\":\"required name=search_term_string\"}],\"inLanguage\":\"pt-BR\"},{\"@type\":\"ImageObject\",\"inLanguage\":\"pt-BR\",\"@id\":\"https:\/\/franciscanos.org.br\/noticias\/guaratingueta-se-prepara-para-receber-100-mil-fieis-na-festa-do-santuario-frei-galvao-2025.html#primaryimage\",\"url\":\"https:\/\/franciscanos.org.br\/noticias\/wp-content\/uploads\/2025\/09\/chamada-38.jpg\",\"contentUrl\":\"https:\/\/franciscanos.org.br\/noticias\/wp-content\/uploads\/2025\/09\/chamada-38.jpg\",\"width\":800,\"height\":550},{\"@type\":\"WebPage\",\"@id\":\"https:\/\/franciscanos.org.br\/noticias\/guaratingueta-se-prepara-para-receber-100-mil-fieis-na-festa-do-santuario-frei-galvao-2025.html#webpage\",\"url\":\"https:\/\/franciscanos.org.br\/noticias\/guaratingueta-se-prepara-para-receber-100-mil-fieis-na-festa-do-santuario-frei-galvao-2025.html\",\"name\":\"Guaratinguet\u00e1 se prepara para receber 100 mil fi\u00e9is na Festa do Santu\u00e1rio Frei Galv\u00e3o 2025 - Not\u00edcias - Franciscanos\",\"isPartOf\":{\"@id\":\"https:\/\/franciscanos.org.br\/noticias\/#website\"},\"primaryImageOfPage\":{\"@id\":\"https:\/\/franciscanos.org.br\/noticias\/guaratingueta-se-prepara-para-receber-100-mil-fieis-na-festa-do-santuario-frei-galvao-2025.html#primaryimage\"},\"datePublished\":\"2025-09-19T16:13:45+00:00\",\"dateModified\":\"2025-09-19T16:25:24+00:00\",\"author\":{\"@id\":\"https:\/\/franciscanos.org.br\/noticias\/#\/schema\/person\/d9422e83121c3ad3b0f423d195f5bb25\"},\"breadcrumb\":{\"@id\":\"https:\/\/franciscanos.org.br\/noticias\/guaratingueta-se-prepara-para-receber-100-mil-fieis-na-festa-do-santuario-frei-galvao-2025.html#breadcrumb\"},\"inLanguage\":\"pt-BR\",\"potentialAction\":[{\"@type\":\"ReadAction\",\"target\":[\"https:\/\/franciscanos.org.br\/noticias\/guaratingueta-se-prepara-para-receber-100-mil-fieis-na-festa-do-santuario-frei-galvao-2025.html\"]}]},{\"@type\":\"BreadcrumbList\",\"@id\":\"https:\/\/franciscanos.org.br\/noticias\/guaratingueta-se-prepara-para-receber-100-mil-fieis-na-festa-do-santuario-frei-galvao-2025.html#breadcrumb\",\"itemListElement\":[{\"@type\":\"ListItem\",\"position\":1,\"name\":\"Home\",\"item\":\"https:\/\/franciscanos.org.br\/noticias\"},{\"@type\":\"ListItem\",\"position\":2,\"name\":\"Guaratinguet\u00e1 se prepara para receber 100 mil fi\u00e9is na Festa do Santu\u00e1rio Frei Galv\u00e3o 2025\"}]},{\"@type\":\"Person\",\"@id\":\"https:\/\/franciscanos.org.br\/noticias\/#\/schema\/person\/d9422e83121c3ad3b0f423d195f5bb25\",\"name\":\"Adriana Rabelo\",\"image\":{\"@type\":\"ImageObject\",\"inLanguage\":\"pt-BR\",\"@id\":\"https:\/\/franciscanos.org.br\/noticias\/#\/schema\/person\/image\/\",\"url\":\"https:\/\/secure.gravatar.com\/avatar\/0a937b7500cd7df77540cfb8bede877d?s=96&d=mm&r=g\",\"contentUrl\":\"https:\/\/secure.gravatar.com\/avatar\/0a937b7500cd7df77540cfb8bede877d?s=96&d=mm&r=g\",\"caption\":\"Adriana Rabelo\"},\"url\":\"https:\/\/franciscanos.org.br\/noticias\/author\/adrianarabelo\"}]}<\/script>\n<!-- \/ Yoast SEO plugin. -->","yoast_head_json":{"title":"Guaratinguet\u00e1 se prepara para receber 100 mil fi\u00e9is na Festa do Santu\u00e1rio Frei Galv\u00e3o 2025 - Not\u00edcias - Franciscanos","robots":{"index":"index","follow":"follow","max-snippet":"max-snippet:-1","max-image-preview":"max-image-preview:large","max-video-preview":"max-video-preview:-1"},"canonical":"https:\/\/franciscanos.org.br\/noticias\/guaratingueta-se-prepara-para-receber-100-mil-fieis-na-festa-do-santuario-frei-galvao-2025.html","og_locale":"pt_BR","og_type":"article","og_title":"Guaratinguet\u00e1 se prepara para receber 100 mil fi\u00e9is na Festa do Santu\u00e1rio Frei Galv\u00e3o 2025 - Not\u00edcias - Franciscanos","og_description":"Festa de Frei Galv\u00e3o 2025","og_url":"https:\/\/franciscanos.org.br\/noticias\/guaratingueta-se-prepara-para-receber-100-mil-fieis-na-festa-do-santuario-frei-galvao-2025.html","og_site_name":"Not\u00edcias - Franciscanos","article_published_time":"2025-09-19T16:13:45+00:00","article_modified_time":"2025-09-19T16:25:24+00:00","og_image":[{"width":800,"height":550,"url":"https:\/\/franciscanos.org.br\/noticias\/wp-content\/uploads\/2025\/09\/chamada-38.jpg","type":"image\/jpeg"}],"author":"Adriana Rabelo","twitter_card":"summary_large_image","twitter_misc":{"Escrito por":"Adriana Rabelo","Est. tempo de leitura":"3 minutos"},"schema":{"@context":"https:\/\/schema.org","@graph":[{"@type":"WebSite","@id":"https:\/\/franciscanos.org.br\/noticias\/#website","url":"https:\/\/franciscanos.org.br\/noticias\/","name":"Not\u00edcias - Franciscanos","description":"Prov\u00edncia Franciscana da Imaculada Concei\u00e7\u00e3o do Brasil - Ordem dos Frades Menores - OFM","potentialAction":[{"@type":"SearchAction","target":{"@type":"EntryPoint","urlTemplate":"https:\/\/franciscanos.org.br\/noticias\/?s={search_term_string}"},"query-input":"required name=search_term_string"}],"inLanguage":"pt-BR"},{"@type":"ImageObject","inLanguage":"pt-BR","@id":"https:\/\/franciscanos.org.br\/noticias\/guaratingueta-se-prepara-para-receber-100-mil-fieis-na-festa-do-santuario-frei-galvao-2025.html#primaryimage","url":"https:\/\/franciscanos.org.br\/noticias\/wp-content\/uploads\/2025\/09\/chamada-38.jpg","contentUrl":"https:\/\/franciscanos.org.br\/noticias\/wp-content\/uploads\/2025\/09\/chamada-38.jpg","width":800,"height":550},{"@type":"WebPage","@id":"https:\/\/franciscanos.org.br\/noticias\/guaratingueta-se-prepara-para-receber-100-mil-fieis-na-festa-do-santuario-frei-galvao-2025.html#webpage","url":"https:\/\/franciscanos.org.br\/noticias\/guaratingueta-se-prepara-para-receber-100-mil-fieis-na-festa-do-santuario-frei-galvao-2025.html","name":"Guaratinguet\u00e1 se prepara para receber 100 mil fi\u00e9is na Festa do Santu\u00e1rio Frei Galv\u00e3o 2025 - Not\u00edcias - Franciscanos","isPartOf":{"@id":"https:\/\/franciscanos.org.br\/noticias\/#website"},"primaryImageOfPage":{"@id":"https:\/\/franciscanos.org.br\/noticias\/guaratingueta-se-prepara-para-receber-100-mil-fieis-na-festa-do-santuario-frei-galvao-2025.html#primaryimage"},"datePublished":"2025-09-19T16:13:45+00:00","dateModified":"2025-09-19T16:25:24+00:00","author":{"@id":"https:\/\/franciscanos.org.br\/noticias\/#\/schema\/person\/d9422e83121c3ad3b0f423d195f5bb25"},"breadcrumb":{"@id":"https:\/\/franciscanos.org.br\/noticias\/guaratingueta-se-prepara-para-receber-100-mil-fieis-na-festa-do-santuario-frei-galvao-2025.html#breadcrumb"},"inLanguage":"pt-BR","potentialAction":[{"@type":"ReadAction","target":["https:\/\/franciscanos.org.br\/noticias\/guaratingueta-se-prepara-para-receber-100-mil-fieis-na-festa-do-santuario-frei-galvao-2025.html"]}]},{"@type":"BreadcrumbList","@id":"https:\/\/franciscanos.org.br\/noticias\/guaratingueta-se-prepara-para-receber-100-mil-fieis-na-festa-do-santuario-frei-galvao-2025.html#breadcrumb","itemListElement":[{"@type":"ListItem","position":1,"name":"Home","item":"https:\/\/franciscanos.org.br\/noticias"},{"@type":"ListItem","position":2,"name":"Guaratinguet\u00e1 se prepara para receber 100 mil fi\u00e9is na Festa do Santu\u00e1rio Frei Galv\u00e3o 2025"}]},{"@type":"Person","@id":"https:\/\/franciscanos.org.br\/noticias\/#\/schema\/person\/d9422e83121c3ad3b0f423d195f5bb25","name":"Adriana Rabelo","image":{"@type":"ImageObject","inLanguage":"pt-BR","@id":"https:\/\/franciscanos.org.br\/noticias\/#\/schema\/person\/image\/","url":"https:\/\/secure.gravatar.com\/avatar\/0a937b7500cd7df77540cfb8bede877d?s=96&d=mm&r=g","contentUrl":"https:\/\/secure.gravatar.com\/avatar\/0a937b7500cd7df77540cfb8bede877d?s=96&d=mm&r=g","caption":"Adriana Rabelo"},"url":"https:\/\/franciscanos.org.br\/noticias\/author\/adrianarabelo"}]}},"_links":{"self":[{"href":"https:\/\/franciscanos.org.br\/noticias\/wp-json\/wp\/v2\/posts\/260394"}],"collection":[{"href":"https:\/\/franciscanos.org.br\/noticias\/wp-json\/wp\/v2\/posts"}],"about":[{"href":"https:\/\/franciscanos.org.br\/noticias\/wp-json\/wp\/v2\/types\/post"}],"author":[{"embeddable":true,"href":"https:\/\/franciscanos.org.br\/noticias\/wp-json\/wp\/v2\/users\/11"}],"replies":[{"embeddable":true,"href":"https:\/\/franciscanos.org.br\/noticias\/wp-json\/wp\/v2\/comments?post=260394"}],"version-history":[{"count":6,"href":"https:\/\/franciscanos.org.br\/noticias\/wp-json\/wp\/v2\/posts\/260394\/revisions"}],"predecessor-version":[{"id":260408,"href":"https:\/\/franciscanos.org.br\/noticias\/wp-json\/wp\/v2\/posts\/260394\/revisions\/260408"}],"wp:featuredmedia":[{"embeddable":true,"href":"https:\/\/franciscanos.org.br\/noticias\/wp-json\/wp\/v2\/media\/260396"}],"wp:attachment":[{"href":"https:\/\/franciscanos.org.br\/noticias\/wp-json\/wp\/v2\/media?parent=260394"}],"wp:term":[{"taxonomy":"category","embeddable":true,"href":"https:\/\/franciscanos.org.br\/noticias\/wp-json\/wp\/v2\/categories?post=260394"},{"taxonomy":"post_tag","embeddable":true,"href":"https:\/\/franciscanos.org.br\/noticias\/wp-json\/wp\/v2\/tags?post=260394"}],"curies":[{"name":"wp","href":"https:\/\/api.w.org\/{rel}","templated":true}]}}