{"id":260385,"date":"2025-09-18T15:49:57","date_gmt":"2025-09-18T18:49:57","guid":{"rendered":"https:\/\/franciscanos.org.br\/noticias\/?p=260385"},"modified":"2025-09-18T15:58:55","modified_gmt":"2025-09-18T18:58:55","slug":"convento-da-penha-celebra-a-festa-da-impressao-das-chagas-de-sao-francisco","status":"publish","type":"post","link":"https:\/\/franciscanos.org.br\/noticias\/convento-da-penha-celebra-a-festa-da-impressao-das-chagas-de-sao-francisco.html","title":{"rendered":"Convento da Penha celebra a Festa da Impress\u00e3o das Chagas de S\u00e3o Francisco"},"content":{"rendered":"<p><img loading=\"lazy\" class=\"aligncenter wp-image-260387 size-full\" src=\"https:\/\/franciscanos.org.br\/noticias\/wp-content\/uploads\/2025\/09\/MATERIA-1-26.jpg\" alt=\"\" width=\"1280\" height=\"720\" srcset=\"https:\/\/franciscanos.org.br\/noticias\/wp-content\/uploads\/2025\/09\/MATERIA-1-26.jpg 1280w, https:\/\/franciscanos.org.br\/noticias\/wp-content\/uploads\/2025\/09\/MATERIA-1-26-450x253.jpg 450w, https:\/\/franciscanos.org.br\/noticias\/wp-content\/uploads\/2025\/09\/MATERIA-1-26-1024x576.jpg 1024w, https:\/\/franciscanos.org.br\/noticias\/wp-content\/uploads\/2025\/09\/MATERIA-1-26-768x432.jpg 768w, https:\/\/franciscanos.org.br\/noticias\/wp-content\/uploads\/2025\/09\/MATERIA-1-26-150x84.jpg 150w\" sizes=\"(max-width: 1280px) 100vw, 1280px\" \/><\/p>\n<p><em>\u201cO Ser\u00e1fico Pai Francisco, desde o in\u00edcio de sua convers\u00e3o, dedicou-se de uma maneira toda especial \u00e0 devo\u00e7\u00e3o e venera\u00e7\u00e3o do Cristo crucificado, devo\u00e7\u00e3o que at\u00e9 a morte ele inculcava a todos por palavras e exemplo. Quando, em 1224, Francisco se abismava em profunda contempla\u00e7\u00e3o no Monte Alverne, por um admir\u00e1vel e estupendo prod\u00edgio, o Senhor Jesus imprimiu-lhe no corpo as chagas de sua paix\u00e3o. O Papa Bento XI concedeu \u00e0 Ordem dos Frades Menores que todos os anos, neste dia, celebrasse, no grau de festa, a mem\u00f3ria de t\u00e3o memor\u00e1vel prod\u00edgio, comprovado pelos mais fidedignos testemunhos\u201d (Liturgia das Horas)<\/em><\/p>\n<hr \/>\n<p>A Festa da Impress\u00e3o das Chagas de S\u00e3o Francisco de Assis foi celebrada de forma solene nas Missas do Convento da Penha. A solenidade recorda o acontecimento do ano de 1224, quando, no Monte Alverne, em Assis, na It\u00e1lia, Francisco teve seu corpo marcado com as Chagas de Cristo. O \u201cCalv\u00e1rio Franciscano\u201d, lugar geogr\u00e1fico e espiritual onde o Ser\u00e1fico Pai S\u00e3o Francisco, \u201cdois anos antes de sua morte\u201d, ap\u00f3s intenso itiner\u00e1rio na busca da conformidade com Cristo, chegou \u201cao cume da perfei\u00e7\u00e3o do Evangelho\u201d, quando foram impressas \u201cem suas m\u00e3os e p\u00e9s os sinais dos cravos, iguais em tudo ao que antes havia visto na imagem do Serafim Crucificado\u201d.<\/p>\n<p>Nesta quarta-feira, 17 de setembro, a tradicional Santa Missa das 15 horas, que \u00e9 rezada nas inten\u00e7\u00f5es da sa\u00fade, dos enfermos e acamados, ocorreu no Campinho do Convento e foi presidida pelo Frei Paulo C\u00e9sar Ferreira. Ao iniciar, o Vig\u00e1rio da Penha, acolheu os fi\u00e9is e ressaltou que o Convento reza pelos doentes, mas tamb\u00e9m pelos agentes e profissionais que cuidam nos hospitais, cl\u00ednicas, casas de repouso, etc.<\/p>\n<p><img loading=\"lazy\" class=\"aligncenter wp-image-260388 size-full\" src=\"https:\/\/franciscanos.org.br\/noticias\/wp-content\/uploads\/2025\/09\/MATERIA-2-15.jpg\" alt=\"\" width=\"1280\" height=\"720\" srcset=\"https:\/\/franciscanos.org.br\/noticias\/wp-content\/uploads\/2025\/09\/MATERIA-2-15.jpg 1280w, https:\/\/franciscanos.org.br\/noticias\/wp-content\/uploads\/2025\/09\/MATERIA-2-15-450x253.jpg 450w, https:\/\/franciscanos.org.br\/noticias\/wp-content\/uploads\/2025\/09\/MATERIA-2-15-1024x576.jpg 1024w, https:\/\/franciscanos.org.br\/noticias\/wp-content\/uploads\/2025\/09\/MATERIA-2-15-768x432.jpg 768w, https:\/\/franciscanos.org.br\/noticias\/wp-content\/uploads\/2025\/09\/MATERIA-2-15-150x84.jpg 150w\" sizes=\"(max-width: 1280px) 100vw, 1280px\" \/><\/p>\n<p>Na homilia, Frei Paulo C\u00e9sar Ferreira da Silva contextualizou como se deu essa festa franciscana e porque os seguidores do carisma de S\u00e3o Francisco veneram com ardor a Estigmatiza\u00e7\u00e3o do Ser\u00e1fico Pai. \u201cDesde o in\u00edcio de sua convers\u00e3o, S\u00e3o Francisco dedicou especial devo\u00e7\u00e3o, especial venera\u00e7\u00e3o a Cristo crucificado, devo\u00e7\u00e3o que ele pregava a todos por palavras e exemplo. Dizem at\u00e9 que ao confeccionar o h\u00e1bito franciscano, a veste que ele passou a usar, uma t\u00fanica r\u00fastica, ele pediu que a fizesse, costurasse em forma de cruz, uma forma de cruz. Em 1224, portanto, h\u00e1 801 anos, Francisco, recolhido em contempla\u00e7\u00e3o no Monte Alverne, por um admir\u00e1vel prod\u00edgio, ganha as Chagas de Jesus, as Chagas da Paix\u00e3o, as Chagas do Amor de Jesus por n\u00f3s. Tantas l\u00e1grimas vertera Francisco, a meditar dia e noite a paix\u00e3o de Jesus, que chegava a dizer, a fam\u00edlia franciscana conhece, o amor n\u00e3o \u00e9 amado, o amor n\u00e3o \u00e9 amado, o amor de Jesus por n\u00f3s n\u00e3o \u00e9 correspondido\u201d.<\/p>\n<p>\u201c\u2018Amai-vos uns aos outros como eu vos amei\u2019. O amor a Jesus nos leva a conformidade com Ele, nos identifica o amor de Jesus por n\u00f3s e amar a Jesus, como dizemos am\u00e1-Lo, nos identifica com Ele o meu amor a Jesus, o nosso amor a Jesus, n\u00f3s todos que aqui estamos. Nosso amor a Jesus nos identifica com Ele. S\u00e3o Francisco tornou-se a Imagem do Amado, do nosso pr\u00f3prio Redentor, do nosso Salvador. O seguimento de Jesus nos leva do Monte Tabor ao Calv\u00e1rio e nos mostra a vida do jeito que Deus quer. Jesus nos revela na sua fala, nos seus gestos, ensinamentos, os planos de Deus para n\u00f3s. O ser humano sonhado por um Deus amoroso, Criador do c\u00e9u e da terra. E no seguimento de Jesus do Tabor ao Calv\u00e1rio, depois dessa experi\u00eancia m\u00edstica do Tabor ao calv\u00e1rio, voltamos sim ao campo de miss\u00e3o com o aspecto e o cora\u00e7\u00e3o de Cristo, servos uns dos outros pela caridade segundo o Esp\u00edrito que nos possui. Dispostos a carregar os fardos uns dos outros, obedientes a lei de Cristo que \u00e9 o amor fraterno\u201d, destacou Frei Paulo.<\/p>\n<p><img loading=\"lazy\" class=\"aligncenter wp-image-260389 size-full\" src=\"https:\/\/franciscanos.org.br\/noticias\/wp-content\/uploads\/2025\/09\/MATERIA3-7.jpg\" alt=\"\" width=\"1280\" height=\"720\" srcset=\"https:\/\/franciscanos.org.br\/noticias\/wp-content\/uploads\/2025\/09\/MATERIA3-7.jpg 1280w, https:\/\/franciscanos.org.br\/noticias\/wp-content\/uploads\/2025\/09\/MATERIA3-7-450x253.jpg 450w, https:\/\/franciscanos.org.br\/noticias\/wp-content\/uploads\/2025\/09\/MATERIA3-7-1024x576.jpg 1024w, https:\/\/franciscanos.org.br\/noticias\/wp-content\/uploads\/2025\/09\/MATERIA3-7-768x432.jpg 768w, https:\/\/franciscanos.org.br\/noticias\/wp-content\/uploads\/2025\/09\/MATERIA3-7-150x84.jpg 150w\" sizes=\"(max-width: 1280px) 100vw, 1280px\" \/><\/p>\n<p>Em seguida, Frei Paulo falou especialmente aos enfermos. \u201cDisc\u00edpulos de Cristo, como S\u00e3o Francisco, n\u00e3o se iludem, mas se examinam constantemente na maneira de ser, de agir, glorificando-se sempre e somente na cruz de Cristo. N\u00e3o semeiam na pr\u00f3pria carne, semeiam no esp\u00edrito para colher a vida eterna. N\u00e3o desanimam de fazer o bem, pois o que conta \u00e9 a cria\u00e7\u00e3o nova, superar-se gra\u00e7as \u00e0quele que se entregou por n\u00f3s. E ali, meus queridos, aqui particularmente aos enfermos, acamados, convalescentes, hospitalizados, na tribula\u00e7\u00e3o pense bem, se trago no meu corpo a agonia de Jesus, \u00e9 para que tamb\u00e9m a vida de Jesus se revele em mim, atrav\u00e9s de mim. Deus nos predestinou para sermos conforme a imagem de seu Filho\u201d, observou.<\/p>\n<p>\u201cContemplando ent\u00e3o Jesus na cruz, irm\u00e3os e irm\u00e3s, vemos todos os crucificados, enfermos, drogados, encarcerados, v\u00edtimas das guerras, os injusti\u00e7ados, os exclu\u00eddos, desempregados, marginalizados, desesperados e vai por a\u00ed. Estou comprometido com Cristo na cruz. Voc\u00ea pode dizer isso de cora\u00e7\u00e3o, olhando para o crucificado, estou comprometido com Cristo na cruz. Sinal de amor, de entrega, de servi\u00e7o, de compaix\u00e3o, de vida. Eu vivo, por\u00e9m j\u00e1 n\u00e3o eu, mas o Cristo \u00e9 que vive em mim. Terminando ent\u00e3o, uma prece a S\u00e3o Francisco, por todos n\u00f3s, aqui presentes e os de casa tamb\u00e9m. Que as palavras que n\u00f3s ouvimos aqui, nos ajudem a refletir sobre a beleza e a profundidade dessa comemora\u00e7\u00e3o, a Impress\u00e3o das Chagas do Mestre Amado em S\u00e3o Francisco de Assis. Ent\u00e3o, n\u00f3s tamb\u00e9m vamos trazer em n\u00f3s, na pr\u00e1tica do amor, as Chagas, os sinais sens\u00edveis de doa\u00e7\u00e3o, de entrega, de vida fraterna\u201d, finalizou Frei Paulo C\u00e9sar.<\/p>\n<hr \/>\n<p><em>Cristian Oliveira (ASCOM)<\/em><\/p>\n","protected":false},"excerpt":{"rendered":"<p>Celebra\u00e7\u00e3o dos Estigmas<\/p>\n","protected":false},"author":11,"featured_media":260386,"comment_status":"open","ping_status":"open","sticky":false,"template":"","format":"standard","meta":[],"categories":[1],"tags":[2414,248],"acf":[],"yoast_head":"<!-- This site is optimized with the Yoast SEO plugin v19.2 - https:\/\/yoast.com\/wordpress\/plugins\/seo\/ -->\n<title>Convento da Penha celebra a Festa da Impress\u00e3o das Chagas de S\u00e3o Francisco - Not\u00edcias - Franciscanos<\/title>\n<meta name=\"robots\" content=\"index, follow, max-snippet:-1, max-image-preview:large, max-video-preview:-1\" \/>\n<link rel=\"canonical\" href=\"https:\/\/franciscanos.org.br\/noticias\/convento-da-penha-celebra-a-festa-da-impressao-das-chagas-de-sao-francisco.html\" \/>\n<meta property=\"og:locale\" content=\"pt_BR\" \/>\n<meta property=\"og:type\" content=\"article\" \/>\n<meta property=\"og:title\" content=\"Convento da Penha celebra a Festa da Impress\u00e3o das Chagas de S\u00e3o Francisco - Not\u00edcias - Franciscanos\" \/>\n<meta property=\"og:description\" content=\"Celebra\u00e7\u00e3o dos Estigmas\" \/>\n<meta property=\"og:url\" content=\"https:\/\/franciscanos.org.br\/noticias\/convento-da-penha-celebra-a-festa-da-impressao-das-chagas-de-sao-francisco.html\" \/>\n<meta property=\"og:site_name\" content=\"Not\u00edcias - Franciscanos\" \/>\n<meta property=\"article:published_time\" content=\"2025-09-18T18:49:57+00:00\" \/>\n<meta property=\"article:modified_time\" content=\"2025-09-18T18:58:55+00:00\" \/>\n<meta property=\"og:image\" content=\"https:\/\/franciscanos.org.br\/noticias\/wp-content\/uploads\/2025\/09\/chamada-37.jpg\" \/>\n\t<meta property=\"og:image:width\" content=\"800\" \/>\n\t<meta property=\"og:image:height\" content=\"550\" \/>\n\t<meta property=\"og:image:type\" content=\"image\/jpeg\" \/>\n<meta name=\"author\" content=\"Adriana Rabelo\" \/>\n<meta name=\"twitter:card\" content=\"summary_large_image\" \/>\n<meta name=\"twitter:label1\" content=\"Escrito por\" \/>\n\t<meta name=\"twitter:data1\" content=\"Adriana Rabelo\" \/>\n\t<meta name=\"twitter:label2\" content=\"Est. tempo de leitura\" \/>\n\t<meta name=\"twitter:data2\" content=\"5 minutos\" \/>\n<script type=\"application\/ld+json\" class=\"yoast-schema-graph\">{\"@context\":\"https:\/\/schema.org\",\"@graph\":[{\"@type\":\"WebSite\",\"@id\":\"https:\/\/franciscanos.org.br\/noticias\/#website\",\"url\":\"https:\/\/franciscanos.org.br\/noticias\/\",\"name\":\"Not\u00edcias - Franciscanos\",\"description\":\"Prov\u00edncia Franciscana da Imaculada Concei\u00e7\u00e3o do Brasil - Ordem dos Frades Menores - OFM\",\"potentialAction\":[{\"@type\":\"SearchAction\",\"target\":{\"@type\":\"EntryPoint\",\"urlTemplate\":\"https:\/\/franciscanos.org.br\/noticias\/?s={search_term_string}\"},\"query-input\":\"required name=search_term_string\"}],\"inLanguage\":\"pt-BR\"},{\"@type\":\"ImageObject\",\"inLanguage\":\"pt-BR\",\"@id\":\"https:\/\/franciscanos.org.br\/noticias\/convento-da-penha-celebra-a-festa-da-impressao-das-chagas-de-sao-francisco.html#primaryimage\",\"url\":\"https:\/\/franciscanos.org.br\/noticias\/wp-content\/uploads\/2025\/09\/chamada-37.jpg\",\"contentUrl\":\"https:\/\/franciscanos.org.br\/noticias\/wp-content\/uploads\/2025\/09\/chamada-37.jpg\",\"width\":800,\"height\":550},{\"@type\":\"WebPage\",\"@id\":\"https:\/\/franciscanos.org.br\/noticias\/convento-da-penha-celebra-a-festa-da-impressao-das-chagas-de-sao-francisco.html#webpage\",\"url\":\"https:\/\/franciscanos.org.br\/noticias\/convento-da-penha-celebra-a-festa-da-impressao-das-chagas-de-sao-francisco.html\",\"name\":\"Convento da Penha celebra a Festa da Impress\u00e3o das Chagas de S\u00e3o Francisco - Not\u00edcias - Franciscanos\",\"isPartOf\":{\"@id\":\"https:\/\/franciscanos.org.br\/noticias\/#website\"},\"primaryImageOfPage\":{\"@id\":\"https:\/\/franciscanos.org.br\/noticias\/convento-da-penha-celebra-a-festa-da-impressao-das-chagas-de-sao-francisco.html#primaryimage\"},\"datePublished\":\"2025-09-18T18:49:57+00:00\",\"dateModified\":\"2025-09-18T18:58:55+00:00\",\"author\":{\"@id\":\"https:\/\/franciscanos.org.br\/noticias\/#\/schema\/person\/d9422e83121c3ad3b0f423d195f5bb25\"},\"breadcrumb\":{\"@id\":\"https:\/\/franciscanos.org.br\/noticias\/convento-da-penha-celebra-a-festa-da-impressao-das-chagas-de-sao-francisco.html#breadcrumb\"},\"inLanguage\":\"pt-BR\",\"potentialAction\":[{\"@type\":\"ReadAction\",\"target\":[\"https:\/\/franciscanos.org.br\/noticias\/convento-da-penha-celebra-a-festa-da-impressao-das-chagas-de-sao-francisco.html\"]}]},{\"@type\":\"BreadcrumbList\",\"@id\":\"https:\/\/franciscanos.org.br\/noticias\/convento-da-penha-celebra-a-festa-da-impressao-das-chagas-de-sao-francisco.html#breadcrumb\",\"itemListElement\":[{\"@type\":\"ListItem\",\"position\":1,\"name\":\"Home\",\"item\":\"https:\/\/franciscanos.org.br\/noticias\"},{\"@type\":\"ListItem\",\"position\":2,\"name\":\"Convento da Penha celebra a Festa da Impress\u00e3o das Chagas de S\u00e3o Francisco\"}]},{\"@type\":\"Person\",\"@id\":\"https:\/\/franciscanos.org.br\/noticias\/#\/schema\/person\/d9422e83121c3ad3b0f423d195f5bb25\",\"name\":\"Adriana Rabelo\",\"image\":{\"@type\":\"ImageObject\",\"inLanguage\":\"pt-BR\",\"@id\":\"https:\/\/franciscanos.org.br\/noticias\/#\/schema\/person\/image\/\",\"url\":\"https:\/\/secure.gravatar.com\/avatar\/0a937b7500cd7df77540cfb8bede877d?s=96&d=mm&r=g\",\"contentUrl\":\"https:\/\/secure.gravatar.com\/avatar\/0a937b7500cd7df77540cfb8bede877d?s=96&d=mm&r=g\",\"caption\":\"Adriana Rabelo\"},\"url\":\"https:\/\/franciscanos.org.br\/noticias\/author\/adrianarabelo\"}]}<\/script>\n<!-- \/ Yoast SEO plugin. -->","yoast_head_json":{"title":"Convento da Penha celebra a Festa da Impress\u00e3o das Chagas de S\u00e3o Francisco - Not\u00edcias - Franciscanos","robots":{"index":"index","follow":"follow","max-snippet":"max-snippet:-1","max-image-preview":"max-image-preview:large","max-video-preview":"max-video-preview:-1"},"canonical":"https:\/\/franciscanos.org.br\/noticias\/convento-da-penha-celebra-a-festa-da-impressao-das-chagas-de-sao-francisco.html","og_locale":"pt_BR","og_type":"article","og_title":"Convento da Penha celebra a Festa da Impress\u00e3o das Chagas de S\u00e3o Francisco - Not\u00edcias - Franciscanos","og_description":"Celebra\u00e7\u00e3o dos Estigmas","og_url":"https:\/\/franciscanos.org.br\/noticias\/convento-da-penha-celebra-a-festa-da-impressao-das-chagas-de-sao-francisco.html","og_site_name":"Not\u00edcias - Franciscanos","article_published_time":"2025-09-18T18:49:57+00:00","article_modified_time":"2025-09-18T18:58:55+00:00","og_image":[{"width":800,"height":550,"url":"https:\/\/franciscanos.org.br\/noticias\/wp-content\/uploads\/2025\/09\/chamada-37.jpg","type":"image\/jpeg"}],"author":"Adriana Rabelo","twitter_card":"summary_large_image","twitter_misc":{"Escrito por":"Adriana Rabelo","Est. tempo de leitura":"5 minutos"},"schema":{"@context":"https:\/\/schema.org","@graph":[{"@type":"WebSite","@id":"https:\/\/franciscanos.org.br\/noticias\/#website","url":"https:\/\/franciscanos.org.br\/noticias\/","name":"Not\u00edcias - Franciscanos","description":"Prov\u00edncia Franciscana da Imaculada Concei\u00e7\u00e3o do Brasil - Ordem dos Frades Menores - OFM","potentialAction":[{"@type":"SearchAction","target":{"@type":"EntryPoint","urlTemplate":"https:\/\/franciscanos.org.br\/noticias\/?s={search_term_string}"},"query-input":"required name=search_term_string"}],"inLanguage":"pt-BR"},{"@type":"ImageObject","inLanguage":"pt-BR","@id":"https:\/\/franciscanos.org.br\/noticias\/convento-da-penha-celebra-a-festa-da-impressao-das-chagas-de-sao-francisco.html#primaryimage","url":"https:\/\/franciscanos.org.br\/noticias\/wp-content\/uploads\/2025\/09\/chamada-37.jpg","contentUrl":"https:\/\/franciscanos.org.br\/noticias\/wp-content\/uploads\/2025\/09\/chamada-37.jpg","width":800,"height":550},{"@type":"WebPage","@id":"https:\/\/franciscanos.org.br\/noticias\/convento-da-penha-celebra-a-festa-da-impressao-das-chagas-de-sao-francisco.html#webpage","url":"https:\/\/franciscanos.org.br\/noticias\/convento-da-penha-celebra-a-festa-da-impressao-das-chagas-de-sao-francisco.html","name":"Convento da Penha celebra a Festa da Impress\u00e3o das Chagas de S\u00e3o Francisco - Not\u00edcias - Franciscanos","isPartOf":{"@id":"https:\/\/franciscanos.org.br\/noticias\/#website"},"primaryImageOfPage":{"@id":"https:\/\/franciscanos.org.br\/noticias\/convento-da-penha-celebra-a-festa-da-impressao-das-chagas-de-sao-francisco.html#primaryimage"},"datePublished":"2025-09-18T18:49:57+00:00","dateModified":"2025-09-18T18:58:55+00:00","author":{"@id":"https:\/\/franciscanos.org.br\/noticias\/#\/schema\/person\/d9422e83121c3ad3b0f423d195f5bb25"},"breadcrumb":{"@id":"https:\/\/franciscanos.org.br\/noticias\/convento-da-penha-celebra-a-festa-da-impressao-das-chagas-de-sao-francisco.html#breadcrumb"},"inLanguage":"pt-BR","potentialAction":[{"@type":"ReadAction","target":["https:\/\/franciscanos.org.br\/noticias\/convento-da-penha-celebra-a-festa-da-impressao-das-chagas-de-sao-francisco.html"]}]},{"@type":"BreadcrumbList","@id":"https:\/\/franciscanos.org.br\/noticias\/convento-da-penha-celebra-a-festa-da-impressao-das-chagas-de-sao-francisco.html#breadcrumb","itemListElement":[{"@type":"ListItem","position":1,"name":"Home","item":"https:\/\/franciscanos.org.br\/noticias"},{"@type":"ListItem","position":2,"name":"Convento da Penha celebra a Festa da Impress\u00e3o das Chagas de S\u00e3o Francisco"}]},{"@type":"Person","@id":"https:\/\/franciscanos.org.br\/noticias\/#\/schema\/person\/d9422e83121c3ad3b0f423d195f5bb25","name":"Adriana Rabelo","image":{"@type":"ImageObject","inLanguage":"pt-BR","@id":"https:\/\/franciscanos.org.br\/noticias\/#\/schema\/person\/image\/","url":"https:\/\/secure.gravatar.com\/avatar\/0a937b7500cd7df77540cfb8bede877d?s=96&d=mm&r=g","contentUrl":"https:\/\/secure.gravatar.com\/avatar\/0a937b7500cd7df77540cfb8bede877d?s=96&d=mm&r=g","caption":"Adriana Rabelo"},"url":"https:\/\/franciscanos.org.br\/noticias\/author\/adrianarabelo"}]}},"_links":{"self":[{"href":"https:\/\/franciscanos.org.br\/noticias\/wp-json\/wp\/v2\/posts\/260385"}],"collection":[{"href":"https:\/\/franciscanos.org.br\/noticias\/wp-json\/wp\/v2\/posts"}],"about":[{"href":"https:\/\/franciscanos.org.br\/noticias\/wp-json\/wp\/v2\/types\/post"}],"author":[{"embeddable":true,"href":"https:\/\/franciscanos.org.br\/noticias\/wp-json\/wp\/v2\/users\/11"}],"replies":[{"embeddable":true,"href":"https:\/\/franciscanos.org.br\/noticias\/wp-json\/wp\/v2\/comments?post=260385"}],"version-history":[{"count":2,"href":"https:\/\/franciscanos.org.br\/noticias\/wp-json\/wp\/v2\/posts\/260385\/revisions"}],"predecessor-version":[{"id":260391,"href":"https:\/\/franciscanos.org.br\/noticias\/wp-json\/wp\/v2\/posts\/260385\/revisions\/260391"}],"wp:featuredmedia":[{"embeddable":true,"href":"https:\/\/franciscanos.org.br\/noticias\/wp-json\/wp\/v2\/media\/260386"}],"wp:attachment":[{"href":"https:\/\/franciscanos.org.br\/noticias\/wp-json\/wp\/v2\/media?parent=260385"}],"wp:term":[{"taxonomy":"category","embeddable":true,"href":"https:\/\/franciscanos.org.br\/noticias\/wp-json\/wp\/v2\/categories?post=260385"},{"taxonomy":"post_tag","embeddable":true,"href":"https:\/\/franciscanos.org.br\/noticias\/wp-json\/wp\/v2\/tags?post=260385"}],"curies":[{"name":"wp","href":"https:\/\/api.w.org\/{rel}","templated":true}]}}