{"id":260375,"date":"2025-09-18T12:08:10","date_gmt":"2025-09-18T15:08:10","guid":{"rendered":"https:\/\/franciscanos.org.br\/noticias\/?p=260375"},"modified":"2025-09-18T12:08:10","modified_gmt":"2025-09-18T15:08:10","slug":"paroquias-de-xaxim-e-coronel-freitas-celebram-a-festa-das-chagas-de-sao-francisco","status":"publish","type":"post","link":"https:\/\/franciscanos.org.br\/noticias\/paroquias-de-xaxim-e-coronel-freitas-celebram-a-festa-das-chagas-de-sao-francisco.html","title":{"rendered":"Par\u00f3quias de Xaxim e Coronel Freitas celebram a Festa das Chagas de S\u00e3o Francisco"},"content":{"rendered":"<p style=\"line-height: 150%;\"><img loading=\"lazy\" class=\"aligncenter wp-image-260377 size-full\" src=\"https:\/\/franciscanos.org.br\/noticias\/wp-content\/uploads\/2025\/09\/materia-1-25.jpg\" alt=\"\" width=\"1280\" height=\"720\" srcset=\"https:\/\/franciscanos.org.br\/noticias\/wp-content\/uploads\/2025\/09\/materia-1-25.jpg 1280w, https:\/\/franciscanos.org.br\/noticias\/wp-content\/uploads\/2025\/09\/materia-1-25-450x253.jpg 450w, https:\/\/franciscanos.org.br\/noticias\/wp-content\/uploads\/2025\/09\/materia-1-25-1024x576.jpg 1024w, https:\/\/franciscanos.org.br\/noticias\/wp-content\/uploads\/2025\/09\/materia-1-25-768x432.jpg 768w, https:\/\/franciscanos.org.br\/noticias\/wp-content\/uploads\/2025\/09\/materia-1-25-150x84.jpg 150w\" sizes=\"(max-width: 1280px) 100vw, 1280px\" \/><\/p>\n<p style=\"line-height: 150%;\">Na noite da ter\u00e7a-feira, 16 de setembro, frades e fi\u00e9is da Par\u00f3quia Matriz de S\u00e3o Jos\u00e9 do Patroc\u00ednio, em Coronel Freitas, e da Par\u00f3quia S\u00e3o Luiz Gonzaga, em Xaxim, ambas cidades de Santa Catarina, estiveram reunidos para bem celebrar a Impress\u00e3o das Chagas de S\u00e3o Francisco de Assis. Durante a Santa Missa, foi feita a entrega da cruz peregrina, um dos s\u00edmbolos da Caminhada Franciscana da Juventude, realizada em julho na regi\u00e3o.<\/p>\n<p style=\"line-height: 150%;\">A celebra\u00e7\u00e3o, realizada na Matriz de Coronel Freitas, foi presidida pelo Frei Augusto Luiz Gabriel, que pertence \u00e0 Equipe de Evangeliza\u00e7\u00e3o das Juventudes da Prov\u00edncia Franciscana da Imaculada Concei\u00e7\u00e3o do Brasil. Concelebraram Frei Gilson Kammer, p\u00e1roco da Par\u00f3quia S\u00e3o Luiz Gonzaga; Frei Alisson Luis Zanetti, p\u00e1roco da Par\u00f3quia S\u00e3o Jos\u00e9 do Patroc\u00ednio; al\u00e9m de Frei Danilo Santos Oliveira, Frei Rubens Luiz de Carvalho e Frei Alcides Cella.<\/p>\n<p style=\"line-height: 150%;\">Frei Alisson acolheu a todos e agradeceu a presen\u00e7a dos frades de Xaxim, de Frei Augusto e do povo de Deus que estava reunido para esta celebra\u00e7\u00e3o, importante para as duas par\u00f3quias, mas tamb\u00e9m para a Prov\u00edncia, que celebra os 800 anos das Chagas de S\u00e3o Francisco.<\/p>\n<p style=\"line-height: 150%;\"><img loading=\"lazy\" class=\"aligncenter wp-image-260378 size-full\" src=\"https:\/\/franciscanos.org.br\/noticias\/wp-content\/uploads\/2025\/09\/materia2-10.jpg\" alt=\"\" width=\"1280\" height=\"720\" srcset=\"https:\/\/franciscanos.org.br\/noticias\/wp-content\/uploads\/2025\/09\/materia2-10.jpg 1280w, https:\/\/franciscanos.org.br\/noticias\/wp-content\/uploads\/2025\/09\/materia2-10-450x253.jpg 450w, https:\/\/franciscanos.org.br\/noticias\/wp-content\/uploads\/2025\/09\/materia2-10-1024x576.jpg 1024w, https:\/\/franciscanos.org.br\/noticias\/wp-content\/uploads\/2025\/09\/materia2-10-768x432.jpg 768w, https:\/\/franciscanos.org.br\/noticias\/wp-content\/uploads\/2025\/09\/materia2-10-150x84.jpg 150w\" sizes=\"(max-width: 1280px) 100vw, 1280px\" \/><\/p>\n<p style=\"line-height: 150%;\">Em sua homilia, Frei Augusto destacou a import\u00e2ncia de celebrar S\u00e3o Francisco em fraternidade. \u201cEstamos aqui com o cora\u00e7\u00e3o cheio de rever\u00eancia, celebrando um dos momentos mais sublimes da vida de nosso Ser\u00e1fico Pai, S\u00e3o Francisco de Assis: a Impress\u00e3o das Chagas de Cristo em seu corpo. H\u00e1 mais de 800 anos, em 1224, no Monte Alverne, Francisco, aquele que buscava seguir os passos de Jesus em simplicidade e humildade, recebeu em sua carne os sinais da Paix\u00e3o de Nosso Senhor. Francisco se torna, ent\u00e3o, uma imagem viva do Crucificado. \u201d<\/p>\n<p style=\"line-height: 150%;\">\n<p style=\"line-height: 150%;\">Segundo o frade, S\u00e3o Francisco tomou a cruz como sinal de vit\u00f3ria e de perfeita alegria. \u201cCar\u00edssimos, a cruz marca toda a vida de S\u00e3o Francisco. Foi diante do crucifixo de S\u00e3o Dami\u00e3o que ele ouviu a voz de Jesus: \u2018Francisco, vai e restaura a minha Igreja. \u2019 Foi ao abrir o Evangelho que escutou o chamado para \u2018renunciar a si, tomar a cruz e seguir Jesus\u2019. E foi no Monte Alverne, no fim da vida, que a cruz se imprimiu em sua carne, selando sua uni\u00e3o definitiva com o Senhor. A cruz, que para muitos \u00e9 sinal de derrota, em Francisco se tornou sinal de vit\u00f3ria e de perfeita alegria. Ele descobriu que a verdadeira alegria n\u00e3o est\u00e1 na aus\u00eancia de dores, mas em amar profundamente\u201d, afirmou o frade.<\/p>\n<p style=\"line-height: 150%;\"><img loading=\"lazy\" class=\"aligncenter wp-image-260379 size-full\" src=\"https:\/\/franciscanos.org.br\/noticias\/wp-content\/uploads\/2025\/09\/materia4-4.jpg\" alt=\"\" width=\"1280\" height=\"720\" srcset=\"https:\/\/franciscanos.org.br\/noticias\/wp-content\/uploads\/2025\/09\/materia4-4.jpg 1280w, https:\/\/franciscanos.org.br\/noticias\/wp-content\/uploads\/2025\/09\/materia4-4-450x253.jpg 450w, https:\/\/franciscanos.org.br\/noticias\/wp-content\/uploads\/2025\/09\/materia4-4-1024x576.jpg 1024w, https:\/\/franciscanos.org.br\/noticias\/wp-content\/uploads\/2025\/09\/materia4-4-768x432.jpg 768w, https:\/\/franciscanos.org.br\/noticias\/wp-content\/uploads\/2025\/09\/materia4-4-150x84.jpg 150w\" sizes=\"(max-width: 1280px) 100vw, 1280px\" \/><\/p>\n<p style=\"line-height: 150%;\">Durante sua reflex\u00e3o, ainda destacou que a cruz fez parte dos dias vividos pelas duas par\u00f3quias na Caminhada: \u201cQueridos irm\u00e3os, tamb\u00e9m n\u00f3s fomos marcados pela cruz nesses dias, com a Caminhada Franciscana da Juventude, realizada em Coronel Freitas e Xaxim. Os jovens, que caminharam, rezaram, partilharam e se alegraram juntos, deixaram para n\u00f3s um s\u00edmbolo: a cruz. Nela est\u00e3o inscritos os nomes de todos os participantes, como sinal de perten\u00e7a e de compromisso. Essa cruz nos recorda o Jubileu que a Igreja vive, recorda os dias felizes de comunh\u00e3o e f\u00e9 que experimentamos. Hoje, dia das Chagas de S\u00e3o Francisco, essa cruz \u00e9 entregue \u00e0 comunidade paroquial de Coronel Freitas. Assim como a cruz marcou a vida de Francisco, ela tamb\u00e9m marca a vida de nossos jovens e de nossas comunidades. \u201d<\/p>\n<p style=\"line-height: 150%;\">Frei Augusto concluiu sua homilia com a ora\u00e7\u00e3o de S\u00e3o Francisco: \u201cAlt\u00edssimo, glorioso Deus, iluminai as trevas do meu cora\u00e7\u00e3o, dai-me uma f\u00e9 reta, uma esperan\u00e7a certa e uma caridade perfeita; sensibilidade e conhecimento, Senhor, a fim de que eu cumpra o vosso santo e veraz mandamento. Am\u00e9m. \u201d<\/p>\n<p style=\"line-height: 150%;\">Ao final da Santa Missa, os jovens de Xaxim foram convidados a entrar pelo corredor central com o quadro da cruz peregrina, s\u00edmbolo do ano jubilar, que foi marcado com as palavras de esperan\u00e7a dos jovens durante a Caminhada. Posicionados \u00e0 frente do altar, os jovens e integrantes das equipes que participaram da Caminhada das duas par\u00f3quias receberam esse s\u00edmbolo, que ficar\u00e1 de recorda\u00e7\u00e3o em Coronel Freitas.<\/p>\n<p style=\"line-height: 150%;\"><img loading=\"lazy\" class=\"aligncenter wp-image-260380 size-full\" src=\"https:\/\/franciscanos.org.br\/noticias\/wp-content\/uploads\/2025\/09\/materia-3-8.jpg\" alt=\"\" width=\"1280\" height=\"720\" srcset=\"https:\/\/franciscanos.org.br\/noticias\/wp-content\/uploads\/2025\/09\/materia-3-8.jpg 1280w, https:\/\/franciscanos.org.br\/noticias\/wp-content\/uploads\/2025\/09\/materia-3-8-450x253.jpg 450w, https:\/\/franciscanos.org.br\/noticias\/wp-content\/uploads\/2025\/09\/materia-3-8-1024x576.jpg 1024w, https:\/\/franciscanos.org.br\/noticias\/wp-content\/uploads\/2025\/09\/materia-3-8-768x432.jpg 768w, https:\/\/franciscanos.org.br\/noticias\/wp-content\/uploads\/2025\/09\/materia-3-8-150x84.jpg 150w\" sizes=\"(max-width: 1280px) 100vw, 1280px\" \/><\/p>\n<p style=\"line-height: 150%;\">Frei Gilson Kammer destacou a alegria de reunidos, fazer a entrega desse s\u00edmbolo que representa a Caminhada nos dois munic\u00edpios: a cruz com as palavras, as sand\u00e1lias franciscanas marcando o caminho e as fotos na Comunidade de Carola Maia e em frente \u00e0 Matriz de Xaxim.<\/p>\n<p style=\"line-height: 150%;\">Os frades aben\u00e7oaram os presentes e agradeceram a presen\u00e7a de todos, celebrando S\u00e3o Francisco e a entrega do s\u00edmbolo da Caminhada. A celebra\u00e7\u00e3o da entrega da cruz em Xaxim ser\u00e1 no m\u00eas de outubro.<\/p>\n<hr \/>\n<p style=\"line-height: 150%;\"><em>Texto e fotos: Camila Mendo\/Pascom Par\u00f3quia S\u00e3o Luiz Gonzaga<\/em><\/p>\n","protected":false},"excerpt":{"rendered":"<p>Celebra\u00e7\u00e3o dos Estigmas<\/p>\n","protected":false},"author":11,"featured_media":260376,"comment_status":"open","ping_status":"open","sticky":false,"template":"","format":"standard","meta":[],"categories":[1],"tags":[2414,2418,1591],"acf":[],"yoast_head":"<!-- This site is optimized with the Yoast SEO plugin v19.2 - https:\/\/yoast.com\/wordpress\/plugins\/seo\/ -->\n<title>Par\u00f3quias de Xaxim e Coronel Freitas celebram a Festa das Chagas de S\u00e3o Francisco - Not\u00edcias - Franciscanos<\/title>\n<meta name=\"robots\" content=\"index, follow, max-snippet:-1, max-image-preview:large, max-video-preview:-1\" \/>\n<link rel=\"canonical\" href=\"https:\/\/franciscanos.org.br\/noticias\/paroquias-de-xaxim-e-coronel-freitas-celebram-a-festa-das-chagas-de-sao-francisco.html\" \/>\n<meta property=\"og:locale\" content=\"pt_BR\" \/>\n<meta property=\"og:type\" content=\"article\" \/>\n<meta property=\"og:title\" content=\"Par\u00f3quias de Xaxim e Coronel Freitas celebram a Festa das Chagas de S\u00e3o Francisco - Not\u00edcias - Franciscanos\" \/>\n<meta property=\"og:description\" content=\"Celebra\u00e7\u00e3o dos Estigmas\" \/>\n<meta property=\"og:url\" content=\"https:\/\/franciscanos.org.br\/noticias\/paroquias-de-xaxim-e-coronel-freitas-celebram-a-festa-das-chagas-de-sao-francisco.html\" \/>\n<meta property=\"og:site_name\" content=\"Not\u00edcias - Franciscanos\" \/>\n<meta property=\"article:published_time\" content=\"2025-09-18T15:08:10+00:00\" \/>\n<meta property=\"og:image\" content=\"https:\/\/franciscanos.org.br\/noticias\/wp-content\/uploads\/2025\/09\/chamada-36.jpg\" \/>\n\t<meta property=\"og:image:width\" content=\"800\" \/>\n\t<meta property=\"og:image:height\" content=\"550\" \/>\n\t<meta property=\"og:image:type\" content=\"image\/jpeg\" \/>\n<meta name=\"author\" content=\"Adriana Rabelo\" \/>\n<meta name=\"twitter:card\" content=\"summary_large_image\" \/>\n<meta name=\"twitter:label1\" content=\"Escrito por\" \/>\n\t<meta name=\"twitter:data1\" content=\"Adriana Rabelo\" \/>\n\t<meta name=\"twitter:label2\" content=\"Est. tempo de leitura\" \/>\n\t<meta name=\"twitter:data2\" content=\"4 minutos\" \/>\n<script type=\"application\/ld+json\" class=\"yoast-schema-graph\">{\"@context\":\"https:\/\/schema.org\",\"@graph\":[{\"@type\":\"WebSite\",\"@id\":\"https:\/\/franciscanos.org.br\/noticias\/#website\",\"url\":\"https:\/\/franciscanos.org.br\/noticias\/\",\"name\":\"Not\u00edcias - Franciscanos\",\"description\":\"Prov\u00edncia Franciscana da Imaculada Concei\u00e7\u00e3o do Brasil - Ordem dos Frades Menores - OFM\",\"potentialAction\":[{\"@type\":\"SearchAction\",\"target\":{\"@type\":\"EntryPoint\",\"urlTemplate\":\"https:\/\/franciscanos.org.br\/noticias\/?s={search_term_string}\"},\"query-input\":\"required name=search_term_string\"}],\"inLanguage\":\"pt-BR\"},{\"@type\":\"ImageObject\",\"inLanguage\":\"pt-BR\",\"@id\":\"https:\/\/franciscanos.org.br\/noticias\/paroquias-de-xaxim-e-coronel-freitas-celebram-a-festa-das-chagas-de-sao-francisco.html#primaryimage\",\"url\":\"https:\/\/franciscanos.org.br\/noticias\/wp-content\/uploads\/2025\/09\/chamada-36.jpg\",\"contentUrl\":\"https:\/\/franciscanos.org.br\/noticias\/wp-content\/uploads\/2025\/09\/chamada-36.jpg\",\"width\":800,\"height\":550},{\"@type\":\"WebPage\",\"@id\":\"https:\/\/franciscanos.org.br\/noticias\/paroquias-de-xaxim-e-coronel-freitas-celebram-a-festa-das-chagas-de-sao-francisco.html#webpage\",\"url\":\"https:\/\/franciscanos.org.br\/noticias\/paroquias-de-xaxim-e-coronel-freitas-celebram-a-festa-das-chagas-de-sao-francisco.html\",\"name\":\"Par\u00f3quias de Xaxim e Coronel Freitas celebram a Festa das Chagas de S\u00e3o Francisco - Not\u00edcias - Franciscanos\",\"isPartOf\":{\"@id\":\"https:\/\/franciscanos.org.br\/noticias\/#website\"},\"primaryImageOfPage\":{\"@id\":\"https:\/\/franciscanos.org.br\/noticias\/paroquias-de-xaxim-e-coronel-freitas-celebram-a-festa-das-chagas-de-sao-francisco.html#primaryimage\"},\"datePublished\":\"2025-09-18T15:08:10+00:00\",\"dateModified\":\"2025-09-18T15:08:10+00:00\",\"author\":{\"@id\":\"https:\/\/franciscanos.org.br\/noticias\/#\/schema\/person\/d9422e83121c3ad3b0f423d195f5bb25\"},\"breadcrumb\":{\"@id\":\"https:\/\/franciscanos.org.br\/noticias\/paroquias-de-xaxim-e-coronel-freitas-celebram-a-festa-das-chagas-de-sao-francisco.html#breadcrumb\"},\"inLanguage\":\"pt-BR\",\"potentialAction\":[{\"@type\":\"ReadAction\",\"target\":[\"https:\/\/franciscanos.org.br\/noticias\/paroquias-de-xaxim-e-coronel-freitas-celebram-a-festa-das-chagas-de-sao-francisco.html\"]}]},{\"@type\":\"BreadcrumbList\",\"@id\":\"https:\/\/franciscanos.org.br\/noticias\/paroquias-de-xaxim-e-coronel-freitas-celebram-a-festa-das-chagas-de-sao-francisco.html#breadcrumb\",\"itemListElement\":[{\"@type\":\"ListItem\",\"position\":1,\"name\":\"Home\",\"item\":\"https:\/\/franciscanos.org.br\/noticias\"},{\"@type\":\"ListItem\",\"position\":2,\"name\":\"Par\u00f3quias de Xaxim e Coronel Freitas celebram a Festa das Chagas de S\u00e3o Francisco\"}]},{\"@type\":\"Person\",\"@id\":\"https:\/\/franciscanos.org.br\/noticias\/#\/schema\/person\/d9422e83121c3ad3b0f423d195f5bb25\",\"name\":\"Adriana Rabelo\",\"image\":{\"@type\":\"ImageObject\",\"inLanguage\":\"pt-BR\",\"@id\":\"https:\/\/franciscanos.org.br\/noticias\/#\/schema\/person\/image\/\",\"url\":\"https:\/\/secure.gravatar.com\/avatar\/0a937b7500cd7df77540cfb8bede877d?s=96&d=mm&r=g\",\"contentUrl\":\"https:\/\/secure.gravatar.com\/avatar\/0a937b7500cd7df77540cfb8bede877d?s=96&d=mm&r=g\",\"caption\":\"Adriana Rabelo\"},\"url\":\"https:\/\/franciscanos.org.br\/noticias\/author\/adrianarabelo\"}]}<\/script>\n<!-- \/ Yoast SEO plugin. -->","yoast_head_json":{"title":"Par\u00f3quias de Xaxim e Coronel Freitas celebram a Festa das Chagas de S\u00e3o Francisco - Not\u00edcias - Franciscanos","robots":{"index":"index","follow":"follow","max-snippet":"max-snippet:-1","max-image-preview":"max-image-preview:large","max-video-preview":"max-video-preview:-1"},"canonical":"https:\/\/franciscanos.org.br\/noticias\/paroquias-de-xaxim-e-coronel-freitas-celebram-a-festa-das-chagas-de-sao-francisco.html","og_locale":"pt_BR","og_type":"article","og_title":"Par\u00f3quias de Xaxim e Coronel Freitas celebram a Festa das Chagas de S\u00e3o Francisco - Not\u00edcias - Franciscanos","og_description":"Celebra\u00e7\u00e3o dos Estigmas","og_url":"https:\/\/franciscanos.org.br\/noticias\/paroquias-de-xaxim-e-coronel-freitas-celebram-a-festa-das-chagas-de-sao-francisco.html","og_site_name":"Not\u00edcias - Franciscanos","article_published_time":"2025-09-18T15:08:10+00:00","og_image":[{"width":800,"height":550,"url":"https:\/\/franciscanos.org.br\/noticias\/wp-content\/uploads\/2025\/09\/chamada-36.jpg","type":"image\/jpeg"}],"author":"Adriana Rabelo","twitter_card":"summary_large_image","twitter_misc":{"Escrito por":"Adriana Rabelo","Est. tempo de leitura":"4 minutos"},"schema":{"@context":"https:\/\/schema.org","@graph":[{"@type":"WebSite","@id":"https:\/\/franciscanos.org.br\/noticias\/#website","url":"https:\/\/franciscanos.org.br\/noticias\/","name":"Not\u00edcias - Franciscanos","description":"Prov\u00edncia Franciscana da Imaculada Concei\u00e7\u00e3o do Brasil - Ordem dos Frades Menores - OFM","potentialAction":[{"@type":"SearchAction","target":{"@type":"EntryPoint","urlTemplate":"https:\/\/franciscanos.org.br\/noticias\/?s={search_term_string}"},"query-input":"required name=search_term_string"}],"inLanguage":"pt-BR"},{"@type":"ImageObject","inLanguage":"pt-BR","@id":"https:\/\/franciscanos.org.br\/noticias\/paroquias-de-xaxim-e-coronel-freitas-celebram-a-festa-das-chagas-de-sao-francisco.html#primaryimage","url":"https:\/\/franciscanos.org.br\/noticias\/wp-content\/uploads\/2025\/09\/chamada-36.jpg","contentUrl":"https:\/\/franciscanos.org.br\/noticias\/wp-content\/uploads\/2025\/09\/chamada-36.jpg","width":800,"height":550},{"@type":"WebPage","@id":"https:\/\/franciscanos.org.br\/noticias\/paroquias-de-xaxim-e-coronel-freitas-celebram-a-festa-das-chagas-de-sao-francisco.html#webpage","url":"https:\/\/franciscanos.org.br\/noticias\/paroquias-de-xaxim-e-coronel-freitas-celebram-a-festa-das-chagas-de-sao-francisco.html","name":"Par\u00f3quias de Xaxim e Coronel Freitas celebram a Festa das Chagas de S\u00e3o Francisco - Not\u00edcias - Franciscanos","isPartOf":{"@id":"https:\/\/franciscanos.org.br\/noticias\/#website"},"primaryImageOfPage":{"@id":"https:\/\/franciscanos.org.br\/noticias\/paroquias-de-xaxim-e-coronel-freitas-celebram-a-festa-das-chagas-de-sao-francisco.html#primaryimage"},"datePublished":"2025-09-18T15:08:10+00:00","dateModified":"2025-09-18T15:08:10+00:00","author":{"@id":"https:\/\/franciscanos.org.br\/noticias\/#\/schema\/person\/d9422e83121c3ad3b0f423d195f5bb25"},"breadcrumb":{"@id":"https:\/\/franciscanos.org.br\/noticias\/paroquias-de-xaxim-e-coronel-freitas-celebram-a-festa-das-chagas-de-sao-francisco.html#breadcrumb"},"inLanguage":"pt-BR","potentialAction":[{"@type":"ReadAction","target":["https:\/\/franciscanos.org.br\/noticias\/paroquias-de-xaxim-e-coronel-freitas-celebram-a-festa-das-chagas-de-sao-francisco.html"]}]},{"@type":"BreadcrumbList","@id":"https:\/\/franciscanos.org.br\/noticias\/paroquias-de-xaxim-e-coronel-freitas-celebram-a-festa-das-chagas-de-sao-francisco.html#breadcrumb","itemListElement":[{"@type":"ListItem","position":1,"name":"Home","item":"https:\/\/franciscanos.org.br\/noticias"},{"@type":"ListItem","position":2,"name":"Par\u00f3quias de Xaxim e Coronel Freitas celebram a Festa das Chagas de S\u00e3o Francisco"}]},{"@type":"Person","@id":"https:\/\/franciscanos.org.br\/noticias\/#\/schema\/person\/d9422e83121c3ad3b0f423d195f5bb25","name":"Adriana Rabelo","image":{"@type":"ImageObject","inLanguage":"pt-BR","@id":"https:\/\/franciscanos.org.br\/noticias\/#\/schema\/person\/image\/","url":"https:\/\/secure.gravatar.com\/avatar\/0a937b7500cd7df77540cfb8bede877d?s=96&d=mm&r=g","contentUrl":"https:\/\/secure.gravatar.com\/avatar\/0a937b7500cd7df77540cfb8bede877d?s=96&d=mm&r=g","caption":"Adriana Rabelo"},"url":"https:\/\/franciscanos.org.br\/noticias\/author\/adrianarabelo"}]}},"_links":{"self":[{"href":"https:\/\/franciscanos.org.br\/noticias\/wp-json\/wp\/v2\/posts\/260375"}],"collection":[{"href":"https:\/\/franciscanos.org.br\/noticias\/wp-json\/wp\/v2\/posts"}],"about":[{"href":"https:\/\/franciscanos.org.br\/noticias\/wp-json\/wp\/v2\/types\/post"}],"author":[{"embeddable":true,"href":"https:\/\/franciscanos.org.br\/noticias\/wp-json\/wp\/v2\/users\/11"}],"replies":[{"embeddable":true,"href":"https:\/\/franciscanos.org.br\/noticias\/wp-json\/wp\/v2\/comments?post=260375"}],"version-history":[{"count":2,"href":"https:\/\/franciscanos.org.br\/noticias\/wp-json\/wp\/v2\/posts\/260375\/revisions"}],"predecessor-version":[{"id":260384,"href":"https:\/\/franciscanos.org.br\/noticias\/wp-json\/wp\/v2\/posts\/260375\/revisions\/260384"}],"wp:featuredmedia":[{"embeddable":true,"href":"https:\/\/franciscanos.org.br\/noticias\/wp-json\/wp\/v2\/media\/260376"}],"wp:attachment":[{"href":"https:\/\/franciscanos.org.br\/noticias\/wp-json\/wp\/v2\/media?parent=260375"}],"wp:term":[{"taxonomy":"category","embeddable":true,"href":"https:\/\/franciscanos.org.br\/noticias\/wp-json\/wp\/v2\/categories?post=260375"},{"taxonomy":"post_tag","embeddable":true,"href":"https:\/\/franciscanos.org.br\/noticias\/wp-json\/wp\/v2\/tags?post=260375"}],"curies":[{"name":"wp","href":"https:\/\/api.w.org\/{rel}","templated":true}]}}