{"id":260351,"date":"2025-09-18T10:03:35","date_gmt":"2025-09-18T13:03:35","guid":{"rendered":"https:\/\/franciscanos.org.br\/noticias\/?p=260351"},"modified":"2025-09-18T10:03:35","modified_gmt":"2025-09-18T13:03:35","slug":"celebracao-da-impressao-das-chagas-de-sao-francisco-reune-a-paroquia-santa-clara-de-assis-em-duque-de-caxias","status":"publish","type":"post","link":"https:\/\/franciscanos.org.br\/noticias\/celebracao-da-impressao-das-chagas-de-sao-francisco-reune-a-paroquia-santa-clara-de-assis-em-duque-de-caxias.html","title":{"rendered":"Celebra\u00e7\u00e3o da Impress\u00e3o das Chagas de S\u00e3o Francisco re\u00fane a Par\u00f3quia Santa Clara de Assis em Duque de Caxias"},"content":{"rendered":"<p><img loading=\"lazy\" class=\"aligncenter wp-image-260353 size-full\" src=\"https:\/\/franciscanos.org.br\/noticias\/wp-content\/uploads\/2025\/09\/MATERIA-1-22.jpg\" alt=\"\" width=\"1280\" height=\"720\" srcset=\"https:\/\/franciscanos.org.br\/noticias\/wp-content\/uploads\/2025\/09\/MATERIA-1-22.jpg 1280w, https:\/\/franciscanos.org.br\/noticias\/wp-content\/uploads\/2025\/09\/MATERIA-1-22-450x253.jpg 450w, https:\/\/franciscanos.org.br\/noticias\/wp-content\/uploads\/2025\/09\/MATERIA-1-22-1024x576.jpg 1024w, https:\/\/franciscanos.org.br\/noticias\/wp-content\/uploads\/2025\/09\/MATERIA-1-22-768x432.jpg 768w, https:\/\/franciscanos.org.br\/noticias\/wp-content\/uploads\/2025\/09\/MATERIA-1-22-150x84.jpg 150w\" sizes=\"(max-width: 1280px) 100vw, 1280px\" \/><\/p>\n<p>Na noite da \u00faltima quarta-feira, 17 de setembro, a Par\u00f3quia Santa Clara de Assis celebrou, em comunh\u00e3o e alegria, a festa da Impress\u00e3o das Chagas de S\u00e3o Francisco, na Comunidade S\u00e3o Francisco de Assis, localizada no Jardim Anhang\u00e1, em Duque de Caxias (RJ). O momento foi marcado pela participa\u00e7\u00e3o das diversas comunidades que comp\u00f5em a par\u00f3quia, que se uniram em torno do testemunho de f\u00e9 e da espiritualidade franciscana.<\/p>\n<p>A Santa Missa foi presidida por Frei Jeferson Palandi Broca, guardi\u00e3o da Fraternidade Nossa Senhora M\u00e3e Terra e Vig\u00e1rio Paroquial. Durante toda a celebra\u00e7\u00e3o, a assembleia p\u00f4de experimentar a for\u00e7a do carisma franciscano, que conduz a Igreja a uma viv\u00eancia mais simples, fraterna e comprometida com o Evangelho de Cristo.<\/p>\n<p><img loading=\"lazy\" class=\"aligncenter wp-image-260355 size-full\" src=\"https:\/\/franciscanos.org.br\/noticias\/wp-content\/uploads\/2025\/09\/MATERIA-3-7.jpg\" alt=\"\" width=\"1280\" height=\"720\" srcset=\"https:\/\/franciscanos.org.br\/noticias\/wp-content\/uploads\/2025\/09\/MATERIA-3-7.jpg 1280w, https:\/\/franciscanos.org.br\/noticias\/wp-content\/uploads\/2025\/09\/MATERIA-3-7-450x253.jpg 450w, https:\/\/franciscanos.org.br\/noticias\/wp-content\/uploads\/2025\/09\/MATERIA-3-7-1024x576.jpg 1024w, https:\/\/franciscanos.org.br\/noticias\/wp-content\/uploads\/2025\/09\/MATERIA-3-7-768x432.jpg 768w, https:\/\/franciscanos.org.br\/noticias\/wp-content\/uploads\/2025\/09\/MATERIA-3-7-150x84.jpg 150w\" sizes=\"(max-width: 1280px) 100vw, 1280px\" \/><\/p>\n<p>Em sua homilia, Frei Jeferson destacou o profundo mist\u00e9rio vivido por S\u00e3o Francisco no Monte Alverne, quando recebeu em seu corpo as marcas da paix\u00e3o de Cristo. \u201cFrancisco, em profunda ora\u00e7\u00e3o no monte Alverne, sentiu em seu corpo a dor e o amor do Cristo Crucificado. Mas esse evento n\u00e3o pode ser visto como algo espec\u00edfico, acontecido apenas naquela data, naquela situa\u00e7\u00e3o. \u00c9 preciso compreender que, durante toda a sua vida, Francisco se tornou Cristo. Eis a nossa miss\u00e3o: ser Cristo na vida uns dos outros\u201d, afirmou o celebrante.<\/p>\n<p><img loading=\"lazy\" class=\"size-medium wp-image-260356 alignright\" src=\"https:\/\/franciscanos.org.br\/noticias\/wp-content\/uploads\/2025\/09\/9-338x450.jpg\" alt=\"\" width=\"338\" height=\"450\" srcset=\"https:\/\/franciscanos.org.br\/noticias\/wp-content\/uploads\/2025\/09\/9-338x450.jpg 338w, https:\/\/franciscanos.org.br\/noticias\/wp-content\/uploads\/2025\/09\/9-768x1024.jpg 768w, https:\/\/franciscanos.org.br\/noticias\/wp-content\/uploads\/2025\/09\/9-1152x1536.jpg 1152w, https:\/\/franciscanos.org.br\/noticias\/wp-content\/uploads\/2025\/09\/9-150x200.jpg 150w, https:\/\/franciscanos.org.br\/noticias\/wp-content\/uploads\/2025\/09\/9.jpg 810w\" sizes=\"(max-width: 338px) 100vw, 338px\" \/>A reflex\u00e3o trouxe ao cora\u00e7\u00e3o dos fi\u00e9is uma provoca\u00e7\u00e3o necess\u00e1ria para os tempos atuais: viver a f\u00e9 n\u00e3o apenas em momentos pontuais, mas como estilo de vida, marcado pelo amor, pela entrega e pelo cuidado com o pr\u00f3ximo.<\/p>\n<p>A celebra\u00e7\u00e3o tamb\u00e9m ressaltou a import\u00e2ncia de S\u00e3o Francisco como exemplo vivo de identifica\u00e7\u00e3o com o Cristo pobre e crucificado. Sua experi\u00eancia espiritual n\u00e3o se limita a um acontecimento extraordin\u00e1rio, mas aponta para uma vida inteira configurada ao Evangelho. Nesse sentido, Frei Jeferson convidou a assembleia a refletir sobre a miss\u00e3o de cada batizado, chamada a ser presen\u00e7a de Cristo no mundo de hoje.<\/p>\n<p>A participa\u00e7\u00e3o de toda a par\u00f3quia refor\u00e7ou o sentido de unidade e comunh\u00e3o entre as comunidades, fortalecendo os la\u00e7os de fraternidade e a caminhada de f\u00e9. A festa da Impress\u00e3o das Chagas, portanto, foi n\u00e3o apenas uma mem\u00f3ria lit\u00fargica, mas um momento de renova\u00e7\u00e3o espiritual, que inspira os fi\u00e9is a seguirem mais de perto os passos de Cristo, \u00e0 semelhan\u00e7a de S\u00e3o Francisco de Assis.<\/p>\n<p>Ao final da celebra\u00e7\u00e3o, a comunidade expressou gratid\u00e3o pelo dom da vida dos aniversariantes da semana al\u00e9m de convidar a todos para as festividades de S\u00e3o Francisco que se aproxima e pela oportunidade de celebrar juntos este mist\u00e9rio t\u00e3o rico da espiritualidade franciscana. Mais do que recordar um epis\u00f3dio da vida do santo de Assis, a celebra\u00e7\u00e3o recordou a todos que a voca\u00e7\u00e3o crist\u00e3 \u00e9 uma permanente configura\u00e7\u00e3o ao Cristo, realizada no dia a dia, nos gestos de amor, solidariedade e fraternidade.<\/p>\n\n\t\t<style type=\"text\/css\">\n\t\t\t#gallery-1 {\n\t\t\t\tmargin: auto;\n\t\t\t}\n\t\t\t#gallery-1 .gallery-item {\n\t\t\t\tfloat: left;\n\t\t\t\tmargin-top: 10px;\n\t\t\t\ttext-align: center;\n\t\t\t\twidth: 33%;\n\t\t\t}\n\t\t\t#gallery-1 img {\n\t\t\t\tborder: 2px solid #cfcfcf;\n\t\t\t}\n\t\t\t#gallery-1 .gallery-caption {\n\t\t\t\tmargin-left: 0;\n\t\t\t}\n\t\t\t\/* see gallery_shortcode() in wp-includes\/media.php *\/\n\t\t<\/style>\n\t\t<div id='gallery-1' class='gallery galleryid-260351 gallery-columns-3 gallery-size-thumbnail'><dl class='gallery-item'>\n\t\t\t<dt class='gallery-icon portrait'>\n\t\t\t\t<a href='https:\/\/franciscanos.org.br\/noticias\/wp-content\/uploads\/2025\/09\/4-1.jpg'><img width=\"300\" height=\"300\" src=\"https:\/\/franciscanos.org.br\/noticias\/wp-content\/uploads\/2025\/09\/4-1-300x300.jpg\" class=\"attachment-thumbnail size-thumbnail\" alt=\"\" loading=\"lazy\" srcset=\"https:\/\/franciscanos.org.br\/noticias\/wp-content\/uploads\/2025\/09\/4-1-300x300.jpg 300w, https:\/\/franciscanos.org.br\/noticias\/wp-content\/uploads\/2025\/09\/4-1-100x100.jpg 100w\" sizes=\"(max-width: 300px) 100vw, 300px\" \/><\/a>\n\t\t\t<\/dt><\/dl><dl class='gallery-item'>\n\t\t\t<dt class='gallery-icon portrait'>\n\t\t\t\t<a href='https:\/\/franciscanos.org.br\/noticias\/wp-content\/uploads\/2025\/09\/13.jpg'><img width=\"300\" height=\"300\" src=\"https:\/\/franciscanos.org.br\/noticias\/wp-content\/uploads\/2025\/09\/13-300x300.jpg\" class=\"attachment-thumbnail size-thumbnail\" alt=\"\" loading=\"lazy\" srcset=\"https:\/\/franciscanos.org.br\/noticias\/wp-content\/uploads\/2025\/09\/13-300x300.jpg 300w, https:\/\/franciscanos.org.br\/noticias\/wp-content\/uploads\/2025\/09\/13-100x100.jpg 100w\" sizes=\"(max-width: 300px) 100vw, 300px\" \/><\/a>\n\t\t\t<\/dt><\/dl><dl class='gallery-item'>\n\t\t\t<dt class='gallery-icon portrait'>\n\t\t\t\t<a href='https:\/\/franciscanos.org.br\/noticias\/wp-content\/uploads\/2025\/09\/8.jpg'><img width=\"300\" height=\"300\" src=\"https:\/\/franciscanos.org.br\/noticias\/wp-content\/uploads\/2025\/09\/8-300x300.jpg\" class=\"attachment-thumbnail size-thumbnail\" alt=\"\" loading=\"lazy\" srcset=\"https:\/\/franciscanos.org.br\/noticias\/wp-content\/uploads\/2025\/09\/8-300x300.jpg 300w, https:\/\/franciscanos.org.br\/noticias\/wp-content\/uploads\/2025\/09\/8-100x100.jpg 100w\" sizes=\"(max-width: 300px) 100vw, 300px\" \/><\/a>\n\t\t\t<\/dt><\/dl><br style=\"clear: both\" \/>\n\t\t<\/div>\n\n<p>Assim, a Par\u00f3quia Santa Clara de Assis renovou seu compromisso de viver a f\u00e9 com simplicidade e ardor mission\u00e1rio, seguindo o exemplo de S\u00e3o Francisco, que se fez alter Christus, outro Cristo, em sua entrega total a Deus e aos irm\u00e3os.<\/p>\n<hr \/>\n<p><em>Texto: Frei Franklin Matheus, OFM\/ Fotos: Yasmin Bevenuto<\/em><\/p>\n","protected":false},"excerpt":{"rendered":"<p>Celebra\u00e7\u00e3o dos Estigmas<\/p>\n","protected":false},"author":11,"featured_media":260352,"comment_status":"open","ping_status":"open","sticky":false,"template":"","format":"standard","meta":[],"categories":[1],"tags":[185,2416],"acf":[],"yoast_head":"<!-- This site is optimized with the Yoast SEO plugin v19.2 - https:\/\/yoast.com\/wordpress\/plugins\/seo\/ -->\n<title>Celebra\u00e7\u00e3o da Impress\u00e3o das Chagas de S\u00e3o Francisco re\u00fane a Par\u00f3quia Santa Clara de Assis em Duque de Caxias - Not\u00edcias - Franciscanos<\/title>\n<meta name=\"robots\" content=\"index, follow, max-snippet:-1, max-image-preview:large, max-video-preview:-1\" \/>\n<link rel=\"canonical\" href=\"https:\/\/franciscanos.org.br\/noticias\/celebracao-da-impressao-das-chagas-de-sao-francisco-reune-a-paroquia-santa-clara-de-assis-em-duque-de-caxias.html\" \/>\n<meta property=\"og:locale\" content=\"pt_BR\" \/>\n<meta property=\"og:type\" content=\"article\" \/>\n<meta property=\"og:title\" content=\"Celebra\u00e7\u00e3o da Impress\u00e3o das Chagas de S\u00e3o Francisco re\u00fane a Par\u00f3quia Santa Clara de Assis em Duque de Caxias - Not\u00edcias - Franciscanos\" \/>\n<meta property=\"og:description\" content=\"Celebra\u00e7\u00e3o dos Estigmas\" \/>\n<meta property=\"og:url\" content=\"https:\/\/franciscanos.org.br\/noticias\/celebracao-da-impressao-das-chagas-de-sao-francisco-reune-a-paroquia-santa-clara-de-assis-em-duque-de-caxias.html\" \/>\n<meta property=\"og:site_name\" content=\"Not\u00edcias - Franciscanos\" \/>\n<meta property=\"article:published_time\" content=\"2025-09-18T13:03:35+00:00\" \/>\n<meta property=\"og:image\" content=\"https:\/\/franciscanos.org.br\/noticias\/wp-content\/uploads\/2025\/09\/CHAMADA-34.jpg\" \/>\n\t<meta property=\"og:image:width\" content=\"800\" \/>\n\t<meta property=\"og:image:height\" content=\"550\" \/>\n\t<meta property=\"og:image:type\" content=\"image\/jpeg\" \/>\n<meta name=\"author\" content=\"Adriana Rabelo\" \/>\n<meta name=\"twitter:card\" content=\"summary_large_image\" \/>\n<meta name=\"twitter:label1\" content=\"Escrito por\" \/>\n\t<meta name=\"twitter:data1\" content=\"Adriana Rabelo\" \/>\n\t<meta name=\"twitter:label2\" content=\"Est. tempo de leitura\" \/>\n\t<meta name=\"twitter:data2\" content=\"3 minutos\" \/>\n<script type=\"application\/ld+json\" class=\"yoast-schema-graph\">{\"@context\":\"https:\/\/schema.org\",\"@graph\":[{\"@type\":\"WebSite\",\"@id\":\"https:\/\/franciscanos.org.br\/noticias\/#website\",\"url\":\"https:\/\/franciscanos.org.br\/noticias\/\",\"name\":\"Not\u00edcias - Franciscanos\",\"description\":\"Prov\u00edncia Franciscana da Imaculada Concei\u00e7\u00e3o do Brasil - Ordem dos Frades Menores - OFM\",\"potentialAction\":[{\"@type\":\"SearchAction\",\"target\":{\"@type\":\"EntryPoint\",\"urlTemplate\":\"https:\/\/franciscanos.org.br\/noticias\/?s={search_term_string}\"},\"query-input\":\"required name=search_term_string\"}],\"inLanguage\":\"pt-BR\"},{\"@type\":\"ImageObject\",\"inLanguage\":\"pt-BR\",\"@id\":\"https:\/\/franciscanos.org.br\/noticias\/celebracao-da-impressao-das-chagas-de-sao-francisco-reune-a-paroquia-santa-clara-de-assis-em-duque-de-caxias.html#primaryimage\",\"url\":\"https:\/\/franciscanos.org.br\/noticias\/wp-content\/uploads\/2025\/09\/CHAMADA-34.jpg\",\"contentUrl\":\"https:\/\/franciscanos.org.br\/noticias\/wp-content\/uploads\/2025\/09\/CHAMADA-34.jpg\",\"width\":800,\"height\":550},{\"@type\":\"WebPage\",\"@id\":\"https:\/\/franciscanos.org.br\/noticias\/celebracao-da-impressao-das-chagas-de-sao-francisco-reune-a-paroquia-santa-clara-de-assis-em-duque-de-caxias.html#webpage\",\"url\":\"https:\/\/franciscanos.org.br\/noticias\/celebracao-da-impressao-das-chagas-de-sao-francisco-reune-a-paroquia-santa-clara-de-assis-em-duque-de-caxias.html\",\"name\":\"Celebra\u00e7\u00e3o da Impress\u00e3o das Chagas de S\u00e3o Francisco re\u00fane a Par\u00f3quia Santa Clara de Assis em Duque de Caxias - Not\u00edcias - Franciscanos\",\"isPartOf\":{\"@id\":\"https:\/\/franciscanos.org.br\/noticias\/#website\"},\"primaryImageOfPage\":{\"@id\":\"https:\/\/franciscanos.org.br\/noticias\/celebracao-da-impressao-das-chagas-de-sao-francisco-reune-a-paroquia-santa-clara-de-assis-em-duque-de-caxias.html#primaryimage\"},\"datePublished\":\"2025-09-18T13:03:35+00:00\",\"dateModified\":\"2025-09-18T13:03:35+00:00\",\"author\":{\"@id\":\"https:\/\/franciscanos.org.br\/noticias\/#\/schema\/person\/d9422e83121c3ad3b0f423d195f5bb25\"},\"breadcrumb\":{\"@id\":\"https:\/\/franciscanos.org.br\/noticias\/celebracao-da-impressao-das-chagas-de-sao-francisco-reune-a-paroquia-santa-clara-de-assis-em-duque-de-caxias.html#breadcrumb\"},\"inLanguage\":\"pt-BR\",\"potentialAction\":[{\"@type\":\"ReadAction\",\"target\":[\"https:\/\/franciscanos.org.br\/noticias\/celebracao-da-impressao-das-chagas-de-sao-francisco-reune-a-paroquia-santa-clara-de-assis-em-duque-de-caxias.html\"]}]},{\"@type\":\"BreadcrumbList\",\"@id\":\"https:\/\/franciscanos.org.br\/noticias\/celebracao-da-impressao-das-chagas-de-sao-francisco-reune-a-paroquia-santa-clara-de-assis-em-duque-de-caxias.html#breadcrumb\",\"itemListElement\":[{\"@type\":\"ListItem\",\"position\":1,\"name\":\"Home\",\"item\":\"https:\/\/franciscanos.org.br\/noticias\"},{\"@type\":\"ListItem\",\"position\":2,\"name\":\"Celebra\u00e7\u00e3o da Impress\u00e3o das Chagas de S\u00e3o Francisco re\u00fane a Par\u00f3quia Santa Clara de Assis em Duque de Caxias\"}]},{\"@type\":\"Person\",\"@id\":\"https:\/\/franciscanos.org.br\/noticias\/#\/schema\/person\/d9422e83121c3ad3b0f423d195f5bb25\",\"name\":\"Adriana Rabelo\",\"image\":{\"@type\":\"ImageObject\",\"inLanguage\":\"pt-BR\",\"@id\":\"https:\/\/franciscanos.org.br\/noticias\/#\/schema\/person\/image\/\",\"url\":\"https:\/\/secure.gravatar.com\/avatar\/0a937b7500cd7df77540cfb8bede877d?s=96&d=mm&r=g\",\"contentUrl\":\"https:\/\/secure.gravatar.com\/avatar\/0a937b7500cd7df77540cfb8bede877d?s=96&d=mm&r=g\",\"caption\":\"Adriana Rabelo\"},\"url\":\"https:\/\/franciscanos.org.br\/noticias\/author\/adrianarabelo\"}]}<\/script>\n<!-- \/ Yoast SEO plugin. -->","yoast_head_json":{"title":"Celebra\u00e7\u00e3o da Impress\u00e3o das Chagas de S\u00e3o Francisco re\u00fane a Par\u00f3quia Santa Clara de Assis em Duque de Caxias - Not\u00edcias - Franciscanos","robots":{"index":"index","follow":"follow","max-snippet":"max-snippet:-1","max-image-preview":"max-image-preview:large","max-video-preview":"max-video-preview:-1"},"canonical":"https:\/\/franciscanos.org.br\/noticias\/celebracao-da-impressao-das-chagas-de-sao-francisco-reune-a-paroquia-santa-clara-de-assis-em-duque-de-caxias.html","og_locale":"pt_BR","og_type":"article","og_title":"Celebra\u00e7\u00e3o da Impress\u00e3o das Chagas de S\u00e3o Francisco re\u00fane a Par\u00f3quia Santa Clara de Assis em Duque de Caxias - Not\u00edcias - Franciscanos","og_description":"Celebra\u00e7\u00e3o dos Estigmas","og_url":"https:\/\/franciscanos.org.br\/noticias\/celebracao-da-impressao-das-chagas-de-sao-francisco-reune-a-paroquia-santa-clara-de-assis-em-duque-de-caxias.html","og_site_name":"Not\u00edcias - Franciscanos","article_published_time":"2025-09-18T13:03:35+00:00","og_image":[{"width":800,"height":550,"url":"https:\/\/franciscanos.org.br\/noticias\/wp-content\/uploads\/2025\/09\/CHAMADA-34.jpg","type":"image\/jpeg"}],"author":"Adriana Rabelo","twitter_card":"summary_large_image","twitter_misc":{"Escrito por":"Adriana Rabelo","Est. tempo de leitura":"3 minutos"},"schema":{"@context":"https:\/\/schema.org","@graph":[{"@type":"WebSite","@id":"https:\/\/franciscanos.org.br\/noticias\/#website","url":"https:\/\/franciscanos.org.br\/noticias\/","name":"Not\u00edcias - Franciscanos","description":"Prov\u00edncia Franciscana da Imaculada Concei\u00e7\u00e3o do Brasil - Ordem dos Frades Menores - OFM","potentialAction":[{"@type":"SearchAction","target":{"@type":"EntryPoint","urlTemplate":"https:\/\/franciscanos.org.br\/noticias\/?s={search_term_string}"},"query-input":"required name=search_term_string"}],"inLanguage":"pt-BR"},{"@type":"ImageObject","inLanguage":"pt-BR","@id":"https:\/\/franciscanos.org.br\/noticias\/celebracao-da-impressao-das-chagas-de-sao-francisco-reune-a-paroquia-santa-clara-de-assis-em-duque-de-caxias.html#primaryimage","url":"https:\/\/franciscanos.org.br\/noticias\/wp-content\/uploads\/2025\/09\/CHAMADA-34.jpg","contentUrl":"https:\/\/franciscanos.org.br\/noticias\/wp-content\/uploads\/2025\/09\/CHAMADA-34.jpg","width":800,"height":550},{"@type":"WebPage","@id":"https:\/\/franciscanos.org.br\/noticias\/celebracao-da-impressao-das-chagas-de-sao-francisco-reune-a-paroquia-santa-clara-de-assis-em-duque-de-caxias.html#webpage","url":"https:\/\/franciscanos.org.br\/noticias\/celebracao-da-impressao-das-chagas-de-sao-francisco-reune-a-paroquia-santa-clara-de-assis-em-duque-de-caxias.html","name":"Celebra\u00e7\u00e3o da Impress\u00e3o das Chagas de S\u00e3o Francisco re\u00fane a Par\u00f3quia Santa Clara de Assis em Duque de Caxias - Not\u00edcias - Franciscanos","isPartOf":{"@id":"https:\/\/franciscanos.org.br\/noticias\/#website"},"primaryImageOfPage":{"@id":"https:\/\/franciscanos.org.br\/noticias\/celebracao-da-impressao-das-chagas-de-sao-francisco-reune-a-paroquia-santa-clara-de-assis-em-duque-de-caxias.html#primaryimage"},"datePublished":"2025-09-18T13:03:35+00:00","dateModified":"2025-09-18T13:03:35+00:00","author":{"@id":"https:\/\/franciscanos.org.br\/noticias\/#\/schema\/person\/d9422e83121c3ad3b0f423d195f5bb25"},"breadcrumb":{"@id":"https:\/\/franciscanos.org.br\/noticias\/celebracao-da-impressao-das-chagas-de-sao-francisco-reune-a-paroquia-santa-clara-de-assis-em-duque-de-caxias.html#breadcrumb"},"inLanguage":"pt-BR","potentialAction":[{"@type":"ReadAction","target":["https:\/\/franciscanos.org.br\/noticias\/celebracao-da-impressao-das-chagas-de-sao-francisco-reune-a-paroquia-santa-clara-de-assis-em-duque-de-caxias.html"]}]},{"@type":"BreadcrumbList","@id":"https:\/\/franciscanos.org.br\/noticias\/celebracao-da-impressao-das-chagas-de-sao-francisco-reune-a-paroquia-santa-clara-de-assis-em-duque-de-caxias.html#breadcrumb","itemListElement":[{"@type":"ListItem","position":1,"name":"Home","item":"https:\/\/franciscanos.org.br\/noticias"},{"@type":"ListItem","position":2,"name":"Celebra\u00e7\u00e3o da Impress\u00e3o das Chagas de S\u00e3o Francisco re\u00fane a Par\u00f3quia Santa Clara de Assis em Duque de Caxias"}]},{"@type":"Person","@id":"https:\/\/franciscanos.org.br\/noticias\/#\/schema\/person\/d9422e83121c3ad3b0f423d195f5bb25","name":"Adriana Rabelo","image":{"@type":"ImageObject","inLanguage":"pt-BR","@id":"https:\/\/franciscanos.org.br\/noticias\/#\/schema\/person\/image\/","url":"https:\/\/secure.gravatar.com\/avatar\/0a937b7500cd7df77540cfb8bede877d?s=96&d=mm&r=g","contentUrl":"https:\/\/secure.gravatar.com\/avatar\/0a937b7500cd7df77540cfb8bede877d?s=96&d=mm&r=g","caption":"Adriana Rabelo"},"url":"https:\/\/franciscanos.org.br\/noticias\/author\/adrianarabelo"}]}},"_links":{"self":[{"href":"https:\/\/franciscanos.org.br\/noticias\/wp-json\/wp\/v2\/posts\/260351"}],"collection":[{"href":"https:\/\/franciscanos.org.br\/noticias\/wp-json\/wp\/v2\/posts"}],"about":[{"href":"https:\/\/franciscanos.org.br\/noticias\/wp-json\/wp\/v2\/types\/post"}],"author":[{"embeddable":true,"href":"https:\/\/franciscanos.org.br\/noticias\/wp-json\/wp\/v2\/users\/11"}],"replies":[{"embeddable":true,"href":"https:\/\/franciscanos.org.br\/noticias\/wp-json\/wp\/v2\/comments?post=260351"}],"version-history":[{"count":2,"href":"https:\/\/franciscanos.org.br\/noticias\/wp-json\/wp\/v2\/posts\/260351\/revisions"}],"predecessor-version":[{"id":260362,"href":"https:\/\/franciscanos.org.br\/noticias\/wp-json\/wp\/v2\/posts\/260351\/revisions\/260362"}],"wp:featuredmedia":[{"embeddable":true,"href":"https:\/\/franciscanos.org.br\/noticias\/wp-json\/wp\/v2\/media\/260352"}],"wp:attachment":[{"href":"https:\/\/franciscanos.org.br\/noticias\/wp-json\/wp\/v2\/media?parent=260351"}],"wp:term":[{"taxonomy":"category","embeddable":true,"href":"https:\/\/franciscanos.org.br\/noticias\/wp-json\/wp\/v2\/categories?post=260351"},{"taxonomy":"post_tag","embeddable":true,"href":"https:\/\/franciscanos.org.br\/noticias\/wp-json\/wp\/v2\/tags?post=260351"}],"curies":[{"name":"wp","href":"https:\/\/api.w.org\/{rel}","templated":true}]}}