{"id":260293,"date":"2025-09-17T14:24:47","date_gmt":"2025-09-17T17:24:47","guid":{"rendered":"https:\/\/franciscanos.org.br\/noticias\/?p=260293"},"modified":"2025-09-17T14:35:39","modified_gmt":"2025-09-17T17:35:39","slug":"fraternidade-sao-francisco-de-assis-em-angola-acolhe-celebracao-das-santas-chagas","status":"publish","type":"post","link":"https:\/\/franciscanos.org.br\/noticias\/fraternidade-sao-francisco-de-assis-em-angola-acolhe-celebracao-das-santas-chagas.html","title":{"rendered":"Fraternidade S\u00e3o Francisco de Assis, em Angola, acolhe celebra\u00e7\u00e3o das Santas Chagas"},"content":{"rendered":"<p data-start=\"147\" data-end=\"585\"><img loading=\"lazy\" class=\"aligncenter wp-image-260306 size-full\" src=\"https:\/\/franciscanos.org.br\/noticias\/wp-content\/uploads\/2025\/09\/materia4-3.jpg\" alt=\"\" width=\"1280\" height=\"720\" srcset=\"https:\/\/franciscanos.org.br\/noticias\/wp-content\/uploads\/2025\/09\/materia4-3.jpg 1280w, https:\/\/franciscanos.org.br\/noticias\/wp-content\/uploads\/2025\/09\/materia4-3-450x253.jpg 450w, https:\/\/franciscanos.org.br\/noticias\/wp-content\/uploads\/2025\/09\/materia4-3-1024x576.jpg 1024w, https:\/\/franciscanos.org.br\/noticias\/wp-content\/uploads\/2025\/09\/materia4-3-768x432.jpg 768w, https:\/\/franciscanos.org.br\/noticias\/wp-content\/uploads\/2025\/09\/materia4-3-150x84.jpg 150w\" sizes=\"(max-width: 1280px) 100vw, 1280px\" \/><\/p>\n<p data-start=\"147\" data-end=\"585\">Nesta quarta-feira, 17 de setembro, a Fraternidade S\u00e3o Francisco de Assis, em Palanca, Angola, foi palco de um encontro religioso memor\u00e1vel, que reuniu a Fam\u00edlia Franciscana da Arquidiocese de Luanda para, juntos, celebrarem as Santas Chagas do Pai Ser\u00e1fico. O encontro teve como objetivo aprofundar a compreens\u00e3o sobre <em data-start=\"443\" data-end=\"484\">S\u00e3o Francisco e o C\u00e2ntico das Criaturas<\/em>. Foi uma ocasi\u00e3o que proporcionou momentos de profunda reflex\u00e3o e partilha entre os participantes.<\/p>\n<p data-start=\"587\" data-end=\"990\">O encontro contou com a presen\u00e7a do irm\u00e3o Alex Bastos, OFS, preletor, que, com maestria, transmitiu seus conhecimentos e experi\u00eancias de forma clara e inspiradora. Sua abordagem sobre o <em data-start=\"773\" data-end=\"796\">C\u00e2ntico das Criaturas<\/em>, um dos textos mais emblem\u00e1ticos de S\u00e3o Francisco, despertou o interesse e a admira\u00e7\u00e3o de todos os presentes. Ele destacou: \u201cNo C\u00e2ntico n\u00e3o se louvam as criaturas, mas sim louva-se a Deus\u201d.<\/p>\n<p data-start=\"992\" data-end=\"1485\"><img loading=\"lazy\" class=\"aligncenter wp-image-260304 size-full\" src=\"https:\/\/franciscanos.org.br\/noticias\/wp-content\/uploads\/2025\/09\/MATERIA-2-14.jpg\" alt=\"\" width=\"1280\" height=\"720\" srcset=\"https:\/\/franciscanos.org.br\/noticias\/wp-content\/uploads\/2025\/09\/MATERIA-2-14.jpg 1280w, https:\/\/franciscanos.org.br\/noticias\/wp-content\/uploads\/2025\/09\/MATERIA-2-14-450x253.jpg 450w, https:\/\/franciscanos.org.br\/noticias\/wp-content\/uploads\/2025\/09\/MATERIA-2-14-1024x576.jpg 1024w, https:\/\/franciscanos.org.br\/noticias\/wp-content\/uploads\/2025\/09\/MATERIA-2-14-768x432.jpg 768w, https:\/\/franciscanos.org.br\/noticias\/wp-content\/uploads\/2025\/09\/MATERIA-2-14-150x84.jpg 150w\" sizes=\"(max-width: 1280px) 100vw, 1280px\" \/><\/p>\n<p data-start=\"992\" data-end=\"1485\">Estavam presentes a Ordem Franciscana Secular (OFS), a Juventude Franciscana (JUFRA), a Inf\u00e2ncia Franciscana, os frades das duas Fraternidades, da regi\u00e3o do Palanca \u2014 S\u00e3o Francisco e Santa Clara \u2014, al\u00e9m de diversas outras Congrega\u00e7\u00f5es Religiosas Franciscanas, que enriqueceram o debate com suas diferentes perspectivas e viv\u00eancias. A troca de experi\u00eancias entre os participantes foi um dos pontos altos do encontro, fortalecendo os la\u00e7os fraternos e renovando o compromisso com os valores franciscanos.<\/p>\n<p data-start=\"1487\" data-end=\"1625\">O encontro, realizado na Capela da Fraternidade S\u00e3o Francisco de Assis, foi um momento de gra\u00e7a e renova\u00e7\u00e3o para todos os participantes.<\/p>\n\n\t\t<style type=\"text\/css\">\n\t\t\t#gallery-1 {\n\t\t\t\tmargin: auto;\n\t\t\t}\n\t\t\t#gallery-1 .gallery-item {\n\t\t\t\tfloat: left;\n\t\t\t\tmargin-top: 10px;\n\t\t\t\ttext-align: center;\n\t\t\t\twidth: 33%;\n\t\t\t}\n\t\t\t#gallery-1 img {\n\t\t\t\tborder: 2px solid #cfcfcf;\n\t\t\t}\n\t\t\t#gallery-1 .gallery-caption {\n\t\t\t\tmargin-left: 0;\n\t\t\t}\n\t\t\t\/* see gallery_shortcode() in wp-includes\/media.php *\/\n\t\t<\/style>\n\t\t<div id='gallery-1' class='gallery galleryid-260293 gallery-columns-3 gallery-size-thumbnail'><dl class='gallery-item'>\n\t\t\t<dt class='gallery-icon landscape'>\n\t\t\t\t<a href='https:\/\/franciscanos.org.br\/noticias\/wp-content\/uploads\/2025\/09\/IMG-20250917-WA0018.jpg'><img width=\"300\" height=\"300\" src=\"https:\/\/franciscanos.org.br\/noticias\/wp-content\/uploads\/2025\/09\/IMG-20250917-WA0018-300x300.jpg\" class=\"attachment-thumbnail size-thumbnail\" alt=\"\" loading=\"lazy\" srcset=\"https:\/\/franciscanos.org.br\/noticias\/wp-content\/uploads\/2025\/09\/IMG-20250917-WA0018-300x300.jpg 300w, https:\/\/franciscanos.org.br\/noticias\/wp-content\/uploads\/2025\/09\/IMG-20250917-WA0018-100x100.jpg 100w\" sizes=\"(max-width: 300px) 100vw, 300px\" \/><\/a>\n\t\t\t<\/dt><\/dl><dl class='gallery-item'>\n\t\t\t<dt class='gallery-icon landscape'>\n\t\t\t\t<a href='https:\/\/franciscanos.org.br\/noticias\/wp-content\/uploads\/2025\/09\/IMG-20250917-WA0013.jpg'><img width=\"300\" height=\"300\" src=\"https:\/\/franciscanos.org.br\/noticias\/wp-content\/uploads\/2025\/09\/IMG-20250917-WA0013-300x300.jpg\" class=\"attachment-thumbnail size-thumbnail\" alt=\"\" loading=\"lazy\" srcset=\"https:\/\/franciscanos.org.br\/noticias\/wp-content\/uploads\/2025\/09\/IMG-20250917-WA0013-300x300.jpg 300w, https:\/\/franciscanos.org.br\/noticias\/wp-content\/uploads\/2025\/09\/IMG-20250917-WA0013-100x100.jpg 100w\" sizes=\"(max-width: 300px) 100vw, 300px\" \/><\/a>\n\t\t\t<\/dt><\/dl><dl class='gallery-item'>\n\t\t\t<dt class='gallery-icon landscape'>\n\t\t\t\t<a href='https:\/\/franciscanos.org.br\/noticias\/wp-content\/uploads\/2025\/09\/IMG-20250917-WA0012.jpg'><img width=\"300\" height=\"300\" src=\"https:\/\/franciscanos.org.br\/noticias\/wp-content\/uploads\/2025\/09\/IMG-20250917-WA0012-300x300.jpg\" class=\"attachment-thumbnail size-thumbnail\" alt=\"\" loading=\"lazy\" srcset=\"https:\/\/franciscanos.org.br\/noticias\/wp-content\/uploads\/2025\/09\/IMG-20250917-WA0012-300x300.jpg 300w, https:\/\/franciscanos.org.br\/noticias\/wp-content\/uploads\/2025\/09\/IMG-20250917-WA0012-100x100.jpg 100w\" sizes=\"(max-width: 300px) 100vw, 300px\" \/><\/a>\n\t\t\t<\/dt><\/dl><br style=\"clear: both\" \/>\n\t\t<\/div>\n\n<p data-start=\"1627\" data-end=\"2001\">Portanto, a oportunidade de refletir sobre a vida de <em data-start=\"1680\" data-end=\"1695\">S\u00e3o Francisco<\/em> e o <em data-start=\"1700\" data-end=\"1723\">C\u00e2ntico das Criaturas<\/em>, em um ambiente de fraternidade e ora\u00e7\u00e3o, certamente deixou marcas profundas em cada um dos presentes. Que o exemplo de <em data-start=\"1844\" data-end=\"1859\">S\u00e3o Francisco<\/em> e a beleza do <em data-start=\"1874\" data-end=\"1897\">C\u00e2ntico das Criaturas<\/em> continuem a inspirar a todos na busca por um mundo mais justo, fraterno e em harmonia com a natureza.<\/p>\n<hr \/>\n<p><em>Texto e Foto: Frei Joaquim\u00a0 Ant\u00f3nio Torres de Assun\u00e7\u00e3o, OFM<\/em><\/p>\n","protected":false},"excerpt":{"rendered":"<p>Impress\u00e3o das Chagas de S\u00e3o Francisco de Assis<\/p>\n","protected":false},"author":11,"featured_media":260297,"comment_status":"open","ping_status":"open","sticky":false,"template":"","format":"standard","meta":[],"categories":[1],"tags":[2280,2414,195],"acf":[],"yoast_head":"<!-- This site is optimized with the Yoast SEO plugin v19.2 - https:\/\/yoast.com\/wordpress\/plugins\/seo\/ -->\n<title>Fraternidade S\u00e3o Francisco de Assis, em Angola, acolhe celebra\u00e7\u00e3o das Santas Chagas - Not\u00edcias - Franciscanos<\/title>\n<meta name=\"robots\" content=\"index, follow, max-snippet:-1, max-image-preview:large, max-video-preview:-1\" \/>\n<link rel=\"canonical\" href=\"https:\/\/franciscanos.org.br\/noticias\/fraternidade-sao-francisco-de-assis-em-angola-acolhe-celebracao-das-santas-chagas.html\" \/>\n<meta property=\"og:locale\" content=\"pt_BR\" \/>\n<meta property=\"og:type\" content=\"article\" \/>\n<meta property=\"og:title\" content=\"Fraternidade S\u00e3o Francisco de Assis, em Angola, acolhe celebra\u00e7\u00e3o das Santas Chagas - Not\u00edcias - Franciscanos\" \/>\n<meta property=\"og:description\" content=\"Impress\u00e3o das Chagas de S\u00e3o Francisco de Assis\" \/>\n<meta property=\"og:url\" content=\"https:\/\/franciscanos.org.br\/noticias\/fraternidade-sao-francisco-de-assis-em-angola-acolhe-celebracao-das-santas-chagas.html\" \/>\n<meta property=\"og:site_name\" content=\"Not\u00edcias - Franciscanos\" \/>\n<meta property=\"article:published_time\" content=\"2025-09-17T17:24:47+00:00\" \/>\n<meta property=\"article:modified_time\" content=\"2025-09-17T17:35:39+00:00\" \/>\n<meta property=\"og:image\" content=\"https:\/\/franciscanos.org.br\/noticias\/wp-content\/uploads\/2025\/09\/chamada-32.jpg\" \/>\n\t<meta property=\"og:image:width\" content=\"800\" \/>\n\t<meta property=\"og:image:height\" content=\"550\" \/>\n\t<meta property=\"og:image:type\" content=\"image\/jpeg\" \/>\n<meta name=\"author\" content=\"Adriana Rabelo\" \/>\n<meta name=\"twitter:card\" content=\"summary_large_image\" \/>\n<meta name=\"twitter:label1\" content=\"Escrito por\" \/>\n\t<meta name=\"twitter:data1\" content=\"Adriana Rabelo\" \/>\n\t<meta name=\"twitter:label2\" content=\"Est. tempo de leitura\" \/>\n\t<meta name=\"twitter:data2\" content=\"2 minutos\" \/>\n<script type=\"application\/ld+json\" class=\"yoast-schema-graph\">{\"@context\":\"https:\/\/schema.org\",\"@graph\":[{\"@type\":\"WebSite\",\"@id\":\"https:\/\/franciscanos.org.br\/noticias\/#website\",\"url\":\"https:\/\/franciscanos.org.br\/noticias\/\",\"name\":\"Not\u00edcias - Franciscanos\",\"description\":\"Prov\u00edncia Franciscana da Imaculada Concei\u00e7\u00e3o do Brasil - Ordem dos Frades Menores - OFM\",\"potentialAction\":[{\"@type\":\"SearchAction\",\"target\":{\"@type\":\"EntryPoint\",\"urlTemplate\":\"https:\/\/franciscanos.org.br\/noticias\/?s={search_term_string}\"},\"query-input\":\"required name=search_term_string\"}],\"inLanguage\":\"pt-BR\"},{\"@type\":\"ImageObject\",\"inLanguage\":\"pt-BR\",\"@id\":\"https:\/\/franciscanos.org.br\/noticias\/fraternidade-sao-francisco-de-assis-em-angola-acolhe-celebracao-das-santas-chagas.html#primaryimage\",\"url\":\"https:\/\/franciscanos.org.br\/noticias\/wp-content\/uploads\/2025\/09\/chamada-32.jpg\",\"contentUrl\":\"https:\/\/franciscanos.org.br\/noticias\/wp-content\/uploads\/2025\/09\/chamada-32.jpg\",\"width\":800,\"height\":550},{\"@type\":\"WebPage\",\"@id\":\"https:\/\/franciscanos.org.br\/noticias\/fraternidade-sao-francisco-de-assis-em-angola-acolhe-celebracao-das-santas-chagas.html#webpage\",\"url\":\"https:\/\/franciscanos.org.br\/noticias\/fraternidade-sao-francisco-de-assis-em-angola-acolhe-celebracao-das-santas-chagas.html\",\"name\":\"Fraternidade S\u00e3o Francisco de Assis, em Angola, acolhe celebra\u00e7\u00e3o das Santas Chagas - Not\u00edcias - Franciscanos\",\"isPartOf\":{\"@id\":\"https:\/\/franciscanos.org.br\/noticias\/#website\"},\"primaryImageOfPage\":{\"@id\":\"https:\/\/franciscanos.org.br\/noticias\/fraternidade-sao-francisco-de-assis-em-angola-acolhe-celebracao-das-santas-chagas.html#primaryimage\"},\"datePublished\":\"2025-09-17T17:24:47+00:00\",\"dateModified\":\"2025-09-17T17:35:39+00:00\",\"author\":{\"@id\":\"https:\/\/franciscanos.org.br\/noticias\/#\/schema\/person\/d9422e83121c3ad3b0f423d195f5bb25\"},\"breadcrumb\":{\"@id\":\"https:\/\/franciscanos.org.br\/noticias\/fraternidade-sao-francisco-de-assis-em-angola-acolhe-celebracao-das-santas-chagas.html#breadcrumb\"},\"inLanguage\":\"pt-BR\",\"potentialAction\":[{\"@type\":\"ReadAction\",\"target\":[\"https:\/\/franciscanos.org.br\/noticias\/fraternidade-sao-francisco-de-assis-em-angola-acolhe-celebracao-das-santas-chagas.html\"]}]},{\"@type\":\"BreadcrumbList\",\"@id\":\"https:\/\/franciscanos.org.br\/noticias\/fraternidade-sao-francisco-de-assis-em-angola-acolhe-celebracao-das-santas-chagas.html#breadcrumb\",\"itemListElement\":[{\"@type\":\"ListItem\",\"position\":1,\"name\":\"Home\",\"item\":\"https:\/\/franciscanos.org.br\/noticias\"},{\"@type\":\"ListItem\",\"position\":2,\"name\":\"Fraternidade S\u00e3o Francisco de Assis, em Angola, acolhe celebra\u00e7\u00e3o das Santas Chagas\"}]},{\"@type\":\"Person\",\"@id\":\"https:\/\/franciscanos.org.br\/noticias\/#\/schema\/person\/d9422e83121c3ad3b0f423d195f5bb25\",\"name\":\"Adriana Rabelo\",\"image\":{\"@type\":\"ImageObject\",\"inLanguage\":\"pt-BR\",\"@id\":\"https:\/\/franciscanos.org.br\/noticias\/#\/schema\/person\/image\/\",\"url\":\"https:\/\/secure.gravatar.com\/avatar\/0a937b7500cd7df77540cfb8bede877d?s=96&d=mm&r=g\",\"contentUrl\":\"https:\/\/secure.gravatar.com\/avatar\/0a937b7500cd7df77540cfb8bede877d?s=96&d=mm&r=g\",\"caption\":\"Adriana Rabelo\"},\"url\":\"https:\/\/franciscanos.org.br\/noticias\/author\/adrianarabelo\"}]}<\/script>\n<!-- \/ Yoast SEO plugin. -->","yoast_head_json":{"title":"Fraternidade S\u00e3o Francisco de Assis, em Angola, acolhe celebra\u00e7\u00e3o das Santas Chagas - Not\u00edcias - Franciscanos","robots":{"index":"index","follow":"follow","max-snippet":"max-snippet:-1","max-image-preview":"max-image-preview:large","max-video-preview":"max-video-preview:-1"},"canonical":"https:\/\/franciscanos.org.br\/noticias\/fraternidade-sao-francisco-de-assis-em-angola-acolhe-celebracao-das-santas-chagas.html","og_locale":"pt_BR","og_type":"article","og_title":"Fraternidade S\u00e3o Francisco de Assis, em Angola, acolhe celebra\u00e7\u00e3o das Santas Chagas - Not\u00edcias - Franciscanos","og_description":"Impress\u00e3o das Chagas de S\u00e3o Francisco de Assis","og_url":"https:\/\/franciscanos.org.br\/noticias\/fraternidade-sao-francisco-de-assis-em-angola-acolhe-celebracao-das-santas-chagas.html","og_site_name":"Not\u00edcias - Franciscanos","article_published_time":"2025-09-17T17:24:47+00:00","article_modified_time":"2025-09-17T17:35:39+00:00","og_image":[{"width":800,"height":550,"url":"https:\/\/franciscanos.org.br\/noticias\/wp-content\/uploads\/2025\/09\/chamada-32.jpg","type":"image\/jpeg"}],"author":"Adriana Rabelo","twitter_card":"summary_large_image","twitter_misc":{"Escrito por":"Adriana Rabelo","Est. tempo de leitura":"2 minutos"},"schema":{"@context":"https:\/\/schema.org","@graph":[{"@type":"WebSite","@id":"https:\/\/franciscanos.org.br\/noticias\/#website","url":"https:\/\/franciscanos.org.br\/noticias\/","name":"Not\u00edcias - Franciscanos","description":"Prov\u00edncia Franciscana da Imaculada Concei\u00e7\u00e3o do Brasil - Ordem dos Frades Menores - OFM","potentialAction":[{"@type":"SearchAction","target":{"@type":"EntryPoint","urlTemplate":"https:\/\/franciscanos.org.br\/noticias\/?s={search_term_string}"},"query-input":"required name=search_term_string"}],"inLanguage":"pt-BR"},{"@type":"ImageObject","inLanguage":"pt-BR","@id":"https:\/\/franciscanos.org.br\/noticias\/fraternidade-sao-francisco-de-assis-em-angola-acolhe-celebracao-das-santas-chagas.html#primaryimage","url":"https:\/\/franciscanos.org.br\/noticias\/wp-content\/uploads\/2025\/09\/chamada-32.jpg","contentUrl":"https:\/\/franciscanos.org.br\/noticias\/wp-content\/uploads\/2025\/09\/chamada-32.jpg","width":800,"height":550},{"@type":"WebPage","@id":"https:\/\/franciscanos.org.br\/noticias\/fraternidade-sao-francisco-de-assis-em-angola-acolhe-celebracao-das-santas-chagas.html#webpage","url":"https:\/\/franciscanos.org.br\/noticias\/fraternidade-sao-francisco-de-assis-em-angola-acolhe-celebracao-das-santas-chagas.html","name":"Fraternidade S\u00e3o Francisco de Assis, em Angola, acolhe celebra\u00e7\u00e3o das Santas Chagas - Not\u00edcias - Franciscanos","isPartOf":{"@id":"https:\/\/franciscanos.org.br\/noticias\/#website"},"primaryImageOfPage":{"@id":"https:\/\/franciscanos.org.br\/noticias\/fraternidade-sao-francisco-de-assis-em-angola-acolhe-celebracao-das-santas-chagas.html#primaryimage"},"datePublished":"2025-09-17T17:24:47+00:00","dateModified":"2025-09-17T17:35:39+00:00","author":{"@id":"https:\/\/franciscanos.org.br\/noticias\/#\/schema\/person\/d9422e83121c3ad3b0f423d195f5bb25"},"breadcrumb":{"@id":"https:\/\/franciscanos.org.br\/noticias\/fraternidade-sao-francisco-de-assis-em-angola-acolhe-celebracao-das-santas-chagas.html#breadcrumb"},"inLanguage":"pt-BR","potentialAction":[{"@type":"ReadAction","target":["https:\/\/franciscanos.org.br\/noticias\/fraternidade-sao-francisco-de-assis-em-angola-acolhe-celebracao-das-santas-chagas.html"]}]},{"@type":"BreadcrumbList","@id":"https:\/\/franciscanos.org.br\/noticias\/fraternidade-sao-francisco-de-assis-em-angola-acolhe-celebracao-das-santas-chagas.html#breadcrumb","itemListElement":[{"@type":"ListItem","position":1,"name":"Home","item":"https:\/\/franciscanos.org.br\/noticias"},{"@type":"ListItem","position":2,"name":"Fraternidade S\u00e3o Francisco de Assis, em Angola, acolhe celebra\u00e7\u00e3o das Santas Chagas"}]},{"@type":"Person","@id":"https:\/\/franciscanos.org.br\/noticias\/#\/schema\/person\/d9422e83121c3ad3b0f423d195f5bb25","name":"Adriana Rabelo","image":{"@type":"ImageObject","inLanguage":"pt-BR","@id":"https:\/\/franciscanos.org.br\/noticias\/#\/schema\/person\/image\/","url":"https:\/\/secure.gravatar.com\/avatar\/0a937b7500cd7df77540cfb8bede877d?s=96&d=mm&r=g","contentUrl":"https:\/\/secure.gravatar.com\/avatar\/0a937b7500cd7df77540cfb8bede877d?s=96&d=mm&r=g","caption":"Adriana Rabelo"},"url":"https:\/\/franciscanos.org.br\/noticias\/author\/adrianarabelo"}]}},"_links":{"self":[{"href":"https:\/\/franciscanos.org.br\/noticias\/wp-json\/wp\/v2\/posts\/260293"}],"collection":[{"href":"https:\/\/franciscanos.org.br\/noticias\/wp-json\/wp\/v2\/posts"}],"about":[{"href":"https:\/\/franciscanos.org.br\/noticias\/wp-json\/wp\/v2\/types\/post"}],"author":[{"embeddable":true,"href":"https:\/\/franciscanos.org.br\/noticias\/wp-json\/wp\/v2\/users\/11"}],"replies":[{"embeddable":true,"href":"https:\/\/franciscanos.org.br\/noticias\/wp-json\/wp\/v2\/comments?post=260293"}],"version-history":[{"count":4,"href":"https:\/\/franciscanos.org.br\/noticias\/wp-json\/wp\/v2\/posts\/260293\/revisions"}],"predecessor-version":[{"id":260309,"href":"https:\/\/franciscanos.org.br\/noticias\/wp-json\/wp\/v2\/posts\/260293\/revisions\/260309"}],"wp:featuredmedia":[{"embeddable":true,"href":"https:\/\/franciscanos.org.br\/noticias\/wp-json\/wp\/v2\/media\/260297"}],"wp:attachment":[{"href":"https:\/\/franciscanos.org.br\/noticias\/wp-json\/wp\/v2\/media?parent=260293"}],"wp:term":[{"taxonomy":"category","embeddable":true,"href":"https:\/\/franciscanos.org.br\/noticias\/wp-json\/wp\/v2\/categories?post=260293"},{"taxonomy":"post_tag","embeddable":true,"href":"https:\/\/franciscanos.org.br\/noticias\/wp-json\/wp\/v2\/tags?post=260293"}],"curies":[{"name":"wp","href":"https:\/\/api.w.org\/{rel}","templated":true}]}}