{"id":260277,"date":"2025-09-17T07:15:40","date_gmt":"2025-09-17T10:15:40","guid":{"rendered":"https:\/\/franciscanos.org.br\/noticias\/?p=260277"},"modified":"2025-09-17T12:28:55","modified_gmt":"2025-09-17T15:28:55","slug":"sefras-25-anos-onde-tudo-comecou","status":"publish","type":"post","link":"https:\/\/franciscanos.org.br\/noticias\/sefras-25-anos-onde-tudo-comecou.html","title":{"rendered":"Sefras 25 anos: Onde tudo come\u00e7ou\u2026"},"content":{"rendered":"<p><img loading=\"lazy\" class=\"aligncenter wp-image-260278 size-full\" src=\"https:\/\/franciscanos.org.br\/noticias\/wp-content\/uploads\/2025\/09\/MATERIA1-5.jpg\" alt=\"\" width=\"1280\" height=\"720\" srcset=\"https:\/\/franciscanos.org.br\/noticias\/wp-content\/uploads\/2025\/09\/MATERIA1-5.jpg 1280w, https:\/\/franciscanos.org.br\/noticias\/wp-content\/uploads\/2025\/09\/MATERIA1-5-450x253.jpg 450w, https:\/\/franciscanos.org.br\/noticias\/wp-content\/uploads\/2025\/09\/MATERIA1-5-1024x576.jpg 1024w, https:\/\/franciscanos.org.br\/noticias\/wp-content\/uploads\/2025\/09\/MATERIA1-5-768x432.jpg 768w, https:\/\/franciscanos.org.br\/noticias\/wp-content\/uploads\/2025\/09\/MATERIA1-5-150x84.jpg 150w\" sizes=\"(max-width: 1280px) 100vw, 1280px\" \/><\/p>\n<p><strong>Voc\u00ea conhece o Sefras. Agora, conhe\u00e7a uma das mentes por tr\u00e1s da sua cria\u00e7\u00e3o<\/strong><\/p>\n<p>O Sefras \u2013 A\u00e7\u00e3o Social Franciscana completa 25 anos de exist\u00eancia. S\u00e3o mais de duas d\u00e9cadas de luta pelos direitos humanos, defesa da vida e promo\u00e7\u00e3o da dignidade de milhares de pessoas em situa\u00e7\u00e3o de vulnerabilidade. Hoje, a institui\u00e7\u00e3o \u00e9 refer\u00eancia nacional na \u00e1rea social. Mas nem sempre foi assim.<\/p>\n<p>No in\u00edcio, havia apenas um sonho, algumas conversas fraternas e a ousadia de um grupo de frades que acreditava que a solidariedade podia ser organizada e ganhar for\u00e7a. Entre eles, estava <strong>Frei Andr\u00e9 Gurzynski<\/strong>, um dos fundadores do Sefras e mission\u00e1rio franciscano que dedicou boa parte da sua vida a estruturar obras sociais da Prov\u00edncia Franciscana.<\/p>\n<p>Nesta entrevista, Frei Andr\u00e9 abre o cora\u00e7\u00e3o e relembra os bastidores da cria\u00e7\u00e3o do Sefras, os desafios enfrentados, os frutos colhidos e a espiritualidade que sustenta essa caminhada.<\/p>\n<div id=\"attachment_260286\" style=\"width: 323px\" class=\"wp-caption alignright\"><img aria-describedby=\"caption-attachment-260286\" loading=\"lazy\" class=\"wp-image-260286 size-medium\" src=\"https:\/\/franciscanos.org.br\/noticias\/wp-content\/uploads\/2025\/09\/foto-editada-313x450.jpg\" alt=\"\" width=\"313\" height=\"450\" srcset=\"https:\/\/franciscanos.org.br\/noticias\/wp-content\/uploads\/2025\/09\/foto-editada-313x450.jpg 313w, https:\/\/franciscanos.org.br\/noticias\/wp-content\/uploads\/2025\/09\/foto-editada-150x216.jpg 150w, https:\/\/franciscanos.org.br\/noticias\/wp-content\/uploads\/2025\/09\/foto-editada.jpg 576w\" sizes=\"(max-width: 313px) 100vw, 313px\" \/><p id=\"caption-attachment-260286\" class=\"wp-caption-text\">Frei Andr\u00e9 Gurzynski<\/p><\/div>\n<p><strong>Sefras \u2013 Como nasceu a ideia de criar o Sefras?<\/strong><\/p>\n<p><strong>Frei Andr\u00e9 Gurzynski \u2013<\/strong> O Sefras nasceu da solidariedade e da necessidade de articular sonhos dispersos. J\u00e1 existiam muitas iniciativas franciscanas em andamento na \u00e1rea social, mas cada uma funcionava de forma isolada, muito ligada \u00e0 figura de um frade ou de um grupo. Quer\u00edamos dar unidade, despersonalizar os projetos e criar uma rede institucional que pudesse dialogar com a sociedade e o poder p\u00fablico. Essa foi a grande virada.<\/p>\n<p><strong>Sefras \u2013 Onde foram as primeiras conversas?<\/strong><\/p>\n<p><strong>Frei Andr\u00e9 \u2013<\/strong>\u00a0As primeiras discuss\u00f5es aconteceram em Santos, no convento do Valongo. Ali Frei David e eu nos reunimos diversas vezes para refletirmos sobre como dar forma a essa nova organiza\u00e7\u00e3o. Logo depois, em S\u00e3o Paulo, no Largo de S\u00e3o Francisco, come\u00e7amos a concretizar: um computador antigo, uma sala simples e um sonho estavam sendo constru\u00eddos. Era quase simb\u00f3lico: de uma mesa improvisada nascia algo que se tornaria t\u00e3o grande.<\/p>\n<p><strong>Sefras \u2013 O que te movia pessoalmente a insistir nessa ideia?<\/strong><\/p>\n<p><strong>Frei Andr\u00e9 \u2013<\/strong> O que me movia era a convic\u00e7\u00e3o de que a f\u00e9 franciscana n\u00e3o podia ficar restrita aos conventos. A vida de S\u00e3o Francisco sempre apontou para estar junto dos pobres, dos pequenos, dos invis\u00edveis. Eu acreditava \u2013 e continuo acreditando \u2013 que a nossa miss\u00e3o \u00e9 transformar a solidariedade em organiza\u00e7\u00e3o concreta, capaz de mudar realidades. Isso me deu for\u00e7as para insistir, mesmo diante de resist\u00eancias.<\/p>\n<p><strong>Sefras \u2013 Houve resist\u00eancias internas \u00e0 cria\u00e7\u00e3o do Sefras?<\/strong><\/p>\n<p><strong>Frei Andr\u00e9 \u2013<\/strong> Sim. Muitos n\u00e3o acreditavam, havia desconfian\u00e7a at\u00e9 entre alguns frades. Alguns achavam que seria uma estrutura pesada demais ou que n\u00e3o daria certo. Mas n\u00e3o desistimos! Somando inicialmente a experi\u00eancia da Comunidade Mission\u00e1ria entre os Sofredores de Rua, o trabalho do CEFRAN com as pessoas vivendo com HIV e da EDUCAFRO com sua rede de cursinhos pr\u00e9-vestibulares, seguimos em frente e, aos poucos, fomos mostrando isso dava certo e que valia a pena!<\/p>\n<p><img loading=\"lazy\" class=\"aligncenter wp-image-260290 size-full\" src=\"https:\/\/franciscanos.org.br\/noticias\/wp-content\/uploads\/2025\/09\/materia-5-4.jpg\" alt=\"\" width=\"1280\" height=\"720\" srcset=\"https:\/\/franciscanos.org.br\/noticias\/wp-content\/uploads\/2025\/09\/materia-5-4.jpg 1280w, https:\/\/franciscanos.org.br\/noticias\/wp-content\/uploads\/2025\/09\/materia-5-4-450x253.jpg 450w, https:\/\/franciscanos.org.br\/noticias\/wp-content\/uploads\/2025\/09\/materia-5-4-1024x576.jpg 1024w, https:\/\/franciscanos.org.br\/noticias\/wp-content\/uploads\/2025\/09\/materia-5-4-768x432.jpg 768w, https:\/\/franciscanos.org.br\/noticias\/wp-content\/uploads\/2025\/09\/materia-5-4-150x84.jpg 150w\" sizes=\"(max-width: 1280px) 100vw, 1280px\" \/><\/p>\n<p><strong>Sefras \u2013 Qual mem\u00f3ria marcante guarda desse in\u00edcio?<\/strong><\/p>\n<p><strong>Frei Andr\u00e9 \u2013<\/strong> O Recifran. Foi incr\u00edvel ver os catadores se tornarem protagonistas e chegarem at\u00e9 Bras\u00edlia para dialogar com o governo. Eles, que antes eram marginalizados, de repente estavam sentados \u00e0 mesa, com um grupo de Ministros, defendendo seus direitos. Aquilo mostrou que est\u00e1vamos no caminho certo, fazendo juz ao lema \u201cRecifran: reciclando vidas!\u201c<\/p>\n<p><strong>Sefras \u2013 \u00c9 verdade que sua ida para Angola quase n\u00e3o aconteceu por causa do Recifran?<\/strong><\/p>\n<p><strong>Frei Andr\u00e9 \u2013<\/strong> Sim. Quando fui transferido para Angola, me informaram que o plano da Prov\u00edncia era fechar o Recifran, onde eu ent\u00e3o trabalhava. Eu disse: \u2018Se esse for o pre\u00e7o, n\u00e3o aceitarei minha transfer\u00eancia e continuarei no Recifran\u2019. A Prov\u00edncia reconsiderou, garantiu que n\u00e3o fecharia e ent\u00e3o aceitei ir. Fui em agosto de 2008 e fiquei at\u00e9 fevereiro de 2022.<\/p>\n<p><strong>Sefras \u2013 E como foi a miss\u00e3o em Angola?<\/strong><\/p>\n<p><strong>Frei Andr\u00e9 \u2013<\/strong>\u00a0 \u201cMinha transfer\u00eancia foi para eu fazer l\u00e1 o que havia feito aqui: organizar e integrar as obras sociais, criar uma esp\u00e9cie de Sefras Angola. Mas logo percebi que n\u00e3o era o que os frades angolanos mais necessitavam naquele momento. Ent\u00e3o o Conselho da FIMDA me enviou para Quibala, no Kwanza Sul, sobretudo para cuidar da constru\u00e7\u00e3o do Semin\u00e1rio Santo Ant\u00f4nio. No in\u00edcio, ele foi Postulantado e hoje \u00e9 o Noviciado da Funda\u00e7\u00e3o Mission\u00e1ria. Foi um dos maiores desafios que enfrentei na vida, ao lado da cria\u00e7\u00e3o do Sefras.<\/p>\n<p><strong>Sefras \u2013 De que forma a espiritualidade franciscana moldou o Sefras?<\/strong><\/p>\n<p><strong>Frei Andr\u00e9 \u2013<\/strong> \u201cA espiritualidade franciscana foi a alma do processo. O carisma de S\u00e3o Francisco nos lembra sempre da fraternidade, da simplicidade e da centralidade dos pobres. O Sefras \u00e9 express\u00e3o concreta desse carisma. Ele n\u00e3o nasceu de uma estrat\u00e9gia empresarial, mas da f\u00e9 e do compromisso evang\u00e9lico.<\/p>\n<p><strong><img loading=\"lazy\" class=\"aligncenter wp-image-260288 size-full\" src=\"https:\/\/franciscanos.org.br\/noticias\/wp-content\/uploads\/2025\/09\/materia3-6.jpg\" alt=\"\" width=\"1280\" height=\"720\" srcset=\"https:\/\/franciscanos.org.br\/noticias\/wp-content\/uploads\/2025\/09\/materia3-6.jpg 1280w, https:\/\/franciscanos.org.br\/noticias\/wp-content\/uploads\/2025\/09\/materia3-6-450x253.jpg 450w, https:\/\/franciscanos.org.br\/noticias\/wp-content\/uploads\/2025\/09\/materia3-6-1024x576.jpg 1024w, https:\/\/franciscanos.org.br\/noticias\/wp-content\/uploads\/2025\/09\/materia3-6-768x432.jpg 768w, https:\/\/franciscanos.org.br\/noticias\/wp-content\/uploads\/2025\/09\/materia3-6-150x84.jpg 150w\" sizes=\"(max-width: 1280px) 100vw, 1280px\" \/><\/strong><\/p>\n<p><strong>Sefras \u2013 Voc\u00ea sempre fala do trabalho em equipe. Como era isso na pr\u00e1tica?<\/strong><\/p>\n<p><strong>Frei Andr\u00e9 \u2013 <\/strong>\u201cUma das coisas mais ricas do Sefras era o Conselho Diretor. N\u00f3s nos reunimos semanalmente, durante toda a manh\u00e3. Cada frade acompanhava de perto uma obra social e trazia as quest\u00f5es para a reuni\u00e3o. Tudo era partilhado, decidido em conjunto. Isso dava seguran\u00e7a, criava comunh\u00e3o e nos fazia caminhar como irm\u00e3os. Foi uma experi\u00eancia inesquec\u00edvel.<\/p>\n<p><strong>Sefras \u2013 Qual fruto do Sefras mais te emociona hoje?<\/strong><\/p>\n<p><strong>Frei Andr\u00e9 \u2013<\/strong>\u00a0\u201cO que mais me emociona \u00e9 ver pessoas que estavam nas ruas retomarem suas hist\u00f3rias e reconstru\u00edrem suas vidas. Gente que hoje tem casa, trabalho, fam\u00edlia. O Sefras deu oportunidade, apoio e dignidade. Isso n\u00e3o tem pre\u00e7o.<\/p>\n<p><strong>Sefras \u2013 Se tivesse que resumir o Sefras em uma palavra, qual seria?<\/strong><\/p>\n<p><strong>Frei Andr\u00e9 \u2013<\/strong> Eu resumiria em duas: Fraternidade e Solidariedade. S\u00e3o palavras que traduzem bem o que constru\u00edmos. Uma fraternidade que se abre para acolher, cuidar, servir e transformar.<\/p>\n<p><strong>Sefras \u2013 E se pudesse resumir em uma imagem?<\/strong><\/p>\n<p><strong>Frei Andr\u00e9 \u2013<\/strong> Se o Sefras fosse uma pessoa, seria o S\u00e3o Francisco dos nossos dias.<\/p>\n<p><strong>Sefras \u2013 Que mensagem voc\u00ea deixa para quem hoje apoia ou participa do Sefras?<\/strong><\/p>\n<p><strong>Frei Andr\u00e9 \u2013<\/strong> Que nunca percamos a coragem de sonhar. O Sefras nasceu de um sonho e se tornou realidade porque muitos acreditaram juntos. A f\u00e9, quando se transforma em a\u00e7\u00e3o, move montanhas. Que cada um que apoia, trabalha ou \u00e9 atendido pelo Sefras se reconhe\u00e7a como parte dessa bonita (ou bela?) hist\u00f3ria.<\/p>\n<hr \/>\n<p>Melissa Galdino\/ Sefras<\/p>\n","protected":false},"excerpt":{"rendered":"<p>Entrevista Frei Andr\u00e9 Gurzynski<\/p>\n","protected":false},"author":11,"featured_media":260279,"comment_status":"open","ping_status":"open","sticky":false,"template":"","format":"standard","meta":[],"categories":[758,1],"tags":[2413,2346,228],"acf":[],"yoast_head":"<!-- This site is optimized with the Yoast SEO plugin v19.2 - https:\/\/yoast.com\/wordpress\/plugins\/seo\/ -->\n<title>Sefras 25 anos: Onde tudo come\u00e7ou\u2026 - Not\u00edcias - Franciscanos<\/title>\n<meta name=\"robots\" content=\"index, follow, max-snippet:-1, max-image-preview:large, max-video-preview:-1\" \/>\n<link rel=\"canonical\" href=\"https:\/\/franciscanos.org.br\/noticias\/sefras-25-anos-onde-tudo-comecou.html\" \/>\n<meta property=\"og:locale\" content=\"pt_BR\" \/>\n<meta property=\"og:type\" content=\"article\" \/>\n<meta property=\"og:title\" content=\"Sefras 25 anos: Onde tudo come\u00e7ou\u2026 - Not\u00edcias - Franciscanos\" \/>\n<meta property=\"og:description\" content=\"Entrevista Frei Andr\u00e9 Gurzynski\" \/>\n<meta property=\"og:url\" content=\"https:\/\/franciscanos.org.br\/noticias\/sefras-25-anos-onde-tudo-comecou.html\" \/>\n<meta property=\"og:site_name\" content=\"Not\u00edcias - Franciscanos\" \/>\n<meta property=\"article:published_time\" content=\"2025-09-17T10:15:40+00:00\" \/>\n<meta property=\"article:modified_time\" content=\"2025-09-17T15:28:55+00:00\" \/>\n<meta property=\"og:image\" content=\"https:\/\/franciscanos.org.br\/noticias\/wp-content\/uploads\/2025\/09\/chamada-31.jpg\" \/>\n\t<meta property=\"og:image:width\" content=\"800\" \/>\n\t<meta property=\"og:image:height\" content=\"550\" \/>\n\t<meta property=\"og:image:type\" content=\"image\/jpeg\" \/>\n<meta name=\"author\" content=\"Adriana Rabelo\" \/>\n<meta name=\"twitter:card\" content=\"summary_large_image\" \/>\n<meta name=\"twitter:label1\" content=\"Escrito por\" \/>\n\t<meta name=\"twitter:data1\" content=\"Adriana Rabelo\" \/>\n\t<meta name=\"twitter:label2\" content=\"Est. tempo de leitura\" \/>\n\t<meta name=\"twitter:data2\" content=\"5 minutos\" \/>\n<script type=\"application\/ld+json\" class=\"yoast-schema-graph\">{\"@context\":\"https:\/\/schema.org\",\"@graph\":[{\"@type\":\"WebSite\",\"@id\":\"https:\/\/franciscanos.org.br\/noticias\/#website\",\"url\":\"https:\/\/franciscanos.org.br\/noticias\/\",\"name\":\"Not\u00edcias - Franciscanos\",\"description\":\"Prov\u00edncia Franciscana da Imaculada Concei\u00e7\u00e3o do Brasil - Ordem dos Frades Menores - OFM\",\"potentialAction\":[{\"@type\":\"SearchAction\",\"target\":{\"@type\":\"EntryPoint\",\"urlTemplate\":\"https:\/\/franciscanos.org.br\/noticias\/?s={search_term_string}\"},\"query-input\":\"required name=search_term_string\"}],\"inLanguage\":\"pt-BR\"},{\"@type\":\"ImageObject\",\"inLanguage\":\"pt-BR\",\"@id\":\"https:\/\/franciscanos.org.br\/noticias\/sefras-25-anos-onde-tudo-comecou.html#primaryimage\",\"url\":\"https:\/\/franciscanos.org.br\/noticias\/wp-content\/uploads\/2025\/09\/chamada-31.jpg\",\"contentUrl\":\"https:\/\/franciscanos.org.br\/noticias\/wp-content\/uploads\/2025\/09\/chamada-31.jpg\",\"width\":800,\"height\":550},{\"@type\":\"WebPage\",\"@id\":\"https:\/\/franciscanos.org.br\/noticias\/sefras-25-anos-onde-tudo-comecou.html#webpage\",\"url\":\"https:\/\/franciscanos.org.br\/noticias\/sefras-25-anos-onde-tudo-comecou.html\",\"name\":\"Sefras 25 anos: Onde tudo come\u00e7ou\u2026 - Not\u00edcias - Franciscanos\",\"isPartOf\":{\"@id\":\"https:\/\/franciscanos.org.br\/noticias\/#website\"},\"primaryImageOfPage\":{\"@id\":\"https:\/\/franciscanos.org.br\/noticias\/sefras-25-anos-onde-tudo-comecou.html#primaryimage\"},\"datePublished\":\"2025-09-17T10:15:40+00:00\",\"dateModified\":\"2025-09-17T15:28:55+00:00\",\"author\":{\"@id\":\"https:\/\/franciscanos.org.br\/noticias\/#\/schema\/person\/d9422e83121c3ad3b0f423d195f5bb25\"},\"breadcrumb\":{\"@id\":\"https:\/\/franciscanos.org.br\/noticias\/sefras-25-anos-onde-tudo-comecou.html#breadcrumb\"},\"inLanguage\":\"pt-BR\",\"potentialAction\":[{\"@type\":\"ReadAction\",\"target\":[\"https:\/\/franciscanos.org.br\/noticias\/sefras-25-anos-onde-tudo-comecou.html\"]}]},{\"@type\":\"BreadcrumbList\",\"@id\":\"https:\/\/franciscanos.org.br\/noticias\/sefras-25-anos-onde-tudo-comecou.html#breadcrumb\",\"itemListElement\":[{\"@type\":\"ListItem\",\"position\":1,\"name\":\"Home\",\"item\":\"https:\/\/franciscanos.org.br\/noticias\"},{\"@type\":\"ListItem\",\"position\":2,\"name\":\"Sefras 25 anos: Onde tudo come\u00e7ou\u2026\"}]},{\"@type\":\"Person\",\"@id\":\"https:\/\/franciscanos.org.br\/noticias\/#\/schema\/person\/d9422e83121c3ad3b0f423d195f5bb25\",\"name\":\"Adriana Rabelo\",\"image\":{\"@type\":\"ImageObject\",\"inLanguage\":\"pt-BR\",\"@id\":\"https:\/\/franciscanos.org.br\/noticias\/#\/schema\/person\/image\/\",\"url\":\"https:\/\/secure.gravatar.com\/avatar\/0a937b7500cd7df77540cfb8bede877d?s=96&d=mm&r=g\",\"contentUrl\":\"https:\/\/secure.gravatar.com\/avatar\/0a937b7500cd7df77540cfb8bede877d?s=96&d=mm&r=g\",\"caption\":\"Adriana Rabelo\"},\"url\":\"https:\/\/franciscanos.org.br\/noticias\/author\/adrianarabelo\"}]}<\/script>\n<!-- \/ Yoast SEO plugin. -->","yoast_head_json":{"title":"Sefras 25 anos: Onde tudo come\u00e7ou\u2026 - Not\u00edcias - Franciscanos","robots":{"index":"index","follow":"follow","max-snippet":"max-snippet:-1","max-image-preview":"max-image-preview:large","max-video-preview":"max-video-preview:-1"},"canonical":"https:\/\/franciscanos.org.br\/noticias\/sefras-25-anos-onde-tudo-comecou.html","og_locale":"pt_BR","og_type":"article","og_title":"Sefras 25 anos: Onde tudo come\u00e7ou\u2026 - Not\u00edcias - Franciscanos","og_description":"Entrevista Frei Andr\u00e9 Gurzynski","og_url":"https:\/\/franciscanos.org.br\/noticias\/sefras-25-anos-onde-tudo-comecou.html","og_site_name":"Not\u00edcias - Franciscanos","article_published_time":"2025-09-17T10:15:40+00:00","article_modified_time":"2025-09-17T15:28:55+00:00","og_image":[{"width":800,"height":550,"url":"https:\/\/franciscanos.org.br\/noticias\/wp-content\/uploads\/2025\/09\/chamada-31.jpg","type":"image\/jpeg"}],"author":"Adriana Rabelo","twitter_card":"summary_large_image","twitter_misc":{"Escrito por":"Adriana Rabelo","Est. tempo de leitura":"5 minutos"},"schema":{"@context":"https:\/\/schema.org","@graph":[{"@type":"WebSite","@id":"https:\/\/franciscanos.org.br\/noticias\/#website","url":"https:\/\/franciscanos.org.br\/noticias\/","name":"Not\u00edcias - Franciscanos","description":"Prov\u00edncia Franciscana da Imaculada Concei\u00e7\u00e3o do Brasil - Ordem dos Frades Menores - OFM","potentialAction":[{"@type":"SearchAction","target":{"@type":"EntryPoint","urlTemplate":"https:\/\/franciscanos.org.br\/noticias\/?s={search_term_string}"},"query-input":"required name=search_term_string"}],"inLanguage":"pt-BR"},{"@type":"ImageObject","inLanguage":"pt-BR","@id":"https:\/\/franciscanos.org.br\/noticias\/sefras-25-anos-onde-tudo-comecou.html#primaryimage","url":"https:\/\/franciscanos.org.br\/noticias\/wp-content\/uploads\/2025\/09\/chamada-31.jpg","contentUrl":"https:\/\/franciscanos.org.br\/noticias\/wp-content\/uploads\/2025\/09\/chamada-31.jpg","width":800,"height":550},{"@type":"WebPage","@id":"https:\/\/franciscanos.org.br\/noticias\/sefras-25-anos-onde-tudo-comecou.html#webpage","url":"https:\/\/franciscanos.org.br\/noticias\/sefras-25-anos-onde-tudo-comecou.html","name":"Sefras 25 anos: Onde tudo come\u00e7ou\u2026 - Not\u00edcias - Franciscanos","isPartOf":{"@id":"https:\/\/franciscanos.org.br\/noticias\/#website"},"primaryImageOfPage":{"@id":"https:\/\/franciscanos.org.br\/noticias\/sefras-25-anos-onde-tudo-comecou.html#primaryimage"},"datePublished":"2025-09-17T10:15:40+00:00","dateModified":"2025-09-17T15:28:55+00:00","author":{"@id":"https:\/\/franciscanos.org.br\/noticias\/#\/schema\/person\/d9422e83121c3ad3b0f423d195f5bb25"},"breadcrumb":{"@id":"https:\/\/franciscanos.org.br\/noticias\/sefras-25-anos-onde-tudo-comecou.html#breadcrumb"},"inLanguage":"pt-BR","potentialAction":[{"@type":"ReadAction","target":["https:\/\/franciscanos.org.br\/noticias\/sefras-25-anos-onde-tudo-comecou.html"]}]},{"@type":"BreadcrumbList","@id":"https:\/\/franciscanos.org.br\/noticias\/sefras-25-anos-onde-tudo-comecou.html#breadcrumb","itemListElement":[{"@type":"ListItem","position":1,"name":"Home","item":"https:\/\/franciscanos.org.br\/noticias"},{"@type":"ListItem","position":2,"name":"Sefras 25 anos: Onde tudo come\u00e7ou\u2026"}]},{"@type":"Person","@id":"https:\/\/franciscanos.org.br\/noticias\/#\/schema\/person\/d9422e83121c3ad3b0f423d195f5bb25","name":"Adriana Rabelo","image":{"@type":"ImageObject","inLanguage":"pt-BR","@id":"https:\/\/franciscanos.org.br\/noticias\/#\/schema\/person\/image\/","url":"https:\/\/secure.gravatar.com\/avatar\/0a937b7500cd7df77540cfb8bede877d?s=96&d=mm&r=g","contentUrl":"https:\/\/secure.gravatar.com\/avatar\/0a937b7500cd7df77540cfb8bede877d?s=96&d=mm&r=g","caption":"Adriana Rabelo"},"url":"https:\/\/franciscanos.org.br\/noticias\/author\/adrianarabelo"}]}},"_links":{"self":[{"href":"https:\/\/franciscanos.org.br\/noticias\/wp-json\/wp\/v2\/posts\/260277"}],"collection":[{"href":"https:\/\/franciscanos.org.br\/noticias\/wp-json\/wp\/v2\/posts"}],"about":[{"href":"https:\/\/franciscanos.org.br\/noticias\/wp-json\/wp\/v2\/types\/post"}],"author":[{"embeddable":true,"href":"https:\/\/franciscanos.org.br\/noticias\/wp-json\/wp\/v2\/users\/11"}],"replies":[{"embeddable":true,"href":"https:\/\/franciscanos.org.br\/noticias\/wp-json\/wp\/v2\/comments?post=260277"}],"version-history":[{"count":3,"href":"https:\/\/franciscanos.org.br\/noticias\/wp-json\/wp\/v2\/posts\/260277\/revisions"}],"predecessor-version":[{"id":260291,"href":"https:\/\/franciscanos.org.br\/noticias\/wp-json\/wp\/v2\/posts\/260277\/revisions\/260291"}],"wp:featuredmedia":[{"embeddable":true,"href":"https:\/\/franciscanos.org.br\/noticias\/wp-json\/wp\/v2\/media\/260279"}],"wp:attachment":[{"href":"https:\/\/franciscanos.org.br\/noticias\/wp-json\/wp\/v2\/media?parent=260277"}],"wp:term":[{"taxonomy":"category","embeddable":true,"href":"https:\/\/franciscanos.org.br\/noticias\/wp-json\/wp\/v2\/categories?post=260277"},{"taxonomy":"post_tag","embeddable":true,"href":"https:\/\/franciscanos.org.br\/noticias\/wp-json\/wp\/v2\/tags?post=260277"}],"curies":[{"name":"wp","href":"https:\/\/api.w.org\/{rel}","templated":true}]}}