{"id":260271,"date":"2025-09-17T07:30:14","date_gmt":"2025-09-17T10:30:14","guid":{"rendered":"https:\/\/franciscanos.org.br\/noticias\/?p=260271"},"modified":"2025-09-17T10:33:54","modified_gmt":"2025-09-17T13:33:54","slug":"papa-nos-procuramos-solucoes-imediatas-mas-deus-trabalha-no-tempo-lento-da-confianca","status":"publish","type":"post","link":"https:\/\/franciscanos.org.br\/noticias\/papa-nos-procuramos-solucoes-imediatas-mas-deus-trabalha-no-tempo-lento-da-confianca.html","title":{"rendered":"Papa: n\u00f3s procuramos solu\u00e7\u00f5es imediatas, mas Deus trabalha no tempo lento da confian\u00e7a"},"content":{"rendered":"<p><img loading=\"lazy\" class=\"aligncenter wp-image-260272 size-full\" src=\"https:\/\/franciscanos.org.br\/noticias\/wp-content\/uploads\/2025\/09\/materia-1-20.jpg\" alt=\"\" width=\"1280\" height=\"720\" srcset=\"https:\/\/franciscanos.org.br\/noticias\/wp-content\/uploads\/2025\/09\/materia-1-20.jpg 1280w, https:\/\/franciscanos.org.br\/noticias\/wp-content\/uploads\/2025\/09\/materia-1-20-450x253.jpg 450w, https:\/\/franciscanos.org.br\/noticias\/wp-content\/uploads\/2025\/09\/materia-1-20-1024x576.jpg 1024w, https:\/\/franciscanos.org.br\/noticias\/wp-content\/uploads\/2025\/09\/materia-1-20-768x432.jpg 768w, https:\/\/franciscanos.org.br\/noticias\/wp-content\/uploads\/2025\/09\/materia-1-20-150x84.jpg 150w\" sizes=\"(max-width: 1280px) 100vw, 1280px\" \/><\/p>\n<p><em>A P\u00e1scoa de Jesus foi o t\u00edtulo da catequese feita pelo Papa Le\u00e3o, no \u00e2mbito do ciclo intutlado &#8220;Jesus Cristo Nossa Esperan\u00e7a&#8221;, por ocasi\u00e3o do Ano Santo.<\/em><\/p>\n<hr \/>\n<p>&#8220;O Filho de Deus jaz no sepulcro, mas a sua &#8216;aus\u00eancia&#8217; n\u00e3o \u00e9 um vazio: \u00e9 uma espera&#8221;: no ciclo de catequeses por ocasi\u00e3o do Jubileu da Esperan\u00e7a, o Papa refletiu com os fi\u00e9is presentes na Pra\u00e7a S\u00e3o Pedro para a Audi\u00eancia Geral sobre o mist\u00e9rio do S\u00e1bado Santo. \u00c9 o dia do grande sil\u00eancio, um sil\u00eancio prenhe de significado, disse Le\u00e3o, como o ventre de uma m\u00e3e que segura o seu filho ainda n\u00e3o nascido, mas j\u00e1 vivo.<\/p>\n<p>O S\u00e1bado Santo \u00e9 tamb\u00e9m um dia de descanso. Segundo a lei judaica, nenhum trabalho deve ser feito no s\u00e9timo dia. &#8220;O Filho tamb\u00e9m descansa n\u00e3o porque esteja cansado, mas porque concluiu a sua obra de salva\u00e7\u00e3o; n\u00e3o porque tenha desistido, mas porque amou plenamente&#8221;, explicou o Pont\u00edfice.<\/p>\n<p>\u201cLutamos para parar e descansar. Vivemos como se a vida nunca fosse suficiente. Apressamo-nos a produzir, a demonstrar, a n\u00e3o perder terreno. Mas o Evangelho ensina-nos que saber parar \u00e9 um gesto de confian\u00e7a que devemos aprender a fazer. \u201d<\/p>\n<p>No sepulcro, Jesus, a Palavra viva do Pai, silencia. Mas \u00e9 precisamente neste sil\u00eancio que a vida nova come\u00e7a a fermentar, disse ainda Le\u00e3o, que acrescentou: &#8220;Deus n\u00e3o teme o passar do tempo, porque \u00e9 tamb\u00e9m o Senhor da espera. Assim, mesmo o nosso tempo &#8216;in\u00fatil&#8217;, o das pausas, do vazio, dos momentos est\u00e9reis, pode tornar-se um ventre de ressurrei\u00e7\u00e3o&#8221;. Cada sil\u00eancio acolhido pode ser a premissa de uma nova Palavra. Cada tempo suspenso pode tornar-se um tempo de gra\u00e7a se o oferecermos a Deus.<\/p>\n<p>Naquele s\u00e1bado suspenso, afirmou o Papa, aprendemos que n\u00e3o nos devemos apressar a levantar: primeiro, devemos permanecer, abra\u00e7ar o sil\u00eancio, deixar-nos abra\u00e7ar pelo limite. Por vezes, procuramos respostas r\u00e1pidas, solu\u00e7\u00f5es imediatas. Mas Deus trabalha nas profundezas, no tempo lento da confian\u00e7a. O s\u00e1bado do sepultamento torna-se assim o ventre do qual pode fluir a for\u00e7a de uma luz invenc\u00edvel, a da P\u00e1scoa. Le\u00e3o XIV encorajou:<\/p>\n<p>&#8220;Queridos amigos, a esperan\u00e7a crist\u00e3 n\u00e3o nasce no ru\u00eddo, mas no sil\u00eancio de uma espera repleta de amor. N\u00e3o \u00e9 produto da euforia, mas de um abandono confiante. Quando parece que tudo est\u00e1 parado, lembremo-nos do S\u00e1bado Santo. Mesmo no t\u00famulo, Deus est\u00e1 a preparar a maior surpresa. A verdadeira alegria nasce da espera vivida, da f\u00e9 paciente, da esperan\u00e7a de que o que \u00e9 vivido no amor, certamente ressurgir\u00e1 para a vida eterna.&#8221;<\/p>\n<h3><strong>O apelo de Le\u00e3o XIV pelo respeito ao direito humanit\u00e1rio internacional em Gaza<\/strong><\/h3>\n<p>Ao final da Audi\u00eancia Geral desta quarta-feira, 17, Le\u00e3o XIV expressou sua &#8220;proximidade ao povo palestino em Gaza, que continua a viver no medo e a sobreviver em condi\u00e7\u00f5es inaceit\u00e1veis&#8221;, for\u00e7ado a se deslocar, mais uma vez, de suas terras. As palavras do Pont\u00edfice foram recebidas com aplausos pelos fi\u00e9is na Pra\u00e7a de S\u00e3o Pedro:<\/p>\n<p>Expresso a minha profunda proximidade ao povo palestino em Gaza, que continua a viver no medo e a sobreviver em condi\u00e7\u00f5es inaceit\u00e1veis, obrigado pela for\u00e7a a deslocar-se \u2014 mais uma vez \u2014 das pr\u00f3prias terras. Diante do Senhor Todo-Poderoso, que ordenou &#8220;N\u00e3o matar\u00e1s&#8221;, e \u00e0 luz de toda a hist\u00f3ria humana, cada pessoa tem sempre uma dignidade inviol\u00e1vel, a ser respeitada e protegida. Renovo meu apelo por um cessar-fogo, pela liberta\u00e7\u00e3o dos ref\u00e9ns, por uma solu\u00e7\u00e3o diplom\u00e1tica negociada e pelo pleno respeito ao direito humanit\u00e1rio internacional. Convido todos a se unirem \u00e0 minha premente ora\u00e7\u00e3o, para que em breve possa despontar um amanhecer de paz e justi\u00e7a.<\/p>\n<p>Na noite de ontem, ao deixar Castel Gandolfo para voltar ao Vaticano, o Papa havia confirmado aos jornalistas que o aguardavam diante da Villa Barberini que havia falado por telefone com a comunidade de Gaza, expressando sua preocupa\u00e7\u00e3o:\u00a0 \u201cMuitos n\u00e3o t\u00eam para onde ir e isso \u00e9 preocupante. Tamb\u00e9m falei com os nossos l\u00e1, com o p\u00e1roco. Por enquanto, eles querem ficar, ainda resistem, mas \u00e9 preciso realmente buscar outra solu\u00e7\u00e3o. \u201d<\/p>\n<p>De fato, durante a noite entre segunda-feira, 15 de setembro, e ter\u00e7a-feira, 16 de setembro, o ex\u00e9rcito israelense lan\u00e7ou uma invas\u00e3o massiva da Cidade de Gaza com avi\u00f5es, drones, m\u00edsseis e helic\u00f3pteros. &#8220;Esta opera\u00e7\u00e3o \u00e9 apenas o come\u00e7o&#8221;, explicaram oficiais militares israelenses. Tanques e for\u00e7as especiais avan\u00e7aram diretamente para o centro da cidade, onde se acredita que muitos dos ref\u00e9ns estejam escondidos&#8221;.<\/p>\n<p>Os mortos j\u00e1 s\u00e3o mais de cem, enquanto 370 mil palestinos est\u00e3o em fuga. Em meio a um cen\u00e1rio apocal\u00edptico, o porta-voz do ex\u00e9rcito israelense, Avichay Adraee, anunciou aos moradores da Cidade de Gaza a abertura de uma &#8220;rota de tr\u00e2nsito tempor\u00e1ria&#8221; para o sul da Faixa de Gaza, diante do avan\u00e7o do ex\u00e9rcito israelense. Em uma publica\u00e7\u00e3o no X, o porta-voz das For\u00e7as de Defesa de Israel (IDF) afirmou em \u00e1rabe que o tr\u00e2nsito pela Rua Salah al-Din ser\u00e1 poss\u00edvel a partir das 12h de hoje at\u00e9 as 12h de sexta-feira, 19 de setembro. At\u00e9 o momento, os moradores da Cidade de Gaza deixaram a cidade pela estrada costeira, enquanto a Rua Salah al-Din \u00e9 uma art\u00e9ria interna da Faixa.<\/p>\n<hr \/>\n<p><em>Bianca Fraccalvieri &#8211; Vatican News<\/em><\/p>\n","protected":false},"excerpt":{"rendered":"<p>Audi\u00eancia Geral<\/p>\n","protected":false},"author":11,"featured_media":260274,"comment_status":"open","ping_status":"open","sticky":false,"template":"","format":"standard","meta":[],"categories":[1,2410,2345],"tags":[487,2343],"acf":[],"yoast_head":"<!-- This site is optimized with the Yoast SEO plugin v19.2 - https:\/\/yoast.com\/wordpress\/plugins\/seo\/ -->\n<title>Papa: n\u00f3s procuramos solu\u00e7\u00f5es imediatas, mas Deus trabalha no tempo lento da confian\u00e7a - Not\u00edcias - Franciscanos<\/title>\n<meta name=\"robots\" content=\"index, follow, max-snippet:-1, max-image-preview:large, max-video-preview:-1\" \/>\n<link rel=\"canonical\" href=\"https:\/\/franciscanos.org.br\/noticias\/papa-nos-procuramos-solucoes-imediatas-mas-deus-trabalha-no-tempo-lento-da-confianca.html\" \/>\n<meta property=\"og:locale\" content=\"pt_BR\" \/>\n<meta property=\"og:type\" content=\"article\" \/>\n<meta property=\"og:title\" content=\"Papa: n\u00f3s procuramos solu\u00e7\u00f5es imediatas, mas Deus trabalha no tempo lento da confian\u00e7a - Not\u00edcias - Franciscanos\" \/>\n<meta property=\"og:description\" content=\"Audi\u00eancia Geral\" \/>\n<meta property=\"og:url\" content=\"https:\/\/franciscanos.org.br\/noticias\/papa-nos-procuramos-solucoes-imediatas-mas-deus-trabalha-no-tempo-lento-da-confianca.html\" \/>\n<meta property=\"og:site_name\" content=\"Not\u00edcias - Franciscanos\" \/>\n<meta property=\"article:published_time\" content=\"2025-09-17T10:30:14+00:00\" \/>\n<meta property=\"article:modified_time\" content=\"2025-09-17T13:33:54+00:00\" \/>\n<meta property=\"og:image\" content=\"https:\/\/franciscanos.org.br\/noticias\/wp-content\/uploads\/2025\/09\/CHAMADA-30.jpg\" \/>\n\t<meta property=\"og:image:width\" content=\"800\" \/>\n\t<meta property=\"og:image:height\" content=\"550\" \/>\n\t<meta property=\"og:image:type\" content=\"image\/jpeg\" \/>\n<meta name=\"author\" content=\"Adriana Rabelo\" \/>\n<meta name=\"twitter:card\" content=\"summary_large_image\" \/>\n<meta name=\"twitter:label1\" content=\"Escrito por\" \/>\n\t<meta name=\"twitter:data1\" content=\"Adriana Rabelo\" \/>\n\t<meta name=\"twitter:label2\" content=\"Est. tempo de leitura\" \/>\n\t<meta name=\"twitter:data2\" content=\"5 minutos\" \/>\n<script type=\"application\/ld+json\" class=\"yoast-schema-graph\">{\"@context\":\"https:\/\/schema.org\",\"@graph\":[{\"@type\":\"WebSite\",\"@id\":\"https:\/\/franciscanos.org.br\/noticias\/#website\",\"url\":\"https:\/\/franciscanos.org.br\/noticias\/\",\"name\":\"Not\u00edcias - Franciscanos\",\"description\":\"Prov\u00edncia Franciscana da Imaculada Concei\u00e7\u00e3o do Brasil - Ordem dos Frades Menores - OFM\",\"potentialAction\":[{\"@type\":\"SearchAction\",\"target\":{\"@type\":\"EntryPoint\",\"urlTemplate\":\"https:\/\/franciscanos.org.br\/noticias\/?s={search_term_string}\"},\"query-input\":\"required name=search_term_string\"}],\"inLanguage\":\"pt-BR\"},{\"@type\":\"ImageObject\",\"inLanguage\":\"pt-BR\",\"@id\":\"https:\/\/franciscanos.org.br\/noticias\/papa-nos-procuramos-solucoes-imediatas-mas-deus-trabalha-no-tempo-lento-da-confianca.html#primaryimage\",\"url\":\"https:\/\/franciscanos.org.br\/noticias\/wp-content\/uploads\/2025\/09\/CHAMADA-30.jpg\",\"contentUrl\":\"https:\/\/franciscanos.org.br\/noticias\/wp-content\/uploads\/2025\/09\/CHAMADA-30.jpg\",\"width\":800,\"height\":550},{\"@type\":\"WebPage\",\"@id\":\"https:\/\/franciscanos.org.br\/noticias\/papa-nos-procuramos-solucoes-imediatas-mas-deus-trabalha-no-tempo-lento-da-confianca.html#webpage\",\"url\":\"https:\/\/franciscanos.org.br\/noticias\/papa-nos-procuramos-solucoes-imediatas-mas-deus-trabalha-no-tempo-lento-da-confianca.html\",\"name\":\"Papa: n\u00f3s procuramos solu\u00e7\u00f5es imediatas, mas Deus trabalha no tempo lento da confian\u00e7a - Not\u00edcias - Franciscanos\",\"isPartOf\":{\"@id\":\"https:\/\/franciscanos.org.br\/noticias\/#website\"},\"primaryImageOfPage\":{\"@id\":\"https:\/\/franciscanos.org.br\/noticias\/papa-nos-procuramos-solucoes-imediatas-mas-deus-trabalha-no-tempo-lento-da-confianca.html#primaryimage\"},\"datePublished\":\"2025-09-17T10:30:14+00:00\",\"dateModified\":\"2025-09-17T13:33:54+00:00\",\"author\":{\"@id\":\"https:\/\/franciscanos.org.br\/noticias\/#\/schema\/person\/d9422e83121c3ad3b0f423d195f5bb25\"},\"breadcrumb\":{\"@id\":\"https:\/\/franciscanos.org.br\/noticias\/papa-nos-procuramos-solucoes-imediatas-mas-deus-trabalha-no-tempo-lento-da-confianca.html#breadcrumb\"},\"inLanguage\":\"pt-BR\",\"potentialAction\":[{\"@type\":\"ReadAction\",\"target\":[\"https:\/\/franciscanos.org.br\/noticias\/papa-nos-procuramos-solucoes-imediatas-mas-deus-trabalha-no-tempo-lento-da-confianca.html\"]}]},{\"@type\":\"BreadcrumbList\",\"@id\":\"https:\/\/franciscanos.org.br\/noticias\/papa-nos-procuramos-solucoes-imediatas-mas-deus-trabalha-no-tempo-lento-da-confianca.html#breadcrumb\",\"itemListElement\":[{\"@type\":\"ListItem\",\"position\":1,\"name\":\"Home\",\"item\":\"https:\/\/franciscanos.org.br\/noticias\"},{\"@type\":\"ListItem\",\"position\":2,\"name\":\"Papa: n\u00f3s procuramos solu\u00e7\u00f5es imediatas, mas Deus trabalha no tempo lento da confian\u00e7a\"}]},{\"@type\":\"Person\",\"@id\":\"https:\/\/franciscanos.org.br\/noticias\/#\/schema\/person\/d9422e83121c3ad3b0f423d195f5bb25\",\"name\":\"Adriana Rabelo\",\"image\":{\"@type\":\"ImageObject\",\"inLanguage\":\"pt-BR\",\"@id\":\"https:\/\/franciscanos.org.br\/noticias\/#\/schema\/person\/image\/\",\"url\":\"https:\/\/secure.gravatar.com\/avatar\/0a937b7500cd7df77540cfb8bede877d?s=96&d=mm&r=g\",\"contentUrl\":\"https:\/\/secure.gravatar.com\/avatar\/0a937b7500cd7df77540cfb8bede877d?s=96&d=mm&r=g\",\"caption\":\"Adriana Rabelo\"},\"url\":\"https:\/\/franciscanos.org.br\/noticias\/author\/adrianarabelo\"}]}<\/script>\n<!-- \/ Yoast SEO plugin. -->","yoast_head_json":{"title":"Papa: n\u00f3s procuramos solu\u00e7\u00f5es imediatas, mas Deus trabalha no tempo lento da confian\u00e7a - Not\u00edcias - Franciscanos","robots":{"index":"index","follow":"follow","max-snippet":"max-snippet:-1","max-image-preview":"max-image-preview:large","max-video-preview":"max-video-preview:-1"},"canonical":"https:\/\/franciscanos.org.br\/noticias\/papa-nos-procuramos-solucoes-imediatas-mas-deus-trabalha-no-tempo-lento-da-confianca.html","og_locale":"pt_BR","og_type":"article","og_title":"Papa: n\u00f3s procuramos solu\u00e7\u00f5es imediatas, mas Deus trabalha no tempo lento da confian\u00e7a - Not\u00edcias - Franciscanos","og_description":"Audi\u00eancia Geral","og_url":"https:\/\/franciscanos.org.br\/noticias\/papa-nos-procuramos-solucoes-imediatas-mas-deus-trabalha-no-tempo-lento-da-confianca.html","og_site_name":"Not\u00edcias - Franciscanos","article_published_time":"2025-09-17T10:30:14+00:00","article_modified_time":"2025-09-17T13:33:54+00:00","og_image":[{"width":800,"height":550,"url":"https:\/\/franciscanos.org.br\/noticias\/wp-content\/uploads\/2025\/09\/CHAMADA-30.jpg","type":"image\/jpeg"}],"author":"Adriana Rabelo","twitter_card":"summary_large_image","twitter_misc":{"Escrito por":"Adriana Rabelo","Est. tempo de leitura":"5 minutos"},"schema":{"@context":"https:\/\/schema.org","@graph":[{"@type":"WebSite","@id":"https:\/\/franciscanos.org.br\/noticias\/#website","url":"https:\/\/franciscanos.org.br\/noticias\/","name":"Not\u00edcias - Franciscanos","description":"Prov\u00edncia Franciscana da Imaculada Concei\u00e7\u00e3o do Brasil - Ordem dos Frades Menores - OFM","potentialAction":[{"@type":"SearchAction","target":{"@type":"EntryPoint","urlTemplate":"https:\/\/franciscanos.org.br\/noticias\/?s={search_term_string}"},"query-input":"required name=search_term_string"}],"inLanguage":"pt-BR"},{"@type":"ImageObject","inLanguage":"pt-BR","@id":"https:\/\/franciscanos.org.br\/noticias\/papa-nos-procuramos-solucoes-imediatas-mas-deus-trabalha-no-tempo-lento-da-confianca.html#primaryimage","url":"https:\/\/franciscanos.org.br\/noticias\/wp-content\/uploads\/2025\/09\/CHAMADA-30.jpg","contentUrl":"https:\/\/franciscanos.org.br\/noticias\/wp-content\/uploads\/2025\/09\/CHAMADA-30.jpg","width":800,"height":550},{"@type":"WebPage","@id":"https:\/\/franciscanos.org.br\/noticias\/papa-nos-procuramos-solucoes-imediatas-mas-deus-trabalha-no-tempo-lento-da-confianca.html#webpage","url":"https:\/\/franciscanos.org.br\/noticias\/papa-nos-procuramos-solucoes-imediatas-mas-deus-trabalha-no-tempo-lento-da-confianca.html","name":"Papa: n\u00f3s procuramos solu\u00e7\u00f5es imediatas, mas Deus trabalha no tempo lento da confian\u00e7a - Not\u00edcias - Franciscanos","isPartOf":{"@id":"https:\/\/franciscanos.org.br\/noticias\/#website"},"primaryImageOfPage":{"@id":"https:\/\/franciscanos.org.br\/noticias\/papa-nos-procuramos-solucoes-imediatas-mas-deus-trabalha-no-tempo-lento-da-confianca.html#primaryimage"},"datePublished":"2025-09-17T10:30:14+00:00","dateModified":"2025-09-17T13:33:54+00:00","author":{"@id":"https:\/\/franciscanos.org.br\/noticias\/#\/schema\/person\/d9422e83121c3ad3b0f423d195f5bb25"},"breadcrumb":{"@id":"https:\/\/franciscanos.org.br\/noticias\/papa-nos-procuramos-solucoes-imediatas-mas-deus-trabalha-no-tempo-lento-da-confianca.html#breadcrumb"},"inLanguage":"pt-BR","potentialAction":[{"@type":"ReadAction","target":["https:\/\/franciscanos.org.br\/noticias\/papa-nos-procuramos-solucoes-imediatas-mas-deus-trabalha-no-tempo-lento-da-confianca.html"]}]},{"@type":"BreadcrumbList","@id":"https:\/\/franciscanos.org.br\/noticias\/papa-nos-procuramos-solucoes-imediatas-mas-deus-trabalha-no-tempo-lento-da-confianca.html#breadcrumb","itemListElement":[{"@type":"ListItem","position":1,"name":"Home","item":"https:\/\/franciscanos.org.br\/noticias"},{"@type":"ListItem","position":2,"name":"Papa: n\u00f3s procuramos solu\u00e7\u00f5es imediatas, mas Deus trabalha no tempo lento da confian\u00e7a"}]},{"@type":"Person","@id":"https:\/\/franciscanos.org.br\/noticias\/#\/schema\/person\/d9422e83121c3ad3b0f423d195f5bb25","name":"Adriana Rabelo","image":{"@type":"ImageObject","inLanguage":"pt-BR","@id":"https:\/\/franciscanos.org.br\/noticias\/#\/schema\/person\/image\/","url":"https:\/\/secure.gravatar.com\/avatar\/0a937b7500cd7df77540cfb8bede877d?s=96&d=mm&r=g","contentUrl":"https:\/\/secure.gravatar.com\/avatar\/0a937b7500cd7df77540cfb8bede877d?s=96&d=mm&r=g","caption":"Adriana Rabelo"},"url":"https:\/\/franciscanos.org.br\/noticias\/author\/adrianarabelo"}]}},"_links":{"self":[{"href":"https:\/\/franciscanos.org.br\/noticias\/wp-json\/wp\/v2\/posts\/260271"}],"collection":[{"href":"https:\/\/franciscanos.org.br\/noticias\/wp-json\/wp\/v2\/posts"}],"about":[{"href":"https:\/\/franciscanos.org.br\/noticias\/wp-json\/wp\/v2\/types\/post"}],"author":[{"embeddable":true,"href":"https:\/\/franciscanos.org.br\/noticias\/wp-json\/wp\/v2\/users\/11"}],"replies":[{"embeddable":true,"href":"https:\/\/franciscanos.org.br\/noticias\/wp-json\/wp\/v2\/comments?post=260271"}],"version-history":[{"count":3,"href":"https:\/\/franciscanos.org.br\/noticias\/wp-json\/wp\/v2\/posts\/260271\/revisions"}],"predecessor-version":[{"id":260276,"href":"https:\/\/franciscanos.org.br\/noticias\/wp-json\/wp\/v2\/posts\/260271\/revisions\/260276"}],"wp:featuredmedia":[{"embeddable":true,"href":"https:\/\/franciscanos.org.br\/noticias\/wp-json\/wp\/v2\/media\/260274"}],"wp:attachment":[{"href":"https:\/\/franciscanos.org.br\/noticias\/wp-json\/wp\/v2\/media?parent=260271"}],"wp:term":[{"taxonomy":"category","embeddable":true,"href":"https:\/\/franciscanos.org.br\/noticias\/wp-json\/wp\/v2\/categories?post=260271"},{"taxonomy":"post_tag","embeddable":true,"href":"https:\/\/franciscanos.org.br\/noticias\/wp-json\/wp\/v2\/tags?post=260271"}],"curies":[{"name":"wp","href":"https:\/\/api.w.org\/{rel}","templated":true}]}}