{"id":260209,"date":"2025-09-16T15:15:03","date_gmt":"2025-09-16T18:15:03","guid":{"rendered":"https:\/\/franciscanos.org.br\/noticias\/?p=260209"},"modified":"2025-09-17T14:50:52","modified_gmt":"2025-09-17T17:50:52","slug":"convento-abre-exposicao-de-artes-sacras-do-acervo-historico-e-liturgico","status":"publish","type":"post","link":"https:\/\/franciscanos.org.br\/noticias\/convento-abre-exposicao-de-artes-sacras-do-acervo-historico-e-liturgico.html","title":{"rendered":"Convento da Penha abre exposi\u00e7\u00e3o de Artes Sacras do acervo hist\u00f3rico e lit\u00fargico"},"content":{"rendered":"<p><img loading=\"lazy\" class=\"aligncenter wp-image-260210 size-full\" src=\"https:\/\/franciscanos.org.br\/noticias\/wp-content\/uploads\/2025\/09\/MATERIA-1-18.jpg\" alt=\"\" width=\"1280\" height=\"720\" srcset=\"https:\/\/franciscanos.org.br\/noticias\/wp-content\/uploads\/2025\/09\/MATERIA-1-18.jpg 1280w, https:\/\/franciscanos.org.br\/noticias\/wp-content\/uploads\/2025\/09\/MATERIA-1-18-450x253.jpg 450w, https:\/\/franciscanos.org.br\/noticias\/wp-content\/uploads\/2025\/09\/MATERIA-1-18-1024x576.jpg 1024w, https:\/\/franciscanos.org.br\/noticias\/wp-content\/uploads\/2025\/09\/MATERIA-1-18-768x432.jpg 768w, https:\/\/franciscanos.org.br\/noticias\/wp-content\/uploads\/2025\/09\/MATERIA-1-18-150x84.jpg 150w\" sizes=\"(max-width: 1280px) 100vw, 1280px\" \/><\/p>\n<p>O Convento da Penha abriu ao p\u00fablico, no \u00faltimo dia 13 de setembro, a Exposi\u00e7\u00e3o de Artes Sacras, composta por pe\u00e7as de seu acervo hist\u00f3rico e lit\u00fargico. A cerim\u00f4nia de abertura reuniu o Guardi\u00e3o, Frei Gabriel Dellandrea, o respons\u00e1vel pela mostra, Frei Jorge L\u00e1zaro de Souza, al\u00e9m do Frei Pedro Engel, Frei Paulo C\u00e9sar Ferreira da Silva e comunidade.<\/p>\n<p>As pe\u00e7as expostas s\u00e3o de v\u00e1rios materiais e foram confeccionadas em diferentes \u00e9pocas, como um Missal Romano de 1840, imagens em madeira policromada e metal, em m\u00e1rmore, e representa\u00e7\u00f5es de santos, como S\u00e3o Manoel, Santa B\u00e1rbara e S\u00e3o Domingos. A Virgem Maria est\u00e1 representada em pe\u00e7as dos s\u00e9culos XVIII e XX, a maioria em madeira. Imaculada Concei\u00e7\u00e3o, Nossa Senhora do Desterro, das Dores e do Ros\u00e1rio s\u00e3o alguns exemplos.<\/p>\n\n\t\t<style type=\"text\/css\">\n\t\t\t#gallery-1 {\n\t\t\t\tmargin: auto;\n\t\t\t}\n\t\t\t#gallery-1 .gallery-item {\n\t\t\t\tfloat: left;\n\t\t\t\tmargin-top: 10px;\n\t\t\t\ttext-align: center;\n\t\t\t\twidth: 33%;\n\t\t\t}\n\t\t\t#gallery-1 img {\n\t\t\t\tborder: 2px solid #cfcfcf;\n\t\t\t}\n\t\t\t#gallery-1 .gallery-caption {\n\t\t\t\tmargin-left: 0;\n\t\t\t}\n\t\t\t\/* see gallery_shortcode() in wp-includes\/media.php *\/\n\t\t<\/style>\n\t\t<div id='gallery-1' class='gallery galleryid-260209 gallery-columns-3 gallery-size-thumbnail'><dl class='gallery-item'>\n\t\t\t<dt class='gallery-icon landscape'>\n\t\t\t\t<a href='https:\/\/franciscanos.org.br\/noticias\/wp-content\/uploads\/2025\/09\/FOTO-3.jpg'><img width=\"300\" height=\"300\" src=\"https:\/\/franciscanos.org.br\/noticias\/wp-content\/uploads\/2025\/09\/FOTO-3-300x300.jpg\" class=\"attachment-thumbnail size-thumbnail\" alt=\"\" loading=\"lazy\" srcset=\"https:\/\/franciscanos.org.br\/noticias\/wp-content\/uploads\/2025\/09\/FOTO-3-300x300.jpg 300w, https:\/\/franciscanos.org.br\/noticias\/wp-content\/uploads\/2025\/09\/FOTO-3-100x100.jpg 100w\" sizes=\"(max-width: 300px) 100vw, 300px\" \/><\/a>\n\t\t\t<\/dt><\/dl><dl class='gallery-item'>\n\t\t\t<dt class='gallery-icon landscape'>\n\t\t\t\t<a href='https:\/\/franciscanos.org.br\/noticias\/wp-content\/uploads\/2025\/09\/Abertura-da-Exposicao-de-Artes-Sacras-no-Convento-Setembro-de-2025-4-1536x1024-1.jpg'><img width=\"300\" height=\"300\" src=\"https:\/\/franciscanos.org.br\/noticias\/wp-content\/uploads\/2025\/09\/Abertura-da-Exposicao-de-Artes-Sacras-no-Convento-Setembro-de-2025-4-1536x1024-1-300x300.jpg\" class=\"attachment-thumbnail size-thumbnail\" alt=\"\" loading=\"lazy\" srcset=\"https:\/\/franciscanos.org.br\/noticias\/wp-content\/uploads\/2025\/09\/Abertura-da-Exposicao-de-Artes-Sacras-no-Convento-Setembro-de-2025-4-1536x1024-1-300x300.jpg 300w, https:\/\/franciscanos.org.br\/noticias\/wp-content\/uploads\/2025\/09\/Abertura-da-Exposicao-de-Artes-Sacras-no-Convento-Setembro-de-2025-4-1536x1024-1-100x100.jpg 100w\" sizes=\"(max-width: 300px) 100vw, 300px\" \/><\/a>\n\t\t\t<\/dt><\/dl><dl class='gallery-item'>\n\t\t\t<dt class='gallery-icon landscape'>\n\t\t\t\t<a href='https:\/\/franciscanos.org.br\/noticias\/wp-content\/uploads\/2025\/09\/Abertura-da-Exposicao-de-Artes-Sacras-no-Convento-Setembro-de-2025-7-1536x1024-1.jpg'><img width=\"300\" height=\"300\" src=\"https:\/\/franciscanos.org.br\/noticias\/wp-content\/uploads\/2025\/09\/Abertura-da-Exposicao-de-Artes-Sacras-no-Convento-Setembro-de-2025-7-1536x1024-1-300x300.jpg\" class=\"attachment-thumbnail size-thumbnail\" alt=\"\" loading=\"lazy\" srcset=\"https:\/\/franciscanos.org.br\/noticias\/wp-content\/uploads\/2025\/09\/Abertura-da-Exposicao-de-Artes-Sacras-no-Convento-Setembro-de-2025-7-1536x1024-1-300x300.jpg 300w, https:\/\/franciscanos.org.br\/noticias\/wp-content\/uploads\/2025\/09\/Abertura-da-Exposicao-de-Artes-Sacras-no-Convento-Setembro-de-2025-7-1536x1024-1-100x100.jpg 100w\" sizes=\"(max-width: 300px) 100vw, 300px\" \/><\/a>\n\t\t\t<\/dt><\/dl><br style=\"clear: both\" \/>\n\t\t<\/div>\n\n<p>A devo\u00e7\u00e3o franciscana tamb\u00e9m est\u00e1 presente. H\u00e1, em um nicho de destaque, ao menos quatro imagens de S\u00e3o Francisco de Assis. Ainda na Sala de Exposi\u00e7\u00f5es, \u00e9 poss\u00edvel contemplar um Altar antigo, uma Imagem do Cristo sem os bra\u00e7os, um sino (s\u00edmbolo da paz), uma pia batismal e diversos outros objetos hist\u00f3ricos. Na \u00e1rea mais reservada da Sala, que \u00e9 uma \u201cesp\u00e9cie de caverna\u201d de pedras, est\u00e1 uma Imagem de Nossa Senhora da Penha, mantos que j\u00e1 vestiram a Imagem da Padroeira do Menino Jesus e na parede branca um crucifixo com a cita\u00e7\u00e3o b\u00edblica \u201cEis a\u00ed tua m\u00e3e\u201d (abaixo):<\/p>\n<p><img loading=\"lazy\" class=\"aligncenter wp-image-260211 size-full\" src=\"https:\/\/franciscanos.org.br\/noticias\/wp-content\/uploads\/2025\/09\/MATERIA-4-8.jpg\" alt=\"\" width=\"1280\" height=\"720\" srcset=\"https:\/\/franciscanos.org.br\/noticias\/wp-content\/uploads\/2025\/09\/MATERIA-4-8.jpg 1280w, https:\/\/franciscanos.org.br\/noticias\/wp-content\/uploads\/2025\/09\/MATERIA-4-8-450x253.jpg 450w, https:\/\/franciscanos.org.br\/noticias\/wp-content\/uploads\/2025\/09\/MATERIA-4-8-1024x576.jpg 1024w, https:\/\/franciscanos.org.br\/noticias\/wp-content\/uploads\/2025\/09\/MATERIA-4-8-768x432.jpg 768w, https:\/\/franciscanos.org.br\/noticias\/wp-content\/uploads\/2025\/09\/MATERIA-4-8-150x84.jpg 150w\" sizes=\"(max-width: 1280px) 100vw, 1280px\" \/><\/p>\n<p>Frei Gabriel comemorou a inaugura\u00e7\u00e3o da exposi\u00e7\u00e3o, destacando tamb\u00e9m alguns aspectos espirituais. \u201cEsta exposi\u00e7\u00e3o quer ser a ocasi\u00e3o de visitarmos a hist\u00f3ria para que, com obedi\u00eancia e ousadia, possamos tamb\u00e9m contribuir com as narrativas e registros, observando o passado para entender o presente e construir o futuro. A partir desta exposi\u00e7\u00e3o, o fiel poder\u00e1 observar tamb\u00e9m os estilos, os elementos que fazem parte de toda a hist\u00f3ria do Convento. Al\u00e9m disso, em algumas imagens, por conta do tempo, n\u00f3s vamos encontrar pequenos defeitos. A falta de uma m\u00e3o, a falta de algum outro elemento, isso tamb\u00e9m fala sobre a nossa realidade de vida, que \u00e9 limitada, onde encontraremos a completude apenas no c\u00e9u, no encontro definitivo com Deus. Que todos possam tamb\u00e9m perceber esses elementos, observando a hist\u00f3ria e garantindo que ela possa ser continuada com a obedi\u00eancia e rever\u00eancia a tudo o que aconteceu, mas tamb\u00e9m com a ousadia de pensar um caminho de paz e de bem\u201d, disse.<\/p>\n<p><img loading=\"lazy\" class=\"aligncenter wp-image-260212 size-full\" src=\"https:\/\/franciscanos.org.br\/noticias\/wp-content\/uploads\/2025\/09\/MATERIA3-5.jpg\" alt=\"\" width=\"1280\" height=\"720\" srcset=\"https:\/\/franciscanos.org.br\/noticias\/wp-content\/uploads\/2025\/09\/MATERIA3-5.jpg 1280w, https:\/\/franciscanos.org.br\/noticias\/wp-content\/uploads\/2025\/09\/MATERIA3-5-450x253.jpg 450w, https:\/\/franciscanos.org.br\/noticias\/wp-content\/uploads\/2025\/09\/MATERIA3-5-1024x576.jpg 1024w, https:\/\/franciscanos.org.br\/noticias\/wp-content\/uploads\/2025\/09\/MATERIA3-5-768x432.jpg 768w, https:\/\/franciscanos.org.br\/noticias\/wp-content\/uploads\/2025\/09\/MATERIA3-5-150x84.jpg 150w\" sizes=\"(max-width: 1280px) 100vw, 1280px\" \/><\/p>\n<p>Ap\u00f3s aspergir o espa\u00e7o com \u00e1gua benta, o guardi\u00e3o tamb\u00e9m agradeceu o empenho das pessoas que preparam tudo. A montagem da mostra foi elaborada pelo restaurador Ailton Tadeu Costa e pelo volunt\u00e1rio Marcos Antoniazi, com supervis\u00e3o do Frei Jorge L\u00e1zaro.<\/p>\n\n\t\t<style type=\"text\/css\">\n\t\t\t#gallery-2 {\n\t\t\t\tmargin: auto;\n\t\t\t}\n\t\t\t#gallery-2 .gallery-item {\n\t\t\t\tfloat: left;\n\t\t\t\tmargin-top: 10px;\n\t\t\t\ttext-align: center;\n\t\t\t\twidth: 33%;\n\t\t\t}\n\t\t\t#gallery-2 img {\n\t\t\t\tborder: 2px solid #cfcfcf;\n\t\t\t}\n\t\t\t#gallery-2 .gallery-caption {\n\t\t\t\tmargin-left: 0;\n\t\t\t}\n\t\t\t\/* see gallery_shortcode() in wp-includes\/media.php *\/\n\t\t<\/style>\n\t\t<div id='gallery-2' class='gallery galleryid-260209 gallery-columns-3 gallery-size-thumbnail'><dl class='gallery-item'>\n\t\t\t<dt class='gallery-icon landscape'>\n\t\t\t\t<a href='https:\/\/franciscanos.org.br\/noticias\/wp-content\/uploads\/2025\/09\/Abertura-da-Exposicao-de-Artes-Sacras-no-Convento-Setembro-de-2025-14-1536x1024-1.jpg'><img width=\"300\" height=\"300\" src=\"https:\/\/franciscanos.org.br\/noticias\/wp-content\/uploads\/2025\/09\/Abertura-da-Exposicao-de-Artes-Sacras-no-Convento-Setembro-de-2025-14-1536x1024-1-300x300.jpg\" class=\"attachment-thumbnail size-thumbnail\" alt=\"\" loading=\"lazy\" srcset=\"https:\/\/franciscanos.org.br\/noticias\/wp-content\/uploads\/2025\/09\/Abertura-da-Exposicao-de-Artes-Sacras-no-Convento-Setembro-de-2025-14-1536x1024-1-300x300.jpg 300w, https:\/\/franciscanos.org.br\/noticias\/wp-content\/uploads\/2025\/09\/Abertura-da-Exposicao-de-Artes-Sacras-no-Convento-Setembro-de-2025-14-1536x1024-1-100x100.jpg 100w\" sizes=\"(max-width: 300px) 100vw, 300px\" \/><\/a>\n\t\t\t<\/dt><\/dl><dl class='gallery-item'>\n\t\t\t<dt class='gallery-icon landscape'>\n\t\t\t\t<a href='https:\/\/franciscanos.org.br\/noticias\/wp-content\/uploads\/2025\/09\/Abertura-da-Exposicao-de-Artes-Sacras-no-Convento-Setembro-de-2025-11-1536x1024-1.jpg'><img width=\"300\" height=\"300\" src=\"https:\/\/franciscanos.org.br\/noticias\/wp-content\/uploads\/2025\/09\/Abertura-da-Exposicao-de-Artes-Sacras-no-Convento-Setembro-de-2025-11-1536x1024-1-300x300.jpg\" class=\"attachment-thumbnail size-thumbnail\" alt=\"\" loading=\"lazy\" srcset=\"https:\/\/franciscanos.org.br\/noticias\/wp-content\/uploads\/2025\/09\/Abertura-da-Exposicao-de-Artes-Sacras-no-Convento-Setembro-de-2025-11-1536x1024-1-300x300.jpg 300w, https:\/\/franciscanos.org.br\/noticias\/wp-content\/uploads\/2025\/09\/Abertura-da-Exposicao-de-Artes-Sacras-no-Convento-Setembro-de-2025-11-1536x1024-1-100x100.jpg 100w\" sizes=\"(max-width: 300px) 100vw, 300px\" \/><\/a>\n\t\t\t<\/dt><\/dl><dl class='gallery-item'>\n\t\t\t<dt class='gallery-icon landscape'>\n\t\t\t\t<a href='https:\/\/franciscanos.org.br\/noticias\/wp-content\/uploads\/2025\/09\/Abertura-da-Exposicao-de-Artes-Sacras-no-Convento-Setembro-de-2025-12-1536x1024-1.jpg'><img width=\"300\" height=\"300\" src=\"https:\/\/franciscanos.org.br\/noticias\/wp-content\/uploads\/2025\/09\/Abertura-da-Exposicao-de-Artes-Sacras-no-Convento-Setembro-de-2025-12-1536x1024-1-300x300.jpg\" class=\"attachment-thumbnail size-thumbnail\" alt=\"\" loading=\"lazy\" srcset=\"https:\/\/franciscanos.org.br\/noticias\/wp-content\/uploads\/2025\/09\/Abertura-da-Exposicao-de-Artes-Sacras-no-Convento-Setembro-de-2025-12-1536x1024-1-300x300.jpg 300w, https:\/\/franciscanos.org.br\/noticias\/wp-content\/uploads\/2025\/09\/Abertura-da-Exposicao-de-Artes-Sacras-no-Convento-Setembro-de-2025-12-1536x1024-1-100x100.jpg 100w\" sizes=\"(max-width: 300px) 100vw, 300px\" \/><\/a>\n\t\t\t<\/dt><\/dl><br style=\"clear: both\" \/>\n\t\t<\/div>\n\n<p>\u201cEssa exposi\u00e7\u00e3o quer mostrar a todos os peregrinos, romeiros e visitantes, os objetos que n\u00f3s temos aqui no acervo do Convento. Temos muitas pe\u00e7as! Para n\u00f3s \u00e9 uma alegria poder expor, sobretudo valorizar essa arte que h\u00e1 s\u00e9culos as pessoas fizeram, produziram e hoje est\u00e3o guardadas aqui. \u00c9 uma maneira tamb\u00e9m de valoriz\u00e1-los e ao mesmo tempo, expor, mostrar aquilo que n\u00f3s temos de bonito. A cada ano \u00a0procuramos fazer uma diversidade de exposi\u00e7\u00f5es, j\u00e1 tivemos uma exposi\u00e7\u00e3o de pres\u00e9pios, exposi\u00e7\u00e3o das indument\u00e1rias de Nossa Senhora e do Menino Jesus e dessa vez a exposi\u00e7\u00e3o dos objetos sagrados. Venham conhecer, tenho certeza que todos v\u00e3o gostar! \u201d, contou Frei Jorge.<\/p>\n<p>Exposi\u00e7\u00e3o de Artes Sacras<\/p>\n<p>Quando: diariamente<\/p>\n<p>Hor\u00e1rio: 7h30 \u00e0s 16h30<\/p>\n<p>Local: Sala de Exposi\u00e7\u00f5es do Convento (ao lado da Sala dos Milagres)<\/p>\n<p><strong>Entrada gratuita<\/strong><\/p>\n<hr \/>\n<p><em>Cristian Oliveira (ASCOM)<\/em><\/p>\n\n\t\t<style type=\"text\/css\">\n\t\t\t#gallery-3 {\n\t\t\t\tmargin: auto;\n\t\t\t}\n\t\t\t#gallery-3 .gallery-item {\n\t\t\t\tfloat: left;\n\t\t\t\tmargin-top: 10px;\n\t\t\t\ttext-align: center;\n\t\t\t\twidth: 33%;\n\t\t\t}\n\t\t\t#gallery-3 img {\n\t\t\t\tborder: 2px solid #cfcfcf;\n\t\t\t}\n\t\t\t#gallery-3 .gallery-caption {\n\t\t\t\tmargin-left: 0;\n\t\t\t}\n\t\t\t\/* see gallery_shortcode() in wp-includes\/media.php *\/\n\t\t<\/style>\n\t\t<div id='gallery-3' class='gallery galleryid-260209 gallery-columns-3 gallery-size-thumbnail'><dl class='gallery-item'>\n\t\t\t<dt class='gallery-icon landscape'>\n\t\t\t\t<a href='https:\/\/franciscanos.org.br\/noticias\/wp-content\/uploads\/2025\/09\/Abertura-da-Exposicao-de-Artes-Sacras-no-Convento-Setembro-de-2025-17-1536x1024-1.jpg'><img width=\"300\" height=\"300\" src=\"https:\/\/franciscanos.org.br\/noticias\/wp-content\/uploads\/2025\/09\/Abertura-da-Exposicao-de-Artes-Sacras-no-Convento-Setembro-de-2025-17-1536x1024-1-300x300.jpg\" class=\"attachment-thumbnail size-thumbnail\" alt=\"\" loading=\"lazy\" srcset=\"https:\/\/franciscanos.org.br\/noticias\/wp-content\/uploads\/2025\/09\/Abertura-da-Exposicao-de-Artes-Sacras-no-Convento-Setembro-de-2025-17-1536x1024-1-300x300.jpg 300w, https:\/\/franciscanos.org.br\/noticias\/wp-content\/uploads\/2025\/09\/Abertura-da-Exposicao-de-Artes-Sacras-no-Convento-Setembro-de-2025-17-1536x1024-1-100x100.jpg 100w\" sizes=\"(max-width: 300px) 100vw, 300px\" \/><\/a>\n\t\t\t<\/dt><\/dl><dl class='gallery-item'>\n\t\t\t<dt class='gallery-icon landscape'>\n\t\t\t\t<a href='https:\/\/franciscanos.org.br\/noticias\/wp-content\/uploads\/2025\/09\/Abertura-da-Exposicao-de-Artes-Sacras-no-Convento-Setembro-de-2025-18-1536x1024-1.jpg'><img width=\"300\" height=\"300\" src=\"https:\/\/franciscanos.org.br\/noticias\/wp-content\/uploads\/2025\/09\/Abertura-da-Exposicao-de-Artes-Sacras-no-Convento-Setembro-de-2025-18-1536x1024-1-300x300.jpg\" class=\"attachment-thumbnail size-thumbnail\" alt=\"\" loading=\"lazy\" srcset=\"https:\/\/franciscanos.org.br\/noticias\/wp-content\/uploads\/2025\/09\/Abertura-da-Exposicao-de-Artes-Sacras-no-Convento-Setembro-de-2025-18-1536x1024-1-300x300.jpg 300w, https:\/\/franciscanos.org.br\/noticias\/wp-content\/uploads\/2025\/09\/Abertura-da-Exposicao-de-Artes-Sacras-no-Convento-Setembro-de-2025-18-1536x1024-1-100x100.jpg 100w\" sizes=\"(max-width: 300px) 100vw, 300px\" \/><\/a>\n\t\t\t<\/dt><\/dl><dl class='gallery-item'>\n\t\t\t<dt class='gallery-icon landscape'>\n\t\t\t\t<a href='https:\/\/franciscanos.org.br\/noticias\/wp-content\/uploads\/2025\/09\/Abertura-da-Exposicao-de-Artes-Sacras-no-Convento-Setembro-de-2025-22-1536x1024-1.jpg'><img width=\"300\" height=\"300\" src=\"https:\/\/franciscanos.org.br\/noticias\/wp-content\/uploads\/2025\/09\/Abertura-da-Exposicao-de-Artes-Sacras-no-Convento-Setembro-de-2025-22-1536x1024-1-300x300.jpg\" class=\"attachment-thumbnail size-thumbnail\" alt=\"\" loading=\"lazy\" srcset=\"https:\/\/franciscanos.org.br\/noticias\/wp-content\/uploads\/2025\/09\/Abertura-da-Exposicao-de-Artes-Sacras-no-Convento-Setembro-de-2025-22-1536x1024-1-300x300.jpg 300w, https:\/\/franciscanos.org.br\/noticias\/wp-content\/uploads\/2025\/09\/Abertura-da-Exposicao-de-Artes-Sacras-no-Convento-Setembro-de-2025-22-1536x1024-1-100x100.jpg 100w\" sizes=\"(max-width: 300px) 100vw, 300px\" \/><\/a>\n\t\t\t<\/dt><\/dl><br style=\"clear: both\" \/><dl class='gallery-item'>\n\t\t\t<dt class='gallery-icon landscape'>\n\t\t\t\t<a href='https:\/\/franciscanos.org.br\/noticias\/wp-content\/uploads\/2025\/09\/Abertura-da-Exposicao-de-Artes-Sacras-no-Convento-Setembro-de-2025-27-1536x1024-1.jpg'><img width=\"300\" height=\"300\" src=\"https:\/\/franciscanos.org.br\/noticias\/wp-content\/uploads\/2025\/09\/Abertura-da-Exposicao-de-Artes-Sacras-no-Convento-Setembro-de-2025-27-1536x1024-1-300x300.jpg\" class=\"attachment-thumbnail size-thumbnail\" alt=\"\" loading=\"lazy\" srcset=\"https:\/\/franciscanos.org.br\/noticias\/wp-content\/uploads\/2025\/09\/Abertura-da-Exposicao-de-Artes-Sacras-no-Convento-Setembro-de-2025-27-1536x1024-1-300x300.jpg 300w, https:\/\/franciscanos.org.br\/noticias\/wp-content\/uploads\/2025\/09\/Abertura-da-Exposicao-de-Artes-Sacras-no-Convento-Setembro-de-2025-27-1536x1024-1-100x100.jpg 100w\" sizes=\"(max-width: 300px) 100vw, 300px\" \/><\/a>\n\t\t\t<\/dt><\/dl><dl class='gallery-item'>\n\t\t\t<dt class='gallery-icon landscape'>\n\t\t\t\t<a href='https:\/\/franciscanos.org.br\/noticias\/wp-content\/uploads\/2025\/09\/Abertura-da-Exposicao-de-Artes-Sacras-no-Convento-Setembro-de-2025-20-1536x1024-1.jpg'><img width=\"300\" height=\"300\" src=\"https:\/\/franciscanos.org.br\/noticias\/wp-content\/uploads\/2025\/09\/Abertura-da-Exposicao-de-Artes-Sacras-no-Convento-Setembro-de-2025-20-1536x1024-1-300x300.jpg\" class=\"attachment-thumbnail size-thumbnail\" alt=\"\" loading=\"lazy\" srcset=\"https:\/\/franciscanos.org.br\/noticias\/wp-content\/uploads\/2025\/09\/Abertura-da-Exposicao-de-Artes-Sacras-no-Convento-Setembro-de-2025-20-1536x1024-1-300x300.jpg 300w, https:\/\/franciscanos.org.br\/noticias\/wp-content\/uploads\/2025\/09\/Abertura-da-Exposicao-de-Artes-Sacras-no-Convento-Setembro-de-2025-20-1536x1024-1-100x100.jpg 100w\" sizes=\"(max-width: 300px) 100vw, 300px\" \/><\/a>\n\t\t\t<\/dt><\/dl><dl class='gallery-item'>\n\t\t\t<dt class='gallery-icon landscape'>\n\t\t\t\t<a href='https:\/\/franciscanos.org.br\/noticias\/wp-content\/uploads\/2025\/09\/Abertura-da-Exposicao-de-Artes-Sacras-no-Convento-Setembro-de-2025-24-1536x1024-1.jpg'><img width=\"300\" height=\"300\" src=\"https:\/\/franciscanos.org.br\/noticias\/wp-content\/uploads\/2025\/09\/Abertura-da-Exposicao-de-Artes-Sacras-no-Convento-Setembro-de-2025-24-1536x1024-1-300x300.jpg\" class=\"attachment-thumbnail size-thumbnail\" alt=\"\" loading=\"lazy\" srcset=\"https:\/\/franciscanos.org.br\/noticias\/wp-content\/uploads\/2025\/09\/Abertura-da-Exposicao-de-Artes-Sacras-no-Convento-Setembro-de-2025-24-1536x1024-1-300x300.jpg 300w, https:\/\/franciscanos.org.br\/noticias\/wp-content\/uploads\/2025\/09\/Abertura-da-Exposicao-de-Artes-Sacras-no-Convento-Setembro-de-2025-24-1536x1024-1-100x100.jpg 100w\" sizes=\"(max-width: 300px) 100vw, 300px\" \/><\/a>\n\t\t\t<\/dt><\/dl><br style=\"clear: both\" \/><dl class='gallery-item'>\n\t\t\t<dt class='gallery-icon landscape'>\n\t\t\t\t<a href='https:\/\/franciscanos.org.br\/noticias\/wp-content\/uploads\/2025\/09\/Abertura-da-Exposicao-de-Artes-Sacras-no-Convento-Setembro-de-2025-26-1536x1024-1.jpg'><img width=\"300\" height=\"300\" src=\"https:\/\/franciscanos.org.br\/noticias\/wp-content\/uploads\/2025\/09\/Abertura-da-Exposicao-de-Artes-Sacras-no-Convento-Setembro-de-2025-26-1536x1024-1-300x300.jpg\" class=\"attachment-thumbnail size-thumbnail\" alt=\"\" loading=\"lazy\" srcset=\"https:\/\/franciscanos.org.br\/noticias\/wp-content\/uploads\/2025\/09\/Abertura-da-Exposicao-de-Artes-Sacras-no-Convento-Setembro-de-2025-26-1536x1024-1-300x300.jpg 300w, https:\/\/franciscanos.org.br\/noticias\/wp-content\/uploads\/2025\/09\/Abertura-da-Exposicao-de-Artes-Sacras-no-Convento-Setembro-de-2025-26-1536x1024-1-100x100.jpg 100w\" sizes=\"(max-width: 300px) 100vw, 300px\" \/><\/a>\n\t\t\t<\/dt><\/dl><dl class='gallery-item'>\n\t\t\t<dt class='gallery-icon landscape'>\n\t\t\t\t<a href='https:\/\/franciscanos.org.br\/noticias\/wp-content\/uploads\/2025\/09\/Abertura-da-Exposicao-de-Artes-Sacras-no-Convento-Setembro-de-2025-29-1536x1024-1.jpg'><img width=\"300\" height=\"300\" src=\"https:\/\/franciscanos.org.br\/noticias\/wp-content\/uploads\/2025\/09\/Abertura-da-Exposicao-de-Artes-Sacras-no-Convento-Setembro-de-2025-29-1536x1024-1-300x300.jpg\" class=\"attachment-thumbnail size-thumbnail\" alt=\"\" loading=\"lazy\" srcset=\"https:\/\/franciscanos.org.br\/noticias\/wp-content\/uploads\/2025\/09\/Abertura-da-Exposicao-de-Artes-Sacras-no-Convento-Setembro-de-2025-29-1536x1024-1-300x300.jpg 300w, https:\/\/franciscanos.org.br\/noticias\/wp-content\/uploads\/2025\/09\/Abertura-da-Exposicao-de-Artes-Sacras-no-Convento-Setembro-de-2025-29-1536x1024-1-100x100.jpg 100w\" sizes=\"(max-width: 300px) 100vw, 300px\" \/><\/a>\n\t\t\t<\/dt><\/dl><dl class='gallery-item'>\n\t\t\t<dt class='gallery-icon landscape'>\n\t\t\t\t<a href='https:\/\/franciscanos.org.br\/noticias\/wp-content\/uploads\/2025\/09\/Abertura-da-Exposicao-de-Artes-Sacras-no-Convento-Setembro-de-2025-15-1536x1024-1.jpg'><img width=\"300\" height=\"300\" src=\"https:\/\/franciscanos.org.br\/noticias\/wp-content\/uploads\/2025\/09\/Abertura-da-Exposicao-de-Artes-Sacras-no-Convento-Setembro-de-2025-15-1536x1024-1-300x300.jpg\" class=\"attachment-thumbnail size-thumbnail\" alt=\"\" loading=\"lazy\" srcset=\"https:\/\/franciscanos.org.br\/noticias\/wp-content\/uploads\/2025\/09\/Abertura-da-Exposicao-de-Artes-Sacras-no-Convento-Setembro-de-2025-15-1536x1024-1-300x300.jpg 300w, https:\/\/franciscanos.org.br\/noticias\/wp-content\/uploads\/2025\/09\/Abertura-da-Exposicao-de-Artes-Sacras-no-Convento-Setembro-de-2025-15-1536x1024-1-100x100.jpg 100w\" sizes=\"(max-width: 300px) 100vw, 300px\" \/><\/a>\n\t\t\t<\/dt><\/dl><br style=\"clear: both\" \/><dl class='gallery-item'>\n\t\t\t<dt class='gallery-icon landscape'>\n\t\t\t\t<a href='https:\/\/franciscanos.org.br\/noticias\/wp-content\/uploads\/2025\/09\/Abertura-da-Exposicao-de-Artes-Sacras-no-Convento-Setembro-de-2025-21-1536x1024-2.jpg'><img width=\"300\" height=\"300\" src=\"https:\/\/franciscanos.org.br\/noticias\/wp-content\/uploads\/2025\/09\/Abertura-da-Exposicao-de-Artes-Sacras-no-Convento-Setembro-de-2025-21-1536x1024-2-300x300.jpg\" class=\"attachment-thumbnail size-thumbnail\" alt=\"\" loading=\"lazy\" srcset=\"https:\/\/franciscanos.org.br\/noticias\/wp-content\/uploads\/2025\/09\/Abertura-da-Exposicao-de-Artes-Sacras-no-Convento-Setembro-de-2025-21-1536x1024-2-300x300.jpg 300w, https:\/\/franciscanos.org.br\/noticias\/wp-content\/uploads\/2025\/09\/Abertura-da-Exposicao-de-Artes-Sacras-no-Convento-Setembro-de-2025-21-1536x1024-2-100x100.jpg 100w\" sizes=\"(max-width: 300px) 100vw, 300px\" \/><\/a>\n\t\t\t<\/dt><\/dl><dl class='gallery-item'>\n\t\t\t<dt class='gallery-icon landscape'>\n\t\t\t\t<a href='https:\/\/franciscanos.org.br\/noticias\/wp-content\/uploads\/2025\/09\/Abertura-da-Exposicao-de-Artes-Sacras-no-Convento-Setembro-de-2025-11-1536x1024-2.jpg'><img width=\"300\" height=\"300\" src=\"https:\/\/franciscanos.org.br\/noticias\/wp-content\/uploads\/2025\/09\/Abertura-da-Exposicao-de-Artes-Sacras-no-Convento-Setembro-de-2025-11-1536x1024-2-300x300.jpg\" class=\"attachment-thumbnail size-thumbnail\" alt=\"\" loading=\"lazy\" srcset=\"https:\/\/franciscanos.org.br\/noticias\/wp-content\/uploads\/2025\/09\/Abertura-da-Exposicao-de-Artes-Sacras-no-Convento-Setembro-de-2025-11-1536x1024-2-300x300.jpg 300w, https:\/\/franciscanos.org.br\/noticias\/wp-content\/uploads\/2025\/09\/Abertura-da-Exposicao-de-Artes-Sacras-no-Convento-Setembro-de-2025-11-1536x1024-2-100x100.jpg 100w\" sizes=\"(max-width: 300px) 100vw, 300px\" \/><\/a>\n\t\t\t<\/dt><\/dl><dl class='gallery-item'>\n\t\t\t<dt class='gallery-icon landscape'>\n\t\t\t\t<a href='https:\/\/franciscanos.org.br\/noticias\/wp-content\/uploads\/2025\/09\/Abertura-da-Exposicao-de-Artes-Sacras-no-Convento-Setembro-de-2025-12-1536x1024-2.jpg'><img width=\"300\" height=\"300\" src=\"https:\/\/franciscanos.org.br\/noticias\/wp-content\/uploads\/2025\/09\/Abertura-da-Exposicao-de-Artes-Sacras-no-Convento-Setembro-de-2025-12-1536x1024-2-300x300.jpg\" class=\"attachment-thumbnail size-thumbnail\" alt=\"\" loading=\"lazy\" srcset=\"https:\/\/franciscanos.org.br\/noticias\/wp-content\/uploads\/2025\/09\/Abertura-da-Exposicao-de-Artes-Sacras-no-Convento-Setembro-de-2025-12-1536x1024-2-300x300.jpg 300w, https:\/\/franciscanos.org.br\/noticias\/wp-content\/uploads\/2025\/09\/Abertura-da-Exposicao-de-Artes-Sacras-no-Convento-Setembro-de-2025-12-1536x1024-2-100x100.jpg 100w\" sizes=\"(max-width: 300px) 100vw, 300px\" \/><\/a>\n\t\t\t<\/dt><\/dl><br style=\"clear: both\" \/>\n\t\t<\/div>\n\n","protected":false},"excerpt":{"rendered":"<p>Hist\u00f3ria e mem\u00f3ria franciscana<\/p>\n","protected":false},"author":11,"featured_media":260233,"comment_status":"open","ping_status":"open","sticky":false,"template":"","format":"standard","meta":[],"categories":[1],"tags":[248,522],"acf":[],"yoast_head":"<!-- This site is optimized with the Yoast SEO plugin v19.2 - https:\/\/yoast.com\/wordpress\/plugins\/seo\/ -->\n<title>Convento da Penha abre exposi\u00e7\u00e3o de Artes Sacras do acervo hist\u00f3rico e lit\u00fargico - Not\u00edcias - Franciscanos<\/title>\n<meta name=\"robots\" content=\"index, follow, max-snippet:-1, max-image-preview:large, max-video-preview:-1\" \/>\n<link rel=\"canonical\" href=\"https:\/\/franciscanos.org.br\/noticias\/convento-abre-exposicao-de-artes-sacras-do-acervo-historico-e-liturgico.html\" \/>\n<meta property=\"og:locale\" content=\"pt_BR\" \/>\n<meta property=\"og:type\" content=\"article\" \/>\n<meta property=\"og:title\" content=\"Convento da Penha abre exposi\u00e7\u00e3o de Artes Sacras do acervo hist\u00f3rico e lit\u00fargico - Not\u00edcias - Franciscanos\" \/>\n<meta property=\"og:description\" content=\"Hist\u00f3ria e mem\u00f3ria franciscana\" \/>\n<meta property=\"og:url\" content=\"https:\/\/franciscanos.org.br\/noticias\/convento-abre-exposicao-de-artes-sacras-do-acervo-historico-e-liturgico.html\" \/>\n<meta property=\"og:site_name\" content=\"Not\u00edcias - Franciscanos\" \/>\n<meta property=\"article:published_time\" content=\"2025-09-16T18:15:03+00:00\" \/>\n<meta property=\"article:modified_time\" content=\"2025-09-17T17:50:52+00:00\" \/>\n<meta property=\"og:image\" content=\"https:\/\/franciscanos.org.br\/noticias\/wp-content\/uploads\/2025\/09\/chamada-26.jpg\" \/>\n\t<meta property=\"og:image:width\" content=\"800\" \/>\n\t<meta property=\"og:image:height\" content=\"550\" \/>\n\t<meta property=\"og:image:type\" content=\"image\/jpeg\" \/>\n<meta name=\"author\" content=\"Adriana Rabelo\" \/>\n<meta name=\"twitter:card\" content=\"summary_large_image\" \/>\n<meta name=\"twitter:label1\" content=\"Escrito por\" \/>\n\t<meta name=\"twitter:data1\" content=\"Adriana Rabelo\" \/>\n\t<meta name=\"twitter:label2\" content=\"Est. tempo de leitura\" \/>\n\t<meta name=\"twitter:data2\" content=\"3 minutos\" \/>\n<script type=\"application\/ld+json\" class=\"yoast-schema-graph\">{\"@context\":\"https:\/\/schema.org\",\"@graph\":[{\"@type\":\"WebSite\",\"@id\":\"https:\/\/franciscanos.org.br\/noticias\/#website\",\"url\":\"https:\/\/franciscanos.org.br\/noticias\/\",\"name\":\"Not\u00edcias - Franciscanos\",\"description\":\"Prov\u00edncia Franciscana da Imaculada Concei\u00e7\u00e3o do Brasil - Ordem dos Frades Menores - OFM\",\"potentialAction\":[{\"@type\":\"SearchAction\",\"target\":{\"@type\":\"EntryPoint\",\"urlTemplate\":\"https:\/\/franciscanos.org.br\/noticias\/?s={search_term_string}\"},\"query-input\":\"required name=search_term_string\"}],\"inLanguage\":\"pt-BR\"},{\"@type\":\"ImageObject\",\"inLanguage\":\"pt-BR\",\"@id\":\"https:\/\/franciscanos.org.br\/noticias\/convento-abre-exposicao-de-artes-sacras-do-acervo-historico-e-liturgico.html#primaryimage\",\"url\":\"https:\/\/franciscanos.org.br\/noticias\/wp-content\/uploads\/2025\/09\/chamada-26.jpg\",\"contentUrl\":\"https:\/\/franciscanos.org.br\/noticias\/wp-content\/uploads\/2025\/09\/chamada-26.jpg\",\"width\":800,\"height\":550},{\"@type\":\"WebPage\",\"@id\":\"https:\/\/franciscanos.org.br\/noticias\/convento-abre-exposicao-de-artes-sacras-do-acervo-historico-e-liturgico.html#webpage\",\"url\":\"https:\/\/franciscanos.org.br\/noticias\/convento-abre-exposicao-de-artes-sacras-do-acervo-historico-e-liturgico.html\",\"name\":\"Convento da Penha abre exposi\u00e7\u00e3o de Artes Sacras do acervo hist\u00f3rico e lit\u00fargico - Not\u00edcias - Franciscanos\",\"isPartOf\":{\"@id\":\"https:\/\/franciscanos.org.br\/noticias\/#website\"},\"primaryImageOfPage\":{\"@id\":\"https:\/\/franciscanos.org.br\/noticias\/convento-abre-exposicao-de-artes-sacras-do-acervo-historico-e-liturgico.html#primaryimage\"},\"datePublished\":\"2025-09-16T18:15:03+00:00\",\"dateModified\":\"2025-09-17T17:50:52+00:00\",\"author\":{\"@id\":\"https:\/\/franciscanos.org.br\/noticias\/#\/schema\/person\/d9422e83121c3ad3b0f423d195f5bb25\"},\"breadcrumb\":{\"@id\":\"https:\/\/franciscanos.org.br\/noticias\/convento-abre-exposicao-de-artes-sacras-do-acervo-historico-e-liturgico.html#breadcrumb\"},\"inLanguage\":\"pt-BR\",\"potentialAction\":[{\"@type\":\"ReadAction\",\"target\":[\"https:\/\/franciscanos.org.br\/noticias\/convento-abre-exposicao-de-artes-sacras-do-acervo-historico-e-liturgico.html\"]}]},{\"@type\":\"BreadcrumbList\",\"@id\":\"https:\/\/franciscanos.org.br\/noticias\/convento-abre-exposicao-de-artes-sacras-do-acervo-historico-e-liturgico.html#breadcrumb\",\"itemListElement\":[{\"@type\":\"ListItem\",\"position\":1,\"name\":\"Home\",\"item\":\"https:\/\/franciscanos.org.br\/noticias\"},{\"@type\":\"ListItem\",\"position\":2,\"name\":\"Convento da Penha abre exposi\u00e7\u00e3o de Artes Sacras do acervo hist\u00f3rico e lit\u00fargico\"}]},{\"@type\":\"Person\",\"@id\":\"https:\/\/franciscanos.org.br\/noticias\/#\/schema\/person\/d9422e83121c3ad3b0f423d195f5bb25\",\"name\":\"Adriana Rabelo\",\"image\":{\"@type\":\"ImageObject\",\"inLanguage\":\"pt-BR\",\"@id\":\"https:\/\/franciscanos.org.br\/noticias\/#\/schema\/person\/image\/\",\"url\":\"https:\/\/secure.gravatar.com\/avatar\/0a937b7500cd7df77540cfb8bede877d?s=96&d=mm&r=g\",\"contentUrl\":\"https:\/\/secure.gravatar.com\/avatar\/0a937b7500cd7df77540cfb8bede877d?s=96&d=mm&r=g\",\"caption\":\"Adriana Rabelo\"},\"url\":\"https:\/\/franciscanos.org.br\/noticias\/author\/adrianarabelo\"}]}<\/script>\n<!-- \/ Yoast SEO plugin. -->","yoast_head_json":{"title":"Convento da Penha abre exposi\u00e7\u00e3o de Artes Sacras do acervo hist\u00f3rico e lit\u00fargico - Not\u00edcias - Franciscanos","robots":{"index":"index","follow":"follow","max-snippet":"max-snippet:-1","max-image-preview":"max-image-preview:large","max-video-preview":"max-video-preview:-1"},"canonical":"https:\/\/franciscanos.org.br\/noticias\/convento-abre-exposicao-de-artes-sacras-do-acervo-historico-e-liturgico.html","og_locale":"pt_BR","og_type":"article","og_title":"Convento da Penha abre exposi\u00e7\u00e3o de Artes Sacras do acervo hist\u00f3rico e lit\u00fargico - Not\u00edcias - Franciscanos","og_description":"Hist\u00f3ria e mem\u00f3ria franciscana","og_url":"https:\/\/franciscanos.org.br\/noticias\/convento-abre-exposicao-de-artes-sacras-do-acervo-historico-e-liturgico.html","og_site_name":"Not\u00edcias - Franciscanos","article_published_time":"2025-09-16T18:15:03+00:00","article_modified_time":"2025-09-17T17:50:52+00:00","og_image":[{"width":800,"height":550,"url":"https:\/\/franciscanos.org.br\/noticias\/wp-content\/uploads\/2025\/09\/chamada-26.jpg","type":"image\/jpeg"}],"author":"Adriana Rabelo","twitter_card":"summary_large_image","twitter_misc":{"Escrito por":"Adriana Rabelo","Est. tempo de leitura":"3 minutos"},"schema":{"@context":"https:\/\/schema.org","@graph":[{"@type":"WebSite","@id":"https:\/\/franciscanos.org.br\/noticias\/#website","url":"https:\/\/franciscanos.org.br\/noticias\/","name":"Not\u00edcias - Franciscanos","description":"Prov\u00edncia Franciscana da Imaculada Concei\u00e7\u00e3o do Brasil - Ordem dos Frades Menores - OFM","potentialAction":[{"@type":"SearchAction","target":{"@type":"EntryPoint","urlTemplate":"https:\/\/franciscanos.org.br\/noticias\/?s={search_term_string}"},"query-input":"required name=search_term_string"}],"inLanguage":"pt-BR"},{"@type":"ImageObject","inLanguage":"pt-BR","@id":"https:\/\/franciscanos.org.br\/noticias\/convento-abre-exposicao-de-artes-sacras-do-acervo-historico-e-liturgico.html#primaryimage","url":"https:\/\/franciscanos.org.br\/noticias\/wp-content\/uploads\/2025\/09\/chamada-26.jpg","contentUrl":"https:\/\/franciscanos.org.br\/noticias\/wp-content\/uploads\/2025\/09\/chamada-26.jpg","width":800,"height":550},{"@type":"WebPage","@id":"https:\/\/franciscanos.org.br\/noticias\/convento-abre-exposicao-de-artes-sacras-do-acervo-historico-e-liturgico.html#webpage","url":"https:\/\/franciscanos.org.br\/noticias\/convento-abre-exposicao-de-artes-sacras-do-acervo-historico-e-liturgico.html","name":"Convento da Penha abre exposi\u00e7\u00e3o de Artes Sacras do acervo hist\u00f3rico e lit\u00fargico - Not\u00edcias - Franciscanos","isPartOf":{"@id":"https:\/\/franciscanos.org.br\/noticias\/#website"},"primaryImageOfPage":{"@id":"https:\/\/franciscanos.org.br\/noticias\/convento-abre-exposicao-de-artes-sacras-do-acervo-historico-e-liturgico.html#primaryimage"},"datePublished":"2025-09-16T18:15:03+00:00","dateModified":"2025-09-17T17:50:52+00:00","author":{"@id":"https:\/\/franciscanos.org.br\/noticias\/#\/schema\/person\/d9422e83121c3ad3b0f423d195f5bb25"},"breadcrumb":{"@id":"https:\/\/franciscanos.org.br\/noticias\/convento-abre-exposicao-de-artes-sacras-do-acervo-historico-e-liturgico.html#breadcrumb"},"inLanguage":"pt-BR","potentialAction":[{"@type":"ReadAction","target":["https:\/\/franciscanos.org.br\/noticias\/convento-abre-exposicao-de-artes-sacras-do-acervo-historico-e-liturgico.html"]}]},{"@type":"BreadcrumbList","@id":"https:\/\/franciscanos.org.br\/noticias\/convento-abre-exposicao-de-artes-sacras-do-acervo-historico-e-liturgico.html#breadcrumb","itemListElement":[{"@type":"ListItem","position":1,"name":"Home","item":"https:\/\/franciscanos.org.br\/noticias"},{"@type":"ListItem","position":2,"name":"Convento da Penha abre exposi\u00e7\u00e3o de Artes Sacras do acervo hist\u00f3rico e lit\u00fargico"}]},{"@type":"Person","@id":"https:\/\/franciscanos.org.br\/noticias\/#\/schema\/person\/d9422e83121c3ad3b0f423d195f5bb25","name":"Adriana Rabelo","image":{"@type":"ImageObject","inLanguage":"pt-BR","@id":"https:\/\/franciscanos.org.br\/noticias\/#\/schema\/person\/image\/","url":"https:\/\/secure.gravatar.com\/avatar\/0a937b7500cd7df77540cfb8bede877d?s=96&d=mm&r=g","contentUrl":"https:\/\/secure.gravatar.com\/avatar\/0a937b7500cd7df77540cfb8bede877d?s=96&d=mm&r=g","caption":"Adriana Rabelo"},"url":"https:\/\/franciscanos.org.br\/noticias\/author\/adrianarabelo"}]}},"_links":{"self":[{"href":"https:\/\/franciscanos.org.br\/noticias\/wp-json\/wp\/v2\/posts\/260209"}],"collection":[{"href":"https:\/\/franciscanos.org.br\/noticias\/wp-json\/wp\/v2\/posts"}],"about":[{"href":"https:\/\/franciscanos.org.br\/noticias\/wp-json\/wp\/v2\/types\/post"}],"author":[{"embeddable":true,"href":"https:\/\/franciscanos.org.br\/noticias\/wp-json\/wp\/v2\/users\/11"}],"replies":[{"embeddable":true,"href":"https:\/\/franciscanos.org.br\/noticias\/wp-json\/wp\/v2\/comments?post=260209"}],"version-history":[{"count":6,"href":"https:\/\/franciscanos.org.br\/noticias\/wp-json\/wp\/v2\/posts\/260209\/revisions"}],"predecessor-version":[{"id":260310,"href":"https:\/\/franciscanos.org.br\/noticias\/wp-json\/wp\/v2\/posts\/260209\/revisions\/260310"}],"wp:featuredmedia":[{"embeddable":true,"href":"https:\/\/franciscanos.org.br\/noticias\/wp-json\/wp\/v2\/media\/260233"}],"wp:attachment":[{"href":"https:\/\/franciscanos.org.br\/noticias\/wp-json\/wp\/v2\/media?parent=260209"}],"wp:term":[{"taxonomy":"category","embeddable":true,"href":"https:\/\/franciscanos.org.br\/noticias\/wp-json\/wp\/v2\/categories?post=260209"},{"taxonomy":"post_tag","embeddable":true,"href":"https:\/\/franciscanos.org.br\/noticias\/wp-json\/wp\/v2\/tags?post=260209"}],"curies":[{"name":"wp","href":"https:\/\/api.w.org\/{rel}","templated":true}]}}