{"id":260195,"date":"2025-09-16T12:22:44","date_gmt":"2025-09-16T15:22:44","guid":{"rendered":"https:\/\/franciscanos.org.br\/noticias\/?p=260195"},"modified":"2025-09-16T12:22:55","modified_gmt":"2025-09-16T15:22:55","slug":"do-sonho-a-realidade-sefras-celebra-25-anos","status":"publish","type":"post","link":"https:\/\/franciscanos.org.br\/noticias\/do-sonho-a-realidade-sefras-celebra-25-anos.html","title":{"rendered":"Do sonho \u00e0 realidade: Sefras celebra 25 anos"},"content":{"rendered":"<p><img loading=\"lazy\" class=\"aligncenter wp-image-260196 size-full\" src=\"https:\/\/franciscanos.org.br\/noticias\/wp-content\/uploads\/2025\/09\/materia-11.jpg\" alt=\"\" width=\"1280\" height=\"720\" srcset=\"https:\/\/franciscanos.org.br\/noticias\/wp-content\/uploads\/2025\/09\/materia-11.jpg 1280w, https:\/\/franciscanos.org.br\/noticias\/wp-content\/uploads\/2025\/09\/materia-11-450x253.jpg 450w, https:\/\/franciscanos.org.br\/noticias\/wp-content\/uploads\/2025\/09\/materia-11-1024x576.jpg 1024w, https:\/\/franciscanos.org.br\/noticias\/wp-content\/uploads\/2025\/09\/materia-11-768x432.jpg 768w, https:\/\/franciscanos.org.br\/noticias\/wp-content\/uploads\/2025\/09\/materia-11-150x84.jpg 150w\" sizes=\"(max-width: 1280px) 100vw, 1280px\" \/><\/p>\n<p>Este n\u00e3o \u00e9 apenas um anivers\u00e1rio. \u00c9 um grito de esperan\u00e7a. \u00c9 o manifesto de 25 anos da A\u00e7\u00e3o Social Franciscana \u2013 Sefras. Um jubileu que celebra cada vida acolhida, cada p\u00e3o partilhado, cada luta enfrentada ao lado dos mais vulner\u00e1veis. S\u00e3o 25 anos de resist\u00eancia, de f\u00e9 em a\u00e7\u00e3o, de solidariedade transformada em gesto concreto.<\/p>\n<p><strong>N\u00fameros que tocam cora\u00e7\u00f5es \u2013 e vidas<\/strong><\/p>\n<p>Todos os anos, impactamos mais de 651 mil pessoas atrav\u00e9s de a\u00e7\u00f5es comprometidas com a justi\u00e7a social, a dignidade e a esperan\u00e7a; Nossa a\u00e7\u00e3o se estende por 17 casas, com uma equipe de mais de 240 trabalhadores, levando cuidado e proximidade; Mensalmente, realizamos mais de 54.300 atendimentos \u2014 o que se traduz em esperan\u00e7a e dignidade para mais de 2.700 pessoas por dia; Nossas m\u00e3os alimentam n\u00e3o apenas pessoas, mas vidas: distribu\u00edmos mais de 3.800 toneladas de alimentos, servindo 2,3 milh\u00f5es de refei\u00e7\u00f5es franciscanas; Em S\u00e3o Paulo, servimos mais de 98 mil refei\u00e7\u00f5es mensais (caf\u00e9, lanche, almo\u00e7o e jantar); no Rio de Janeiro, oferecemos mais de 8.500 refei\u00e7\u00f5es prontas, al\u00e9m de cestas b\u00e1sicas.<\/p>\n\n\t\t<style type=\"text\/css\">\n\t\t\t#gallery-1 {\n\t\t\t\tmargin: auto;\n\t\t\t}\n\t\t\t#gallery-1 .gallery-item {\n\t\t\t\tfloat: left;\n\t\t\t\tmargin-top: 10px;\n\t\t\t\ttext-align: center;\n\t\t\t\twidth: 33%;\n\t\t\t}\n\t\t\t#gallery-1 img {\n\t\t\t\tborder: 2px solid #cfcfcf;\n\t\t\t}\n\t\t\t#gallery-1 .gallery-caption {\n\t\t\t\tmargin-left: 0;\n\t\t\t}\n\t\t\t\/* see gallery_shortcode() in wp-includes\/media.php *\/\n\t\t<\/style>\n\t\t<div id='gallery-1' class='gallery galleryid-260195 gallery-columns-3 gallery-size-thumbnail'><dl class='gallery-item'>\n\t\t\t<dt class='gallery-icon landscape'>\n\t\t\t\t<a href='https:\/\/franciscanos.org.br\/noticias\/wp-content\/uploads\/2025\/09\/IMG-20250916-WA0007.jpg'><img width=\"300\" height=\"300\" src=\"https:\/\/franciscanos.org.br\/noticias\/wp-content\/uploads\/2025\/09\/IMG-20250916-WA0007-300x300.jpg\" class=\"attachment-thumbnail size-thumbnail\" alt=\"\" loading=\"lazy\" srcset=\"https:\/\/franciscanos.org.br\/noticias\/wp-content\/uploads\/2025\/09\/IMG-20250916-WA0007-300x300.jpg 300w, https:\/\/franciscanos.org.br\/noticias\/wp-content\/uploads\/2025\/09\/IMG-20250916-WA0007-100x100.jpg 100w\" sizes=\"(max-width: 300px) 100vw, 300px\" \/><\/a>\n\t\t\t<\/dt><\/dl><dl class='gallery-item'>\n\t\t\t<dt class='gallery-icon landscape'>\n\t\t\t\t<a href='https:\/\/franciscanos.org.br\/noticias\/wp-content\/uploads\/2025\/09\/IMG-20250916-WA0008.jpg'><img width=\"300\" height=\"300\" src=\"https:\/\/franciscanos.org.br\/noticias\/wp-content\/uploads\/2025\/09\/IMG-20250916-WA0008-300x300.jpg\" class=\"attachment-thumbnail size-thumbnail\" alt=\"\" loading=\"lazy\" srcset=\"https:\/\/franciscanos.org.br\/noticias\/wp-content\/uploads\/2025\/09\/IMG-20250916-WA0008-300x300.jpg 300w, https:\/\/franciscanos.org.br\/noticias\/wp-content\/uploads\/2025\/09\/IMG-20250916-WA0008-100x100.jpg 100w\" sizes=\"(max-width: 300px) 100vw, 300px\" \/><\/a>\n\t\t\t<\/dt><\/dl><dl class='gallery-item'>\n\t\t\t<dt class='gallery-icon landscape'>\n\t\t\t\t<a href='https:\/\/franciscanos.org.br\/noticias\/wp-content\/uploads\/2025\/09\/IMG-20250916-WA0004.jpg'><img width=\"300\" height=\"300\" src=\"https:\/\/franciscanos.org.br\/noticias\/wp-content\/uploads\/2025\/09\/IMG-20250916-WA0004-300x300.jpg\" class=\"attachment-thumbnail size-thumbnail\" alt=\"\" loading=\"lazy\" srcset=\"https:\/\/franciscanos.org.br\/noticias\/wp-content\/uploads\/2025\/09\/IMG-20250916-WA0004-300x300.jpg 300w, https:\/\/franciscanos.org.br\/noticias\/wp-content\/uploads\/2025\/09\/IMG-20250916-WA0004-100x100.jpg 100w\" sizes=\"(max-width: 300px) 100vw, 300px\" \/><\/a>\n\t\t\t<\/dt><\/dl><br style=\"clear: both\" \/>\n\t\t<\/div>\n\n<p><strong>Mais do que n\u00fameros: acolhimento, justi\u00e7a e esperan\u00e7a<\/strong><\/p>\n<p>Mais do que saciar a fome, nossas a\u00e7\u00f5es alimentam a dignidade, a esperan\u00e7a e o afeto de quem mais precisa. Atuamos junto a crian\u00e7as, jovens, idosos, pessoas em situa\u00e7\u00e3o de rua, imigrantes, refugiados e pessoas acometidas pela hansen\u00edase. Nossa miss\u00e3o extrapola o cuidado imediato: defendemos direitos humanos, combatemos o trabalho an\u00e1logo \u00e0 escravid\u00e3o, lutamos pela preserva\u00e7\u00e3o da Amaz\u00f4nia e fortalecemos as comunidades que a habitam.<\/p>\n\n\t\t<style type=\"text\/css\">\n\t\t\t#gallery-2 {\n\t\t\t\tmargin: auto;\n\t\t\t}\n\t\t\t#gallery-2 .gallery-item {\n\t\t\t\tfloat: left;\n\t\t\t\tmargin-top: 10px;\n\t\t\t\ttext-align: center;\n\t\t\t\twidth: 33%;\n\t\t\t}\n\t\t\t#gallery-2 img {\n\t\t\t\tborder: 2px solid #cfcfcf;\n\t\t\t}\n\t\t\t#gallery-2 .gallery-caption {\n\t\t\t\tmargin-left: 0;\n\t\t\t}\n\t\t\t\/* see gallery_shortcode() in wp-includes\/media.php *\/\n\t\t<\/style>\n\t\t<div id='gallery-2' class='gallery galleryid-260195 gallery-columns-3 gallery-size-thumbnail'><dl class='gallery-item'>\n\t\t\t<dt class='gallery-icon portrait'>\n\t\t\t\t<a href='https:\/\/franciscanos.org.br\/noticias\/wp-content\/uploads\/2025\/09\/IMG-20250916-WA0005.jpg'><img width=\"300\" height=\"300\" src=\"https:\/\/franciscanos.org.br\/noticias\/wp-content\/uploads\/2025\/09\/IMG-20250916-WA0005-300x300.jpg\" class=\"attachment-thumbnail size-thumbnail\" alt=\"\" loading=\"lazy\" srcset=\"https:\/\/franciscanos.org.br\/noticias\/wp-content\/uploads\/2025\/09\/IMG-20250916-WA0005-300x300.jpg 300w, https:\/\/franciscanos.org.br\/noticias\/wp-content\/uploads\/2025\/09\/IMG-20250916-WA0005-100x100.jpg 100w\" sizes=\"(max-width: 300px) 100vw, 300px\" \/><\/a>\n\t\t\t<\/dt><\/dl><dl class='gallery-item'>\n\t\t\t<dt class='gallery-icon landscape'>\n\t\t\t\t<a href='https:\/\/franciscanos.org.br\/noticias\/wp-content\/uploads\/2025\/09\/IMG-20250916-WA0006.jpg'><img width=\"300\" height=\"300\" src=\"https:\/\/franciscanos.org.br\/noticias\/wp-content\/uploads\/2025\/09\/IMG-20250916-WA0006-300x300.jpg\" class=\"attachment-thumbnail size-thumbnail\" alt=\"\" loading=\"lazy\" srcset=\"https:\/\/franciscanos.org.br\/noticias\/wp-content\/uploads\/2025\/09\/IMG-20250916-WA0006-300x300.jpg 300w, https:\/\/franciscanos.org.br\/noticias\/wp-content\/uploads\/2025\/09\/IMG-20250916-WA0006-100x100.jpg 100w\" sizes=\"(max-width: 300px) 100vw, 300px\" \/><\/a>\n\t\t\t<\/dt><\/dl><dl class='gallery-item'>\n\t\t\t<dt class='gallery-icon landscape'>\n\t\t\t\t<a href='https:\/\/franciscanos.org.br\/noticias\/wp-content\/uploads\/2025\/09\/IMG-20250916-WA0009.jpg'><img width=\"300\" height=\"300\" src=\"https:\/\/franciscanos.org.br\/noticias\/wp-content\/uploads\/2025\/09\/IMG-20250916-WA0009-300x300.jpg\" class=\"attachment-thumbnail size-thumbnail\" alt=\"\" loading=\"lazy\" srcset=\"https:\/\/franciscanos.org.br\/noticias\/wp-content\/uploads\/2025\/09\/IMG-20250916-WA0009-300x300.jpg 300w, https:\/\/franciscanos.org.br\/noticias\/wp-content\/uploads\/2025\/09\/IMG-20250916-WA0009-100x100.jpg 100w\" sizes=\"(max-width: 300px) 100vw, 300px\" \/><\/a>\n\t\t\t<\/dt><\/dl><br style=\"clear: both\" \/>\n\t\t<\/div>\n\n<p><strong>O Sefras \u00e9 vida que se multiplica em cada casa<\/strong><\/p>\n<p><em>O Sefras \u00e9 a mesa partilhada da Casa de Assis, que acolhe imigrantes e refugiados. \u00c9 o abra\u00e7o da Casa de Clara, que cuida da pessoa idosa com ternura. \u00c9 a esperan\u00e7a renovada na Casa Perfeita Alegria, que protege e acompanha crian\u00e7as e adolescentes. S\u00e3o as Casas Franciscanas, que oferecem alimento e restauram a dignidade de quem vive nas ruas. \u00c9 o cuidado da Casa de Alice, que acompanha pessoas afetadas pela hansen\u00edase, ecoando o gesto de S\u00e3o Francisco ao reconhecer nos leprosos o pr\u00f3prio rosto de Cristo.<\/em><\/p>\n<p><em>O Sefras \u00e9, em cada uma das suas 17 casas, a f\u00e9 que se faz gesto, o cuidado que se torna compromisso, a solidariedade que se transforma em vida nova. Isso \u00e9 Sefras.<\/em><\/p>\n<p><strong>O retrato de 2024: n\u00fameros que traduzem acolhimento<\/strong><\/p>\n<p>Se 25 anos contam a nossa hist\u00f3ria, os n\u00fameros de 2024 mostram a intensidade da nossa caminhada:<\/p>\n<p><strong><em>18 territ\u00f3rios \u2013 7 cidades<\/em><\/strong><\/p>\n<p><em><strong>17 casas com atendimentos di\u00e1rios<\/strong><\/em><\/p>\n<p><strong><em><img loading=\"lazy\" class=\"size-medium wp-image-260201 alignright\" src=\"https:\/\/franciscanos.org.br\/noticias\/wp-content\/uploads\/2025\/09\/IMG-20250916-WA0014-338x450.jpg\" alt=\"\" width=\"338\" height=\"450\" srcset=\"https:\/\/franciscanos.org.br\/noticias\/wp-content\/uploads\/2025\/09\/IMG-20250916-WA0014-338x450.jpg 338w, https:\/\/franciscanos.org.br\/noticias\/wp-content\/uploads\/2025\/09\/IMG-20250916-WA0014-768x1024.jpg 768w, https:\/\/franciscanos.org.br\/noticias\/wp-content\/uploads\/2025\/09\/IMG-20250916-WA0014-150x200.jpg 150w, https:\/\/franciscanos.org.br\/noticias\/wp-content\/uploads\/2025\/09\/IMG-20250916-WA0014.jpg 810w\" sizes=\"(max-width: 338px) 100vw, 338px\" \/>120 vagas para pessoas atingidas pela hansen\u00edase<\/em><\/strong><\/p>\n<p><strong><em>670 vagas para crian\u00e7as, adolescentes e suas fam\u00edlias<\/em><\/strong><\/p>\n<p><strong><em>320 vagas para pessoas idosas<\/em><\/strong><\/p>\n<p><em><strong>177 vagas para imigrantes e refugiados<\/strong><\/em><\/p>\n<p><strong><em>1.050 vagas para pessoas em situa\u00e7\u00e3o de rua<\/em><\/strong><\/p>\n<p><strong>Atendimentos especializados:<\/strong> 38.766 atendimentos t\u00e9cnicos; 28.699 encaminhamentos para pol\u00edticas p\u00fablicas; 9.605 atividades socioeducativas com participantes e <strong>217<\/strong> com fam\u00edlias.<\/p>\n<p><strong>Ofertas de direitos b\u00e1sicos:<\/strong> 1.206.584 refei\u00e7\u00f5es; 122.344 banhos; 54.689 kits de higiene; 24.278 acolhimentos em noites frias; 1.453 repousos noturnos.<\/p>\n<p><strong>Inser\u00e7\u00e3o produtiva:<\/strong> 111 cursos de qualifica\u00e7\u00e3o profissional; 360 pessoas inseridas no mercado de trabalho formal.<\/p>\n<p><strong>Trabalho conjunto:<\/strong> 545 articula\u00e7\u00f5es com a Rede P\u00fablica e sociedade civil; 219 parceiros institucionais; 26 cartas p\u00fablicas e abaixo-assinados em defesa de direitos.<\/p>\n<p><strong>For\u00e7a de trabalho:<\/strong> 285 trabalhadores; 997 volunt\u00e1rios; 48 prestadores de servi\u00e7o \u2014 todos movidos por f\u00e9 e solidariedade.<\/p>\n<p>&nbsp;<\/p>\n<p><strong>O que o Sefras representa para n\u00f3s?<\/strong><\/p>\n<p>O Sefras \u00e9: Uma promessa viva de que \u00e9 poss\u00edvel construir um mundo onde todos tenham acesso \u00e0 dignidade, \u00e0 alimenta\u00e7\u00e3o, ao afeto e \u00e0 esperan\u00e7a. Um projeto que espelha um tempo em que respeito, cuidado da Casa Comum e justi\u00e7a social estejam no centro da conviv\u00eancia entre os povos e com a terra. Uma for\u00e7a que acredita na paz verdadeira, aquela que nasce da inclus\u00e3o, da solidariedade e da defesa intransigente dos mais vulner\u00e1veis. Uma comunidade de m\u00e3os abertas, pronta para responder ao chamado por um mundo livre de desigualdades, onde cada pessoa \u00e9 reconhecida e acolhida com humanidade.<\/p>\n<p><img loading=\"lazy\" class=\"aligncenter wp-image-260202 size-full\" src=\"https:\/\/franciscanos.org.br\/noticias\/wp-content\/uploads\/2025\/09\/materia-2-13.jpg\" alt=\"\" width=\"1280\" height=\"720\" srcset=\"https:\/\/franciscanos.org.br\/noticias\/wp-content\/uploads\/2025\/09\/materia-2-13.jpg 1280w, https:\/\/franciscanos.org.br\/noticias\/wp-content\/uploads\/2025\/09\/materia-2-13-450x253.jpg 450w, https:\/\/franciscanos.org.br\/noticias\/wp-content\/uploads\/2025\/09\/materia-2-13-1024x576.jpg 1024w, https:\/\/franciscanos.org.br\/noticias\/wp-content\/uploads\/2025\/09\/materia-2-13-768x432.jpg 768w, https:\/\/franciscanos.org.br\/noticias\/wp-content\/uploads\/2025\/09\/materia-2-13-150x84.jpg 150w\" sizes=\"(max-width: 1280px) 100vw, 1280px\" \/><\/p>\n<p><strong>25 anos de caminhada \u2013 e ainda resta muito por vir<\/strong><\/p>\n<p>Este jubileu n\u00e3o marca o fim, mas o impulso para seguir construindo, transformando, resistindo. Cada doador, volunt\u00e1rio, parceiro, colaborador \u2014 cada pessoa que caminha conosco \u2014 \u00e9 parte essencial dessa hist\u00f3ria de crescimento, de vida e de f\u00e9 em um mundo melhor.<\/p>\n<p><strong>Resposta para um mundo novo<\/strong><\/p>\n<p>\u201cUm mundo em que vivamos em harmonia, em paz, com cuidado da nossa Casa Comum. Um mundo sem desigualdades, onde cada vida importa. Um mundo que o Sefras inspira, e ao qual somos chamados a responder juntos. \u201d<\/p>\n<hr \/>\n<p><em>Melissa Galdino\/ Sefras<\/em><\/p>\n","protected":false},"excerpt":{"rendered":"<p>A\u00e7\u00e3o Social Franciscana<\/p>\n","protected":false},"author":11,"featured_media":260197,"comment_status":"open","ping_status":"open","sticky":false,"template":"","format":"standard","meta":[],"categories":[1],"tags":[2346,228],"acf":[],"yoast_head":"<!-- This site is optimized with the Yoast SEO plugin v19.2 - https:\/\/yoast.com\/wordpress\/plugins\/seo\/ -->\n<title>Do sonho \u00e0 realidade: Sefras celebra 25 anos - Not\u00edcias - Franciscanos<\/title>\n<meta name=\"robots\" content=\"index, follow, max-snippet:-1, max-image-preview:large, max-video-preview:-1\" \/>\n<link rel=\"canonical\" href=\"https:\/\/franciscanos.org.br\/noticias\/do-sonho-a-realidade-sefras-celebra-25-anos.html\" \/>\n<meta property=\"og:locale\" content=\"pt_BR\" \/>\n<meta property=\"og:type\" content=\"article\" \/>\n<meta property=\"og:title\" content=\"Do sonho \u00e0 realidade: Sefras celebra 25 anos - Not\u00edcias - Franciscanos\" \/>\n<meta property=\"og:description\" content=\"A\u00e7\u00e3o Social Franciscana\" \/>\n<meta property=\"og:url\" content=\"https:\/\/franciscanos.org.br\/noticias\/do-sonho-a-realidade-sefras-celebra-25-anos.html\" \/>\n<meta property=\"og:site_name\" content=\"Not\u00edcias - Franciscanos\" \/>\n<meta property=\"article:published_time\" content=\"2025-09-16T15:22:44+00:00\" \/>\n<meta property=\"article:modified_time\" content=\"2025-09-16T15:22:55+00:00\" \/>\n<meta property=\"og:image\" content=\"https:\/\/franciscanos.org.br\/noticias\/wp-content\/uploads\/2025\/09\/chamada-25.jpg\" \/>\n\t<meta property=\"og:image:width\" content=\"800\" \/>\n\t<meta property=\"og:image:height\" content=\"550\" \/>\n\t<meta property=\"og:image:type\" content=\"image\/jpeg\" \/>\n<meta name=\"author\" content=\"Adriana Rabelo\" \/>\n<meta name=\"twitter:card\" content=\"summary_large_image\" \/>\n<meta name=\"twitter:label1\" content=\"Escrito por\" \/>\n\t<meta name=\"twitter:data1\" content=\"Adriana Rabelo\" \/>\n\t<meta name=\"twitter:label2\" content=\"Est. tempo de leitura\" \/>\n\t<meta name=\"twitter:data2\" content=\"4 minutos\" \/>\n<script type=\"application\/ld+json\" class=\"yoast-schema-graph\">{\"@context\":\"https:\/\/schema.org\",\"@graph\":[{\"@type\":\"WebSite\",\"@id\":\"https:\/\/franciscanos.org.br\/noticias\/#website\",\"url\":\"https:\/\/franciscanos.org.br\/noticias\/\",\"name\":\"Not\u00edcias - Franciscanos\",\"description\":\"Prov\u00edncia Franciscana da Imaculada Concei\u00e7\u00e3o do Brasil - Ordem dos Frades Menores - OFM\",\"potentialAction\":[{\"@type\":\"SearchAction\",\"target\":{\"@type\":\"EntryPoint\",\"urlTemplate\":\"https:\/\/franciscanos.org.br\/noticias\/?s={search_term_string}\"},\"query-input\":\"required name=search_term_string\"}],\"inLanguage\":\"pt-BR\"},{\"@type\":\"ImageObject\",\"inLanguage\":\"pt-BR\",\"@id\":\"https:\/\/franciscanos.org.br\/noticias\/do-sonho-a-realidade-sefras-celebra-25-anos.html#primaryimage\",\"url\":\"https:\/\/franciscanos.org.br\/noticias\/wp-content\/uploads\/2025\/09\/chamada-25.jpg\",\"contentUrl\":\"https:\/\/franciscanos.org.br\/noticias\/wp-content\/uploads\/2025\/09\/chamada-25.jpg\",\"width\":800,\"height\":550},{\"@type\":\"WebPage\",\"@id\":\"https:\/\/franciscanos.org.br\/noticias\/do-sonho-a-realidade-sefras-celebra-25-anos.html#webpage\",\"url\":\"https:\/\/franciscanos.org.br\/noticias\/do-sonho-a-realidade-sefras-celebra-25-anos.html\",\"name\":\"Do sonho \u00e0 realidade: Sefras celebra 25 anos - Not\u00edcias - Franciscanos\",\"isPartOf\":{\"@id\":\"https:\/\/franciscanos.org.br\/noticias\/#website\"},\"primaryImageOfPage\":{\"@id\":\"https:\/\/franciscanos.org.br\/noticias\/do-sonho-a-realidade-sefras-celebra-25-anos.html#primaryimage\"},\"datePublished\":\"2025-09-16T15:22:44+00:00\",\"dateModified\":\"2025-09-16T15:22:55+00:00\",\"author\":{\"@id\":\"https:\/\/franciscanos.org.br\/noticias\/#\/schema\/person\/d9422e83121c3ad3b0f423d195f5bb25\"},\"breadcrumb\":{\"@id\":\"https:\/\/franciscanos.org.br\/noticias\/do-sonho-a-realidade-sefras-celebra-25-anos.html#breadcrumb\"},\"inLanguage\":\"pt-BR\",\"potentialAction\":[{\"@type\":\"ReadAction\",\"target\":[\"https:\/\/franciscanos.org.br\/noticias\/do-sonho-a-realidade-sefras-celebra-25-anos.html\"]}]},{\"@type\":\"BreadcrumbList\",\"@id\":\"https:\/\/franciscanos.org.br\/noticias\/do-sonho-a-realidade-sefras-celebra-25-anos.html#breadcrumb\",\"itemListElement\":[{\"@type\":\"ListItem\",\"position\":1,\"name\":\"Home\",\"item\":\"https:\/\/franciscanos.org.br\/noticias\"},{\"@type\":\"ListItem\",\"position\":2,\"name\":\"Do sonho \u00e0 realidade: Sefras celebra 25 anos\"}]},{\"@type\":\"Person\",\"@id\":\"https:\/\/franciscanos.org.br\/noticias\/#\/schema\/person\/d9422e83121c3ad3b0f423d195f5bb25\",\"name\":\"Adriana Rabelo\",\"image\":{\"@type\":\"ImageObject\",\"inLanguage\":\"pt-BR\",\"@id\":\"https:\/\/franciscanos.org.br\/noticias\/#\/schema\/person\/image\/\",\"url\":\"https:\/\/secure.gravatar.com\/avatar\/0a937b7500cd7df77540cfb8bede877d?s=96&d=mm&r=g\",\"contentUrl\":\"https:\/\/secure.gravatar.com\/avatar\/0a937b7500cd7df77540cfb8bede877d?s=96&d=mm&r=g\",\"caption\":\"Adriana Rabelo\"},\"url\":\"https:\/\/franciscanos.org.br\/noticias\/author\/adrianarabelo\"}]}<\/script>\n<!-- \/ Yoast SEO plugin. -->","yoast_head_json":{"title":"Do sonho \u00e0 realidade: Sefras celebra 25 anos - Not\u00edcias - Franciscanos","robots":{"index":"index","follow":"follow","max-snippet":"max-snippet:-1","max-image-preview":"max-image-preview:large","max-video-preview":"max-video-preview:-1"},"canonical":"https:\/\/franciscanos.org.br\/noticias\/do-sonho-a-realidade-sefras-celebra-25-anos.html","og_locale":"pt_BR","og_type":"article","og_title":"Do sonho \u00e0 realidade: Sefras celebra 25 anos - Not\u00edcias - Franciscanos","og_description":"A\u00e7\u00e3o Social Franciscana","og_url":"https:\/\/franciscanos.org.br\/noticias\/do-sonho-a-realidade-sefras-celebra-25-anos.html","og_site_name":"Not\u00edcias - Franciscanos","article_published_time":"2025-09-16T15:22:44+00:00","article_modified_time":"2025-09-16T15:22:55+00:00","og_image":[{"width":800,"height":550,"url":"https:\/\/franciscanos.org.br\/noticias\/wp-content\/uploads\/2025\/09\/chamada-25.jpg","type":"image\/jpeg"}],"author":"Adriana Rabelo","twitter_card":"summary_large_image","twitter_misc":{"Escrito por":"Adriana Rabelo","Est. tempo de leitura":"4 minutos"},"schema":{"@context":"https:\/\/schema.org","@graph":[{"@type":"WebSite","@id":"https:\/\/franciscanos.org.br\/noticias\/#website","url":"https:\/\/franciscanos.org.br\/noticias\/","name":"Not\u00edcias - Franciscanos","description":"Prov\u00edncia Franciscana da Imaculada Concei\u00e7\u00e3o do Brasil - Ordem dos Frades Menores - OFM","potentialAction":[{"@type":"SearchAction","target":{"@type":"EntryPoint","urlTemplate":"https:\/\/franciscanos.org.br\/noticias\/?s={search_term_string}"},"query-input":"required name=search_term_string"}],"inLanguage":"pt-BR"},{"@type":"ImageObject","inLanguage":"pt-BR","@id":"https:\/\/franciscanos.org.br\/noticias\/do-sonho-a-realidade-sefras-celebra-25-anos.html#primaryimage","url":"https:\/\/franciscanos.org.br\/noticias\/wp-content\/uploads\/2025\/09\/chamada-25.jpg","contentUrl":"https:\/\/franciscanos.org.br\/noticias\/wp-content\/uploads\/2025\/09\/chamada-25.jpg","width":800,"height":550},{"@type":"WebPage","@id":"https:\/\/franciscanos.org.br\/noticias\/do-sonho-a-realidade-sefras-celebra-25-anos.html#webpage","url":"https:\/\/franciscanos.org.br\/noticias\/do-sonho-a-realidade-sefras-celebra-25-anos.html","name":"Do sonho \u00e0 realidade: Sefras celebra 25 anos - Not\u00edcias - Franciscanos","isPartOf":{"@id":"https:\/\/franciscanos.org.br\/noticias\/#website"},"primaryImageOfPage":{"@id":"https:\/\/franciscanos.org.br\/noticias\/do-sonho-a-realidade-sefras-celebra-25-anos.html#primaryimage"},"datePublished":"2025-09-16T15:22:44+00:00","dateModified":"2025-09-16T15:22:55+00:00","author":{"@id":"https:\/\/franciscanos.org.br\/noticias\/#\/schema\/person\/d9422e83121c3ad3b0f423d195f5bb25"},"breadcrumb":{"@id":"https:\/\/franciscanos.org.br\/noticias\/do-sonho-a-realidade-sefras-celebra-25-anos.html#breadcrumb"},"inLanguage":"pt-BR","potentialAction":[{"@type":"ReadAction","target":["https:\/\/franciscanos.org.br\/noticias\/do-sonho-a-realidade-sefras-celebra-25-anos.html"]}]},{"@type":"BreadcrumbList","@id":"https:\/\/franciscanos.org.br\/noticias\/do-sonho-a-realidade-sefras-celebra-25-anos.html#breadcrumb","itemListElement":[{"@type":"ListItem","position":1,"name":"Home","item":"https:\/\/franciscanos.org.br\/noticias"},{"@type":"ListItem","position":2,"name":"Do sonho \u00e0 realidade: Sefras celebra 25 anos"}]},{"@type":"Person","@id":"https:\/\/franciscanos.org.br\/noticias\/#\/schema\/person\/d9422e83121c3ad3b0f423d195f5bb25","name":"Adriana Rabelo","image":{"@type":"ImageObject","inLanguage":"pt-BR","@id":"https:\/\/franciscanos.org.br\/noticias\/#\/schema\/person\/image\/","url":"https:\/\/secure.gravatar.com\/avatar\/0a937b7500cd7df77540cfb8bede877d?s=96&d=mm&r=g","contentUrl":"https:\/\/secure.gravatar.com\/avatar\/0a937b7500cd7df77540cfb8bede877d?s=96&d=mm&r=g","caption":"Adriana Rabelo"},"url":"https:\/\/franciscanos.org.br\/noticias\/author\/adrianarabelo"}]}},"_links":{"self":[{"href":"https:\/\/franciscanos.org.br\/noticias\/wp-json\/wp\/v2\/posts\/260195"}],"collection":[{"href":"https:\/\/franciscanos.org.br\/noticias\/wp-json\/wp\/v2\/posts"}],"about":[{"href":"https:\/\/franciscanos.org.br\/noticias\/wp-json\/wp\/v2\/types\/post"}],"author":[{"embeddable":true,"href":"https:\/\/franciscanos.org.br\/noticias\/wp-json\/wp\/v2\/users\/11"}],"replies":[{"embeddable":true,"href":"https:\/\/franciscanos.org.br\/noticias\/wp-json\/wp\/v2\/comments?post=260195"}],"version-history":[{"count":3,"href":"https:\/\/franciscanos.org.br\/noticias\/wp-json\/wp\/v2\/posts\/260195\/revisions"}],"predecessor-version":[{"id":260208,"href":"https:\/\/franciscanos.org.br\/noticias\/wp-json\/wp\/v2\/posts\/260195\/revisions\/260208"}],"wp:featuredmedia":[{"embeddable":true,"href":"https:\/\/franciscanos.org.br\/noticias\/wp-json\/wp\/v2\/media\/260197"}],"wp:attachment":[{"href":"https:\/\/franciscanos.org.br\/noticias\/wp-json\/wp\/v2\/media?parent=260195"}],"wp:term":[{"taxonomy":"category","embeddable":true,"href":"https:\/\/franciscanos.org.br\/noticias\/wp-json\/wp\/v2\/categories?post=260195"},{"taxonomy":"post_tag","embeddable":true,"href":"https:\/\/franciscanos.org.br\/noticias\/wp-json\/wp\/v2\/tags?post=260195"}],"curies":[{"name":"wp","href":"https:\/\/api.w.org\/{rel}","templated":true}]}}