{"id":260178,"date":"2025-09-12T15:34:01","date_gmt":"2025-09-12T18:34:01","guid":{"rendered":"https:\/\/franciscanos.org.br\/noticias\/?p=260178"},"modified":"2025-09-12T15:44:38","modified_gmt":"2025-09-12T18:44:38","slug":"inscricoes-para-o-congresso-franciscano-terminam-em-19-de-setembro","status":"publish","type":"post","link":"https:\/\/franciscanos.org.br\/noticias\/inscricoes-para-o-congresso-franciscano-terminam-em-19-de-setembro.html","title":{"rendered":"Inscri\u00e7\u00f5es para o Congresso Franciscano terminam em 19 de setembro"},"content":{"rendered":"<p><img loading=\"lazy\" class=\"aligncenter wp-image-260179 size-full\" src=\"https:\/\/franciscanos.org.br\/noticias\/wp-content\/uploads\/2025\/09\/MATERIA.png\" alt=\"\" width=\"1280\" height=\"720\" srcset=\"https:\/\/franciscanos.org.br\/noticias\/wp-content\/uploads\/2025\/09\/MATERIA.png 1280w, https:\/\/franciscanos.org.br\/noticias\/wp-content\/uploads\/2025\/09\/MATERIA-450x253.png 450w, https:\/\/franciscanos.org.br\/noticias\/wp-content\/uploads\/2025\/09\/MATERIA-1024x576.png 1024w, https:\/\/franciscanos.org.br\/noticias\/wp-content\/uploads\/2025\/09\/MATERIA-768x432.png 768w, https:\/\/franciscanos.org.br\/noticias\/wp-content\/uploads\/2025\/09\/MATERIA-150x84.png 150w\" sizes=\"(max-width: 1280px) 100vw, 1280px\" \/><\/p>\n<p>Termina no pr\u00f3ximo dia 19 de setembro o prazo para inscri\u00e7\u00e3o no Congresso Franciscano \u2013 Prov\u00edncia da Imaculada: 350 anos de Evangeliza\u00e7\u00e3o, Hist\u00f3ria e Cultura. O evento, planejado por ocasi\u00e3o do Jubileu da Prov\u00edncia Franciscana da Imaculada Concei\u00e7\u00e3o do Brasil, ser\u00e1 realizado nos dias 24, 25 e 26 de setembro, no Convento Santo Ant\u00f4nio, no Rio de Janeiro.<\/p>\n<p>A hist\u00f3ria do local escolhido para o Congresso est\u00e1 intimamente ligada \u00e0 presen\u00e7a franciscana nesse territ\u00f3rio provincial, que engloba os estados do Paran\u00e1, Santa Catarina, Esp\u00edrito Santo, S\u00e3o Paulo e Rio de Janeiro. Com mais de quatro s\u00e9culos de exist\u00eancia e tombado pelo IPHAN, o edif\u00edcio preserva uma arquitetura majestosa no cora\u00e7\u00e3o da cidade, no Largo da Carioca, tornando-se o cen\u00e1rio perfeito para acolher um evento que celebra tradi\u00e7\u00e3o, f\u00e9 e cultura.<\/p>\n<h3><a href=\"https:\/\/docs.google.com\/forms\/d\/e\/1FAIpQLSd4U94Hl59dZ98fnqb2OsAGkXpkuOF06HovLmWSaY5jmZlM0Q\/viewform\"><span style=\"color: #993300;\">CLIQUE E FA\u00c7A SUA INSCRI\u00c7\u00c3O GRATUITA<\/span><\/a><\/h3>\n<p><img loading=\"lazy\" class=\"size-medium wp-image-260181 alignright\" src=\"https:\/\/franciscanos.org.br\/noticias\/wp-content\/uploads\/2025\/09\/Imagem-do-WhatsApp-de-2025-08-04-as-14.59.29_53638318-253x450.jpg\" alt=\"\" width=\"253\" height=\"450\" srcset=\"https:\/\/franciscanos.org.br\/noticias\/wp-content\/uploads\/2025\/09\/Imagem-do-WhatsApp-de-2025-08-04-as-14.59.29_53638318-253x450.jpg 253w, https:\/\/franciscanos.org.br\/noticias\/wp-content\/uploads\/2025\/09\/Imagem-do-WhatsApp-de-2025-08-04-as-14.59.29_53638318-576x1024.jpg 576w, https:\/\/franciscanos.org.br\/noticias\/wp-content\/uploads\/2025\/09\/Imagem-do-WhatsApp-de-2025-08-04-as-14.59.29_53638318-768x1365.jpg 768w, https:\/\/franciscanos.org.br\/noticias\/wp-content\/uploads\/2025\/09\/Imagem-do-WhatsApp-de-2025-08-04-as-14.59.29_53638318-864x1536.jpg 864w, https:\/\/franciscanos.org.br\/noticias\/wp-content\/uploads\/2025\/09\/Imagem-do-WhatsApp-de-2025-08-04-as-14.59.29_53638318-150x267.jpg 150w, https:\/\/franciscanos.org.br\/noticias\/wp-content\/uploads\/2025\/09\/Imagem-do-WhatsApp-de-2025-08-04-as-14.59.29_53638318.jpg 608w\" sizes=\"(max-width: 253px) 100vw, 253px\" \/>O Congresso Franciscano ir\u00e1 reunir leigos e religiosos que t\u00eam interesse comum pelo carisma e espiritualidade franciscana, bem como pela hist\u00f3ria da presen\u00e7a da Ordem dos Frades Menores no Brasil. Ser\u00e1 uma oportunidade \u00edmpar de interc\u00e2mbio de conhecimentos, reflex\u00f5es e mem\u00f3rias, reunindo experi\u00eancias que revelam as realiza\u00e7\u00f5es dos franciscanos da Prov\u00edncia ao longo da hist\u00f3ria.<\/p>\n<h3><strong><a href=\"https:\/\/sites.google.com\/usf.edu.br\/congresso350provincia\/programa%C3%A7%C3%A3o\"><span style=\"color: #993300;\">CONHE\u00c7A A PROGRAMA\u00c7\u00c3O<\/span><\/a><\/strong><\/h3>\n<p>Especialistas do Brasil e do exterior compartilhar\u00e3o pesquisas recentes sobre hist\u00f3ria, arte, evangeliza\u00e7\u00e3o, cultura e as din\u00e2micas sociais, pol\u00edticas e de poder que marcaram cada fase da trajet\u00f3ria da Prov\u00edncia e do franciscanismo no Brasil. Os pesquisadores tamb\u00e9m apresentar\u00e3o seus trabalhos em mesas tem\u00e1ticas, fortalecendo o di\u00e1logo e a reflex\u00e3o acad\u00eamica e espiritual.<\/p>\n<h4><strong>Quem pode participar<\/strong><\/h4>\n<p>Podem se inscrever estudantes, professores, pesquisadores e p\u00fablico em geral que desenvolvem trabalhos na \u00e1rea tem\u00e1tica do evento, nas diferentes atividades da programa\u00e7\u00e3o (como ouvintes ou participantes).<\/p>\n<h4><strong>Inscri\u00e7\u00e3o sem submiss\u00e3o de trabalho:<\/strong><\/h4>\n<p>Os interessados podem se inscrever <span style=\"color: #993300;\"><strong>at\u00e9 o dia 19 de setembro de 2025<\/strong><\/span>. Basta clicar sobre a aba <span style=\"color: #993300;\"><a style=\"color: #993300;\" href=\"https:\/\/docs.google.com\/forms\/d\/e\/1FAIpQLSd4U94Hl59dZ98fnqb2OsAGkXpkuOF06HovLmWSaY5jmZlM0Q\/viewform\"><strong>\u201cINSCRI\u00c7\u00c3O\u201d<\/strong><\/a><\/span>, escolher dentre as op\u00e7\u00f5es e seguir as telas autoexplicativas. Ser\u00e3o requeridos: dados pessoais, endere\u00e7o, contato e forma de participa\u00e7\u00e3o.<\/p>\n<p>As inscri\u00e7\u00f5es com submiss\u00e3o de trabalho foram encerradas no dia 8 de agosto.<\/p>\n<p>Para aqueles que n\u00e3o puderem participar presencialmente, haver\u00e1 a op\u00e7\u00e3o de participa\u00e7\u00e3o remota com transmiss\u00e3o ao vivo, garantindo que todos possam vivenciar este momento hist\u00f3rico.<\/p>\n<p>&nbsp;<\/p>\n<h3><a href=\"https:\/\/docs.google.com\/forms\/d\/e\/1FAIpQLSd4U94Hl59dZ98fnqb2OsAGkXpkuOF06HovLmWSaY5jmZlM0Q\/viewform\"><span style=\"color: #993300;\">FA\u00c7A SUA INSCRI\u00c7\u00c3O, PARTICIPE E RECEBA CERTIFICADO<\/span><\/a><\/h3>\n<p>&nbsp;<\/p>\n<p><img loading=\"lazy\" class=\"aligncenter wp-image-260183 size-full\" src=\"https:\/\/franciscanos.org.br\/noticias\/wp-content\/uploads\/2025\/09\/materia-5-2.jpg\" alt=\"\" width=\"1280\" height=\"720\" srcset=\"https:\/\/franciscanos.org.br\/noticias\/wp-content\/uploads\/2025\/09\/materia-5-2.jpg 1280w, https:\/\/franciscanos.org.br\/noticias\/wp-content\/uploads\/2025\/09\/materia-5-2-450x253.jpg 450w, https:\/\/franciscanos.org.br\/noticias\/wp-content\/uploads\/2025\/09\/materia-5-2-1024x576.jpg 1024w, https:\/\/franciscanos.org.br\/noticias\/wp-content\/uploads\/2025\/09\/materia-5-2-768x432.jpg 768w, https:\/\/franciscanos.org.br\/noticias\/wp-content\/uploads\/2025\/09\/materia-5-2-150x84.jpg 150w\" sizes=\"(max-width: 1280px) 100vw, 1280px\" \/><\/p>\n<p>O Congresso Franciscano \u00e9 uma realiza\u00e7\u00e3o do Instituto Teol\u00f3gico Franciscano (ITF), Universidade S\u00e3o Francisco (USF), Grupo Educacional Bom Jesus, FAE e Convento Santo Ant\u00f4nio, com o apoio da Editora Vozes e da Confer\u00eancia da Fam\u00edlia Franciscana do Brasil (CFFB).<\/p>\n<p><a href=\"https:\/\/sites.google.com\/usf.edu.br\/congresso350provincia\/apresenta%C3%A7%C3%A3o?authuser=0\"><strong>Acesse o site do ITF\u00a0<\/strong><\/a><\/p>\n<hr \/>\n<p>Adriana Rabelo Rodrigues<\/p>\n<p>Fonte: <a href=\"https:\/\/www.itf.edu.br\/\">https:\/\/www.itf.edu.br\/<\/a><\/p>\n","protected":false},"excerpt":{"rendered":"<p>Jubileu 350 anos<\/p>\n","protected":false},"author":11,"featured_media":260180,"comment_status":"open","ping_status":"open","sticky":false,"template":"","format":"standard","meta":[],"categories":[1],"tags":[2388,189,354],"acf":[],"yoast_head":"<!-- This site is optimized with the Yoast SEO plugin v19.2 - https:\/\/yoast.com\/wordpress\/plugins\/seo\/ -->\n<title>Inscri\u00e7\u00f5es para o Congresso Franciscano terminam em 19 de setembro - Not\u00edcias - Franciscanos<\/title>\n<meta name=\"robots\" content=\"index, follow, max-snippet:-1, max-image-preview:large, max-video-preview:-1\" \/>\n<link rel=\"canonical\" href=\"https:\/\/franciscanos.org.br\/noticias\/inscricoes-para-o-congresso-franciscano-terminam-em-19-de-setembro.html\" \/>\n<meta property=\"og:locale\" content=\"pt_BR\" \/>\n<meta property=\"og:type\" content=\"article\" \/>\n<meta property=\"og:title\" content=\"Inscri\u00e7\u00f5es para o Congresso Franciscano terminam em 19 de setembro - Not\u00edcias - Franciscanos\" \/>\n<meta property=\"og:description\" content=\"Jubileu 350 anos\" \/>\n<meta property=\"og:url\" content=\"https:\/\/franciscanos.org.br\/noticias\/inscricoes-para-o-congresso-franciscano-terminam-em-19-de-setembro.html\" \/>\n<meta property=\"og:site_name\" content=\"Not\u00edcias - Franciscanos\" \/>\n<meta property=\"article:published_time\" content=\"2025-09-12T18:34:01+00:00\" \/>\n<meta property=\"article:modified_time\" content=\"2025-09-12T18:44:38+00:00\" \/>\n<meta property=\"og:image\" content=\"https:\/\/franciscanos.org.br\/noticias\/wp-content\/uploads\/2025\/09\/CHAMADA-CONGRESSO-1024x704.png\" \/>\n\t<meta property=\"og:image:width\" content=\"1024\" \/>\n\t<meta property=\"og:image:height\" content=\"704\" \/>\n\t<meta property=\"og:image:type\" content=\"image\/png\" \/>\n<meta name=\"author\" content=\"Adriana Rabelo\" \/>\n<meta name=\"twitter:card\" content=\"summary_large_image\" \/>\n<meta name=\"twitter:label1\" content=\"Escrito por\" \/>\n\t<meta name=\"twitter:data1\" content=\"Adriana Rabelo\" \/>\n\t<meta name=\"twitter:label2\" content=\"Est. tempo de leitura\" \/>\n\t<meta name=\"twitter:data2\" content=\"2 minutos\" \/>\n<script type=\"application\/ld+json\" class=\"yoast-schema-graph\">{\"@context\":\"https:\/\/schema.org\",\"@graph\":[{\"@type\":\"WebSite\",\"@id\":\"https:\/\/franciscanos.org.br\/noticias\/#website\",\"url\":\"https:\/\/franciscanos.org.br\/noticias\/\",\"name\":\"Not\u00edcias - Franciscanos\",\"description\":\"Prov\u00edncia Franciscana da Imaculada Concei\u00e7\u00e3o do Brasil - Ordem dos Frades Menores - OFM\",\"potentialAction\":[{\"@type\":\"SearchAction\",\"target\":{\"@type\":\"EntryPoint\",\"urlTemplate\":\"https:\/\/franciscanos.org.br\/noticias\/?s={search_term_string}\"},\"query-input\":\"required name=search_term_string\"}],\"inLanguage\":\"pt-BR\"},{\"@type\":\"ImageObject\",\"inLanguage\":\"pt-BR\",\"@id\":\"https:\/\/franciscanos.org.br\/noticias\/inscricoes-para-o-congresso-franciscano-terminam-em-19-de-setembro.html#primaryimage\",\"url\":\"https:\/\/franciscanos.org.br\/noticias\/wp-content\/uploads\/2025\/09\/CHAMADA-CONGRESSO.png\",\"contentUrl\":\"https:\/\/franciscanos.org.br\/noticias\/wp-content\/uploads\/2025\/09\/CHAMADA-CONGRESSO.png\",\"width\":1571,\"height\":1080},{\"@type\":\"WebPage\",\"@id\":\"https:\/\/franciscanos.org.br\/noticias\/inscricoes-para-o-congresso-franciscano-terminam-em-19-de-setembro.html#webpage\",\"url\":\"https:\/\/franciscanos.org.br\/noticias\/inscricoes-para-o-congresso-franciscano-terminam-em-19-de-setembro.html\",\"name\":\"Inscri\u00e7\u00f5es para o Congresso Franciscano terminam em 19 de setembro - Not\u00edcias - Franciscanos\",\"isPartOf\":{\"@id\":\"https:\/\/franciscanos.org.br\/noticias\/#website\"},\"primaryImageOfPage\":{\"@id\":\"https:\/\/franciscanos.org.br\/noticias\/inscricoes-para-o-congresso-franciscano-terminam-em-19-de-setembro.html#primaryimage\"},\"datePublished\":\"2025-09-12T18:34:01+00:00\",\"dateModified\":\"2025-09-12T18:44:38+00:00\",\"author\":{\"@id\":\"https:\/\/franciscanos.org.br\/noticias\/#\/schema\/person\/d9422e83121c3ad3b0f423d195f5bb25\"},\"breadcrumb\":{\"@id\":\"https:\/\/franciscanos.org.br\/noticias\/inscricoes-para-o-congresso-franciscano-terminam-em-19-de-setembro.html#breadcrumb\"},\"inLanguage\":\"pt-BR\",\"potentialAction\":[{\"@type\":\"ReadAction\",\"target\":[\"https:\/\/franciscanos.org.br\/noticias\/inscricoes-para-o-congresso-franciscano-terminam-em-19-de-setembro.html\"]}]},{\"@type\":\"BreadcrumbList\",\"@id\":\"https:\/\/franciscanos.org.br\/noticias\/inscricoes-para-o-congresso-franciscano-terminam-em-19-de-setembro.html#breadcrumb\",\"itemListElement\":[{\"@type\":\"ListItem\",\"position\":1,\"name\":\"Home\",\"item\":\"https:\/\/franciscanos.org.br\/noticias\"},{\"@type\":\"ListItem\",\"position\":2,\"name\":\"Inscri\u00e7\u00f5es para o Congresso Franciscano terminam em 19 de setembro\"}]},{\"@type\":\"Person\",\"@id\":\"https:\/\/franciscanos.org.br\/noticias\/#\/schema\/person\/d9422e83121c3ad3b0f423d195f5bb25\",\"name\":\"Adriana Rabelo\",\"image\":{\"@type\":\"ImageObject\",\"inLanguage\":\"pt-BR\",\"@id\":\"https:\/\/franciscanos.org.br\/noticias\/#\/schema\/person\/image\/\",\"url\":\"https:\/\/secure.gravatar.com\/avatar\/0a937b7500cd7df77540cfb8bede877d?s=96&d=mm&r=g\",\"contentUrl\":\"https:\/\/secure.gravatar.com\/avatar\/0a937b7500cd7df77540cfb8bede877d?s=96&d=mm&r=g\",\"caption\":\"Adriana Rabelo\"},\"url\":\"https:\/\/franciscanos.org.br\/noticias\/author\/adrianarabelo\"}]}<\/script>\n<!-- \/ Yoast SEO plugin. -->","yoast_head_json":{"title":"Inscri\u00e7\u00f5es para o Congresso Franciscano terminam em 19 de setembro - Not\u00edcias - Franciscanos","robots":{"index":"index","follow":"follow","max-snippet":"max-snippet:-1","max-image-preview":"max-image-preview:large","max-video-preview":"max-video-preview:-1"},"canonical":"https:\/\/franciscanos.org.br\/noticias\/inscricoes-para-o-congresso-franciscano-terminam-em-19-de-setembro.html","og_locale":"pt_BR","og_type":"article","og_title":"Inscri\u00e7\u00f5es para o Congresso Franciscano terminam em 19 de setembro - Not\u00edcias - Franciscanos","og_description":"Jubileu 350 anos","og_url":"https:\/\/franciscanos.org.br\/noticias\/inscricoes-para-o-congresso-franciscano-terminam-em-19-de-setembro.html","og_site_name":"Not\u00edcias - Franciscanos","article_published_time":"2025-09-12T18:34:01+00:00","article_modified_time":"2025-09-12T18:44:38+00:00","og_image":[{"width":1024,"height":704,"url":"https:\/\/franciscanos.org.br\/noticias\/wp-content\/uploads\/2025\/09\/CHAMADA-CONGRESSO-1024x704.png","type":"image\/png"}],"author":"Adriana Rabelo","twitter_card":"summary_large_image","twitter_misc":{"Escrito por":"Adriana Rabelo","Est. tempo de leitura":"2 minutos"},"schema":{"@context":"https:\/\/schema.org","@graph":[{"@type":"WebSite","@id":"https:\/\/franciscanos.org.br\/noticias\/#website","url":"https:\/\/franciscanos.org.br\/noticias\/","name":"Not\u00edcias - Franciscanos","description":"Prov\u00edncia Franciscana da Imaculada Concei\u00e7\u00e3o do Brasil - Ordem dos Frades Menores - OFM","potentialAction":[{"@type":"SearchAction","target":{"@type":"EntryPoint","urlTemplate":"https:\/\/franciscanos.org.br\/noticias\/?s={search_term_string}"},"query-input":"required name=search_term_string"}],"inLanguage":"pt-BR"},{"@type":"ImageObject","inLanguage":"pt-BR","@id":"https:\/\/franciscanos.org.br\/noticias\/inscricoes-para-o-congresso-franciscano-terminam-em-19-de-setembro.html#primaryimage","url":"https:\/\/franciscanos.org.br\/noticias\/wp-content\/uploads\/2025\/09\/CHAMADA-CONGRESSO.png","contentUrl":"https:\/\/franciscanos.org.br\/noticias\/wp-content\/uploads\/2025\/09\/CHAMADA-CONGRESSO.png","width":1571,"height":1080},{"@type":"WebPage","@id":"https:\/\/franciscanos.org.br\/noticias\/inscricoes-para-o-congresso-franciscano-terminam-em-19-de-setembro.html#webpage","url":"https:\/\/franciscanos.org.br\/noticias\/inscricoes-para-o-congresso-franciscano-terminam-em-19-de-setembro.html","name":"Inscri\u00e7\u00f5es para o Congresso Franciscano terminam em 19 de setembro - Not\u00edcias - Franciscanos","isPartOf":{"@id":"https:\/\/franciscanos.org.br\/noticias\/#website"},"primaryImageOfPage":{"@id":"https:\/\/franciscanos.org.br\/noticias\/inscricoes-para-o-congresso-franciscano-terminam-em-19-de-setembro.html#primaryimage"},"datePublished":"2025-09-12T18:34:01+00:00","dateModified":"2025-09-12T18:44:38+00:00","author":{"@id":"https:\/\/franciscanos.org.br\/noticias\/#\/schema\/person\/d9422e83121c3ad3b0f423d195f5bb25"},"breadcrumb":{"@id":"https:\/\/franciscanos.org.br\/noticias\/inscricoes-para-o-congresso-franciscano-terminam-em-19-de-setembro.html#breadcrumb"},"inLanguage":"pt-BR","potentialAction":[{"@type":"ReadAction","target":["https:\/\/franciscanos.org.br\/noticias\/inscricoes-para-o-congresso-franciscano-terminam-em-19-de-setembro.html"]}]},{"@type":"BreadcrumbList","@id":"https:\/\/franciscanos.org.br\/noticias\/inscricoes-para-o-congresso-franciscano-terminam-em-19-de-setembro.html#breadcrumb","itemListElement":[{"@type":"ListItem","position":1,"name":"Home","item":"https:\/\/franciscanos.org.br\/noticias"},{"@type":"ListItem","position":2,"name":"Inscri\u00e7\u00f5es para o Congresso Franciscano terminam em 19 de setembro"}]},{"@type":"Person","@id":"https:\/\/franciscanos.org.br\/noticias\/#\/schema\/person\/d9422e83121c3ad3b0f423d195f5bb25","name":"Adriana Rabelo","image":{"@type":"ImageObject","inLanguage":"pt-BR","@id":"https:\/\/franciscanos.org.br\/noticias\/#\/schema\/person\/image\/","url":"https:\/\/secure.gravatar.com\/avatar\/0a937b7500cd7df77540cfb8bede877d?s=96&d=mm&r=g","contentUrl":"https:\/\/secure.gravatar.com\/avatar\/0a937b7500cd7df77540cfb8bede877d?s=96&d=mm&r=g","caption":"Adriana Rabelo"},"url":"https:\/\/franciscanos.org.br\/noticias\/author\/adrianarabelo"}]}},"_links":{"self":[{"href":"https:\/\/franciscanos.org.br\/noticias\/wp-json\/wp\/v2\/posts\/260178"}],"collection":[{"href":"https:\/\/franciscanos.org.br\/noticias\/wp-json\/wp\/v2\/posts"}],"about":[{"href":"https:\/\/franciscanos.org.br\/noticias\/wp-json\/wp\/v2\/types\/post"}],"author":[{"embeddable":true,"href":"https:\/\/franciscanos.org.br\/noticias\/wp-json\/wp\/v2\/users\/11"}],"replies":[{"embeddable":true,"href":"https:\/\/franciscanos.org.br\/noticias\/wp-json\/wp\/v2\/comments?post=260178"}],"version-history":[{"count":12,"href":"https:\/\/franciscanos.org.br\/noticias\/wp-json\/wp\/v2\/posts\/260178\/revisions"}],"predecessor-version":[{"id":260191,"href":"https:\/\/franciscanos.org.br\/noticias\/wp-json\/wp\/v2\/posts\/260178\/revisions\/260191"}],"wp:featuredmedia":[{"embeddable":true,"href":"https:\/\/franciscanos.org.br\/noticias\/wp-json\/wp\/v2\/media\/260180"}],"wp:attachment":[{"href":"https:\/\/franciscanos.org.br\/noticias\/wp-json\/wp\/v2\/media?parent=260178"}],"wp:term":[{"taxonomy":"category","embeddable":true,"href":"https:\/\/franciscanos.org.br\/noticias\/wp-json\/wp\/v2\/categories?post=260178"},{"taxonomy":"post_tag","embeddable":true,"href":"https:\/\/franciscanos.org.br\/noticias\/wp-json\/wp\/v2\/tags?post=260178"}],"curies":[{"name":"wp","href":"https:\/\/api.w.org\/{rel}","templated":true}]}}