{"id":260168,"date":"2025-09-10T12:35:21","date_gmt":"2025-09-10T15:35:21","guid":{"rendered":"https:\/\/franciscanos.org.br\/noticias\/?p=260168"},"modified":"2025-09-10T12:35:37","modified_gmt":"2025-09-10T15:35:37","slug":"peregrinacao-jubilar-fortalece-fe-e-esperanca-da-paroquia-santa-clara-de-assis-em-duque-de-caxias","status":"publish","type":"post","link":"https:\/\/franciscanos.org.br\/noticias\/peregrinacao-jubilar-fortalece-fe-e-esperanca-da-paroquia-santa-clara-de-assis-em-duque-de-caxias.html","title":{"rendered":"Peregrina\u00e7\u00e3o Jubilar fortalece f\u00e9 e esperan\u00e7a da Par\u00f3quia Santa Clara de Assis, em Duque de Caxias"},"content":{"rendered":"<p><img loading=\"lazy\" class=\"aligncenter wp-image-260170 size-full\" src=\"https:\/\/franciscanos.org.br\/noticias\/wp-content\/uploads\/2025\/09\/materia-1-17.jpg\" alt=\"\" width=\"1280\" height=\"720\" srcset=\"https:\/\/franciscanos.org.br\/noticias\/wp-content\/uploads\/2025\/09\/materia-1-17.jpg 1280w, https:\/\/franciscanos.org.br\/noticias\/wp-content\/uploads\/2025\/09\/materia-1-17-450x253.jpg 450w, https:\/\/franciscanos.org.br\/noticias\/wp-content\/uploads\/2025\/09\/materia-1-17-1024x576.jpg 1024w, https:\/\/franciscanos.org.br\/noticias\/wp-content\/uploads\/2025\/09\/materia-1-17-768x432.jpg 768w, https:\/\/franciscanos.org.br\/noticias\/wp-content\/uploads\/2025\/09\/materia-1-17-150x84.jpg 150w\" sizes=\"(max-width: 1280px) 100vw, 1280px\" \/><\/p>\n<p>Na noite do \u00faltimo dia 9 de setembro, a Par\u00f3quia Santa Clara de Assis participou, com alegria e f\u00e9, da Peregrina\u00e7\u00e3o Jubilar rumo \u00e0 Igreja de Nossa Senhora do Pilar, em Duque de Caxias (RJ).<\/p>\n<p>O momento, que reuniu paroquianos em ora\u00e7\u00e3o e comunh\u00e3o, foi marcado por profundo esp\u00edrito de esperan\u00e7a e de unidade eclesial, reafirmando o tema proposto: \u201cQue sejamos sempre peregrinos da Esperan\u00e7a\u201d. De \u00f4nibus, em carros particulares ou em caronas solid\u00e1rias, os participantes se organizaram para viver o momento de louvor.<\/p>\n<p>A celebra\u00e7\u00e3o da Santa Missa Jubilar, presidida no Santu\u00e1rio do Pilar, foi um convite para que cada fiel renovasse o seu compromisso como disc\u00edpulo e ap\u00f3stolo de Cristo, retomando as palavras que ecoaram tamb\u00e9m na Confer\u00eancia de Aparecida (2007), como bem destacou Frei Jean Carlos Ajluni Oliveira, p\u00e1roco da par\u00f3quia que organizou a peregrina\u00e7\u00e3o:<\/p>\n<p>\u201cSer disc\u00edpulo significa estar na escola do Reino, aprender aos p\u00e9s de Jesus, cultivar o cora\u00e7\u00e3o aberto \u00e0 sua Palavra; j\u00e1 ser ap\u00f3stolo \u00e9 o passo seguinte, \u00e9 tornar-se mission\u00e1rio, enviado em nome do pr\u00f3prio Cristo para anunciar sua mensagem\u201d.<\/p>\n\n\t\t<style type=\"text\/css\">\n\t\t\t#gallery-1 {\n\t\t\t\tmargin: auto;\n\t\t\t}\n\t\t\t#gallery-1 .gallery-item {\n\t\t\t\tfloat: left;\n\t\t\t\tmargin-top: 10px;\n\t\t\t\ttext-align: center;\n\t\t\t\twidth: 25%;\n\t\t\t}\n\t\t\t#gallery-1 img {\n\t\t\t\tborder: 2px solid #cfcfcf;\n\t\t\t}\n\t\t\t#gallery-1 .gallery-caption {\n\t\t\t\tmargin-left: 0;\n\t\t\t}\n\t\t\t\/* see gallery_shortcode() in wp-includes\/media.php *\/\n\t\t<\/style>\n\t\t<div id='gallery-1' class='gallery galleryid-260168 gallery-columns-4 gallery-size-thumbnail'><dl class='gallery-item'>\n\t\t\t<dt class='gallery-icon portrait'>\n\t\t\t\t<a href='https:\/\/franciscanos.org.br\/noticias\/wp-content\/uploads\/2025\/09\/4.jpg'><img width=\"300\" height=\"300\" src=\"https:\/\/franciscanos.org.br\/noticias\/wp-content\/uploads\/2025\/09\/4-300x300.jpg\" class=\"attachment-thumbnail size-thumbnail\" alt=\"\" loading=\"lazy\" srcset=\"https:\/\/franciscanos.org.br\/noticias\/wp-content\/uploads\/2025\/09\/4-300x300.jpg 300w, https:\/\/franciscanos.org.br\/noticias\/wp-content\/uploads\/2025\/09\/4-100x100.jpg 100w\" sizes=\"(max-width: 300px) 100vw, 300px\" \/><\/a>\n\t\t\t<\/dt><\/dl><dl class='gallery-item'>\n\t\t\t<dt class='gallery-icon portrait'>\n\t\t\t\t<a href='https:\/\/franciscanos.org.br\/noticias\/wp-content\/uploads\/2025\/09\/8-1.jpg'><img width=\"300\" height=\"300\" src=\"https:\/\/franciscanos.org.br\/noticias\/wp-content\/uploads\/2025\/09\/8-1-300x300.jpg\" class=\"attachment-thumbnail size-thumbnail\" alt=\"\" loading=\"lazy\" srcset=\"https:\/\/franciscanos.org.br\/noticias\/wp-content\/uploads\/2025\/09\/8-1-300x300.jpg 300w, https:\/\/franciscanos.org.br\/noticias\/wp-content\/uploads\/2025\/09\/8-1-100x100.jpg 100w\" sizes=\"(max-width: 300px) 100vw, 300px\" \/><\/a>\n\t\t\t<\/dt><\/dl><dl class='gallery-item'>\n\t\t\t<dt class='gallery-icon portrait'>\n\t\t\t\t<a href='https:\/\/franciscanos.org.br\/noticias\/wp-content\/uploads\/2025\/09\/10.jpg'><img width=\"300\" height=\"300\" src=\"https:\/\/franciscanos.org.br\/noticias\/wp-content\/uploads\/2025\/09\/10-300x300.jpg\" class=\"attachment-thumbnail size-thumbnail\" alt=\"\" loading=\"lazy\" srcset=\"https:\/\/franciscanos.org.br\/noticias\/wp-content\/uploads\/2025\/09\/10-300x300.jpg 300w, https:\/\/franciscanos.org.br\/noticias\/wp-content\/uploads\/2025\/09\/10-100x100.jpg 100w\" sizes=\"(max-width: 300px) 100vw, 300px\" \/><\/a>\n\t\t\t<\/dt><\/dl><dl class='gallery-item'>\n\t\t\t<dt class='gallery-icon portrait'>\n\t\t\t\t<a href='https:\/\/franciscanos.org.br\/noticias\/wp-content\/uploads\/2025\/09\/17-1.jpg'><img width=\"300\" height=\"300\" src=\"https:\/\/franciscanos.org.br\/noticias\/wp-content\/uploads\/2025\/09\/17-1-300x300.jpg\" class=\"attachment-thumbnail size-thumbnail\" alt=\"\" loading=\"lazy\" srcset=\"https:\/\/franciscanos.org.br\/noticias\/wp-content\/uploads\/2025\/09\/17-1-300x300.jpg 300w, https:\/\/franciscanos.org.br\/noticias\/wp-content\/uploads\/2025\/09\/17-1-100x100.jpg 100w\" sizes=\"(max-width: 300px) 100vw, 300px\" \/><\/a>\n\t\t\t<\/dt><\/dl><br style=\"clear: both\" \/>\n\t\t<\/div>\n\n<p>Durante a liturgia da Palavra, os fi\u00e9is foram convidados a refletir sobre os disc\u00edpulos de Jesus Cristo que deixaram tudo para seguir seu Mestre e entraram em um caminho de aprendizado cont\u00ednuo, alimentado pela escuta e pela ora\u00e7\u00e3o. Mas este caminho n\u00e3o se encerra na experi\u00eancia pessoal, pois todo disc\u00edpulo \u00e9 chamado a ser tamb\u00e9m ap\u00f3stolo, testemunha viva da ressurrei\u00e7\u00e3o, presen\u00e7a atuante nas pastorais, nos movimentos e nos diversos ambientes onde a Igreja se faz presente.<\/p>\n<p>A Peregrina\u00e7\u00e3o Jubilar, portanto, n\u00e3o foi apenas um deslocamento f\u00edsico at\u00e9 o Pilar, mas um gesto simb\u00f3lico e espiritual: a caminhada de uma comunidade inteira que se reconhece em miss\u00e3o. Cada passo dado pelos fi\u00e9is recordou a disposi\u00e7\u00e3o de seguir os caminhos de Cristo, levando a mensagem de esperan\u00e7a, f\u00e9 e caridade para o 3\u00ba distrito de Duque de Caxias e para al\u00e9m dele.<\/p>\n<p><img loading=\"lazy\" class=\"aligncenter wp-image-260175 size-full\" src=\"https:\/\/franciscanos.org.br\/noticias\/wp-content\/uploads\/2025\/09\/materia2-5.jpg\" alt=\"\" width=\"1280\" height=\"720\" srcset=\"https:\/\/franciscanos.org.br\/noticias\/wp-content\/uploads\/2025\/09\/materia2-5.jpg 1280w, https:\/\/franciscanos.org.br\/noticias\/wp-content\/uploads\/2025\/09\/materia2-5-450x253.jpg 450w, https:\/\/franciscanos.org.br\/noticias\/wp-content\/uploads\/2025\/09\/materia2-5-1024x576.jpg 1024w, https:\/\/franciscanos.org.br\/noticias\/wp-content\/uploads\/2025\/09\/materia2-5-768x432.jpg 768w, https:\/\/franciscanos.org.br\/noticias\/wp-content\/uploads\/2025\/09\/materia2-5-150x84.jpg 150w\" sizes=\"(max-width: 1280px) 100vw, 1280px\" \/><\/p>\n<p>O convite feito a todos foi claro: cultivar o aprendizado como disc\u00edpulos, nutrindo-se da Palavra e da Eucaristia, para sermos enviados como aut\u00eanticos ap\u00f3stolos. Assim, nossa par\u00f3quia cresce na comunh\u00e3o e no servi\u00e7o, tornando-se cada vez mais mission\u00e1ria, comprometida em anunciar um Cristo vivo e ressuscitado.<\/p>\n<p>A noite encerrou-se com alegria, c\u00e2nticos e o ardente desejo de que a experi\u00eancia vivida na Peregrina\u00e7\u00e3o Jubilar fortale\u00e7a ainda mais a caminhada da Par\u00f3quia Santa Clara de Assis. Unidos, seguimos como disc\u00edpulos e ap\u00f3stolos, peregrinos da esperan\u00e7a que n\u00e3o se esgota, mas se renova a cada celebra\u00e7\u00e3o e a cada miss\u00e3o assumida em nome do Evangelho.<\/p>\n<hr \/>\n<p><em>Texto: Frei Franklin Matheus\/ Foto: Yasmin Bevenuto<\/em><\/p>\n","protected":false},"excerpt":{"rendered":"<p>Peregrina\u00e7\u00e3o Jubilar<\/p>\n","protected":false},"author":11,"featured_media":260169,"comment_status":"open","ping_status":"open","sticky":false,"template":"","format":"standard","meta":[],"categories":[1],"tags":[2276,185,2325],"acf":[],"yoast_head":"<!-- This site is optimized with the Yoast SEO plugin v19.2 - https:\/\/yoast.com\/wordpress\/plugins\/seo\/ -->\n<title>Peregrina\u00e7\u00e3o Jubilar fortalece f\u00e9 e esperan\u00e7a da Par\u00f3quia Santa Clara de Assis, em Duque de Caxias - Not\u00edcias - Franciscanos<\/title>\n<meta name=\"robots\" content=\"index, follow, max-snippet:-1, max-image-preview:large, max-video-preview:-1\" \/>\n<link rel=\"canonical\" href=\"https:\/\/franciscanos.org.br\/noticias\/peregrinacao-jubilar-fortalece-fe-e-esperanca-da-paroquia-santa-clara-de-assis-em-duque-de-caxias.html\" \/>\n<meta property=\"og:locale\" content=\"pt_BR\" \/>\n<meta property=\"og:type\" content=\"article\" \/>\n<meta property=\"og:title\" content=\"Peregrina\u00e7\u00e3o Jubilar fortalece f\u00e9 e esperan\u00e7a da Par\u00f3quia Santa Clara de Assis, em Duque de Caxias - Not\u00edcias - Franciscanos\" \/>\n<meta property=\"og:description\" content=\"Peregrina\u00e7\u00e3o Jubilar\" \/>\n<meta property=\"og:url\" content=\"https:\/\/franciscanos.org.br\/noticias\/peregrinacao-jubilar-fortalece-fe-e-esperanca-da-paroquia-santa-clara-de-assis-em-duque-de-caxias.html\" \/>\n<meta property=\"og:site_name\" content=\"Not\u00edcias - Franciscanos\" \/>\n<meta property=\"article:published_time\" content=\"2025-09-10T15:35:21+00:00\" \/>\n<meta property=\"article:modified_time\" content=\"2025-09-10T15:35:37+00:00\" \/>\n<meta property=\"og:image\" content=\"https:\/\/franciscanos.org.br\/noticias\/wp-content\/uploads\/2025\/09\/chamada-24.jpg\" \/>\n\t<meta property=\"og:image:width\" content=\"800\" \/>\n\t<meta property=\"og:image:height\" content=\"550\" \/>\n\t<meta property=\"og:image:type\" content=\"image\/jpeg\" \/>\n<meta name=\"author\" content=\"Adriana Rabelo\" \/>\n<meta name=\"twitter:card\" content=\"summary_large_image\" \/>\n<meta name=\"twitter:label1\" content=\"Escrito por\" \/>\n\t<meta name=\"twitter:data1\" content=\"Adriana Rabelo\" \/>\n\t<meta name=\"twitter:label2\" content=\"Est. tempo de leitura\" \/>\n\t<meta name=\"twitter:data2\" content=\"2 minutos\" \/>\n<script type=\"application\/ld+json\" class=\"yoast-schema-graph\">{\"@context\":\"https:\/\/schema.org\",\"@graph\":[{\"@type\":\"WebSite\",\"@id\":\"https:\/\/franciscanos.org.br\/noticias\/#website\",\"url\":\"https:\/\/franciscanos.org.br\/noticias\/\",\"name\":\"Not\u00edcias - Franciscanos\",\"description\":\"Prov\u00edncia Franciscana da Imaculada Concei\u00e7\u00e3o do Brasil - Ordem dos Frades Menores - OFM\",\"potentialAction\":[{\"@type\":\"SearchAction\",\"target\":{\"@type\":\"EntryPoint\",\"urlTemplate\":\"https:\/\/franciscanos.org.br\/noticias\/?s={search_term_string}\"},\"query-input\":\"required name=search_term_string\"}],\"inLanguage\":\"pt-BR\"},{\"@type\":\"ImageObject\",\"inLanguage\":\"pt-BR\",\"@id\":\"https:\/\/franciscanos.org.br\/noticias\/peregrinacao-jubilar-fortalece-fe-e-esperanca-da-paroquia-santa-clara-de-assis-em-duque-de-caxias.html#primaryimage\",\"url\":\"https:\/\/franciscanos.org.br\/noticias\/wp-content\/uploads\/2025\/09\/chamada-24.jpg\",\"contentUrl\":\"https:\/\/franciscanos.org.br\/noticias\/wp-content\/uploads\/2025\/09\/chamada-24.jpg\",\"width\":800,\"height\":550},{\"@type\":\"WebPage\",\"@id\":\"https:\/\/franciscanos.org.br\/noticias\/peregrinacao-jubilar-fortalece-fe-e-esperanca-da-paroquia-santa-clara-de-assis-em-duque-de-caxias.html#webpage\",\"url\":\"https:\/\/franciscanos.org.br\/noticias\/peregrinacao-jubilar-fortalece-fe-e-esperanca-da-paroquia-santa-clara-de-assis-em-duque-de-caxias.html\",\"name\":\"Peregrina\u00e7\u00e3o Jubilar fortalece f\u00e9 e esperan\u00e7a da Par\u00f3quia Santa Clara de Assis, em Duque de Caxias - Not\u00edcias - Franciscanos\",\"isPartOf\":{\"@id\":\"https:\/\/franciscanos.org.br\/noticias\/#website\"},\"primaryImageOfPage\":{\"@id\":\"https:\/\/franciscanos.org.br\/noticias\/peregrinacao-jubilar-fortalece-fe-e-esperanca-da-paroquia-santa-clara-de-assis-em-duque-de-caxias.html#primaryimage\"},\"datePublished\":\"2025-09-10T15:35:21+00:00\",\"dateModified\":\"2025-09-10T15:35:37+00:00\",\"author\":{\"@id\":\"https:\/\/franciscanos.org.br\/noticias\/#\/schema\/person\/d9422e83121c3ad3b0f423d195f5bb25\"},\"breadcrumb\":{\"@id\":\"https:\/\/franciscanos.org.br\/noticias\/peregrinacao-jubilar-fortalece-fe-e-esperanca-da-paroquia-santa-clara-de-assis-em-duque-de-caxias.html#breadcrumb\"},\"inLanguage\":\"pt-BR\",\"potentialAction\":[{\"@type\":\"ReadAction\",\"target\":[\"https:\/\/franciscanos.org.br\/noticias\/peregrinacao-jubilar-fortalece-fe-e-esperanca-da-paroquia-santa-clara-de-assis-em-duque-de-caxias.html\"]}]},{\"@type\":\"BreadcrumbList\",\"@id\":\"https:\/\/franciscanos.org.br\/noticias\/peregrinacao-jubilar-fortalece-fe-e-esperanca-da-paroquia-santa-clara-de-assis-em-duque-de-caxias.html#breadcrumb\",\"itemListElement\":[{\"@type\":\"ListItem\",\"position\":1,\"name\":\"Home\",\"item\":\"https:\/\/franciscanos.org.br\/noticias\"},{\"@type\":\"ListItem\",\"position\":2,\"name\":\"Peregrina\u00e7\u00e3o Jubilar fortalece f\u00e9 e esperan\u00e7a da Par\u00f3quia Santa Clara de Assis, em Duque de Caxias\"}]},{\"@type\":\"Person\",\"@id\":\"https:\/\/franciscanos.org.br\/noticias\/#\/schema\/person\/d9422e83121c3ad3b0f423d195f5bb25\",\"name\":\"Adriana Rabelo\",\"image\":{\"@type\":\"ImageObject\",\"inLanguage\":\"pt-BR\",\"@id\":\"https:\/\/franciscanos.org.br\/noticias\/#\/schema\/person\/image\/\",\"url\":\"https:\/\/secure.gravatar.com\/avatar\/0a937b7500cd7df77540cfb8bede877d?s=96&d=mm&r=g\",\"contentUrl\":\"https:\/\/secure.gravatar.com\/avatar\/0a937b7500cd7df77540cfb8bede877d?s=96&d=mm&r=g\",\"caption\":\"Adriana Rabelo\"},\"url\":\"https:\/\/franciscanos.org.br\/noticias\/author\/adrianarabelo\"}]}<\/script>\n<!-- \/ Yoast SEO plugin. -->","yoast_head_json":{"title":"Peregrina\u00e7\u00e3o Jubilar fortalece f\u00e9 e esperan\u00e7a da Par\u00f3quia Santa Clara de Assis, em Duque de Caxias - Not\u00edcias - Franciscanos","robots":{"index":"index","follow":"follow","max-snippet":"max-snippet:-1","max-image-preview":"max-image-preview:large","max-video-preview":"max-video-preview:-1"},"canonical":"https:\/\/franciscanos.org.br\/noticias\/peregrinacao-jubilar-fortalece-fe-e-esperanca-da-paroquia-santa-clara-de-assis-em-duque-de-caxias.html","og_locale":"pt_BR","og_type":"article","og_title":"Peregrina\u00e7\u00e3o Jubilar fortalece f\u00e9 e esperan\u00e7a da Par\u00f3quia Santa Clara de Assis, em Duque de Caxias - Not\u00edcias - Franciscanos","og_description":"Peregrina\u00e7\u00e3o Jubilar","og_url":"https:\/\/franciscanos.org.br\/noticias\/peregrinacao-jubilar-fortalece-fe-e-esperanca-da-paroquia-santa-clara-de-assis-em-duque-de-caxias.html","og_site_name":"Not\u00edcias - Franciscanos","article_published_time":"2025-09-10T15:35:21+00:00","article_modified_time":"2025-09-10T15:35:37+00:00","og_image":[{"width":800,"height":550,"url":"https:\/\/franciscanos.org.br\/noticias\/wp-content\/uploads\/2025\/09\/chamada-24.jpg","type":"image\/jpeg"}],"author":"Adriana Rabelo","twitter_card":"summary_large_image","twitter_misc":{"Escrito por":"Adriana Rabelo","Est. tempo de leitura":"2 minutos"},"schema":{"@context":"https:\/\/schema.org","@graph":[{"@type":"WebSite","@id":"https:\/\/franciscanos.org.br\/noticias\/#website","url":"https:\/\/franciscanos.org.br\/noticias\/","name":"Not\u00edcias - Franciscanos","description":"Prov\u00edncia Franciscana da Imaculada Concei\u00e7\u00e3o do Brasil - Ordem dos Frades Menores - OFM","potentialAction":[{"@type":"SearchAction","target":{"@type":"EntryPoint","urlTemplate":"https:\/\/franciscanos.org.br\/noticias\/?s={search_term_string}"},"query-input":"required name=search_term_string"}],"inLanguage":"pt-BR"},{"@type":"ImageObject","inLanguage":"pt-BR","@id":"https:\/\/franciscanos.org.br\/noticias\/peregrinacao-jubilar-fortalece-fe-e-esperanca-da-paroquia-santa-clara-de-assis-em-duque-de-caxias.html#primaryimage","url":"https:\/\/franciscanos.org.br\/noticias\/wp-content\/uploads\/2025\/09\/chamada-24.jpg","contentUrl":"https:\/\/franciscanos.org.br\/noticias\/wp-content\/uploads\/2025\/09\/chamada-24.jpg","width":800,"height":550},{"@type":"WebPage","@id":"https:\/\/franciscanos.org.br\/noticias\/peregrinacao-jubilar-fortalece-fe-e-esperanca-da-paroquia-santa-clara-de-assis-em-duque-de-caxias.html#webpage","url":"https:\/\/franciscanos.org.br\/noticias\/peregrinacao-jubilar-fortalece-fe-e-esperanca-da-paroquia-santa-clara-de-assis-em-duque-de-caxias.html","name":"Peregrina\u00e7\u00e3o Jubilar fortalece f\u00e9 e esperan\u00e7a da Par\u00f3quia Santa Clara de Assis, em Duque de Caxias - Not\u00edcias - Franciscanos","isPartOf":{"@id":"https:\/\/franciscanos.org.br\/noticias\/#website"},"primaryImageOfPage":{"@id":"https:\/\/franciscanos.org.br\/noticias\/peregrinacao-jubilar-fortalece-fe-e-esperanca-da-paroquia-santa-clara-de-assis-em-duque-de-caxias.html#primaryimage"},"datePublished":"2025-09-10T15:35:21+00:00","dateModified":"2025-09-10T15:35:37+00:00","author":{"@id":"https:\/\/franciscanos.org.br\/noticias\/#\/schema\/person\/d9422e83121c3ad3b0f423d195f5bb25"},"breadcrumb":{"@id":"https:\/\/franciscanos.org.br\/noticias\/peregrinacao-jubilar-fortalece-fe-e-esperanca-da-paroquia-santa-clara-de-assis-em-duque-de-caxias.html#breadcrumb"},"inLanguage":"pt-BR","potentialAction":[{"@type":"ReadAction","target":["https:\/\/franciscanos.org.br\/noticias\/peregrinacao-jubilar-fortalece-fe-e-esperanca-da-paroquia-santa-clara-de-assis-em-duque-de-caxias.html"]}]},{"@type":"BreadcrumbList","@id":"https:\/\/franciscanos.org.br\/noticias\/peregrinacao-jubilar-fortalece-fe-e-esperanca-da-paroquia-santa-clara-de-assis-em-duque-de-caxias.html#breadcrumb","itemListElement":[{"@type":"ListItem","position":1,"name":"Home","item":"https:\/\/franciscanos.org.br\/noticias"},{"@type":"ListItem","position":2,"name":"Peregrina\u00e7\u00e3o Jubilar fortalece f\u00e9 e esperan\u00e7a da Par\u00f3quia Santa Clara de Assis, em Duque de Caxias"}]},{"@type":"Person","@id":"https:\/\/franciscanos.org.br\/noticias\/#\/schema\/person\/d9422e83121c3ad3b0f423d195f5bb25","name":"Adriana Rabelo","image":{"@type":"ImageObject","inLanguage":"pt-BR","@id":"https:\/\/franciscanos.org.br\/noticias\/#\/schema\/person\/image\/","url":"https:\/\/secure.gravatar.com\/avatar\/0a937b7500cd7df77540cfb8bede877d?s=96&d=mm&r=g","contentUrl":"https:\/\/secure.gravatar.com\/avatar\/0a937b7500cd7df77540cfb8bede877d?s=96&d=mm&r=g","caption":"Adriana Rabelo"},"url":"https:\/\/franciscanos.org.br\/noticias\/author\/adrianarabelo"}]}},"_links":{"self":[{"href":"https:\/\/franciscanos.org.br\/noticias\/wp-json\/wp\/v2\/posts\/260168"}],"collection":[{"href":"https:\/\/franciscanos.org.br\/noticias\/wp-json\/wp\/v2\/posts"}],"about":[{"href":"https:\/\/franciscanos.org.br\/noticias\/wp-json\/wp\/v2\/types\/post"}],"author":[{"embeddable":true,"href":"https:\/\/franciscanos.org.br\/noticias\/wp-json\/wp\/v2\/users\/11"}],"replies":[{"embeddable":true,"href":"https:\/\/franciscanos.org.br\/noticias\/wp-json\/wp\/v2\/comments?post=260168"}],"version-history":[{"count":2,"href":"https:\/\/franciscanos.org.br\/noticias\/wp-json\/wp\/v2\/posts\/260168\/revisions"}],"predecessor-version":[{"id":260177,"href":"https:\/\/franciscanos.org.br\/noticias\/wp-json\/wp\/v2\/posts\/260168\/revisions\/260177"}],"wp:featuredmedia":[{"embeddable":true,"href":"https:\/\/franciscanos.org.br\/noticias\/wp-json\/wp\/v2\/media\/260169"}],"wp:attachment":[{"href":"https:\/\/franciscanos.org.br\/noticias\/wp-json\/wp\/v2\/media?parent=260168"}],"wp:term":[{"taxonomy":"category","embeddable":true,"href":"https:\/\/franciscanos.org.br\/noticias\/wp-json\/wp\/v2\/categories?post=260168"},{"taxonomy":"post_tag","embeddable":true,"href":"https:\/\/franciscanos.org.br\/noticias\/wp-json\/wp\/v2\/tags?post=260168"}],"curies":[{"name":"wp","href":"https:\/\/api.w.org\/{rel}","templated":true}]}}