{"id":260159,"date":"2025-09-08T11:25:04","date_gmt":"2025-09-08T14:25:04","guid":{"rendered":"https:\/\/franciscanos.org.br\/noticias\/?p=260159"},"modified":"2025-09-10T11:25:51","modified_gmt":"2025-09-10T14:25:51","slug":"paroquia-do-sagrado-em-petropolis-celebra-o-dia-mundial-de-oracao-pelo-cuidado-da-criacao","status":"publish","type":"post","link":"https:\/\/franciscanos.org.br\/noticias\/paroquia-do-sagrado-em-petropolis-celebra-o-dia-mundial-de-oracao-pelo-cuidado-da-criacao.html","title":{"rendered":"Par\u00f3quia do Sagrado, em Petr\u00f3polis, celebra o Dia Mundial de Ora\u00e7\u00e3o pelo Cuidado da Cria\u00e7\u00e3o"},"content":{"rendered":"<p><img loading=\"lazy\" class=\"aligncenter wp-image-260161 size-full\" src=\"https:\/\/franciscanos.org.br\/noticias\/wp-content\/uploads\/2025\/09\/MATERIA1-4.jpg\" alt=\"\" width=\"1280\" height=\"720\" srcset=\"https:\/\/franciscanos.org.br\/noticias\/wp-content\/uploads\/2025\/09\/MATERIA1-4.jpg 1280w, https:\/\/franciscanos.org.br\/noticias\/wp-content\/uploads\/2025\/09\/MATERIA1-4-450x253.jpg 450w, https:\/\/franciscanos.org.br\/noticias\/wp-content\/uploads\/2025\/09\/MATERIA1-4-1024x576.jpg 1024w, https:\/\/franciscanos.org.br\/noticias\/wp-content\/uploads\/2025\/09\/MATERIA1-4-768x432.jpg 768w, https:\/\/franciscanos.org.br\/noticias\/wp-content\/uploads\/2025\/09\/MATERIA1-4-150x84.jpg 150w\" sizes=\"(max-width: 1280px) 100vw, 1280px\" \/><\/p>\n<p data-start=\"146\" data-end=\"651\">No dia 4 de setembro, a Igreja do Sagrado de Jesus celebrou, em comunh\u00e3o com a Confer\u00eancia dos Ministros Provinciais do Brasil e do Cone Sul, a Santa Missa pelo <strong>Dia Mundial de Ora\u00e7\u00e3o pelo Cuidado da Cria\u00e7\u00e3o<\/strong>, que tamb\u00e9m marcou a abertura do <strong>Tempo da Cria\u00e7\u00e3o<\/strong>, estendendo-se at\u00e9 o dia 4 de outubro. A celebra\u00e7\u00e3o, animada pelo Coral dos frades, foi presidida pelo Frei Jo\u00e3o Carlos Karling, OFM, da Prov\u00edncia S\u00e3o Francisco de Assis (RS), e concelebrada pelo Frei Gilberto da Silva, OFM, Definidor Provincial.<\/p>\n<p data-start=\"146\" data-end=\"651\">No in\u00edcio da Missa, Frei Jo\u00e3o Carlos recordou as palavras do Papa Francisco: \u201cDeus nos livre de toda pretens\u00e3o absoluta\u201d. J\u00e1 na homilia, Frei Gilberto destacou a beleza do C\u00e2ntico das Criaturas, lembrando que, ao contemplar a obra criada, \u201cDeus viu que tudo era bom\u201d. A liturgia fez ainda mem\u00f3ria ao Dia da Amaz\u00f4nia (05\/09), sublinhando a aten\u00e7\u00e3o constante do Papa Francisco ao cuidado da Casa Comum.<\/p>\n<p data-start=\"146\" data-end=\"651\">Frei Gilberto alertou para a urg\u00eancia de repensar estilos de vida que continuam a favorecer o desmatamento e a busca do lucro acima da vida. Refor\u00e7ou que a salva\u00e7\u00e3o em Cristo \u00e9 dom oferecido a todos, porque somos criaturas amadas por Deus, e lan\u00e7ou o convite a uma verdadeira convers\u00e3o ecol\u00f3gica, traduzida em gestos concretos de cuidado da cria\u00e7\u00e3o.<\/p>\n<p data-start=\"146\" data-end=\"651\"><img loading=\"lazy\" class=\"aligncenter wp-image-260162 size-full\" src=\"https:\/\/franciscanos.org.br\/noticias\/wp-content\/uploads\/2025\/09\/MATERIA-2-12.jpg\" alt=\"\" width=\"1280\" height=\"720\" srcset=\"https:\/\/franciscanos.org.br\/noticias\/wp-content\/uploads\/2025\/09\/MATERIA-2-12.jpg 1280w, https:\/\/franciscanos.org.br\/noticias\/wp-content\/uploads\/2025\/09\/MATERIA-2-12-450x253.jpg 450w, https:\/\/franciscanos.org.br\/noticias\/wp-content\/uploads\/2025\/09\/MATERIA-2-12-1024x576.jpg 1024w, https:\/\/franciscanos.org.br\/noticias\/wp-content\/uploads\/2025\/09\/MATERIA-2-12-768x432.jpg 768w, https:\/\/franciscanos.org.br\/noticias\/wp-content\/uploads\/2025\/09\/MATERIA-2-12-150x84.jpg 150w\" sizes=\"(max-width: 1280px) 100vw, 1280px\" \/><\/p>\n<p data-start=\"146\" data-end=\"651\">A celebra\u00e7\u00e3o motivou a comunidade a voltar o cora\u00e7\u00e3o para Deus Pai Criador e para Jesus Cristo, seu Filho, recordando que a f\u00e9 se expressa tamb\u00e9m na forma como nos relacionamos com o mundo, com proximidade, afeto e responsabilidade.<\/p>\n<p data-start=\"146\" data-end=\"651\">Ap\u00f3s a comunh\u00e3o, Frei Lauro Matheus Costa dos Santos, OFM, da Cust\u00f3dia S\u00e3o Benedito da Amaz\u00f4nia, auxiliou na reflex\u00e3o sobre a import\u00e2ncia da regi\u00e3o, em nome de todos os confrades amaz\u00f4nidas, seja por nascimento ou pertencimento: Frei Diogo Henrique da Silva Siqueira Oliveira, OFM, tamb\u00e9m da Cust\u00f3dia S\u00e3o Benedito; Frei Matiel de Oliveira Bernab\u00e9, OFM, natural de Rond\u00f4nia e residente na Cust\u00f3dia das Sete Alegrias de Nossa Senhora, da regi\u00e3o de Mato Grosso e Mato Grosso do Sul; e Frei C\u00e2ndido Gean Akay, OFM, ind\u00edgena, origin\u00e1rio da terra sagrada amaz\u00f4nica e frade da Cust\u00f3dia S\u00e3o Benedito.<\/p>\n<p data-start=\"146\" data-end=\"651\">\u201cAo encerrarmos esta missa dedicada \u00e0 cria\u00e7\u00e3o, somos chamados a voltar nossos olhos e nossos cora\u00e7\u00f5es para a Amaz\u00f4nia. Muitas vezes, para n\u00f3s que estamos aqui em Petr\u00f3polis, ela parece distante, como se fosse apenas um lugar no mapa. Mas a Amaz\u00f4nia \u00e9 floresta, s\u00e3o os rios, mas \u00e9 muito mais. Ela \u00e9 um cosmos vivo, onde \u2018tudo est\u00e1 interligado\u2019, onde a vida se sustenta mutuamente e onde o sagrado se manifesta de forma grandiosa\u201d, salientou o frade.<\/p>\n<p data-start=\"146\" data-end=\"651\"><img loading=\"lazy\" class=\"aligncenter wp-image-260163 size-full\" src=\"https:\/\/franciscanos.org.br\/noticias\/wp-content\/uploads\/2025\/09\/MATERIA-3-6.jpg\" alt=\"\" width=\"1280\" height=\"720\" srcset=\"https:\/\/franciscanos.org.br\/noticias\/wp-content\/uploads\/2025\/09\/MATERIA-3-6.jpg 1280w, https:\/\/franciscanos.org.br\/noticias\/wp-content\/uploads\/2025\/09\/MATERIA-3-6-450x253.jpg 450w, https:\/\/franciscanos.org.br\/noticias\/wp-content\/uploads\/2025\/09\/MATERIA-3-6-1024x576.jpg 1024w, https:\/\/franciscanos.org.br\/noticias\/wp-content\/uploads\/2025\/09\/MATERIA-3-6-768x432.jpg 768w, https:\/\/franciscanos.org.br\/noticias\/wp-content\/uploads\/2025\/09\/MATERIA-3-6-150x84.jpg 150w\" sizes=\"(max-width: 1280px) 100vw, 1280px\" \/><\/p>\n<p data-start=\"146\" data-end=\"651\">Frei Lauro recordou ainda a import\u00e2ncia da regi\u00e3o com sua riqu\u00edssima cultura e religiosidade: \u201cA Amaz\u00f4nia \u00e9 muito mais. Ela \u00e9 tamb\u00e9m cultura, celebra\u00e7\u00e3o, religiosidade. E nada expressa melhor isso do que o C\u00edrio de Nazar\u00e9, em Bel\u00e9m. Todos os anos, milh\u00f5es de pessoas se re\u00fanem para acompanhar a imagem de Nossa Senhora de Nazar\u00e9, em uma das maiores prociss\u00f5es de f\u00e9 do mundo. O povo caminha pelas ruas, navega pelas \u00e1guas, puxa a corda da berlinda, canta, chora, agradece, suplica. \u00c9 a f\u00e9 que se mistura com a cultura, com a festa, com a vida da Amaz\u00f4nia. Ali se mostra que a Amaz\u00f4nia n\u00e3o \u00e9 apenas floresta, mas \u00e9 tamb\u00e9m espiritualidade, comunidade, partilha\u201d.<\/p>\n<p data-start=\"146\" data-end=\"651\">Ao final da celebra\u00e7\u00e3o, a assembleia uniu-se em ora\u00e7\u00e3o, pedindo que Deus continue a iluminar cada pessoa, fortalecendo o anseio e o compromisso de cuidar da vida e da cria\u00e7\u00e3o.<\/p>\n<p data-start=\"146\" data-end=\"651\">&#8212;&#8212;&#8212;&#8212;&#8212;&#8212;&#8212;&#8212;&#8212;&#8212;&#8212;&#8212;&#8211;<\/p>\n<p><strong>Leia abaixo, na \u00edntegra, o texto partilhado pelo Frei Lauro durante a celebra\u00e7\u00e3o<\/strong><\/p>\n<p><em>Irm\u00e3s e irm\u00e3os,<\/em><\/p>\n<p><em>\u201c\u00c9 uma grande responsabilidade falar da nossa \u201cQuerida Amaz\u00f4nia\u201d diante de v\u00f3s, dos meus irm\u00e3os de fraternidade, de modo especial, diante dos meus irm\u00e3os amaz\u00f4nidas \u2013 Frei Diogo, Frei Matiel e Frei Gean (ind\u00edgena e origin\u00e1rio da terra sagrada amaz\u00f4nica). Ent\u00e3o, espero responder a essa responsabilidade\u201d.<\/em><\/p>\n<p><em>\u00a0<\/em>Ao encerrarmos esta missa dedicada \u00e0 cria\u00e7\u00e3o, somos chamados a voltar nossos olhos e nossos cora\u00e7\u00f5es para a Amaz\u00f4nia. Muitas vezes, para n\u00f3s que estamos aqui em Petr\u00f3polis, ela parece distante, como se fosse apenas um lugar no mapa. Mas a Amaz\u00f4nia \u00e9 floresta, s\u00e3o os rios, mas \u00e9 muito mais. Ela \u00e9 um cosmos vivo, onde \u201ctudo est\u00e1 interligado\u201d, onde a vida se sustenta mutuamente, e onde o sagrado se manifesta de forma grandiosa.<\/p>\n<p>Na Amaz\u00f4nia, os rios n\u00e3o cortam a terra, eles a abra\u00e7am. Alimentam a floresta, que por sua vez devolve em oxig\u00eanio, em sombra, em frutos, em umidade que chega at\u00e9 n\u00f3s. \u00c9 uma grande dan\u00e7a da cria\u00e7\u00e3o, onde cada ser tem seu lugar, sua fun\u00e7\u00e3o, sua beleza. \u00c9 o cora\u00e7\u00e3o verde do Brasil, sim, mas n\u00e3o s\u00f3: \u00e9 um cora\u00e7\u00e3o que acolhe, que interage, que sustenta e que ensina.<\/p>\n<p>A Amaz\u00f4nia \u00e9 casa de uma diversidade que impressiona o mundo: milhares de esp\u00e9cies de plantas e animais, muitas que s\u00f3 existem ali. Mas \u00e9 tamb\u00e9m a casa de mais de 300 povos ind\u00edgenas, que falam cerca de 240 l\u00ednguas (aqui representado pelo nosso irm\u00e3o Frei C\u00e2ndido Gean Akay Munduruku). Cada l\u00edngua \u00e9 um universo de sabedoria, uma forma de se relacionar com a terra, com o sagrado, com os ciclos da vida. Cada povo \u00e9 um c\u00e2ntico diferente que, junto com os outros, comp\u00f5e a grande sinfonia da floresta.<\/p>\n<p>A Amaz\u00f4nia \u00e9 um lugar real (Fr. Diogo e Fr. Gean) em nossa terra brasileira, mas, se quisermos imaginar a Amaz\u00f4nia como templo, ela \u00e9 uma catedral ou um santu\u00e1rio natural: as \u00e1rvores s\u00e3o colunas vivas, os rios s\u00e3o corredores de \u00e1gua, os cantos dos p\u00e1ssaros e os sons dos povos s\u00e3o ora\u00e7\u00f5es que sobem ao Criador. Ali tudo fala de Deus.<\/p>\n<p>E nossos poetas nos ajudam a sentir isso. Na can\u00e7\u00e3o do Boi Bumb\u00e1 Garantido, cant\u00e1vamos em 2003:<\/p>\n<p style=\"text-align: center;\"><em>Amaz\u00f4nia, santu\u00e1rio esmeralda<\/em><br \/>\n<em>P\u00f4r-do-sol beija tuas \u00e1guas<\/em><br \/>\n<em>P\u00e1tria verde florescida pelas l\u00e1grimas divinas<\/em><br \/>\n<em>A grinalda do luar vem te aben\u00e7oar<\/em><\/p>\n<p style=\"text-align: center;\"><em>Templos de rios, florestas lagos e cachoeiras<\/em><br \/>\n<em>Encontro das \u00e1guas das cores da natureza<\/em><\/p>\n<p style=\"text-align: center;\"><em>Teus santu\u00e1rios ecol\u00f3gicos<\/em><br \/>\n<em>Teus sublimes mananciais<\/em><\/p>\n<p style=\"text-align: center;\"><em>(terra amaz\u00f4nica dos)<\/em><\/p>\n<p style=\"text-align: center;\"><em>Anavilhanas, Ja\u00fa, Janauari<\/em><br \/>\n<em>Macurican\u00e3, Mamirau\u00e1<\/em><\/p>\n<p style=\"text-align: center;\"><em>Macuxi, Parintintin e Munduruku<\/em><\/p>\n<p>\u00c9 a pr\u00f3pria Amaz\u00f4nia que canta nesses versos a diversidade, suas mais belas riquezas e sua vida viva no ceio do solo brasileiro.<\/p>\n<p>E a Amaz\u00f4nia \u00e9 muito mais. Ela \u00e9 tamb\u00e9m cultura, celebra\u00e7\u00e3o, religiosidade. E nada expressa melhor isso do que o C\u00edrio de Nazar\u00e9, em Bel\u00e9m. Todos os anos, milh\u00f5es de pessoas se re\u00fanem para acompanhar a imagem de Nossa Senhora de Nazar\u00e9, em uma das maiores prociss\u00f5es de f\u00e9 do mundo. O povo caminha pelas ruas, navega pelas \u00e1guas, puxa a corda da berlinda, canta, chora, agradece, s\u00faplica. \u00c9 a f\u00e9 que se mistura com a cultura, com a festa, com a vida da Amaz\u00f4nia. Ali se mostra que a Amaz\u00f4nia n\u00e3o \u00e9 apenas floresta, mas \u00e9 tamb\u00e9m espiritualidade, comunidade, partilha.<\/p>\n<p>Essa riqueza cultural, espiritual, natural, \u00e9 do Brasil inteiro. A Amaz\u00f4nia n\u00e3o \u00e9 de fora, n\u00e3o \u00e9 distante: ela \u00e9 parte da nossa identidade nacional. Est\u00e1 em nossa m\u00fasica, em nossa poesia, em nossa f\u00e9. Est\u00e1 em nossa \u00e1gua, em nossa comida, em nosso clima. A Amaz\u00f4nia est\u00e1 dentro do Brasil, e o Brasil est\u00e1 dentro da Amaz\u00f4nia.<\/p>\n<p>E na m\u00fasica, Nilson Chaves canta a Amaz\u00f4nia com toda a sua alma:<\/p>\n<p style=\"text-align: center;\"><em>\u201cTenho o cheiro do patchouli<\/em><br \/>\n<em>E o gosto do tapereb\u00e1<\/em><br \/>\n<em>Eu sou a\u00e7a\u00ed e cobra grande<\/em><br \/>\n<em>O Curupira sim saiu de mim<\/em><\/p>\n<p style=\"text-align: center;\"><em>Sei cantar o tar do carimb\u00f3<\/em><br \/>\n<em>Do siri\u00e1 e do dundu<\/em><br \/>\n<em>O caboclo l\u00e1 de Camet\u00e1<\/em><br \/>\n<em>E o \u00edndio do Xingu<\/em><\/p>\n<p style=\"text-align: center;\"><em>Tenho a for\u00e7a do muiraquit\u00e3<\/em><br \/>\n<em>Sou pipira das manh\u00e3s<\/em><br \/>\n<em>Sou o boto, igarap\u00e9<\/em><br \/>\n<em>Sou rio Negro e Tocantins<\/em><\/p>\n<p style=\"text-align: center;\"><em>Sama\u00fama da floresta, peixe-boi e jabuti<\/em><br \/>\n<em>Murur\u00e9, filho da selva<\/em><br \/>\n<em>A Boiuna est\u00e1 em mim<\/em><\/p>\n<p style=\"text-align: center;\"><em>Sim, eu tenho a cara do Par\u00e1<\/em><br \/>\n<em>O calor do tarub\u00e1<\/em><br \/>\n<em>Um uirapuru que sonha<\/em><br \/>\n<em>Sou muito mais<\/em><br \/>\n<em>Eu sou<\/em><br \/>\n<em>Amaz\u00f4nia<\/em><\/p>\n<p>E, no entanto, tantas vezes tratamos esse santu\u00e1rio como mercadoria. A floresta \u00e9 derrubada, os rios s\u00e3o polu\u00eddos, os povos s\u00e3o amea\u00e7ados. Esquecemos que essa terra \u00e9 sagrada, que n\u00e3o est\u00e1 \u00e0 venda, que n\u00e3o \u00e9 apenas fonte de riqueza para grandes ind\u00fastrias. A verdadeira riqueza da Amaz\u00f4nia \u00e9 a sua diversidade, a sua cultura, a sua espiritualidade. \u00c9 o que ela nos ensina sobre viver em comunh\u00e3o com a cria\u00e7\u00e3o.<\/p>\n<p>Por isso, irm\u00e3os e irm\u00e3s, hoje somos chamados a olhar para a Amaz\u00f4nia n\u00e3o como algo distante, mas como parte de n\u00f3s. Cuidar da Amaz\u00f4nia \u00e9 cuidar de n\u00f3s mesmos. \u00c9 cuidar da nossa casa comum. \u00c9 reconhecer que Deus nos confiou (brasileiros) essa terra como um presente, n\u00e3o como um objeto de explora\u00e7\u00e3o.<\/p>\n<p>Convido-os a ouvir os clamores e os sonhos do Papa Francisco na sua exorta\u00e7\u00e3o \u201cQuerida Amaz\u00f4nia\u201d:<\/p>\n<p style=\"text-align: center;\"><em>\u201cSonho com uma Amaz\u00f4nia que lute pelos direitos dos mais pobres, dos povos nativos, dos \u00faltimos, de modo que a sua voz seja escutada e que sua dignidade seja promovida.<\/em><\/p>\n<p style=\"text-align: center;\"><em>Sonho com uma Amaz\u00f4nia que preserve a riqueza cultural que a caracteriza e na qual brilha de maneira t\u00e3o variada a beleza humana.<\/em><\/p>\n<p style=\"text-align: center;\"><em>Sonho com uma Amaz\u00f4nia que guarda zelosamente a sedutora beleza natural que a adorna, a vida transbordante que enche os seus rios e as suas florestas.<\/em><\/p>\n<p style=\"text-align: center;\"><em>Sonho com comunidades crist\u00e3s capazes de se devotar e de se encarnar na Amaz\u00f4nia, a tal ponto que deem \u00e0 Igreja rostos novos com tra\u00e7os amaz\u00f4nicos.\u201d (n\u00ba 7)<\/em><\/p>\n<p>Portanto, que essa Missa dedicada \u00e0 cria\u00e7\u00e3o nos ajude a valorizar a Amaz\u00f4nia como um santu\u00e1rio vivo, como express\u00e3o do sagrado no cora\u00e7\u00e3o do Brasil. E que possamos, neste momento, elevar uma ora\u00e7\u00e3o pela Amaz\u00f4nia: pelos seus rios e florestas, pelos seus povos, pelas suas culturas e por n\u00f3s, para que aprendamos a cuidar, proteger e amar a cria\u00e7\u00e3o como irm\u00e3os e irm\u00e3s.<\/p>\n<p>Penso que o melhor ser\u00e1 concluir voltando o nosso olhar a Maria e pedirmos a sua intercess\u00e3o com a palavras do Papa Francisco: (pe\u00e7o que repitam)<\/p>\n<p style=\"text-align: center;\"><em>M\u00e3e da vida,<\/em><\/p>\n<p style=\"text-align: center;\"><em>No vosso seio materno formou-se Jesus,<\/em><\/p>\n<p style=\"text-align: center;\"><em>Que \u00e9 o Senhor de tudo o que existe.<\/em><\/p>\n<p style=\"text-align: center;\"><em>Ressuscitado, Ele transformou-vos com a sua luz<\/em><\/p>\n<p style=\"text-align: center;\"><em>E fez-vos Rainha de toda a cria\u00e7\u00e3o.<\/em><\/p>\n<p style=\"text-align: center;\"><em>Por isso vos pedimos que reines, Maria,<\/em><\/p>\n<p style=\"text-align: center;\"><em>No cora\u00e7\u00e3o palpitante da Amaz\u00f4nia.<\/em><\/p>\n<p style=\"text-align: center;\"><em>Mostrai-vos como m\u00e3e de todas as criaturas,<\/em><\/p>\n<p style=\"text-align: center;\"><em>Na beleza das flores, dos rios,<\/em><\/p>\n<p style=\"text-align: center;\"><em>Do grande rio que atravessa<\/em><\/p>\n<p style=\"text-align: center;\"><em>E de tudo o que vibra nas suas florestas.<\/em><\/p>\n<p style=\"text-align: center;\"><em>Protegei, com o vosso carinho, aquela explos\u00e3o de beleza.<\/em><\/p>\n<p style=\"text-align: center;\"><em>Em v\u00f3s confiamos, M\u00e3e da vida! Am\u00e9m!<\/em><\/p>\n<hr \/>\n<p>Por: Frei Herculano Jos\u00e9 Nu\u00f1gulo\/ Fotos: Rafael Xar\u00e3o<\/p>\n","protected":false},"excerpt":{"rendered":"<p>Dia Mundial de Ora\u00e7\u00e3o pelo Cuidado da Cria\u00e7\u00e3o<\/p>\n","protected":false},"author":11,"featured_media":260160,"comment_status":"open","ping_status":"open","sticky":false,"template":"","format":"standard","meta":[],"categories":[1],"tags":[2411,2249,190,1897],"acf":[],"yoast_head":"<!-- This site is optimized with the Yoast SEO plugin v19.2 - https:\/\/yoast.com\/wordpress\/plugins\/seo\/ -->\n<title>Par\u00f3quia do Sagrado, em Petr\u00f3polis, celebra o Dia Mundial de Ora\u00e7\u00e3o pelo Cuidado da Cria\u00e7\u00e3o - Not\u00edcias - Franciscanos<\/title>\n<meta name=\"robots\" content=\"index, follow, max-snippet:-1, max-image-preview:large, max-video-preview:-1\" \/>\n<link rel=\"canonical\" href=\"https:\/\/franciscanos.org.br\/noticias\/paroquia-do-sagrado-em-petropolis-celebra-o-dia-mundial-de-oracao-pelo-cuidado-da-criacao.html\" \/>\n<meta property=\"og:locale\" content=\"pt_BR\" \/>\n<meta property=\"og:type\" content=\"article\" \/>\n<meta property=\"og:title\" content=\"Par\u00f3quia do Sagrado, em Petr\u00f3polis, celebra o Dia Mundial de Ora\u00e7\u00e3o pelo Cuidado da Cria\u00e7\u00e3o - Not\u00edcias - Franciscanos\" \/>\n<meta property=\"og:description\" content=\"Dia Mundial de Ora\u00e7\u00e3o pelo Cuidado da Cria\u00e7\u00e3o\" \/>\n<meta property=\"og:url\" content=\"https:\/\/franciscanos.org.br\/noticias\/paroquia-do-sagrado-em-petropolis-celebra-o-dia-mundial-de-oracao-pelo-cuidado-da-criacao.html\" \/>\n<meta property=\"og:site_name\" content=\"Not\u00edcias - Franciscanos\" \/>\n<meta property=\"article:published_time\" content=\"2025-09-08T14:25:04+00:00\" \/>\n<meta property=\"article:modified_time\" content=\"2025-09-10T14:25:51+00:00\" \/>\n<meta property=\"og:image\" content=\"https:\/\/franciscanos.org.br\/noticias\/wp-content\/uploads\/2025\/09\/chamada-23.jpg\" \/>\n\t<meta property=\"og:image:width\" content=\"800\" \/>\n\t<meta property=\"og:image:height\" content=\"550\" \/>\n\t<meta property=\"og:image:type\" content=\"image\/jpeg\" \/>\n<meta name=\"author\" content=\"Adriana Rabelo\" \/>\n<meta name=\"twitter:card\" content=\"summary_large_image\" \/>\n<meta name=\"twitter:label1\" content=\"Escrito por\" \/>\n\t<meta name=\"twitter:data1\" content=\"Adriana Rabelo\" \/>\n\t<meta name=\"twitter:label2\" content=\"Est. tempo de leitura\" \/>\n\t<meta name=\"twitter:data2\" content=\"9 minutos\" \/>\n<script type=\"application\/ld+json\" class=\"yoast-schema-graph\">{\"@context\":\"https:\/\/schema.org\",\"@graph\":[{\"@type\":\"WebSite\",\"@id\":\"https:\/\/franciscanos.org.br\/noticias\/#website\",\"url\":\"https:\/\/franciscanos.org.br\/noticias\/\",\"name\":\"Not\u00edcias - Franciscanos\",\"description\":\"Prov\u00edncia Franciscana da Imaculada Concei\u00e7\u00e3o do Brasil - Ordem dos Frades Menores - OFM\",\"potentialAction\":[{\"@type\":\"SearchAction\",\"target\":{\"@type\":\"EntryPoint\",\"urlTemplate\":\"https:\/\/franciscanos.org.br\/noticias\/?s={search_term_string}\"},\"query-input\":\"required name=search_term_string\"}],\"inLanguage\":\"pt-BR\"},{\"@type\":\"ImageObject\",\"inLanguage\":\"pt-BR\",\"@id\":\"https:\/\/franciscanos.org.br\/noticias\/paroquia-do-sagrado-em-petropolis-celebra-o-dia-mundial-de-oracao-pelo-cuidado-da-criacao.html#primaryimage\",\"url\":\"https:\/\/franciscanos.org.br\/noticias\/wp-content\/uploads\/2025\/09\/chamada-23.jpg\",\"contentUrl\":\"https:\/\/franciscanos.org.br\/noticias\/wp-content\/uploads\/2025\/09\/chamada-23.jpg\",\"width\":800,\"height\":550},{\"@type\":\"WebPage\",\"@id\":\"https:\/\/franciscanos.org.br\/noticias\/paroquia-do-sagrado-em-petropolis-celebra-o-dia-mundial-de-oracao-pelo-cuidado-da-criacao.html#webpage\",\"url\":\"https:\/\/franciscanos.org.br\/noticias\/paroquia-do-sagrado-em-petropolis-celebra-o-dia-mundial-de-oracao-pelo-cuidado-da-criacao.html\",\"name\":\"Par\u00f3quia do Sagrado, em Petr\u00f3polis, celebra o Dia Mundial de Ora\u00e7\u00e3o pelo Cuidado da Cria\u00e7\u00e3o - Not\u00edcias - Franciscanos\",\"isPartOf\":{\"@id\":\"https:\/\/franciscanos.org.br\/noticias\/#website\"},\"primaryImageOfPage\":{\"@id\":\"https:\/\/franciscanos.org.br\/noticias\/paroquia-do-sagrado-em-petropolis-celebra-o-dia-mundial-de-oracao-pelo-cuidado-da-criacao.html#primaryimage\"},\"datePublished\":\"2025-09-08T14:25:04+00:00\",\"dateModified\":\"2025-09-10T14:25:51+00:00\",\"author\":{\"@id\":\"https:\/\/franciscanos.org.br\/noticias\/#\/schema\/person\/d9422e83121c3ad3b0f423d195f5bb25\"},\"breadcrumb\":{\"@id\":\"https:\/\/franciscanos.org.br\/noticias\/paroquia-do-sagrado-em-petropolis-celebra-o-dia-mundial-de-oracao-pelo-cuidado-da-criacao.html#breadcrumb\"},\"inLanguage\":\"pt-BR\",\"potentialAction\":[{\"@type\":\"ReadAction\",\"target\":[\"https:\/\/franciscanos.org.br\/noticias\/paroquia-do-sagrado-em-petropolis-celebra-o-dia-mundial-de-oracao-pelo-cuidado-da-criacao.html\"]}]},{\"@type\":\"BreadcrumbList\",\"@id\":\"https:\/\/franciscanos.org.br\/noticias\/paroquia-do-sagrado-em-petropolis-celebra-o-dia-mundial-de-oracao-pelo-cuidado-da-criacao.html#breadcrumb\",\"itemListElement\":[{\"@type\":\"ListItem\",\"position\":1,\"name\":\"Home\",\"item\":\"https:\/\/franciscanos.org.br\/noticias\"},{\"@type\":\"ListItem\",\"position\":2,\"name\":\"Par\u00f3quia do Sagrado, em Petr\u00f3polis, celebra o Dia Mundial de Ora\u00e7\u00e3o pelo Cuidado da Cria\u00e7\u00e3o\"}]},{\"@type\":\"Person\",\"@id\":\"https:\/\/franciscanos.org.br\/noticias\/#\/schema\/person\/d9422e83121c3ad3b0f423d195f5bb25\",\"name\":\"Adriana Rabelo\",\"image\":{\"@type\":\"ImageObject\",\"inLanguage\":\"pt-BR\",\"@id\":\"https:\/\/franciscanos.org.br\/noticias\/#\/schema\/person\/image\/\",\"url\":\"https:\/\/secure.gravatar.com\/avatar\/0a937b7500cd7df77540cfb8bede877d?s=96&d=mm&r=g\",\"contentUrl\":\"https:\/\/secure.gravatar.com\/avatar\/0a937b7500cd7df77540cfb8bede877d?s=96&d=mm&r=g\",\"caption\":\"Adriana Rabelo\"},\"url\":\"https:\/\/franciscanos.org.br\/noticias\/author\/adrianarabelo\"}]}<\/script>\n<!-- \/ Yoast SEO plugin. -->","yoast_head_json":{"title":"Par\u00f3quia do Sagrado, em Petr\u00f3polis, celebra o Dia Mundial de Ora\u00e7\u00e3o pelo Cuidado da Cria\u00e7\u00e3o - Not\u00edcias - Franciscanos","robots":{"index":"index","follow":"follow","max-snippet":"max-snippet:-1","max-image-preview":"max-image-preview:large","max-video-preview":"max-video-preview:-1"},"canonical":"https:\/\/franciscanos.org.br\/noticias\/paroquia-do-sagrado-em-petropolis-celebra-o-dia-mundial-de-oracao-pelo-cuidado-da-criacao.html","og_locale":"pt_BR","og_type":"article","og_title":"Par\u00f3quia do Sagrado, em Petr\u00f3polis, celebra o Dia Mundial de Ora\u00e7\u00e3o pelo Cuidado da Cria\u00e7\u00e3o - Not\u00edcias - Franciscanos","og_description":"Dia Mundial de Ora\u00e7\u00e3o pelo Cuidado da Cria\u00e7\u00e3o","og_url":"https:\/\/franciscanos.org.br\/noticias\/paroquia-do-sagrado-em-petropolis-celebra-o-dia-mundial-de-oracao-pelo-cuidado-da-criacao.html","og_site_name":"Not\u00edcias - Franciscanos","article_published_time":"2025-09-08T14:25:04+00:00","article_modified_time":"2025-09-10T14:25:51+00:00","og_image":[{"width":800,"height":550,"url":"https:\/\/franciscanos.org.br\/noticias\/wp-content\/uploads\/2025\/09\/chamada-23.jpg","type":"image\/jpeg"}],"author":"Adriana Rabelo","twitter_card":"summary_large_image","twitter_misc":{"Escrito por":"Adriana Rabelo","Est. tempo de leitura":"9 minutos"},"schema":{"@context":"https:\/\/schema.org","@graph":[{"@type":"WebSite","@id":"https:\/\/franciscanos.org.br\/noticias\/#website","url":"https:\/\/franciscanos.org.br\/noticias\/","name":"Not\u00edcias - Franciscanos","description":"Prov\u00edncia Franciscana da Imaculada Concei\u00e7\u00e3o do Brasil - Ordem dos Frades Menores - OFM","potentialAction":[{"@type":"SearchAction","target":{"@type":"EntryPoint","urlTemplate":"https:\/\/franciscanos.org.br\/noticias\/?s={search_term_string}"},"query-input":"required name=search_term_string"}],"inLanguage":"pt-BR"},{"@type":"ImageObject","inLanguage":"pt-BR","@id":"https:\/\/franciscanos.org.br\/noticias\/paroquia-do-sagrado-em-petropolis-celebra-o-dia-mundial-de-oracao-pelo-cuidado-da-criacao.html#primaryimage","url":"https:\/\/franciscanos.org.br\/noticias\/wp-content\/uploads\/2025\/09\/chamada-23.jpg","contentUrl":"https:\/\/franciscanos.org.br\/noticias\/wp-content\/uploads\/2025\/09\/chamada-23.jpg","width":800,"height":550},{"@type":"WebPage","@id":"https:\/\/franciscanos.org.br\/noticias\/paroquia-do-sagrado-em-petropolis-celebra-o-dia-mundial-de-oracao-pelo-cuidado-da-criacao.html#webpage","url":"https:\/\/franciscanos.org.br\/noticias\/paroquia-do-sagrado-em-petropolis-celebra-o-dia-mundial-de-oracao-pelo-cuidado-da-criacao.html","name":"Par\u00f3quia do Sagrado, em Petr\u00f3polis, celebra o Dia Mundial de Ora\u00e7\u00e3o pelo Cuidado da Cria\u00e7\u00e3o - Not\u00edcias - Franciscanos","isPartOf":{"@id":"https:\/\/franciscanos.org.br\/noticias\/#website"},"primaryImageOfPage":{"@id":"https:\/\/franciscanos.org.br\/noticias\/paroquia-do-sagrado-em-petropolis-celebra-o-dia-mundial-de-oracao-pelo-cuidado-da-criacao.html#primaryimage"},"datePublished":"2025-09-08T14:25:04+00:00","dateModified":"2025-09-10T14:25:51+00:00","author":{"@id":"https:\/\/franciscanos.org.br\/noticias\/#\/schema\/person\/d9422e83121c3ad3b0f423d195f5bb25"},"breadcrumb":{"@id":"https:\/\/franciscanos.org.br\/noticias\/paroquia-do-sagrado-em-petropolis-celebra-o-dia-mundial-de-oracao-pelo-cuidado-da-criacao.html#breadcrumb"},"inLanguage":"pt-BR","potentialAction":[{"@type":"ReadAction","target":["https:\/\/franciscanos.org.br\/noticias\/paroquia-do-sagrado-em-petropolis-celebra-o-dia-mundial-de-oracao-pelo-cuidado-da-criacao.html"]}]},{"@type":"BreadcrumbList","@id":"https:\/\/franciscanos.org.br\/noticias\/paroquia-do-sagrado-em-petropolis-celebra-o-dia-mundial-de-oracao-pelo-cuidado-da-criacao.html#breadcrumb","itemListElement":[{"@type":"ListItem","position":1,"name":"Home","item":"https:\/\/franciscanos.org.br\/noticias"},{"@type":"ListItem","position":2,"name":"Par\u00f3quia do Sagrado, em Petr\u00f3polis, celebra o Dia Mundial de Ora\u00e7\u00e3o pelo Cuidado da Cria\u00e7\u00e3o"}]},{"@type":"Person","@id":"https:\/\/franciscanos.org.br\/noticias\/#\/schema\/person\/d9422e83121c3ad3b0f423d195f5bb25","name":"Adriana Rabelo","image":{"@type":"ImageObject","inLanguage":"pt-BR","@id":"https:\/\/franciscanos.org.br\/noticias\/#\/schema\/person\/image\/","url":"https:\/\/secure.gravatar.com\/avatar\/0a937b7500cd7df77540cfb8bede877d?s=96&d=mm&r=g","contentUrl":"https:\/\/secure.gravatar.com\/avatar\/0a937b7500cd7df77540cfb8bede877d?s=96&d=mm&r=g","caption":"Adriana Rabelo"},"url":"https:\/\/franciscanos.org.br\/noticias\/author\/adrianarabelo"}]}},"_links":{"self":[{"href":"https:\/\/franciscanos.org.br\/noticias\/wp-json\/wp\/v2\/posts\/260159"}],"collection":[{"href":"https:\/\/franciscanos.org.br\/noticias\/wp-json\/wp\/v2\/posts"}],"about":[{"href":"https:\/\/franciscanos.org.br\/noticias\/wp-json\/wp\/v2\/types\/post"}],"author":[{"embeddable":true,"href":"https:\/\/franciscanos.org.br\/noticias\/wp-json\/wp\/v2\/users\/11"}],"replies":[{"embeddable":true,"href":"https:\/\/franciscanos.org.br\/noticias\/wp-json\/wp\/v2\/comments?post=260159"}],"version-history":[{"count":4,"href":"https:\/\/franciscanos.org.br\/noticias\/wp-json\/wp\/v2\/posts\/260159\/revisions"}],"predecessor-version":[{"id":260167,"href":"https:\/\/franciscanos.org.br\/noticias\/wp-json\/wp\/v2\/posts\/260159\/revisions\/260167"}],"wp:featuredmedia":[{"embeddable":true,"href":"https:\/\/franciscanos.org.br\/noticias\/wp-json\/wp\/v2\/media\/260160"}],"wp:attachment":[{"href":"https:\/\/franciscanos.org.br\/noticias\/wp-json\/wp\/v2\/media?parent=260159"}],"wp:term":[{"taxonomy":"category","embeddable":true,"href":"https:\/\/franciscanos.org.br\/noticias\/wp-json\/wp\/v2\/categories?post=260159"},{"taxonomy":"post_tag","embeddable":true,"href":"https:\/\/franciscanos.org.br\/noticias\/wp-json\/wp\/v2\/tags?post=260159"}],"curies":[{"name":"wp","href":"https:\/\/api.w.org\/{rel}","templated":true}]}}