{"id":260142,"date":"2025-09-10T09:38:48","date_gmt":"2025-09-10T12:38:48","guid":{"rendered":"https:\/\/franciscanos.org.br\/noticias\/?p=260142"},"modified":"2025-09-10T09:43:15","modified_gmt":"2025-09-10T12:43:15","slug":"fraterniade-seminario-monte-alverne-em-angola-acolhe-vinte-e-um-aspirantes-franciscanos","status":"publish","type":"post","link":"https:\/\/franciscanos.org.br\/noticias\/fraterniade-seminario-monte-alverne-em-angola-acolhe-vinte-e-um-aspirantes-franciscanos.html","title":{"rendered":"Fraternidade Semin\u00e1rio Monte Alverne, em Angola, acolhe vinte e um aspirantes franciscanos"},"content":{"rendered":"<p data-start=\"280\" data-end=\"854\"><img loading=\"lazy\" class=\"aligncenter wp-image-260144 size-full\" src=\"https:\/\/franciscanos.org.br\/noticias\/wp-content\/uploads\/2025\/09\/materia1-3.jpg\" alt=\"\" width=\"1280\" height=\"720\" srcset=\"https:\/\/franciscanos.org.br\/noticias\/wp-content\/uploads\/2025\/09\/materia1-3.jpg 1280w, https:\/\/franciscanos.org.br\/noticias\/wp-content\/uploads\/2025\/09\/materia1-3-450x253.jpg 450w, https:\/\/franciscanos.org.br\/noticias\/wp-content\/uploads\/2025\/09\/materia1-3-1024x576.jpg 1024w, https:\/\/franciscanos.org.br\/noticias\/wp-content\/uploads\/2025\/09\/materia1-3-768x432.jpg 768w, https:\/\/franciscanos.org.br\/noticias\/wp-content\/uploads\/2025\/09\/materia1-3-150x84.jpg 150w\" sizes=\"(max-width: 1280px) 100vw, 1280px\" \/><\/p>\n<p data-start=\"280\" data-end=\"854\">Movidos pelo sopro da gra\u00e7a divina e pela livre e consciente disposi\u00e7\u00e3o de corresponder ao chamado do Senhor, 21 seminaristas foram admitidos ao Aspirantado da Ordem dos Frades Menores, no Semin\u00e1rio Monte Alverne, em Catepa \u2013 Malanje, Angola, no \u00faltimo dia 30 de agosto. Em uma Santa Missa realizada na capela do local, Frei Canga Manuel Mazoa, guardi\u00e3o da fraternidade, presidiu a celebra\u00e7\u00e3o e, juntamente com Frei Ivair Bueno de Carvalho, presidente da FIMDA; Frei Ant\u00f3nio da Silva Manuel, vig\u00e1rio e orientador; al\u00e9m dos demais confrades, acolheram os frades aspirantes.<\/p>\n<p data-start=\"856\" data-end=\"1068\">Esta etapa inicial da forma\u00e7\u00e3o franciscana marca o in\u00edcio de um caminho de discernimento e amadurecimento vocacional, preparando os cora\u00e7\u00f5es e a vida desses jovens para o passo subsequente rumo ao Postulantado.<\/p>\n\n\t\t<style type=\"text\/css\">\n\t\t\t#gallery-1 {\n\t\t\t\tmargin: auto;\n\t\t\t}\n\t\t\t#gallery-1 .gallery-item {\n\t\t\t\tfloat: left;\n\t\t\t\tmargin-top: 10px;\n\t\t\t\ttext-align: center;\n\t\t\t\twidth: 33%;\n\t\t\t}\n\t\t\t#gallery-1 img {\n\t\t\t\tborder: 2px solid #cfcfcf;\n\t\t\t}\n\t\t\t#gallery-1 .gallery-caption {\n\t\t\t\tmargin-left: 0;\n\t\t\t}\n\t\t\t\/* see gallery_shortcode() in wp-includes\/media.php *\/\n\t\t<\/style>\n\t\t<div id='gallery-1' class='gallery galleryid-260142 gallery-columns-3 gallery-size-thumbnail'><dl class='gallery-item'>\n\t\t\t<dt class='gallery-icon landscape'>\n\t\t\t\t<a href='https:\/\/franciscanos.org.br\/noticias\/wp-content\/uploads\/2025\/09\/IMG-20250910-WA0016.jpg'><img width=\"300\" height=\"300\" src=\"https:\/\/franciscanos.org.br\/noticias\/wp-content\/uploads\/2025\/09\/IMG-20250910-WA0016-300x300.jpg\" class=\"attachment-thumbnail size-thumbnail\" alt=\"\" loading=\"lazy\" srcset=\"https:\/\/franciscanos.org.br\/noticias\/wp-content\/uploads\/2025\/09\/IMG-20250910-WA0016-300x300.jpg 300w, https:\/\/franciscanos.org.br\/noticias\/wp-content\/uploads\/2025\/09\/IMG-20250910-WA0016-100x100.jpg 100w\" sizes=\"(max-width: 300px) 100vw, 300px\" \/><\/a>\n\t\t\t<\/dt><\/dl><dl class='gallery-item'>\n\t\t\t<dt class='gallery-icon landscape'>\n\t\t\t\t<a href='https:\/\/franciscanos.org.br\/noticias\/wp-content\/uploads\/2025\/09\/IMG-20250910-WA0017.jpg'><img width=\"300\" height=\"300\" src=\"https:\/\/franciscanos.org.br\/noticias\/wp-content\/uploads\/2025\/09\/IMG-20250910-WA0017-300x300.jpg\" class=\"attachment-thumbnail size-thumbnail\" alt=\"\" loading=\"lazy\" srcset=\"https:\/\/franciscanos.org.br\/noticias\/wp-content\/uploads\/2025\/09\/IMG-20250910-WA0017-300x300.jpg 300w, https:\/\/franciscanos.org.br\/noticias\/wp-content\/uploads\/2025\/09\/IMG-20250910-WA0017-100x100.jpg 100w\" sizes=\"(max-width: 300px) 100vw, 300px\" \/><\/a>\n\t\t\t<\/dt><\/dl><dl class='gallery-item'>\n\t\t\t<dt class='gallery-icon landscape'>\n\t\t\t\t<a href='https:\/\/franciscanos.org.br\/noticias\/wp-content\/uploads\/2025\/09\/IMG-20250910-WA0031.jpg'><img width=\"300\" height=\"300\" src=\"https:\/\/franciscanos.org.br\/noticias\/wp-content\/uploads\/2025\/09\/IMG-20250910-WA0031-300x300.jpg\" class=\"attachment-thumbnail size-thumbnail\" alt=\"\" loading=\"lazy\" srcset=\"https:\/\/franciscanos.org.br\/noticias\/wp-content\/uploads\/2025\/09\/IMG-20250910-WA0031-300x300.jpg 300w, https:\/\/franciscanos.org.br\/noticias\/wp-content\/uploads\/2025\/09\/IMG-20250910-WA0031-100x100.jpg 100w\" sizes=\"(max-width: 300px) 100vw, 300px\" \/><\/a>\n\t\t\t<\/dt><\/dl><br style=\"clear: both\" \/>\n\t\t<\/div>\n\n<p data-start=\"1070\" data-end=\"1383\">Ainda nesta vertente lit\u00fargica, todos os que se fizeram presentes, de certa forma, foram agraciados com a profunda homilia proferida pelo Frei Ivair Bueno de Carvalho. Suas palavras ressoaram como convite \u00e0 reflex\u00e3o e \u00e0 decis\u00e3o, conduzindo a assembleia a mergulhar nas ra\u00edzes espirituais da voca\u00e7\u00e3o franciscana.<\/p>\n<p data-start=\"1385\" data-end=\"1840\">Com voz serena e convicta, o presidente da Funda\u00e7\u00e3o\u00a0 Imaculada M\u00e3e de Deus de Angola (FIMDA) iniciou sua mensagem dirigindo-se aos irm\u00e3os que desejam seguir a Cristo \u00e0 maneira de S\u00e3o Francisco de Assis. Recordou que a convers\u00e3o do Pobrezinho de Assis encontra sua origem diante do Crucificado de S\u00e3o Dami\u00e3o. \u201cFoi ali, no sil\u00eancio eloquente da cruz, que Francisco elevou ao Senhor a s\u00faplica que atravessa os s\u00e9culos e continua a inspirar cada voca\u00e7\u00e3o: \u2018Senhor, que queres que eu fa\u00e7a?\u2019\u201d, salientou.<\/p>\n<p data-start=\"1842\" data-end=\"2214\">A partir dessa experi\u00eancia fundante, o pregador sublinhou que a voca\u00e7\u00e3o n\u00e3o \u00e9 um acontecimento est\u00e1tico, mas um dinamismo cont\u00ednuo que se renova diariamente com a mesma interroga\u00e7\u00e3o: \u201cSenhor, que queres que eu fa\u00e7a diante do Crucificado?\u201d. Segundo ele, esta pergunta deve iluminar cada escolha, animar cada servi\u00e7o e fortalecer a esperan\u00e7a de todo crist\u00e3o e franciscano.<\/p>\n<p data-start=\"2216\" data-end=\"2836\">Para al\u00e9m desta reflex\u00e3o, Frei Ivair estabeleceu fecundo di\u00e1logo com as leituras proclamadas na liturgia. Na primeira leitura (1Ts 4,9-11), S\u00e3o Paulo exorta: \u201cV\u00f3s aprendestes de Deus a amar-vos uns aos outros.\u201d \u00c0 luz desse ensinamento, o pregador destacou que S\u00e3o Francisco, em sua humildade radical, compreendeu a fraternidade n\u00e3o como projeto humano, mas como dom divino. Em suas pr\u00f3prias palavras: \u201cDepois que o Senhor me deu irm\u00e3os, ningu\u00e9m mais me mostrou o que eu devia fazer; o pr\u00f3prio Alt\u00edssimo me revelou.\u201d Assim, cada irm\u00e3o \u00e9 presen\u00e7a de Deus, e cada fraternidade \u00e9 express\u00e3o concreta da comunh\u00e3o dos santos.<\/p>\n<p data-start=\"2838\" data-end=\"3208\"><img loading=\"lazy\" class=\"aligncenter wp-image-260155 size-full\" src=\"https:\/\/franciscanos.org.br\/noticias\/wp-content\/uploads\/2025\/09\/materia3-4.jpg\" alt=\"\" width=\"1280\" height=\"720\" srcset=\"https:\/\/franciscanos.org.br\/noticias\/wp-content\/uploads\/2025\/09\/materia3-4.jpg 1280w, https:\/\/franciscanos.org.br\/noticias\/wp-content\/uploads\/2025\/09\/materia3-4-450x253.jpg 450w, https:\/\/franciscanos.org.br\/noticias\/wp-content\/uploads\/2025\/09\/materia3-4-1024x576.jpg 1024w, https:\/\/franciscanos.org.br\/noticias\/wp-content\/uploads\/2025\/09\/materia3-4-768x432.jpg 768w, https:\/\/franciscanos.org.br\/noticias\/wp-content\/uploads\/2025\/09\/materia3-4-150x84.jpg 150w\" sizes=\"(max-width: 1280px) 100vw, 1280px\" \/><\/p>\n<p data-start=\"2838\" data-end=\"3208\">Por sua vez, o Evangelho (Mt 25,14-30), com a par\u00e1bola dos talentos, refor\u00e7ou o chamado \u00e0 fidelidade cotidiana. O frade ressaltou que o tempo da gra\u00e7a \u00e9 o hoje: o passado j\u00e1 se foi, o futuro pertence a Deus, e o presente \u00e9 o espa\u00e7o da decis\u00e3o. Ser fiel no pouco, aqui e agora, significa multiplicar os dons recebidos, n\u00e3o permitindo que o medo ou a in\u00e9rcia os sepulte.<\/p>\n<p data-start=\"3210\" data-end=\"3655\">Neste ponto, o pregador advertiu com clareza que o medo n\u00e3o pode ser senhor da vida crist\u00e3. O temor de Deus, que \u00e9 rever\u00eancia e confian\u00e7a, gera liberdade; j\u00e1 o medo humano paralisa e sufoca a voca\u00e7\u00e3o. Ao recordar a atitude do servo que disse: \u201cTive medo e escondi o teu talento na terra\u201d, Frei Ivair exortou todos a n\u00e3o se deixarem dominar por esse sentimento, mas a viverem com coragem, confian\u00e7a e entrega filial \u00c0quele que chama e sustenta.<\/p>\n<p data-start=\"3657\" data-end=\"3996\">Concluindo sua homilia, convidou a assembleia a viver com fidelidade di\u00e1ria a voca\u00e7\u00e3o recebida, colocando os talentos a servi\u00e7o da Igreja e do Reino. Deixou, assim, uma certeza consoladora: aquele que permanece fiel no pouco j\u00e1 participa, desde esta vida, da alegria do Senhor, e um dia ser\u00e1 introduzido na plenitude eterna do Seu Reino.<\/p>\n\n\t\t<style type=\"text\/css\">\n\t\t\t#gallery-2 {\n\t\t\t\tmargin: auto;\n\t\t\t}\n\t\t\t#gallery-2 .gallery-item {\n\t\t\t\tfloat: left;\n\t\t\t\tmargin-top: 10px;\n\t\t\t\ttext-align: center;\n\t\t\t\twidth: 25%;\n\t\t\t}\n\t\t\t#gallery-2 img {\n\t\t\t\tborder: 2px solid #cfcfcf;\n\t\t\t}\n\t\t\t#gallery-2 .gallery-caption {\n\t\t\t\tmargin-left: 0;\n\t\t\t}\n\t\t\t\/* see gallery_shortcode() in wp-includes\/media.php *\/\n\t\t<\/style>\n\t\t<div id='gallery-2' class='gallery galleryid-260142 gallery-columns-4 gallery-size-thumbnail'><dl class='gallery-item'>\n\t\t\t<dt class='gallery-icon landscape'>\n\t\t\t\t<a href='https:\/\/franciscanos.org.br\/noticias\/wp-content\/uploads\/2025\/09\/IMG-20250910-WA0019.jpg'><img width=\"300\" height=\"300\" src=\"https:\/\/franciscanos.org.br\/noticias\/wp-content\/uploads\/2025\/09\/IMG-20250910-WA0019-300x300.jpg\" class=\"attachment-thumbnail size-thumbnail\" alt=\"\" loading=\"lazy\" srcset=\"https:\/\/franciscanos.org.br\/noticias\/wp-content\/uploads\/2025\/09\/IMG-20250910-WA0019-300x300.jpg 300w, https:\/\/franciscanos.org.br\/noticias\/wp-content\/uploads\/2025\/09\/IMG-20250910-WA0019-100x100.jpg 100w\" sizes=\"(max-width: 300px) 100vw, 300px\" \/><\/a>\n\t\t\t<\/dt><\/dl><dl class='gallery-item'>\n\t\t\t<dt class='gallery-icon landscape'>\n\t\t\t\t<a href='https:\/\/franciscanos.org.br\/noticias\/wp-content\/uploads\/2025\/09\/IMG-20250910-WA0058.jpg'><img width=\"300\" height=\"300\" src=\"https:\/\/franciscanos.org.br\/noticias\/wp-content\/uploads\/2025\/09\/IMG-20250910-WA0058-300x300.jpg\" class=\"attachment-thumbnail size-thumbnail\" alt=\"\" loading=\"lazy\" srcset=\"https:\/\/franciscanos.org.br\/noticias\/wp-content\/uploads\/2025\/09\/IMG-20250910-WA0058-300x300.jpg 300w, https:\/\/franciscanos.org.br\/noticias\/wp-content\/uploads\/2025\/09\/IMG-20250910-WA0058-100x100.jpg 100w\" sizes=\"(max-width: 300px) 100vw, 300px\" \/><\/a>\n\t\t\t<\/dt><\/dl><dl class='gallery-item'>\n\t\t\t<dt class='gallery-icon landscape'>\n\t\t\t\t<a href='https:\/\/franciscanos.org.br\/noticias\/wp-content\/uploads\/2025\/09\/IMG-20250910-WA0028.jpg'><img width=\"300\" height=\"300\" src=\"https:\/\/franciscanos.org.br\/noticias\/wp-content\/uploads\/2025\/09\/IMG-20250910-WA0028-300x300.jpg\" class=\"attachment-thumbnail size-thumbnail\" alt=\"\" loading=\"lazy\" srcset=\"https:\/\/franciscanos.org.br\/noticias\/wp-content\/uploads\/2025\/09\/IMG-20250910-WA0028-300x300.jpg 300w, https:\/\/franciscanos.org.br\/noticias\/wp-content\/uploads\/2025\/09\/IMG-20250910-WA0028-100x100.jpg 100w\" sizes=\"(max-width: 300px) 100vw, 300px\" \/><\/a>\n\t\t\t<\/dt><\/dl><dl class='gallery-item'>\n\t\t\t<dt class='gallery-icon landscape'>\n\t\t\t\t<a href='https:\/\/franciscanos.org.br\/noticias\/wp-content\/uploads\/2025\/09\/IMG-20250910-WA0046.jpg'><img width=\"300\" height=\"300\" src=\"https:\/\/franciscanos.org.br\/noticias\/wp-content\/uploads\/2025\/09\/IMG-20250910-WA0046-300x300.jpg\" class=\"attachment-thumbnail size-thumbnail\" alt=\"\" loading=\"lazy\" srcset=\"https:\/\/franciscanos.org.br\/noticias\/wp-content\/uploads\/2025\/09\/IMG-20250910-WA0046-300x300.jpg 300w, https:\/\/franciscanos.org.br\/noticias\/wp-content\/uploads\/2025\/09\/IMG-20250910-WA0046-100x100.jpg 100w\" sizes=\"(max-width: 300px) 100vw, 300px\" \/><\/a>\n\t\t\t<\/dt><\/dl><br style=\"clear: both\" \/>\n\t\t<\/div>\n\n<p data-start=\"3998\" data-end=\"4418\">Em harmonia com esta reflex\u00e3o, ressoaram tamb\u00e9m as palavras de Santa Clara de Assis: \u201cN\u00e3o perca de vista o seu ponto de partida.\u201d O Aspirantado \u00e9 precisamente essa porta de entrada para a vida religiosa consagrada, tempo de mergulho na espiritualidade franciscana, mediante a conviv\u00eancia fraterna com os frades e a orienta\u00e7\u00e3o formativa. \u00c9 um per\u00edodo de descoberta, de Deus, do pr\u00f3prio cora\u00e7\u00e3o e do caminho a percorrer.<\/p>\n<p data-start=\"4420\" data-end=\"4794\">Al\u00e9m disso, nesta etapa, os candidatos estudam a hist\u00f3ria e a espiritualidade franciscana, participam de experi\u00eancias apost\u00f3licas que expressam o carisma e se inserem progressivamente na vida da fraternidade. Trata-se de um processo de discernimento m\u00fatuo, no qual tanto o candidato quanto a comunidade buscam reconhecer os sinais de um chamado aut\u00eantico \u00e0 vida religiosa.<\/p>\n<p data-start=\"4796\" data-end=\"5024\"><img loading=\"lazy\" class=\"aligncenter wp-image-260154 size-full\" src=\"https:\/\/franciscanos.org.br\/noticias\/wp-content\/uploads\/2025\/09\/materia2-4.jpg\" alt=\"\" width=\"1280\" height=\"720\" srcset=\"https:\/\/franciscanos.org.br\/noticias\/wp-content\/uploads\/2025\/09\/materia2-4.jpg 1280w, https:\/\/franciscanos.org.br\/noticias\/wp-content\/uploads\/2025\/09\/materia2-4-450x253.jpg 450w, https:\/\/franciscanos.org.br\/noticias\/wp-content\/uploads\/2025\/09\/materia2-4-1024x576.jpg 1024w, https:\/\/franciscanos.org.br\/noticias\/wp-content\/uploads\/2025\/09\/materia2-4-768x432.jpg 768w, https:\/\/franciscanos.org.br\/noticias\/wp-content\/uploads\/2025\/09\/materia2-4-150x84.jpg 150w\" sizes=\"(max-width: 1280px) 100vw, 1280px\" \/>Portanto, esse tempo de forma\u00e7\u00e3o configura-se como passo fundamental na caminhada vocacional: tempo de gra\u00e7a, de crescimento e de escuta atenta da voz de Deus, que chama cada um a responder com liberdade e amor ao Seu convite.<\/p>\n<p data-start=\"5026\" data-end=\"5400\">Por fim, elevamos nossas preces ao Alt\u00edssimo e Onipotente Bom Senhor, Princ\u00edpio e Fim de todas as coisas, para que neste novo ano formativo derrame copiosas b\u00ean\u00e7\u00e3os sobre os aspirantes, sustentando-os em sua caminhada. Que a Virgem Maria, M\u00e3e da Igreja e Rainha dos Anjos, junto de S\u00e3o Francisco e Santa Clara, os proteja e guie com ternura materna e fortaleza espiritual. Paz e Bem!<\/p>\n<hr \/>\n<p data-start=\"5420\" data-end=\"5469\"><em data-start=\"5420\" data-end=\"5467\">Texto e fotos: Frei Bernardino Quessongo<\/em><\/p>\n","protected":false},"excerpt":{"rendered":"<p>Aspirantado na FIMDA<\/p>\n","protected":false},"author":11,"featured_media":260143,"comment_status":"open","ping_status":"open","sticky":false,"template":"","format":"standard","meta":[],"categories":[1],"tags":[650,195],"acf":[],"yoast_head":"<!-- This site is optimized with the Yoast SEO plugin v19.2 - https:\/\/yoast.com\/wordpress\/plugins\/seo\/ -->\n<title>Fraternidade Semin\u00e1rio Monte Alverne, em Angola, acolhe vinte e um aspirantes franciscanos - Not\u00edcias - Franciscanos<\/title>\n<meta name=\"robots\" content=\"index, follow, max-snippet:-1, max-image-preview:large, max-video-preview:-1\" \/>\n<link rel=\"canonical\" href=\"https:\/\/franciscanos.org.br\/noticias\/fraterniade-seminario-monte-alverne-em-angola-acolhe-vinte-e-um-aspirantes-franciscanos.html\" \/>\n<meta property=\"og:locale\" content=\"pt_BR\" \/>\n<meta property=\"og:type\" content=\"article\" \/>\n<meta property=\"og:title\" content=\"Fraternidade Semin\u00e1rio Monte Alverne, em Angola, acolhe vinte e um aspirantes franciscanos - Not\u00edcias - Franciscanos\" \/>\n<meta property=\"og:description\" content=\"Aspirantado na FIMDA\" \/>\n<meta property=\"og:url\" content=\"https:\/\/franciscanos.org.br\/noticias\/fraterniade-seminario-monte-alverne-em-angola-acolhe-vinte-e-um-aspirantes-franciscanos.html\" \/>\n<meta property=\"og:site_name\" content=\"Not\u00edcias - Franciscanos\" \/>\n<meta property=\"article:published_time\" content=\"2025-09-10T12:38:48+00:00\" \/>\n<meta property=\"article:modified_time\" content=\"2025-09-10T12:43:15+00:00\" \/>\n<meta property=\"og:image\" content=\"https:\/\/franciscanos.org.br\/noticias\/wp-content\/uploads\/2025\/09\/chamada-22.jpg\" \/>\n\t<meta property=\"og:image:width\" content=\"800\" \/>\n\t<meta property=\"og:image:height\" content=\"550\" \/>\n\t<meta property=\"og:image:type\" content=\"image\/jpeg\" \/>\n<meta name=\"author\" content=\"Adriana Rabelo\" \/>\n<meta name=\"twitter:card\" content=\"summary_large_image\" \/>\n<meta name=\"twitter:label1\" content=\"Escrito por\" \/>\n\t<meta name=\"twitter:data1\" content=\"Adriana Rabelo\" \/>\n\t<meta name=\"twitter:label2\" content=\"Est. tempo de leitura\" \/>\n\t<meta name=\"twitter:data2\" content=\"5 minutos\" \/>\n<script type=\"application\/ld+json\" class=\"yoast-schema-graph\">{\"@context\":\"https:\/\/schema.org\",\"@graph\":[{\"@type\":\"WebSite\",\"@id\":\"https:\/\/franciscanos.org.br\/noticias\/#website\",\"url\":\"https:\/\/franciscanos.org.br\/noticias\/\",\"name\":\"Not\u00edcias - Franciscanos\",\"description\":\"Prov\u00edncia Franciscana da Imaculada Concei\u00e7\u00e3o do Brasil - Ordem dos Frades Menores - OFM\",\"potentialAction\":[{\"@type\":\"SearchAction\",\"target\":{\"@type\":\"EntryPoint\",\"urlTemplate\":\"https:\/\/franciscanos.org.br\/noticias\/?s={search_term_string}\"},\"query-input\":\"required name=search_term_string\"}],\"inLanguage\":\"pt-BR\"},{\"@type\":\"ImageObject\",\"inLanguage\":\"pt-BR\",\"@id\":\"https:\/\/franciscanos.org.br\/noticias\/fraterniade-seminario-monte-alverne-em-angola-acolhe-vinte-e-um-aspirantes-franciscanos.html#primaryimage\",\"url\":\"https:\/\/franciscanos.org.br\/noticias\/wp-content\/uploads\/2025\/09\/chamada-22.jpg\",\"contentUrl\":\"https:\/\/franciscanos.org.br\/noticias\/wp-content\/uploads\/2025\/09\/chamada-22.jpg\",\"width\":800,\"height\":550},{\"@type\":\"WebPage\",\"@id\":\"https:\/\/franciscanos.org.br\/noticias\/fraterniade-seminario-monte-alverne-em-angola-acolhe-vinte-e-um-aspirantes-franciscanos.html#webpage\",\"url\":\"https:\/\/franciscanos.org.br\/noticias\/fraterniade-seminario-monte-alverne-em-angola-acolhe-vinte-e-um-aspirantes-franciscanos.html\",\"name\":\"Fraternidade Semin\u00e1rio Monte Alverne, em Angola, acolhe vinte e um aspirantes franciscanos - Not\u00edcias - Franciscanos\",\"isPartOf\":{\"@id\":\"https:\/\/franciscanos.org.br\/noticias\/#website\"},\"primaryImageOfPage\":{\"@id\":\"https:\/\/franciscanos.org.br\/noticias\/fraterniade-seminario-monte-alverne-em-angola-acolhe-vinte-e-um-aspirantes-franciscanos.html#primaryimage\"},\"datePublished\":\"2025-09-10T12:38:48+00:00\",\"dateModified\":\"2025-09-10T12:43:15+00:00\",\"author\":{\"@id\":\"https:\/\/franciscanos.org.br\/noticias\/#\/schema\/person\/d9422e83121c3ad3b0f423d195f5bb25\"},\"breadcrumb\":{\"@id\":\"https:\/\/franciscanos.org.br\/noticias\/fraterniade-seminario-monte-alverne-em-angola-acolhe-vinte-e-um-aspirantes-franciscanos.html#breadcrumb\"},\"inLanguage\":\"pt-BR\",\"potentialAction\":[{\"@type\":\"ReadAction\",\"target\":[\"https:\/\/franciscanos.org.br\/noticias\/fraterniade-seminario-monte-alverne-em-angola-acolhe-vinte-e-um-aspirantes-franciscanos.html\"]}]},{\"@type\":\"BreadcrumbList\",\"@id\":\"https:\/\/franciscanos.org.br\/noticias\/fraterniade-seminario-monte-alverne-em-angola-acolhe-vinte-e-um-aspirantes-franciscanos.html#breadcrumb\",\"itemListElement\":[{\"@type\":\"ListItem\",\"position\":1,\"name\":\"Home\",\"item\":\"https:\/\/franciscanos.org.br\/noticias\"},{\"@type\":\"ListItem\",\"position\":2,\"name\":\"Fraternidade Semin\u00e1rio Monte Alverne, em Angola, acolhe vinte e um aspirantes franciscanos\"}]},{\"@type\":\"Person\",\"@id\":\"https:\/\/franciscanos.org.br\/noticias\/#\/schema\/person\/d9422e83121c3ad3b0f423d195f5bb25\",\"name\":\"Adriana Rabelo\",\"image\":{\"@type\":\"ImageObject\",\"inLanguage\":\"pt-BR\",\"@id\":\"https:\/\/franciscanos.org.br\/noticias\/#\/schema\/person\/image\/\",\"url\":\"https:\/\/secure.gravatar.com\/avatar\/0a937b7500cd7df77540cfb8bede877d?s=96&d=mm&r=g\",\"contentUrl\":\"https:\/\/secure.gravatar.com\/avatar\/0a937b7500cd7df77540cfb8bede877d?s=96&d=mm&r=g\",\"caption\":\"Adriana Rabelo\"},\"url\":\"https:\/\/franciscanos.org.br\/noticias\/author\/adrianarabelo\"}]}<\/script>\n<!-- \/ Yoast SEO plugin. -->","yoast_head_json":{"title":"Fraternidade Semin\u00e1rio Monte Alverne, em Angola, acolhe vinte e um aspirantes franciscanos - Not\u00edcias - Franciscanos","robots":{"index":"index","follow":"follow","max-snippet":"max-snippet:-1","max-image-preview":"max-image-preview:large","max-video-preview":"max-video-preview:-1"},"canonical":"https:\/\/franciscanos.org.br\/noticias\/fraterniade-seminario-monte-alverne-em-angola-acolhe-vinte-e-um-aspirantes-franciscanos.html","og_locale":"pt_BR","og_type":"article","og_title":"Fraternidade Semin\u00e1rio Monte Alverne, em Angola, acolhe vinte e um aspirantes franciscanos - Not\u00edcias - Franciscanos","og_description":"Aspirantado na FIMDA","og_url":"https:\/\/franciscanos.org.br\/noticias\/fraterniade-seminario-monte-alverne-em-angola-acolhe-vinte-e-um-aspirantes-franciscanos.html","og_site_name":"Not\u00edcias - Franciscanos","article_published_time":"2025-09-10T12:38:48+00:00","article_modified_time":"2025-09-10T12:43:15+00:00","og_image":[{"width":800,"height":550,"url":"https:\/\/franciscanos.org.br\/noticias\/wp-content\/uploads\/2025\/09\/chamada-22.jpg","type":"image\/jpeg"}],"author":"Adriana Rabelo","twitter_card":"summary_large_image","twitter_misc":{"Escrito por":"Adriana Rabelo","Est. tempo de leitura":"5 minutos"},"schema":{"@context":"https:\/\/schema.org","@graph":[{"@type":"WebSite","@id":"https:\/\/franciscanos.org.br\/noticias\/#website","url":"https:\/\/franciscanos.org.br\/noticias\/","name":"Not\u00edcias - Franciscanos","description":"Prov\u00edncia Franciscana da Imaculada Concei\u00e7\u00e3o do Brasil - Ordem dos Frades Menores - OFM","potentialAction":[{"@type":"SearchAction","target":{"@type":"EntryPoint","urlTemplate":"https:\/\/franciscanos.org.br\/noticias\/?s={search_term_string}"},"query-input":"required name=search_term_string"}],"inLanguage":"pt-BR"},{"@type":"ImageObject","inLanguage":"pt-BR","@id":"https:\/\/franciscanos.org.br\/noticias\/fraterniade-seminario-monte-alverne-em-angola-acolhe-vinte-e-um-aspirantes-franciscanos.html#primaryimage","url":"https:\/\/franciscanos.org.br\/noticias\/wp-content\/uploads\/2025\/09\/chamada-22.jpg","contentUrl":"https:\/\/franciscanos.org.br\/noticias\/wp-content\/uploads\/2025\/09\/chamada-22.jpg","width":800,"height":550},{"@type":"WebPage","@id":"https:\/\/franciscanos.org.br\/noticias\/fraterniade-seminario-monte-alverne-em-angola-acolhe-vinte-e-um-aspirantes-franciscanos.html#webpage","url":"https:\/\/franciscanos.org.br\/noticias\/fraterniade-seminario-monte-alverne-em-angola-acolhe-vinte-e-um-aspirantes-franciscanos.html","name":"Fraternidade Semin\u00e1rio Monte Alverne, em Angola, acolhe vinte e um aspirantes franciscanos - Not\u00edcias - Franciscanos","isPartOf":{"@id":"https:\/\/franciscanos.org.br\/noticias\/#website"},"primaryImageOfPage":{"@id":"https:\/\/franciscanos.org.br\/noticias\/fraterniade-seminario-monte-alverne-em-angola-acolhe-vinte-e-um-aspirantes-franciscanos.html#primaryimage"},"datePublished":"2025-09-10T12:38:48+00:00","dateModified":"2025-09-10T12:43:15+00:00","author":{"@id":"https:\/\/franciscanos.org.br\/noticias\/#\/schema\/person\/d9422e83121c3ad3b0f423d195f5bb25"},"breadcrumb":{"@id":"https:\/\/franciscanos.org.br\/noticias\/fraterniade-seminario-monte-alverne-em-angola-acolhe-vinte-e-um-aspirantes-franciscanos.html#breadcrumb"},"inLanguage":"pt-BR","potentialAction":[{"@type":"ReadAction","target":["https:\/\/franciscanos.org.br\/noticias\/fraterniade-seminario-monte-alverne-em-angola-acolhe-vinte-e-um-aspirantes-franciscanos.html"]}]},{"@type":"BreadcrumbList","@id":"https:\/\/franciscanos.org.br\/noticias\/fraterniade-seminario-monte-alverne-em-angola-acolhe-vinte-e-um-aspirantes-franciscanos.html#breadcrumb","itemListElement":[{"@type":"ListItem","position":1,"name":"Home","item":"https:\/\/franciscanos.org.br\/noticias"},{"@type":"ListItem","position":2,"name":"Fraternidade Semin\u00e1rio Monte Alverne, em Angola, acolhe vinte e um aspirantes franciscanos"}]},{"@type":"Person","@id":"https:\/\/franciscanos.org.br\/noticias\/#\/schema\/person\/d9422e83121c3ad3b0f423d195f5bb25","name":"Adriana Rabelo","image":{"@type":"ImageObject","inLanguage":"pt-BR","@id":"https:\/\/franciscanos.org.br\/noticias\/#\/schema\/person\/image\/","url":"https:\/\/secure.gravatar.com\/avatar\/0a937b7500cd7df77540cfb8bede877d?s=96&d=mm&r=g","contentUrl":"https:\/\/secure.gravatar.com\/avatar\/0a937b7500cd7df77540cfb8bede877d?s=96&d=mm&r=g","caption":"Adriana Rabelo"},"url":"https:\/\/franciscanos.org.br\/noticias\/author\/adrianarabelo"}]}},"_links":{"self":[{"href":"https:\/\/franciscanos.org.br\/noticias\/wp-json\/wp\/v2\/posts\/260142"}],"collection":[{"href":"https:\/\/franciscanos.org.br\/noticias\/wp-json\/wp\/v2\/posts"}],"about":[{"href":"https:\/\/franciscanos.org.br\/noticias\/wp-json\/wp\/v2\/types\/post"}],"author":[{"embeddable":true,"href":"https:\/\/franciscanos.org.br\/noticias\/wp-json\/wp\/v2\/users\/11"}],"replies":[{"embeddable":true,"href":"https:\/\/franciscanos.org.br\/noticias\/wp-json\/wp\/v2\/comments?post=260142"}],"version-history":[{"count":3,"href":"https:\/\/franciscanos.org.br\/noticias\/wp-json\/wp\/v2\/posts\/260142\/revisions"}],"predecessor-version":[{"id":260158,"href":"https:\/\/franciscanos.org.br\/noticias\/wp-json\/wp\/v2\/posts\/260142\/revisions\/260158"}],"wp:featuredmedia":[{"embeddable":true,"href":"https:\/\/franciscanos.org.br\/noticias\/wp-json\/wp\/v2\/media\/260143"}],"wp:attachment":[{"href":"https:\/\/franciscanos.org.br\/noticias\/wp-json\/wp\/v2\/media?parent=260142"}],"wp:term":[{"taxonomy":"category","embeddable":true,"href":"https:\/\/franciscanos.org.br\/noticias\/wp-json\/wp\/v2\/categories?post=260142"},{"taxonomy":"post_tag","embeddable":true,"href":"https:\/\/franciscanos.org.br\/noticias\/wp-json\/wp\/v2\/tags?post=260142"}],"curies":[{"name":"wp","href":"https:\/\/api.w.org\/{rel}","templated":true}]}}