{"id":260137,"date":"2025-09-10T07:10:45","date_gmt":"2025-09-10T10:10:45","guid":{"rendered":"https:\/\/franciscanos.org.br\/noticias\/?p=260137"},"modified":"2025-09-12T08:15:46","modified_gmt":"2025-09-12T11:15:46","slug":"o-papa-aprendamos-com-jesus-o-grito-da-esperanca-que-nao-desiste","status":"publish","type":"post","link":"https:\/\/franciscanos.org.br\/noticias\/o-papa-aprendamos-com-jesus-o-grito-da-esperanca-que-nao-desiste.html","title":{"rendered":"O Papa: aprendamos com Jesus o grito da esperan\u00e7a que n\u00e3o desiste"},"content":{"rendered":"<p><em><img loading=\"lazy\" class=\"aligncenter wp-image-260138 size-full\" src=\"https:\/\/franciscanos.org.br\/noticias\/wp-content\/uploads\/2025\/09\/materia-10.jpg\" alt=\"\" width=\"1280\" height=\"720\" srcset=\"https:\/\/franciscanos.org.br\/noticias\/wp-content\/uploads\/2025\/09\/materia-10.jpg 1280w, https:\/\/franciscanos.org.br\/noticias\/wp-content\/uploads\/2025\/09\/materia-10-450x253.jpg 450w, https:\/\/franciscanos.org.br\/noticias\/wp-content\/uploads\/2025\/09\/materia-10-1024x576.jpg 1024w, https:\/\/franciscanos.org.br\/noticias\/wp-content\/uploads\/2025\/09\/materia-10-768x432.jpg 768w, https:\/\/franciscanos.org.br\/noticias\/wp-content\/uploads\/2025\/09\/materia-10-150x84.jpg 150w\" sizes=\"(max-width: 1280px) 100vw, 1280px\" \/><\/em><\/p>\n<p><em>A catequese de Le\u00e3o XIV foi centrada na experi\u00eancia de Jesus crucificado. &#8220;Na cruz, Jesus n\u00e3o morre em sil\u00eancio&#8221;, disse o Papa. Ele &#8220;deixa a sua vida com um grito&#8221; e &#8220;este grito abrange tudo: dor, abandono, f\u00e9 e oferenda. N\u00e3o \u00e9 apenas a voz de um corpo que cede, mas o sinal m\u00e1ximo de uma vida que se entrega&#8221;, sublinhou o Pont\u00edfice.<\/em><\/p>\n<hr \/>\n<p>A morte de Jesus na cruz foi o centro da catequese do Papa Le\u00e3o XIV na Audi\u00eancia Geral, desta quarta-feira (10\/09), realizada na Pra\u00e7a S\u00e3o Pedro.<\/p>\n<p>N\u00e3o obstante o dia nublado e chuvoso, milhares de fi\u00e9is e peregrinos participaram deste encontro semanal com o Pont\u00edfice.<\/p>\n<p>&#8220;Os Evangelhos atestam um pormenor precios\u00edssimo, que merece ser contemplado com a intelig\u00eancia da f\u00e9: na cruz, Jesus n\u00e3o morre em sil\u00eancio. Ele n\u00e3o se apaga lentamente, como uma luz que se consuma, mas deixa a sua vida com um grito: \u00abEnt\u00e3o Jesus, soltando um forte grito, expirou\u00bb. Este grito abrange tudo: dor, abandono, f\u00e9 e oferenda. N\u00e3o \u00e9 apenas a voz de um corpo que cede, mas o sinal m\u00e1ximo de uma vida que se entrega&#8221;, disse o Papa Le\u00e3o.<\/p>\n<p>&#8220;O grito de Jesus \u00e9 precedido de uma pergunta, uma das mais pungentes que se pode proferir: \u00abMeu Deus, meu Deus, porque me abandonaste? \u00bb. \u00c9 o primeiro vers\u00edculo do Salmo 22, mas nos l\u00e1bios de Jesus assume um peso singular&#8221;, frisou o Pont\u00edfice, acrescentando:<\/p>\n<p>O Filho, que sempre viveu em \u00edntima comunh\u00e3o com o Pai, experimenta agora o sil\u00eancio, a aus\u00eancia, o abismo. N\u00e3o \u00e9 uma crise de f\u00e9, mas a etapa final de um amor que se entrega completamente. O grito de Jesus n\u00e3o \u00e9 de desespero, mas de sinceridade, de verdade levada ao limite, de confian\u00e7a que perdura mesmo quando tudo \u00e9 sil\u00eancio.<\/p>\n<p>&#8220;Deus j\u00e1 n\u00e3o habita atr\u00e1s de um v\u00e9u; o seu rosto \u00e9 agora totalmente vis\u00edvel no Crucifixo. \u00c9 ali, naquele homem atormentado, que se revela o maior amor&#8221;, sublinhou o Papa, ressaltando que o centuri\u00e3o, que era um pag\u00e3o, compreendeu, mas n\u00e3o &#8220;porque ouviu um discurso, mas porque viu Jesus morrer daquela maneira&#8221;. Ele disse: \u00abVerdadeiramente este homem era Filho de Deus!\u00bb.<\/p>\n<p>\u00c9 a primeira profiss\u00e3o de f\u00e9 ap\u00f3s a morte de Jesus. \u00c9 o fruto de um grito que n\u00e3o se perdeu no vento, mas tocou um cora\u00e7\u00e3o. Por vezes, o que n\u00e3o conseguimos expressar com palavras, expressamo-lo com a voz. Quando o cora\u00e7\u00e3o est\u00e1 cheio, clama. E isso nem sempre \u00e9 sinal de fraqueza; pode ser um profundo ato de humanidade.<\/p>\n<p>De acordo com o Papa, &#8220;o Evangelho d\u00e1 ao nosso clamor um imenso valor, lembrando-nos que pode ser uma invoca\u00e7\u00e3o, um protesto, um desejo, uma entrega. De fato, pode ser a forma suprema da ora\u00e7\u00e3o, quando j\u00e1 n\u00e3o nos restam mais palavras. Naquele grito, Jesus colocou tudo o que lhe restava: todo o seu amor, toda a sua esperan\u00e7a&#8221;.<\/p>\n<p>&#8220;Uma esperan\u00e7a que n\u00e3o desiste. Gritamos quando acreditamos que algu\u00e9m ainda pode ouvir. Clamamos n\u00e3o por desespero, mas por desejo. Jesus n\u00e3o gritou contra o Pai, mas para Ele. Mesmo em sil\u00eancio, estava convencido de que o Pai estava ali. E assim nos mostrou que a nossa esperan\u00e7a pode gritar, mesmo quando tudo parece perdido&#8221;, disse ainda o Pont\u00edfice.<\/p>\n<p>Gritar torna-se ent\u00e3o um gesto espiritual. N\u00e3o \u00e9 apenas o primeiro ato do nosso nascimento \u2014 quando viemos ao mundo a chorar \u2014 \u00e9 tamb\u00e9m uma forma de nos mantermos vivos. Gritamos quando sofremos, mas tamb\u00e9m quando amamos, chamamos, invocamos. Gritar \u00e9 dizer que estamos aqui, que n\u00e3o nos queremos esvair em sil\u00eancio, que ainda temos algo para oferecer.<\/p>\n<p>O Papa recordou que existem momentos na vida &#8220;em que guardar tudo dentro de n\u00f3s pode consumir-nos lentamente. Jesus nos ensina a n\u00e3o ter medo do clamor, desde que seja sincero, humilde e dirigido ao Pai. Um clamor nunca \u00e9 em v\u00e3o, se vier do amor. Nunca \u00e9 ignorado, se for entregue a Deus. \u00c9 uma forma de evitar ceder ao cinismo, de continuar a acreditar que outro mundo \u00e9 poss\u00edvel&#8221;.<\/p>\n<p>Le\u00e3o XIV concluiu, convidando a aprender com Jesus &#8220;aprendamos o grito da esperan\u00e7a quando chega a hora da prova\u00e7\u00e3o extrema. N\u00e3o para magoar, mas para confiar. N\u00e3o para gritar contra ningu\u00e9m, mas para abrir o cora\u00e7\u00e3o. Se o nosso grito for verdadeiro, pode ser o limiar de uma nova luz, de um novo nascimento. Como foi para Jesus: quando tudo parecia terminado, a salva\u00e7\u00e3o estava, na verdade, prestes a come\u00e7ar. Se expressada com a confian\u00e7a e a liberdade dos filhos de Deus, a voz angustiada da nossa humanidade, unida \u00e0 voz de Cristo, pode tornar-se fonte de esperan\u00e7a para n\u00f3s e para os que nos rodeiam&#8221;.<\/p>\n<hr \/>\n<p><em>Mariangela Jaguraba &#8211; Vatican News<\/em><\/p>\n","protected":false},"excerpt":{"rendered":"<p>Audi\u00eancia Geral<\/p>\n","protected":false},"author":11,"featured_media":260139,"comment_status":"open","ping_status":"open","sticky":false,"template":"","format":"standard","meta":[],"categories":[1,2410,2345],"tags":[487,2343],"acf":[],"yoast_head":"<!-- This site is optimized with the Yoast SEO plugin v19.2 - https:\/\/yoast.com\/wordpress\/plugins\/seo\/ -->\n<title>O Papa: aprendamos com Jesus o grito da esperan\u00e7a que n\u00e3o desiste - Not\u00edcias - Franciscanos<\/title>\n<meta name=\"robots\" content=\"index, follow, max-snippet:-1, max-image-preview:large, max-video-preview:-1\" \/>\n<link rel=\"canonical\" href=\"https:\/\/franciscanos.org.br\/noticias\/o-papa-aprendamos-com-jesus-o-grito-da-esperanca-que-nao-desiste.html\" \/>\n<meta property=\"og:locale\" content=\"pt_BR\" \/>\n<meta property=\"og:type\" content=\"article\" \/>\n<meta property=\"og:title\" content=\"O Papa: aprendamos com Jesus o grito da esperan\u00e7a que n\u00e3o desiste - Not\u00edcias - Franciscanos\" \/>\n<meta property=\"og:description\" content=\"Audi\u00eancia Geral\" \/>\n<meta property=\"og:url\" content=\"https:\/\/franciscanos.org.br\/noticias\/o-papa-aprendamos-com-jesus-o-grito-da-esperanca-que-nao-desiste.html\" \/>\n<meta property=\"og:site_name\" content=\"Not\u00edcias - Franciscanos\" \/>\n<meta property=\"article:published_time\" content=\"2025-09-10T10:10:45+00:00\" \/>\n<meta property=\"article:modified_time\" content=\"2025-09-12T11:15:46+00:00\" \/>\n<meta property=\"og:image\" content=\"https:\/\/franciscanos.org.br\/noticias\/wp-content\/uploads\/2025\/09\/chamada-21.jpg\" \/>\n\t<meta property=\"og:image:width\" content=\"800\" \/>\n\t<meta property=\"og:image:height\" content=\"550\" \/>\n\t<meta property=\"og:image:type\" content=\"image\/jpeg\" \/>\n<meta name=\"author\" content=\"Adriana Rabelo\" \/>\n<meta name=\"twitter:card\" content=\"summary_large_image\" \/>\n<meta name=\"twitter:label1\" content=\"Escrito por\" \/>\n\t<meta name=\"twitter:data1\" content=\"Adriana Rabelo\" \/>\n\t<meta name=\"twitter:label2\" content=\"Est. tempo de leitura\" \/>\n\t<meta name=\"twitter:data2\" content=\"4 minutos\" \/>\n<script type=\"application\/ld+json\" class=\"yoast-schema-graph\">{\"@context\":\"https:\/\/schema.org\",\"@graph\":[{\"@type\":\"WebSite\",\"@id\":\"https:\/\/franciscanos.org.br\/noticias\/#website\",\"url\":\"https:\/\/franciscanos.org.br\/noticias\/\",\"name\":\"Not\u00edcias - Franciscanos\",\"description\":\"Prov\u00edncia Franciscana da Imaculada Concei\u00e7\u00e3o do Brasil - Ordem dos Frades Menores - OFM\",\"potentialAction\":[{\"@type\":\"SearchAction\",\"target\":{\"@type\":\"EntryPoint\",\"urlTemplate\":\"https:\/\/franciscanos.org.br\/noticias\/?s={search_term_string}\"},\"query-input\":\"required name=search_term_string\"}],\"inLanguage\":\"pt-BR\"},{\"@type\":\"ImageObject\",\"inLanguage\":\"pt-BR\",\"@id\":\"https:\/\/franciscanos.org.br\/noticias\/o-papa-aprendamos-com-jesus-o-grito-da-esperanca-que-nao-desiste.html#primaryimage\",\"url\":\"https:\/\/franciscanos.org.br\/noticias\/wp-content\/uploads\/2025\/09\/chamada-21.jpg\",\"contentUrl\":\"https:\/\/franciscanos.org.br\/noticias\/wp-content\/uploads\/2025\/09\/chamada-21.jpg\",\"width\":800,\"height\":550},{\"@type\":\"WebPage\",\"@id\":\"https:\/\/franciscanos.org.br\/noticias\/o-papa-aprendamos-com-jesus-o-grito-da-esperanca-que-nao-desiste.html#webpage\",\"url\":\"https:\/\/franciscanos.org.br\/noticias\/o-papa-aprendamos-com-jesus-o-grito-da-esperanca-que-nao-desiste.html\",\"name\":\"O Papa: aprendamos com Jesus o grito da esperan\u00e7a que n\u00e3o desiste - Not\u00edcias - Franciscanos\",\"isPartOf\":{\"@id\":\"https:\/\/franciscanos.org.br\/noticias\/#website\"},\"primaryImageOfPage\":{\"@id\":\"https:\/\/franciscanos.org.br\/noticias\/o-papa-aprendamos-com-jesus-o-grito-da-esperanca-que-nao-desiste.html#primaryimage\"},\"datePublished\":\"2025-09-10T10:10:45+00:00\",\"dateModified\":\"2025-09-12T11:15:46+00:00\",\"author\":{\"@id\":\"https:\/\/franciscanos.org.br\/noticias\/#\/schema\/person\/d9422e83121c3ad3b0f423d195f5bb25\"},\"breadcrumb\":{\"@id\":\"https:\/\/franciscanos.org.br\/noticias\/o-papa-aprendamos-com-jesus-o-grito-da-esperanca-que-nao-desiste.html#breadcrumb\"},\"inLanguage\":\"pt-BR\",\"potentialAction\":[{\"@type\":\"ReadAction\",\"target\":[\"https:\/\/franciscanos.org.br\/noticias\/o-papa-aprendamos-com-jesus-o-grito-da-esperanca-que-nao-desiste.html\"]}]},{\"@type\":\"BreadcrumbList\",\"@id\":\"https:\/\/franciscanos.org.br\/noticias\/o-papa-aprendamos-com-jesus-o-grito-da-esperanca-que-nao-desiste.html#breadcrumb\",\"itemListElement\":[{\"@type\":\"ListItem\",\"position\":1,\"name\":\"Home\",\"item\":\"https:\/\/franciscanos.org.br\/noticias\"},{\"@type\":\"ListItem\",\"position\":2,\"name\":\"O Papa: aprendamos com Jesus o grito da esperan\u00e7a que n\u00e3o desiste\"}]},{\"@type\":\"Person\",\"@id\":\"https:\/\/franciscanos.org.br\/noticias\/#\/schema\/person\/d9422e83121c3ad3b0f423d195f5bb25\",\"name\":\"Adriana Rabelo\",\"image\":{\"@type\":\"ImageObject\",\"inLanguage\":\"pt-BR\",\"@id\":\"https:\/\/franciscanos.org.br\/noticias\/#\/schema\/person\/image\/\",\"url\":\"https:\/\/secure.gravatar.com\/avatar\/0a937b7500cd7df77540cfb8bede877d?s=96&d=mm&r=g\",\"contentUrl\":\"https:\/\/secure.gravatar.com\/avatar\/0a937b7500cd7df77540cfb8bede877d?s=96&d=mm&r=g\",\"caption\":\"Adriana Rabelo\"},\"url\":\"https:\/\/franciscanos.org.br\/noticias\/author\/adrianarabelo\"}]}<\/script>\n<!-- \/ Yoast SEO plugin. -->","yoast_head_json":{"title":"O Papa: aprendamos com Jesus o grito da esperan\u00e7a que n\u00e3o desiste - Not\u00edcias - Franciscanos","robots":{"index":"index","follow":"follow","max-snippet":"max-snippet:-1","max-image-preview":"max-image-preview:large","max-video-preview":"max-video-preview:-1"},"canonical":"https:\/\/franciscanos.org.br\/noticias\/o-papa-aprendamos-com-jesus-o-grito-da-esperanca-que-nao-desiste.html","og_locale":"pt_BR","og_type":"article","og_title":"O Papa: aprendamos com Jesus o grito da esperan\u00e7a que n\u00e3o desiste - Not\u00edcias - Franciscanos","og_description":"Audi\u00eancia Geral","og_url":"https:\/\/franciscanos.org.br\/noticias\/o-papa-aprendamos-com-jesus-o-grito-da-esperanca-que-nao-desiste.html","og_site_name":"Not\u00edcias - Franciscanos","article_published_time":"2025-09-10T10:10:45+00:00","article_modified_time":"2025-09-12T11:15:46+00:00","og_image":[{"width":800,"height":550,"url":"https:\/\/franciscanos.org.br\/noticias\/wp-content\/uploads\/2025\/09\/chamada-21.jpg","type":"image\/jpeg"}],"author":"Adriana Rabelo","twitter_card":"summary_large_image","twitter_misc":{"Escrito por":"Adriana Rabelo","Est. tempo de leitura":"4 minutos"},"schema":{"@context":"https:\/\/schema.org","@graph":[{"@type":"WebSite","@id":"https:\/\/franciscanos.org.br\/noticias\/#website","url":"https:\/\/franciscanos.org.br\/noticias\/","name":"Not\u00edcias - Franciscanos","description":"Prov\u00edncia Franciscana da Imaculada Concei\u00e7\u00e3o do Brasil - Ordem dos Frades Menores - OFM","potentialAction":[{"@type":"SearchAction","target":{"@type":"EntryPoint","urlTemplate":"https:\/\/franciscanos.org.br\/noticias\/?s={search_term_string}"},"query-input":"required name=search_term_string"}],"inLanguage":"pt-BR"},{"@type":"ImageObject","inLanguage":"pt-BR","@id":"https:\/\/franciscanos.org.br\/noticias\/o-papa-aprendamos-com-jesus-o-grito-da-esperanca-que-nao-desiste.html#primaryimage","url":"https:\/\/franciscanos.org.br\/noticias\/wp-content\/uploads\/2025\/09\/chamada-21.jpg","contentUrl":"https:\/\/franciscanos.org.br\/noticias\/wp-content\/uploads\/2025\/09\/chamada-21.jpg","width":800,"height":550},{"@type":"WebPage","@id":"https:\/\/franciscanos.org.br\/noticias\/o-papa-aprendamos-com-jesus-o-grito-da-esperanca-que-nao-desiste.html#webpage","url":"https:\/\/franciscanos.org.br\/noticias\/o-papa-aprendamos-com-jesus-o-grito-da-esperanca-que-nao-desiste.html","name":"O Papa: aprendamos com Jesus o grito da esperan\u00e7a que n\u00e3o desiste - Not\u00edcias - Franciscanos","isPartOf":{"@id":"https:\/\/franciscanos.org.br\/noticias\/#website"},"primaryImageOfPage":{"@id":"https:\/\/franciscanos.org.br\/noticias\/o-papa-aprendamos-com-jesus-o-grito-da-esperanca-que-nao-desiste.html#primaryimage"},"datePublished":"2025-09-10T10:10:45+00:00","dateModified":"2025-09-12T11:15:46+00:00","author":{"@id":"https:\/\/franciscanos.org.br\/noticias\/#\/schema\/person\/d9422e83121c3ad3b0f423d195f5bb25"},"breadcrumb":{"@id":"https:\/\/franciscanos.org.br\/noticias\/o-papa-aprendamos-com-jesus-o-grito-da-esperanca-que-nao-desiste.html#breadcrumb"},"inLanguage":"pt-BR","potentialAction":[{"@type":"ReadAction","target":["https:\/\/franciscanos.org.br\/noticias\/o-papa-aprendamos-com-jesus-o-grito-da-esperanca-que-nao-desiste.html"]}]},{"@type":"BreadcrumbList","@id":"https:\/\/franciscanos.org.br\/noticias\/o-papa-aprendamos-com-jesus-o-grito-da-esperanca-que-nao-desiste.html#breadcrumb","itemListElement":[{"@type":"ListItem","position":1,"name":"Home","item":"https:\/\/franciscanos.org.br\/noticias"},{"@type":"ListItem","position":2,"name":"O Papa: aprendamos com Jesus o grito da esperan\u00e7a que n\u00e3o desiste"}]},{"@type":"Person","@id":"https:\/\/franciscanos.org.br\/noticias\/#\/schema\/person\/d9422e83121c3ad3b0f423d195f5bb25","name":"Adriana Rabelo","image":{"@type":"ImageObject","inLanguage":"pt-BR","@id":"https:\/\/franciscanos.org.br\/noticias\/#\/schema\/person\/image\/","url":"https:\/\/secure.gravatar.com\/avatar\/0a937b7500cd7df77540cfb8bede877d?s=96&d=mm&r=g","contentUrl":"https:\/\/secure.gravatar.com\/avatar\/0a937b7500cd7df77540cfb8bede877d?s=96&d=mm&r=g","caption":"Adriana Rabelo"},"url":"https:\/\/franciscanos.org.br\/noticias\/author\/adrianarabelo"}]}},"_links":{"self":[{"href":"https:\/\/franciscanos.org.br\/noticias\/wp-json\/wp\/v2\/posts\/260137"}],"collection":[{"href":"https:\/\/franciscanos.org.br\/noticias\/wp-json\/wp\/v2\/posts"}],"about":[{"href":"https:\/\/franciscanos.org.br\/noticias\/wp-json\/wp\/v2\/types\/post"}],"author":[{"embeddable":true,"href":"https:\/\/franciscanos.org.br\/noticias\/wp-json\/wp\/v2\/users\/11"}],"replies":[{"embeddable":true,"href":"https:\/\/franciscanos.org.br\/noticias\/wp-json\/wp\/v2\/comments?post=260137"}],"version-history":[{"count":1,"href":"https:\/\/franciscanos.org.br\/noticias\/wp-json\/wp\/v2\/posts\/260137\/revisions"}],"predecessor-version":[{"id":260140,"href":"https:\/\/franciscanos.org.br\/noticias\/wp-json\/wp\/v2\/posts\/260137\/revisions\/260140"}],"wp:featuredmedia":[{"embeddable":true,"href":"https:\/\/franciscanos.org.br\/noticias\/wp-json\/wp\/v2\/media\/260139"}],"wp:attachment":[{"href":"https:\/\/franciscanos.org.br\/noticias\/wp-json\/wp\/v2\/media?parent=260137"}],"wp:term":[{"taxonomy":"category","embeddable":true,"href":"https:\/\/franciscanos.org.br\/noticias\/wp-json\/wp\/v2\/categories?post=260137"},{"taxonomy":"post_tag","embeddable":true,"href":"https:\/\/franciscanos.org.br\/noticias\/wp-json\/wp\/v2\/tags?post=260137"}],"curies":[{"name":"wp","href":"https:\/\/api.w.org\/{rel}","templated":true}]}}