{"id":260128,"date":"2025-09-09T07:30:18","date_gmt":"2025-09-09T10:30:18","guid":{"rendered":"https:\/\/franciscanos.org.br\/noticias\/?p=260128"},"modified":"2025-09-09T12:47:32","modified_gmt":"2025-09-09T15:47:32","slug":"sefras-participa-do-grito-dos-excluidos-e-reforca-o-cuidado-com-a-casa-comum-e-a-democracia","status":"publish","type":"post","link":"https:\/\/franciscanos.org.br\/noticias\/sefras-participa-do-grito-dos-excluidos-e-reforca-o-cuidado-com-a-casa-comum-e-a-democracia.html","title":{"rendered":"Sefras participa do \u201cGrito dos Exclu\u00eddos\u201d e refor\u00e7a o cuidado com a Casa Comum e a democracia"},"content":{"rendered":"<p><span style=\"font-weight: 400;\"><img loading=\"lazy\" class=\"aligncenter wp-image-260130 size-full\" src=\"https:\/\/franciscanos.org.br\/noticias\/wp-content\/uploads\/2025\/09\/MATERIA-1-16.jpg\" alt=\"\" width=\"1280\" height=\"720\" srcset=\"https:\/\/franciscanos.org.br\/noticias\/wp-content\/uploads\/2025\/09\/MATERIA-1-16.jpg 1280w, https:\/\/franciscanos.org.br\/noticias\/wp-content\/uploads\/2025\/09\/MATERIA-1-16-450x253.jpg 450w, https:\/\/franciscanos.org.br\/noticias\/wp-content\/uploads\/2025\/09\/MATERIA-1-16-1024x576.jpg 1024w, https:\/\/franciscanos.org.br\/noticias\/wp-content\/uploads\/2025\/09\/MATERIA-1-16-768x432.jpg 768w, https:\/\/franciscanos.org.br\/noticias\/wp-content\/uploads\/2025\/09\/MATERIA-1-16-150x84.jpg 150w\" sizes=\"(max-width: 1280px) 100vw, 1280px\" \/><\/span><\/p>\n<p><span style=\"font-weight: 400;\">No \u00faltimo 7 de setembro,\u00a0 Sefras &#8211; A\u00e7\u00e3o Social Franciscana &#8211; esteve presente no <strong>31\u00ba Grito dos Exclu\u00eddos e Exclu\u00eddas<\/strong>, que neste ano trouxe como tema <\/span><strong><i>\u201cCuidar da Casa Comum e da Democracia \u00e9 Luta de Todo Dia\u201d<\/i><\/strong><span style=\"font-weight: 400;\">. A mobiliza\u00e7\u00e3o, criada em 1994 pela Confer\u00eancia Nacional dos Bispos do Brasil (CNBB), se consolidou como espa\u00e7o de den\u00fancia e resist\u00eancia, reunindo movimentos sociais, organiza\u00e7\u00f5es populares e trabalhadores em todo o pa\u00eds.<\/span><\/p>\n<p><span style=\"font-weight: 400;\">As casas do Sefras estiveram presentes nas regi\u00f5es centrais de S\u00e3o Paulo e do Rio de Janeiro, levando \u00e0s ruas suas pautas e bandeiras. A Casas de Assis realizou uma apresenta\u00e7\u00e3o musical com os pr\u00f3prios participantes, unindo arte e voz pol\u00edtica. A Casa de Clara, o Ch\u00e1 do Padre e o Recifran levaram placas confeccionadas coletivamente que denunciaram diferentes formas de exclus\u00e3o ainda t\u00e3o vivas na sociedade: o direito negado ao voto para migrantes e imigrantes, o preconceito persistente contra pessoas atingidas pela hansen\u00edase, a viol\u00eancia e criminaliza\u00e7\u00e3o contra a popula\u00e7\u00e3o em situa\u00e7\u00e3o de rua e a invisibilidade que marca a vida das pessoas idosas.<\/span><\/p>\n\n\t\t<style type=\"text\/css\">\n\t\t\t#gallery-1 {\n\t\t\t\tmargin: auto;\n\t\t\t}\n\t\t\t#gallery-1 .gallery-item {\n\t\t\t\tfloat: left;\n\t\t\t\tmargin-top: 10px;\n\t\t\t\ttext-align: center;\n\t\t\t\twidth: 33%;\n\t\t\t}\n\t\t\t#gallery-1 img {\n\t\t\t\tborder: 2px solid #cfcfcf;\n\t\t\t}\n\t\t\t#gallery-1 .gallery-caption {\n\t\t\t\tmargin-left: 0;\n\t\t\t}\n\t\t\t\/* see gallery_shortcode() in wp-includes\/media.php *\/\n\t\t<\/style>\n\t\t<div id='gallery-1' class='gallery galleryid-260128 gallery-columns-3 gallery-size-thumbnail'><dl class='gallery-item'>\n\t\t\t<dt class='gallery-icon portrait'>\n\t\t\t\t<a href='https:\/\/franciscanos.org.br\/noticias\/wp-content\/uploads\/2025\/09\/IMG_6672-scaled.jpg'><img width=\"300\" height=\"300\" src=\"https:\/\/franciscanos.org.br\/noticias\/wp-content\/uploads\/2025\/09\/IMG_6672-300x300.jpg\" class=\"attachment-thumbnail size-thumbnail\" alt=\"\" loading=\"lazy\" srcset=\"https:\/\/franciscanos.org.br\/noticias\/wp-content\/uploads\/2025\/09\/IMG_6672-300x300.jpg 300w, https:\/\/franciscanos.org.br\/noticias\/wp-content\/uploads\/2025\/09\/IMG_6672-100x100.jpg 100w\" sizes=\"(max-width: 300px) 100vw, 300px\" \/><\/a>\n\t\t\t<\/dt><\/dl><dl class='gallery-item'>\n\t\t\t<dt class='gallery-icon portrait'>\n\t\t\t\t<a href='https:\/\/franciscanos.org.br\/noticias\/wp-content\/uploads\/2025\/09\/IMG_6678-scaled.jpg'><img width=\"300\" height=\"300\" src=\"https:\/\/franciscanos.org.br\/noticias\/wp-content\/uploads\/2025\/09\/IMG_6678-300x300.jpg\" class=\"attachment-thumbnail size-thumbnail\" alt=\"\" loading=\"lazy\" srcset=\"https:\/\/franciscanos.org.br\/noticias\/wp-content\/uploads\/2025\/09\/IMG_6678-300x300.jpg 300w, https:\/\/franciscanos.org.br\/noticias\/wp-content\/uploads\/2025\/09\/IMG_6678-100x100.jpg 100w\" sizes=\"(max-width: 300px) 100vw, 300px\" \/><\/a>\n\t\t\t<\/dt><\/dl><dl class='gallery-item'>\n\t\t\t<dt class='gallery-icon portrait'>\n\t\t\t\t<a href='https:\/\/franciscanos.org.br\/noticias\/wp-content\/uploads\/2025\/09\/IMG_6684-scaled.jpg'><img width=\"300\" height=\"300\" src=\"https:\/\/franciscanos.org.br\/noticias\/wp-content\/uploads\/2025\/09\/IMG_6684-300x300.jpg\" class=\"attachment-thumbnail size-thumbnail\" alt=\"\" loading=\"lazy\" srcset=\"https:\/\/franciscanos.org.br\/noticias\/wp-content\/uploads\/2025\/09\/IMG_6684-300x300.jpg 300w, https:\/\/franciscanos.org.br\/noticias\/wp-content\/uploads\/2025\/09\/IMG_6684-100x100.jpg 100w\" sizes=\"(max-width: 300px) 100vw, 300px\" \/><\/a>\n\t\t\t<\/dt><\/dl><br style=\"clear: both\" \/>\n\t\t<\/div>\n\n<p><span style=\"font-weight: 400;\">Segundo Nathalia Braz, coordenadora da Casa de Alice, o Grito \u00e9 tamb\u00e9m um espa\u00e7o de esperan\u00e7a. \u201cO Grito dos Exclu\u00eddos e Exclu\u00eddas nasceu com a miss\u00e3o de dar protagonismo a quem sempre foi silenciado. Estar na rua neste 7 de setembro \u00e9 reafirmar que n\u00e3o renunciamos \u00e0 luta. Somos chamados a ressignificar nossas prioridades enquanto sociedade, a lembrar que somos parte da natureza e que n\u00e3o h\u00e1 democracia poss\u00edvel sem justi\u00e7a social. O Grito \u00e9 um espa\u00e7o de resist\u00eancia, mas tamb\u00e9m de esperan\u00e7a: nele ecoam as vozes das periferias, da juventude, das pessoas negras, ind\u00edgenas, migrantes, em situa\u00e7\u00e3o de rua e de todas aquelas violentamente invisibilizadas.\u201d<\/span><\/p>\n<p><span style=\"font-weight: 400;\"><img loading=\"lazy\" class=\"aligncenter wp-image-260134 size-full\" src=\"https:\/\/franciscanos.org.br\/noticias\/wp-content\/uploads\/2025\/09\/MATERIA2-3.jpg\" alt=\"\" width=\"1280\" height=\"720\" srcset=\"https:\/\/franciscanos.org.br\/noticias\/wp-content\/uploads\/2025\/09\/MATERIA2-3.jpg 1280w, https:\/\/franciscanos.org.br\/noticias\/wp-content\/uploads\/2025\/09\/MATERIA2-3-450x253.jpg 450w, https:\/\/franciscanos.org.br\/noticias\/wp-content\/uploads\/2025\/09\/MATERIA2-3-1024x576.jpg 1024w, https:\/\/franciscanos.org.br\/noticias\/wp-content\/uploads\/2025\/09\/MATERIA2-3-768x432.jpg 768w, https:\/\/franciscanos.org.br\/noticias\/wp-content\/uploads\/2025\/09\/MATERIA2-3-150x84.jpg 150w\" sizes=\"(max-width: 1280px) 100vw, 1280px\" \/><\/span><\/p>\n<p><span style=\"font-weight: 400;\">O tema de 2025 dialoga diretamente com a espiritualidade franciscana, que h\u00e1 800 anos S\u00e3o Francisco j\u00e1 anunciava ao convidar \u00e0 fraternidade com todas as criaturas e ao cuidado com a Terra como m\u00e3e e irm\u00e3. Para o Sefras, <\/span><i><span style=\"font-weight: 400;\">\u201ccuidar da Casa Comum\u201d<\/span><\/i><span style=\"font-weight: 400;\"> \u00e9 insepar\u00e1vel do compromisso em defender a democracia, pois sem participa\u00e7\u00e3o popular, justi\u00e7a social e preserva\u00e7\u00e3o da vida n\u00e3o h\u00e1 futuro poss\u00edvel.<\/span><\/p>\n<p><span style=\"font-weight: 400;\">Ao lado de outras organiza\u00e7\u00f5es e movimentos sociais, o Sefras reafirma sua miss\u00e3o: ser presen\u00e7a ativa nas lutas que garantem dignidade a quem \u00e9 constantemente exclu\u00eddo e invisibilizado, mantendo vivo o chamado de S\u00e3o Francisco para que toda vida seja respeitada e protegida.<\/span><\/p>\n<hr \/>\n<p><em>Melissa Galdino\/ Sefras<\/em><\/p>\n","protected":false},"excerpt":{"rendered":"<p>31\u00ba Grito dos Exclu\u00eddos e Exclu\u00eddas<\/p>\n","protected":false},"author":11,"featured_media":260129,"comment_status":"open","ping_status":"open","sticky":false,"template":"","format":"standard","meta":[],"categories":[1],"tags":[1747,228],"acf":[],"yoast_head":"<!-- This site is optimized with the Yoast SEO plugin v19.2 - https:\/\/yoast.com\/wordpress\/plugins\/seo\/ -->\n<title>Sefras participa do \u201cGrito dos Exclu\u00eddos\u201d e refor\u00e7a o cuidado com a Casa Comum e a democracia - Not\u00edcias - Franciscanos<\/title>\n<meta name=\"robots\" content=\"index, follow, max-snippet:-1, max-image-preview:large, max-video-preview:-1\" \/>\n<link rel=\"canonical\" href=\"https:\/\/franciscanos.org.br\/noticias\/sefras-participa-do-grito-dos-excluidos-e-reforca-o-cuidado-com-a-casa-comum-e-a-democracia.html\" \/>\n<meta property=\"og:locale\" content=\"pt_BR\" \/>\n<meta property=\"og:type\" content=\"article\" \/>\n<meta property=\"og:title\" content=\"Sefras participa do \u201cGrito dos Exclu\u00eddos\u201d e refor\u00e7a o cuidado com a Casa Comum e a democracia - Not\u00edcias - Franciscanos\" \/>\n<meta property=\"og:description\" content=\"31\u00ba Grito dos Exclu\u00eddos e Exclu\u00eddas\" \/>\n<meta property=\"og:url\" content=\"https:\/\/franciscanos.org.br\/noticias\/sefras-participa-do-grito-dos-excluidos-e-reforca-o-cuidado-com-a-casa-comum-e-a-democracia.html\" \/>\n<meta property=\"og:site_name\" content=\"Not\u00edcias - Franciscanos\" \/>\n<meta property=\"article:published_time\" content=\"2025-09-09T10:30:18+00:00\" \/>\n<meta property=\"article:modified_time\" content=\"2025-09-09T15:47:32+00:00\" \/>\n<meta property=\"og:image\" content=\"https:\/\/franciscanos.org.br\/noticias\/wp-content\/uploads\/2025\/09\/CHAMADA-20.jpg\" \/>\n\t<meta property=\"og:image:width\" content=\"800\" \/>\n\t<meta property=\"og:image:height\" content=\"550\" \/>\n\t<meta property=\"og:image:type\" content=\"image\/jpeg\" \/>\n<meta name=\"author\" content=\"Adriana Rabelo\" \/>\n<meta name=\"twitter:card\" content=\"summary_large_image\" \/>\n<meta name=\"twitter:label1\" content=\"Escrito por\" \/>\n\t<meta name=\"twitter:data1\" content=\"Adriana Rabelo\" \/>\n\t<meta name=\"twitter:label2\" content=\"Est. tempo de leitura\" \/>\n\t<meta name=\"twitter:data2\" content=\"2 minutos\" \/>\n<script type=\"application\/ld+json\" class=\"yoast-schema-graph\">{\"@context\":\"https:\/\/schema.org\",\"@graph\":[{\"@type\":\"WebSite\",\"@id\":\"https:\/\/franciscanos.org.br\/noticias\/#website\",\"url\":\"https:\/\/franciscanos.org.br\/noticias\/\",\"name\":\"Not\u00edcias - Franciscanos\",\"description\":\"Prov\u00edncia Franciscana da Imaculada Concei\u00e7\u00e3o do Brasil - Ordem dos Frades Menores - OFM\",\"potentialAction\":[{\"@type\":\"SearchAction\",\"target\":{\"@type\":\"EntryPoint\",\"urlTemplate\":\"https:\/\/franciscanos.org.br\/noticias\/?s={search_term_string}\"},\"query-input\":\"required name=search_term_string\"}],\"inLanguage\":\"pt-BR\"},{\"@type\":\"ImageObject\",\"inLanguage\":\"pt-BR\",\"@id\":\"https:\/\/franciscanos.org.br\/noticias\/sefras-participa-do-grito-dos-excluidos-e-reforca-o-cuidado-com-a-casa-comum-e-a-democracia.html#primaryimage\",\"url\":\"https:\/\/franciscanos.org.br\/noticias\/wp-content\/uploads\/2025\/09\/CHAMADA-20.jpg\",\"contentUrl\":\"https:\/\/franciscanos.org.br\/noticias\/wp-content\/uploads\/2025\/09\/CHAMADA-20.jpg\",\"width\":800,\"height\":550},{\"@type\":\"WebPage\",\"@id\":\"https:\/\/franciscanos.org.br\/noticias\/sefras-participa-do-grito-dos-excluidos-e-reforca-o-cuidado-com-a-casa-comum-e-a-democracia.html#webpage\",\"url\":\"https:\/\/franciscanos.org.br\/noticias\/sefras-participa-do-grito-dos-excluidos-e-reforca-o-cuidado-com-a-casa-comum-e-a-democracia.html\",\"name\":\"Sefras participa do \u201cGrito dos Exclu\u00eddos\u201d e refor\u00e7a o cuidado com a Casa Comum e a democracia - Not\u00edcias - Franciscanos\",\"isPartOf\":{\"@id\":\"https:\/\/franciscanos.org.br\/noticias\/#website\"},\"primaryImageOfPage\":{\"@id\":\"https:\/\/franciscanos.org.br\/noticias\/sefras-participa-do-grito-dos-excluidos-e-reforca-o-cuidado-com-a-casa-comum-e-a-democracia.html#primaryimage\"},\"datePublished\":\"2025-09-09T10:30:18+00:00\",\"dateModified\":\"2025-09-09T15:47:32+00:00\",\"author\":{\"@id\":\"https:\/\/franciscanos.org.br\/noticias\/#\/schema\/person\/d9422e83121c3ad3b0f423d195f5bb25\"},\"breadcrumb\":{\"@id\":\"https:\/\/franciscanos.org.br\/noticias\/sefras-participa-do-grito-dos-excluidos-e-reforca-o-cuidado-com-a-casa-comum-e-a-democracia.html#breadcrumb\"},\"inLanguage\":\"pt-BR\",\"potentialAction\":[{\"@type\":\"ReadAction\",\"target\":[\"https:\/\/franciscanos.org.br\/noticias\/sefras-participa-do-grito-dos-excluidos-e-reforca-o-cuidado-com-a-casa-comum-e-a-democracia.html\"]}]},{\"@type\":\"BreadcrumbList\",\"@id\":\"https:\/\/franciscanos.org.br\/noticias\/sefras-participa-do-grito-dos-excluidos-e-reforca-o-cuidado-com-a-casa-comum-e-a-democracia.html#breadcrumb\",\"itemListElement\":[{\"@type\":\"ListItem\",\"position\":1,\"name\":\"Home\",\"item\":\"https:\/\/franciscanos.org.br\/noticias\"},{\"@type\":\"ListItem\",\"position\":2,\"name\":\"Sefras participa do \u201cGrito dos Exclu\u00eddos\u201d e refor\u00e7a o cuidado com a Casa Comum e a democracia\"}]},{\"@type\":\"Person\",\"@id\":\"https:\/\/franciscanos.org.br\/noticias\/#\/schema\/person\/d9422e83121c3ad3b0f423d195f5bb25\",\"name\":\"Adriana Rabelo\",\"image\":{\"@type\":\"ImageObject\",\"inLanguage\":\"pt-BR\",\"@id\":\"https:\/\/franciscanos.org.br\/noticias\/#\/schema\/person\/image\/\",\"url\":\"https:\/\/secure.gravatar.com\/avatar\/0a937b7500cd7df77540cfb8bede877d?s=96&d=mm&r=g\",\"contentUrl\":\"https:\/\/secure.gravatar.com\/avatar\/0a937b7500cd7df77540cfb8bede877d?s=96&d=mm&r=g\",\"caption\":\"Adriana Rabelo\"},\"url\":\"https:\/\/franciscanos.org.br\/noticias\/author\/adrianarabelo\"}]}<\/script>\n<!-- \/ Yoast SEO plugin. -->","yoast_head_json":{"title":"Sefras participa do \u201cGrito dos Exclu\u00eddos\u201d e refor\u00e7a o cuidado com a Casa Comum e a democracia - Not\u00edcias - Franciscanos","robots":{"index":"index","follow":"follow","max-snippet":"max-snippet:-1","max-image-preview":"max-image-preview:large","max-video-preview":"max-video-preview:-1"},"canonical":"https:\/\/franciscanos.org.br\/noticias\/sefras-participa-do-grito-dos-excluidos-e-reforca-o-cuidado-com-a-casa-comum-e-a-democracia.html","og_locale":"pt_BR","og_type":"article","og_title":"Sefras participa do \u201cGrito dos Exclu\u00eddos\u201d e refor\u00e7a o cuidado com a Casa Comum e a democracia - Not\u00edcias - Franciscanos","og_description":"31\u00ba Grito dos Exclu\u00eddos e Exclu\u00eddas","og_url":"https:\/\/franciscanos.org.br\/noticias\/sefras-participa-do-grito-dos-excluidos-e-reforca-o-cuidado-com-a-casa-comum-e-a-democracia.html","og_site_name":"Not\u00edcias - Franciscanos","article_published_time":"2025-09-09T10:30:18+00:00","article_modified_time":"2025-09-09T15:47:32+00:00","og_image":[{"width":800,"height":550,"url":"https:\/\/franciscanos.org.br\/noticias\/wp-content\/uploads\/2025\/09\/CHAMADA-20.jpg","type":"image\/jpeg"}],"author":"Adriana Rabelo","twitter_card":"summary_large_image","twitter_misc":{"Escrito por":"Adriana Rabelo","Est. tempo de leitura":"2 minutos"},"schema":{"@context":"https:\/\/schema.org","@graph":[{"@type":"WebSite","@id":"https:\/\/franciscanos.org.br\/noticias\/#website","url":"https:\/\/franciscanos.org.br\/noticias\/","name":"Not\u00edcias - Franciscanos","description":"Prov\u00edncia Franciscana da Imaculada Concei\u00e7\u00e3o do Brasil - Ordem dos Frades Menores - OFM","potentialAction":[{"@type":"SearchAction","target":{"@type":"EntryPoint","urlTemplate":"https:\/\/franciscanos.org.br\/noticias\/?s={search_term_string}"},"query-input":"required name=search_term_string"}],"inLanguage":"pt-BR"},{"@type":"ImageObject","inLanguage":"pt-BR","@id":"https:\/\/franciscanos.org.br\/noticias\/sefras-participa-do-grito-dos-excluidos-e-reforca-o-cuidado-com-a-casa-comum-e-a-democracia.html#primaryimage","url":"https:\/\/franciscanos.org.br\/noticias\/wp-content\/uploads\/2025\/09\/CHAMADA-20.jpg","contentUrl":"https:\/\/franciscanos.org.br\/noticias\/wp-content\/uploads\/2025\/09\/CHAMADA-20.jpg","width":800,"height":550},{"@type":"WebPage","@id":"https:\/\/franciscanos.org.br\/noticias\/sefras-participa-do-grito-dos-excluidos-e-reforca-o-cuidado-com-a-casa-comum-e-a-democracia.html#webpage","url":"https:\/\/franciscanos.org.br\/noticias\/sefras-participa-do-grito-dos-excluidos-e-reforca-o-cuidado-com-a-casa-comum-e-a-democracia.html","name":"Sefras participa do \u201cGrito dos Exclu\u00eddos\u201d e refor\u00e7a o cuidado com a Casa Comum e a democracia - Not\u00edcias - Franciscanos","isPartOf":{"@id":"https:\/\/franciscanos.org.br\/noticias\/#website"},"primaryImageOfPage":{"@id":"https:\/\/franciscanos.org.br\/noticias\/sefras-participa-do-grito-dos-excluidos-e-reforca-o-cuidado-com-a-casa-comum-e-a-democracia.html#primaryimage"},"datePublished":"2025-09-09T10:30:18+00:00","dateModified":"2025-09-09T15:47:32+00:00","author":{"@id":"https:\/\/franciscanos.org.br\/noticias\/#\/schema\/person\/d9422e83121c3ad3b0f423d195f5bb25"},"breadcrumb":{"@id":"https:\/\/franciscanos.org.br\/noticias\/sefras-participa-do-grito-dos-excluidos-e-reforca-o-cuidado-com-a-casa-comum-e-a-democracia.html#breadcrumb"},"inLanguage":"pt-BR","potentialAction":[{"@type":"ReadAction","target":["https:\/\/franciscanos.org.br\/noticias\/sefras-participa-do-grito-dos-excluidos-e-reforca-o-cuidado-com-a-casa-comum-e-a-democracia.html"]}]},{"@type":"BreadcrumbList","@id":"https:\/\/franciscanos.org.br\/noticias\/sefras-participa-do-grito-dos-excluidos-e-reforca-o-cuidado-com-a-casa-comum-e-a-democracia.html#breadcrumb","itemListElement":[{"@type":"ListItem","position":1,"name":"Home","item":"https:\/\/franciscanos.org.br\/noticias"},{"@type":"ListItem","position":2,"name":"Sefras participa do \u201cGrito dos Exclu\u00eddos\u201d e refor\u00e7a o cuidado com a Casa Comum e a democracia"}]},{"@type":"Person","@id":"https:\/\/franciscanos.org.br\/noticias\/#\/schema\/person\/d9422e83121c3ad3b0f423d195f5bb25","name":"Adriana Rabelo","image":{"@type":"ImageObject","inLanguage":"pt-BR","@id":"https:\/\/franciscanos.org.br\/noticias\/#\/schema\/person\/image\/","url":"https:\/\/secure.gravatar.com\/avatar\/0a937b7500cd7df77540cfb8bede877d?s=96&d=mm&r=g","contentUrl":"https:\/\/secure.gravatar.com\/avatar\/0a937b7500cd7df77540cfb8bede877d?s=96&d=mm&r=g","caption":"Adriana Rabelo"},"url":"https:\/\/franciscanos.org.br\/noticias\/author\/adrianarabelo"}]}},"_links":{"self":[{"href":"https:\/\/franciscanos.org.br\/noticias\/wp-json\/wp\/v2\/posts\/260128"}],"collection":[{"href":"https:\/\/franciscanos.org.br\/noticias\/wp-json\/wp\/v2\/posts"}],"about":[{"href":"https:\/\/franciscanos.org.br\/noticias\/wp-json\/wp\/v2\/types\/post"}],"author":[{"embeddable":true,"href":"https:\/\/franciscanos.org.br\/noticias\/wp-json\/wp\/v2\/users\/11"}],"replies":[{"embeddable":true,"href":"https:\/\/franciscanos.org.br\/noticias\/wp-json\/wp\/v2\/comments?post=260128"}],"version-history":[{"count":1,"href":"https:\/\/franciscanos.org.br\/noticias\/wp-json\/wp\/v2\/posts\/260128\/revisions"}],"predecessor-version":[{"id":260135,"href":"https:\/\/franciscanos.org.br\/noticias\/wp-json\/wp\/v2\/posts\/260128\/revisions\/260135"}],"wp:featuredmedia":[{"embeddable":true,"href":"https:\/\/franciscanos.org.br\/noticias\/wp-json\/wp\/v2\/media\/260129"}],"wp:attachment":[{"href":"https:\/\/franciscanos.org.br\/noticias\/wp-json\/wp\/v2\/media?parent=260128"}],"wp:term":[{"taxonomy":"category","embeddable":true,"href":"https:\/\/franciscanos.org.br\/noticias\/wp-json\/wp\/v2\/categories?post=260128"},{"taxonomy":"post_tag","embeddable":true,"href":"https:\/\/franciscanos.org.br\/noticias\/wp-json\/wp\/v2\/tags?post=260128"}],"curies":[{"name":"wp","href":"https:\/\/api.w.org\/{rel}","templated":true}]}}