{"id":260086,"date":"2025-09-09T10:50:57","date_gmt":"2025-09-09T13:50:57","guid":{"rendered":"https:\/\/franciscanos.org.br\/noticias\/?p=260086"},"modified":"2025-09-09T10:50:57","modified_gmt":"2025-09-09T13:50:57","slug":"dom-gil-antonio-moreira-celebra-missa-no-santuario-frei-galvao-e-destaca-radicalidade-do-seguimento-a-cristo","status":"publish","type":"post","link":"https:\/\/franciscanos.org.br\/noticias\/dom-gil-antonio-moreira-celebra-missa-no-santuario-frei-galvao-e-destaca-radicalidade-do-seguimento-a-cristo.html","title":{"rendered":"Dom Gil Ant\u00f4nio Moreira celebra Missa no Santu\u00e1rio Frei Galv\u00e3o e destaca radicalidade do seguimento a Cristo"},"content":{"rendered":"<p><img loading=\"lazy\" class=\"aligncenter wp-image-260087 size-full\" src=\"https:\/\/franciscanos.org.br\/noticias\/wp-content\/uploads\/2025\/09\/materia.jpg\" alt=\"\" width=\"1280\" height=\"720\" srcset=\"https:\/\/franciscanos.org.br\/noticias\/wp-content\/uploads\/2025\/09\/materia.jpg 1280w, https:\/\/franciscanos.org.br\/noticias\/wp-content\/uploads\/2025\/09\/materia-450x253.jpg 450w, https:\/\/franciscanos.org.br\/noticias\/wp-content\/uploads\/2025\/09\/materia-1024x576.jpg 1024w, https:\/\/franciscanos.org.br\/noticias\/wp-content\/uploads\/2025\/09\/materia-768x432.jpg 768w, https:\/\/franciscanos.org.br\/noticias\/wp-content\/uploads\/2025\/09\/materia-150x84.jpg 150w\" sizes=\"(max-width: 1280px) 100vw, 1280px\" \/><\/p>\n<p>O arcebispo metropolitano de Juiz de Fora, Dom Gil Ant\u00f4nio Moreira, presidiu neste domingo, 7 de setembro, a Santa Missa das 10h no Santu\u00e1rio Frei Galv\u00e3o, em Guaratinguet\u00e1 (SP), acompanhado por padres da Arquidiocese, seminaristas do Semin\u00e1rio Arquidiocesano Santo Ant\u00f4nio de Juiz de Fora e padres de Macap\u00e1 (AP), que vieram acompanhados de um grupo de romeiros.<\/p>\n<p><img loading=\"lazy\" class=\"aligncenter wp-image-260098 size-full\" src=\"https:\/\/franciscanos.org.br\/noticias\/wp-content\/uploads\/2025\/09\/materia-2-11.jpg\" alt=\"\" width=\"1280\" height=\"720\" srcset=\"https:\/\/franciscanos.org.br\/noticias\/wp-content\/uploads\/2025\/09\/materia-2-11.jpg 1280w, https:\/\/franciscanos.org.br\/noticias\/wp-content\/uploads\/2025\/09\/materia-2-11-450x253.jpg 450w, https:\/\/franciscanos.org.br\/noticias\/wp-content\/uploads\/2025\/09\/materia-2-11-1024x576.jpg 1024w, https:\/\/franciscanos.org.br\/noticias\/wp-content\/uploads\/2025\/09\/materia-2-11-768x432.jpg 768w, https:\/\/franciscanos.org.br\/noticias\/wp-content\/uploads\/2025\/09\/materia-2-11-150x84.jpg 150w\" sizes=\"(max-width: 1280px) 100vw, 1280px\" \/><\/p>\n<p>A celebra\u00e7\u00e3o fez parte de uma peregrina\u00e7\u00e3o por ocasi\u00e3o do Ano Jubilar da Esperan\u00e7a, al\u00e9m da prepara\u00e7\u00e3o ao centen\u00e1rio do Semin\u00e1rio Arquidiocesano Santo Ant\u00f4nio, que ser\u00e1 comemorado em mar\u00e7o de 2026. No in\u00edcio da celebra\u00e7\u00e3o, Dom Gil foi recebido com aplausos e palavras de acolhida de Frei Diego Melo, reitor do Santu\u00e1rio Frei Galv\u00e3o.<\/p>\n\n\t\t<style type=\"text\/css\">\n\t\t\t#gallery-1 {\n\t\t\t\tmargin: auto;\n\t\t\t}\n\t\t\t#gallery-1 .gallery-item {\n\t\t\t\tfloat: left;\n\t\t\t\tmargin-top: 10px;\n\t\t\t\ttext-align: center;\n\t\t\t\twidth: 33%;\n\t\t\t}\n\t\t\t#gallery-1 img {\n\t\t\t\tborder: 2px solid #cfcfcf;\n\t\t\t}\n\t\t\t#gallery-1 .gallery-caption {\n\t\t\t\tmargin-left: 0;\n\t\t\t}\n\t\t\t\/* see gallery_shortcode() in wp-includes\/media.php *\/\n\t\t<\/style>\n\t\t<div id='gallery-1' class='gallery galleryid-260086 gallery-columns-3 gallery-size-thumbnail'><dl class='gallery-item'>\n\t\t\t<dt class='gallery-icon landscape'>\n\t\t\t\t<a href='https:\/\/franciscanos.org.br\/noticias\/wp-content\/uploads\/2025\/09\/EDITDA-SANTUARIO-FREI-GALVAO.jpg'><img width=\"300\" height=\"300\" src=\"https:\/\/franciscanos.org.br\/noticias\/wp-content\/uploads\/2025\/09\/EDITDA-SANTUARIO-FREI-GALVAO-300x300.jpg\" class=\"attachment-thumbnail size-thumbnail\" alt=\"\" loading=\"lazy\" srcset=\"https:\/\/franciscanos.org.br\/noticias\/wp-content\/uploads\/2025\/09\/EDITDA-SANTUARIO-FREI-GALVAO-300x300.jpg 300w, https:\/\/franciscanos.org.br\/noticias\/wp-content\/uploads\/2025\/09\/EDITDA-SANTUARIO-FREI-GALVAO-100x100.jpg 100w\" sizes=\"(max-width: 300px) 100vw, 300px\" \/><\/a>\n\t\t\t<\/dt><\/dl><dl class='gallery-item'>\n\t\t\t<dt class='gallery-icon landscape'>\n\t\t\t\t<a href='https:\/\/franciscanos.org.br\/noticias\/wp-content\/uploads\/2025\/09\/EDITDA-SANTUARIO-FREI-GALVAO-4.jpg'><img width=\"300\" height=\"300\" src=\"https:\/\/franciscanos.org.br\/noticias\/wp-content\/uploads\/2025\/09\/EDITDA-SANTUARIO-FREI-GALVAO-4-300x300.jpg\" class=\"attachment-thumbnail size-thumbnail\" alt=\"\" loading=\"lazy\" srcset=\"https:\/\/franciscanos.org.br\/noticias\/wp-content\/uploads\/2025\/09\/EDITDA-SANTUARIO-FREI-GALVAO-4-300x300.jpg 300w, https:\/\/franciscanos.org.br\/noticias\/wp-content\/uploads\/2025\/09\/EDITDA-SANTUARIO-FREI-GALVAO-4-100x100.jpg 100w\" sizes=\"(max-width: 300px) 100vw, 300px\" \/><\/a>\n\t\t\t<\/dt><\/dl><dl class='gallery-item'>\n\t\t\t<dt class='gallery-icon landscape'>\n\t\t\t\t<a href='https:\/\/franciscanos.org.br\/noticias\/wp-content\/uploads\/2025\/09\/EDITDA-SANTUARIO-FREI-GALVAO-19.jpg'><img width=\"300\" height=\"300\" src=\"https:\/\/franciscanos.org.br\/noticias\/wp-content\/uploads\/2025\/09\/EDITDA-SANTUARIO-FREI-GALVAO-19-300x300.jpg\" class=\"attachment-thumbnail size-thumbnail\" alt=\"\" loading=\"lazy\" srcset=\"https:\/\/franciscanos.org.br\/noticias\/wp-content\/uploads\/2025\/09\/EDITDA-SANTUARIO-FREI-GALVAO-19-300x300.jpg 300w, https:\/\/franciscanos.org.br\/noticias\/wp-content\/uploads\/2025\/09\/EDITDA-SANTUARIO-FREI-GALVAO-19-100x100.jpg 100w\" sizes=\"(max-width: 300px) 100vw, 300px\" \/><\/a>\n\t\t\t<\/dt><\/dl><br style=\"clear: both\" \/>\n\t\t<\/div>\n\n<p>Durante a homilia, o arcebispo refletiu sobre o Evangelho de S\u00e3o Lucas, lembrando que o verdadeiro disc\u00edpulo de Cristo deve estar disposto a desapegar-se de bens, afetos humanos e at\u00e9 da pr\u00f3pria vida para seguir a f\u00e9 de forma aut\u00eantica: \u201cDeus est\u00e1 acima de todas as coisas, e essa deve ser a nossa convic\u00e7\u00e3o. Quem quiser ser disc\u00edpulo de Jesus, precisa renunciar a si mesmo e tomar sua cruz\u201d, afirmou.<\/p>\n<p><img loading=\"lazy\" class=\"aligncenter wp-image-260097 size-full\" src=\"https:\/\/franciscanos.org.br\/noticias\/wp-content\/uploads\/2025\/09\/materia-3-4.jpg\" alt=\"\" width=\"1280\" height=\"720\" srcset=\"https:\/\/franciscanos.org.br\/noticias\/wp-content\/uploads\/2025\/09\/materia-3-4.jpg 1280w, https:\/\/franciscanos.org.br\/noticias\/wp-content\/uploads\/2025\/09\/materia-3-4-450x253.jpg 450w, https:\/\/franciscanos.org.br\/noticias\/wp-content\/uploads\/2025\/09\/materia-3-4-1024x576.jpg 1024w, https:\/\/franciscanos.org.br\/noticias\/wp-content\/uploads\/2025\/09\/materia-3-4-768x432.jpg 768w, https:\/\/franciscanos.org.br\/noticias\/wp-content\/uploads\/2025\/09\/materia-3-4-150x84.jpg 150w\" sizes=\"(max-width: 1280px) 100vw, 1280px\" \/><\/p>\n<p>Dom Gil tamb\u00e9m recordou o testemunho de S\u00e3o Carlo Acutis, canonizado neste domingo, ressaltando sua profunda devo\u00e7\u00e3o \u00e0 Eucaristia mesmo em meio ao sofrimento causado pela leucemia. O jovem italiano, segundo o arcebispo, \u00e9 exemplo de santidade para as novas gera\u00e7\u00f5es: \u201cMuitos jovens v\u00e3o se santificar olhando a vida de Carlos Acutis\u201d, destacou.<\/p>\n<p>Na homilia, Dom Gil ainda relembrou a vida e obra de Santo Ant\u00f4nio de Sant\u2019Anna Galv\u00e3o, primeiro santo brasileiro, arquiteto e homem de f\u00e9 que dedicou sua vida a construir \u201ccasas de pedra e casas de gente para Deus\u201d.<\/p>\n<hr \/>\n<p>\u00c9rika Augusto (Pascom Santu\u00e1rio Frei Galv\u00e3o)<\/p>\n","protected":false},"excerpt":{"rendered":"<p>Ano Jubilar<\/p>\n","protected":false},"author":11,"featured_media":260100,"comment_status":"open","ping_status":"open","sticky":false,"template":"","format":"standard","meta":[],"categories":[1],"tags":[2409,2276,1821],"acf":[],"yoast_head":"<!-- This site is optimized with the Yoast SEO plugin v19.2 - https:\/\/yoast.com\/wordpress\/plugins\/seo\/ -->\n<title>Dom Gil Ant\u00f4nio Moreira celebra Missa no Santu\u00e1rio Frei Galv\u00e3o e destaca radicalidade do seguimento a Cristo - Not\u00edcias - Franciscanos<\/title>\n<meta name=\"robots\" content=\"index, follow, max-snippet:-1, max-image-preview:large, max-video-preview:-1\" \/>\n<link rel=\"canonical\" href=\"https:\/\/franciscanos.org.br\/noticias\/dom-gil-antonio-moreira-celebra-missa-no-santuario-frei-galvao-e-destaca-radicalidade-do-seguimento-a-cristo.html\" \/>\n<meta property=\"og:locale\" content=\"pt_BR\" \/>\n<meta property=\"og:type\" content=\"article\" \/>\n<meta property=\"og:title\" content=\"Dom Gil Ant\u00f4nio Moreira celebra Missa no Santu\u00e1rio Frei Galv\u00e3o e destaca radicalidade do seguimento a Cristo - Not\u00edcias - Franciscanos\" \/>\n<meta property=\"og:description\" content=\"Ano Jubilar\" \/>\n<meta property=\"og:url\" content=\"https:\/\/franciscanos.org.br\/noticias\/dom-gil-antonio-moreira-celebra-missa-no-santuario-frei-galvao-e-destaca-radicalidade-do-seguimento-a-cristo.html\" \/>\n<meta property=\"og:site_name\" content=\"Not\u00edcias - Franciscanos\" \/>\n<meta property=\"article:published_time\" content=\"2025-09-09T13:50:57+00:00\" \/>\n<meta property=\"og:image\" content=\"https:\/\/franciscanos.org.br\/noticias\/wp-content\/uploads\/2025\/09\/chamada-17.jpg\" \/>\n\t<meta property=\"og:image:width\" content=\"800\" \/>\n\t<meta property=\"og:image:height\" content=\"550\" \/>\n\t<meta property=\"og:image:type\" content=\"image\/jpeg\" \/>\n<meta name=\"author\" content=\"Adriana Rabelo\" \/>\n<meta name=\"twitter:card\" content=\"summary_large_image\" \/>\n<meta name=\"twitter:label1\" content=\"Escrito por\" \/>\n\t<meta name=\"twitter:data1\" content=\"Adriana Rabelo\" \/>\n\t<meta name=\"twitter:label2\" content=\"Est. tempo de leitura\" \/>\n\t<meta name=\"twitter:data2\" content=\"2 minutos\" \/>\n<script type=\"application\/ld+json\" class=\"yoast-schema-graph\">{\"@context\":\"https:\/\/schema.org\",\"@graph\":[{\"@type\":\"WebSite\",\"@id\":\"https:\/\/franciscanos.org.br\/noticias\/#website\",\"url\":\"https:\/\/franciscanos.org.br\/noticias\/\",\"name\":\"Not\u00edcias - Franciscanos\",\"description\":\"Prov\u00edncia Franciscana da Imaculada Concei\u00e7\u00e3o do Brasil - Ordem dos Frades Menores - OFM\",\"potentialAction\":[{\"@type\":\"SearchAction\",\"target\":{\"@type\":\"EntryPoint\",\"urlTemplate\":\"https:\/\/franciscanos.org.br\/noticias\/?s={search_term_string}\"},\"query-input\":\"required name=search_term_string\"}],\"inLanguage\":\"pt-BR\"},{\"@type\":\"ImageObject\",\"inLanguage\":\"pt-BR\",\"@id\":\"https:\/\/franciscanos.org.br\/noticias\/dom-gil-antonio-moreira-celebra-missa-no-santuario-frei-galvao-e-destaca-radicalidade-do-seguimento-a-cristo.html#primaryimage\",\"url\":\"https:\/\/franciscanos.org.br\/noticias\/wp-content\/uploads\/2025\/09\/chamada-17.jpg\",\"contentUrl\":\"https:\/\/franciscanos.org.br\/noticias\/wp-content\/uploads\/2025\/09\/chamada-17.jpg\",\"width\":800,\"height\":550},{\"@type\":\"WebPage\",\"@id\":\"https:\/\/franciscanos.org.br\/noticias\/dom-gil-antonio-moreira-celebra-missa-no-santuario-frei-galvao-e-destaca-radicalidade-do-seguimento-a-cristo.html#webpage\",\"url\":\"https:\/\/franciscanos.org.br\/noticias\/dom-gil-antonio-moreira-celebra-missa-no-santuario-frei-galvao-e-destaca-radicalidade-do-seguimento-a-cristo.html\",\"name\":\"Dom Gil Ant\u00f4nio Moreira celebra Missa no Santu\u00e1rio Frei Galv\u00e3o e destaca radicalidade do seguimento a Cristo - Not\u00edcias - Franciscanos\",\"isPartOf\":{\"@id\":\"https:\/\/franciscanos.org.br\/noticias\/#website\"},\"primaryImageOfPage\":{\"@id\":\"https:\/\/franciscanos.org.br\/noticias\/dom-gil-antonio-moreira-celebra-missa-no-santuario-frei-galvao-e-destaca-radicalidade-do-seguimento-a-cristo.html#primaryimage\"},\"datePublished\":\"2025-09-09T13:50:57+00:00\",\"dateModified\":\"2025-09-09T13:50:57+00:00\",\"author\":{\"@id\":\"https:\/\/franciscanos.org.br\/noticias\/#\/schema\/person\/d9422e83121c3ad3b0f423d195f5bb25\"},\"breadcrumb\":{\"@id\":\"https:\/\/franciscanos.org.br\/noticias\/dom-gil-antonio-moreira-celebra-missa-no-santuario-frei-galvao-e-destaca-radicalidade-do-seguimento-a-cristo.html#breadcrumb\"},\"inLanguage\":\"pt-BR\",\"potentialAction\":[{\"@type\":\"ReadAction\",\"target\":[\"https:\/\/franciscanos.org.br\/noticias\/dom-gil-antonio-moreira-celebra-missa-no-santuario-frei-galvao-e-destaca-radicalidade-do-seguimento-a-cristo.html\"]}]},{\"@type\":\"BreadcrumbList\",\"@id\":\"https:\/\/franciscanos.org.br\/noticias\/dom-gil-antonio-moreira-celebra-missa-no-santuario-frei-galvao-e-destaca-radicalidade-do-seguimento-a-cristo.html#breadcrumb\",\"itemListElement\":[{\"@type\":\"ListItem\",\"position\":1,\"name\":\"Home\",\"item\":\"https:\/\/franciscanos.org.br\/noticias\"},{\"@type\":\"ListItem\",\"position\":2,\"name\":\"Dom Gil Ant\u00f4nio Moreira celebra Missa no Santu\u00e1rio Frei Galv\u00e3o e destaca radicalidade do seguimento a Cristo\"}]},{\"@type\":\"Person\",\"@id\":\"https:\/\/franciscanos.org.br\/noticias\/#\/schema\/person\/d9422e83121c3ad3b0f423d195f5bb25\",\"name\":\"Adriana Rabelo\",\"image\":{\"@type\":\"ImageObject\",\"inLanguage\":\"pt-BR\",\"@id\":\"https:\/\/franciscanos.org.br\/noticias\/#\/schema\/person\/image\/\",\"url\":\"https:\/\/secure.gravatar.com\/avatar\/0a937b7500cd7df77540cfb8bede877d?s=96&d=mm&r=g\",\"contentUrl\":\"https:\/\/secure.gravatar.com\/avatar\/0a937b7500cd7df77540cfb8bede877d?s=96&d=mm&r=g\",\"caption\":\"Adriana Rabelo\"},\"url\":\"https:\/\/franciscanos.org.br\/noticias\/author\/adrianarabelo\"}]}<\/script>\n<!-- \/ Yoast SEO plugin. -->","yoast_head_json":{"title":"Dom Gil Ant\u00f4nio Moreira celebra Missa no Santu\u00e1rio Frei Galv\u00e3o e destaca radicalidade do seguimento a Cristo - Not\u00edcias - Franciscanos","robots":{"index":"index","follow":"follow","max-snippet":"max-snippet:-1","max-image-preview":"max-image-preview:large","max-video-preview":"max-video-preview:-1"},"canonical":"https:\/\/franciscanos.org.br\/noticias\/dom-gil-antonio-moreira-celebra-missa-no-santuario-frei-galvao-e-destaca-radicalidade-do-seguimento-a-cristo.html","og_locale":"pt_BR","og_type":"article","og_title":"Dom Gil Ant\u00f4nio Moreira celebra Missa no Santu\u00e1rio Frei Galv\u00e3o e destaca radicalidade do seguimento a Cristo - Not\u00edcias - Franciscanos","og_description":"Ano Jubilar","og_url":"https:\/\/franciscanos.org.br\/noticias\/dom-gil-antonio-moreira-celebra-missa-no-santuario-frei-galvao-e-destaca-radicalidade-do-seguimento-a-cristo.html","og_site_name":"Not\u00edcias - Franciscanos","article_published_time":"2025-09-09T13:50:57+00:00","og_image":[{"width":800,"height":550,"url":"https:\/\/franciscanos.org.br\/noticias\/wp-content\/uploads\/2025\/09\/chamada-17.jpg","type":"image\/jpeg"}],"author":"Adriana Rabelo","twitter_card":"summary_large_image","twitter_misc":{"Escrito por":"Adriana Rabelo","Est. tempo de leitura":"2 minutos"},"schema":{"@context":"https:\/\/schema.org","@graph":[{"@type":"WebSite","@id":"https:\/\/franciscanos.org.br\/noticias\/#website","url":"https:\/\/franciscanos.org.br\/noticias\/","name":"Not\u00edcias - Franciscanos","description":"Prov\u00edncia Franciscana da Imaculada Concei\u00e7\u00e3o do Brasil - Ordem dos Frades Menores - OFM","potentialAction":[{"@type":"SearchAction","target":{"@type":"EntryPoint","urlTemplate":"https:\/\/franciscanos.org.br\/noticias\/?s={search_term_string}"},"query-input":"required name=search_term_string"}],"inLanguage":"pt-BR"},{"@type":"ImageObject","inLanguage":"pt-BR","@id":"https:\/\/franciscanos.org.br\/noticias\/dom-gil-antonio-moreira-celebra-missa-no-santuario-frei-galvao-e-destaca-radicalidade-do-seguimento-a-cristo.html#primaryimage","url":"https:\/\/franciscanos.org.br\/noticias\/wp-content\/uploads\/2025\/09\/chamada-17.jpg","contentUrl":"https:\/\/franciscanos.org.br\/noticias\/wp-content\/uploads\/2025\/09\/chamada-17.jpg","width":800,"height":550},{"@type":"WebPage","@id":"https:\/\/franciscanos.org.br\/noticias\/dom-gil-antonio-moreira-celebra-missa-no-santuario-frei-galvao-e-destaca-radicalidade-do-seguimento-a-cristo.html#webpage","url":"https:\/\/franciscanos.org.br\/noticias\/dom-gil-antonio-moreira-celebra-missa-no-santuario-frei-galvao-e-destaca-radicalidade-do-seguimento-a-cristo.html","name":"Dom Gil Ant\u00f4nio Moreira celebra Missa no Santu\u00e1rio Frei Galv\u00e3o e destaca radicalidade do seguimento a Cristo - Not\u00edcias - Franciscanos","isPartOf":{"@id":"https:\/\/franciscanos.org.br\/noticias\/#website"},"primaryImageOfPage":{"@id":"https:\/\/franciscanos.org.br\/noticias\/dom-gil-antonio-moreira-celebra-missa-no-santuario-frei-galvao-e-destaca-radicalidade-do-seguimento-a-cristo.html#primaryimage"},"datePublished":"2025-09-09T13:50:57+00:00","dateModified":"2025-09-09T13:50:57+00:00","author":{"@id":"https:\/\/franciscanos.org.br\/noticias\/#\/schema\/person\/d9422e83121c3ad3b0f423d195f5bb25"},"breadcrumb":{"@id":"https:\/\/franciscanos.org.br\/noticias\/dom-gil-antonio-moreira-celebra-missa-no-santuario-frei-galvao-e-destaca-radicalidade-do-seguimento-a-cristo.html#breadcrumb"},"inLanguage":"pt-BR","potentialAction":[{"@type":"ReadAction","target":["https:\/\/franciscanos.org.br\/noticias\/dom-gil-antonio-moreira-celebra-missa-no-santuario-frei-galvao-e-destaca-radicalidade-do-seguimento-a-cristo.html"]}]},{"@type":"BreadcrumbList","@id":"https:\/\/franciscanos.org.br\/noticias\/dom-gil-antonio-moreira-celebra-missa-no-santuario-frei-galvao-e-destaca-radicalidade-do-seguimento-a-cristo.html#breadcrumb","itemListElement":[{"@type":"ListItem","position":1,"name":"Home","item":"https:\/\/franciscanos.org.br\/noticias"},{"@type":"ListItem","position":2,"name":"Dom Gil Ant\u00f4nio Moreira celebra Missa no Santu\u00e1rio Frei Galv\u00e3o e destaca radicalidade do seguimento a Cristo"}]},{"@type":"Person","@id":"https:\/\/franciscanos.org.br\/noticias\/#\/schema\/person\/d9422e83121c3ad3b0f423d195f5bb25","name":"Adriana Rabelo","image":{"@type":"ImageObject","inLanguage":"pt-BR","@id":"https:\/\/franciscanos.org.br\/noticias\/#\/schema\/person\/image\/","url":"https:\/\/secure.gravatar.com\/avatar\/0a937b7500cd7df77540cfb8bede877d?s=96&d=mm&r=g","contentUrl":"https:\/\/secure.gravatar.com\/avatar\/0a937b7500cd7df77540cfb8bede877d?s=96&d=mm&r=g","caption":"Adriana Rabelo"},"url":"https:\/\/franciscanos.org.br\/noticias\/author\/adrianarabelo"}]}},"_links":{"self":[{"href":"https:\/\/franciscanos.org.br\/noticias\/wp-json\/wp\/v2\/posts\/260086"}],"collection":[{"href":"https:\/\/franciscanos.org.br\/noticias\/wp-json\/wp\/v2\/posts"}],"about":[{"href":"https:\/\/franciscanos.org.br\/noticias\/wp-json\/wp\/v2\/types\/post"}],"author":[{"embeddable":true,"href":"https:\/\/franciscanos.org.br\/noticias\/wp-json\/wp\/v2\/users\/11"}],"replies":[{"embeddable":true,"href":"https:\/\/franciscanos.org.br\/noticias\/wp-json\/wp\/v2\/comments?post=260086"}],"version-history":[{"count":2,"href":"https:\/\/franciscanos.org.br\/noticias\/wp-json\/wp\/v2\/posts\/260086\/revisions"}],"predecessor-version":[{"id":260101,"href":"https:\/\/franciscanos.org.br\/noticias\/wp-json\/wp\/v2\/posts\/260086\/revisions\/260101"}],"wp:featuredmedia":[{"embeddable":true,"href":"https:\/\/franciscanos.org.br\/noticias\/wp-json\/wp\/v2\/media\/260100"}],"wp:attachment":[{"href":"https:\/\/franciscanos.org.br\/noticias\/wp-json\/wp\/v2\/media?parent=260086"}],"wp:term":[{"taxonomy":"category","embeddable":true,"href":"https:\/\/franciscanos.org.br\/noticias\/wp-json\/wp\/v2\/categories?post=260086"},{"taxonomy":"post_tag","embeddable":true,"href":"https:\/\/franciscanos.org.br\/noticias\/wp-json\/wp\/v2\/tags?post=260086"}],"curies":[{"name":"wp","href":"https:\/\/api.w.org\/{rel}","templated":true}]}}