{"id":260077,"date":"2025-09-09T09:43:40","date_gmt":"2025-09-09T12:43:40","guid":{"rendered":"https:\/\/franciscanos.org.br\/noticias\/?p=260077"},"modified":"2025-09-09T09:43:40","modified_gmt":"2025-09-09T12:43:40","slug":"tarde-jovem-movimenta-juventudes-de-curitibanos","status":"publish","type":"post","link":"https:\/\/franciscanos.org.br\/noticias\/tarde-jovem-movimenta-juventudes-de-curitibanos.html","title":{"rendered":"Tarde Jovem movimenta juventudes de Curitibanos"},"content":{"rendered":"<p><img loading=\"lazy\" class=\"aligncenter wp-image-260079 size-full\" src=\"https:\/\/franciscanos.org.br\/noticias\/wp-content\/uploads\/2025\/09\/MATERIA1-2.jpg\" alt=\"\" width=\"1280\" height=\"720\" srcset=\"https:\/\/franciscanos.org.br\/noticias\/wp-content\/uploads\/2025\/09\/MATERIA1-2.jpg 1280w, https:\/\/franciscanos.org.br\/noticias\/wp-content\/uploads\/2025\/09\/MATERIA1-2-450x253.jpg 450w, https:\/\/franciscanos.org.br\/noticias\/wp-content\/uploads\/2025\/09\/MATERIA1-2-1024x576.jpg 1024w, https:\/\/franciscanos.org.br\/noticias\/wp-content\/uploads\/2025\/09\/MATERIA1-2-768x432.jpg 768w, https:\/\/franciscanos.org.br\/noticias\/wp-content\/uploads\/2025\/09\/MATERIA1-2-150x84.jpg 150w\" sizes=\"(max-width: 1280px) 100vw, 1280px\" \/><\/p>\n<p>No dia 7 de setembro, data em que a Igreja elevou \u00e0s honras do altar dois jovens do nosso tempo, a Par\u00f3quia Imaculada Concei\u00e7\u00e3o de Curitibanos (SC) promoveu a &#8220;Tarde Jovem&#8221; com o tema \u201cSede Santos\u201d. O encontro come\u00e7ou \u00e0s 15h de domingo e reuniu cerca de 50 jovens para conhecer a vida e a espiritualidade de S\u00e3o Carlo Acutis e S\u00e3o Pier Giorgio Frassati.<\/p>\n<p>O p\u00e1roco, Frei Carlos Ignacia, acolheu os participantes no Centro Comunit\u00e1rio Frei Eliseu Tambosi e recordou que este \u00e9 um ano jubilar: a par\u00f3quia celebra 150 anos de funda\u00e7\u00e3o e 125 anos da presen\u00e7a franciscana. Este evento com as juventudes integra as comemora\u00e7\u00f5es desta hist\u00f3ria.<\/p>\n<p>A primeira exposi\u00e7\u00e3o foi conduzida pelo Frei Gilberto Costa, que apresentou a trajet\u00f3ria de P\u00eder Giorgio Frassati, jovem universit\u00e1rio de profunda f\u00e9 e intensa vida social. Filho de uma fam\u00edlia influente de Turim, Frassati dedicava boa parte de seu tempo aos pobres, visitando fam\u00edlias carentes, doentes e abandonados. Era apaixonado pela montanha, onde costumava rezar e partilhar momentos com seus amigos. \u201cCom sua vida, Frassati nos ensina a ter olhos voltados para aquilo que \u00e9 eterno! Verso l\u2019alto (Rumo ao alto) \u00e9 o lema de sua vida\u201d, destacou o frade. E acrescentou: \u201cA vida dele fala de rela\u00e7\u00e3o com Deus, mas tamb\u00e9m de maturidade social, cuidado e zelo pelos mais empobrecidos\u201d. Frassati dizia \u201cCristo vem a mim todos os dias. E eu retribuo-lhe a visita, indo visitar os pobres\u201d.<\/p>\n<p><img loading=\"lazy\" class=\"aligncenter wp-image-260080 size-full\" src=\"https:\/\/franciscanos.org.br\/noticias\/wp-content\/uploads\/2025\/09\/materia-4-6.jpg\" alt=\"\" width=\"1280\" height=\"720\" srcset=\"https:\/\/franciscanos.org.br\/noticias\/wp-content\/uploads\/2025\/09\/materia-4-6.jpg 1280w, https:\/\/franciscanos.org.br\/noticias\/wp-content\/uploads\/2025\/09\/materia-4-6-450x253.jpg 450w, https:\/\/franciscanos.org.br\/noticias\/wp-content\/uploads\/2025\/09\/materia-4-6-1024x576.jpg 1024w, https:\/\/franciscanos.org.br\/noticias\/wp-content\/uploads\/2025\/09\/materia-4-6-768x432.jpg 768w, https:\/\/franciscanos.org.br\/noticias\/wp-content\/uploads\/2025\/09\/materia-4-6-150x84.jpg 150w\" sizes=\"(max-width: 1280px) 100vw, 1280px\" \/><\/p>\n<p>Na sequ\u00eancia, a jovem Emanuelle Aparecida Rodrigues falou sobre S\u00e3o Carlo Acutis, ressaltando sua proximidade com o mundo de hoje. \u201cEle foi um jovem que jogava videogame, tomava coca-cola, mas tamb\u00e9m nos ensina a ser santos\u201d, disse. Ela lembrou o amor profundo de Carlo pela Eucaristia, sua participa\u00e7\u00e3o di\u00e1ria na missa e sua devo\u00e7\u00e3o a Maria. A jovem apresentou ainda o \u201cKit para a santidade\u201d, criado por Carlo quando era catequista da primeira comunh\u00e3o. Foi desse entusiasmo que nasceu o site sobre milagres eucar\u00edsticos, que at\u00e9 hoje pode ser visitado na internet e que lhe rendeu o t\u00edtulo de \u201cmission\u00e1rio digital\u201d, sendo reconhecido como o primeiro santo da era digital.<\/p>\n<p>A programa\u00e7\u00e3o contou tamb\u00e9m com uma gincana sobre a vida dos novos santos, na qual os jovens puderam testar seus conhecimentos e ganhar brindes. Em seguida, \u00e0s 18h, rezaram juntos o \u00c2ngelus e participaram de um momento de adora\u00e7\u00e3o na Igreja Matriz, aprofundando a devo\u00e7\u00e3o eucar\u00edstica t\u00e3o presente na vida dos santos.<\/p>\n<p><img loading=\"lazy\" class=\"aligncenter wp-image-260081 size-full\" src=\"https:\/\/franciscanos.org.br\/noticias\/wp-content\/uploads\/2025\/09\/MATERIA-2-10.jpg\" alt=\"\" width=\"1280\" height=\"720\" srcset=\"https:\/\/franciscanos.org.br\/noticias\/wp-content\/uploads\/2025\/09\/MATERIA-2-10.jpg 1280w, https:\/\/franciscanos.org.br\/noticias\/wp-content\/uploads\/2025\/09\/MATERIA-2-10-450x253.jpg 450w, https:\/\/franciscanos.org.br\/noticias\/wp-content\/uploads\/2025\/09\/MATERIA-2-10-1024x576.jpg 1024w, https:\/\/franciscanos.org.br\/noticias\/wp-content\/uploads\/2025\/09\/MATERIA-2-10-768x432.jpg 768w, https:\/\/franciscanos.org.br\/noticias\/wp-content\/uploads\/2025\/09\/MATERIA-2-10-150x84.jpg 150w\" sizes=\"(max-width: 1280px) 100vw, 1280px\" \/><\/p>\n<p>O encontro foi conclu\u00eddo com a missa das 19h, presidida por Frei Carlos Ignacia, que expressou sua alegria em ver a juventude reunida em ora\u00e7\u00e3o, estudo e partilha da f\u00e9. \u201cA Igreja nos brinda hoje com dois novos santos que s\u00e3o exemplo de vida para a juventude! Quanta entrega! Quanta dedica\u00e7\u00e3o! Quero perguntar a cada um de voc\u00eas aqui presente: quanto voc\u00ea tem se doado para o projeto de Deus?\u201d, provocou o p\u00e1roco.<\/p>\n<p>O encontro deixou nos jovens a certeza de que a santidade n\u00e3o \u00e9 um ideal distante, mas um caminho poss\u00edvel a ser trilhado no dia a dia. Inspirados pelo testemunho de Carlo Acutis e P\u00eder Giorgio Frassati, eles foram convidados a viver a f\u00e9 com entusiasmo, simplicidade e compromisso, tornando-se sinais concretos do Evangelho no mundo de hoje.<\/p>\n<hr \/>\n<p><em>Frei Gilberto Silveira da Costa Junior<\/em><\/p>\n\n\t\t<style type=\"text\/css\">\n\t\t\t#gallery-1 {\n\t\t\t\tmargin: auto;\n\t\t\t}\n\t\t\t#gallery-1 .gallery-item {\n\t\t\t\tfloat: left;\n\t\t\t\tmargin-top: 10px;\n\t\t\t\ttext-align: center;\n\t\t\t\twidth: 50%;\n\t\t\t}\n\t\t\t#gallery-1 img {\n\t\t\t\tborder: 2px solid #cfcfcf;\n\t\t\t}\n\t\t\t#gallery-1 .gallery-caption {\n\t\t\t\tmargin-left: 0;\n\t\t\t}\n\t\t\t\/* see gallery_shortcode() in wp-includes\/media.php *\/\n\t\t<\/style>\n\t\t<div id='gallery-1' class='gallery galleryid-260077 gallery-columns-2 gallery-size-thumbnail'><dl class='gallery-item'>\n\t\t\t<dt class='gallery-icon portrait'>\n\t\t\t\t<a href='https:\/\/franciscanos.org.br\/noticias\/wp-content\/uploads\/2025\/09\/9fdc2710-c726-425c-89e9-52944d38f1b4-scaled.jpg'><img width=\"300\" height=\"300\" src=\"https:\/\/franciscanos.org.br\/noticias\/wp-content\/uploads\/2025\/09\/9fdc2710-c726-425c-89e9-52944d38f1b4-300x300.jpg\" class=\"attachment-thumbnail size-thumbnail\" alt=\"\" loading=\"lazy\" srcset=\"https:\/\/franciscanos.org.br\/noticias\/wp-content\/uploads\/2025\/09\/9fdc2710-c726-425c-89e9-52944d38f1b4-300x300.jpg 300w, https:\/\/franciscanos.org.br\/noticias\/wp-content\/uploads\/2025\/09\/9fdc2710-c726-425c-89e9-52944d38f1b4-100x100.jpg 100w\" sizes=\"(max-width: 300px) 100vw, 300px\" \/><\/a>\n\t\t\t<\/dt><\/dl><dl class='gallery-item'>\n\t\t\t<dt class='gallery-icon portrait'>\n\t\t\t\t<a href='https:\/\/franciscanos.org.br\/noticias\/wp-content\/uploads\/2025\/09\/e1edee2c-8b42-4315-a9de-b8a335579af3-scaled.jpg'><img width=\"300\" height=\"300\" src=\"https:\/\/franciscanos.org.br\/noticias\/wp-content\/uploads\/2025\/09\/e1edee2c-8b42-4315-a9de-b8a335579af3-300x300.jpg\" class=\"attachment-thumbnail size-thumbnail\" alt=\"\" loading=\"lazy\" srcset=\"https:\/\/franciscanos.org.br\/noticias\/wp-content\/uploads\/2025\/09\/e1edee2c-8b42-4315-a9de-b8a335579af3-300x300.jpg 300w, https:\/\/franciscanos.org.br\/noticias\/wp-content\/uploads\/2025\/09\/e1edee2c-8b42-4315-a9de-b8a335579af3-100x100.jpg 100w\" sizes=\"(max-width: 300px) 100vw, 300px\" \/><\/a>\n\t\t\t<\/dt><\/dl><br style=\"clear: both\" \/>\n\t\t<\/div>\n\n","protected":false},"excerpt":{"rendered":"<p>Juventude Franciscana<\/p>\n","protected":false},"author":11,"featured_media":260078,"comment_status":"open","ping_status":"open","sticky":false,"template":"","format":"standard","meta":[],"categories":[1],"tags":[478,1985],"acf":[],"yoast_head":"<!-- This site is optimized with the Yoast SEO plugin v19.2 - https:\/\/yoast.com\/wordpress\/plugins\/seo\/ -->\n<title>Tarde Jovem movimenta juventudes de Curitibanos - Not\u00edcias - Franciscanos<\/title>\n<meta name=\"robots\" content=\"index, follow, max-snippet:-1, max-image-preview:large, max-video-preview:-1\" \/>\n<link rel=\"canonical\" href=\"https:\/\/franciscanos.org.br\/noticias\/tarde-jovem-movimenta-juventudes-de-curitibanos.html\" \/>\n<meta property=\"og:locale\" content=\"pt_BR\" \/>\n<meta property=\"og:type\" content=\"article\" \/>\n<meta property=\"og:title\" content=\"Tarde Jovem movimenta juventudes de Curitibanos - Not\u00edcias - Franciscanos\" \/>\n<meta property=\"og:description\" content=\"Juventude Franciscana\" \/>\n<meta property=\"og:url\" content=\"https:\/\/franciscanos.org.br\/noticias\/tarde-jovem-movimenta-juventudes-de-curitibanos.html\" \/>\n<meta property=\"og:site_name\" content=\"Not\u00edcias - Franciscanos\" \/>\n<meta property=\"article:published_time\" content=\"2025-09-09T12:43:40+00:00\" \/>\n<meta property=\"og:image\" content=\"https:\/\/franciscanos.org.br\/noticias\/wp-content\/uploads\/2025\/09\/CHAMADA-16.jpg\" \/>\n\t<meta property=\"og:image:width\" content=\"800\" \/>\n\t<meta property=\"og:image:height\" content=\"550\" \/>\n\t<meta property=\"og:image:type\" content=\"image\/jpeg\" \/>\n<meta name=\"author\" content=\"Adriana Rabelo\" \/>\n<meta name=\"twitter:card\" content=\"summary_large_image\" \/>\n<meta name=\"twitter:label1\" content=\"Escrito por\" \/>\n\t<meta name=\"twitter:data1\" content=\"Adriana Rabelo\" \/>\n\t<meta name=\"twitter:label2\" content=\"Est. tempo de leitura\" \/>\n\t<meta name=\"twitter:data2\" content=\"3 minutos\" \/>\n<script type=\"application\/ld+json\" class=\"yoast-schema-graph\">{\"@context\":\"https:\/\/schema.org\",\"@graph\":[{\"@type\":\"WebSite\",\"@id\":\"https:\/\/franciscanos.org.br\/noticias\/#website\",\"url\":\"https:\/\/franciscanos.org.br\/noticias\/\",\"name\":\"Not\u00edcias - Franciscanos\",\"description\":\"Prov\u00edncia Franciscana da Imaculada Concei\u00e7\u00e3o do Brasil - Ordem dos Frades Menores - OFM\",\"potentialAction\":[{\"@type\":\"SearchAction\",\"target\":{\"@type\":\"EntryPoint\",\"urlTemplate\":\"https:\/\/franciscanos.org.br\/noticias\/?s={search_term_string}\"},\"query-input\":\"required name=search_term_string\"}],\"inLanguage\":\"pt-BR\"},{\"@type\":\"ImageObject\",\"inLanguage\":\"pt-BR\",\"@id\":\"https:\/\/franciscanos.org.br\/noticias\/tarde-jovem-movimenta-juventudes-de-curitibanos.html#primaryimage\",\"url\":\"https:\/\/franciscanos.org.br\/noticias\/wp-content\/uploads\/2025\/09\/CHAMADA-16.jpg\",\"contentUrl\":\"https:\/\/franciscanos.org.br\/noticias\/wp-content\/uploads\/2025\/09\/CHAMADA-16.jpg\",\"width\":800,\"height\":550},{\"@type\":\"WebPage\",\"@id\":\"https:\/\/franciscanos.org.br\/noticias\/tarde-jovem-movimenta-juventudes-de-curitibanos.html#webpage\",\"url\":\"https:\/\/franciscanos.org.br\/noticias\/tarde-jovem-movimenta-juventudes-de-curitibanos.html\",\"name\":\"Tarde Jovem movimenta juventudes de Curitibanos - Not\u00edcias - Franciscanos\",\"isPartOf\":{\"@id\":\"https:\/\/franciscanos.org.br\/noticias\/#website\"},\"primaryImageOfPage\":{\"@id\":\"https:\/\/franciscanos.org.br\/noticias\/tarde-jovem-movimenta-juventudes-de-curitibanos.html#primaryimage\"},\"datePublished\":\"2025-09-09T12:43:40+00:00\",\"dateModified\":\"2025-09-09T12:43:40+00:00\",\"author\":{\"@id\":\"https:\/\/franciscanos.org.br\/noticias\/#\/schema\/person\/d9422e83121c3ad3b0f423d195f5bb25\"},\"breadcrumb\":{\"@id\":\"https:\/\/franciscanos.org.br\/noticias\/tarde-jovem-movimenta-juventudes-de-curitibanos.html#breadcrumb\"},\"inLanguage\":\"pt-BR\",\"potentialAction\":[{\"@type\":\"ReadAction\",\"target\":[\"https:\/\/franciscanos.org.br\/noticias\/tarde-jovem-movimenta-juventudes-de-curitibanos.html\"]}]},{\"@type\":\"BreadcrumbList\",\"@id\":\"https:\/\/franciscanos.org.br\/noticias\/tarde-jovem-movimenta-juventudes-de-curitibanos.html#breadcrumb\",\"itemListElement\":[{\"@type\":\"ListItem\",\"position\":1,\"name\":\"Home\",\"item\":\"https:\/\/franciscanos.org.br\/noticias\"},{\"@type\":\"ListItem\",\"position\":2,\"name\":\"Tarde Jovem movimenta juventudes de Curitibanos\"}]},{\"@type\":\"Person\",\"@id\":\"https:\/\/franciscanos.org.br\/noticias\/#\/schema\/person\/d9422e83121c3ad3b0f423d195f5bb25\",\"name\":\"Adriana Rabelo\",\"image\":{\"@type\":\"ImageObject\",\"inLanguage\":\"pt-BR\",\"@id\":\"https:\/\/franciscanos.org.br\/noticias\/#\/schema\/person\/image\/\",\"url\":\"https:\/\/secure.gravatar.com\/avatar\/0a937b7500cd7df77540cfb8bede877d?s=96&d=mm&r=g\",\"contentUrl\":\"https:\/\/secure.gravatar.com\/avatar\/0a937b7500cd7df77540cfb8bede877d?s=96&d=mm&r=g\",\"caption\":\"Adriana Rabelo\"},\"url\":\"https:\/\/franciscanos.org.br\/noticias\/author\/adrianarabelo\"}]}<\/script>\n<!-- \/ Yoast SEO plugin. -->","yoast_head_json":{"title":"Tarde Jovem movimenta juventudes de Curitibanos - Not\u00edcias - Franciscanos","robots":{"index":"index","follow":"follow","max-snippet":"max-snippet:-1","max-image-preview":"max-image-preview:large","max-video-preview":"max-video-preview:-1"},"canonical":"https:\/\/franciscanos.org.br\/noticias\/tarde-jovem-movimenta-juventudes-de-curitibanos.html","og_locale":"pt_BR","og_type":"article","og_title":"Tarde Jovem movimenta juventudes de Curitibanos - Not\u00edcias - Franciscanos","og_description":"Juventude Franciscana","og_url":"https:\/\/franciscanos.org.br\/noticias\/tarde-jovem-movimenta-juventudes-de-curitibanos.html","og_site_name":"Not\u00edcias - Franciscanos","article_published_time":"2025-09-09T12:43:40+00:00","og_image":[{"width":800,"height":550,"url":"https:\/\/franciscanos.org.br\/noticias\/wp-content\/uploads\/2025\/09\/CHAMADA-16.jpg","type":"image\/jpeg"}],"author":"Adriana Rabelo","twitter_card":"summary_large_image","twitter_misc":{"Escrito por":"Adriana Rabelo","Est. tempo de leitura":"3 minutos"},"schema":{"@context":"https:\/\/schema.org","@graph":[{"@type":"WebSite","@id":"https:\/\/franciscanos.org.br\/noticias\/#website","url":"https:\/\/franciscanos.org.br\/noticias\/","name":"Not\u00edcias - Franciscanos","description":"Prov\u00edncia Franciscana da Imaculada Concei\u00e7\u00e3o do Brasil - Ordem dos Frades Menores - OFM","potentialAction":[{"@type":"SearchAction","target":{"@type":"EntryPoint","urlTemplate":"https:\/\/franciscanos.org.br\/noticias\/?s={search_term_string}"},"query-input":"required name=search_term_string"}],"inLanguage":"pt-BR"},{"@type":"ImageObject","inLanguage":"pt-BR","@id":"https:\/\/franciscanos.org.br\/noticias\/tarde-jovem-movimenta-juventudes-de-curitibanos.html#primaryimage","url":"https:\/\/franciscanos.org.br\/noticias\/wp-content\/uploads\/2025\/09\/CHAMADA-16.jpg","contentUrl":"https:\/\/franciscanos.org.br\/noticias\/wp-content\/uploads\/2025\/09\/CHAMADA-16.jpg","width":800,"height":550},{"@type":"WebPage","@id":"https:\/\/franciscanos.org.br\/noticias\/tarde-jovem-movimenta-juventudes-de-curitibanos.html#webpage","url":"https:\/\/franciscanos.org.br\/noticias\/tarde-jovem-movimenta-juventudes-de-curitibanos.html","name":"Tarde Jovem movimenta juventudes de Curitibanos - Not\u00edcias - Franciscanos","isPartOf":{"@id":"https:\/\/franciscanos.org.br\/noticias\/#website"},"primaryImageOfPage":{"@id":"https:\/\/franciscanos.org.br\/noticias\/tarde-jovem-movimenta-juventudes-de-curitibanos.html#primaryimage"},"datePublished":"2025-09-09T12:43:40+00:00","dateModified":"2025-09-09T12:43:40+00:00","author":{"@id":"https:\/\/franciscanos.org.br\/noticias\/#\/schema\/person\/d9422e83121c3ad3b0f423d195f5bb25"},"breadcrumb":{"@id":"https:\/\/franciscanos.org.br\/noticias\/tarde-jovem-movimenta-juventudes-de-curitibanos.html#breadcrumb"},"inLanguage":"pt-BR","potentialAction":[{"@type":"ReadAction","target":["https:\/\/franciscanos.org.br\/noticias\/tarde-jovem-movimenta-juventudes-de-curitibanos.html"]}]},{"@type":"BreadcrumbList","@id":"https:\/\/franciscanos.org.br\/noticias\/tarde-jovem-movimenta-juventudes-de-curitibanos.html#breadcrumb","itemListElement":[{"@type":"ListItem","position":1,"name":"Home","item":"https:\/\/franciscanos.org.br\/noticias"},{"@type":"ListItem","position":2,"name":"Tarde Jovem movimenta juventudes de Curitibanos"}]},{"@type":"Person","@id":"https:\/\/franciscanos.org.br\/noticias\/#\/schema\/person\/d9422e83121c3ad3b0f423d195f5bb25","name":"Adriana Rabelo","image":{"@type":"ImageObject","inLanguage":"pt-BR","@id":"https:\/\/franciscanos.org.br\/noticias\/#\/schema\/person\/image\/","url":"https:\/\/secure.gravatar.com\/avatar\/0a937b7500cd7df77540cfb8bede877d?s=96&d=mm&r=g","contentUrl":"https:\/\/secure.gravatar.com\/avatar\/0a937b7500cd7df77540cfb8bede877d?s=96&d=mm&r=g","caption":"Adriana Rabelo"},"url":"https:\/\/franciscanos.org.br\/noticias\/author\/adrianarabelo"}]}},"_links":{"self":[{"href":"https:\/\/franciscanos.org.br\/noticias\/wp-json\/wp\/v2\/posts\/260077"}],"collection":[{"href":"https:\/\/franciscanos.org.br\/noticias\/wp-json\/wp\/v2\/posts"}],"about":[{"href":"https:\/\/franciscanos.org.br\/noticias\/wp-json\/wp\/v2\/types\/post"}],"author":[{"embeddable":true,"href":"https:\/\/franciscanos.org.br\/noticias\/wp-json\/wp\/v2\/users\/11"}],"replies":[{"embeddable":true,"href":"https:\/\/franciscanos.org.br\/noticias\/wp-json\/wp\/v2\/comments?post=260077"}],"version-history":[{"count":2,"href":"https:\/\/franciscanos.org.br\/noticias\/wp-json\/wp\/v2\/posts\/260077\/revisions"}],"predecessor-version":[{"id":260085,"href":"https:\/\/franciscanos.org.br\/noticias\/wp-json\/wp\/v2\/posts\/260077\/revisions\/260085"}],"wp:featuredmedia":[{"embeddable":true,"href":"https:\/\/franciscanos.org.br\/noticias\/wp-json\/wp\/v2\/media\/260078"}],"wp:attachment":[{"href":"https:\/\/franciscanos.org.br\/noticias\/wp-json\/wp\/v2\/media?parent=260077"}],"wp:term":[{"taxonomy":"category","embeddable":true,"href":"https:\/\/franciscanos.org.br\/noticias\/wp-json\/wp\/v2\/categories?post=260077"},{"taxonomy":"post_tag","embeddable":true,"href":"https:\/\/franciscanos.org.br\/noticias\/wp-json\/wp\/v2\/tags?post=260077"}],"curies":[{"name":"wp","href":"https:\/\/api.w.org\/{rel}","templated":true}]}}