{"id":260024,"date":"2025-09-08T16:08:19","date_gmt":"2025-09-08T19:08:19","guid":{"rendered":"https:\/\/franciscanos.org.br\/noticias\/?p=260024"},"modified":"2025-09-09T15:20:19","modified_gmt":"2025-09-09T18:20:19","slug":"o-retorno-ao-altar-do-batismo-frei-joao-celebra-sua-primeira-missa-em-sao-roque","status":"publish","type":"post","link":"https:\/\/franciscanos.org.br\/noticias\/o-retorno-ao-altar-do-batismo-frei-joao-celebra-sua-primeira-missa-em-sao-roque.html","title":{"rendered":"O retorno ao \u2018altar\u2019 do batismo: Frei Jo\u00e3o celebra sua Primeira Missa em S\u00e3o Roque"},"content":{"rendered":"<p><img loading=\"lazy\" class=\"aligncenter wp-image-260027 size-full\" src=\"https:\/\/franciscanos.org.br\/noticias\/wp-content\/uploads\/2025\/09\/foto1.jpg\" alt=\"\" width=\"1280\" height=\"720\" srcset=\"https:\/\/franciscanos.org.br\/noticias\/wp-content\/uploads\/2025\/09\/foto1.jpg 1280w, https:\/\/franciscanos.org.br\/noticias\/wp-content\/uploads\/2025\/09\/foto1-450x253.jpg 450w, https:\/\/franciscanos.org.br\/noticias\/wp-content\/uploads\/2025\/09\/foto1-1024x576.jpg 1024w, https:\/\/franciscanos.org.br\/noticias\/wp-content\/uploads\/2025\/09\/foto1-768x432.jpg 768w, https:\/\/franciscanos.org.br\/noticias\/wp-content\/uploads\/2025\/09\/foto1-150x84.jpg 150w\" sizes=\"(max-width: 1280px) 100vw, 1280px\" \/><\/p>\n<p>A comunidade de S\u00e3o Roque, em Tr\u00eas Pontes, Amparo (SP), ficou pequena no \u00faltimo domingo, 7 de setembro, para celebrar um momento hist\u00f3rico e de muita emo\u00e7\u00e3o: a Primeira Missa de Frei Jo\u00e3o Manoel Zechinatto, ordenado presb\u00edtero no s\u00e1bado (6\/09). Amigos, familiares, frades vindos de v\u00e1rias fraternidades da Prov\u00edncia e o povo de Deus lotaram a capela que no ano que vem celebrar\u00e1 seu centen\u00e1rio.<\/p>\n<p><img loading=\"lazy\" class=\"aligncenter wp-image-260034 size-full\" src=\"https:\/\/franciscanos.org.br\/noticias\/wp-content\/uploads\/2025\/09\/foto10.jpg\" alt=\"\" width=\"1280\" height=\"720\" srcset=\"https:\/\/franciscanos.org.br\/noticias\/wp-content\/uploads\/2025\/09\/foto10.jpg 1280w, https:\/\/franciscanos.org.br\/noticias\/wp-content\/uploads\/2025\/09\/foto10-450x253.jpg 450w, https:\/\/franciscanos.org.br\/noticias\/wp-content\/uploads\/2025\/09\/foto10-1024x576.jpg 1024w, https:\/\/franciscanos.org.br\/noticias\/wp-content\/uploads\/2025\/09\/foto10-768x432.jpg 768w, https:\/\/franciscanos.org.br\/noticias\/wp-content\/uploads\/2025\/09\/foto10-150x84.jpg 150w\" sizes=\"(max-width: 1280px) 100vw, 1280px\" \/><\/p>\n<p>Logo no in\u00edcio, percebeu-se que n\u00e3o seria uma missa comum. Fi\u00e9is se acomodaram tamb\u00e9m do lado de fora, em espa\u00e7os preparados pela comunidade. A emo\u00e7\u00e3o era vis\u00edvel: naquela mesma capela, na pia batismal, h\u00e1 32 anos, Frei Jo\u00e3o havia recebido o sacramento que o inseriu na Igreja; agora, voltava como presb\u00edtero para presidir a Eucaristia pela primeira vez.<\/p>\n<p><img loading=\"lazy\" class=\"aligncenter wp-image-260029 size-full\" src=\"https:\/\/franciscanos.org.br\/noticias\/wp-content\/uploads\/2025\/09\/foto5.jpg\" alt=\"\" width=\"1280\" height=\"720\" srcset=\"https:\/\/franciscanos.org.br\/noticias\/wp-content\/uploads\/2025\/09\/foto5.jpg 1280w, https:\/\/franciscanos.org.br\/noticias\/wp-content\/uploads\/2025\/09\/foto5-450x253.jpg 450w, https:\/\/franciscanos.org.br\/noticias\/wp-content\/uploads\/2025\/09\/foto5-1024x576.jpg 1024w, https:\/\/franciscanos.org.br\/noticias\/wp-content\/uploads\/2025\/09\/foto5-768x432.jpg 768w, https:\/\/franciscanos.org.br\/noticias\/wp-content\/uploads\/2025\/09\/foto5-150x84.jpg 150w\" sizes=\"(max-width: 1280px) 100vw, 1280px\" \/><\/p>\n<p>O altar, cuidadosamente preparado, tornou-se sinal vis\u00edvel da entrega e do servi\u00e7o que Frei Jo\u00e3o agora abra\u00e7a. Os cantos, conduzidos pelo minist\u00e9rio de m\u00fasica da comunidade, fizeram ecoar a alegria de todo o povo, que, desde o primeiro momento, participou com entusiasmo e devo\u00e7\u00e3o.<\/p>\n\n\t\t<style type=\"text\/css\">\n\t\t\t#gallery-1 {\n\t\t\t\tmargin: auto;\n\t\t\t}\n\t\t\t#gallery-1 .gallery-item {\n\t\t\t\tfloat: left;\n\t\t\t\tmargin-top: 10px;\n\t\t\t\ttext-align: center;\n\t\t\t\twidth: 25%;\n\t\t\t}\n\t\t\t#gallery-1 img {\n\t\t\t\tborder: 2px solid #cfcfcf;\n\t\t\t}\n\t\t\t#gallery-1 .gallery-caption {\n\t\t\t\tmargin-left: 0;\n\t\t\t}\n\t\t\t\/* see gallery_shortcode() in wp-includes\/media.php *\/\n\t\t<\/style>\n\t\t<div id='gallery-1' class='gallery galleryid-260024 gallery-columns-4 gallery-size-thumbnail'><dl class='gallery-item'>\n\t\t\t<dt class='gallery-icon landscape'>\n\t\t\t\t<a href='https:\/\/franciscanos.org.br\/noticias\/wp-content\/uploads\/2025\/09\/MG_0040.jpg'><img width=\"300\" height=\"300\" src=\"https:\/\/franciscanos.org.br\/noticias\/wp-content\/uploads\/2025\/09\/MG_0040-300x300.jpg\" class=\"attachment-thumbnail size-thumbnail\" alt=\"\" loading=\"lazy\" srcset=\"https:\/\/franciscanos.org.br\/noticias\/wp-content\/uploads\/2025\/09\/MG_0040-300x300.jpg 300w, https:\/\/franciscanos.org.br\/noticias\/wp-content\/uploads\/2025\/09\/MG_0040-100x100.jpg 100w\" sizes=\"(max-width: 300px) 100vw, 300px\" \/><\/a>\n\t\t\t<\/dt><\/dl><dl class='gallery-item'>\n\t\t\t<dt class='gallery-icon landscape'>\n\t\t\t\t<a href='https:\/\/franciscanos.org.br\/noticias\/wp-content\/uploads\/2025\/09\/MG_0045.jpg'><img width=\"300\" height=\"300\" src=\"https:\/\/franciscanos.org.br\/noticias\/wp-content\/uploads\/2025\/09\/MG_0045-300x300.jpg\" class=\"attachment-thumbnail size-thumbnail\" alt=\"\" loading=\"lazy\" srcset=\"https:\/\/franciscanos.org.br\/noticias\/wp-content\/uploads\/2025\/09\/MG_0045-300x300.jpg 300w, https:\/\/franciscanos.org.br\/noticias\/wp-content\/uploads\/2025\/09\/MG_0045-100x100.jpg 100w\" sizes=\"(max-width: 300px) 100vw, 300px\" \/><\/a>\n\t\t\t<\/dt><\/dl><dl class='gallery-item'>\n\t\t\t<dt class='gallery-icon landscape'>\n\t\t\t\t<a href='https:\/\/franciscanos.org.br\/noticias\/wp-content\/uploads\/2025\/09\/MG_0051-scaled.jpg'><img width=\"300\" height=\"300\" src=\"https:\/\/franciscanos.org.br\/noticias\/wp-content\/uploads\/2025\/09\/MG_0051-300x300.jpg\" class=\"attachment-thumbnail size-thumbnail\" alt=\"\" loading=\"lazy\" srcset=\"https:\/\/franciscanos.org.br\/noticias\/wp-content\/uploads\/2025\/09\/MG_0051-300x300.jpg 300w, https:\/\/franciscanos.org.br\/noticias\/wp-content\/uploads\/2025\/09\/MG_0051-100x100.jpg 100w\" sizes=\"(max-width: 300px) 100vw, 300px\" \/><\/a>\n\t\t\t<\/dt><\/dl><dl class='gallery-item'>\n\t\t\t<dt class='gallery-icon landscape'>\n\t\t\t\t<a href='https:\/\/franciscanos.org.br\/noticias\/wp-content\/uploads\/2025\/09\/MG_0055-1-scaled.jpg'><img width=\"300\" height=\"300\" src=\"https:\/\/franciscanos.org.br\/noticias\/wp-content\/uploads\/2025\/09\/MG_0055-1-300x300.jpg\" class=\"attachment-thumbnail size-thumbnail\" alt=\"\" loading=\"lazy\" srcset=\"https:\/\/franciscanos.org.br\/noticias\/wp-content\/uploads\/2025\/09\/MG_0055-1-300x300.jpg 300w, https:\/\/franciscanos.org.br\/noticias\/wp-content\/uploads\/2025\/09\/MG_0055-1-100x100.jpg 100w\" sizes=\"(max-width: 300px) 100vw, 300px\" \/><\/a>\n\t\t\t<\/dt><\/dl><br style=\"clear: both\" \/>\n\t\t<\/div>\n\n<p>O clima era de festa, mas tamb\u00e9m de profunda espiritualidade. No gesto da assembleia, no olhar dos familiares e no sorriso das crian\u00e7as que acompanhavam de perto, era poss\u00edvel perceber que aquela n\u00e3o era apenas a primeira missa de um jovem presb\u00edtero, mas um verdadeiro reencontro da comunidade com a sua pr\u00f3pria hist\u00f3ria de f\u00e9.<\/p>\n<p><strong>\u2018Hoje vemos um novo fruto nascer para a Igreja\u2019<\/strong><\/p>\n<p>As leituras proclamadas ajudaram a iluminar o sentido da voca\u00e7\u00e3o de Frei Jo\u00e3o: a sabedoria de Deus que conduz os passos do justo, a carta de Paulo a Fil\u00eamon como testemunho de fraternidade, e o Evangelho de Lucas (14,25-33), em que Jesus recorda as exig\u00eancias do seguimento e do discipulado crist\u00e3o com um programa oferecido para a realidade dos disc\u00edpulos daquele tempo e que \u00e9 atual e necess\u00e1rio para os nossos tempos tamb\u00e9m.<\/p>\n\n\t\t<style type=\"text\/css\">\n\t\t\t#gallery-2 {\n\t\t\t\tmargin: auto;\n\t\t\t}\n\t\t\t#gallery-2 .gallery-item {\n\t\t\t\tfloat: left;\n\t\t\t\tmargin-top: 10px;\n\t\t\t\ttext-align: center;\n\t\t\t\twidth: 33%;\n\t\t\t}\n\t\t\t#gallery-2 img {\n\t\t\t\tborder: 2px solid #cfcfcf;\n\t\t\t}\n\t\t\t#gallery-2 .gallery-caption {\n\t\t\t\tmargin-left: 0;\n\t\t\t}\n\t\t\t\/* see gallery_shortcode() in wp-includes\/media.php *\/\n\t\t<\/style>\n\t\t<div id='gallery-2' class='gallery galleryid-260024 gallery-columns-3 gallery-size-thumbnail'><dl class='gallery-item'>\n\t\t\t<dt class='gallery-icon landscape'>\n\t\t\t\t<a href='https:\/\/franciscanos.org.br\/noticias\/wp-content\/uploads\/2025\/09\/MG_0067.jpg'><img width=\"300\" height=\"300\" src=\"https:\/\/franciscanos.org.br\/noticias\/wp-content\/uploads\/2025\/09\/MG_0067-300x300.jpg\" class=\"attachment-thumbnail size-thumbnail\" alt=\"\" loading=\"lazy\" srcset=\"https:\/\/franciscanos.org.br\/noticias\/wp-content\/uploads\/2025\/09\/MG_0067-300x300.jpg 300w, https:\/\/franciscanos.org.br\/noticias\/wp-content\/uploads\/2025\/09\/MG_0067-100x100.jpg 100w\" sizes=\"(max-width: 300px) 100vw, 300px\" \/><\/a>\n\t\t\t<\/dt><\/dl><dl class='gallery-item'>\n\t\t\t<dt class='gallery-icon landscape'>\n\t\t\t\t<a href='https:\/\/franciscanos.org.br\/noticias\/wp-content\/uploads\/2025\/09\/MG_0078.jpg'><img width=\"300\" height=\"300\" src=\"https:\/\/franciscanos.org.br\/noticias\/wp-content\/uploads\/2025\/09\/MG_0078-300x300.jpg\" class=\"attachment-thumbnail size-thumbnail\" alt=\"\" loading=\"lazy\" srcset=\"https:\/\/franciscanos.org.br\/noticias\/wp-content\/uploads\/2025\/09\/MG_0078-300x300.jpg 300w, https:\/\/franciscanos.org.br\/noticias\/wp-content\/uploads\/2025\/09\/MG_0078-100x100.jpg 100w\" sizes=\"(max-width: 300px) 100vw, 300px\" \/><\/a>\n\t\t\t<\/dt><\/dl><dl class='gallery-item'>\n\t\t\t<dt class='gallery-icon landscape'>\n\t\t\t\t<a href='https:\/\/franciscanos.org.br\/noticias\/wp-content\/uploads\/2025\/09\/IMG_9305.jpg'><img width=\"300\" height=\"300\" src=\"https:\/\/franciscanos.org.br\/noticias\/wp-content\/uploads\/2025\/09\/IMG_9305-300x300.jpg\" class=\"attachment-thumbnail size-thumbnail\" alt=\"\" loading=\"lazy\" srcset=\"https:\/\/franciscanos.org.br\/noticias\/wp-content\/uploads\/2025\/09\/IMG_9305-300x300.jpg 300w, https:\/\/franciscanos.org.br\/noticias\/wp-content\/uploads\/2025\/09\/IMG_9305-100x100.jpg 100w\" sizes=\"(max-width: 300px) 100vw, 300px\" \/><\/a>\n\t\t\t<\/dt><\/dl><br style=\"clear: both\" \/>\n\t\t<\/div>\n\n<p>A homilia foi confiada a\u00a0Frei S\u00e9rgio Pagan, filho da pr\u00f3pria comunidade, que presidiu sua primeira missa no mesmo altar h\u00e1 49 anos e que batizou Frei Jo\u00e3o. Em sua prega\u00e7\u00e3o, lembrou a trajet\u00f3ria vocacional do novo presb\u00edtero, unindo lembran\u00e7as pessoais a liturgia do dia.<\/p>\n<p>Frei S\u00e9rgio que atualmente reside em Niter\u00f3i (RJ), recordou a hist\u00f3ria da comunidade e a presen\u00e7a franciscana que a moldou, evocando a figura de Frei Wenceslau Scheper, respons\u00e1vel pela constru\u00e7\u00e3o da capela e formador de tantas voca\u00e7\u00f5es. \u201cVoc\u00eas s\u00e3o testemunhas de que este ch\u00e3o \u00e9 f\u00e9rtil. Aqui a Palavra de Deus foi semeada, e hoje vemos um novo fruto nascer para a Igreja\u201d, afirmou.<\/p>\n<p>Inspirando-se na primeira leitura, destacou que a sabedoria de Deus sempre se manifesta nos que se colocam \u00e0 disposi\u00e7\u00e3o para servi-Lo. \u201cN\u00e3o \u00e9 a intelig\u00eancia humana que sustenta a voca\u00e7\u00e3o, mas a gra\u00e7a que se derrama sobre os pequenos. Frei Jo\u00e3o \u00e9 sinal dessa gra\u00e7a que floresceu nesta terra simples e generosa\u201d, disse.<\/p>\n<p>Ao comentar a carta de S\u00e3o Paulo a Fil\u00eamon, fez uma liga\u00e7\u00e3o direta entre a experi\u00eancia apost\u00f3lica de Paulo e a miss\u00e3o que Frei Jo\u00e3o agora assume. \u201cPaulo chama On\u00e9simo de filho na f\u00e9. Eu tamb\u00e9m posso dizer: Jo\u00e3o, voc\u00ea \u00e9 meu filho espiritual. Quando o batizei, tracei o sinal da cruz em sua fronte e proclamei: tu \u00e9s sacerdote, profeta e rei. Hoje, isso se cumpre de modo pleno em sua vida\u201d.<\/p>\n<p>O pregador tamb\u00e9m refletiu sobre o Evangelho do dia, que apresenta as exig\u00eancias do seguimento de Cristo. Segundo ele, o chamado para \u201cdeixar pai, m\u00e3e, irm\u00e3os e at\u00e9 a pr\u00f3pria vida\u201d n\u00e3o significa abandono, mas um amor que se expande. \u201cA partir de hoje, seu cora\u00e7\u00e3o precisa ser maior. \u00c9 o amor de Cristo que o envia a todos. Assim como Francisco de Assis, voc\u00ea n\u00e3o pertence mais apenas a sua fam\u00edlia de sangue, mas a todos os irm\u00e3os e irm\u00e3s que encontrar no caminho\u201d, ressaltou.<\/p>\n<p>Dirigindo-se \u00e0 assembleia, Frei S\u00e9rgio pediu que a comunidade continue acompanhando o jovem presb\u00edtero com ora\u00e7\u00e3o e apoio, lembrando que a voca\u00e7\u00e3o n\u00e3o nasce isolada, mas \u00e9 sustentada pelo povo de Deus. \u201cSe Frei Jo\u00e3o chegou at\u00e9 aqui, \u00e9 porque voc\u00eas rezaram, acreditaram, incentivaram. Continuem sendo para ele sustento e esperan\u00e7a\u201d, pediu.<\/p>\n<p>Concluindo sua prega\u00e7\u00e3o, retomou o tema central do Evangelho: a cruz como medida do discipulado. \u201cSeguir Jesus \u00e9 carregar a cruz todos os dias, mas n\u00e3o com tristeza. \u00c9 a cruz da entrega, do servi\u00e7o e do amor sem limites. Jo\u00e3o, que sua vida seja sempre um reflexo desta alegria de se dar totalmente\u201d, indicou.<\/p>\n<p>A comunidade rezou com fervor nas preces, pedindo pelo novo sacerdote, pela Igreja, pelas voca\u00e7\u00f5es e pela miss\u00e3o franciscana. O momento da consagra\u00e7\u00e3o foi seguido de profundo sil\u00eancio e concentra\u00e7\u00e3o, enquanto todos se uniam em adora\u00e7\u00e3o diante do mist\u00e9rio da Eucaristia.<\/p>\n<p><strong>Agradecimentos: \u2018Hoje celebramos esse fruto\u2019<\/strong><\/p>\n<p>No final da celebra\u00e7\u00e3o coube a sua tia Deize Zechinatto Guarizo abrir esse momento de gratid\u00e3o. Em suas palavras, destacou que a celebra\u00e7\u00e3o era fruto de muitas ora\u00e7\u00f5es, da f\u00e9 transmitida entre gera\u00e7\u00f5es e do testemunho simples do povo de Deus.<\/p>\n<p><img loading=\"lazy\" class=\"aligncenter wp-image-260041 size-full\" src=\"https:\/\/franciscanos.org.br\/noticias\/wp-content\/uploads\/2025\/09\/tia-deise-foto.jpg\" alt=\"\" width=\"1280\" height=\"720\" srcset=\"https:\/\/franciscanos.org.br\/noticias\/wp-content\/uploads\/2025\/09\/tia-deise-foto.jpg 1280w, https:\/\/franciscanos.org.br\/noticias\/wp-content\/uploads\/2025\/09\/tia-deise-foto-450x253.jpg 450w, https:\/\/franciscanos.org.br\/noticias\/wp-content\/uploads\/2025\/09\/tia-deise-foto-1024x576.jpg 1024w, https:\/\/franciscanos.org.br\/noticias\/wp-content\/uploads\/2025\/09\/tia-deise-foto-768x432.jpg 768w, https:\/\/franciscanos.org.br\/noticias\/wp-content\/uploads\/2025\/09\/tia-deise-foto-150x84.jpg 150w\" sizes=\"(max-width: 1280px) 100vw, 1280px\" \/><\/p>\n<p>\u201cHoje, nossa fam\u00edlia, a Fam\u00edlia Franciscana e toda a comunidade est\u00e1 em festa em poder celebrar mais um presb\u00edtero franciscano, filho desta terra. Se seu pai, sua av\u00f3, seu av\u00f4, seu padrinho e o Frei Wenceslau estivessem aqui hoje, estariam chorando de felicidade. Mas, com certeza, eles est\u00e3o nos c\u00e9us, orgulhosos em saber que, desta \u00e1rvore que eles cultivaram, hoje celebramos esse fruto\u201d, afirmou emocionada.<\/p>\n\n\t\t<style type=\"text\/css\">\n\t\t\t#gallery-3 {\n\t\t\t\tmargin: auto;\n\t\t\t}\n\t\t\t#gallery-3 .gallery-item {\n\t\t\t\tfloat: left;\n\t\t\t\tmargin-top: 10px;\n\t\t\t\ttext-align: center;\n\t\t\t\twidth: 25%;\n\t\t\t}\n\t\t\t#gallery-3 img {\n\t\t\t\tborder: 2px solid #cfcfcf;\n\t\t\t}\n\t\t\t#gallery-3 .gallery-caption {\n\t\t\t\tmargin-left: 0;\n\t\t\t}\n\t\t\t\/* see gallery_shortcode() in wp-includes\/media.php *\/\n\t\t<\/style>\n\t\t<div id='gallery-3' class='gallery galleryid-260024 gallery-columns-4 gallery-size-thumbnail'><dl class='gallery-item'>\n\t\t\t<dt class='gallery-icon landscape'>\n\t\t\t\t<a href='https:\/\/franciscanos.org.br\/noticias\/wp-content\/uploads\/2025\/09\/MG_0089-1-scaled.jpg'><img width=\"300\" height=\"300\" src=\"https:\/\/franciscanos.org.br\/noticias\/wp-content\/uploads\/2025\/09\/MG_0089-1-300x300.jpg\" class=\"attachment-thumbnail size-thumbnail\" alt=\"\" loading=\"lazy\" srcset=\"https:\/\/franciscanos.org.br\/noticias\/wp-content\/uploads\/2025\/09\/MG_0089-1-300x300.jpg 300w, https:\/\/franciscanos.org.br\/noticias\/wp-content\/uploads\/2025\/09\/MG_0089-1-100x100.jpg 100w\" sizes=\"(max-width: 300px) 100vw, 300px\" \/><\/a>\n\t\t\t<\/dt><\/dl><dl class='gallery-item'>\n\t\t\t<dt class='gallery-icon landscape'>\n\t\t\t\t<a href='https:\/\/franciscanos.org.br\/noticias\/wp-content\/uploads\/2025\/09\/MG_0095-1.jpg'><img width=\"300\" height=\"300\" src=\"https:\/\/franciscanos.org.br\/noticias\/wp-content\/uploads\/2025\/09\/MG_0095-1-300x300.jpg\" class=\"attachment-thumbnail size-thumbnail\" alt=\"\" loading=\"lazy\" srcset=\"https:\/\/franciscanos.org.br\/noticias\/wp-content\/uploads\/2025\/09\/MG_0095-1-300x300.jpg 300w, https:\/\/franciscanos.org.br\/noticias\/wp-content\/uploads\/2025\/09\/MG_0095-1-100x100.jpg 100w\" sizes=\"(max-width: 300px) 100vw, 300px\" \/><\/a>\n\t\t\t<\/dt><\/dl><dl class='gallery-item'>\n\t\t\t<dt class='gallery-icon landscape'>\n\t\t\t\t<a href='https:\/\/franciscanos.org.br\/noticias\/wp-content\/uploads\/2025\/09\/MG_0097-scaled.jpg'><img width=\"300\" height=\"300\" src=\"https:\/\/franciscanos.org.br\/noticias\/wp-content\/uploads\/2025\/09\/MG_0097-300x300.jpg\" class=\"attachment-thumbnail size-thumbnail\" alt=\"\" loading=\"lazy\" srcset=\"https:\/\/franciscanos.org.br\/noticias\/wp-content\/uploads\/2025\/09\/MG_0097-300x300.jpg 300w, https:\/\/franciscanos.org.br\/noticias\/wp-content\/uploads\/2025\/09\/MG_0097-100x100.jpg 100w\" sizes=\"(max-width: 300px) 100vw, 300px\" \/><\/a>\n\t\t\t<\/dt><\/dl><dl class='gallery-item'>\n\t\t\t<dt class='gallery-icon landscape'>\n\t\t\t\t<a href='https:\/\/franciscanos.org.br\/noticias\/wp-content\/uploads\/2025\/09\/MG_0113-scaled.jpg'><img width=\"300\" height=\"300\" src=\"https:\/\/franciscanos.org.br\/noticias\/wp-content\/uploads\/2025\/09\/MG_0113-300x300.jpg\" class=\"attachment-thumbnail size-thumbnail\" alt=\"\" loading=\"lazy\" srcset=\"https:\/\/franciscanos.org.br\/noticias\/wp-content\/uploads\/2025\/09\/MG_0113-300x300.jpg 300w, https:\/\/franciscanos.org.br\/noticias\/wp-content\/uploads\/2025\/09\/MG_0113-100x100.jpg 100w\" sizes=\"(max-width: 300px) 100vw, 300px\" \/><\/a>\n\t\t\t<\/dt><\/dl><br style=\"clear: both\" \/>\n\t\t<\/div>\n\n<p>Deize recordou etapas importantes da caminhada vocacional de Frei Jo\u00e3o, desde o noviciado at\u00e9 a miss\u00e3o na Bahia, a experi\u00eancia em Angola, o trabalho com os Canarinhos em Petr\u00f3polis e, mais recentemente, a presen\u00e7a na comunidade do Jardim Peri Alto, em S\u00e3o Paulo. \u201cA vida nos pede coragem. Coragem, meu sobrinho! Viva belas e profundas aventuras, que este dia seja impulso para seguir em frente com ainda mais responsabilidade. Frei Jo\u00e3o Manoel, em nome de nossa fam\u00edlia, seus amigos e de toda a comunidade, nossos parab\u00e9ns! E n\u00e3o esque\u00e7a que a gente te ama muito e tem muito orgulho de voc\u00ea. Feliz e frutuoso minist\u00e9rio, e que S\u00e3o Francisco e Nossa Senhora Maria Sant\u00edssima intercedam sempre por ti\u201d.<\/p>\n<p><img loading=\"lazy\" class=\"aligncenter wp-image-260045 size-full\" src=\"https:\/\/franciscanos.org.br\/noticias\/wp-content\/uploads\/2025\/09\/MATERIA-9.jpg\" alt=\"\" width=\"1280\" height=\"720\" srcset=\"https:\/\/franciscanos.org.br\/noticias\/wp-content\/uploads\/2025\/09\/MATERIA-9.jpg 1280w, https:\/\/franciscanos.org.br\/noticias\/wp-content\/uploads\/2025\/09\/MATERIA-9-450x253.jpg 450w, https:\/\/franciscanos.org.br\/noticias\/wp-content\/uploads\/2025\/09\/MATERIA-9-1024x576.jpg 1024w, https:\/\/franciscanos.org.br\/noticias\/wp-content\/uploads\/2025\/09\/MATERIA-9-768x432.jpg 768w, https:\/\/franciscanos.org.br\/noticias\/wp-content\/uploads\/2025\/09\/MATERIA-9-150x84.jpg 150w\" sizes=\"(max-width: 1280px) 100vw, 1280px\" \/><\/p>\n<p>O Ministro provincial, Frei Paulo Roberto Pereira, destacou que a miss\u00e3o assumida por Frei Jo\u00e3o \u00e9 tamb\u00e9m a de todos os frades: \u201cEssa \u00e9 a nossa tarefa: cuidar da humanidade, da natureza e, especialmente, dos pequenos. Esse \u00e9 o dom que recebemos de Deus por voca\u00e7\u00e3o, viver em fraternidade e o Evangelho em nossas rela\u00e7\u00f5es. O Jo\u00e3o n\u00e3o est\u00e1 sozinho na miss\u00e3o, ele \u00e9 irm\u00e3o entre irm\u00e3os. Por isso chamei aqui os frades, os postulantes e vocacionados, porque o que se pode esperar de n\u00f3s \u00e9 que semeemos sempre a fraternidade, onde estivermos. Na palavra \u2018obrigado\u2019 existe o compromisso de corresponder \u00e0 generosidade que recebemos. Cobrem de n\u00f3s que sejamos frades que amem, que correspondam, que n\u00e3o abandonem o barco, sobretudo nas tempestades. Hoje, diante do povo, renovamos esse compromisso no dia em que o Jo\u00e3o d\u00e1 o seu sim para servir a Deus pelo minist\u00e9rio presbiteral\u201d.<\/p>\n<p><strong>\u2018Esta \u00e9 a terra sagrada em que nasci para a f\u00e9\u2019<\/strong><\/p>\n<p>Na sequ\u00eancia, foi a vez de Frei Jo\u00e3o Manoel expressar seus agradecimentos. Ele iniciou agradecendo pela presen\u00e7a de todos e sublinhando que a vida \u00e9 sempre tecida com as hist\u00f3rias de muitas pessoas: \u201cA hist\u00f3ria de uma pessoa \u00e9 a soma de milhares de hist\u00f3rias que v\u00e3o contribuindo e formando cada um de n\u00f3s. Obrigado por serem parte da minha hist\u00f3ria, dessa hist\u00f3ria que \u00e9 nossa\u201d.<\/p>\n<p><img loading=\"lazy\" class=\"aligncenter wp-image-260042 size-full\" src=\"https:\/\/franciscanos.org.br\/noticias\/wp-content\/uploads\/2025\/09\/MATERIA-6-1.jpg\" alt=\"\" width=\"1280\" height=\"720\" srcset=\"https:\/\/franciscanos.org.br\/noticias\/wp-content\/uploads\/2025\/09\/MATERIA-6-1.jpg 1280w, https:\/\/franciscanos.org.br\/noticias\/wp-content\/uploads\/2025\/09\/MATERIA-6-1-450x253.jpg 450w, https:\/\/franciscanos.org.br\/noticias\/wp-content\/uploads\/2025\/09\/MATERIA-6-1-1024x576.jpg 1024w, https:\/\/franciscanos.org.br\/noticias\/wp-content\/uploads\/2025\/09\/MATERIA-6-1-768x432.jpg 768w, https:\/\/franciscanos.org.br\/noticias\/wp-content\/uploads\/2025\/09\/MATERIA-6-1-150x84.jpg 150w\" sizes=\"(max-width: 1280px) 100vw, 1280px\" \/><\/p>\n<p>O novo presb\u00edtero recordou, com emo\u00e7\u00e3o, que h\u00e1 32 anos, naquela mesma igreja, recebeu o batismo de Frei S\u00e9rgio Pagan, ao lado de um primo e uma amiga que tamb\u00e9m estavam presentes na celebra\u00e7\u00e3o. \u201cEsta \u00e9 a terra sagrada em que nasci para a f\u00e9 e onde aprendi a dar os primeiros passos. Aqui est\u00e1 a pia batismal que me gerou para a vida crist\u00e3, e hoje o Senhor me concede a gra\u00e7a de voltar como presb\u00edtero. Que eu saiba viver sempre com alegria e disponibilidade o chamado que recebi\u201d.<\/p>\n<p>Fez tamb\u00e9m mem\u00f3ria da comunidade, dos familiares, dos confrades e dos vocacionados, agradecendo pela presen\u00e7a e pelo apoio constante. Antes de encerrar, Frei Jo\u00e3o quis rezar uma Ave-Maria em mem\u00f3ria dos falecidos que marcaram sua caminhada, especialmente Frei Wenceslau, respons\u00e1vel pela constru\u00e7\u00e3o da capela, e seu tio Osmair, falecido h\u00e1 poucos dias. \u201cCelebramos a P\u00e1scoa dele e de tantos frades que deram a vida por este ch\u00e3o sagrado. Eles permanecem vivos em nosso cora\u00e7\u00e3o\u201d, disse.<\/p>\n<p><img loading=\"lazy\" class=\"aligncenter wp-image-260044 size-full\" src=\"https:\/\/franciscanos.org.br\/noticias\/wp-content\/uploads\/2025\/09\/MATERIA-8-1.jpg\" alt=\"\" width=\"1280\" height=\"720\" srcset=\"https:\/\/franciscanos.org.br\/noticias\/wp-content\/uploads\/2025\/09\/MATERIA-8-1.jpg 1280w, https:\/\/franciscanos.org.br\/noticias\/wp-content\/uploads\/2025\/09\/MATERIA-8-1-450x253.jpg 450w, https:\/\/franciscanos.org.br\/noticias\/wp-content\/uploads\/2025\/09\/MATERIA-8-1-1024x576.jpg 1024w, https:\/\/franciscanos.org.br\/noticias\/wp-content\/uploads\/2025\/09\/MATERIA-8-1-768x432.jpg 768w, https:\/\/franciscanos.org.br\/noticias\/wp-content\/uploads\/2025\/09\/MATERIA-8-1-150x84.jpg 150w\" sizes=\"(max-width: 1280px) 100vw, 1280px\" \/><\/p>\n<p>A celebra\u00e7\u00e3o terminou com a b\u00ean\u00e7\u00e3o final e um gesto de comunh\u00e3o: frades, presb\u00edteros e povo estenderam as m\u00e3os uns sobre os outros, aben\u00e7oando-se mutuamente como sinal de fraternidade e miss\u00e3o. E assim, em clima de festa e confraterniza\u00e7\u00e3o, findou a Santa Missa, sinal de que a vida e a miss\u00e3o de Frei Jo\u00e3o j\u00e1 s\u00e3o parte insepar\u00e1vel da caminhada daquela comunidade.<\/p>\n<hr \/>\n<p><em>Texto: Frei Augusto Luiz Gabriel\/ Fotos: Frei Roger Strapazzon<\/em><\/p>\n","protected":false},"excerpt":{"rendered":"<p>Ordena\u00e7\u00e3o Presbiteral<\/p>\n","protected":false},"author":11,"featured_media":260028,"comment_status":"open","ping_status":"open","sticky":false,"template":"","format":"standard","meta":[],"categories":[1],"tags":[2405,2408],"acf":[],"yoast_head":"<!-- This site is optimized with the Yoast SEO plugin v19.2 - https:\/\/yoast.com\/wordpress\/plugins\/seo\/ -->\n<title>O retorno ao \u2018altar\u2019 do batismo: Frei Jo\u00e3o celebra sua Primeira Missa em S\u00e3o Roque - Not\u00edcias - Franciscanos<\/title>\n<meta name=\"robots\" content=\"index, follow, max-snippet:-1, max-image-preview:large, max-video-preview:-1\" \/>\n<link rel=\"canonical\" href=\"https:\/\/franciscanos.org.br\/noticias\/o-retorno-ao-altar-do-batismo-frei-joao-celebra-sua-primeira-missa-em-sao-roque.html\" \/>\n<meta property=\"og:locale\" content=\"pt_BR\" \/>\n<meta property=\"og:type\" content=\"article\" \/>\n<meta property=\"og:title\" content=\"O retorno ao \u2018altar\u2019 do batismo: Frei Jo\u00e3o celebra sua Primeira Missa em S\u00e3o Roque - Not\u00edcias - Franciscanos\" \/>\n<meta property=\"og:description\" content=\"Ordena\u00e7\u00e3o Presbiteral\" \/>\n<meta property=\"og:url\" content=\"https:\/\/franciscanos.org.br\/noticias\/o-retorno-ao-altar-do-batismo-frei-joao-celebra-sua-primeira-missa-em-sao-roque.html\" \/>\n<meta property=\"og:site_name\" content=\"Not\u00edcias - Franciscanos\" \/>\n<meta property=\"article:published_time\" content=\"2025-09-08T19:08:19+00:00\" \/>\n<meta property=\"article:modified_time\" content=\"2025-09-09T18:20:19+00:00\" \/>\n<meta property=\"og:image\" content=\"https:\/\/franciscanos.org.br\/noticias\/wp-content\/uploads\/2025\/09\/materia-1-13.jpg\" \/>\n\t<meta property=\"og:image:width\" content=\"800\" \/>\n\t<meta property=\"og:image:height\" content=\"550\" \/>\n\t<meta property=\"og:image:type\" content=\"image\/jpeg\" \/>\n<meta name=\"author\" content=\"Adriana Rabelo\" \/>\n<meta name=\"twitter:card\" content=\"summary_large_image\" \/>\n<meta name=\"twitter:label1\" content=\"Escrito por\" \/>\n\t<meta name=\"twitter:data1\" content=\"Adriana Rabelo\" \/>\n\t<meta name=\"twitter:label2\" content=\"Est. tempo de leitura\" \/>\n\t<meta name=\"twitter:data2\" content=\"8 minutos\" \/>\n<script type=\"application\/ld+json\" class=\"yoast-schema-graph\">{\"@context\":\"https:\/\/schema.org\",\"@graph\":[{\"@type\":\"WebSite\",\"@id\":\"https:\/\/franciscanos.org.br\/noticias\/#website\",\"url\":\"https:\/\/franciscanos.org.br\/noticias\/\",\"name\":\"Not\u00edcias - Franciscanos\",\"description\":\"Prov\u00edncia Franciscana da Imaculada Concei\u00e7\u00e3o do Brasil - Ordem dos Frades Menores - OFM\",\"potentialAction\":[{\"@type\":\"SearchAction\",\"target\":{\"@type\":\"EntryPoint\",\"urlTemplate\":\"https:\/\/franciscanos.org.br\/noticias\/?s={search_term_string}\"},\"query-input\":\"required name=search_term_string\"}],\"inLanguage\":\"pt-BR\"},{\"@type\":\"ImageObject\",\"inLanguage\":\"pt-BR\",\"@id\":\"https:\/\/franciscanos.org.br\/noticias\/o-retorno-ao-altar-do-batismo-frei-joao-celebra-sua-primeira-missa-em-sao-roque.html#primaryimage\",\"url\":\"https:\/\/franciscanos.org.br\/noticias\/wp-content\/uploads\/2025\/09\/materia-1-13.jpg\",\"contentUrl\":\"https:\/\/franciscanos.org.br\/noticias\/wp-content\/uploads\/2025\/09\/materia-1-13.jpg\",\"width\":800,\"height\":550},{\"@type\":\"WebPage\",\"@id\":\"https:\/\/franciscanos.org.br\/noticias\/o-retorno-ao-altar-do-batismo-frei-joao-celebra-sua-primeira-missa-em-sao-roque.html#webpage\",\"url\":\"https:\/\/franciscanos.org.br\/noticias\/o-retorno-ao-altar-do-batismo-frei-joao-celebra-sua-primeira-missa-em-sao-roque.html\",\"name\":\"O retorno ao \u2018altar\u2019 do batismo: Frei Jo\u00e3o celebra sua Primeira Missa em S\u00e3o Roque - Not\u00edcias - Franciscanos\",\"isPartOf\":{\"@id\":\"https:\/\/franciscanos.org.br\/noticias\/#website\"},\"primaryImageOfPage\":{\"@id\":\"https:\/\/franciscanos.org.br\/noticias\/o-retorno-ao-altar-do-batismo-frei-joao-celebra-sua-primeira-missa-em-sao-roque.html#primaryimage\"},\"datePublished\":\"2025-09-08T19:08:19+00:00\",\"dateModified\":\"2025-09-09T18:20:19+00:00\",\"author\":{\"@id\":\"https:\/\/franciscanos.org.br\/noticias\/#\/schema\/person\/d9422e83121c3ad3b0f423d195f5bb25\"},\"breadcrumb\":{\"@id\":\"https:\/\/franciscanos.org.br\/noticias\/o-retorno-ao-altar-do-batismo-frei-joao-celebra-sua-primeira-missa-em-sao-roque.html#breadcrumb\"},\"inLanguage\":\"pt-BR\",\"potentialAction\":[{\"@type\":\"ReadAction\",\"target\":[\"https:\/\/franciscanos.org.br\/noticias\/o-retorno-ao-altar-do-batismo-frei-joao-celebra-sua-primeira-missa-em-sao-roque.html\"]}]},{\"@type\":\"BreadcrumbList\",\"@id\":\"https:\/\/franciscanos.org.br\/noticias\/o-retorno-ao-altar-do-batismo-frei-joao-celebra-sua-primeira-missa-em-sao-roque.html#breadcrumb\",\"itemListElement\":[{\"@type\":\"ListItem\",\"position\":1,\"name\":\"Home\",\"item\":\"https:\/\/franciscanos.org.br\/noticias\"},{\"@type\":\"ListItem\",\"position\":2,\"name\":\"O retorno ao \u2018altar\u2019 do batismo: Frei Jo\u00e3o celebra sua Primeira Missa em S\u00e3o Roque\"}]},{\"@type\":\"Person\",\"@id\":\"https:\/\/franciscanos.org.br\/noticias\/#\/schema\/person\/d9422e83121c3ad3b0f423d195f5bb25\",\"name\":\"Adriana Rabelo\",\"image\":{\"@type\":\"ImageObject\",\"inLanguage\":\"pt-BR\",\"@id\":\"https:\/\/franciscanos.org.br\/noticias\/#\/schema\/person\/image\/\",\"url\":\"https:\/\/secure.gravatar.com\/avatar\/0a937b7500cd7df77540cfb8bede877d?s=96&d=mm&r=g\",\"contentUrl\":\"https:\/\/secure.gravatar.com\/avatar\/0a937b7500cd7df77540cfb8bede877d?s=96&d=mm&r=g\",\"caption\":\"Adriana Rabelo\"},\"url\":\"https:\/\/franciscanos.org.br\/noticias\/author\/adrianarabelo\"}]}<\/script>\n<!-- \/ Yoast SEO plugin. -->","yoast_head_json":{"title":"O retorno ao \u2018altar\u2019 do batismo: Frei Jo\u00e3o celebra sua Primeira Missa em S\u00e3o Roque - Not\u00edcias - Franciscanos","robots":{"index":"index","follow":"follow","max-snippet":"max-snippet:-1","max-image-preview":"max-image-preview:large","max-video-preview":"max-video-preview:-1"},"canonical":"https:\/\/franciscanos.org.br\/noticias\/o-retorno-ao-altar-do-batismo-frei-joao-celebra-sua-primeira-missa-em-sao-roque.html","og_locale":"pt_BR","og_type":"article","og_title":"O retorno ao \u2018altar\u2019 do batismo: Frei Jo\u00e3o celebra sua Primeira Missa em S\u00e3o Roque - Not\u00edcias - Franciscanos","og_description":"Ordena\u00e7\u00e3o Presbiteral","og_url":"https:\/\/franciscanos.org.br\/noticias\/o-retorno-ao-altar-do-batismo-frei-joao-celebra-sua-primeira-missa-em-sao-roque.html","og_site_name":"Not\u00edcias - Franciscanos","article_published_time":"2025-09-08T19:08:19+00:00","article_modified_time":"2025-09-09T18:20:19+00:00","og_image":[{"width":800,"height":550,"url":"https:\/\/franciscanos.org.br\/noticias\/wp-content\/uploads\/2025\/09\/materia-1-13.jpg","type":"image\/jpeg"}],"author":"Adriana Rabelo","twitter_card":"summary_large_image","twitter_misc":{"Escrito por":"Adriana Rabelo","Est. tempo de leitura":"8 minutos"},"schema":{"@context":"https:\/\/schema.org","@graph":[{"@type":"WebSite","@id":"https:\/\/franciscanos.org.br\/noticias\/#website","url":"https:\/\/franciscanos.org.br\/noticias\/","name":"Not\u00edcias - Franciscanos","description":"Prov\u00edncia Franciscana da Imaculada Concei\u00e7\u00e3o do Brasil - Ordem dos Frades Menores - OFM","potentialAction":[{"@type":"SearchAction","target":{"@type":"EntryPoint","urlTemplate":"https:\/\/franciscanos.org.br\/noticias\/?s={search_term_string}"},"query-input":"required name=search_term_string"}],"inLanguage":"pt-BR"},{"@type":"ImageObject","inLanguage":"pt-BR","@id":"https:\/\/franciscanos.org.br\/noticias\/o-retorno-ao-altar-do-batismo-frei-joao-celebra-sua-primeira-missa-em-sao-roque.html#primaryimage","url":"https:\/\/franciscanos.org.br\/noticias\/wp-content\/uploads\/2025\/09\/materia-1-13.jpg","contentUrl":"https:\/\/franciscanos.org.br\/noticias\/wp-content\/uploads\/2025\/09\/materia-1-13.jpg","width":800,"height":550},{"@type":"WebPage","@id":"https:\/\/franciscanos.org.br\/noticias\/o-retorno-ao-altar-do-batismo-frei-joao-celebra-sua-primeira-missa-em-sao-roque.html#webpage","url":"https:\/\/franciscanos.org.br\/noticias\/o-retorno-ao-altar-do-batismo-frei-joao-celebra-sua-primeira-missa-em-sao-roque.html","name":"O retorno ao \u2018altar\u2019 do batismo: Frei Jo\u00e3o celebra sua Primeira Missa em S\u00e3o Roque - Not\u00edcias - Franciscanos","isPartOf":{"@id":"https:\/\/franciscanos.org.br\/noticias\/#website"},"primaryImageOfPage":{"@id":"https:\/\/franciscanos.org.br\/noticias\/o-retorno-ao-altar-do-batismo-frei-joao-celebra-sua-primeira-missa-em-sao-roque.html#primaryimage"},"datePublished":"2025-09-08T19:08:19+00:00","dateModified":"2025-09-09T18:20:19+00:00","author":{"@id":"https:\/\/franciscanos.org.br\/noticias\/#\/schema\/person\/d9422e83121c3ad3b0f423d195f5bb25"},"breadcrumb":{"@id":"https:\/\/franciscanos.org.br\/noticias\/o-retorno-ao-altar-do-batismo-frei-joao-celebra-sua-primeira-missa-em-sao-roque.html#breadcrumb"},"inLanguage":"pt-BR","potentialAction":[{"@type":"ReadAction","target":["https:\/\/franciscanos.org.br\/noticias\/o-retorno-ao-altar-do-batismo-frei-joao-celebra-sua-primeira-missa-em-sao-roque.html"]}]},{"@type":"BreadcrumbList","@id":"https:\/\/franciscanos.org.br\/noticias\/o-retorno-ao-altar-do-batismo-frei-joao-celebra-sua-primeira-missa-em-sao-roque.html#breadcrumb","itemListElement":[{"@type":"ListItem","position":1,"name":"Home","item":"https:\/\/franciscanos.org.br\/noticias"},{"@type":"ListItem","position":2,"name":"O retorno ao \u2018altar\u2019 do batismo: Frei Jo\u00e3o celebra sua Primeira Missa em S\u00e3o Roque"}]},{"@type":"Person","@id":"https:\/\/franciscanos.org.br\/noticias\/#\/schema\/person\/d9422e83121c3ad3b0f423d195f5bb25","name":"Adriana Rabelo","image":{"@type":"ImageObject","inLanguage":"pt-BR","@id":"https:\/\/franciscanos.org.br\/noticias\/#\/schema\/person\/image\/","url":"https:\/\/secure.gravatar.com\/avatar\/0a937b7500cd7df77540cfb8bede877d?s=96&d=mm&r=g","contentUrl":"https:\/\/secure.gravatar.com\/avatar\/0a937b7500cd7df77540cfb8bede877d?s=96&d=mm&r=g","caption":"Adriana Rabelo"},"url":"https:\/\/franciscanos.org.br\/noticias\/author\/adrianarabelo"}]}},"_links":{"self":[{"href":"https:\/\/franciscanos.org.br\/noticias\/wp-json\/wp\/v2\/posts\/260024"}],"collection":[{"href":"https:\/\/franciscanos.org.br\/noticias\/wp-json\/wp\/v2\/posts"}],"about":[{"href":"https:\/\/franciscanos.org.br\/noticias\/wp-json\/wp\/v2\/types\/post"}],"author":[{"embeddable":true,"href":"https:\/\/franciscanos.org.br\/noticias\/wp-json\/wp\/v2\/users\/11"}],"replies":[{"embeddable":true,"href":"https:\/\/franciscanos.org.br\/noticias\/wp-json\/wp\/v2\/comments?post=260024"}],"version-history":[{"count":4,"href":"https:\/\/franciscanos.org.br\/noticias\/wp-json\/wp\/v2\/posts\/260024\/revisions"}],"predecessor-version":[{"id":260136,"href":"https:\/\/franciscanos.org.br\/noticias\/wp-json\/wp\/v2\/posts\/260024\/revisions\/260136"}],"wp:featuredmedia":[{"embeddable":true,"href":"https:\/\/franciscanos.org.br\/noticias\/wp-json\/wp\/v2\/media\/260028"}],"wp:attachment":[{"href":"https:\/\/franciscanos.org.br\/noticias\/wp-json\/wp\/v2\/media?parent=260024"}],"wp:term":[{"taxonomy":"category","embeddable":true,"href":"https:\/\/franciscanos.org.br\/noticias\/wp-json\/wp\/v2\/categories?post=260024"},{"taxonomy":"post_tag","embeddable":true,"href":"https:\/\/franciscanos.org.br\/noticias\/wp-json\/wp\/v2\/tags?post=260024"}],"curies":[{"name":"wp","href":"https:\/\/api.w.org\/{rel}","templated":true}]}}