{"id":260000,"date":"2025-09-08T15:08:25","date_gmt":"2025-09-08T18:08:25","guid":{"rendered":"https:\/\/franciscanos.org.br\/noticias\/?p=260000"},"modified":"2025-09-08T15:22:47","modified_gmt":"2025-09-08T18:22:47","slug":"frei-evaristo-faz-sua-primeira-celebracao-eucaristica-na-paroquia-angolana-de-sao-joao-baptista","status":"publish","type":"post","link":"https:\/\/franciscanos.org.br\/noticias\/frei-evaristo-faz-sua-primeira-celebracao-eucaristica-na-paroquia-angolana-de-sao-joao-baptista.html","title":{"rendered":"Frei Evaristo preside sua primeira Celebra\u00e7\u00e3o Eucar\u00edstica na par\u00f3quia angolana de S\u00e3o Jo\u00e3o Batista"},"content":{"rendered":"<p><img loading=\"lazy\" class=\"aligncenter wp-image-260002 size-full\" src=\"https:\/\/franciscanos.org.br\/noticias\/wp-content\/uploads\/2025\/09\/MATERIA3-3.jpg\" alt=\"\" width=\"1280\" height=\"720\" srcset=\"https:\/\/franciscanos.org.br\/noticias\/wp-content\/uploads\/2025\/09\/MATERIA3-3.jpg 1280w, https:\/\/franciscanos.org.br\/noticias\/wp-content\/uploads\/2025\/09\/MATERIA3-3-450x253.jpg 450w, https:\/\/franciscanos.org.br\/noticias\/wp-content\/uploads\/2025\/09\/MATERIA3-3-1024x576.jpg 1024w, https:\/\/franciscanos.org.br\/noticias\/wp-content\/uploads\/2025\/09\/MATERIA3-3-768x432.jpg 768w, https:\/\/franciscanos.org.br\/noticias\/wp-content\/uploads\/2025\/09\/MATERIA3-3-150x84.jpg 150w\" sizes=\"(max-width: 1280px) 100vw, 1280px\" \/><\/p>\n<p>No 23\u00ba Domingo do Tempo Comum, 7 de setembro, a Par\u00f3quia S\u00e3o Jo\u00e3o Baptista, pertencente \u00e0 Diocese de Viana, em Angola, recebeu Frei Evaristo Seque Joaquim para sua primeira Celebra\u00e7\u00e3o Eucar\u00edstica, \u00e0s 8h.<\/p>\n<p>O frade, ordenado presb\u00edtero no dia 2 de agosto, foi acolhido pela comunidade e confrades, al\u00e9m do p\u00e1roco, padre Jo\u00e3o Marques de Jesus, padre Paul Charles, vig\u00e1rio paroquial, e outros presb\u00edteros que concelebraram. Alguns foram catequistas, companheiros do grupo vocacional e ac\u00f3litos, assim como padres que assistiram \u00e0 par\u00f3quia no per\u00edodo vocacional. Al\u00e9m disso, tamb\u00e9m contou com a presen\u00e7a dos confrades que juntos foram ordenados, Frei Elias Hebo Lu\u00eds e Frei Jos\u00e9 Jo\u00e3o Ganga; religiosas e religiosos de distintas congrega\u00e7\u00f5es; familiares, amigos e toda a comunidade paroquial.<\/p>\n<p>A Par\u00f3quia de S\u00e3o Jo\u00e3o Baptista testemunhou o florescer de um cora\u00e7\u00e3o sedento pela presen\u00e7a divina, pois <em>&#8220;Jesus Cristo \u00e9 o mesmo ontem, hoje e sempre&#8221;<\/em> (Hebreus 13,8). Sua presen\u00e7a eucar\u00edstica continua a chamar e a formar sacerdotes segundo o Seu Cora\u00e7\u00e3o.<\/p>\n\n\t\t<style type=\"text\/css\">\n\t\t\t#gallery-1 {\n\t\t\t\tmargin: auto;\n\t\t\t}\n\t\t\t#gallery-1 .gallery-item {\n\t\t\t\tfloat: left;\n\t\t\t\tmargin-top: 10px;\n\t\t\t\ttext-align: center;\n\t\t\t\twidth: 25%;\n\t\t\t}\n\t\t\t#gallery-1 img {\n\t\t\t\tborder: 2px solid #cfcfcf;\n\t\t\t}\n\t\t\t#gallery-1 .gallery-caption {\n\t\t\t\tmargin-left: 0;\n\t\t\t}\n\t\t\t\/* see gallery_shortcode() in wp-includes\/media.php *\/\n\t\t<\/style>\n\t\t<div id='gallery-1' class='gallery galleryid-260000 gallery-columns-4 gallery-size-thumbnail'><dl class='gallery-item'>\n\t\t\t<dt class='gallery-icon portrait'>\n\t\t\t\t<a href='https:\/\/franciscanos.org.br\/noticias\/wp-content\/uploads\/2025\/09\/Imagem-do-WhatsApp-de-2025-09-08-as-08.16.19_e447e7c8.jpg'><img width=\"300\" height=\"300\" src=\"https:\/\/franciscanos.org.br\/noticias\/wp-content\/uploads\/2025\/09\/Imagem-do-WhatsApp-de-2025-09-08-as-08.16.19_e447e7c8-300x300.jpg\" class=\"attachment-thumbnail size-thumbnail\" alt=\"\" loading=\"lazy\" srcset=\"https:\/\/franciscanos.org.br\/noticias\/wp-content\/uploads\/2025\/09\/Imagem-do-WhatsApp-de-2025-09-08-as-08.16.19_e447e7c8-300x300.jpg 300w, https:\/\/franciscanos.org.br\/noticias\/wp-content\/uploads\/2025\/09\/Imagem-do-WhatsApp-de-2025-09-08-as-08.16.19_e447e7c8-100x100.jpg 100w\" sizes=\"(max-width: 300px) 100vw, 300px\" \/><\/a>\n\t\t\t<\/dt><\/dl><dl class='gallery-item'>\n\t\t\t<dt class='gallery-icon portrait'>\n\t\t\t\t<a href='https:\/\/franciscanos.org.br\/noticias\/wp-content\/uploads\/2025\/09\/Imagem-do-WhatsApp-de-2025-09-08-as-08.16.20_c635a5ae.jpg'><img width=\"300\" height=\"300\" src=\"https:\/\/franciscanos.org.br\/noticias\/wp-content\/uploads\/2025\/09\/Imagem-do-WhatsApp-de-2025-09-08-as-08.16.20_c635a5ae-300x300.jpg\" class=\"attachment-thumbnail size-thumbnail\" alt=\"\" loading=\"lazy\" srcset=\"https:\/\/franciscanos.org.br\/noticias\/wp-content\/uploads\/2025\/09\/Imagem-do-WhatsApp-de-2025-09-08-as-08.16.20_c635a5ae-300x300.jpg 300w, https:\/\/franciscanos.org.br\/noticias\/wp-content\/uploads\/2025\/09\/Imagem-do-WhatsApp-de-2025-09-08-as-08.16.20_c635a5ae-100x100.jpg 100w\" sizes=\"(max-width: 300px) 100vw, 300px\" \/><\/a>\n\t\t\t<\/dt><\/dl><dl class='gallery-item'>\n\t\t\t<dt class='gallery-icon portrait'>\n\t\t\t\t<a href='https:\/\/franciscanos.org.br\/noticias\/wp-content\/uploads\/2025\/09\/IMG-20250908-WA0085-scaled.jpg'><img width=\"300\" height=\"300\" src=\"https:\/\/franciscanos.org.br\/noticias\/wp-content\/uploads\/2025\/09\/IMG-20250908-WA0085-300x300.jpg\" class=\"attachment-thumbnail size-thumbnail\" alt=\"\" loading=\"lazy\" srcset=\"https:\/\/franciscanos.org.br\/noticias\/wp-content\/uploads\/2025\/09\/IMG-20250908-WA0085-300x300.jpg 300w, https:\/\/franciscanos.org.br\/noticias\/wp-content\/uploads\/2025\/09\/IMG-20250908-WA0085-100x100.jpg 100w\" sizes=\"(max-width: 300px) 100vw, 300px\" \/><\/a>\n\t\t\t<\/dt><\/dl><dl class='gallery-item'>\n\t\t\t<dt class='gallery-icon portrait'>\n\t\t\t\t<a href='https:\/\/franciscanos.org.br\/noticias\/wp-content\/uploads\/2025\/09\/IMG-20250908-WA0072-scaled.jpg'><img width=\"300\" height=\"300\" src=\"https:\/\/franciscanos.org.br\/noticias\/wp-content\/uploads\/2025\/09\/IMG-20250908-WA0072-300x300.jpg\" class=\"attachment-thumbnail size-thumbnail\" alt=\"\" loading=\"lazy\" srcset=\"https:\/\/franciscanos.org.br\/noticias\/wp-content\/uploads\/2025\/09\/IMG-20250908-WA0072-300x300.jpg 300w, https:\/\/franciscanos.org.br\/noticias\/wp-content\/uploads\/2025\/09\/IMG-20250908-WA0072-100x100.jpg 100w\" sizes=\"(max-width: 300px) 100vw, 300px\" \/><\/a>\n\t\t\t<\/dt><\/dl><br style=\"clear: both\" \/>\n\t\t<\/div>\n\n<p>Ao retornar como presb\u00edtero \u00e0 par\u00f3quia de origem, Frei Evaristo irradiou a serenidade de quem foi moldado pela liturgia, a alegria de servir em seu cora\u00e7\u00e3o e a Palavra que salva em seus l\u00e1bios. Rendemos gra\u00e7as a Deus por sua voca\u00e7\u00e3o e rogamos que o Senhor continue a suscitar, na Igreja, cora\u00e7\u00f5es dispon\u00edveis, atentos e generosos como o dele. Por isso, a voca\u00e7\u00e3o \u00e9 a resposta de Deus a uma comunidade que reza sem cessar! Que lindo! Continuemos a rezar por todas as voca\u00e7\u00f5es, car\u00edssimos irm\u00e3os!<\/p>\n<p><img loading=\"lazy\" class=\"aligncenter wp-image-260008 size-full\" src=\"https:\/\/franciscanos.org.br\/noticias\/wp-content\/uploads\/2025\/09\/MATERIA-4-5.jpg\" alt=\"\" width=\"1280\" height=\"720\" srcset=\"https:\/\/franciscanos.org.br\/noticias\/wp-content\/uploads\/2025\/09\/MATERIA-4-5.jpg 1280w, https:\/\/franciscanos.org.br\/noticias\/wp-content\/uploads\/2025\/09\/MATERIA-4-5-450x253.jpg 450w, https:\/\/franciscanos.org.br\/noticias\/wp-content\/uploads\/2025\/09\/MATERIA-4-5-1024x576.jpg 1024w, https:\/\/franciscanos.org.br\/noticias\/wp-content\/uploads\/2025\/09\/MATERIA-4-5-768x432.jpg 768w, https:\/\/franciscanos.org.br\/noticias\/wp-content\/uploads\/2025\/09\/MATERIA-4-5-150x84.jpg 150w\" sizes=\"(max-width: 1280px) 100vw, 1280px\" \/><\/p>\n<p>A primeira missa celebrada \u00e9 um marco indel\u00e9vel na vida de um sacerdote, selando a alian\u00e7a com Deus e aprofundando o mist\u00e9rio central do minist\u00e9rio: a Celebra\u00e7\u00e3o Eucar\u00edstica. Frei Seque demonstrou not\u00e1vel seguran\u00e7a e suavidade em sua primeira missa, manifestando serenidade e calma.<\/p>\n<p>O presb\u00edtero In\u00e1cio Hekele Tchipuco Dumbo, seu tio, do clero diocesano do Sumbe (cidade litor\u00e2nea da prov\u00edncia de Cuanza Sul, Angola), em sua homilia, destacou a import\u00e2ncia do minist\u00e9rio sacerdotal e a necessidade de uma vida crist\u00e3 aut\u00eantica, focando em alguns pontos-chave:<\/p>\n<p><strong>1 &#8211; Minist\u00e9rio Sacerdotal<\/strong>: o presbit\u00e9rio \u00e9 uma institui\u00e7\u00e3o divina, onde Cristo escolhe e capacita homens do meio do povo para serem seus representantes. Ele ressalta que o presb\u00edtero, ap\u00f3s sua forma\u00e7\u00e3o, retorna \u00e0 comunidade renovado e ungido, tornando-se um &#8220;alter Christus&#8221; (outro Cristo).<\/p>\n<p><strong>2 &#8211; Seguir Jesus e a realidade pessoal<\/strong>: segundo ele, para seguir Jesus, \u00e9 fundamental conhecer e aceitar a pr\u00f3pria realidade, inclusive as falhas e o pecado. O padre In\u00e1cio alertou para o perigo de se desviar do caminho de Deus por preocupa\u00e7\u00f5es mundanas ou por tentar agradar a todos.<\/p>\n<p><strong>3 &#8211; Cora\u00e7\u00e3o limpo e sabedoria<\/strong>: a busca por um cora\u00e7\u00e3o limpo e livre \u00e9 essencial para seguir Jesus. Isso envolve um &#8220;check-up&#8221; espiritual, reconhecendo-se pecador e buscando a gra\u00e7a de Deus. A sabedoria divina \u00e9 necess\u00e1ria para caminhar no caminho de Cristo e n\u00e3o perder a vida eterna por causa das coisas passageiras deste mundo.<\/p>\n<p><strong>4 &#8211; Comunidade e forma\u00e7\u00e3o sacerdotal<\/strong>: o presb\u00edtero apontou que a comunidade tem um papel crucial na forma\u00e7\u00e3o de sacerdotes santos, atrav\u00e9s da ora\u00e7\u00e3o e do acompanhamento. Ele tamb\u00e9m mencionou que a vida crist\u00e3 n\u00e3o se resume a pr\u00e1ticas externas, mas a uma profunda convers\u00e3o interior.<\/p>\n<p><strong>5 &#8211; Cr\u00edticas \u00e0 comunidade e virtudes<\/strong>: ele mencionou que h\u00e1 uma cr\u00edtica impl\u00edcita a certos comportamentos na comunidade, como fofoca e feiti\u00e7aria, que desviam do verdadeiro caminho crist\u00e3o. Em sua fala, contrap\u00f4s essas situa\u00e7\u00f5es \u00e0 necessidade de virtudes como a humildade, a gratid\u00e3o e a caridade, que devem permear a vida de todos, especialmente dos sacerdotes.<\/p>\n<p><strong>6 &#8211; Identidade crist\u00e3<\/strong>: por fim, incentivou a busca por uma identidade crist\u00e3 s\u00f3lida, que n\u00e3o se deixe abalar pelas circunst\u00e2ncias externas ou pela opini\u00e3o alheia. <em>\u201c\u00c9 preciso ter um foco claro em Cristo e n\u00e3o se deixar \u2018envenenar\u2019 pelas negatividades ao redor\u201d<\/em>.<\/p>\n<p><img loading=\"lazy\" class=\"aligncenter wp-image-260009 size-full\" src=\"https:\/\/franciscanos.org.br\/noticias\/wp-content\/uploads\/2025\/09\/materia-1-12.jpg\" alt=\"\" width=\"1280\" height=\"720\" srcset=\"https:\/\/franciscanos.org.br\/noticias\/wp-content\/uploads\/2025\/09\/materia-1-12.jpg 1280w, https:\/\/franciscanos.org.br\/noticias\/wp-content\/uploads\/2025\/09\/materia-1-12-450x253.jpg 450w, https:\/\/franciscanos.org.br\/noticias\/wp-content\/uploads\/2025\/09\/materia-1-12-1024x576.jpg 1024w, https:\/\/franciscanos.org.br\/noticias\/wp-content\/uploads\/2025\/09\/materia-1-12-768x432.jpg 768w, https:\/\/franciscanos.org.br\/noticias\/wp-content\/uploads\/2025\/09\/materia-1-12-150x84.jpg 150w\" sizes=\"(max-width: 1280px) 100vw, 1280px\" \/><\/p>\n<p>Ao final da celebra\u00e7\u00e3o, Frei Evaristo, em sua mensagem de agradecimento, partilhou com a comunidade algumas palavras norteadoras do seu minist\u00e9rio sacerdotal, extra\u00eddas do livro de Atos dos Ap\u00f3stolos (20,17-18a.28-32.36): <em>&#8220;Tomai cuidado convosco e com o rebanho, do qual o Esp\u00edrito Santo vos constituiu vigilantes, a fim de apresentar Deus \u00e0 Igreja de Deus&#8221;<\/em>.<\/p>\n<p>Que o Alt\u00edssimo e Omnipotente Bom Senhor, Alfa e \u00d3mega, Princ\u00edpio e Fim de todas as coisas vis\u00edveis e invis\u00edveis, autor soberano da vida e da miseric\u00f3rdia infinita, derrame sobre ele as suas b\u00ean\u00e7\u00e3os copiosas, e que a Virgem Maria, M\u00e3e da Igreja, Rainha dos Anjos, S\u00e3o Francisco e Santa Clara o protejam em sua caminhada.<\/p>\n<hr \/>\n<p><em>Texto: Frei Manuel Mbuta Chicunho\/ Foto: Frei Ediv\u00e2nio Sampaio Quitala<\/em><\/p>\n\n\t\t<style type=\"text\/css\">\n\t\t\t#gallery-2 {\n\t\t\t\tmargin: auto;\n\t\t\t}\n\t\t\t#gallery-2 .gallery-item {\n\t\t\t\tfloat: left;\n\t\t\t\tmargin-top: 10px;\n\t\t\t\ttext-align: center;\n\t\t\t\twidth: 25%;\n\t\t\t}\n\t\t\t#gallery-2 img {\n\t\t\t\tborder: 2px solid #cfcfcf;\n\t\t\t}\n\t\t\t#gallery-2 .gallery-caption {\n\t\t\t\tmargin-left: 0;\n\t\t\t}\n\t\t\t\/* see gallery_shortcode() in wp-includes\/media.php *\/\n\t\t<\/style>\n\t\t<div id='gallery-2' class='gallery galleryid-260000 gallery-columns-4 gallery-size-thumbnail'><dl class='gallery-item'>\n\t\t\t<dt class='gallery-icon portrait'>\n\t\t\t\t<a href='https:\/\/franciscanos.org.br\/noticias\/frei-evaristo-faz-sua-primeira-celebracao-eucaristica-na-paroquia-angolana-de-sao-joao-baptista.html\/imagem-do-whatsapp-de-2025-09-08-as-08-16-20_97de938b-2'><img width=\"300\" height=\"300\" src=\"https:\/\/franciscanos.org.br\/noticias\/wp-content\/uploads\/2025\/09\/Imagem-do-WhatsApp-de-2025-09-08-as-08.16.20_97de938b-1-300x300.jpg\" class=\"attachment-thumbnail size-thumbnail\" alt=\"\" loading=\"lazy\" srcset=\"https:\/\/franciscanos.org.br\/noticias\/wp-content\/uploads\/2025\/09\/Imagem-do-WhatsApp-de-2025-09-08-as-08.16.20_97de938b-1-300x300.jpg 300w, https:\/\/franciscanos.org.br\/noticias\/wp-content\/uploads\/2025\/09\/Imagem-do-WhatsApp-de-2025-09-08-as-08.16.20_97de938b-1-100x100.jpg 100w\" sizes=\"(max-width: 300px) 100vw, 300px\" \/><\/a>\n\t\t\t<\/dt><\/dl><dl class='gallery-item'>\n\t\t\t<dt class='gallery-icon portrait'>\n\t\t\t\t<a href='https:\/\/franciscanos.org.br\/noticias\/frei-evaristo-faz-sua-primeira-celebracao-eucaristica-na-paroquia-angolana-de-sao-joao-baptista.html\/imagem-do-whatsapp-de-2025-09-08-as-08-16-20_232d4fa2'><img width=\"300\" height=\"300\" src=\"https:\/\/franciscanos.org.br\/noticias\/wp-content\/uploads\/2025\/09\/Imagem-do-WhatsApp-de-2025-09-08-as-08.16.20_232d4fa2-300x300.jpg\" class=\"attachment-thumbnail size-thumbnail\" alt=\"\" loading=\"lazy\" srcset=\"https:\/\/franciscanos.org.br\/noticias\/wp-content\/uploads\/2025\/09\/Imagem-do-WhatsApp-de-2025-09-08-as-08.16.20_232d4fa2-300x300.jpg 300w, https:\/\/franciscanos.org.br\/noticias\/wp-content\/uploads\/2025\/09\/Imagem-do-WhatsApp-de-2025-09-08-as-08.16.20_232d4fa2-100x100.jpg 100w\" sizes=\"(max-width: 300px) 100vw, 300px\" \/><\/a>\n\t\t\t<\/dt><\/dl><dl class='gallery-item'>\n\t\t\t<dt class='gallery-icon portrait'>\n\t\t\t\t<a href='https:\/\/franciscanos.org.br\/noticias\/frei-evaristo-faz-sua-primeira-celebracao-eucaristica-na-paroquia-angolana-de-sao-joao-baptista.html\/imagem-do-whatsapp-de-2025-09-08-as-08-16-20_aca03825'><img width=\"300\" height=\"300\" src=\"https:\/\/franciscanos.org.br\/noticias\/wp-content\/uploads\/2025\/09\/Imagem-do-WhatsApp-de-2025-09-08-as-08.16.20_aca03825-300x300.jpg\" class=\"attachment-thumbnail size-thumbnail\" alt=\"\" loading=\"lazy\" srcset=\"https:\/\/franciscanos.org.br\/noticias\/wp-content\/uploads\/2025\/09\/Imagem-do-WhatsApp-de-2025-09-08-as-08.16.20_aca03825-300x300.jpg 300w, https:\/\/franciscanos.org.br\/noticias\/wp-content\/uploads\/2025\/09\/Imagem-do-WhatsApp-de-2025-09-08-as-08.16.20_aca03825-100x100.jpg 100w\" sizes=\"(max-width: 300px) 100vw, 300px\" \/><\/a>\n\t\t\t<\/dt><\/dl><dl class='gallery-item'>\n\t\t\t<dt class='gallery-icon portrait'>\n\t\t\t\t<a href='https:\/\/franciscanos.org.br\/noticias\/frei-evaristo-faz-sua-primeira-celebracao-eucaristica-na-paroquia-angolana-de-sao-joao-baptista.html\/img-20250908-wa0068'><img width=\"300\" height=\"300\" src=\"https:\/\/franciscanos.org.br\/noticias\/wp-content\/uploads\/2025\/09\/IMG-20250908-WA0068-300x300.jpg\" class=\"attachment-thumbnail size-thumbnail\" alt=\"\" loading=\"lazy\" srcset=\"https:\/\/franciscanos.org.br\/noticias\/wp-content\/uploads\/2025\/09\/IMG-20250908-WA0068-300x300.jpg 300w, https:\/\/franciscanos.org.br\/noticias\/wp-content\/uploads\/2025\/09\/IMG-20250908-WA0068-100x100.jpg 100w\" sizes=\"(max-width: 300px) 100vw, 300px\" \/><\/a>\n\t\t\t<\/dt><\/dl><br style=\"clear: both\" \/><dl class='gallery-item'>\n\t\t\t<dt class='gallery-icon portrait'>\n\t\t\t\t<a href='https:\/\/franciscanos.org.br\/noticias\/frei-evaristo-faz-sua-primeira-celebracao-eucaristica-na-paroquia-angolana-de-sao-joao-baptista.html\/img-20250908-wa0069'><img width=\"300\" height=\"300\" src=\"https:\/\/franciscanos.org.br\/noticias\/wp-content\/uploads\/2025\/09\/IMG-20250908-WA0069-300x300.jpg\" class=\"attachment-thumbnail size-thumbnail\" alt=\"\" loading=\"lazy\" srcset=\"https:\/\/franciscanos.org.br\/noticias\/wp-content\/uploads\/2025\/09\/IMG-20250908-WA0069-300x300.jpg 300w, https:\/\/franciscanos.org.br\/noticias\/wp-content\/uploads\/2025\/09\/IMG-20250908-WA0069-100x100.jpg 100w\" sizes=\"(max-width: 300px) 100vw, 300px\" \/><\/a>\n\t\t\t<\/dt><\/dl><dl class='gallery-item'>\n\t\t\t<dt class='gallery-icon portrait'>\n\t\t\t\t<a href='https:\/\/franciscanos.org.br\/noticias\/frei-evaristo-faz-sua-primeira-celebracao-eucaristica-na-paroquia-angolana-de-sao-joao-baptista.html\/img-20250908-wa0070'><img width=\"300\" height=\"300\" src=\"https:\/\/franciscanos.org.br\/noticias\/wp-content\/uploads\/2025\/09\/IMG-20250908-WA0070-300x300.jpg\" class=\"attachment-thumbnail size-thumbnail\" alt=\"\" loading=\"lazy\" srcset=\"https:\/\/franciscanos.org.br\/noticias\/wp-content\/uploads\/2025\/09\/IMG-20250908-WA0070-300x300.jpg 300w, https:\/\/franciscanos.org.br\/noticias\/wp-content\/uploads\/2025\/09\/IMG-20250908-WA0070-100x100.jpg 100w\" sizes=\"(max-width: 300px) 100vw, 300px\" \/><\/a>\n\t\t\t<\/dt><\/dl><dl class='gallery-item'>\n\t\t\t<dt class='gallery-icon portrait'>\n\t\t\t\t<a href='https:\/\/franciscanos.org.br\/noticias\/frei-evaristo-faz-sua-primeira-celebracao-eucaristica-na-paroquia-angolana-de-sao-joao-baptista.html\/img-20250908-wa0072-2'><img width=\"300\" height=\"300\" src=\"https:\/\/franciscanos.org.br\/noticias\/wp-content\/uploads\/2025\/09\/IMG-20250908-WA0072-1-300x300.jpg\" class=\"attachment-thumbnail size-thumbnail\" alt=\"\" loading=\"lazy\" srcset=\"https:\/\/franciscanos.org.br\/noticias\/wp-content\/uploads\/2025\/09\/IMG-20250908-WA0072-1-300x300.jpg 300w, https:\/\/franciscanos.org.br\/noticias\/wp-content\/uploads\/2025\/09\/IMG-20250908-WA0072-1-100x100.jpg 100w\" sizes=\"(max-width: 300px) 100vw, 300px\" \/><\/a>\n\t\t\t<\/dt><\/dl><dl class='gallery-item'>\n\t\t\t<dt class='gallery-icon portrait'>\n\t\t\t\t<a href='https:\/\/franciscanos.org.br\/noticias\/frei-evaristo-faz-sua-primeira-celebracao-eucaristica-na-paroquia-angolana-de-sao-joao-baptista.html\/img-20250908-wa0073'><img width=\"300\" height=\"300\" src=\"https:\/\/franciscanos.org.br\/noticias\/wp-content\/uploads\/2025\/09\/IMG-20250908-WA0073-300x300.jpg\" class=\"attachment-thumbnail size-thumbnail\" alt=\"\" loading=\"lazy\" srcset=\"https:\/\/franciscanos.org.br\/noticias\/wp-content\/uploads\/2025\/09\/IMG-20250908-WA0073-300x300.jpg 300w, https:\/\/franciscanos.org.br\/noticias\/wp-content\/uploads\/2025\/09\/IMG-20250908-WA0073-100x100.jpg 100w\" sizes=\"(max-width: 300px) 100vw, 300px\" \/><\/a>\n\t\t\t<\/dt><\/dl><br style=\"clear: both\" \/><dl class='gallery-item'>\n\t\t\t<dt class='gallery-icon landscape'>\n\t\t\t\t<a href='https:\/\/franciscanos.org.br\/noticias\/frei-evaristo-faz-sua-primeira-celebracao-eucaristica-na-paroquia-angolana-de-sao-joao-baptista.html\/img-20250908-wa0074'><img width=\"300\" height=\"300\" src=\"https:\/\/franciscanos.org.br\/noticias\/wp-content\/uploads\/2025\/09\/IMG-20250908-WA0074-300x300.jpg\" class=\"attachment-thumbnail size-thumbnail\" alt=\"\" loading=\"lazy\" srcset=\"https:\/\/franciscanos.org.br\/noticias\/wp-content\/uploads\/2025\/09\/IMG-20250908-WA0074-300x300.jpg 300w, https:\/\/franciscanos.org.br\/noticias\/wp-content\/uploads\/2025\/09\/IMG-20250908-WA0074-100x100.jpg 100w\" sizes=\"(max-width: 300px) 100vw, 300px\" \/><\/a>\n\t\t\t<\/dt><\/dl><dl class='gallery-item'>\n\t\t\t<dt class='gallery-icon landscape'>\n\t\t\t\t<a href='https:\/\/franciscanos.org.br\/noticias\/frei-evaristo-faz-sua-primeira-celebracao-eucaristica-na-paroquia-angolana-de-sao-joao-baptista.html\/img-20250908-wa0076'><img width=\"300\" height=\"300\" src=\"https:\/\/franciscanos.org.br\/noticias\/wp-content\/uploads\/2025\/09\/IMG-20250908-WA0076-300x300.jpg\" class=\"attachment-thumbnail size-thumbnail\" alt=\"\" loading=\"lazy\" srcset=\"https:\/\/franciscanos.org.br\/noticias\/wp-content\/uploads\/2025\/09\/IMG-20250908-WA0076-300x300.jpg 300w, https:\/\/franciscanos.org.br\/noticias\/wp-content\/uploads\/2025\/09\/IMG-20250908-WA0076-100x100.jpg 100w\" sizes=\"(max-width: 300px) 100vw, 300px\" \/><\/a>\n\t\t\t<\/dt><\/dl><dl class='gallery-item'>\n\t\t\t<dt class='gallery-icon landscape'>\n\t\t\t\t<a href='https:\/\/franciscanos.org.br\/noticias\/frei-evaristo-faz-sua-primeira-celebracao-eucaristica-na-paroquia-angolana-de-sao-joao-baptista.html\/img-20250908-wa0077'><img width=\"300\" height=\"300\" src=\"https:\/\/franciscanos.org.br\/noticias\/wp-content\/uploads\/2025\/09\/IMG-20250908-WA0077-300x300.jpg\" class=\"attachment-thumbnail size-thumbnail\" alt=\"\" loading=\"lazy\" srcset=\"https:\/\/franciscanos.org.br\/noticias\/wp-content\/uploads\/2025\/09\/IMG-20250908-WA0077-300x300.jpg 300w, https:\/\/franciscanos.org.br\/noticias\/wp-content\/uploads\/2025\/09\/IMG-20250908-WA0077-100x100.jpg 100w\" sizes=\"(max-width: 300px) 100vw, 300px\" \/><\/a>\n\t\t\t<\/dt><\/dl><dl class='gallery-item'>\n\t\t\t<dt class='gallery-icon landscape'>\n\t\t\t\t<a href='https:\/\/franciscanos.org.br\/noticias\/frei-evaristo-faz-sua-primeira-celebracao-eucaristica-na-paroquia-angolana-de-sao-joao-baptista.html\/img-20250908-wa0071'><img width=\"300\" height=\"300\" src=\"https:\/\/franciscanos.org.br\/noticias\/wp-content\/uploads\/2025\/09\/IMG-20250908-WA0071-300x300.jpg\" class=\"attachment-thumbnail size-thumbnail\" alt=\"\" loading=\"lazy\" srcset=\"https:\/\/franciscanos.org.br\/noticias\/wp-content\/uploads\/2025\/09\/IMG-20250908-WA0071-300x300.jpg 300w, https:\/\/franciscanos.org.br\/noticias\/wp-content\/uploads\/2025\/09\/IMG-20250908-WA0071-100x100.jpg 100w\" sizes=\"(max-width: 300px) 100vw, 300px\" \/><\/a>\n\t\t\t<\/dt><\/dl><br style=\"clear: both\" \/>\n\t\t<\/div>\n\n","protected":false},"excerpt":{"rendered":"<p>Primeira Celebra\u00e7\u00e3o Eucar\u00edstica<\/p>\n","protected":false},"author":11,"featured_media":260001,"comment_status":"open","ping_status":"open","sticky":false,"template":"","format":"standard","meta":[],"categories":[1],"tags":[195,2408],"acf":[],"yoast_head":"<!-- This site is optimized with the Yoast SEO plugin v19.2 - https:\/\/yoast.com\/wordpress\/plugins\/seo\/ -->\n<title>Frei Evaristo preside sua primeira Celebra\u00e7\u00e3o Eucar\u00edstica na par\u00f3quia angolana de S\u00e3o Jo\u00e3o Batista - Not\u00edcias - Franciscanos<\/title>\n<meta name=\"robots\" content=\"index, follow, max-snippet:-1, max-image-preview:large, max-video-preview:-1\" \/>\n<link rel=\"canonical\" href=\"https:\/\/franciscanos.org.br\/noticias\/frei-evaristo-faz-sua-primeira-celebracao-eucaristica-na-paroquia-angolana-de-sao-joao-baptista.html\" \/>\n<meta property=\"og:locale\" content=\"pt_BR\" \/>\n<meta property=\"og:type\" content=\"article\" \/>\n<meta property=\"og:title\" content=\"Frei Evaristo preside sua primeira Celebra\u00e7\u00e3o Eucar\u00edstica na par\u00f3quia angolana de S\u00e3o Jo\u00e3o Batista - Not\u00edcias - Franciscanos\" \/>\n<meta property=\"og:description\" content=\"Primeira Celebra\u00e7\u00e3o Eucar\u00edstica\" \/>\n<meta property=\"og:url\" content=\"https:\/\/franciscanos.org.br\/noticias\/frei-evaristo-faz-sua-primeira-celebracao-eucaristica-na-paroquia-angolana-de-sao-joao-baptista.html\" \/>\n<meta property=\"og:site_name\" content=\"Not\u00edcias - Franciscanos\" \/>\n<meta property=\"article:published_time\" content=\"2025-09-08T18:08:25+00:00\" \/>\n<meta property=\"article:modified_time\" content=\"2025-09-08T18:22:47+00:00\" \/>\n<meta property=\"og:image\" content=\"https:\/\/franciscanos.org.br\/noticias\/wp-content\/uploads\/2025\/09\/chamada-15.jpg\" \/>\n\t<meta property=\"og:image:width\" content=\"800\" \/>\n\t<meta property=\"og:image:height\" content=\"550\" \/>\n\t<meta property=\"og:image:type\" content=\"image\/jpeg\" \/>\n<meta name=\"author\" content=\"Adriana Rabelo\" \/>\n<meta name=\"twitter:card\" content=\"summary_large_image\" \/>\n<meta name=\"twitter:label1\" content=\"Escrito por\" \/>\n\t<meta name=\"twitter:data1\" content=\"Adriana Rabelo\" \/>\n\t<meta name=\"twitter:label2\" content=\"Est. tempo de leitura\" \/>\n\t<meta name=\"twitter:data2\" content=\"4 minutos\" \/>\n<script type=\"application\/ld+json\" class=\"yoast-schema-graph\">{\"@context\":\"https:\/\/schema.org\",\"@graph\":[{\"@type\":\"WebSite\",\"@id\":\"https:\/\/franciscanos.org.br\/noticias\/#website\",\"url\":\"https:\/\/franciscanos.org.br\/noticias\/\",\"name\":\"Not\u00edcias - Franciscanos\",\"description\":\"Prov\u00edncia Franciscana da Imaculada Concei\u00e7\u00e3o do Brasil - Ordem dos Frades Menores - OFM\",\"potentialAction\":[{\"@type\":\"SearchAction\",\"target\":{\"@type\":\"EntryPoint\",\"urlTemplate\":\"https:\/\/franciscanos.org.br\/noticias\/?s={search_term_string}\"},\"query-input\":\"required name=search_term_string\"}],\"inLanguage\":\"pt-BR\"},{\"@type\":\"ImageObject\",\"inLanguage\":\"pt-BR\",\"@id\":\"https:\/\/franciscanos.org.br\/noticias\/frei-evaristo-faz-sua-primeira-celebracao-eucaristica-na-paroquia-angolana-de-sao-joao-baptista.html#primaryimage\",\"url\":\"https:\/\/franciscanos.org.br\/noticias\/wp-content\/uploads\/2025\/09\/chamada-15.jpg\",\"contentUrl\":\"https:\/\/franciscanos.org.br\/noticias\/wp-content\/uploads\/2025\/09\/chamada-15.jpg\",\"width\":800,\"height\":550},{\"@type\":\"WebPage\",\"@id\":\"https:\/\/franciscanos.org.br\/noticias\/frei-evaristo-faz-sua-primeira-celebracao-eucaristica-na-paroquia-angolana-de-sao-joao-baptista.html#webpage\",\"url\":\"https:\/\/franciscanos.org.br\/noticias\/frei-evaristo-faz-sua-primeira-celebracao-eucaristica-na-paroquia-angolana-de-sao-joao-baptista.html\",\"name\":\"Frei Evaristo preside sua primeira Celebra\u00e7\u00e3o Eucar\u00edstica na par\u00f3quia angolana de S\u00e3o Jo\u00e3o Batista - Not\u00edcias - Franciscanos\",\"isPartOf\":{\"@id\":\"https:\/\/franciscanos.org.br\/noticias\/#website\"},\"primaryImageOfPage\":{\"@id\":\"https:\/\/franciscanos.org.br\/noticias\/frei-evaristo-faz-sua-primeira-celebracao-eucaristica-na-paroquia-angolana-de-sao-joao-baptista.html#primaryimage\"},\"datePublished\":\"2025-09-08T18:08:25+00:00\",\"dateModified\":\"2025-09-08T18:22:47+00:00\",\"author\":{\"@id\":\"https:\/\/franciscanos.org.br\/noticias\/#\/schema\/person\/d9422e83121c3ad3b0f423d195f5bb25\"},\"breadcrumb\":{\"@id\":\"https:\/\/franciscanos.org.br\/noticias\/frei-evaristo-faz-sua-primeira-celebracao-eucaristica-na-paroquia-angolana-de-sao-joao-baptista.html#breadcrumb\"},\"inLanguage\":\"pt-BR\",\"potentialAction\":[{\"@type\":\"ReadAction\",\"target\":[\"https:\/\/franciscanos.org.br\/noticias\/frei-evaristo-faz-sua-primeira-celebracao-eucaristica-na-paroquia-angolana-de-sao-joao-baptista.html\"]}]},{\"@type\":\"BreadcrumbList\",\"@id\":\"https:\/\/franciscanos.org.br\/noticias\/frei-evaristo-faz-sua-primeira-celebracao-eucaristica-na-paroquia-angolana-de-sao-joao-baptista.html#breadcrumb\",\"itemListElement\":[{\"@type\":\"ListItem\",\"position\":1,\"name\":\"Home\",\"item\":\"https:\/\/franciscanos.org.br\/noticias\"},{\"@type\":\"ListItem\",\"position\":2,\"name\":\"Frei Evaristo preside sua primeira Celebra\u00e7\u00e3o Eucar\u00edstica na par\u00f3quia angolana de S\u00e3o Jo\u00e3o Batista\"}]},{\"@type\":\"Person\",\"@id\":\"https:\/\/franciscanos.org.br\/noticias\/#\/schema\/person\/d9422e83121c3ad3b0f423d195f5bb25\",\"name\":\"Adriana Rabelo\",\"image\":{\"@type\":\"ImageObject\",\"inLanguage\":\"pt-BR\",\"@id\":\"https:\/\/franciscanos.org.br\/noticias\/#\/schema\/person\/image\/\",\"url\":\"https:\/\/secure.gravatar.com\/avatar\/0a937b7500cd7df77540cfb8bede877d?s=96&d=mm&r=g\",\"contentUrl\":\"https:\/\/secure.gravatar.com\/avatar\/0a937b7500cd7df77540cfb8bede877d?s=96&d=mm&r=g\",\"caption\":\"Adriana Rabelo\"},\"url\":\"https:\/\/franciscanos.org.br\/noticias\/author\/adrianarabelo\"}]}<\/script>\n<!-- \/ Yoast SEO plugin. -->","yoast_head_json":{"title":"Frei Evaristo preside sua primeira Celebra\u00e7\u00e3o Eucar\u00edstica na par\u00f3quia angolana de S\u00e3o Jo\u00e3o Batista - Not\u00edcias - Franciscanos","robots":{"index":"index","follow":"follow","max-snippet":"max-snippet:-1","max-image-preview":"max-image-preview:large","max-video-preview":"max-video-preview:-1"},"canonical":"https:\/\/franciscanos.org.br\/noticias\/frei-evaristo-faz-sua-primeira-celebracao-eucaristica-na-paroquia-angolana-de-sao-joao-baptista.html","og_locale":"pt_BR","og_type":"article","og_title":"Frei Evaristo preside sua primeira Celebra\u00e7\u00e3o Eucar\u00edstica na par\u00f3quia angolana de S\u00e3o Jo\u00e3o Batista - Not\u00edcias - Franciscanos","og_description":"Primeira Celebra\u00e7\u00e3o Eucar\u00edstica","og_url":"https:\/\/franciscanos.org.br\/noticias\/frei-evaristo-faz-sua-primeira-celebracao-eucaristica-na-paroquia-angolana-de-sao-joao-baptista.html","og_site_name":"Not\u00edcias - Franciscanos","article_published_time":"2025-09-08T18:08:25+00:00","article_modified_time":"2025-09-08T18:22:47+00:00","og_image":[{"width":800,"height":550,"url":"https:\/\/franciscanos.org.br\/noticias\/wp-content\/uploads\/2025\/09\/chamada-15.jpg","type":"image\/jpeg"}],"author":"Adriana Rabelo","twitter_card":"summary_large_image","twitter_misc":{"Escrito por":"Adriana Rabelo","Est. tempo de leitura":"4 minutos"},"schema":{"@context":"https:\/\/schema.org","@graph":[{"@type":"WebSite","@id":"https:\/\/franciscanos.org.br\/noticias\/#website","url":"https:\/\/franciscanos.org.br\/noticias\/","name":"Not\u00edcias - Franciscanos","description":"Prov\u00edncia Franciscana da Imaculada Concei\u00e7\u00e3o do Brasil - Ordem dos Frades Menores - OFM","potentialAction":[{"@type":"SearchAction","target":{"@type":"EntryPoint","urlTemplate":"https:\/\/franciscanos.org.br\/noticias\/?s={search_term_string}"},"query-input":"required name=search_term_string"}],"inLanguage":"pt-BR"},{"@type":"ImageObject","inLanguage":"pt-BR","@id":"https:\/\/franciscanos.org.br\/noticias\/frei-evaristo-faz-sua-primeira-celebracao-eucaristica-na-paroquia-angolana-de-sao-joao-baptista.html#primaryimage","url":"https:\/\/franciscanos.org.br\/noticias\/wp-content\/uploads\/2025\/09\/chamada-15.jpg","contentUrl":"https:\/\/franciscanos.org.br\/noticias\/wp-content\/uploads\/2025\/09\/chamada-15.jpg","width":800,"height":550},{"@type":"WebPage","@id":"https:\/\/franciscanos.org.br\/noticias\/frei-evaristo-faz-sua-primeira-celebracao-eucaristica-na-paroquia-angolana-de-sao-joao-baptista.html#webpage","url":"https:\/\/franciscanos.org.br\/noticias\/frei-evaristo-faz-sua-primeira-celebracao-eucaristica-na-paroquia-angolana-de-sao-joao-baptista.html","name":"Frei Evaristo preside sua primeira Celebra\u00e7\u00e3o Eucar\u00edstica na par\u00f3quia angolana de S\u00e3o Jo\u00e3o Batista - Not\u00edcias - Franciscanos","isPartOf":{"@id":"https:\/\/franciscanos.org.br\/noticias\/#website"},"primaryImageOfPage":{"@id":"https:\/\/franciscanos.org.br\/noticias\/frei-evaristo-faz-sua-primeira-celebracao-eucaristica-na-paroquia-angolana-de-sao-joao-baptista.html#primaryimage"},"datePublished":"2025-09-08T18:08:25+00:00","dateModified":"2025-09-08T18:22:47+00:00","author":{"@id":"https:\/\/franciscanos.org.br\/noticias\/#\/schema\/person\/d9422e83121c3ad3b0f423d195f5bb25"},"breadcrumb":{"@id":"https:\/\/franciscanos.org.br\/noticias\/frei-evaristo-faz-sua-primeira-celebracao-eucaristica-na-paroquia-angolana-de-sao-joao-baptista.html#breadcrumb"},"inLanguage":"pt-BR","potentialAction":[{"@type":"ReadAction","target":["https:\/\/franciscanos.org.br\/noticias\/frei-evaristo-faz-sua-primeira-celebracao-eucaristica-na-paroquia-angolana-de-sao-joao-baptista.html"]}]},{"@type":"BreadcrumbList","@id":"https:\/\/franciscanos.org.br\/noticias\/frei-evaristo-faz-sua-primeira-celebracao-eucaristica-na-paroquia-angolana-de-sao-joao-baptista.html#breadcrumb","itemListElement":[{"@type":"ListItem","position":1,"name":"Home","item":"https:\/\/franciscanos.org.br\/noticias"},{"@type":"ListItem","position":2,"name":"Frei Evaristo preside sua primeira Celebra\u00e7\u00e3o Eucar\u00edstica na par\u00f3quia angolana de S\u00e3o Jo\u00e3o Batista"}]},{"@type":"Person","@id":"https:\/\/franciscanos.org.br\/noticias\/#\/schema\/person\/d9422e83121c3ad3b0f423d195f5bb25","name":"Adriana Rabelo","image":{"@type":"ImageObject","inLanguage":"pt-BR","@id":"https:\/\/franciscanos.org.br\/noticias\/#\/schema\/person\/image\/","url":"https:\/\/secure.gravatar.com\/avatar\/0a937b7500cd7df77540cfb8bede877d?s=96&d=mm&r=g","contentUrl":"https:\/\/secure.gravatar.com\/avatar\/0a937b7500cd7df77540cfb8bede877d?s=96&d=mm&r=g","caption":"Adriana Rabelo"},"url":"https:\/\/franciscanos.org.br\/noticias\/author\/adrianarabelo"}]}},"_links":{"self":[{"href":"https:\/\/franciscanos.org.br\/noticias\/wp-json\/wp\/v2\/posts\/260000"}],"collection":[{"href":"https:\/\/franciscanos.org.br\/noticias\/wp-json\/wp\/v2\/posts"}],"about":[{"href":"https:\/\/franciscanos.org.br\/noticias\/wp-json\/wp\/v2\/types\/post"}],"author":[{"embeddable":true,"href":"https:\/\/franciscanos.org.br\/noticias\/wp-json\/wp\/v2\/users\/11"}],"replies":[{"embeddable":true,"href":"https:\/\/franciscanos.org.br\/noticias\/wp-json\/wp\/v2\/comments?post=260000"}],"version-history":[{"count":3,"href":"https:\/\/franciscanos.org.br\/noticias\/wp-json\/wp\/v2\/posts\/260000\/revisions"}],"predecessor-version":[{"id":260025,"href":"https:\/\/franciscanos.org.br\/noticias\/wp-json\/wp\/v2\/posts\/260000\/revisions\/260025"}],"wp:featuredmedia":[{"embeddable":true,"href":"https:\/\/franciscanos.org.br\/noticias\/wp-json\/wp\/v2\/media\/260001"}],"wp:attachment":[{"href":"https:\/\/franciscanos.org.br\/noticias\/wp-json\/wp\/v2\/media?parent=260000"}],"wp:term":[{"taxonomy":"category","embeddable":true,"href":"https:\/\/franciscanos.org.br\/noticias\/wp-json\/wp\/v2\/categories?post=260000"},{"taxonomy":"post_tag","embeddable":true,"href":"https:\/\/franciscanos.org.br\/noticias\/wp-json\/wp\/v2\/tags?post=260000"}],"curies":[{"name":"wp","href":"https:\/\/api.w.org\/{rel}","templated":true}]}}