{"id":259993,"date":"2025-09-08T12:46:34","date_gmt":"2025-09-08T15:46:34","guid":{"rendered":"https:\/\/franciscanos.org.br\/noticias\/?p=259993"},"modified":"2025-09-08T12:46:34","modified_gmt":"2025-09-08T15:46:34","slug":"fundacao-imaculada-mae-de-deus-de-angola-acolhe-novos-postulantes","status":"publish","type":"post","link":"https:\/\/franciscanos.org.br\/noticias\/fundacao-imaculada-mae-de-deus-de-angola-acolhe-novos-postulantes.html","title":{"rendered":"Funda\u00e7\u00e3o Imaculada M\u00e3e de Deus de Angola acolhe novos postulantes"},"content":{"rendered":"<p><img loading=\"lazy\" class=\"aligncenter wp-image-259995 size-full\" src=\"https:\/\/franciscanos.org.br\/noticias\/wp-content\/uploads\/2025\/09\/MATERIA-3-3.jpg\" alt=\"\" width=\"1280\" height=\"720\" srcset=\"https:\/\/franciscanos.org.br\/noticias\/wp-content\/uploads\/2025\/09\/MATERIA-3-3.jpg 1280w, https:\/\/franciscanos.org.br\/noticias\/wp-content\/uploads\/2025\/09\/MATERIA-3-3-450x253.jpg 450w, https:\/\/franciscanos.org.br\/noticias\/wp-content\/uploads\/2025\/09\/MATERIA-3-3-1024x576.jpg 1024w, https:\/\/franciscanos.org.br\/noticias\/wp-content\/uploads\/2025\/09\/MATERIA-3-3-768x432.jpg 768w, https:\/\/franciscanos.org.br\/noticias\/wp-content\/uploads\/2025\/09\/MATERIA-3-3-150x84.jpg 150w\" sizes=\"(max-width: 1280px) 100vw, 1280px\" \/><\/p>\n<p>A Fraternidade da Porci\u00fancula, em Luanda, Angola, celebrou, no dia 5 de setembro, a admiss\u00e3o dos postulantes do ano formativo 2025-2026.<\/p>\n<p>A Santa Missa das 17h, hor\u00e1rio local, contou com a presen\u00e7a das mais variadas fraternidades que comp\u00f5em a Funda\u00e7\u00e3o Imaculada M\u00e3e de Deus de Angola (FIMDA). Estiveram presentes os frades da Fraternidade S\u00e3o Francisco de Assis, localizada no bairro Palanca, tamb\u00e9m em Luanda, representada pelo Frei Marco Antonio dos Santos ; da Fraternidade Santo Ant\u00f4nio, onde est\u00e1 o Noviciado, em Quibala, prov\u00edncia do Cuanza-Sul; e da Fraternidade Semin\u00e1rio Monte Alverne.<\/p>\n<p>O guardi\u00e3o da fraternidade acolhedora, Frei Ermelindo Francisco Bambi, presidiu a celebra\u00e7\u00e3o, que foi concelebrada pelo p\u00e1roco da Par\u00f3quia Nossa Senhora de F\u00e1tima, em Mulenvos de Cima (Luanda), Frei Jo\u00e3o Alberto Bunga, e por Frei Andr\u00e9 dos Santos Sungo Mingas.<\/p>\n<p>A homilia foi realizada pelo presidente da FIMDA, Frei Ivair Bueno de Carvalho, que exortou os postulantes, dizendo:<\/p>\n<p>\u201cO frade faz-se dentro da fraternidade, de modo que somos chamados a evangelizar mais com a nossa maneira de viver do que com palavras. Devemos ser os primeiros convertidos de n\u00f3s mesmos, pois, da mesma forma que se cosem roupas novas com panos velhos, n\u00e3o se come\u00e7a uma vida nova com um esp\u00edrito e h\u00e1bitos antigos. \u201d<\/p>\n<p><img loading=\"lazy\" class=\"aligncenter wp-image-259996 size-full\" src=\"https:\/\/franciscanos.org.br\/noticias\/wp-content\/uploads\/2025\/09\/MATERIA-2-9.jpg\" alt=\"\" width=\"1280\" height=\"720\" srcset=\"https:\/\/franciscanos.org.br\/noticias\/wp-content\/uploads\/2025\/09\/MATERIA-2-9.jpg 1280w, https:\/\/franciscanos.org.br\/noticias\/wp-content\/uploads\/2025\/09\/MATERIA-2-9-450x253.jpg 450w, https:\/\/franciscanos.org.br\/noticias\/wp-content\/uploads\/2025\/09\/MATERIA-2-9-1024x576.jpg 1024w, https:\/\/franciscanos.org.br\/noticias\/wp-content\/uploads\/2025\/09\/MATERIA-2-9-768x432.jpg 768w, https:\/\/franciscanos.org.br\/noticias\/wp-content\/uploads\/2025\/09\/MATERIA-2-9-150x84.jpg 150w\" sizes=\"(max-width: 1280px) 100vw, 1280px\" \/>A atividade foi encerrada com um jantar festivo, onde o ambiente de irmandade e fraternidade, considerado um dos principais pilares da vida franciscana, foi celebrado.<\/p>\n<hr \/>\n<p><em>Texto e fotos: Frei Francisco Xavier Chissingui Manuel e Frei Lu\u00eds Fernando Manuel Victor <strong>\u2013<\/strong>\u00a0 Postulantes FIMDA<\/em><\/p>\n","protected":false},"excerpt":{"rendered":"<p>Postulantes FIMDA<\/p>\n","protected":false},"author":11,"featured_media":259994,"comment_status":"open","ping_status":"open","sticky":false,"template":"","format":"standard","meta":[],"categories":[1],"tags":[1594,195],"acf":[],"yoast_head":"<!-- This site is optimized with the Yoast SEO plugin v19.2 - https:\/\/yoast.com\/wordpress\/plugins\/seo\/ -->\n<title>Funda\u00e7\u00e3o Imaculada M\u00e3e de Deus de Angola acolhe novos postulantes - Not\u00edcias - Franciscanos<\/title>\n<meta name=\"robots\" content=\"index, follow, max-snippet:-1, max-image-preview:large, max-video-preview:-1\" \/>\n<link rel=\"canonical\" href=\"https:\/\/franciscanos.org.br\/noticias\/fundacao-imaculada-mae-de-deus-de-angola-acolhe-novos-postulantes.html\" \/>\n<meta property=\"og:locale\" content=\"pt_BR\" \/>\n<meta property=\"og:type\" content=\"article\" \/>\n<meta property=\"og:title\" content=\"Funda\u00e7\u00e3o Imaculada M\u00e3e de Deus de Angola acolhe novos postulantes - Not\u00edcias - Franciscanos\" \/>\n<meta property=\"og:description\" content=\"Postulantes FIMDA\" \/>\n<meta property=\"og:url\" content=\"https:\/\/franciscanos.org.br\/noticias\/fundacao-imaculada-mae-de-deus-de-angola-acolhe-novos-postulantes.html\" \/>\n<meta property=\"og:site_name\" content=\"Not\u00edcias - Franciscanos\" \/>\n<meta property=\"article:published_time\" content=\"2025-09-08T15:46:34+00:00\" \/>\n<meta property=\"og:image\" content=\"https:\/\/franciscanos.org.br\/noticias\/wp-content\/uploads\/2025\/09\/CHAMADA-14.jpg\" \/>\n\t<meta property=\"og:image:width\" content=\"800\" \/>\n\t<meta property=\"og:image:height\" content=\"550\" \/>\n\t<meta property=\"og:image:type\" content=\"image\/jpeg\" \/>\n<meta name=\"author\" content=\"Adriana Rabelo\" \/>\n<meta name=\"twitter:card\" content=\"summary_large_image\" \/>\n<meta name=\"twitter:label1\" content=\"Escrito por\" \/>\n\t<meta name=\"twitter:data1\" content=\"Adriana Rabelo\" \/>\n\t<meta name=\"twitter:label2\" content=\"Est. tempo de leitura\" \/>\n\t<meta name=\"twitter:data2\" content=\"1 minuto\" \/>\n<script type=\"application\/ld+json\" class=\"yoast-schema-graph\">{\"@context\":\"https:\/\/schema.org\",\"@graph\":[{\"@type\":\"WebSite\",\"@id\":\"https:\/\/franciscanos.org.br\/noticias\/#website\",\"url\":\"https:\/\/franciscanos.org.br\/noticias\/\",\"name\":\"Not\u00edcias - Franciscanos\",\"description\":\"Prov\u00edncia Franciscana da Imaculada Concei\u00e7\u00e3o do Brasil - Ordem dos Frades Menores - OFM\",\"potentialAction\":[{\"@type\":\"SearchAction\",\"target\":{\"@type\":\"EntryPoint\",\"urlTemplate\":\"https:\/\/franciscanos.org.br\/noticias\/?s={search_term_string}\"},\"query-input\":\"required name=search_term_string\"}],\"inLanguage\":\"pt-BR\"},{\"@type\":\"ImageObject\",\"inLanguage\":\"pt-BR\",\"@id\":\"https:\/\/franciscanos.org.br\/noticias\/fundacao-imaculada-mae-de-deus-de-angola-acolhe-novos-postulantes.html#primaryimage\",\"url\":\"https:\/\/franciscanos.org.br\/noticias\/wp-content\/uploads\/2025\/09\/CHAMADA-14.jpg\",\"contentUrl\":\"https:\/\/franciscanos.org.br\/noticias\/wp-content\/uploads\/2025\/09\/CHAMADA-14.jpg\",\"width\":800,\"height\":550},{\"@type\":\"WebPage\",\"@id\":\"https:\/\/franciscanos.org.br\/noticias\/fundacao-imaculada-mae-de-deus-de-angola-acolhe-novos-postulantes.html#webpage\",\"url\":\"https:\/\/franciscanos.org.br\/noticias\/fundacao-imaculada-mae-de-deus-de-angola-acolhe-novos-postulantes.html\",\"name\":\"Funda\u00e7\u00e3o Imaculada M\u00e3e de Deus de Angola acolhe novos postulantes - Not\u00edcias - Franciscanos\",\"isPartOf\":{\"@id\":\"https:\/\/franciscanos.org.br\/noticias\/#website\"},\"primaryImageOfPage\":{\"@id\":\"https:\/\/franciscanos.org.br\/noticias\/fundacao-imaculada-mae-de-deus-de-angola-acolhe-novos-postulantes.html#primaryimage\"},\"datePublished\":\"2025-09-08T15:46:34+00:00\",\"dateModified\":\"2025-09-08T15:46:34+00:00\",\"author\":{\"@id\":\"https:\/\/franciscanos.org.br\/noticias\/#\/schema\/person\/d9422e83121c3ad3b0f423d195f5bb25\"},\"breadcrumb\":{\"@id\":\"https:\/\/franciscanos.org.br\/noticias\/fundacao-imaculada-mae-de-deus-de-angola-acolhe-novos-postulantes.html#breadcrumb\"},\"inLanguage\":\"pt-BR\",\"potentialAction\":[{\"@type\":\"ReadAction\",\"target\":[\"https:\/\/franciscanos.org.br\/noticias\/fundacao-imaculada-mae-de-deus-de-angola-acolhe-novos-postulantes.html\"]}]},{\"@type\":\"BreadcrumbList\",\"@id\":\"https:\/\/franciscanos.org.br\/noticias\/fundacao-imaculada-mae-de-deus-de-angola-acolhe-novos-postulantes.html#breadcrumb\",\"itemListElement\":[{\"@type\":\"ListItem\",\"position\":1,\"name\":\"Home\",\"item\":\"https:\/\/franciscanos.org.br\/noticias\"},{\"@type\":\"ListItem\",\"position\":2,\"name\":\"Funda\u00e7\u00e3o Imaculada M\u00e3e de Deus de Angola acolhe novos postulantes\"}]},{\"@type\":\"Person\",\"@id\":\"https:\/\/franciscanos.org.br\/noticias\/#\/schema\/person\/d9422e83121c3ad3b0f423d195f5bb25\",\"name\":\"Adriana Rabelo\",\"image\":{\"@type\":\"ImageObject\",\"inLanguage\":\"pt-BR\",\"@id\":\"https:\/\/franciscanos.org.br\/noticias\/#\/schema\/person\/image\/\",\"url\":\"https:\/\/secure.gravatar.com\/avatar\/0a937b7500cd7df77540cfb8bede877d?s=96&d=mm&r=g\",\"contentUrl\":\"https:\/\/secure.gravatar.com\/avatar\/0a937b7500cd7df77540cfb8bede877d?s=96&d=mm&r=g\",\"caption\":\"Adriana Rabelo\"},\"url\":\"https:\/\/franciscanos.org.br\/noticias\/author\/adrianarabelo\"}]}<\/script>\n<!-- \/ Yoast SEO plugin. -->","yoast_head_json":{"title":"Funda\u00e7\u00e3o Imaculada M\u00e3e de Deus de Angola acolhe novos postulantes - Not\u00edcias - Franciscanos","robots":{"index":"index","follow":"follow","max-snippet":"max-snippet:-1","max-image-preview":"max-image-preview:large","max-video-preview":"max-video-preview:-1"},"canonical":"https:\/\/franciscanos.org.br\/noticias\/fundacao-imaculada-mae-de-deus-de-angola-acolhe-novos-postulantes.html","og_locale":"pt_BR","og_type":"article","og_title":"Funda\u00e7\u00e3o Imaculada M\u00e3e de Deus de Angola acolhe novos postulantes - Not\u00edcias - Franciscanos","og_description":"Postulantes FIMDA","og_url":"https:\/\/franciscanos.org.br\/noticias\/fundacao-imaculada-mae-de-deus-de-angola-acolhe-novos-postulantes.html","og_site_name":"Not\u00edcias - Franciscanos","article_published_time":"2025-09-08T15:46:34+00:00","og_image":[{"width":800,"height":550,"url":"https:\/\/franciscanos.org.br\/noticias\/wp-content\/uploads\/2025\/09\/CHAMADA-14.jpg","type":"image\/jpeg"}],"author":"Adriana Rabelo","twitter_card":"summary_large_image","twitter_misc":{"Escrito por":"Adriana Rabelo","Est. tempo de leitura":"1 minuto"},"schema":{"@context":"https:\/\/schema.org","@graph":[{"@type":"WebSite","@id":"https:\/\/franciscanos.org.br\/noticias\/#website","url":"https:\/\/franciscanos.org.br\/noticias\/","name":"Not\u00edcias - Franciscanos","description":"Prov\u00edncia Franciscana da Imaculada Concei\u00e7\u00e3o do Brasil - Ordem dos Frades Menores - OFM","potentialAction":[{"@type":"SearchAction","target":{"@type":"EntryPoint","urlTemplate":"https:\/\/franciscanos.org.br\/noticias\/?s={search_term_string}"},"query-input":"required name=search_term_string"}],"inLanguage":"pt-BR"},{"@type":"ImageObject","inLanguage":"pt-BR","@id":"https:\/\/franciscanos.org.br\/noticias\/fundacao-imaculada-mae-de-deus-de-angola-acolhe-novos-postulantes.html#primaryimage","url":"https:\/\/franciscanos.org.br\/noticias\/wp-content\/uploads\/2025\/09\/CHAMADA-14.jpg","contentUrl":"https:\/\/franciscanos.org.br\/noticias\/wp-content\/uploads\/2025\/09\/CHAMADA-14.jpg","width":800,"height":550},{"@type":"WebPage","@id":"https:\/\/franciscanos.org.br\/noticias\/fundacao-imaculada-mae-de-deus-de-angola-acolhe-novos-postulantes.html#webpage","url":"https:\/\/franciscanos.org.br\/noticias\/fundacao-imaculada-mae-de-deus-de-angola-acolhe-novos-postulantes.html","name":"Funda\u00e7\u00e3o Imaculada M\u00e3e de Deus de Angola acolhe novos postulantes - Not\u00edcias - Franciscanos","isPartOf":{"@id":"https:\/\/franciscanos.org.br\/noticias\/#website"},"primaryImageOfPage":{"@id":"https:\/\/franciscanos.org.br\/noticias\/fundacao-imaculada-mae-de-deus-de-angola-acolhe-novos-postulantes.html#primaryimage"},"datePublished":"2025-09-08T15:46:34+00:00","dateModified":"2025-09-08T15:46:34+00:00","author":{"@id":"https:\/\/franciscanos.org.br\/noticias\/#\/schema\/person\/d9422e83121c3ad3b0f423d195f5bb25"},"breadcrumb":{"@id":"https:\/\/franciscanos.org.br\/noticias\/fundacao-imaculada-mae-de-deus-de-angola-acolhe-novos-postulantes.html#breadcrumb"},"inLanguage":"pt-BR","potentialAction":[{"@type":"ReadAction","target":["https:\/\/franciscanos.org.br\/noticias\/fundacao-imaculada-mae-de-deus-de-angola-acolhe-novos-postulantes.html"]}]},{"@type":"BreadcrumbList","@id":"https:\/\/franciscanos.org.br\/noticias\/fundacao-imaculada-mae-de-deus-de-angola-acolhe-novos-postulantes.html#breadcrumb","itemListElement":[{"@type":"ListItem","position":1,"name":"Home","item":"https:\/\/franciscanos.org.br\/noticias"},{"@type":"ListItem","position":2,"name":"Funda\u00e7\u00e3o Imaculada M\u00e3e de Deus de Angola acolhe novos postulantes"}]},{"@type":"Person","@id":"https:\/\/franciscanos.org.br\/noticias\/#\/schema\/person\/d9422e83121c3ad3b0f423d195f5bb25","name":"Adriana Rabelo","image":{"@type":"ImageObject","inLanguage":"pt-BR","@id":"https:\/\/franciscanos.org.br\/noticias\/#\/schema\/person\/image\/","url":"https:\/\/secure.gravatar.com\/avatar\/0a937b7500cd7df77540cfb8bede877d?s=96&d=mm&r=g","contentUrl":"https:\/\/secure.gravatar.com\/avatar\/0a937b7500cd7df77540cfb8bede877d?s=96&d=mm&r=g","caption":"Adriana Rabelo"},"url":"https:\/\/franciscanos.org.br\/noticias\/author\/adrianarabelo"}]}},"_links":{"self":[{"href":"https:\/\/franciscanos.org.br\/noticias\/wp-json\/wp\/v2\/posts\/259993"}],"collection":[{"href":"https:\/\/franciscanos.org.br\/noticias\/wp-json\/wp\/v2\/posts"}],"about":[{"href":"https:\/\/franciscanos.org.br\/noticias\/wp-json\/wp\/v2\/types\/post"}],"author":[{"embeddable":true,"href":"https:\/\/franciscanos.org.br\/noticias\/wp-json\/wp\/v2\/users\/11"}],"replies":[{"embeddable":true,"href":"https:\/\/franciscanos.org.br\/noticias\/wp-json\/wp\/v2\/comments?post=259993"}],"version-history":[{"count":2,"href":"https:\/\/franciscanos.org.br\/noticias\/wp-json\/wp\/v2\/posts\/259993\/revisions"}],"predecessor-version":[{"id":259998,"href":"https:\/\/franciscanos.org.br\/noticias\/wp-json\/wp\/v2\/posts\/259993\/revisions\/259998"}],"wp:featuredmedia":[{"embeddable":true,"href":"https:\/\/franciscanos.org.br\/noticias\/wp-json\/wp\/v2\/media\/259994"}],"wp:attachment":[{"href":"https:\/\/franciscanos.org.br\/noticias\/wp-json\/wp\/v2\/media?parent=259993"}],"wp:term":[{"taxonomy":"category","embeddable":true,"href":"https:\/\/franciscanos.org.br\/noticias\/wp-json\/wp\/v2\/categories?post=259993"},{"taxonomy":"post_tag","embeddable":true,"href":"https:\/\/franciscanos.org.br\/noticias\/wp-json\/wp\/v2\/tags?post=259993"}],"curies":[{"name":"wp","href":"https:\/\/api.w.org\/{rel}","templated":true}]}}