{"id":259912,"date":"2025-09-08T07:28:14","date_gmt":"2025-09-08T10:28:14","guid":{"rendered":"https:\/\/franciscanos.org.br\/noticias\/?p=259912"},"modified":"2025-09-08T07:28:14","modified_gmt":"2025-09-08T10:28:14","slug":"seminario-santo-antonio-prepara-4a-caminhada-da-fe-com-mais-de-dois-mil-inscritos","status":"publish","type":"post","link":"https:\/\/franciscanos.org.br\/noticias\/seminario-santo-antonio-prepara-4a-caminhada-da-fe-com-mais-de-dois-mil-inscritos.html","title":{"rendered":"Semin\u00e1rio Santo Ant\u00f4nio prepara 4\u00aa Caminhada da F\u00e9 com mais de dois mil inscritos"},"content":{"rendered":"<p><img loading=\"lazy\" class=\"aligncenter wp-image-259914 size-full\" src=\"https:\/\/franciscanos.org.br\/noticias\/wp-content\/uploads\/2025\/09\/materia-1-9.jpg\" alt=\"\" width=\"1280\" height=\"720\" srcset=\"https:\/\/franciscanos.org.br\/noticias\/wp-content\/uploads\/2025\/09\/materia-1-9.jpg 1280w, https:\/\/franciscanos.org.br\/noticias\/wp-content\/uploads\/2025\/09\/materia-1-9-450x253.jpg 450w, https:\/\/franciscanos.org.br\/noticias\/wp-content\/uploads\/2025\/09\/materia-1-9-1024x576.jpg 1024w, https:\/\/franciscanos.org.br\/noticias\/wp-content\/uploads\/2025\/09\/materia-1-9-768x432.jpg 768w, https:\/\/franciscanos.org.br\/noticias\/wp-content\/uploads\/2025\/09\/materia-1-9-150x84.jpg 150w\" sizes=\"(max-width: 1280px) 100vw, 1280px\" \/><\/p>\n<p>O Semin\u00e1rio Santo Ant\u00f4nio, em Agudos (SP), se prepara para receber a 4\u00aa edi\u00e7\u00e3o da Caminhada da F\u00e9, que ser\u00e1 realizada no dia 19 de outubro. O evento, que come\u00e7ou em 2022 com cerca de 300 participantes, j\u00e1 conta este ano com mais de duas mil inscri\u00e7\u00f5es confirmadas, reunindo peregrinos de 37 cidades de tr\u00eas Estados diferentes.<\/p>\n<p>A caminhada tem como padroeiros Nossa Senhora Aparecida e S\u00e3o Francisco de Assis, ambos celebrados no m\u00eas de outubro. O percurso ter\u00e1 in\u00edcio na F\u00e1brica de Barbantes, em Piratininga (SP), de onde os fi\u00e9is seguir\u00e3o pela estrada velha em um trajeto de 22 quil\u00f4metros at\u00e9 o Semin\u00e1rio Santo Ant\u00f4nio, em Agudos.<\/p>\n<p>Para garantir a seguran\u00e7a dos participantes, a organiza\u00e7\u00e3o contar\u00e1 com carros de apoio, ambul\u00e2ncia e acompanhamento policial durante todo o trajeto.<\/p>\n<p><strong>Tradi\u00e7\u00e3o em crescimento<\/strong><\/p>\n<p>A Caminhada da F\u00e9 vem se consolidando como uma tradi\u00e7\u00e3o regional. Na primeira edi\u00e7\u00e3o, realizada em 2022, foram cerca de 300 participantes. No ano seguinte, o n\u00famero subiu para 500. J\u00e1 em 2024, mais de 1.200 pessoas estiveram presentes. A expectativa para 2025 \u00e9 de recorde de p\u00fablico.<\/p>\n<p>Desde a primeira edi\u00e7\u00e3o, a comiss\u00e3o organizadora recebe testemunhos emocionantes dos peregrinos, que relatam gra\u00e7as alcan\u00e7adas, experi\u00eancias de f\u00e9 e momentos de supera\u00e7\u00e3o vividos durante o trajeto. Esses relatos refor\u00e7am o sentido da caminhada, mostrando que cada passo pode se tornar uma verdadeira ora\u00e7\u00e3o.<\/p>\n<p><img loading=\"lazy\" class=\"aligncenter wp-image-259915 size-full\" src=\"https:\/\/franciscanos.org.br\/noticias\/wp-content\/uploads\/2025\/09\/materia-2-8.jpg\" alt=\"\" width=\"1280\" height=\"720\" srcset=\"https:\/\/franciscanos.org.br\/noticias\/wp-content\/uploads\/2025\/09\/materia-2-8.jpg 1280w, https:\/\/franciscanos.org.br\/noticias\/wp-content\/uploads\/2025\/09\/materia-2-8-450x253.jpg 450w, https:\/\/franciscanos.org.br\/noticias\/wp-content\/uploads\/2025\/09\/materia-2-8-1024x576.jpg 1024w, https:\/\/franciscanos.org.br\/noticias\/wp-content\/uploads\/2025\/09\/materia-2-8-768x432.jpg 768w, https:\/\/franciscanos.org.br\/noticias\/wp-content\/uploads\/2025\/09\/materia-2-8-150x84.jpg 150w\" sizes=\"(max-width: 1280px) 100vw, 1280px\" \/><\/p>\n<p><strong>Valores do peregrino<\/strong><\/p>\n<p>Para orientar os fi\u00e9is, a caminhada conta com uma cartilha do peregrino, que traz recomenda\u00e7\u00f5es pr\u00e1ticas e espirituais. Entre elas, est\u00e3o a valoriza\u00e7\u00e3o da solidariedade, caridade e espiritualidade, al\u00e9m do cuidado com o pr\u00f3ximo e com o meio ambiente, evitando o descarte de lixo durante o trajeto.<\/p>\n<p><strong>Inscri\u00e7\u00f5es abertas<\/strong><\/p>\n<p>As inscri\u00e7\u00f5es para a \u201c4\u00aa Caminhada da f\u00e9\u201d seguem abertas e podem ser feitas gratuitamente pelo link:<\/p>\n<p><a href=\"https:\/\/docs.google.com\/forms\/d\/e\/1FAIpQLSe2e-7xGBR6V49DBfJf3sK-L8wuPVu5Ftf9wziRIPRTYDougQ\/viewform?fbclid=PAQ0xDSwLzDv9leHRuA2FlbQIxMQABp-OngDD4emPshBnVhxf8U36PxgcwwQTGuHgPMSD-E2p4N9e-kWOoxb3A1XSu_aem_JOZ6_JecMeED5kcZ4dHfHg\">Inscri\u00e7\u00e3o Individual 4\u00b0 Caminhada da F\u00e9 Agudos<\/a><\/p>\n<p>Ao longo dos \u00faltimos anos, a Caminhada da F\u00e9 tem se revelado mais do que um evento religioso, tornou-se um marco para a comunidade e para os milhares de fi\u00e9is que dela participam. Cada edi\u00e7\u00e3o reafirma que a f\u00e9 \u00e9 capaz de unir pessoas diferentes em um mesmo prop\u00f3sito, fortalecendo la\u00e7os de solidariedade e renovando a esperan\u00e7a. A experi\u00eancia mostra que, quando se caminha com Deus, cada passo ganha sentido e cada cora\u00e7\u00e3o encontra novas for\u00e7as para seguir adiante.<\/p>\n<hr \/>\n<p><em>Maria Clara Andreotti \/ Comunica\u00e7\u00e3o do Semin\u00e1rio Santo Ant\u00f4nio<\/em><\/p>\n","protected":false},"excerpt":{"rendered":"<p>Caminhada da f\u00e9<\/p>\n","protected":false},"author":11,"featured_media":259913,"comment_status":"open","ping_status":"open","sticky":false,"template":"","format":"standard","meta":[],"categories":[1],"tags":[2235,2031],"acf":[],"yoast_head":"<!-- This site is optimized with the Yoast SEO plugin v19.2 - https:\/\/yoast.com\/wordpress\/plugins\/seo\/ -->\n<title>Semin\u00e1rio Santo Ant\u00f4nio prepara 4\u00aa Caminhada da F\u00e9 com mais de dois mil inscritos - Not\u00edcias - Franciscanos<\/title>\n<meta name=\"robots\" content=\"index, follow, max-snippet:-1, max-image-preview:large, max-video-preview:-1\" \/>\n<link rel=\"canonical\" href=\"https:\/\/franciscanos.org.br\/noticias\/seminario-santo-antonio-prepara-4a-caminhada-da-fe-com-mais-de-dois-mil-inscritos.html\" \/>\n<meta property=\"og:locale\" content=\"pt_BR\" \/>\n<meta property=\"og:type\" content=\"article\" \/>\n<meta property=\"og:title\" content=\"Semin\u00e1rio Santo Ant\u00f4nio prepara 4\u00aa Caminhada da F\u00e9 com mais de dois mil inscritos - Not\u00edcias - Franciscanos\" \/>\n<meta property=\"og:description\" content=\"Caminhada da f\u00e9\" \/>\n<meta property=\"og:url\" content=\"https:\/\/franciscanos.org.br\/noticias\/seminario-santo-antonio-prepara-4a-caminhada-da-fe-com-mais-de-dois-mil-inscritos.html\" \/>\n<meta property=\"og:site_name\" content=\"Not\u00edcias - Franciscanos\" \/>\n<meta property=\"article:published_time\" content=\"2025-09-08T10:28:14+00:00\" \/>\n<meta property=\"og:image\" content=\"https:\/\/franciscanos.org.br\/noticias\/wp-content\/uploads\/2025\/09\/chamada-11.jpg\" \/>\n\t<meta property=\"og:image:width\" content=\"800\" \/>\n\t<meta property=\"og:image:height\" content=\"550\" \/>\n\t<meta property=\"og:image:type\" content=\"image\/jpeg\" \/>\n<meta name=\"author\" content=\"Adriana Rabelo\" \/>\n<meta name=\"twitter:card\" content=\"summary_large_image\" \/>\n<meta name=\"twitter:label1\" content=\"Escrito por\" \/>\n\t<meta name=\"twitter:data1\" content=\"Adriana Rabelo\" \/>\n\t<meta name=\"twitter:label2\" content=\"Est. tempo de leitura\" \/>\n\t<meta name=\"twitter:data2\" content=\"2 minutos\" \/>\n<script type=\"application\/ld+json\" class=\"yoast-schema-graph\">{\"@context\":\"https:\/\/schema.org\",\"@graph\":[{\"@type\":\"WebSite\",\"@id\":\"https:\/\/franciscanos.org.br\/noticias\/#website\",\"url\":\"https:\/\/franciscanos.org.br\/noticias\/\",\"name\":\"Not\u00edcias - Franciscanos\",\"description\":\"Prov\u00edncia Franciscana da Imaculada Concei\u00e7\u00e3o do Brasil - Ordem dos Frades Menores - OFM\",\"potentialAction\":[{\"@type\":\"SearchAction\",\"target\":{\"@type\":\"EntryPoint\",\"urlTemplate\":\"https:\/\/franciscanos.org.br\/noticias\/?s={search_term_string}\"},\"query-input\":\"required name=search_term_string\"}],\"inLanguage\":\"pt-BR\"},{\"@type\":\"ImageObject\",\"inLanguage\":\"pt-BR\",\"@id\":\"https:\/\/franciscanos.org.br\/noticias\/seminario-santo-antonio-prepara-4a-caminhada-da-fe-com-mais-de-dois-mil-inscritos.html#primaryimage\",\"url\":\"https:\/\/franciscanos.org.br\/noticias\/wp-content\/uploads\/2025\/09\/chamada-11.jpg\",\"contentUrl\":\"https:\/\/franciscanos.org.br\/noticias\/wp-content\/uploads\/2025\/09\/chamada-11.jpg\",\"width\":800,\"height\":550},{\"@type\":\"WebPage\",\"@id\":\"https:\/\/franciscanos.org.br\/noticias\/seminario-santo-antonio-prepara-4a-caminhada-da-fe-com-mais-de-dois-mil-inscritos.html#webpage\",\"url\":\"https:\/\/franciscanos.org.br\/noticias\/seminario-santo-antonio-prepara-4a-caminhada-da-fe-com-mais-de-dois-mil-inscritos.html\",\"name\":\"Semin\u00e1rio Santo Ant\u00f4nio prepara 4\u00aa Caminhada da F\u00e9 com mais de dois mil inscritos - Not\u00edcias - Franciscanos\",\"isPartOf\":{\"@id\":\"https:\/\/franciscanos.org.br\/noticias\/#website\"},\"primaryImageOfPage\":{\"@id\":\"https:\/\/franciscanos.org.br\/noticias\/seminario-santo-antonio-prepara-4a-caminhada-da-fe-com-mais-de-dois-mil-inscritos.html#primaryimage\"},\"datePublished\":\"2025-09-08T10:28:14+00:00\",\"dateModified\":\"2025-09-08T10:28:14+00:00\",\"author\":{\"@id\":\"https:\/\/franciscanos.org.br\/noticias\/#\/schema\/person\/d9422e83121c3ad3b0f423d195f5bb25\"},\"breadcrumb\":{\"@id\":\"https:\/\/franciscanos.org.br\/noticias\/seminario-santo-antonio-prepara-4a-caminhada-da-fe-com-mais-de-dois-mil-inscritos.html#breadcrumb\"},\"inLanguage\":\"pt-BR\",\"potentialAction\":[{\"@type\":\"ReadAction\",\"target\":[\"https:\/\/franciscanos.org.br\/noticias\/seminario-santo-antonio-prepara-4a-caminhada-da-fe-com-mais-de-dois-mil-inscritos.html\"]}]},{\"@type\":\"BreadcrumbList\",\"@id\":\"https:\/\/franciscanos.org.br\/noticias\/seminario-santo-antonio-prepara-4a-caminhada-da-fe-com-mais-de-dois-mil-inscritos.html#breadcrumb\",\"itemListElement\":[{\"@type\":\"ListItem\",\"position\":1,\"name\":\"Home\",\"item\":\"https:\/\/franciscanos.org.br\/noticias\"},{\"@type\":\"ListItem\",\"position\":2,\"name\":\"Semin\u00e1rio Santo Ant\u00f4nio prepara 4\u00aa Caminhada da F\u00e9 com mais de dois mil inscritos\"}]},{\"@type\":\"Person\",\"@id\":\"https:\/\/franciscanos.org.br\/noticias\/#\/schema\/person\/d9422e83121c3ad3b0f423d195f5bb25\",\"name\":\"Adriana Rabelo\",\"image\":{\"@type\":\"ImageObject\",\"inLanguage\":\"pt-BR\",\"@id\":\"https:\/\/franciscanos.org.br\/noticias\/#\/schema\/person\/image\/\",\"url\":\"https:\/\/secure.gravatar.com\/avatar\/0a937b7500cd7df77540cfb8bede877d?s=96&d=mm&r=g\",\"contentUrl\":\"https:\/\/secure.gravatar.com\/avatar\/0a937b7500cd7df77540cfb8bede877d?s=96&d=mm&r=g\",\"caption\":\"Adriana Rabelo\"},\"url\":\"https:\/\/franciscanos.org.br\/noticias\/author\/adrianarabelo\"}]}<\/script>\n<!-- \/ Yoast SEO plugin. -->","yoast_head_json":{"title":"Semin\u00e1rio Santo Ant\u00f4nio prepara 4\u00aa Caminhada da F\u00e9 com mais de dois mil inscritos - Not\u00edcias - Franciscanos","robots":{"index":"index","follow":"follow","max-snippet":"max-snippet:-1","max-image-preview":"max-image-preview:large","max-video-preview":"max-video-preview:-1"},"canonical":"https:\/\/franciscanos.org.br\/noticias\/seminario-santo-antonio-prepara-4a-caminhada-da-fe-com-mais-de-dois-mil-inscritos.html","og_locale":"pt_BR","og_type":"article","og_title":"Semin\u00e1rio Santo Ant\u00f4nio prepara 4\u00aa Caminhada da F\u00e9 com mais de dois mil inscritos - Not\u00edcias - Franciscanos","og_description":"Caminhada da f\u00e9","og_url":"https:\/\/franciscanos.org.br\/noticias\/seminario-santo-antonio-prepara-4a-caminhada-da-fe-com-mais-de-dois-mil-inscritos.html","og_site_name":"Not\u00edcias - Franciscanos","article_published_time":"2025-09-08T10:28:14+00:00","og_image":[{"width":800,"height":550,"url":"https:\/\/franciscanos.org.br\/noticias\/wp-content\/uploads\/2025\/09\/chamada-11.jpg","type":"image\/jpeg"}],"author":"Adriana Rabelo","twitter_card":"summary_large_image","twitter_misc":{"Escrito por":"Adriana Rabelo","Est. tempo de leitura":"2 minutos"},"schema":{"@context":"https:\/\/schema.org","@graph":[{"@type":"WebSite","@id":"https:\/\/franciscanos.org.br\/noticias\/#website","url":"https:\/\/franciscanos.org.br\/noticias\/","name":"Not\u00edcias - Franciscanos","description":"Prov\u00edncia Franciscana da Imaculada Concei\u00e7\u00e3o do Brasil - Ordem dos Frades Menores - OFM","potentialAction":[{"@type":"SearchAction","target":{"@type":"EntryPoint","urlTemplate":"https:\/\/franciscanos.org.br\/noticias\/?s={search_term_string}"},"query-input":"required name=search_term_string"}],"inLanguage":"pt-BR"},{"@type":"ImageObject","inLanguage":"pt-BR","@id":"https:\/\/franciscanos.org.br\/noticias\/seminario-santo-antonio-prepara-4a-caminhada-da-fe-com-mais-de-dois-mil-inscritos.html#primaryimage","url":"https:\/\/franciscanos.org.br\/noticias\/wp-content\/uploads\/2025\/09\/chamada-11.jpg","contentUrl":"https:\/\/franciscanos.org.br\/noticias\/wp-content\/uploads\/2025\/09\/chamada-11.jpg","width":800,"height":550},{"@type":"WebPage","@id":"https:\/\/franciscanos.org.br\/noticias\/seminario-santo-antonio-prepara-4a-caminhada-da-fe-com-mais-de-dois-mil-inscritos.html#webpage","url":"https:\/\/franciscanos.org.br\/noticias\/seminario-santo-antonio-prepara-4a-caminhada-da-fe-com-mais-de-dois-mil-inscritos.html","name":"Semin\u00e1rio Santo Ant\u00f4nio prepara 4\u00aa Caminhada da F\u00e9 com mais de dois mil inscritos - Not\u00edcias - Franciscanos","isPartOf":{"@id":"https:\/\/franciscanos.org.br\/noticias\/#website"},"primaryImageOfPage":{"@id":"https:\/\/franciscanos.org.br\/noticias\/seminario-santo-antonio-prepara-4a-caminhada-da-fe-com-mais-de-dois-mil-inscritos.html#primaryimage"},"datePublished":"2025-09-08T10:28:14+00:00","dateModified":"2025-09-08T10:28:14+00:00","author":{"@id":"https:\/\/franciscanos.org.br\/noticias\/#\/schema\/person\/d9422e83121c3ad3b0f423d195f5bb25"},"breadcrumb":{"@id":"https:\/\/franciscanos.org.br\/noticias\/seminario-santo-antonio-prepara-4a-caminhada-da-fe-com-mais-de-dois-mil-inscritos.html#breadcrumb"},"inLanguage":"pt-BR","potentialAction":[{"@type":"ReadAction","target":["https:\/\/franciscanos.org.br\/noticias\/seminario-santo-antonio-prepara-4a-caminhada-da-fe-com-mais-de-dois-mil-inscritos.html"]}]},{"@type":"BreadcrumbList","@id":"https:\/\/franciscanos.org.br\/noticias\/seminario-santo-antonio-prepara-4a-caminhada-da-fe-com-mais-de-dois-mil-inscritos.html#breadcrumb","itemListElement":[{"@type":"ListItem","position":1,"name":"Home","item":"https:\/\/franciscanos.org.br\/noticias"},{"@type":"ListItem","position":2,"name":"Semin\u00e1rio Santo Ant\u00f4nio prepara 4\u00aa Caminhada da F\u00e9 com mais de dois mil inscritos"}]},{"@type":"Person","@id":"https:\/\/franciscanos.org.br\/noticias\/#\/schema\/person\/d9422e83121c3ad3b0f423d195f5bb25","name":"Adriana Rabelo","image":{"@type":"ImageObject","inLanguage":"pt-BR","@id":"https:\/\/franciscanos.org.br\/noticias\/#\/schema\/person\/image\/","url":"https:\/\/secure.gravatar.com\/avatar\/0a937b7500cd7df77540cfb8bede877d?s=96&d=mm&r=g","contentUrl":"https:\/\/secure.gravatar.com\/avatar\/0a937b7500cd7df77540cfb8bede877d?s=96&d=mm&r=g","caption":"Adriana Rabelo"},"url":"https:\/\/franciscanos.org.br\/noticias\/author\/adrianarabelo"}]}},"_links":{"self":[{"href":"https:\/\/franciscanos.org.br\/noticias\/wp-json\/wp\/v2\/posts\/259912"}],"collection":[{"href":"https:\/\/franciscanos.org.br\/noticias\/wp-json\/wp\/v2\/posts"}],"about":[{"href":"https:\/\/franciscanos.org.br\/noticias\/wp-json\/wp\/v2\/types\/post"}],"author":[{"embeddable":true,"href":"https:\/\/franciscanos.org.br\/noticias\/wp-json\/wp\/v2\/users\/11"}],"replies":[{"embeddable":true,"href":"https:\/\/franciscanos.org.br\/noticias\/wp-json\/wp\/v2\/comments?post=259912"}],"version-history":[{"count":2,"href":"https:\/\/franciscanos.org.br\/noticias\/wp-json\/wp\/v2\/posts\/259912\/revisions"}],"predecessor-version":[{"id":259917,"href":"https:\/\/franciscanos.org.br\/noticias\/wp-json\/wp\/v2\/posts\/259912\/revisions\/259917"}],"wp:featuredmedia":[{"embeddable":true,"href":"https:\/\/franciscanos.org.br\/noticias\/wp-json\/wp\/v2\/media\/259913"}],"wp:attachment":[{"href":"https:\/\/franciscanos.org.br\/noticias\/wp-json\/wp\/v2\/media?parent=259912"}],"wp:term":[{"taxonomy":"category","embeddable":true,"href":"https:\/\/franciscanos.org.br\/noticias\/wp-json\/wp\/v2\/categories?post=259912"},{"taxonomy":"post_tag","embeddable":true,"href":"https:\/\/franciscanos.org.br\/noticias\/wp-json\/wp\/v2\/tags?post=259912"}],"curies":[{"name":"wp","href":"https:\/\/api.w.org\/{rel}","templated":true}]}}