{"id":259876,"date":"2025-09-05T11:44:07","date_gmt":"2025-09-05T14:44:07","guid":{"rendered":"https:\/\/franciscanos.org.br\/noticias\/?p=259876"},"modified":"2025-09-05T11:50:53","modified_gmt":"2025-09-05T14:50:53","slug":"o-que-nao-te-contam-sobre-a-cop30-sefras-lanca-boletim-sobre-o-tema","status":"publish","type":"post","link":"https:\/\/franciscanos.org.br\/noticias\/o-que-nao-te-contam-sobre-a-cop30-sefras-lanca-boletim-sobre-o-tema.html","title":{"rendered":"O que n\u00e3o te contam sobre a COP30: Sefras lan\u00e7a boletim sobre o tema"},"content":{"rendered":"<p><img loading=\"lazy\" class=\"aligncenter wp-image-259880 size-full\" src=\"https:\/\/franciscanos.org.br\/noticias\/wp-content\/uploads\/2025\/09\/materia-1-COP.jpg\" alt=\"\" width=\"1280\" height=\"720\" srcset=\"https:\/\/franciscanos.org.br\/noticias\/wp-content\/uploads\/2025\/09\/materia-1-COP.jpg 1280w, https:\/\/franciscanos.org.br\/noticias\/wp-content\/uploads\/2025\/09\/materia-1-COP-450x253.jpg 450w, https:\/\/franciscanos.org.br\/noticias\/wp-content\/uploads\/2025\/09\/materia-1-COP-1024x576.jpg 1024w, https:\/\/franciscanos.org.br\/noticias\/wp-content\/uploads\/2025\/09\/materia-1-COP-768x432.jpg 768w, https:\/\/franciscanos.org.br\/noticias\/wp-content\/uploads\/2025\/09\/materia-1-COP-150x84.jpg 150w\" sizes=\"(max-width: 1280px) 100vw, 1280px\" \/><\/p>\n<p>O Sefras \u2013 A\u00e7\u00e3o Social Franciscana, al\u00e9m de sua atua\u00e7\u00e3o cotidiana junto a pessoas em situa\u00e7\u00e3o de vulnerabilidade, tem assumido tamb\u00e9m um protagonismo no debate socioambiental. <a href=\"https:\/\/www.sefras.org.br\/blog\/sefras-leva-%C3%A0-cop-30-a-voz-dos-defensores-e-das-comunidades-que-protegem-a-floresta\">\u00c0s v\u00e9speras da COP30<\/a>, que pela primeira vez ser\u00e1 realizada na Amaz\u00f4nia, em Bel\u00e9m, a organiza\u00e7\u00e3o se soma a diferentes movimentos e redes que buscam ampliar a participa\u00e7\u00e3o dos povos ind\u00edgenas, quilombolas e comunidades tradicionais nos espa\u00e7os globais de decis\u00e3o sobre o clima.<\/p>\n<p>Como parte dessa mobiliza\u00e7\u00e3o, o Sefras lan\u00e7a, em parceria com a Revista Xapuri, uma s\u00e9rie de tr\u00eas boletins que explicam de forma acess\u00edvel o funcionamento das COPs e o papel desses povos e comunidades na governan\u00e7a ambiental internacional. O primeiro deles, intitulado <a href=\"https:\/\/www.sefras.org.br\/publicacoes\"><strong>\u201cO que n\u00e3o te contaram sobre as COPs\u201d<\/strong><\/a>, j\u00e1 est\u00e1 dispon\u00edvel e abre caminho para ampliar o debate at\u00e9 a confer\u00eancia em 2025.<\/p>\n<p>Conversamos com Francisco Oct\u00e1vio Bittencourt de Sousa, conhecido como Chico, respons\u00e1vel pela organiza\u00e7\u00e3o do material, que falou sobre a motiva\u00e7\u00e3o da publica\u00e7\u00e3o, a miss\u00e3o franciscana diante da crise clim\u00e1tica e as expectativas para a COP30 no Brasil.<\/p>\n<p><strong>Por que o Sefras decidiu produzir essa s\u00e9rie de boletins sobre as COPs?<\/strong><\/p>\n<p>O Sefras \u00e9 parceiro hist\u00f3rico da Rede de Fundos Comunit\u00e1rios da Amaz\u00f4nia. Acompanhamos a rede desde sua cria\u00e7\u00e3o, em 2022, no F\u00f3rum Social Pan-Amaz\u00f4nico, e j\u00e1 produzimos uma pesquisa sobre os fundos comunit\u00e1rios. Percebemos uma mobiliza\u00e7\u00e3o intensa em torno da COP30, que pela primeira vez ser\u00e1 realizada na Amaz\u00f4nia, e vimos a necessidade de traduzir esse debate para as bases.<\/p>\n<p>Confesso que dediquei os \u00faltimos dois anos a estudar governan\u00e7a ambiental global e, muitas vezes, fiquei desmotivado: as metas clim\u00e1ticas n\u00e3o t\u00eam sido cumpridas, estamos muito distantes do financiamento necess\u00e1rio e as \u00faltimas confer\u00eancias foram at\u00e9 chamadas de petroCOPs, pelo peso do lobby do petr\u00f3leo. Mas, diante da mobiliza\u00e7\u00e3o da rede e dos movimentos comunit\u00e1rios, entendi que n\u00e3o havia espa\u00e7o para o des\u00e2nimo. Os boletins surgem justamente para suprir lacunas de forma\u00e7\u00e3o e apresentar os conte\u00fados da COP de forma acess\u00edvel.<\/p>\n<p><strong><img loading=\"lazy\" class=\"size-medium wp-image-259881 alignright\" src=\"https:\/\/franciscanos.org.br\/noticias\/wp-content\/uploads\/2025\/09\/886318_1dca01be218d40899f7d1a4cfd8f74b5mv2-359x450.png\" alt=\"\" width=\"359\" height=\"450\" srcset=\"https:\/\/franciscanos.org.br\/noticias\/wp-content\/uploads\/2025\/09\/886318_1dca01be218d40899f7d1a4cfd8f74b5mv2-359x450.png 359w, https:\/\/franciscanos.org.br\/noticias\/wp-content\/uploads\/2025\/09\/886318_1dca01be218d40899f7d1a4cfd8f74b5mv2-150x188.png 150w, https:\/\/franciscanos.org.br\/noticias\/wp-content\/uploads\/2025\/09\/886318_1dca01be218d40899f7d1a4cfd8f74b5mv2.png 492w\" sizes=\"(max-width: 359px) 100vw, 359px\" \/>Esse trabalho tem uma continuidade com a Rede de Fundos. Como foi esse percurso?<\/strong><\/p>\n<p>J\u00e1 t\u00ednhamos uma trajet\u00f3ria conjunta com a Rede. O Sefras esteve presente na g\u00eanese, no encontro dos Di\u00e1logos Amaz\u00f4nicos em 2023 e depois na pesquisa sobre o ecossistema de financiamento clim\u00e1tico. Tamb\u00e9m facilitamos dois interc\u00e2mbios da Rede: o primeiro em Esperantina, no Maranh\u00e3o, junto \u00e0s quebradeiras de coco baba\u00e7u, e o segundo em S\u00e3o Gabriel da Cachoeira, no in\u00edcio deste ano, quando discutimos justamente uma agenda coletiva para a COP30. Os boletins nascem nessa continuidade da parceria.<\/p>\n<p><strong>Qual \u00e9 a rela\u00e7\u00e3o entre a miss\u00e3o franciscana do Sefras e o tema das mudan\u00e7as clim\u00e1ticas?<\/strong><\/p>\n<p>Essa \u00e9 uma conex\u00e3o muito forte. As mudan\u00e7as clim\u00e1ticas n\u00e3o afetam todos da mesma forma. Quem mais sofre s\u00e3o as popula\u00e7\u00f5es que vivem diretamente da floresta, os pobres urbanos, as pessoas em situa\u00e7\u00e3o de rua. Essas pessoas n\u00e3o t\u00eam como \u201cse adaptar\u201d, para usar o termo que est\u00e1 na moda.<\/p>\n<p>Lembro de uma fala das quebradeiras de coco-baba\u00e7u numa pr\u00e9-COP que traduz isso: \u201cQuem fica o dia inteiro no escrit\u00f3rio com ar-condicionado n\u00e3o sente as mudan\u00e7as clim\u00e1ticas como a gente, que est\u00e1 no baba\u00e7ual devastado, na Amaz\u00f4nia queimada, ou debaixo do sol no asfalto, cozinhando vivo.\u201d O Sefras trabalha justamente com esse p\u00fablico mais vulner\u00e1vel, e \u00e9 a\u00ed que a miss\u00e3o franciscana encontra o tema clim\u00e1tico.<\/p>\n<p><strong>Esse \u00e9 o primeiro de uma s\u00e9rie de tr\u00eas boletins. O que podemos esperar das pr\u00f3ximas edi\u00e7\u00f5es?<\/strong><\/p>\n<p>At\u00e9 a COP30 vamos lan\u00e7ar tr\u00eas boletins. Todos v\u00e3o tratar de temas ligados \u00e0 participa\u00e7\u00e3o de povos ind\u00edgenas, comunidades tradicionais e afrodescendentes \u2014 quilombolas, no caso do Brasil. A parceria com a Revista Xapuri surgiu quase como um encontro de hist\u00f3rias.<\/p>\n<p>Durante uma atividade da Rede em Alter do Ch\u00e3o, visitei o Pablo, do Fundo Puxirum, e ele me mostrou materiais produzidos em conjunto com a Xapuri. Naquele momento, ficou claro que havia uma sintonia e uma oportunidade de juntar for\u00e7as para construir esse material formativo.<\/p>\n<p><strong><img loading=\"lazy\" class=\"aligncenter wp-image-259878 size-full\" src=\"https:\/\/franciscanos.org.br\/noticias\/wp-content\/uploads\/2025\/09\/materia-cop-2.jpg\" alt=\"\" width=\"1280\" height=\"720\" srcset=\"https:\/\/franciscanos.org.br\/noticias\/wp-content\/uploads\/2025\/09\/materia-cop-2.jpg 1280w, https:\/\/franciscanos.org.br\/noticias\/wp-content\/uploads\/2025\/09\/materia-cop-2-450x253.jpg 450w, https:\/\/franciscanos.org.br\/noticias\/wp-content\/uploads\/2025\/09\/materia-cop-2-1024x576.jpg 1024w, https:\/\/franciscanos.org.br\/noticias\/wp-content\/uploads\/2025\/09\/materia-cop-2-768x432.jpg 768w, https:\/\/franciscanos.org.br\/noticias\/wp-content\/uploads\/2025\/09\/materia-cop-2-150x84.jpg 150w\" sizes=\"(max-width: 1280px) 100vw, 1280px\" \/><\/strong><\/p>\n<p><strong>O boletim fala em \u201co que n\u00e3o te contam sobre as COPs\u201d. O que geralmente fica de fora desses debates?<\/strong><\/p>\n<p>Muita coisa. A primeira \u00e9 o quanto essas confer\u00eancias ainda est\u00e3o distantes das bases. Outro ponto \u00e9 que, mesmo sendo espa\u00e7os de negocia\u00e7\u00e3o global, muitas decis\u00f5es s\u00e3o atravessadas por lobbies econ\u00f4micos e interesses pol\u00edticos. O financiamento clim\u00e1tico, por exemplo, est\u00e1 muito aqu\u00e9m do prometido, e isso compromete a vida das comunidades que dependem desses recursos.<\/p>\n<p><strong>Quais os principais entraves que impedem povos e comunidades tradicionais de serem ouvidos nas COPs?<\/strong><\/p>\n<p>O primeiro entrave \u00e9 estrutural: essas confer\u00eancias n\u00e3o foram pensadas para incluir de verdade as vozes ind\u00edgenas, quilombolas e ribeirinhas. S\u00e3o espa\u00e7os muito t\u00e9cnicos, dominados por governos e corpora\u00e7\u00f5es. Outro ponto \u00e9 a falta de financiamento adequado para garantir que essas popula\u00e7\u00f5es participem. Sem recursos, fica dif\u00edcil levar representantes das comunidades at\u00e9 esses espa\u00e7os.<\/p>\n<p><strong>E qual \u00e9 o papel da sociedade civil nesse cen\u00e1rio?<\/strong><\/p>\n<p>\u00c9 fundamental. S\u00e3o os movimentos sociais, as organiza\u00e7\u00f5es comunit\u00e1rias e redes como a nossa que pressionam para que a pauta clim\u00e1tica n\u00e3o seja capturada apenas pelos interesses de mercado. A sociedade civil \u00e9 quem tem a capacidade de aproximar o debate global da realidade local.<\/p>\n<p><strong>O que significa para voc\u00ea a COP30 acontecer em Bel\u00e9m, no cora\u00e7\u00e3o da Amaz\u00f4nia?<\/strong><\/p>\n<p>\u00c9 hist\u00f3rico. Pela primeira vez a Amaz\u00f4nia ser\u00e1 o centro das negocia\u00e7\u00f5es clim\u00e1ticas. Isso traz uma oportunidade \u00fanica de dar protagonismo aos povos que vivem na regi\u00e3o, mas tamb\u00e9m um risco: o risco de a confer\u00eancia se transformar em apenas um grande palco, sem mudan\u00e7as concretas. O desafio \u00e9 garantir que n\u00e3o seja uma COP de marketing, mas uma COP de compromissos reais.<\/p>\n<p><strong>Que expectativas voc\u00ea tem para a COP30?<\/strong><\/p>\n<p>Minha expectativa \u00e9 que seja um marco para a participa\u00e7\u00e3o popular. Que ind\u00edgenas, quilombolas, ribeirinhos e comunidades tradicionais n\u00e3o sejam apenas convidados a falar, mas que estejam no centro das decis\u00f5es. \u00c9 hora de reconhecer que s\u00e3o eles os verdadeiros guardi\u00f5es da floresta e do clima.<\/p>\n<p><strong>E qual o legado que voc\u00ea espera deixar com esses boletins?<\/strong><\/p>\n<p>Queremos que sirvam como ferramenta de forma\u00e7\u00e3o e de mobiliza\u00e7\u00e3o. Que ajudem as comunidades a entender como funcionam as COPs e a se preparar para participar delas de forma cr\u00edtica e ativa. O boletim n\u00e3o \u00e9 s\u00f3 para explicar, mas para fortalecer uma agenda coletiva que vai muito al\u00e9m da COP30.<\/p>\n<hr \/>\n<p><em>Melissa Galdino \/Sefras<\/em><\/p>\n","protected":false},"excerpt":{"rendered":"<p>Parcerias em prepara\u00e7\u00e3o \u00e0 COP30<\/p>\n","protected":false},"author":11,"featured_media":259877,"comment_status":"open","ping_status":"open","sticky":false,"template":"","format":"standard","meta":[],"categories":[1],"tags":[2346,2348,228],"acf":[],"yoast_head":"<!-- This site is optimized with the Yoast SEO plugin v19.2 - https:\/\/yoast.com\/wordpress\/plugins\/seo\/ -->\n<title>O que n\u00e3o te contam sobre a COP30: Sefras lan\u00e7a boletim sobre o tema - Not\u00edcias - Franciscanos<\/title>\n<meta name=\"robots\" content=\"index, follow, max-snippet:-1, max-image-preview:large, max-video-preview:-1\" \/>\n<link rel=\"canonical\" href=\"https:\/\/franciscanos.org.br\/noticias\/o-que-nao-te-contam-sobre-a-cop30-sefras-lanca-boletim-sobre-o-tema.html\" \/>\n<meta property=\"og:locale\" content=\"pt_BR\" \/>\n<meta property=\"og:type\" content=\"article\" \/>\n<meta property=\"og:title\" content=\"O que n\u00e3o te contam sobre a COP30: Sefras lan\u00e7a boletim sobre o tema - Not\u00edcias - Franciscanos\" \/>\n<meta property=\"og:description\" content=\"Parcerias em prepara\u00e7\u00e3o \u00e0 COP30\" \/>\n<meta property=\"og:url\" content=\"https:\/\/franciscanos.org.br\/noticias\/o-que-nao-te-contam-sobre-a-cop30-sefras-lanca-boletim-sobre-o-tema.html\" \/>\n<meta property=\"og:site_name\" content=\"Not\u00edcias - Franciscanos\" \/>\n<meta property=\"article:published_time\" content=\"2025-09-05T14:44:07+00:00\" \/>\n<meta property=\"article:modified_time\" content=\"2025-09-05T14:50:53+00:00\" \/>\n<meta property=\"og:image\" content=\"https:\/\/franciscanos.org.br\/noticias\/wp-content\/uploads\/2025\/09\/chamada-cop.jpg\" \/>\n\t<meta property=\"og:image:width\" content=\"800\" \/>\n\t<meta property=\"og:image:height\" content=\"550\" \/>\n\t<meta property=\"og:image:type\" content=\"image\/jpeg\" \/>\n<meta name=\"author\" content=\"Adriana Rabelo\" \/>\n<meta name=\"twitter:card\" content=\"summary_large_image\" \/>\n<meta name=\"twitter:label1\" content=\"Escrito por\" \/>\n\t<meta name=\"twitter:data1\" content=\"Adriana Rabelo\" \/>\n\t<meta name=\"twitter:label2\" content=\"Est. tempo de leitura\" \/>\n\t<meta name=\"twitter:data2\" content=\"6 minutos\" \/>\n<script type=\"application\/ld+json\" class=\"yoast-schema-graph\">{\"@context\":\"https:\/\/schema.org\",\"@graph\":[{\"@type\":\"WebSite\",\"@id\":\"https:\/\/franciscanos.org.br\/noticias\/#website\",\"url\":\"https:\/\/franciscanos.org.br\/noticias\/\",\"name\":\"Not\u00edcias - Franciscanos\",\"description\":\"Prov\u00edncia Franciscana da Imaculada Concei\u00e7\u00e3o do Brasil - Ordem dos Frades Menores - OFM\",\"potentialAction\":[{\"@type\":\"SearchAction\",\"target\":{\"@type\":\"EntryPoint\",\"urlTemplate\":\"https:\/\/franciscanos.org.br\/noticias\/?s={search_term_string}\"},\"query-input\":\"required name=search_term_string\"}],\"inLanguage\":\"pt-BR\"},{\"@type\":\"ImageObject\",\"inLanguage\":\"pt-BR\",\"@id\":\"https:\/\/franciscanos.org.br\/noticias\/o-que-nao-te-contam-sobre-a-cop30-sefras-lanca-boletim-sobre-o-tema.html#primaryimage\",\"url\":\"https:\/\/franciscanos.org.br\/noticias\/wp-content\/uploads\/2025\/09\/chamada-cop.jpg\",\"contentUrl\":\"https:\/\/franciscanos.org.br\/noticias\/wp-content\/uploads\/2025\/09\/chamada-cop.jpg\",\"width\":800,\"height\":550},{\"@type\":\"WebPage\",\"@id\":\"https:\/\/franciscanos.org.br\/noticias\/o-que-nao-te-contam-sobre-a-cop30-sefras-lanca-boletim-sobre-o-tema.html#webpage\",\"url\":\"https:\/\/franciscanos.org.br\/noticias\/o-que-nao-te-contam-sobre-a-cop30-sefras-lanca-boletim-sobre-o-tema.html\",\"name\":\"O que n\u00e3o te contam sobre a COP30: Sefras lan\u00e7a boletim sobre o tema - Not\u00edcias - Franciscanos\",\"isPartOf\":{\"@id\":\"https:\/\/franciscanos.org.br\/noticias\/#website\"},\"primaryImageOfPage\":{\"@id\":\"https:\/\/franciscanos.org.br\/noticias\/o-que-nao-te-contam-sobre-a-cop30-sefras-lanca-boletim-sobre-o-tema.html#primaryimage\"},\"datePublished\":\"2025-09-05T14:44:07+00:00\",\"dateModified\":\"2025-09-05T14:50:53+00:00\",\"author\":{\"@id\":\"https:\/\/franciscanos.org.br\/noticias\/#\/schema\/person\/d9422e83121c3ad3b0f423d195f5bb25\"},\"breadcrumb\":{\"@id\":\"https:\/\/franciscanos.org.br\/noticias\/o-que-nao-te-contam-sobre-a-cop30-sefras-lanca-boletim-sobre-o-tema.html#breadcrumb\"},\"inLanguage\":\"pt-BR\",\"potentialAction\":[{\"@type\":\"ReadAction\",\"target\":[\"https:\/\/franciscanos.org.br\/noticias\/o-que-nao-te-contam-sobre-a-cop30-sefras-lanca-boletim-sobre-o-tema.html\"]}]},{\"@type\":\"BreadcrumbList\",\"@id\":\"https:\/\/franciscanos.org.br\/noticias\/o-que-nao-te-contam-sobre-a-cop30-sefras-lanca-boletim-sobre-o-tema.html#breadcrumb\",\"itemListElement\":[{\"@type\":\"ListItem\",\"position\":1,\"name\":\"Home\",\"item\":\"https:\/\/franciscanos.org.br\/noticias\"},{\"@type\":\"ListItem\",\"position\":2,\"name\":\"O que n\u00e3o te contam sobre a COP30: Sefras lan\u00e7a boletim sobre o tema\"}]},{\"@type\":\"Person\",\"@id\":\"https:\/\/franciscanos.org.br\/noticias\/#\/schema\/person\/d9422e83121c3ad3b0f423d195f5bb25\",\"name\":\"Adriana Rabelo\",\"image\":{\"@type\":\"ImageObject\",\"inLanguage\":\"pt-BR\",\"@id\":\"https:\/\/franciscanos.org.br\/noticias\/#\/schema\/person\/image\/\",\"url\":\"https:\/\/secure.gravatar.com\/avatar\/0a937b7500cd7df77540cfb8bede877d?s=96&d=mm&r=g\",\"contentUrl\":\"https:\/\/secure.gravatar.com\/avatar\/0a937b7500cd7df77540cfb8bede877d?s=96&d=mm&r=g\",\"caption\":\"Adriana Rabelo\"},\"url\":\"https:\/\/franciscanos.org.br\/noticias\/author\/adrianarabelo\"}]}<\/script>\n<!-- \/ Yoast SEO plugin. -->","yoast_head_json":{"title":"O que n\u00e3o te contam sobre a COP30: Sefras lan\u00e7a boletim sobre o tema - Not\u00edcias - Franciscanos","robots":{"index":"index","follow":"follow","max-snippet":"max-snippet:-1","max-image-preview":"max-image-preview:large","max-video-preview":"max-video-preview:-1"},"canonical":"https:\/\/franciscanos.org.br\/noticias\/o-que-nao-te-contam-sobre-a-cop30-sefras-lanca-boletim-sobre-o-tema.html","og_locale":"pt_BR","og_type":"article","og_title":"O que n\u00e3o te contam sobre a COP30: Sefras lan\u00e7a boletim sobre o tema - Not\u00edcias - Franciscanos","og_description":"Parcerias em prepara\u00e7\u00e3o \u00e0 COP30","og_url":"https:\/\/franciscanos.org.br\/noticias\/o-que-nao-te-contam-sobre-a-cop30-sefras-lanca-boletim-sobre-o-tema.html","og_site_name":"Not\u00edcias - Franciscanos","article_published_time":"2025-09-05T14:44:07+00:00","article_modified_time":"2025-09-05T14:50:53+00:00","og_image":[{"width":800,"height":550,"url":"https:\/\/franciscanos.org.br\/noticias\/wp-content\/uploads\/2025\/09\/chamada-cop.jpg","type":"image\/jpeg"}],"author":"Adriana Rabelo","twitter_card":"summary_large_image","twitter_misc":{"Escrito por":"Adriana Rabelo","Est. tempo de leitura":"6 minutos"},"schema":{"@context":"https:\/\/schema.org","@graph":[{"@type":"WebSite","@id":"https:\/\/franciscanos.org.br\/noticias\/#website","url":"https:\/\/franciscanos.org.br\/noticias\/","name":"Not\u00edcias - Franciscanos","description":"Prov\u00edncia Franciscana da Imaculada Concei\u00e7\u00e3o do Brasil - Ordem dos Frades Menores - OFM","potentialAction":[{"@type":"SearchAction","target":{"@type":"EntryPoint","urlTemplate":"https:\/\/franciscanos.org.br\/noticias\/?s={search_term_string}"},"query-input":"required name=search_term_string"}],"inLanguage":"pt-BR"},{"@type":"ImageObject","inLanguage":"pt-BR","@id":"https:\/\/franciscanos.org.br\/noticias\/o-que-nao-te-contam-sobre-a-cop30-sefras-lanca-boletim-sobre-o-tema.html#primaryimage","url":"https:\/\/franciscanos.org.br\/noticias\/wp-content\/uploads\/2025\/09\/chamada-cop.jpg","contentUrl":"https:\/\/franciscanos.org.br\/noticias\/wp-content\/uploads\/2025\/09\/chamada-cop.jpg","width":800,"height":550},{"@type":"WebPage","@id":"https:\/\/franciscanos.org.br\/noticias\/o-que-nao-te-contam-sobre-a-cop30-sefras-lanca-boletim-sobre-o-tema.html#webpage","url":"https:\/\/franciscanos.org.br\/noticias\/o-que-nao-te-contam-sobre-a-cop30-sefras-lanca-boletim-sobre-o-tema.html","name":"O que n\u00e3o te contam sobre a COP30: Sefras lan\u00e7a boletim sobre o tema - Not\u00edcias - Franciscanos","isPartOf":{"@id":"https:\/\/franciscanos.org.br\/noticias\/#website"},"primaryImageOfPage":{"@id":"https:\/\/franciscanos.org.br\/noticias\/o-que-nao-te-contam-sobre-a-cop30-sefras-lanca-boletim-sobre-o-tema.html#primaryimage"},"datePublished":"2025-09-05T14:44:07+00:00","dateModified":"2025-09-05T14:50:53+00:00","author":{"@id":"https:\/\/franciscanos.org.br\/noticias\/#\/schema\/person\/d9422e83121c3ad3b0f423d195f5bb25"},"breadcrumb":{"@id":"https:\/\/franciscanos.org.br\/noticias\/o-que-nao-te-contam-sobre-a-cop30-sefras-lanca-boletim-sobre-o-tema.html#breadcrumb"},"inLanguage":"pt-BR","potentialAction":[{"@type":"ReadAction","target":["https:\/\/franciscanos.org.br\/noticias\/o-que-nao-te-contam-sobre-a-cop30-sefras-lanca-boletim-sobre-o-tema.html"]}]},{"@type":"BreadcrumbList","@id":"https:\/\/franciscanos.org.br\/noticias\/o-que-nao-te-contam-sobre-a-cop30-sefras-lanca-boletim-sobre-o-tema.html#breadcrumb","itemListElement":[{"@type":"ListItem","position":1,"name":"Home","item":"https:\/\/franciscanos.org.br\/noticias"},{"@type":"ListItem","position":2,"name":"O que n\u00e3o te contam sobre a COP30: Sefras lan\u00e7a boletim sobre o tema"}]},{"@type":"Person","@id":"https:\/\/franciscanos.org.br\/noticias\/#\/schema\/person\/d9422e83121c3ad3b0f423d195f5bb25","name":"Adriana Rabelo","image":{"@type":"ImageObject","inLanguage":"pt-BR","@id":"https:\/\/franciscanos.org.br\/noticias\/#\/schema\/person\/image\/","url":"https:\/\/secure.gravatar.com\/avatar\/0a937b7500cd7df77540cfb8bede877d?s=96&d=mm&r=g","contentUrl":"https:\/\/secure.gravatar.com\/avatar\/0a937b7500cd7df77540cfb8bede877d?s=96&d=mm&r=g","caption":"Adriana Rabelo"},"url":"https:\/\/franciscanos.org.br\/noticias\/author\/adrianarabelo"}]}},"_links":{"self":[{"href":"https:\/\/franciscanos.org.br\/noticias\/wp-json\/wp\/v2\/posts\/259876"}],"collection":[{"href":"https:\/\/franciscanos.org.br\/noticias\/wp-json\/wp\/v2\/posts"}],"about":[{"href":"https:\/\/franciscanos.org.br\/noticias\/wp-json\/wp\/v2\/types\/post"}],"author":[{"embeddable":true,"href":"https:\/\/franciscanos.org.br\/noticias\/wp-json\/wp\/v2\/users\/11"}],"replies":[{"embeddable":true,"href":"https:\/\/franciscanos.org.br\/noticias\/wp-json\/wp\/v2\/comments?post=259876"}],"version-history":[{"count":4,"href":"https:\/\/franciscanos.org.br\/noticias\/wp-json\/wp\/v2\/posts\/259876\/revisions"}],"predecessor-version":[{"id":259884,"href":"https:\/\/franciscanos.org.br\/noticias\/wp-json\/wp\/v2\/posts\/259876\/revisions\/259884"}],"wp:featuredmedia":[{"embeddable":true,"href":"https:\/\/franciscanos.org.br\/noticias\/wp-json\/wp\/v2\/media\/259877"}],"wp:attachment":[{"href":"https:\/\/franciscanos.org.br\/noticias\/wp-json\/wp\/v2\/media?parent=259876"}],"wp:term":[{"taxonomy":"category","embeddable":true,"href":"https:\/\/franciscanos.org.br\/noticias\/wp-json\/wp\/v2\/categories?post=259876"},{"taxonomy":"post_tag","embeddable":true,"href":"https:\/\/franciscanos.org.br\/noticias\/wp-json\/wp\/v2\/tags?post=259876"}],"curies":[{"name":"wp","href":"https:\/\/api.w.org\/{rel}","templated":true}]}}