{"id":25986,"date":"2012-10-08T09:34:53","date_gmt":"2012-10-08T12:34:53","guid":{"rendered":"http:\/\/new.franciscanos.org.br\/?p=25986"},"modified":"2020-11-10T13:08:15","modified_gmt":"2020-11-10T16:08:15","slug":"sao-francisco-e-celebrado-com-grande-festa-em-nilopolis","status":"publish","type":"post","link":"https:\/\/franciscanos.org.br\/noticias\/sao-francisco-e-celebrado-com-grande-festa-em-nilopolis.html","title":{"rendered":"S\u00e3o Francisco \u00e9 celebrado com grande festa em Nil\u00f3polis"},"content":{"rendered":"<p><strong><img loading=\"lazy\" class=\"alignright size-full wp-image-25987\" title=\"3773_081012\" src=\"http:\/\/franciscanos.org.br\/wp-content\/uploads\/2012\/10\/3773_081012.jpg\" alt=\"\" width=\"400\" height=\"300\" \/><\/strong>O Dia de S\u00e3o Francisco de Assis foi celebrado com muita festa em Nil\u00f3polis a come\u00e7ar pela B\u00ean\u00e7\u00e3o aos Animais realizada na entrada Par\u00f3quia Nossa Senhora Aparecida de Nil\u00f3polis (RJ), que reuniu um grande n\u00famero de fi\u00e9is que trouxeram seus animais de estima\u00e7\u00e3o para serem aben\u00e7oados pelos frades.<\/p>\n<p>Antes de ministrar a b\u00ean\u00e7\u00e3o, frei Cl\u00e1udio C\u00e9sar lembrou aos fi\u00e9is que o rito da B\u00ean\u00e7\u00e3o aos Animais revela a bondade de Deus em criar tudo bom para os seres humanos. Frei Cl\u00e1udio tamb\u00e9m apresentou S\u00e3o Francisco como algu\u00e9m que \u00e9 totalmente reconciliado com todas as criaturas e com Deus e destacou que os animais, por divina provid\u00eancia do Criador, participam, de certo modo, da vida dos seres humanos, pois prestam aux\u00edlio no trabalho, servem de alimento e at\u00e9 mesmo de distra\u00e7\u00e3o no conv\u00edvio familiar.<\/p>\n<p>\u00c0 noite, a Fam\u00edlia Franciscana de Nil\u00f3polis, paroquianos e devotos celebraram com grande alegria e devo\u00e7\u00e3o a solene Festa de S\u00e3o Francisco de Assis. A celebra\u00e7\u00e3o foi realizada durante a novena em prepara\u00e7\u00e3o para a festa da padroeira Nossa Senhora Aparecida, padroeira do Brasil, que tem como tema \u201cCom a M\u00e3e Aparecida acolhemos Jesus, nossa alegria\u201d.<\/p>\n<p>A celebra\u00e7\u00e3o foi presidida pelo frei Paulo Santana, OFM, e concelebrada pelos freis Jaci Zolet, OFM, e Cl\u00e1udio C\u00e9sar Siqueira, OFM. Frei Paulo Santana colocou entre as inten\u00e7\u00f5es da Missa o pedido de ora\u00e7\u00f5es pela recupera\u00e7\u00e3o da sa\u00fade do frei Jos\u00e9 Monteiro e em a\u00e7\u00e3o de gra\u00e7as pelos 45 anos de vida fraterna da Fraternidade Nossa Senhora Aparecida, da Ordem Franciscana Secular (OFS).<\/p>\n<p>Ap\u00f3s a prociss\u00e3o que entronizou a cruz s\u00edmbolo da Jornada Mundial da Juventude 2013 e as imagens de S\u00e3o Francisco de Assis e de Nossa Senhora Aparecida, os fi\u00e9is caminharam em prociss\u00e3o at\u00e9 o altar e ofertaram \u00f3leo de cozinha para as cestas b\u00e1sicas que s\u00e3o doadas pela par\u00f3quia como gesto de compromisso crist\u00e3o da festa.<\/p>\n<p>Em sua homilia, frei Jaci falou que S\u00e3o Francisco suscita no mundo e em diferentes \u00e9pocas grande admira\u00e7\u00e3o entre os grandes l\u00edderes da Igreja e da humanidade, fato que o faz ultrapassar as fronteiras da Igreja e pertencer ao mundo inteiro. Francisco foi eleito pela revista <em>Time <\/em>como o homem do mil\u00eanio, mesmo se confessando um homem in\u00fatil e indigna criatura de Deus, Nosso Senhor. Frei Jaci destacou que o fasc\u00ednio que Francisco desperta em todos \u00e9 fruto da sua experi\u00eancia profunda do amor misericordioso de Deus, da sua pobreza que o torna livre para amar de todo o cora\u00e7\u00e3o os irm\u00e3os e toda a obra da Cria\u00e7\u00e3o, pois os considera como frutos do imenso amor de Deus por n\u00f3s.<\/p>\n<p>Outro elemento forte que real\u00e7a a imagem de Francisco \u00e9 a paz que o torna algu\u00e9m especial por seu esfor\u00e7o em prol do di\u00e1logo e da conviv\u00eancia entre as diferen\u00e7as. O exemplo de S\u00e3o Francisco leva-nos a nos libertar dos sentimentos e das pr\u00e1ticas marcadas pelo \u00f3dio e do desamor, pois somente algu\u00e9m que est\u00e1 cheio de Deus \u00e9 capaz de promover o bem. Frei Jaci encerrou sua homilia exortando a todos para que se tornem verdadeiros franciscanos, a exemplo do pr\u00f3prio S\u00e3o Francisco, que nos ensina a amar, a cuidar da ecologia e a ser agentes de paz nas nossas fam\u00edlias e comunidades.<\/p>\n<p>No encerramento da celebra\u00e7\u00e3o os irm\u00e3os da Fraternidade Nossa Senhora Aparecida (OFS) e da JUFRA apresentaram uma pe\u00e7a teatral que retratou com muita emo\u00e7\u00e3o o cuidado especial que Francisco e Clara de Assis tinham com os leprosos e pobres de seu tempo. A encena\u00e7\u00e3o resgata o sentimento materno de Maria que serviu de modelo para todos os membros da Fam\u00edlia Franciscana que ouvindo o chamado do Senhor seguiram o Evangelho de Jesus Cristo nos passos de S\u00e3o Francisco.<\/p>\n<p>A celebra\u00e7\u00e3o foi encerrada com a comemora\u00e7\u00e3o dos aniversariantes e a tradicional B\u00ean\u00e7\u00e3o de S\u00e3o Francisco. Ap\u00f3s a Missa, os fi\u00e9is ainda experimentaram momentos de conv\u00edvio fraterno com as irm\u00e3s da barraca do pastel que felizes serviam os irm\u00e3os com muito carinho e testemunhando a todos o amor a Nossa Senhora Aparecida e a S\u00e3o Francisco de Assis.<\/p>\n","protected":false},"excerpt":{"rendered":"<p>Festa de S\u00e3o Francisco <\/p>\n","protected":false},"author":1,"featured_media":213388,"comment_status":"closed","ping_status":"open","sticky":false,"template":"","format":"standard","meta":[],"categories":[1],"tags":[],"acf":[],"yoast_head":"<!-- This site is optimized with the Yoast SEO plugin v19.2 - https:\/\/yoast.com\/wordpress\/plugins\/seo\/ -->\n<title>S\u00e3o Francisco \u00e9 celebrado com grande festa em Nil\u00f3polis - Not\u00edcias - Franciscanos<\/title>\n<meta name=\"robots\" content=\"index, follow, max-snippet:-1, max-image-preview:large, max-video-preview:-1\" \/>\n<link rel=\"canonical\" href=\"https:\/\/franciscanos.org.br\/noticias\/sao-francisco-e-celebrado-com-grande-festa-em-nilopolis.html\" \/>\n<meta property=\"og:locale\" content=\"pt_BR\" \/>\n<meta property=\"og:type\" content=\"article\" \/>\n<meta property=\"og:title\" content=\"S\u00e3o Francisco \u00e9 celebrado com grande festa em Nil\u00f3polis - Not\u00edcias - Franciscanos\" \/>\n<meta property=\"og:description\" content=\"Festa de S\u00e3o Francisco\" \/>\n<meta property=\"og:url\" content=\"https:\/\/franciscanos.org.br\/noticias\/sao-francisco-e-celebrado-com-grande-festa-em-nilopolis.html\" \/>\n<meta property=\"og:site_name\" content=\"Not\u00edcias - Franciscanos\" \/>\n<meta property=\"article:published_time\" content=\"2012-10-08T12:34:53+00:00\" \/>\n<meta property=\"article:modified_time\" content=\"2020-11-10T16:08:15+00:00\" \/>\n<meta property=\"og:image\" content=\"https:\/\/franciscanos.org.br\/noticias\/wp-content\/uploads\/2012\/10\/3773_081012.jpg\" \/>\n\t<meta property=\"og:image:width\" content=\"273\" \/>\n\t<meta property=\"og:image:height\" content=\"182\" \/>\n\t<meta property=\"og:image:type\" content=\"image\/jpeg\" \/>\n<meta name=\"author\" content=\"admin\" \/>\n<meta name=\"twitter:card\" content=\"summary_large_image\" \/>\n<meta name=\"twitter:label1\" content=\"Escrito por\" \/>\n\t<meta name=\"twitter:data1\" content=\"admin\" \/>\n\t<meta name=\"twitter:label2\" content=\"Est. tempo de leitura\" \/>\n\t<meta name=\"twitter:data2\" content=\"4 minutos\" \/>\n<script type=\"application\/ld+json\" class=\"yoast-schema-graph\">{\"@context\":\"https:\/\/schema.org\",\"@graph\":[{\"@type\":\"WebSite\",\"@id\":\"https:\/\/franciscanos.org.br\/noticias\/#website\",\"url\":\"https:\/\/franciscanos.org.br\/noticias\/\",\"name\":\"Not\u00edcias - Franciscanos\",\"description\":\"Prov\u00edncia Franciscana da Imaculada Concei\u00e7\u00e3o do Brasil - Ordem dos Frades Menores - OFM\",\"potentialAction\":[{\"@type\":\"SearchAction\",\"target\":{\"@type\":\"EntryPoint\",\"urlTemplate\":\"https:\/\/franciscanos.org.br\/noticias\/?s={search_term_string}\"},\"query-input\":\"required name=search_term_string\"}],\"inLanguage\":\"pt-BR\"},{\"@type\":\"ImageObject\",\"inLanguage\":\"pt-BR\",\"@id\":\"https:\/\/franciscanos.org.br\/noticias\/sao-francisco-e-celebrado-com-grande-festa-em-nilopolis.html#primaryimage\",\"url\":\"https:\/\/franciscanos.org.br\/noticias\/wp-content\/uploads\/2012\/10\/3773_081012.jpg\",\"contentUrl\":\"https:\/\/franciscanos.org.br\/noticias\/wp-content\/uploads\/2012\/10\/3773_081012.jpg\",\"width\":273,\"height\":182},{\"@type\":\"WebPage\",\"@id\":\"https:\/\/franciscanos.org.br\/noticias\/sao-francisco-e-celebrado-com-grande-festa-em-nilopolis.html#webpage\",\"url\":\"https:\/\/franciscanos.org.br\/noticias\/sao-francisco-e-celebrado-com-grande-festa-em-nilopolis.html\",\"name\":\"S\u00e3o Francisco \u00e9 celebrado com grande festa em Nil\u00f3polis - Not\u00edcias - Franciscanos\",\"isPartOf\":{\"@id\":\"https:\/\/franciscanos.org.br\/noticias\/#website\"},\"primaryImageOfPage\":{\"@id\":\"https:\/\/franciscanos.org.br\/noticias\/sao-francisco-e-celebrado-com-grande-festa-em-nilopolis.html#primaryimage\"},\"datePublished\":\"2012-10-08T12:34:53+00:00\",\"dateModified\":\"2020-11-10T16:08:15+00:00\",\"author\":{\"@id\":\"https:\/\/franciscanos.org.br\/noticias\/#\/schema\/person\/b38fbf43118f02820bd932f2e4b14ad3\"},\"breadcrumb\":{\"@id\":\"https:\/\/franciscanos.org.br\/noticias\/sao-francisco-e-celebrado-com-grande-festa-em-nilopolis.html#breadcrumb\"},\"inLanguage\":\"pt-BR\",\"potentialAction\":[{\"@type\":\"ReadAction\",\"target\":[\"https:\/\/franciscanos.org.br\/noticias\/sao-francisco-e-celebrado-com-grande-festa-em-nilopolis.html\"]}]},{\"@type\":\"BreadcrumbList\",\"@id\":\"https:\/\/franciscanos.org.br\/noticias\/sao-francisco-e-celebrado-com-grande-festa-em-nilopolis.html#breadcrumb\",\"itemListElement\":[{\"@type\":\"ListItem\",\"position\":1,\"name\":\"Home\",\"item\":\"https:\/\/franciscanos.org.br\/noticias\"},{\"@type\":\"ListItem\",\"position\":2,\"name\":\"S\u00e3o Francisco \u00e9 celebrado com grande festa em Nil\u00f3polis\"}]},{\"@type\":\"Person\",\"@id\":\"https:\/\/franciscanos.org.br\/noticias\/#\/schema\/person\/b38fbf43118f02820bd932f2e4b14ad3\",\"name\":\"admin\",\"image\":{\"@type\":\"ImageObject\",\"inLanguage\":\"pt-BR\",\"@id\":\"https:\/\/franciscanos.org.br\/noticias\/#\/schema\/person\/image\/\",\"url\":\"https:\/\/secure.gravatar.com\/avatar\/e8495742d34d0ba6448ea1c628263b3e?s=96&d=mm&r=g\",\"contentUrl\":\"https:\/\/secure.gravatar.com\/avatar\/e8495742d34d0ba6448ea1c628263b3e?s=96&d=mm&r=g\",\"caption\":\"admin\"},\"url\":\"https:\/\/franciscanos.org.br\/noticias\/author\/admin\"}]}<\/script>\n<!-- \/ Yoast SEO plugin. -->","yoast_head_json":{"title":"S\u00e3o Francisco \u00e9 celebrado com grande festa em Nil\u00f3polis - Not\u00edcias - Franciscanos","robots":{"index":"index","follow":"follow","max-snippet":"max-snippet:-1","max-image-preview":"max-image-preview:large","max-video-preview":"max-video-preview:-1"},"canonical":"https:\/\/franciscanos.org.br\/noticias\/sao-francisco-e-celebrado-com-grande-festa-em-nilopolis.html","og_locale":"pt_BR","og_type":"article","og_title":"S\u00e3o Francisco \u00e9 celebrado com grande festa em Nil\u00f3polis - Not\u00edcias - Franciscanos","og_description":"Festa de S\u00e3o Francisco","og_url":"https:\/\/franciscanos.org.br\/noticias\/sao-francisco-e-celebrado-com-grande-festa-em-nilopolis.html","og_site_name":"Not\u00edcias - Franciscanos","article_published_time":"2012-10-08T12:34:53+00:00","article_modified_time":"2020-11-10T16:08:15+00:00","og_image":[{"width":273,"height":182,"url":"https:\/\/franciscanos.org.br\/noticias\/wp-content\/uploads\/2012\/10\/3773_081012.jpg","type":"image\/jpeg"}],"author":"admin","twitter_card":"summary_large_image","twitter_misc":{"Escrito por":"admin","Est. tempo de leitura":"4 minutos"},"schema":{"@context":"https:\/\/schema.org","@graph":[{"@type":"WebSite","@id":"https:\/\/franciscanos.org.br\/noticias\/#website","url":"https:\/\/franciscanos.org.br\/noticias\/","name":"Not\u00edcias - Franciscanos","description":"Prov\u00edncia Franciscana da Imaculada Concei\u00e7\u00e3o do Brasil - Ordem dos Frades Menores - OFM","potentialAction":[{"@type":"SearchAction","target":{"@type":"EntryPoint","urlTemplate":"https:\/\/franciscanos.org.br\/noticias\/?s={search_term_string}"},"query-input":"required name=search_term_string"}],"inLanguage":"pt-BR"},{"@type":"ImageObject","inLanguage":"pt-BR","@id":"https:\/\/franciscanos.org.br\/noticias\/sao-francisco-e-celebrado-com-grande-festa-em-nilopolis.html#primaryimage","url":"https:\/\/franciscanos.org.br\/noticias\/wp-content\/uploads\/2012\/10\/3773_081012.jpg","contentUrl":"https:\/\/franciscanos.org.br\/noticias\/wp-content\/uploads\/2012\/10\/3773_081012.jpg","width":273,"height":182},{"@type":"WebPage","@id":"https:\/\/franciscanos.org.br\/noticias\/sao-francisco-e-celebrado-com-grande-festa-em-nilopolis.html#webpage","url":"https:\/\/franciscanos.org.br\/noticias\/sao-francisco-e-celebrado-com-grande-festa-em-nilopolis.html","name":"S\u00e3o Francisco \u00e9 celebrado com grande festa em Nil\u00f3polis - Not\u00edcias - Franciscanos","isPartOf":{"@id":"https:\/\/franciscanos.org.br\/noticias\/#website"},"primaryImageOfPage":{"@id":"https:\/\/franciscanos.org.br\/noticias\/sao-francisco-e-celebrado-com-grande-festa-em-nilopolis.html#primaryimage"},"datePublished":"2012-10-08T12:34:53+00:00","dateModified":"2020-11-10T16:08:15+00:00","author":{"@id":"https:\/\/franciscanos.org.br\/noticias\/#\/schema\/person\/b38fbf43118f02820bd932f2e4b14ad3"},"breadcrumb":{"@id":"https:\/\/franciscanos.org.br\/noticias\/sao-francisco-e-celebrado-com-grande-festa-em-nilopolis.html#breadcrumb"},"inLanguage":"pt-BR","potentialAction":[{"@type":"ReadAction","target":["https:\/\/franciscanos.org.br\/noticias\/sao-francisco-e-celebrado-com-grande-festa-em-nilopolis.html"]}]},{"@type":"BreadcrumbList","@id":"https:\/\/franciscanos.org.br\/noticias\/sao-francisco-e-celebrado-com-grande-festa-em-nilopolis.html#breadcrumb","itemListElement":[{"@type":"ListItem","position":1,"name":"Home","item":"https:\/\/franciscanos.org.br\/noticias"},{"@type":"ListItem","position":2,"name":"S\u00e3o Francisco \u00e9 celebrado com grande festa em Nil\u00f3polis"}]},{"@type":"Person","@id":"https:\/\/franciscanos.org.br\/noticias\/#\/schema\/person\/b38fbf43118f02820bd932f2e4b14ad3","name":"admin","image":{"@type":"ImageObject","inLanguage":"pt-BR","@id":"https:\/\/franciscanos.org.br\/noticias\/#\/schema\/person\/image\/","url":"https:\/\/secure.gravatar.com\/avatar\/e8495742d34d0ba6448ea1c628263b3e?s=96&d=mm&r=g","contentUrl":"https:\/\/secure.gravatar.com\/avatar\/e8495742d34d0ba6448ea1c628263b3e?s=96&d=mm&r=g","caption":"admin"},"url":"https:\/\/franciscanos.org.br\/noticias\/author\/admin"}]}},"_links":{"self":[{"href":"https:\/\/franciscanos.org.br\/noticias\/wp-json\/wp\/v2\/posts\/25986"}],"collection":[{"href":"https:\/\/franciscanos.org.br\/noticias\/wp-json\/wp\/v2\/posts"}],"about":[{"href":"https:\/\/franciscanos.org.br\/noticias\/wp-json\/wp\/v2\/types\/post"}],"author":[{"embeddable":true,"href":"https:\/\/franciscanos.org.br\/noticias\/wp-json\/wp\/v2\/users\/1"}],"replies":[{"embeddable":true,"href":"https:\/\/franciscanos.org.br\/noticias\/wp-json\/wp\/v2\/comments?post=25986"}],"version-history":[{"count":1,"href":"https:\/\/franciscanos.org.br\/noticias\/wp-json\/wp\/v2\/posts\/25986\/revisions"}],"predecessor-version":[{"id":229167,"href":"https:\/\/franciscanos.org.br\/noticias\/wp-json\/wp\/v2\/posts\/25986\/revisions\/229167"}],"wp:featuredmedia":[{"embeddable":true,"href":"https:\/\/franciscanos.org.br\/noticias\/wp-json\/wp\/v2\/media\/213388"}],"wp:attachment":[{"href":"https:\/\/franciscanos.org.br\/noticias\/wp-json\/wp\/v2\/media?parent=25986"}],"wp:term":[{"taxonomy":"category","embeddable":true,"href":"https:\/\/franciscanos.org.br\/noticias\/wp-json\/wp\/v2\/categories?post=25986"},{"taxonomy":"post_tag","embeddable":true,"href":"https:\/\/franciscanos.org.br\/noticias\/wp-json\/wp\/v2\/tags?post=25986"}],"curies":[{"name":"wp","href":"https:\/\/api.w.org\/{rel}","templated":true}]}}