{"id":259827,"date":"2025-09-04T07:30:59","date_gmt":"2025-09-04T10:30:59","guid":{"rendered":"https:\/\/franciscanos.org.br\/noticias\/?p=259827"},"modified":"2025-09-04T13:25:15","modified_gmt":"2025-09-04T16:25:15","slug":"segunda-edicao-do-novinter-celebra-fraternidade-e-formacao-em-rodeio","status":"publish","type":"post","link":"https:\/\/franciscanos.org.br\/noticias\/segunda-edicao-do-novinter-celebra-fraternidade-e-formacao-em-rodeio.html","title":{"rendered":"Segunda edi\u00e7\u00e3o do \u201cNovinter\u201d celebra fraternidade e forma\u00e7\u00e3o em Rodeio"},"content":{"rendered":"<p><img loading=\"lazy\" class=\"aligncenter wp-image-259828 size-full\" src=\"https:\/\/franciscanos.org.br\/noticias\/wp-content\/uploads\/2025\/09\/materia-1-6.jpg\" alt=\"\" width=\"1280\" height=\"720\" srcset=\"https:\/\/franciscanos.org.br\/noticias\/wp-content\/uploads\/2025\/09\/materia-1-6.jpg 1280w, https:\/\/franciscanos.org.br\/noticias\/wp-content\/uploads\/2025\/09\/materia-1-6-450x253.jpg 450w, https:\/\/franciscanos.org.br\/noticias\/wp-content\/uploads\/2025\/09\/materia-1-6-1024x576.jpg 1024w, https:\/\/franciscanos.org.br\/noticias\/wp-content\/uploads\/2025\/09\/materia-1-6-768x432.jpg 768w, https:\/\/franciscanos.org.br\/noticias\/wp-content\/uploads\/2025\/09\/materia-1-6-150x84.jpg 150w\" sizes=\"(max-width: 1280px) 100vw, 1280px\" \/><\/p>\n<p>Na manh\u00e3 do dia 25 de agosto, no Noviciado S\u00e3o Jos\u00e9, em Rodeio (SC), deu-se in\u00edcio \u00e0 segunda edi\u00e7\u00e3o do NOVINTER, encontro que re\u00fane novi\u00e7os e mestres, organizado regionalmente segundo a \u201cConfer\u00eancia dos Religiosos (as) do Brasil\u201d (CRB). Estiveram presentes nesta edi\u00e7\u00e3o representantes da Ordem dos Frades Menores residentes na mesma localidade da realiza\u00e7\u00e3o da atividade; da Ordem dos Frades Menores Capuchinhos de Joinville; dos Sacerdotes do Cora\u00e7\u00e3o de Jesus de Jaragu\u00e1 do Sul; e das Irm\u00e3s Franciscanas do Apostolado Paroquial de Lages, todos de Santa Catarina.<\/p>\n<p>Conjuntamente, os mestres, organizadores do encontro, de acordo com a fraternidade anfitri\u00e3, elaboraram uma programa\u00e7\u00e3o que incluiu momentos lit\u00fargicos de ora\u00e7\u00e3o, forma\u00e7\u00e3o, conviv\u00eancia e confraterniza\u00e7\u00e3o entre os 27 novi\u00e7os.<\/p>\n<p>Certa feita, o Papa Francisco, em uma audi\u00eancia com o Col\u00e9gio Cardinal\u00edcio, na Sala Clementina do Pal\u00e1cio Apost\u00f3lico, disse no dia 15 de mar\u00e7o de 2013:<\/p>\n<p>\u201cEle, o Par\u00e1clito, \u00e9 o protagonista supremo de cada iniciativa e manifesta\u00e7\u00e3o de f\u00e9. Isto \u00e9 um fato curioso que me faz pensar! O Par\u00e1clito cria todas as diferen\u00e7as nas Igrejas, parecendo um ap\u00f3stolo de Babel. Mas, por outro lado, \u00e9 Ele quem cria a unidade dessas diferen\u00e7as, n\u00e3o na \u2018igualdade\u2019, mas na harmonia. Lembro-me de um Pai da Igreja que O definia assim: \u2018Ipse harmonia est\u2019. \u00c9 o Par\u00e1clito quem d\u00e1 a cada um de n\u00f3s os diversos carismas e nos une nesta comunidade da Igreja que adora ao Pai, ao Filho e ao Esp\u00edrito Santo\u201d.<\/p>\n\n\t\t<style type=\"text\/css\">\n\t\t\t#gallery-1 {\n\t\t\t\tmargin: auto;\n\t\t\t}\n\t\t\t#gallery-1 .gallery-item {\n\t\t\t\tfloat: left;\n\t\t\t\tmargin-top: 10px;\n\t\t\t\ttext-align: center;\n\t\t\t\twidth: 33%;\n\t\t\t}\n\t\t\t#gallery-1 img {\n\t\t\t\tborder: 2px solid #cfcfcf;\n\t\t\t}\n\t\t\t#gallery-1 .gallery-caption {\n\t\t\t\tmargin-left: 0;\n\t\t\t}\n\t\t\t\/* see gallery_shortcode() in wp-includes\/media.php *\/\n\t\t<\/style>\n\t\t<div id='gallery-1' class='gallery galleryid-259827 gallery-columns-3 gallery-size-thumbnail'><dl class='gallery-item'>\n\t\t\t<dt class='gallery-icon portrait'>\n\t\t\t\t<a href='https:\/\/franciscanos.org.br\/noticias\/wp-content\/uploads\/2025\/09\/IMG-20250904-WA0003.jpg'><img width=\"300\" height=\"300\" src=\"https:\/\/franciscanos.org.br\/noticias\/wp-content\/uploads\/2025\/09\/IMG-20250904-WA0003-300x300.jpg\" class=\"attachment-thumbnail size-thumbnail\" alt=\"\" loading=\"lazy\" srcset=\"https:\/\/franciscanos.org.br\/noticias\/wp-content\/uploads\/2025\/09\/IMG-20250904-WA0003-300x300.jpg 300w, https:\/\/franciscanos.org.br\/noticias\/wp-content\/uploads\/2025\/09\/IMG-20250904-WA0003-100x100.jpg 100w\" sizes=\"(max-width: 300px) 100vw, 300px\" \/><\/a>\n\t\t\t<\/dt><\/dl><dl class='gallery-item'>\n\t\t\t<dt class='gallery-icon portrait'>\n\t\t\t\t<a href='https:\/\/franciscanos.org.br\/noticias\/wp-content\/uploads\/2025\/09\/IMG-20250904-WA0008.jpg'><img width=\"300\" height=\"300\" src=\"https:\/\/franciscanos.org.br\/noticias\/wp-content\/uploads\/2025\/09\/IMG-20250904-WA0008-300x300.jpg\" class=\"attachment-thumbnail size-thumbnail\" alt=\"\" loading=\"lazy\" srcset=\"https:\/\/franciscanos.org.br\/noticias\/wp-content\/uploads\/2025\/09\/IMG-20250904-WA0008-300x300.jpg 300w, https:\/\/franciscanos.org.br\/noticias\/wp-content\/uploads\/2025\/09\/IMG-20250904-WA0008-100x100.jpg 100w\" sizes=\"(max-width: 300px) 100vw, 300px\" \/><\/a>\n\t\t\t<\/dt><\/dl><dl class='gallery-item'>\n\t\t\t<dt class='gallery-icon portrait'>\n\t\t\t\t<a href='https:\/\/franciscanos.org.br\/noticias\/wp-content\/uploads\/2025\/09\/IMG-20250904-WA0011.jpg'><img width=\"300\" height=\"300\" src=\"https:\/\/franciscanos.org.br\/noticias\/wp-content\/uploads\/2025\/09\/IMG-20250904-WA0011-300x300.jpg\" class=\"attachment-thumbnail size-thumbnail\" alt=\"\" loading=\"lazy\" srcset=\"https:\/\/franciscanos.org.br\/noticias\/wp-content\/uploads\/2025\/09\/IMG-20250904-WA0011-300x300.jpg 300w, https:\/\/franciscanos.org.br\/noticias\/wp-content\/uploads\/2025\/09\/IMG-20250904-WA0011-100x100.jpg 100w\" sizes=\"(max-width: 300px) 100vw, 300px\" \/><\/a>\n\t\t\t<\/dt><\/dl><br style=\"clear: both\" \/>\n\t\t<\/div>\n\n<p>O ambiente fraterno promoveu este encontro, no qual o Par\u00e1clito reuniu, nestes dias de Novinter, a diversidade e a riqueza dos carismas, todos anseando pelo mesmo: a unidade que a Trindade proporciona.<\/p>\n<p>A Liturgia das Horas e a Santa Missa foram celebradas na Igreja Matriz, acompanhadas do not\u00e1vel \u00f3rg\u00e3o de tubos que enriquece a beleza da capela e reflete o esp\u00edrito fraterno das fam\u00edlias religiosas. A imagem de Santa Clara de Assis permaneceu adornada e em destaque com flores no refeit\u00f3rio, pois, no m\u00eas de agosto, a \u201cFam\u00edlia Franciscana\u201d ao celebrar a festa de Santa Clara, considerada M\u00e3e dos Franciscanos, refor\u00e7a a ades\u00e3o ao chamado de Cristo. Como disse Santa Clara em seu Testamento: \u201cEntre os outros benef\u00edcios que temos recebido e ainda recebemos diariamente da generosidade do Pai de toda Miseric\u00f3rdia est\u00e1 a nossa voca\u00e7\u00e3o, que, quanto maior e mais perfeita, \u00e9 mais devida a Ele. \u201d<\/p>\n<p>O encontro teve como tema o Evangelho Segundo S\u00e3o Lucas, que vivenciamos neste ano lit\u00fargico C. O encontro foi assessorado por Mari Luzia Hammes, mestre em Teologia Sistem\u00e1tico Pastoral &#8211; especialmente B\u00edblia &#8211; pela PUCPR.<\/p>\n<p>Al\u00e9m das atividades formativas, houve momentos de esporte, lazer e confraterniza\u00e7\u00e3o com uma Festa Junina dos Religiosos, que enriqueceu o momento de conviv\u00eancia e descontra\u00e7\u00e3o.<\/p>\n\n\t\t<style type=\"text\/css\">\n\t\t\t#gallery-2 {\n\t\t\t\tmargin: auto;\n\t\t\t}\n\t\t\t#gallery-2 .gallery-item {\n\t\t\t\tfloat: left;\n\t\t\t\tmargin-top: 10px;\n\t\t\t\ttext-align: center;\n\t\t\t\twidth: 33%;\n\t\t\t}\n\t\t\t#gallery-2 img {\n\t\t\t\tborder: 2px solid #cfcfcf;\n\t\t\t}\n\t\t\t#gallery-2 .gallery-caption {\n\t\t\t\tmargin-left: 0;\n\t\t\t}\n\t\t\t\/* see gallery_shortcode() in wp-includes\/media.php *\/\n\t\t<\/style>\n\t\t<div id='gallery-2' class='gallery galleryid-259827 gallery-columns-3 gallery-size-thumbnail'><dl class='gallery-item'>\n\t\t\t<dt class='gallery-icon landscape'>\n\t\t\t\t<a href='https:\/\/franciscanos.org.br\/noticias\/wp-content\/uploads\/2025\/09\/Imagem-do-WhatsApp-de-2025-09-04-as-10.06.24_39392885.jpg'><img width=\"300\" height=\"300\" src=\"https:\/\/franciscanos.org.br\/noticias\/wp-content\/uploads\/2025\/09\/Imagem-do-WhatsApp-de-2025-09-04-as-10.06.24_39392885-300x300.jpg\" class=\"attachment-thumbnail size-thumbnail\" alt=\"\" loading=\"lazy\" srcset=\"https:\/\/franciscanos.org.br\/noticias\/wp-content\/uploads\/2025\/09\/Imagem-do-WhatsApp-de-2025-09-04-as-10.06.24_39392885-300x300.jpg 300w, https:\/\/franciscanos.org.br\/noticias\/wp-content\/uploads\/2025\/09\/Imagem-do-WhatsApp-de-2025-09-04-as-10.06.24_39392885-100x100.jpg 100w\" sizes=\"(max-width: 300px) 100vw, 300px\" \/><\/a>\n\t\t\t<\/dt><\/dl><dl class='gallery-item'>\n\t\t\t<dt class='gallery-icon landscape'>\n\t\t\t\t<a href='https:\/\/franciscanos.org.br\/noticias\/wp-content\/uploads\/2025\/09\/IMG-20250904-WA0004.jpg'><img width=\"300\" height=\"300\" src=\"https:\/\/franciscanos.org.br\/noticias\/wp-content\/uploads\/2025\/09\/IMG-20250904-WA0004-300x300.jpg\" class=\"attachment-thumbnail size-thumbnail\" alt=\"\" loading=\"lazy\" srcset=\"https:\/\/franciscanos.org.br\/noticias\/wp-content\/uploads\/2025\/09\/IMG-20250904-WA0004-300x300.jpg 300w, https:\/\/franciscanos.org.br\/noticias\/wp-content\/uploads\/2025\/09\/IMG-20250904-WA0004-100x100.jpg 100w\" sizes=\"(max-width: 300px) 100vw, 300px\" \/><\/a>\n\t\t\t<\/dt><\/dl><dl class='gallery-item'>\n\t\t\t<dt class='gallery-icon portrait'>\n\t\t\t\t<a href='https:\/\/franciscanos.org.br\/noticias\/wp-content\/uploads\/2025\/09\/Imagem-do-WhatsApp-de-2025-09-04-as-10.06.24_bc2aed33.jpg'><img width=\"300\" height=\"300\" src=\"https:\/\/franciscanos.org.br\/noticias\/wp-content\/uploads\/2025\/09\/Imagem-do-WhatsApp-de-2025-09-04-as-10.06.24_bc2aed33-300x300.jpg\" class=\"attachment-thumbnail size-thumbnail\" alt=\"\" loading=\"lazy\" srcset=\"https:\/\/franciscanos.org.br\/noticias\/wp-content\/uploads\/2025\/09\/Imagem-do-WhatsApp-de-2025-09-04-as-10.06.24_bc2aed33-300x300.jpg 300w, https:\/\/franciscanos.org.br\/noticias\/wp-content\/uploads\/2025\/09\/Imagem-do-WhatsApp-de-2025-09-04-as-10.06.24_bc2aed33-100x100.jpg 100w\" sizes=\"(max-width: 300px) 100vw, 300px\" \/><\/a>\n\t\t\t<\/dt><\/dl><br style=\"clear: both\" \/>\n\t\t<\/div>\n\n<p>O \u00faltimo dia do encontro, 29 de agosto, foi reservado para o retiro e avalia\u00e7\u00e3o no Convento das Irm\u00e3s Catequistas Franciscanas, com a oportunidade para conhecer o museu e o horto. Realizamos o retiro e avaliamos as propostas da semana, finalizando com a Celebra\u00e7\u00e3o Eucar\u00edstica. Ao retornar ao Noviciado S\u00e3o Jos\u00e9, tivemos um almo\u00e7o celebrativo, agradecimentos e a b\u00ean\u00e7\u00e3o para aqueles que seguiriam viagem para suas fraternidades.<\/p>\n<p>Em suma, a 2\u00aa edi\u00e7\u00e3o do Novinter promoveu um verdadeiro encontro de irm\u00e3os e irm\u00e3s que buscam seguir as pegadas do Cristo Pobre, Crucificado e Ressuscitado.<\/p>\n<p>Os diferentes carismas das congrega\u00e7\u00f5es, juntamente com religiosos de v\u00e1rias regi\u00f5es do Brasil e de outros pa\u00edses, fizeram desses dias o \u201cReino dos C\u00e9us\u201d aqui na Terra: \u201cO Reino de Deus n\u00e3o vem ostensivamente. Nem se poder\u00e1 dizer: \u2018Est\u00e1 aqui\u2019 ou \u2018Est\u00e1 ali\u2019, porque o Reino de Deus est\u00e1 entre v\u00f3s\u201d (Lc 17, 20-21).<\/p>\n<p>Agradecemos a presen\u00e7a de cada novi\u00e7o (a), especialmente aos mestres e mestra: Irm\u00e3 Maria Izabel Kuster, IFAP; Padre Rubens Rieg, SCJ; Frei Luiz Carlos da Silva, OFMCap; e Frei Jo\u00e3o Francisco da Silva, OFM.<\/p>\n<hr \/>\n<p><em>Texto: Novi\u00e7o Fabr\u00edcio de Oliveira Alves, SCJ; Frei Antonio Marcos Pansolin da Rosa, OFMCap; e Novi\u00e7a Sabrina Oliveira Almeida, IFAP.\/ Reda\u00e7\u00e3o final: Frei Luis Naldo Rodrigues da Concei\u00e7\u00e3o, OFM. <\/em><\/p>\n<p><em>Fotos: Frei Luis Naldo Rodrigues da Concei\u00e7\u00e3o, OFM; Novi\u00e7o Renato Schweitzer Filho, SCJ; e Novi\u00e7o M\u00e1rcio Rech, SCJ. <\/em><\/p>\n","protected":false},"excerpt":{"rendered":"<p>Encontro entre novi\u00e7os e mestres<\/p>\n","protected":false},"author":11,"featured_media":259835,"comment_status":"open","ping_status":"open","sticky":false,"template":"","format":"standard","meta":[],"categories":[1],"tags":[2081,635,620],"acf":[],"yoast_head":"<!-- This site is optimized with the Yoast SEO plugin v19.2 - https:\/\/yoast.com\/wordpress\/plugins\/seo\/ -->\n<title>Segunda edi\u00e7\u00e3o do \u201cNovinter\u201d celebra fraternidade e forma\u00e7\u00e3o em Rodeio - Not\u00edcias - Franciscanos<\/title>\n<meta name=\"robots\" content=\"index, follow, max-snippet:-1, max-image-preview:large, max-video-preview:-1\" \/>\n<link rel=\"canonical\" href=\"https:\/\/franciscanos.org.br\/noticias\/segunda-edicao-do-novinter-celebra-fraternidade-e-formacao-em-rodeio.html\" \/>\n<meta property=\"og:locale\" content=\"pt_BR\" \/>\n<meta property=\"og:type\" content=\"article\" \/>\n<meta property=\"og:title\" content=\"Segunda edi\u00e7\u00e3o do \u201cNovinter\u201d celebra fraternidade e forma\u00e7\u00e3o em Rodeio - Not\u00edcias - Franciscanos\" \/>\n<meta property=\"og:description\" content=\"Encontro entre novi\u00e7os e mestres\" \/>\n<meta property=\"og:url\" content=\"https:\/\/franciscanos.org.br\/noticias\/segunda-edicao-do-novinter-celebra-fraternidade-e-formacao-em-rodeio.html\" \/>\n<meta property=\"og:site_name\" content=\"Not\u00edcias - Franciscanos\" \/>\n<meta property=\"article:published_time\" content=\"2025-09-04T10:30:59+00:00\" \/>\n<meta property=\"article:modified_time\" content=\"2025-09-04T16:25:15+00:00\" \/>\n<meta property=\"og:image\" content=\"https:\/\/franciscanos.org.br\/noticias\/wp-content\/uploads\/2025\/09\/Chamada-7.jpg\" \/>\n\t<meta property=\"og:image:width\" content=\"800\" \/>\n\t<meta property=\"og:image:height\" content=\"550\" \/>\n\t<meta property=\"og:image:type\" content=\"image\/jpeg\" \/>\n<meta name=\"author\" content=\"Adriana Rabelo\" \/>\n<meta name=\"twitter:card\" content=\"summary_large_image\" \/>\n<meta name=\"twitter:label1\" content=\"Escrito por\" \/>\n\t<meta name=\"twitter:data1\" content=\"Adriana Rabelo\" \/>\n\t<meta name=\"twitter:label2\" content=\"Est. tempo de leitura\" \/>\n\t<meta name=\"twitter:data2\" content=\"4 minutos\" \/>\n<script type=\"application\/ld+json\" class=\"yoast-schema-graph\">{\"@context\":\"https:\/\/schema.org\",\"@graph\":[{\"@type\":\"WebSite\",\"@id\":\"https:\/\/franciscanos.org.br\/noticias\/#website\",\"url\":\"https:\/\/franciscanos.org.br\/noticias\/\",\"name\":\"Not\u00edcias - Franciscanos\",\"description\":\"Prov\u00edncia Franciscana da Imaculada Concei\u00e7\u00e3o do Brasil - Ordem dos Frades Menores - OFM\",\"potentialAction\":[{\"@type\":\"SearchAction\",\"target\":{\"@type\":\"EntryPoint\",\"urlTemplate\":\"https:\/\/franciscanos.org.br\/noticias\/?s={search_term_string}\"},\"query-input\":\"required name=search_term_string\"}],\"inLanguage\":\"pt-BR\"},{\"@type\":\"ImageObject\",\"inLanguage\":\"pt-BR\",\"@id\":\"https:\/\/franciscanos.org.br\/noticias\/segunda-edicao-do-novinter-celebra-fraternidade-e-formacao-em-rodeio.html#primaryimage\",\"url\":\"https:\/\/franciscanos.org.br\/noticias\/wp-content\/uploads\/2025\/09\/Chamada-7.jpg\",\"contentUrl\":\"https:\/\/franciscanos.org.br\/noticias\/wp-content\/uploads\/2025\/09\/Chamada-7.jpg\",\"width\":800,\"height\":550},{\"@type\":\"WebPage\",\"@id\":\"https:\/\/franciscanos.org.br\/noticias\/segunda-edicao-do-novinter-celebra-fraternidade-e-formacao-em-rodeio.html#webpage\",\"url\":\"https:\/\/franciscanos.org.br\/noticias\/segunda-edicao-do-novinter-celebra-fraternidade-e-formacao-em-rodeio.html\",\"name\":\"Segunda edi\u00e7\u00e3o do \u201cNovinter\u201d celebra fraternidade e forma\u00e7\u00e3o em Rodeio - Not\u00edcias - Franciscanos\",\"isPartOf\":{\"@id\":\"https:\/\/franciscanos.org.br\/noticias\/#website\"},\"primaryImageOfPage\":{\"@id\":\"https:\/\/franciscanos.org.br\/noticias\/segunda-edicao-do-novinter-celebra-fraternidade-e-formacao-em-rodeio.html#primaryimage\"},\"datePublished\":\"2025-09-04T10:30:59+00:00\",\"dateModified\":\"2025-09-04T16:25:15+00:00\",\"author\":{\"@id\":\"https:\/\/franciscanos.org.br\/noticias\/#\/schema\/person\/d9422e83121c3ad3b0f423d195f5bb25\"},\"breadcrumb\":{\"@id\":\"https:\/\/franciscanos.org.br\/noticias\/segunda-edicao-do-novinter-celebra-fraternidade-e-formacao-em-rodeio.html#breadcrumb\"},\"inLanguage\":\"pt-BR\",\"potentialAction\":[{\"@type\":\"ReadAction\",\"target\":[\"https:\/\/franciscanos.org.br\/noticias\/segunda-edicao-do-novinter-celebra-fraternidade-e-formacao-em-rodeio.html\"]}]},{\"@type\":\"BreadcrumbList\",\"@id\":\"https:\/\/franciscanos.org.br\/noticias\/segunda-edicao-do-novinter-celebra-fraternidade-e-formacao-em-rodeio.html#breadcrumb\",\"itemListElement\":[{\"@type\":\"ListItem\",\"position\":1,\"name\":\"Home\",\"item\":\"https:\/\/franciscanos.org.br\/noticias\"},{\"@type\":\"ListItem\",\"position\":2,\"name\":\"Segunda edi\u00e7\u00e3o do \u201cNovinter\u201d celebra fraternidade e forma\u00e7\u00e3o em Rodeio\"}]},{\"@type\":\"Person\",\"@id\":\"https:\/\/franciscanos.org.br\/noticias\/#\/schema\/person\/d9422e83121c3ad3b0f423d195f5bb25\",\"name\":\"Adriana Rabelo\",\"image\":{\"@type\":\"ImageObject\",\"inLanguage\":\"pt-BR\",\"@id\":\"https:\/\/franciscanos.org.br\/noticias\/#\/schema\/person\/image\/\",\"url\":\"https:\/\/secure.gravatar.com\/avatar\/0a937b7500cd7df77540cfb8bede877d?s=96&d=mm&r=g\",\"contentUrl\":\"https:\/\/secure.gravatar.com\/avatar\/0a937b7500cd7df77540cfb8bede877d?s=96&d=mm&r=g\",\"caption\":\"Adriana Rabelo\"},\"url\":\"https:\/\/franciscanos.org.br\/noticias\/author\/adrianarabelo\"}]}<\/script>\n<!-- \/ Yoast SEO plugin. -->","yoast_head_json":{"title":"Segunda edi\u00e7\u00e3o do \u201cNovinter\u201d celebra fraternidade e forma\u00e7\u00e3o em Rodeio - Not\u00edcias - Franciscanos","robots":{"index":"index","follow":"follow","max-snippet":"max-snippet:-1","max-image-preview":"max-image-preview:large","max-video-preview":"max-video-preview:-1"},"canonical":"https:\/\/franciscanos.org.br\/noticias\/segunda-edicao-do-novinter-celebra-fraternidade-e-formacao-em-rodeio.html","og_locale":"pt_BR","og_type":"article","og_title":"Segunda edi\u00e7\u00e3o do \u201cNovinter\u201d celebra fraternidade e forma\u00e7\u00e3o em Rodeio - Not\u00edcias - Franciscanos","og_description":"Encontro entre novi\u00e7os e mestres","og_url":"https:\/\/franciscanos.org.br\/noticias\/segunda-edicao-do-novinter-celebra-fraternidade-e-formacao-em-rodeio.html","og_site_name":"Not\u00edcias - Franciscanos","article_published_time":"2025-09-04T10:30:59+00:00","article_modified_time":"2025-09-04T16:25:15+00:00","og_image":[{"width":800,"height":550,"url":"https:\/\/franciscanos.org.br\/noticias\/wp-content\/uploads\/2025\/09\/Chamada-7.jpg","type":"image\/jpeg"}],"author":"Adriana Rabelo","twitter_card":"summary_large_image","twitter_misc":{"Escrito por":"Adriana Rabelo","Est. tempo de leitura":"4 minutos"},"schema":{"@context":"https:\/\/schema.org","@graph":[{"@type":"WebSite","@id":"https:\/\/franciscanos.org.br\/noticias\/#website","url":"https:\/\/franciscanos.org.br\/noticias\/","name":"Not\u00edcias - Franciscanos","description":"Prov\u00edncia Franciscana da Imaculada Concei\u00e7\u00e3o do Brasil - Ordem dos Frades Menores - OFM","potentialAction":[{"@type":"SearchAction","target":{"@type":"EntryPoint","urlTemplate":"https:\/\/franciscanos.org.br\/noticias\/?s={search_term_string}"},"query-input":"required name=search_term_string"}],"inLanguage":"pt-BR"},{"@type":"ImageObject","inLanguage":"pt-BR","@id":"https:\/\/franciscanos.org.br\/noticias\/segunda-edicao-do-novinter-celebra-fraternidade-e-formacao-em-rodeio.html#primaryimage","url":"https:\/\/franciscanos.org.br\/noticias\/wp-content\/uploads\/2025\/09\/Chamada-7.jpg","contentUrl":"https:\/\/franciscanos.org.br\/noticias\/wp-content\/uploads\/2025\/09\/Chamada-7.jpg","width":800,"height":550},{"@type":"WebPage","@id":"https:\/\/franciscanos.org.br\/noticias\/segunda-edicao-do-novinter-celebra-fraternidade-e-formacao-em-rodeio.html#webpage","url":"https:\/\/franciscanos.org.br\/noticias\/segunda-edicao-do-novinter-celebra-fraternidade-e-formacao-em-rodeio.html","name":"Segunda edi\u00e7\u00e3o do \u201cNovinter\u201d celebra fraternidade e forma\u00e7\u00e3o em Rodeio - Not\u00edcias - Franciscanos","isPartOf":{"@id":"https:\/\/franciscanos.org.br\/noticias\/#website"},"primaryImageOfPage":{"@id":"https:\/\/franciscanos.org.br\/noticias\/segunda-edicao-do-novinter-celebra-fraternidade-e-formacao-em-rodeio.html#primaryimage"},"datePublished":"2025-09-04T10:30:59+00:00","dateModified":"2025-09-04T16:25:15+00:00","author":{"@id":"https:\/\/franciscanos.org.br\/noticias\/#\/schema\/person\/d9422e83121c3ad3b0f423d195f5bb25"},"breadcrumb":{"@id":"https:\/\/franciscanos.org.br\/noticias\/segunda-edicao-do-novinter-celebra-fraternidade-e-formacao-em-rodeio.html#breadcrumb"},"inLanguage":"pt-BR","potentialAction":[{"@type":"ReadAction","target":["https:\/\/franciscanos.org.br\/noticias\/segunda-edicao-do-novinter-celebra-fraternidade-e-formacao-em-rodeio.html"]}]},{"@type":"BreadcrumbList","@id":"https:\/\/franciscanos.org.br\/noticias\/segunda-edicao-do-novinter-celebra-fraternidade-e-formacao-em-rodeio.html#breadcrumb","itemListElement":[{"@type":"ListItem","position":1,"name":"Home","item":"https:\/\/franciscanos.org.br\/noticias"},{"@type":"ListItem","position":2,"name":"Segunda edi\u00e7\u00e3o do \u201cNovinter\u201d celebra fraternidade e forma\u00e7\u00e3o em Rodeio"}]},{"@type":"Person","@id":"https:\/\/franciscanos.org.br\/noticias\/#\/schema\/person\/d9422e83121c3ad3b0f423d195f5bb25","name":"Adriana Rabelo","image":{"@type":"ImageObject","inLanguage":"pt-BR","@id":"https:\/\/franciscanos.org.br\/noticias\/#\/schema\/person\/image\/","url":"https:\/\/secure.gravatar.com\/avatar\/0a937b7500cd7df77540cfb8bede877d?s=96&d=mm&r=g","contentUrl":"https:\/\/secure.gravatar.com\/avatar\/0a937b7500cd7df77540cfb8bede877d?s=96&d=mm&r=g","caption":"Adriana Rabelo"},"url":"https:\/\/franciscanos.org.br\/noticias\/author\/adrianarabelo"}]}},"_links":{"self":[{"href":"https:\/\/franciscanos.org.br\/noticias\/wp-json\/wp\/v2\/posts\/259827"}],"collection":[{"href":"https:\/\/franciscanos.org.br\/noticias\/wp-json\/wp\/v2\/posts"}],"about":[{"href":"https:\/\/franciscanos.org.br\/noticias\/wp-json\/wp\/v2\/types\/post"}],"author":[{"embeddable":true,"href":"https:\/\/franciscanos.org.br\/noticias\/wp-json\/wp\/v2\/users\/11"}],"replies":[{"embeddable":true,"href":"https:\/\/franciscanos.org.br\/noticias\/wp-json\/wp\/v2\/comments?post=259827"}],"version-history":[{"count":1,"href":"https:\/\/franciscanos.org.br\/noticias\/wp-json\/wp\/v2\/posts\/259827\/revisions"}],"predecessor-version":[{"id":259836,"href":"https:\/\/franciscanos.org.br\/noticias\/wp-json\/wp\/v2\/posts\/259827\/revisions\/259836"}],"wp:featuredmedia":[{"embeddable":true,"href":"https:\/\/franciscanos.org.br\/noticias\/wp-json\/wp\/v2\/media\/259835"}],"wp:attachment":[{"href":"https:\/\/franciscanos.org.br\/noticias\/wp-json\/wp\/v2\/media?parent=259827"}],"wp:term":[{"taxonomy":"category","embeddable":true,"href":"https:\/\/franciscanos.org.br\/noticias\/wp-json\/wp\/v2\/categories?post=259827"},{"taxonomy":"post_tag","embeddable":true,"href":"https:\/\/franciscanos.org.br\/noticias\/wp-json\/wp\/v2\/tags?post=259827"}],"curies":[{"name":"wp","href":"https:\/\/api.w.org\/{rel}","templated":true}]}}