{"id":259799,"date":"2025-09-04T08:00:58","date_gmt":"2025-09-04T11:00:58","guid":{"rendered":"https:\/\/franciscanos.org.br\/noticias\/?p=259799"},"modified":"2025-09-04T14:02:15","modified_gmt":"2025-09-04T17:02:15","slug":"projeto-perfeita-alegria-e-homenageado-em-solenidade-da-associacao-comercial-e-empresarial-de-guaratingueta","status":"publish","type":"post","link":"https:\/\/franciscanos.org.br\/noticias\/projeto-perfeita-alegria-e-homenageado-em-solenidade-da-associacao-comercial-e-empresarial-de-guaratingueta.html","title":{"rendered":"Projeto Perfeita Alegria \u00e9 homenageado pela Associa\u00e7\u00e3o Comercial e Empresarial de Guaratinguet\u00e1"},"content":{"rendered":"<p><img loading=\"lazy\" class=\"aligncenter wp-image-259800 size-full\" src=\"https:\/\/franciscanos.org.br\/noticias\/wp-content\/uploads\/2025\/09\/materia-4-4.jpg\" alt=\"\" width=\"1280\" height=\"720\" srcset=\"https:\/\/franciscanos.org.br\/noticias\/wp-content\/uploads\/2025\/09\/materia-4-4.jpg 1280w, https:\/\/franciscanos.org.br\/noticias\/wp-content\/uploads\/2025\/09\/materia-4-4-450x253.jpg 450w, https:\/\/franciscanos.org.br\/noticias\/wp-content\/uploads\/2025\/09\/materia-4-4-1024x576.jpg 1024w, https:\/\/franciscanos.org.br\/noticias\/wp-content\/uploads\/2025\/09\/materia-4-4-768x432.jpg 768w, https:\/\/franciscanos.org.br\/noticias\/wp-content\/uploads\/2025\/09\/materia-4-4-150x84.jpg 150w\" sizes=\"(max-width: 1280px) 100vw, 1280px\" \/><\/p>\n<p>A Associa\u00e7\u00e3o Comercial e Empresarial de Guaratinguet\u00e1 (ACEG) comemorou nesta quarta-feira, 3 de setembro, seus 86 anos de funda\u00e7\u00e3o em um evento marcado por homenagens, presen\u00e7a de autoridades e an\u00fancios de projetos voltados ao fortalecimento do com\u00e9rcio local.<\/p>\n<p>Al\u00e9m do poder p\u00fablico, empresas e entidades parceiras tamb\u00e9m foram reconhecidas pela contribui\u00e7\u00e3o \u00e0 Associa\u00e7\u00e3o. Frei Diego Melo, reitor do Santu\u00e1rio Frei Galv\u00e3o e diretor da R\u00e1dio Frei Galv\u00e3o, recebeu a homenagem destinada ao Projeto Perfeita Alegria, uma parceria entre o Santu\u00e1rio e o Sefras \u2013 \u00a0A\u00e7\u00e3o Social Franciscana, iniciada em 2024, que tem como objetivo promover a inclus\u00e3o atrav\u00e9s da partilha, da valoriza\u00e7\u00e3o e do cuidado com o pr\u00f3ximo.<\/p>\n\n\t\t<style type=\"text\/css\">\n\t\t\t#gallery-1 {\n\t\t\t\tmargin: auto;\n\t\t\t}\n\t\t\t#gallery-1 .gallery-item {\n\t\t\t\tfloat: left;\n\t\t\t\tmargin-top: 10px;\n\t\t\t\ttext-align: center;\n\t\t\t\twidth: 33%;\n\t\t\t}\n\t\t\t#gallery-1 img {\n\t\t\t\tborder: 2px solid #cfcfcf;\n\t\t\t}\n\t\t\t#gallery-1 .gallery-caption {\n\t\t\t\tmargin-left: 0;\n\t\t\t}\n\t\t\t\/* see gallery_shortcode() in wp-includes\/media.php *\/\n\t\t<\/style>\n\t\t<div id='gallery-1' class='gallery galleryid-259799 gallery-columns-3 gallery-size-thumbnail'><dl class='gallery-item'>\n\t\t\t<dt class='gallery-icon portrait'>\n\t\t\t\t<a href='https:\/\/franciscanos.org.br\/noticias\/wp-content\/uploads\/2025\/09\/Imagem-do-WhatsApp-de-2025-09-04-as-12.30.36_379b0d6e.jpg'><img width=\"300\" height=\"300\" src=\"https:\/\/franciscanos.org.br\/noticias\/wp-content\/uploads\/2025\/09\/Imagem-do-WhatsApp-de-2025-09-04-as-12.30.36_379b0d6e-300x300.jpg\" class=\"attachment-thumbnail size-thumbnail\" alt=\"\" loading=\"lazy\" srcset=\"https:\/\/franciscanos.org.br\/noticias\/wp-content\/uploads\/2025\/09\/Imagem-do-WhatsApp-de-2025-09-04-as-12.30.36_379b0d6e-300x300.jpg 300w, https:\/\/franciscanos.org.br\/noticias\/wp-content\/uploads\/2025\/09\/Imagem-do-WhatsApp-de-2025-09-04-as-12.30.36_379b0d6e-100x100.jpg 100w\" sizes=\"(max-width: 300px) 100vw, 300px\" \/><\/a>\n\t\t\t<\/dt><\/dl><dl class='gallery-item'>\n\t\t\t<dt class='gallery-icon landscape'>\n\t\t\t\t<a href='https:\/\/franciscanos.org.br\/noticias\/wp-content\/uploads\/2025\/09\/Imagem-do-WhatsApp-de-2025-09-04-as-12.30.36_163c9de2.jpg'><img width=\"300\" height=\"300\" src=\"https:\/\/franciscanos.org.br\/noticias\/wp-content\/uploads\/2025\/09\/Imagem-do-WhatsApp-de-2025-09-04-as-12.30.36_163c9de2-300x300.jpg\" class=\"attachment-thumbnail size-thumbnail\" alt=\"\" loading=\"lazy\" srcset=\"https:\/\/franciscanos.org.br\/noticias\/wp-content\/uploads\/2025\/09\/Imagem-do-WhatsApp-de-2025-09-04-as-12.30.36_163c9de2-300x300.jpg 300w, https:\/\/franciscanos.org.br\/noticias\/wp-content\/uploads\/2025\/09\/Imagem-do-WhatsApp-de-2025-09-04-as-12.30.36_163c9de2-100x100.jpg 100w\" sizes=\"(max-width: 300px) 100vw, 300px\" \/><\/a>\n\t\t\t<\/dt><\/dl><dl class='gallery-item'>\n\t\t\t<dt class='gallery-icon landscape'>\n\t\t\t\t<a href='https:\/\/franciscanos.org.br\/noticias\/wp-content\/uploads\/2025\/09\/Imagem-do-WhatsApp-de-2025-09-04-as-12.30.35_5643613e.jpg'><img width=\"300\" height=\"300\" src=\"https:\/\/franciscanos.org.br\/noticias\/wp-content\/uploads\/2025\/09\/Imagem-do-WhatsApp-de-2025-09-04-as-12.30.35_5643613e-300x300.jpg\" class=\"attachment-thumbnail size-thumbnail\" alt=\"\" loading=\"lazy\" srcset=\"https:\/\/franciscanos.org.br\/noticias\/wp-content\/uploads\/2025\/09\/Imagem-do-WhatsApp-de-2025-09-04-as-12.30.35_5643613e-300x300.jpg 300w, https:\/\/franciscanos.org.br\/noticias\/wp-content\/uploads\/2025\/09\/Imagem-do-WhatsApp-de-2025-09-04-as-12.30.35_5643613e-100x100.jpg 100w\" sizes=\"(max-width: 300px) 100vw, 300px\" \/><\/a>\n\t\t\t<\/dt><\/dl><br style=\"clear: both\" \/>\n\t\t<\/div>\n\n<p>Para o reitor, receber este reconhecimento \u00e9 sinal de que o legado de Santo Ant\u00f4nio de Sant\u2019Anna Galv\u00e3o est\u00e1 sendo levado adiante: \u201cO projeto social Perfeita Alegria, em t\u00e3o pouco tempo, j\u00e1 tem demonstrado o potencial em transformar vidas, levar mais dignidade, trazer vida e vida em abund\u00e2ncia, assim como desejava Jesus. Frei Galv\u00e3o \u00e9 o homem da paz e da caridade e por isso receber este pr\u00eamio significa levar adiante esse legado de Frei Galv\u00e3o\u201d, afirmou.<\/p>\n<p>Durante a solenidade, o prefeito Junior Filippo destacou a import\u00e2ncia da entidade para o desenvolvimento da cidade e anunciou a cria\u00e7\u00e3o de um \u201cDistrito Criativo\u201d no centro, com a\u00e7\u00f5es integradas de ilumina\u00e7\u00e3o, seguran\u00e7a, assist\u00eancia social e est\u00edmulos fiscais. O objetivo \u00e9 revitalizar a regi\u00e3o central, atrair novos neg\u00f3cios e aumentar a circula\u00e7\u00e3o de pessoas.<\/p>\n<p><img loading=\"lazy\" class=\"aligncenter wp-image-259801 size-full\" src=\"https:\/\/franciscanos.org.br\/noticias\/wp-content\/uploads\/2025\/09\/materia-1-5.jpg\" alt=\"\" width=\"1280\" height=\"720\" srcset=\"https:\/\/franciscanos.org.br\/noticias\/wp-content\/uploads\/2025\/09\/materia-1-5.jpg 1280w, https:\/\/franciscanos.org.br\/noticias\/wp-content\/uploads\/2025\/09\/materia-1-5-450x253.jpg 450w, https:\/\/franciscanos.org.br\/noticias\/wp-content\/uploads\/2025\/09\/materia-1-5-1024x576.jpg 1024w, https:\/\/franciscanos.org.br\/noticias\/wp-content\/uploads\/2025\/09\/materia-1-5-768x432.jpg 768w, https:\/\/franciscanos.org.br\/noticias\/wp-content\/uploads\/2025\/09\/materia-1-5-150x84.jpg 150w\" sizes=\"(max-width: 1280px) 100vw, 1280px\" \/><\/p>\n<p>Com a participa\u00e7\u00e3o de autoridades civis, militares, empres\u00e1rios e representantes de entidades, o encontro refor\u00e7ou o papel hist\u00f3rico da ACEG na economia regional e renovou o compromisso de uni\u00e3o entre com\u00e9rcio e poder p\u00fablico para garantir o crescimento sustent\u00e1vel de Guaratinguet\u00e1.<\/p>\n<hr \/>\n<p><em>Texto: \u00c9rika Augusto (R\u00e1dio Frei Galv\u00e3o) \/ Fotos: Jo\u00e3o Paulo (Santu\u00e1rio Frei Galv\u00e3o)<\/em><\/p>\n","protected":false},"excerpt":{"rendered":"<p>A\u00e7\u00e3o Social Franciscana<\/p>\n","protected":false},"author":11,"featured_media":259841,"comment_status":"open","ping_status":"open","sticky":false,"template":"","format":"standard","meta":[],"categories":[1],"tags":[2407,1821,228],"acf":[],"yoast_head":"<!-- This site is optimized with the Yoast SEO plugin v19.2 - https:\/\/yoast.com\/wordpress\/plugins\/seo\/ -->\n<title>Projeto Perfeita Alegria \u00e9 homenageado pela Associa\u00e7\u00e3o Comercial e Empresarial de Guaratinguet\u00e1 - Not\u00edcias - Franciscanos<\/title>\n<meta name=\"robots\" content=\"index, follow, max-snippet:-1, max-image-preview:large, max-video-preview:-1\" \/>\n<link rel=\"canonical\" href=\"https:\/\/franciscanos.org.br\/noticias\/projeto-perfeita-alegria-e-homenageado-em-solenidade-da-associacao-comercial-e-empresarial-de-guaratingueta.html\" \/>\n<meta property=\"og:locale\" content=\"pt_BR\" \/>\n<meta property=\"og:type\" content=\"article\" \/>\n<meta property=\"og:title\" content=\"Projeto Perfeita Alegria \u00e9 homenageado pela Associa\u00e7\u00e3o Comercial e Empresarial de Guaratinguet\u00e1 - Not\u00edcias - Franciscanos\" \/>\n<meta property=\"og:description\" content=\"A\u00e7\u00e3o Social Franciscana\" \/>\n<meta property=\"og:url\" content=\"https:\/\/franciscanos.org.br\/noticias\/projeto-perfeita-alegria-e-homenageado-em-solenidade-da-associacao-comercial-e-empresarial-de-guaratingueta.html\" \/>\n<meta property=\"og:site_name\" content=\"Not\u00edcias - Franciscanos\" \/>\n<meta property=\"article:published_time\" content=\"2025-09-04T11:00:58+00:00\" \/>\n<meta property=\"article:modified_time\" content=\"2025-09-04T17:02:15+00:00\" \/>\n<meta property=\"og:image\" content=\"https:\/\/franciscanos.org.br\/noticias\/wp-content\/uploads\/2025\/09\/chamada-8.jpg\" \/>\n\t<meta property=\"og:image:width\" content=\"800\" \/>\n\t<meta property=\"og:image:height\" content=\"550\" \/>\n\t<meta property=\"og:image:type\" content=\"image\/jpeg\" \/>\n<meta name=\"author\" content=\"Adriana Rabelo\" \/>\n<meta name=\"twitter:card\" content=\"summary_large_image\" \/>\n<meta name=\"twitter:label1\" content=\"Escrito por\" \/>\n\t<meta name=\"twitter:data1\" content=\"Adriana Rabelo\" \/>\n\t<meta name=\"twitter:label2\" content=\"Est. tempo de leitura\" \/>\n\t<meta name=\"twitter:data2\" content=\"2 minutos\" \/>\n<script type=\"application\/ld+json\" class=\"yoast-schema-graph\">{\"@context\":\"https:\/\/schema.org\",\"@graph\":[{\"@type\":\"WebSite\",\"@id\":\"https:\/\/franciscanos.org.br\/noticias\/#website\",\"url\":\"https:\/\/franciscanos.org.br\/noticias\/\",\"name\":\"Not\u00edcias - Franciscanos\",\"description\":\"Prov\u00edncia Franciscana da Imaculada Concei\u00e7\u00e3o do Brasil - Ordem dos Frades Menores - OFM\",\"potentialAction\":[{\"@type\":\"SearchAction\",\"target\":{\"@type\":\"EntryPoint\",\"urlTemplate\":\"https:\/\/franciscanos.org.br\/noticias\/?s={search_term_string}\"},\"query-input\":\"required name=search_term_string\"}],\"inLanguage\":\"pt-BR\"},{\"@type\":\"ImageObject\",\"inLanguage\":\"pt-BR\",\"@id\":\"https:\/\/franciscanos.org.br\/noticias\/projeto-perfeita-alegria-e-homenageado-em-solenidade-da-associacao-comercial-e-empresarial-de-guaratingueta.html#primaryimage\",\"url\":\"https:\/\/franciscanos.org.br\/noticias\/wp-content\/uploads\/2025\/09\/chamada-8.jpg\",\"contentUrl\":\"https:\/\/franciscanos.org.br\/noticias\/wp-content\/uploads\/2025\/09\/chamada-8.jpg\",\"width\":800,\"height\":550},{\"@type\":\"WebPage\",\"@id\":\"https:\/\/franciscanos.org.br\/noticias\/projeto-perfeita-alegria-e-homenageado-em-solenidade-da-associacao-comercial-e-empresarial-de-guaratingueta.html#webpage\",\"url\":\"https:\/\/franciscanos.org.br\/noticias\/projeto-perfeita-alegria-e-homenageado-em-solenidade-da-associacao-comercial-e-empresarial-de-guaratingueta.html\",\"name\":\"Projeto Perfeita Alegria \u00e9 homenageado pela Associa\u00e7\u00e3o Comercial e Empresarial de Guaratinguet\u00e1 - Not\u00edcias - Franciscanos\",\"isPartOf\":{\"@id\":\"https:\/\/franciscanos.org.br\/noticias\/#website\"},\"primaryImageOfPage\":{\"@id\":\"https:\/\/franciscanos.org.br\/noticias\/projeto-perfeita-alegria-e-homenageado-em-solenidade-da-associacao-comercial-e-empresarial-de-guaratingueta.html#primaryimage\"},\"datePublished\":\"2025-09-04T11:00:58+00:00\",\"dateModified\":\"2025-09-04T17:02:15+00:00\",\"author\":{\"@id\":\"https:\/\/franciscanos.org.br\/noticias\/#\/schema\/person\/d9422e83121c3ad3b0f423d195f5bb25\"},\"breadcrumb\":{\"@id\":\"https:\/\/franciscanos.org.br\/noticias\/projeto-perfeita-alegria-e-homenageado-em-solenidade-da-associacao-comercial-e-empresarial-de-guaratingueta.html#breadcrumb\"},\"inLanguage\":\"pt-BR\",\"potentialAction\":[{\"@type\":\"ReadAction\",\"target\":[\"https:\/\/franciscanos.org.br\/noticias\/projeto-perfeita-alegria-e-homenageado-em-solenidade-da-associacao-comercial-e-empresarial-de-guaratingueta.html\"]}]},{\"@type\":\"BreadcrumbList\",\"@id\":\"https:\/\/franciscanos.org.br\/noticias\/projeto-perfeita-alegria-e-homenageado-em-solenidade-da-associacao-comercial-e-empresarial-de-guaratingueta.html#breadcrumb\",\"itemListElement\":[{\"@type\":\"ListItem\",\"position\":1,\"name\":\"Home\",\"item\":\"https:\/\/franciscanos.org.br\/noticias\"},{\"@type\":\"ListItem\",\"position\":2,\"name\":\"Projeto Perfeita Alegria \u00e9 homenageado pela Associa\u00e7\u00e3o Comercial e Empresarial de Guaratinguet\u00e1\"}]},{\"@type\":\"Person\",\"@id\":\"https:\/\/franciscanos.org.br\/noticias\/#\/schema\/person\/d9422e83121c3ad3b0f423d195f5bb25\",\"name\":\"Adriana Rabelo\",\"image\":{\"@type\":\"ImageObject\",\"inLanguage\":\"pt-BR\",\"@id\":\"https:\/\/franciscanos.org.br\/noticias\/#\/schema\/person\/image\/\",\"url\":\"https:\/\/secure.gravatar.com\/avatar\/0a937b7500cd7df77540cfb8bede877d?s=96&d=mm&r=g\",\"contentUrl\":\"https:\/\/secure.gravatar.com\/avatar\/0a937b7500cd7df77540cfb8bede877d?s=96&d=mm&r=g\",\"caption\":\"Adriana Rabelo\"},\"url\":\"https:\/\/franciscanos.org.br\/noticias\/author\/adrianarabelo\"}]}<\/script>\n<!-- \/ Yoast SEO plugin. -->","yoast_head_json":{"title":"Projeto Perfeita Alegria \u00e9 homenageado pela Associa\u00e7\u00e3o Comercial e Empresarial de Guaratinguet\u00e1 - Not\u00edcias - Franciscanos","robots":{"index":"index","follow":"follow","max-snippet":"max-snippet:-1","max-image-preview":"max-image-preview:large","max-video-preview":"max-video-preview:-1"},"canonical":"https:\/\/franciscanos.org.br\/noticias\/projeto-perfeita-alegria-e-homenageado-em-solenidade-da-associacao-comercial-e-empresarial-de-guaratingueta.html","og_locale":"pt_BR","og_type":"article","og_title":"Projeto Perfeita Alegria \u00e9 homenageado pela Associa\u00e7\u00e3o Comercial e Empresarial de Guaratinguet\u00e1 - Not\u00edcias - Franciscanos","og_description":"A\u00e7\u00e3o Social Franciscana","og_url":"https:\/\/franciscanos.org.br\/noticias\/projeto-perfeita-alegria-e-homenageado-em-solenidade-da-associacao-comercial-e-empresarial-de-guaratingueta.html","og_site_name":"Not\u00edcias - Franciscanos","article_published_time":"2025-09-04T11:00:58+00:00","article_modified_time":"2025-09-04T17:02:15+00:00","og_image":[{"width":800,"height":550,"url":"https:\/\/franciscanos.org.br\/noticias\/wp-content\/uploads\/2025\/09\/chamada-8.jpg","type":"image\/jpeg"}],"author":"Adriana Rabelo","twitter_card":"summary_large_image","twitter_misc":{"Escrito por":"Adriana Rabelo","Est. tempo de leitura":"2 minutos"},"schema":{"@context":"https:\/\/schema.org","@graph":[{"@type":"WebSite","@id":"https:\/\/franciscanos.org.br\/noticias\/#website","url":"https:\/\/franciscanos.org.br\/noticias\/","name":"Not\u00edcias - Franciscanos","description":"Prov\u00edncia Franciscana da Imaculada Concei\u00e7\u00e3o do Brasil - Ordem dos Frades Menores - OFM","potentialAction":[{"@type":"SearchAction","target":{"@type":"EntryPoint","urlTemplate":"https:\/\/franciscanos.org.br\/noticias\/?s={search_term_string}"},"query-input":"required name=search_term_string"}],"inLanguage":"pt-BR"},{"@type":"ImageObject","inLanguage":"pt-BR","@id":"https:\/\/franciscanos.org.br\/noticias\/projeto-perfeita-alegria-e-homenageado-em-solenidade-da-associacao-comercial-e-empresarial-de-guaratingueta.html#primaryimage","url":"https:\/\/franciscanos.org.br\/noticias\/wp-content\/uploads\/2025\/09\/chamada-8.jpg","contentUrl":"https:\/\/franciscanos.org.br\/noticias\/wp-content\/uploads\/2025\/09\/chamada-8.jpg","width":800,"height":550},{"@type":"WebPage","@id":"https:\/\/franciscanos.org.br\/noticias\/projeto-perfeita-alegria-e-homenageado-em-solenidade-da-associacao-comercial-e-empresarial-de-guaratingueta.html#webpage","url":"https:\/\/franciscanos.org.br\/noticias\/projeto-perfeita-alegria-e-homenageado-em-solenidade-da-associacao-comercial-e-empresarial-de-guaratingueta.html","name":"Projeto Perfeita Alegria \u00e9 homenageado pela Associa\u00e7\u00e3o Comercial e Empresarial de Guaratinguet\u00e1 - Not\u00edcias - Franciscanos","isPartOf":{"@id":"https:\/\/franciscanos.org.br\/noticias\/#website"},"primaryImageOfPage":{"@id":"https:\/\/franciscanos.org.br\/noticias\/projeto-perfeita-alegria-e-homenageado-em-solenidade-da-associacao-comercial-e-empresarial-de-guaratingueta.html#primaryimage"},"datePublished":"2025-09-04T11:00:58+00:00","dateModified":"2025-09-04T17:02:15+00:00","author":{"@id":"https:\/\/franciscanos.org.br\/noticias\/#\/schema\/person\/d9422e83121c3ad3b0f423d195f5bb25"},"breadcrumb":{"@id":"https:\/\/franciscanos.org.br\/noticias\/projeto-perfeita-alegria-e-homenageado-em-solenidade-da-associacao-comercial-e-empresarial-de-guaratingueta.html#breadcrumb"},"inLanguage":"pt-BR","potentialAction":[{"@type":"ReadAction","target":["https:\/\/franciscanos.org.br\/noticias\/projeto-perfeita-alegria-e-homenageado-em-solenidade-da-associacao-comercial-e-empresarial-de-guaratingueta.html"]}]},{"@type":"BreadcrumbList","@id":"https:\/\/franciscanos.org.br\/noticias\/projeto-perfeita-alegria-e-homenageado-em-solenidade-da-associacao-comercial-e-empresarial-de-guaratingueta.html#breadcrumb","itemListElement":[{"@type":"ListItem","position":1,"name":"Home","item":"https:\/\/franciscanos.org.br\/noticias"},{"@type":"ListItem","position":2,"name":"Projeto Perfeita Alegria \u00e9 homenageado pela Associa\u00e7\u00e3o Comercial e Empresarial de Guaratinguet\u00e1"}]},{"@type":"Person","@id":"https:\/\/franciscanos.org.br\/noticias\/#\/schema\/person\/d9422e83121c3ad3b0f423d195f5bb25","name":"Adriana Rabelo","image":{"@type":"ImageObject","inLanguage":"pt-BR","@id":"https:\/\/franciscanos.org.br\/noticias\/#\/schema\/person\/image\/","url":"https:\/\/secure.gravatar.com\/avatar\/0a937b7500cd7df77540cfb8bede877d?s=96&d=mm&r=g","contentUrl":"https:\/\/secure.gravatar.com\/avatar\/0a937b7500cd7df77540cfb8bede877d?s=96&d=mm&r=g","caption":"Adriana Rabelo"},"url":"https:\/\/franciscanos.org.br\/noticias\/author\/adrianarabelo"}]}},"_links":{"self":[{"href":"https:\/\/franciscanos.org.br\/noticias\/wp-json\/wp\/v2\/posts\/259799"}],"collection":[{"href":"https:\/\/franciscanos.org.br\/noticias\/wp-json\/wp\/v2\/posts"}],"about":[{"href":"https:\/\/franciscanos.org.br\/noticias\/wp-json\/wp\/v2\/types\/post"}],"author":[{"embeddable":true,"href":"https:\/\/franciscanos.org.br\/noticias\/wp-json\/wp\/v2\/users\/11"}],"replies":[{"embeddable":true,"href":"https:\/\/franciscanos.org.br\/noticias\/wp-json\/wp\/v2\/comments?post=259799"}],"version-history":[{"count":2,"href":"https:\/\/franciscanos.org.br\/noticias\/wp-json\/wp\/v2\/posts\/259799\/revisions"}],"predecessor-version":[{"id":259843,"href":"https:\/\/franciscanos.org.br\/noticias\/wp-json\/wp\/v2\/posts\/259799\/revisions\/259843"}],"wp:featuredmedia":[{"embeddable":true,"href":"https:\/\/franciscanos.org.br\/noticias\/wp-json\/wp\/v2\/media\/259841"}],"wp:attachment":[{"href":"https:\/\/franciscanos.org.br\/noticias\/wp-json\/wp\/v2\/media?parent=259799"}],"wp:term":[{"taxonomy":"category","embeddable":true,"href":"https:\/\/franciscanos.org.br\/noticias\/wp-json\/wp\/v2\/categories?post=259799"},{"taxonomy":"post_tag","embeddable":true,"href":"https:\/\/franciscanos.org.br\/noticias\/wp-json\/wp\/v2\/tags?post=259799"}],"curies":[{"name":"wp","href":"https:\/\/api.w.org\/{rel}","templated":true}]}}