{"id":259789,"date":"2025-09-03T07:17:21","date_gmt":"2025-09-03T10:17:21","guid":{"rendered":"https:\/\/franciscanos.org.br\/noticias\/?p=259789"},"modified":"2025-09-12T08:16:49","modified_gmt":"2025-09-12T11:16:49","slug":"o-papa-a-sede-de-jesus-na-cruz-e-a-nossa-tambem-clamor-de-uma-humanidade-ferida","status":"publish","type":"post","link":"https:\/\/franciscanos.org.br\/noticias\/o-papa-a-sede-de-jesus-na-cruz-e-a-nossa-tambem-clamor-de-uma-humanidade-ferida.html","title":{"rendered":"O Papa: a sede de Jesus na cruz \u00e9 a nossa tamb\u00e9m. Clamor de uma humanidade ferida"},"content":{"rendered":"<p><img loading=\"lazy\" class=\"aligncenter wp-image-259791 size-full\" src=\"https:\/\/franciscanos.org.br\/noticias\/wp-content\/uploads\/2025\/09\/MATERIA1.jpg\" alt=\"\" width=\"1280\" height=\"720\" srcset=\"https:\/\/franciscanos.org.br\/noticias\/wp-content\/uploads\/2025\/09\/MATERIA1.jpg 1280w, https:\/\/franciscanos.org.br\/noticias\/wp-content\/uploads\/2025\/09\/MATERIA1-450x253.jpg 450w, https:\/\/franciscanos.org.br\/noticias\/wp-content\/uploads\/2025\/09\/MATERIA1-1024x576.jpg 1024w, https:\/\/franciscanos.org.br\/noticias\/wp-content\/uploads\/2025\/09\/MATERIA1-768x432.jpg 768w, https:\/\/franciscanos.org.br\/noticias\/wp-content\/uploads\/2025\/09\/MATERIA1-150x84.jpg 150w\" sizes=\"(max-width: 1280px) 100vw, 1280px\" \/><\/p>\n<p><em>A catequese de Le\u00e3o XIV na Audi\u00eancia Geral foi marcada pelas palavras finais de Jesus na cruz: &#8220;Tenho sede&#8221; e &#8220;Tudo est\u00e1 consumado&#8221;. &#8220;Se at\u00e9 o Filho de Deus escolheu n\u00e3o ser autossuficiente, ent\u00e3o a nossa sede, de amor, de sentido, de justi\u00e7a, n\u00e3o \u00e9 um sinal de fracasso, mas de verdade&#8221;, disse o Papa, ressaltando que &#8220;esta verdade, aparentemente t\u00e3o simples, \u00e9 dif\u00edcil de aceitar&#8221;, pois &#8220;vivemos numa \u00e9poca que preza a autossufici\u00eancia, a efici\u00eancia e o desempenho&#8221;.<\/em><\/p>\n<hr \/>\n<p>A Pra\u00e7a S\u00e3o Pedro acolheu milhares de fi\u00e9is para a Audi\u00eancia Geral desta quarta-feira, 03 de setembro, em que o Papa Le\u00e3o XIV deu continuidade ao ciclo de catequeses dedicado ao tema \u201cJesus Cristo nossa Esperan\u00e7a\u201d.<\/p>\n<p>As palavras de Jesus &#8220;Tenho sede&#8221; e logo depois &#8220;Tudo est\u00e1 consumado&#8221;, proferidas ap\u00f3s ser crucificado, foram o centro da catequese deste encontro semanal com os fi\u00e9is.<\/p>\n<p>&#8220;S\u00e3o palavras finais, mas carregadas de uma vida inteira, que revelam o sentido de toda a exist\u00eancia do Filho de Deus. Na cruz, Jesus n\u00e3o aparece como um her\u00f3i vitorioso, mas como um mendigo de amor. N\u00e3o proclama, n\u00e3o condena, n\u00e3o se defende. Pede humildemente o que n\u00e3o pode dar a si mesmo&#8221;, frisou o Pont\u00edfice, acrescentando:<\/p>\n<p>A sede do Crucificado n\u00e3o \u00e9 apenas a necessidade fisiol\u00f3gica de um corpo torturado. \u00c9 tamb\u00e9m, e sobretudo, a express\u00e3o de um desejo profundo: o de amor, de rela\u00e7\u00e3o, de comunh\u00e3o. \u00c9 o grito silencioso de um Deus que, tendo querido partilhar tudo sobre a nossa condi\u00e7\u00e3o humana, deixa-se passar tamb\u00e9m por essa sede.<\/p>\n<p>Um Deus que n\u00e3o se envergonha de pedir e com este gesto nos diz &#8220;que o amor, para ser verdadeiro, deve tamb\u00e9m aprender a pedir e n\u00e3o apenas a dar&#8221;. Assim, Jesus &#8220;manifesta a sua humanidade e a nossa tamb\u00e9m&#8221;. &#8220;Nenhum de n\u00f3s \u00e9 autossuficiente. Ningu\u00e9m se pode salvar sozinho&#8221;, disse ainda o Papa. &#8220;A vida &#8216;consuma-se&#8217; n\u00e3o quando somos fortes, mas quando aprendemos a receber. Nesse momento, depois de ter recebido de estranhos uma esponja embebida em vinagre, Jesus proclama: Est\u00e1 consumado. O amor tornou-se carente e, precisamente por isso, consumou a sua obra&#8221;, sublinhou.<\/p>\n<p>Este \u00e9 o paradoxo crist\u00e3o: Deus salva n\u00e3o fazendo, mas deixando-se fazer. N\u00e3o vencendo o mal pela for\u00e7a, mas aceitando plenamente a fragilidade do amor. Na cruz, Jesus nos ensina que a realiza\u00e7\u00e3o humana n\u00e3o se alcan\u00e7a pelo poder, mas pela abertura confiante aos outros, mesmo quando hostis e inimigos.<\/p>\n<p>Segundo Le\u00e3o XIV, &#8220;a salva\u00e7\u00e3o n\u00e3o reside na autonomia, mas em reconhecer humildemente as pr\u00f3prias necessidades e saber exprimi-las livremente&#8221;.<\/p>\n<p>A consuma\u00e7\u00e3o da nossa humanidade no plano de Deus n\u00e3o \u00e9 um ato de for\u00e7a, mas um gesto de confian\u00e7a. Jesus n\u00e3o salva com uma reviravolta dram\u00e1tica, mas pedindo algo que Ele n\u00e3o pode dar a si mesmo. E aqui abre-se uma porta para a verdadeira esperan\u00e7a: se at\u00e9 o Filho de Deus escolheu n\u00e3o ser autossuficiente, ent\u00e3o a nossa sede \u2014 de amor, de sentido, de justi\u00e7a \u2014 n\u00e3o \u00e9 um sinal de fracasso, mas de verdade.<\/p>\n<p>De acordo com o Papa, &#8220;esta verdade, aparentemente t\u00e3o simples, \u00e9 dif\u00edcil de aceitar&#8221;, pois &#8220;vivemos numa \u00e9poca que preza a autossufici\u00eancia, a efici\u00eancia e o desempenho. No entanto, o Evangelho nos mostra que a medida da nossa humanidade n\u00e3o \u00e9 o que podemos conquistar, mas a nossa capacidade de nos deixarmos amar e, quando necess\u00e1rio, at\u00e9 mesmo ajudar&#8221;.<\/p>\n<p>&#8220;Jesus nos salva mostrando que pedir n\u00e3o \u00e9 indigno, mas libertador. \u00c9 a sa\u00edda do esconderijo do pecado, para reentrar no espa\u00e7o da comunh\u00e3o. Desde o princ\u00edpio, o pecado gerou vergonha. Mas o verdadeiro perd\u00e3o surge quando conseguimos encarar a nossa necessidade e deixar de temer a rejei\u00e7\u00e3o&#8221;, ressaltou.<\/p>\n<p>A sede de Jesus na cruz \u00e9 a nossa tamb\u00e9m. \u00c9 o clamor de uma humanidade ferida que ainda procura \u00e1gua viva. Essa sede n\u00e3o nos afasta de Deus, na verdade une-nos a Ele. Se tivermos a coragem de a reconhecer, podemos descobrir que at\u00e9 a nossa fragilidade \u00e9 uma ponte para o c\u00e9u. Precisamente no pedir \u2014 n\u00e3o no possuir \u2014 abre-se um caminho para a liberdade, porque deixamos de fingir que somos suficientes para n\u00f3s pr\u00f3prios.<\/p>\n<p>&#8220;Na fraternidade, na vida simples, na arte de pedir sem vergonha e de oferecer sem c\u00e1lculos, reside uma alegria desconhecida para o mundo. Uma alegria que nos restitui \u00e0 verdade original do nosso ser: somos criaturas feitas para dar e receber amor&#8221;, sublinhou ainda Le\u00e3o XIV que, concluindo sua catequese, disse que &#8220;na sede de Cristo podemos reconhecer toda a nossa sede. E aprender que n\u00e3o h\u00e1 nada mais humano, nada mais divino, do que poder dizer: tenho necessidade. N\u00e3o tenhamos medo de pedir, sobretudo quando sentimos que n\u00e3o merecemos. N\u00e3o tenhamos vergonha de estender a m\u00e3o. \u00c9 precisamente a\u00ed, nesse gesto humilde, que se esconde a salva\u00e7\u00e3o&#8221;.<\/p>\n<hr \/>\n<p><em>Mariangela Jaguraba &#8211; Vatican News<\/em><\/p>\n","protected":false},"excerpt":{"rendered":"<p>Audi\u00eancia Geral<\/p>\n","protected":false},"author":11,"featured_media":259790,"comment_status":"open","ping_status":"open","sticky":false,"template":"","format":"standard","meta":[],"categories":[1,2410,2345],"tags":[487,2343],"acf":[],"yoast_head":"<!-- This site is optimized with the Yoast SEO plugin v19.2 - https:\/\/yoast.com\/wordpress\/plugins\/seo\/ -->\n<title>O Papa: a sede de Jesus na cruz \u00e9 a nossa tamb\u00e9m. Clamor de uma humanidade ferida - Not\u00edcias - Franciscanos<\/title>\n<meta name=\"robots\" content=\"index, follow, max-snippet:-1, max-image-preview:large, max-video-preview:-1\" \/>\n<link rel=\"canonical\" href=\"https:\/\/franciscanos.org.br\/noticias\/o-papa-a-sede-de-jesus-na-cruz-e-a-nossa-tambem-clamor-de-uma-humanidade-ferida.html\" \/>\n<meta property=\"og:locale\" content=\"pt_BR\" \/>\n<meta property=\"og:type\" content=\"article\" \/>\n<meta property=\"og:title\" content=\"O Papa: a sede de Jesus na cruz \u00e9 a nossa tamb\u00e9m. Clamor de uma humanidade ferida - Not\u00edcias - Franciscanos\" \/>\n<meta property=\"og:description\" content=\"Audi\u00eancia Geral\" \/>\n<meta property=\"og:url\" content=\"https:\/\/franciscanos.org.br\/noticias\/o-papa-a-sede-de-jesus-na-cruz-e-a-nossa-tambem-clamor-de-uma-humanidade-ferida.html\" \/>\n<meta property=\"og:site_name\" content=\"Not\u00edcias - Franciscanos\" \/>\n<meta property=\"article:published_time\" content=\"2025-09-03T10:17:21+00:00\" \/>\n<meta property=\"article:modified_time\" content=\"2025-09-12T11:16:49+00:00\" \/>\n<meta property=\"og:image\" content=\"https:\/\/franciscanos.org.br\/noticias\/wp-content\/uploads\/2025\/09\/CHAMADA-4.jpg\" \/>\n\t<meta property=\"og:image:width\" content=\"800\" \/>\n\t<meta property=\"og:image:height\" content=\"550\" \/>\n\t<meta property=\"og:image:type\" content=\"image\/jpeg\" \/>\n<meta name=\"author\" content=\"Adriana Rabelo\" \/>\n<meta name=\"twitter:card\" content=\"summary_large_image\" \/>\n<meta name=\"twitter:label1\" content=\"Escrito por\" \/>\n\t<meta name=\"twitter:data1\" content=\"Adriana Rabelo\" \/>\n\t<meta name=\"twitter:label2\" content=\"Est. tempo de leitura\" \/>\n\t<meta name=\"twitter:data2\" content=\"4 minutos\" \/>\n<script type=\"application\/ld+json\" class=\"yoast-schema-graph\">{\"@context\":\"https:\/\/schema.org\",\"@graph\":[{\"@type\":\"WebSite\",\"@id\":\"https:\/\/franciscanos.org.br\/noticias\/#website\",\"url\":\"https:\/\/franciscanos.org.br\/noticias\/\",\"name\":\"Not\u00edcias - Franciscanos\",\"description\":\"Prov\u00edncia Franciscana da Imaculada Concei\u00e7\u00e3o do Brasil - Ordem dos Frades Menores - OFM\",\"potentialAction\":[{\"@type\":\"SearchAction\",\"target\":{\"@type\":\"EntryPoint\",\"urlTemplate\":\"https:\/\/franciscanos.org.br\/noticias\/?s={search_term_string}\"},\"query-input\":\"required name=search_term_string\"}],\"inLanguage\":\"pt-BR\"},{\"@type\":\"ImageObject\",\"inLanguage\":\"pt-BR\",\"@id\":\"https:\/\/franciscanos.org.br\/noticias\/o-papa-a-sede-de-jesus-na-cruz-e-a-nossa-tambem-clamor-de-uma-humanidade-ferida.html#primaryimage\",\"url\":\"https:\/\/franciscanos.org.br\/noticias\/wp-content\/uploads\/2025\/09\/CHAMADA-4.jpg\",\"contentUrl\":\"https:\/\/franciscanos.org.br\/noticias\/wp-content\/uploads\/2025\/09\/CHAMADA-4.jpg\",\"width\":800,\"height\":550},{\"@type\":\"WebPage\",\"@id\":\"https:\/\/franciscanos.org.br\/noticias\/o-papa-a-sede-de-jesus-na-cruz-e-a-nossa-tambem-clamor-de-uma-humanidade-ferida.html#webpage\",\"url\":\"https:\/\/franciscanos.org.br\/noticias\/o-papa-a-sede-de-jesus-na-cruz-e-a-nossa-tambem-clamor-de-uma-humanidade-ferida.html\",\"name\":\"O Papa: a sede de Jesus na cruz \u00e9 a nossa tamb\u00e9m. Clamor de uma humanidade ferida - Not\u00edcias - Franciscanos\",\"isPartOf\":{\"@id\":\"https:\/\/franciscanos.org.br\/noticias\/#website\"},\"primaryImageOfPage\":{\"@id\":\"https:\/\/franciscanos.org.br\/noticias\/o-papa-a-sede-de-jesus-na-cruz-e-a-nossa-tambem-clamor-de-uma-humanidade-ferida.html#primaryimage\"},\"datePublished\":\"2025-09-03T10:17:21+00:00\",\"dateModified\":\"2025-09-12T11:16:49+00:00\",\"author\":{\"@id\":\"https:\/\/franciscanos.org.br\/noticias\/#\/schema\/person\/d9422e83121c3ad3b0f423d195f5bb25\"},\"breadcrumb\":{\"@id\":\"https:\/\/franciscanos.org.br\/noticias\/o-papa-a-sede-de-jesus-na-cruz-e-a-nossa-tambem-clamor-de-uma-humanidade-ferida.html#breadcrumb\"},\"inLanguage\":\"pt-BR\",\"potentialAction\":[{\"@type\":\"ReadAction\",\"target\":[\"https:\/\/franciscanos.org.br\/noticias\/o-papa-a-sede-de-jesus-na-cruz-e-a-nossa-tambem-clamor-de-uma-humanidade-ferida.html\"]}]},{\"@type\":\"BreadcrumbList\",\"@id\":\"https:\/\/franciscanos.org.br\/noticias\/o-papa-a-sede-de-jesus-na-cruz-e-a-nossa-tambem-clamor-de-uma-humanidade-ferida.html#breadcrumb\",\"itemListElement\":[{\"@type\":\"ListItem\",\"position\":1,\"name\":\"Home\",\"item\":\"https:\/\/franciscanos.org.br\/noticias\"},{\"@type\":\"ListItem\",\"position\":2,\"name\":\"O Papa: a sede de Jesus na cruz \u00e9 a nossa tamb\u00e9m. Clamor de uma humanidade ferida\"}]},{\"@type\":\"Person\",\"@id\":\"https:\/\/franciscanos.org.br\/noticias\/#\/schema\/person\/d9422e83121c3ad3b0f423d195f5bb25\",\"name\":\"Adriana Rabelo\",\"image\":{\"@type\":\"ImageObject\",\"inLanguage\":\"pt-BR\",\"@id\":\"https:\/\/franciscanos.org.br\/noticias\/#\/schema\/person\/image\/\",\"url\":\"https:\/\/secure.gravatar.com\/avatar\/0a937b7500cd7df77540cfb8bede877d?s=96&d=mm&r=g\",\"contentUrl\":\"https:\/\/secure.gravatar.com\/avatar\/0a937b7500cd7df77540cfb8bede877d?s=96&d=mm&r=g\",\"caption\":\"Adriana Rabelo\"},\"url\":\"https:\/\/franciscanos.org.br\/noticias\/author\/adrianarabelo\"}]}<\/script>\n<!-- \/ Yoast SEO plugin. -->","yoast_head_json":{"title":"O Papa: a sede de Jesus na cruz \u00e9 a nossa tamb\u00e9m. Clamor de uma humanidade ferida - Not\u00edcias - Franciscanos","robots":{"index":"index","follow":"follow","max-snippet":"max-snippet:-1","max-image-preview":"max-image-preview:large","max-video-preview":"max-video-preview:-1"},"canonical":"https:\/\/franciscanos.org.br\/noticias\/o-papa-a-sede-de-jesus-na-cruz-e-a-nossa-tambem-clamor-de-uma-humanidade-ferida.html","og_locale":"pt_BR","og_type":"article","og_title":"O Papa: a sede de Jesus na cruz \u00e9 a nossa tamb\u00e9m. Clamor de uma humanidade ferida - Not\u00edcias - Franciscanos","og_description":"Audi\u00eancia Geral","og_url":"https:\/\/franciscanos.org.br\/noticias\/o-papa-a-sede-de-jesus-na-cruz-e-a-nossa-tambem-clamor-de-uma-humanidade-ferida.html","og_site_name":"Not\u00edcias - Franciscanos","article_published_time":"2025-09-03T10:17:21+00:00","article_modified_time":"2025-09-12T11:16:49+00:00","og_image":[{"width":800,"height":550,"url":"https:\/\/franciscanos.org.br\/noticias\/wp-content\/uploads\/2025\/09\/CHAMADA-4.jpg","type":"image\/jpeg"}],"author":"Adriana Rabelo","twitter_card":"summary_large_image","twitter_misc":{"Escrito por":"Adriana Rabelo","Est. tempo de leitura":"4 minutos"},"schema":{"@context":"https:\/\/schema.org","@graph":[{"@type":"WebSite","@id":"https:\/\/franciscanos.org.br\/noticias\/#website","url":"https:\/\/franciscanos.org.br\/noticias\/","name":"Not\u00edcias - Franciscanos","description":"Prov\u00edncia Franciscana da Imaculada Concei\u00e7\u00e3o do Brasil - Ordem dos Frades Menores - OFM","potentialAction":[{"@type":"SearchAction","target":{"@type":"EntryPoint","urlTemplate":"https:\/\/franciscanos.org.br\/noticias\/?s={search_term_string}"},"query-input":"required name=search_term_string"}],"inLanguage":"pt-BR"},{"@type":"ImageObject","inLanguage":"pt-BR","@id":"https:\/\/franciscanos.org.br\/noticias\/o-papa-a-sede-de-jesus-na-cruz-e-a-nossa-tambem-clamor-de-uma-humanidade-ferida.html#primaryimage","url":"https:\/\/franciscanos.org.br\/noticias\/wp-content\/uploads\/2025\/09\/CHAMADA-4.jpg","contentUrl":"https:\/\/franciscanos.org.br\/noticias\/wp-content\/uploads\/2025\/09\/CHAMADA-4.jpg","width":800,"height":550},{"@type":"WebPage","@id":"https:\/\/franciscanos.org.br\/noticias\/o-papa-a-sede-de-jesus-na-cruz-e-a-nossa-tambem-clamor-de-uma-humanidade-ferida.html#webpage","url":"https:\/\/franciscanos.org.br\/noticias\/o-papa-a-sede-de-jesus-na-cruz-e-a-nossa-tambem-clamor-de-uma-humanidade-ferida.html","name":"O Papa: a sede de Jesus na cruz \u00e9 a nossa tamb\u00e9m. Clamor de uma humanidade ferida - Not\u00edcias - Franciscanos","isPartOf":{"@id":"https:\/\/franciscanos.org.br\/noticias\/#website"},"primaryImageOfPage":{"@id":"https:\/\/franciscanos.org.br\/noticias\/o-papa-a-sede-de-jesus-na-cruz-e-a-nossa-tambem-clamor-de-uma-humanidade-ferida.html#primaryimage"},"datePublished":"2025-09-03T10:17:21+00:00","dateModified":"2025-09-12T11:16:49+00:00","author":{"@id":"https:\/\/franciscanos.org.br\/noticias\/#\/schema\/person\/d9422e83121c3ad3b0f423d195f5bb25"},"breadcrumb":{"@id":"https:\/\/franciscanos.org.br\/noticias\/o-papa-a-sede-de-jesus-na-cruz-e-a-nossa-tambem-clamor-de-uma-humanidade-ferida.html#breadcrumb"},"inLanguage":"pt-BR","potentialAction":[{"@type":"ReadAction","target":["https:\/\/franciscanos.org.br\/noticias\/o-papa-a-sede-de-jesus-na-cruz-e-a-nossa-tambem-clamor-de-uma-humanidade-ferida.html"]}]},{"@type":"BreadcrumbList","@id":"https:\/\/franciscanos.org.br\/noticias\/o-papa-a-sede-de-jesus-na-cruz-e-a-nossa-tambem-clamor-de-uma-humanidade-ferida.html#breadcrumb","itemListElement":[{"@type":"ListItem","position":1,"name":"Home","item":"https:\/\/franciscanos.org.br\/noticias"},{"@type":"ListItem","position":2,"name":"O Papa: a sede de Jesus na cruz \u00e9 a nossa tamb\u00e9m. Clamor de uma humanidade ferida"}]},{"@type":"Person","@id":"https:\/\/franciscanos.org.br\/noticias\/#\/schema\/person\/d9422e83121c3ad3b0f423d195f5bb25","name":"Adriana Rabelo","image":{"@type":"ImageObject","inLanguage":"pt-BR","@id":"https:\/\/franciscanos.org.br\/noticias\/#\/schema\/person\/image\/","url":"https:\/\/secure.gravatar.com\/avatar\/0a937b7500cd7df77540cfb8bede877d?s=96&d=mm&r=g","contentUrl":"https:\/\/secure.gravatar.com\/avatar\/0a937b7500cd7df77540cfb8bede877d?s=96&d=mm&r=g","caption":"Adriana Rabelo"},"url":"https:\/\/franciscanos.org.br\/noticias\/author\/adrianarabelo"}]}},"_links":{"self":[{"href":"https:\/\/franciscanos.org.br\/noticias\/wp-json\/wp\/v2\/posts\/259789"}],"collection":[{"href":"https:\/\/franciscanos.org.br\/noticias\/wp-json\/wp\/v2\/posts"}],"about":[{"href":"https:\/\/franciscanos.org.br\/noticias\/wp-json\/wp\/v2\/types\/post"}],"author":[{"embeddable":true,"href":"https:\/\/franciscanos.org.br\/noticias\/wp-json\/wp\/v2\/users\/11"}],"replies":[{"embeddable":true,"href":"https:\/\/franciscanos.org.br\/noticias\/wp-json\/wp\/v2\/comments?post=259789"}],"version-history":[{"count":1,"href":"https:\/\/franciscanos.org.br\/noticias\/wp-json\/wp\/v2\/posts\/259789\/revisions"}],"predecessor-version":[{"id":259792,"href":"https:\/\/franciscanos.org.br\/noticias\/wp-json\/wp\/v2\/posts\/259789\/revisions\/259792"}],"wp:featuredmedia":[{"embeddable":true,"href":"https:\/\/franciscanos.org.br\/noticias\/wp-json\/wp\/v2\/media\/259790"}],"wp:attachment":[{"href":"https:\/\/franciscanos.org.br\/noticias\/wp-json\/wp\/v2\/media?parent=259789"}],"wp:term":[{"taxonomy":"category","embeddable":true,"href":"https:\/\/franciscanos.org.br\/noticias\/wp-json\/wp\/v2\/categories?post=259789"},{"taxonomy":"post_tag","embeddable":true,"href":"https:\/\/franciscanos.org.br\/noticias\/wp-json\/wp\/v2\/tags?post=259789"}],"curies":[{"name":"wp","href":"https:\/\/api.w.org\/{rel}","templated":true}]}}