{"id":259778,"date":"2025-09-02T11:34:44","date_gmt":"2025-09-02T14:34:44","guid":{"rendered":"https:\/\/franciscanos.org.br\/noticias\/?p=259778"},"modified":"2025-09-02T11:36:57","modified_gmt":"2025-09-02T14:36:57","slug":"sefras-leva-musica-historias-e-protagonismo-a-2a-edicao-do-festival-pop-rua","status":"publish","type":"post","link":"https:\/\/franciscanos.org.br\/noticias\/sefras-leva-musica-historias-e-protagonismo-a-2a-edicao-do-festival-pop-rua.html","title":{"rendered":"Sefras leva m\u00fasica, hist\u00f3rias e protagonismo \u00e0 2\u00aa edi\u00e7\u00e3o do Festival Pop Rua"},"content":{"rendered":"<p><span style=\"font-weight: 400;\"><img loading=\"lazy\" class=\"aligncenter wp-image-259779 size-full\" src=\"https:\/\/franciscanos.org.br\/noticias\/wp-content\/uploads\/2025\/09\/MATERIA-1-4.jpg\" alt=\"\" width=\"1280\" height=\"720\" srcset=\"https:\/\/franciscanos.org.br\/noticias\/wp-content\/uploads\/2025\/09\/MATERIA-1-4.jpg 1280w, https:\/\/franciscanos.org.br\/noticias\/wp-content\/uploads\/2025\/09\/MATERIA-1-4-450x253.jpg 450w, https:\/\/franciscanos.org.br\/noticias\/wp-content\/uploads\/2025\/09\/MATERIA-1-4-1024x576.jpg 1024w, https:\/\/franciscanos.org.br\/noticias\/wp-content\/uploads\/2025\/09\/MATERIA-1-4-768x432.jpg 768w, https:\/\/franciscanos.org.br\/noticias\/wp-content\/uploads\/2025\/09\/MATERIA-1-4-150x84.jpg 150w\" sizes=\"(max-width: 1280px) 100vw, 1280px\" \/><\/span><\/p>\n<p><span style=\"font-weight: 400;\">No dia 29 de agosto, o Sefras \u2013 A\u00e7\u00e3o Social Franciscana participou da segunda edi\u00e7\u00e3o do Festival Pop Rua \u2013 Popula\u00e7\u00e3o em Situa\u00e7\u00e3o de Rua e o Direito \u00e0 Cultura, promovido pelo Sesc S\u00e3o Paulo e pelo Museu da L\u00edngua Portuguesa. A programa\u00e7\u00e3o reuniu artistas, coletivos e pessoas em situa\u00e7\u00e3o de rua em torno da arte como ferramenta de cidadania e reconhecimento de direitos.<\/span><\/p>\n<p><span style=\"font-weight: 400;\">Segundo Beatriz Clemente, assistente social do Ch\u00e1 do Padre e uma das organizadoras do festival: \u201cEu acredito muito que a arte \u00e9 uma forma de inclus\u00e3o social, porque atrav\u00e9s dela as pessoas podem se expressar e se fortalecer. A presen\u00e7a do SEFRAS aqui \u00e9 a maneira de mostrar para a cidade que estamos realizando um trabalho s\u00e9rio, comprometido e transformador.\u201d<\/span><\/p>\n\n\t\t<style type=\"text\/css\">\n\t\t\t#gallery-1 {\n\t\t\t\tmargin: auto;\n\t\t\t}\n\t\t\t#gallery-1 .gallery-item {\n\t\t\t\tfloat: left;\n\t\t\t\tmargin-top: 10px;\n\t\t\t\ttext-align: center;\n\t\t\t\twidth: 33%;\n\t\t\t}\n\t\t\t#gallery-1 img {\n\t\t\t\tborder: 2px solid #cfcfcf;\n\t\t\t}\n\t\t\t#gallery-1 .gallery-caption {\n\t\t\t\tmargin-left: 0;\n\t\t\t}\n\t\t\t\/* see gallery_shortcode() in wp-includes\/media.php *\/\n\t\t<\/style>\n\t\t<div id='gallery-1' class='gallery galleryid-259778 gallery-columns-3 gallery-size-thumbnail'><dl class='gallery-item'>\n\t\t\t<dt class='gallery-icon landscape'>\n\t\t\t\t<a href='https:\/\/franciscanos.org.br\/noticias\/wp-content\/uploads\/2025\/09\/IMG_6439-scaled.jpg'><img width=\"300\" height=\"300\" src=\"https:\/\/franciscanos.org.br\/noticias\/wp-content\/uploads\/2025\/09\/IMG_6439-300x300.jpg\" class=\"attachment-thumbnail size-thumbnail\" alt=\"\" loading=\"lazy\" srcset=\"https:\/\/franciscanos.org.br\/noticias\/wp-content\/uploads\/2025\/09\/IMG_6439-300x300.jpg 300w, https:\/\/franciscanos.org.br\/noticias\/wp-content\/uploads\/2025\/09\/IMG_6439-100x100.jpg 100w\" sizes=\"(max-width: 300px) 100vw, 300px\" \/><\/a>\n\t\t\t<\/dt><\/dl><dl class='gallery-item'>\n\t\t\t<dt class='gallery-icon landscape'>\n\t\t\t\t<a href='https:\/\/franciscanos.org.br\/noticias\/wp-content\/uploads\/2025\/09\/IMG_6402-scaled.jpg'><img width=\"300\" height=\"300\" src=\"https:\/\/franciscanos.org.br\/noticias\/wp-content\/uploads\/2025\/09\/IMG_6402-300x300.jpg\" class=\"attachment-thumbnail size-thumbnail\" alt=\"\" loading=\"lazy\" srcset=\"https:\/\/franciscanos.org.br\/noticias\/wp-content\/uploads\/2025\/09\/IMG_6402-300x300.jpg 300w, https:\/\/franciscanos.org.br\/noticias\/wp-content\/uploads\/2025\/09\/IMG_6402-100x100.jpg 100w\" sizes=\"(max-width: 300px) 100vw, 300px\" \/><\/a>\n\t\t\t<\/dt><\/dl><dl class='gallery-item'>\n\t\t\t<dt class='gallery-icon landscape'>\n\t\t\t\t<a href='https:\/\/franciscanos.org.br\/noticias\/wp-content\/uploads\/2025\/09\/IMG_6434-scaled.jpg'><img width=\"300\" height=\"300\" src=\"https:\/\/franciscanos.org.br\/noticias\/wp-content\/uploads\/2025\/09\/IMG_6434-300x300.jpg\" class=\"attachment-thumbnail size-thumbnail\" alt=\"\" loading=\"lazy\" srcset=\"https:\/\/franciscanos.org.br\/noticias\/wp-content\/uploads\/2025\/09\/IMG_6434-300x300.jpg 300w, https:\/\/franciscanos.org.br\/noticias\/wp-content\/uploads\/2025\/09\/IMG_6434-100x100.jpg 100w\" sizes=\"(max-width: 300px) 100vw, 300px\" \/><\/a>\n\t\t\t<\/dt><\/dl><br style=\"clear: both\" \/>\n\t\t<\/div>\n\n<p><span style=\"font-weight: 400;\">O Ch\u00e1 do Padre, uma das Casas Franciscanas do Sefras, marcou presen\u00e7a com diferentes express\u00f5es art\u00edsticas. O p\u00fablico acompanhou a apresenta\u00e7\u00e3o do Ch\u00e1 do Padre e Quarteto Fora de Contexto, grupo que nasceu das oficinas musicais oferecidas semanalmente pela EMESP Tom Jobim no espa\u00e7o.<\/span><\/p>\n<p><span style=\"font-weight: 400;\">Para Brenda, participante do Ch\u00e1 do Padre que se apresentou no festival: \u201cEu sempre gostei de cantar, mas foi com as oficinas dos professores da EMESP que consegui me desenvolver de verdade. Estar aqui hoje \u00e9 como reconstruir a arte dentro da minha vida.\u201d<\/span><\/p>\n<p><span style=\"font-weight: 400;\">Outro momento importante foi o lan\u00e7amento do livro \u201cDePara: Banquete de mem\u00f3rias, cartas e receitas\u201d, iniciativa do Museu da L\u00edngua Portuguesa que contou com a contribui\u00e7\u00e3o de trabalhadores e participantes do Sefras. Entre os depoimentos, est\u00e1 o de Marcos da Silva, colaborador do Ch\u00e1 do Padre, que compartilhou sua pr\u00e1tica de aben\u00e7oar as marmitas antes de entreg\u00e1-las no almo\u00e7o \u2014 gesto simples, mas carregado de cuidado e humanidade.<\/span><\/p>\n<p><span style=\"font-weight: 400;\">O Palco Sefras tamb\u00e9m integrou a programa\u00e7\u00e3o do festival, recebendo apresenta\u00e7\u00f5es do Coletivo Viva Rua, Org\u00e2nicos, Kric Cruz, MC Docinho, M\u00e1rcio Ant\u00f4nio, Chris Lamat e Ru\u00eddos no Caos. Cada artista trouxe ao p\u00fablico uma leitura pr\u00f3pria sobre resist\u00eancia, vida nas ruas e possibilidades de cria\u00e7\u00e3o.<\/span><\/p>\n<p><span style=\"font-weight: 400;\"><img loading=\"lazy\" class=\"aligncenter wp-image-259781 size-full\" src=\"https:\/\/franciscanos.org.br\/noticias\/wp-content\/uploads\/2025\/09\/MATERIA-2-5.jpg\" alt=\"\" width=\"1280\" height=\"720\" srcset=\"https:\/\/franciscanos.org.br\/noticias\/wp-content\/uploads\/2025\/09\/MATERIA-2-5.jpg 1280w, https:\/\/franciscanos.org.br\/noticias\/wp-content\/uploads\/2025\/09\/MATERIA-2-5-450x253.jpg 450w, https:\/\/franciscanos.org.br\/noticias\/wp-content\/uploads\/2025\/09\/MATERIA-2-5-1024x576.jpg 1024w, https:\/\/franciscanos.org.br\/noticias\/wp-content\/uploads\/2025\/09\/MATERIA-2-5-768x432.jpg 768w, https:\/\/franciscanos.org.br\/noticias\/wp-content\/uploads\/2025\/09\/MATERIA-2-5-150x84.jpg 150w\" sizes=\"(max-width: 1280px) 100vw, 1280px\" \/>Entre eles, Kric Cruz, que j\u00e1 trabalhou no Ch\u00e1 do Padre e hoje segue sua trajet\u00f3ria art\u00edstica, relembrou sua passagem pelo projeto:\u00a0 \u201c\u00c9 fundamental ter espa\u00e7os como este na cidade. Precisamos de mais lugares que cuidem verdadeiramente dos mais vulner\u00e1veis, como o Sefras faz. Eu acredito que as pessoas precisam, acima de tudo, de oportunidades para viver com dignidade.\u201d<\/span><\/p>\n<p><span style=\"font-weight: 400;\">Com sua participa\u00e7\u00e3o, o Sefras refor\u00e7a que a arte \u00e9 parte fundamental da vida social e que o acesso \u00e0 cultura \u00e9 um direito de todos. Mais do que apresenta\u00e7\u00f5es, o Festival Pop Rua se consolidou como um espa\u00e7o de reconhecimento e protagonismo para pessoas em situa\u00e7\u00e3o de rua, que encontraram no palco a oportunidade de compartilhar suas hist\u00f3rias e talentos.<\/span><\/p>\n<hr \/>\n<p><em>Melissa Galdino \/Sefras<\/em><\/p>\n","protected":false},"excerpt":{"rendered":"<p>A\u00e7\u00e3o Social Franciscana<\/p>\n","protected":false},"author":11,"featured_media":259788,"comment_status":"open","ping_status":"open","sticky":false,"template":"","format":"standard","meta":[],"categories":[1],"tags":[228],"acf":[],"yoast_head":"<!-- This site is optimized with the Yoast SEO plugin v19.2 - https:\/\/yoast.com\/wordpress\/plugins\/seo\/ -->\n<title>Sefras leva m\u00fasica, hist\u00f3rias e protagonismo \u00e0 2\u00aa edi\u00e7\u00e3o do Festival Pop Rua - Not\u00edcias - Franciscanos<\/title>\n<meta name=\"robots\" content=\"index, follow, max-snippet:-1, max-image-preview:large, max-video-preview:-1\" \/>\n<link rel=\"canonical\" href=\"https:\/\/franciscanos.org.br\/noticias\/sefras-leva-musica-historias-e-protagonismo-a-2a-edicao-do-festival-pop-rua.html\" \/>\n<meta property=\"og:locale\" content=\"pt_BR\" \/>\n<meta property=\"og:type\" content=\"article\" \/>\n<meta property=\"og:title\" content=\"Sefras leva m\u00fasica, hist\u00f3rias e protagonismo \u00e0 2\u00aa edi\u00e7\u00e3o do Festival Pop Rua - Not\u00edcias - Franciscanos\" \/>\n<meta property=\"og:description\" content=\"A\u00e7\u00e3o Social Franciscana\" \/>\n<meta property=\"og:url\" content=\"https:\/\/franciscanos.org.br\/noticias\/sefras-leva-musica-historias-e-protagonismo-a-2a-edicao-do-festival-pop-rua.html\" \/>\n<meta property=\"og:site_name\" content=\"Not\u00edcias - Franciscanos\" \/>\n<meta property=\"article:published_time\" content=\"2025-09-02T14:34:44+00:00\" \/>\n<meta property=\"article:modified_time\" content=\"2025-09-02T14:36:57+00:00\" \/>\n<meta property=\"og:image\" content=\"https:\/\/franciscanos.org.br\/noticias\/wp-content\/uploads\/2025\/09\/CHAMADA-3.jpg\" \/>\n\t<meta property=\"og:image:width\" content=\"800\" \/>\n\t<meta property=\"og:image:height\" content=\"550\" \/>\n\t<meta property=\"og:image:type\" content=\"image\/jpeg\" \/>\n<meta name=\"author\" content=\"Adriana Rabelo\" \/>\n<meta name=\"twitter:card\" content=\"summary_large_image\" \/>\n<meta name=\"twitter:label1\" content=\"Escrito por\" \/>\n\t<meta name=\"twitter:data1\" content=\"Adriana Rabelo\" \/>\n\t<meta name=\"twitter:label2\" content=\"Est. tempo de leitura\" \/>\n\t<meta name=\"twitter:data2\" content=\"2 minutos\" \/>\n<script type=\"application\/ld+json\" class=\"yoast-schema-graph\">{\"@context\":\"https:\/\/schema.org\",\"@graph\":[{\"@type\":\"WebSite\",\"@id\":\"https:\/\/franciscanos.org.br\/noticias\/#website\",\"url\":\"https:\/\/franciscanos.org.br\/noticias\/\",\"name\":\"Not\u00edcias - Franciscanos\",\"description\":\"Prov\u00edncia Franciscana da Imaculada Concei\u00e7\u00e3o do Brasil - Ordem dos Frades Menores - OFM\",\"potentialAction\":[{\"@type\":\"SearchAction\",\"target\":{\"@type\":\"EntryPoint\",\"urlTemplate\":\"https:\/\/franciscanos.org.br\/noticias\/?s={search_term_string}\"},\"query-input\":\"required name=search_term_string\"}],\"inLanguage\":\"pt-BR\"},{\"@type\":\"ImageObject\",\"inLanguage\":\"pt-BR\",\"@id\":\"https:\/\/franciscanos.org.br\/noticias\/sefras-leva-musica-historias-e-protagonismo-a-2a-edicao-do-festival-pop-rua.html#primaryimage\",\"url\":\"https:\/\/franciscanos.org.br\/noticias\/wp-content\/uploads\/2025\/09\/CHAMADA-3.jpg\",\"contentUrl\":\"https:\/\/franciscanos.org.br\/noticias\/wp-content\/uploads\/2025\/09\/CHAMADA-3.jpg\",\"width\":800,\"height\":550},{\"@type\":\"WebPage\",\"@id\":\"https:\/\/franciscanos.org.br\/noticias\/sefras-leva-musica-historias-e-protagonismo-a-2a-edicao-do-festival-pop-rua.html#webpage\",\"url\":\"https:\/\/franciscanos.org.br\/noticias\/sefras-leva-musica-historias-e-protagonismo-a-2a-edicao-do-festival-pop-rua.html\",\"name\":\"Sefras leva m\u00fasica, hist\u00f3rias e protagonismo \u00e0 2\u00aa edi\u00e7\u00e3o do Festival Pop Rua - Not\u00edcias - Franciscanos\",\"isPartOf\":{\"@id\":\"https:\/\/franciscanos.org.br\/noticias\/#website\"},\"primaryImageOfPage\":{\"@id\":\"https:\/\/franciscanos.org.br\/noticias\/sefras-leva-musica-historias-e-protagonismo-a-2a-edicao-do-festival-pop-rua.html#primaryimage\"},\"datePublished\":\"2025-09-02T14:34:44+00:00\",\"dateModified\":\"2025-09-02T14:36:57+00:00\",\"author\":{\"@id\":\"https:\/\/franciscanos.org.br\/noticias\/#\/schema\/person\/d9422e83121c3ad3b0f423d195f5bb25\"},\"breadcrumb\":{\"@id\":\"https:\/\/franciscanos.org.br\/noticias\/sefras-leva-musica-historias-e-protagonismo-a-2a-edicao-do-festival-pop-rua.html#breadcrumb\"},\"inLanguage\":\"pt-BR\",\"potentialAction\":[{\"@type\":\"ReadAction\",\"target\":[\"https:\/\/franciscanos.org.br\/noticias\/sefras-leva-musica-historias-e-protagonismo-a-2a-edicao-do-festival-pop-rua.html\"]}]},{\"@type\":\"BreadcrumbList\",\"@id\":\"https:\/\/franciscanos.org.br\/noticias\/sefras-leva-musica-historias-e-protagonismo-a-2a-edicao-do-festival-pop-rua.html#breadcrumb\",\"itemListElement\":[{\"@type\":\"ListItem\",\"position\":1,\"name\":\"Home\",\"item\":\"https:\/\/franciscanos.org.br\/noticias\"},{\"@type\":\"ListItem\",\"position\":2,\"name\":\"Sefras leva m\u00fasica, hist\u00f3rias e protagonismo \u00e0 2\u00aa edi\u00e7\u00e3o do Festival Pop Rua\"}]},{\"@type\":\"Person\",\"@id\":\"https:\/\/franciscanos.org.br\/noticias\/#\/schema\/person\/d9422e83121c3ad3b0f423d195f5bb25\",\"name\":\"Adriana Rabelo\",\"image\":{\"@type\":\"ImageObject\",\"inLanguage\":\"pt-BR\",\"@id\":\"https:\/\/franciscanos.org.br\/noticias\/#\/schema\/person\/image\/\",\"url\":\"https:\/\/secure.gravatar.com\/avatar\/0a937b7500cd7df77540cfb8bede877d?s=96&d=mm&r=g\",\"contentUrl\":\"https:\/\/secure.gravatar.com\/avatar\/0a937b7500cd7df77540cfb8bede877d?s=96&d=mm&r=g\",\"caption\":\"Adriana Rabelo\"},\"url\":\"https:\/\/franciscanos.org.br\/noticias\/author\/adrianarabelo\"}]}<\/script>\n<!-- \/ Yoast SEO plugin. -->","yoast_head_json":{"title":"Sefras leva m\u00fasica, hist\u00f3rias e protagonismo \u00e0 2\u00aa edi\u00e7\u00e3o do Festival Pop Rua - Not\u00edcias - Franciscanos","robots":{"index":"index","follow":"follow","max-snippet":"max-snippet:-1","max-image-preview":"max-image-preview:large","max-video-preview":"max-video-preview:-1"},"canonical":"https:\/\/franciscanos.org.br\/noticias\/sefras-leva-musica-historias-e-protagonismo-a-2a-edicao-do-festival-pop-rua.html","og_locale":"pt_BR","og_type":"article","og_title":"Sefras leva m\u00fasica, hist\u00f3rias e protagonismo \u00e0 2\u00aa edi\u00e7\u00e3o do Festival Pop Rua - Not\u00edcias - Franciscanos","og_description":"A\u00e7\u00e3o Social Franciscana","og_url":"https:\/\/franciscanos.org.br\/noticias\/sefras-leva-musica-historias-e-protagonismo-a-2a-edicao-do-festival-pop-rua.html","og_site_name":"Not\u00edcias - Franciscanos","article_published_time":"2025-09-02T14:34:44+00:00","article_modified_time":"2025-09-02T14:36:57+00:00","og_image":[{"width":800,"height":550,"url":"https:\/\/franciscanos.org.br\/noticias\/wp-content\/uploads\/2025\/09\/CHAMADA-3.jpg","type":"image\/jpeg"}],"author":"Adriana Rabelo","twitter_card":"summary_large_image","twitter_misc":{"Escrito por":"Adriana Rabelo","Est. tempo de leitura":"2 minutos"},"schema":{"@context":"https:\/\/schema.org","@graph":[{"@type":"WebSite","@id":"https:\/\/franciscanos.org.br\/noticias\/#website","url":"https:\/\/franciscanos.org.br\/noticias\/","name":"Not\u00edcias - Franciscanos","description":"Prov\u00edncia Franciscana da Imaculada Concei\u00e7\u00e3o do Brasil - Ordem dos Frades Menores - OFM","potentialAction":[{"@type":"SearchAction","target":{"@type":"EntryPoint","urlTemplate":"https:\/\/franciscanos.org.br\/noticias\/?s={search_term_string}"},"query-input":"required name=search_term_string"}],"inLanguage":"pt-BR"},{"@type":"ImageObject","inLanguage":"pt-BR","@id":"https:\/\/franciscanos.org.br\/noticias\/sefras-leva-musica-historias-e-protagonismo-a-2a-edicao-do-festival-pop-rua.html#primaryimage","url":"https:\/\/franciscanos.org.br\/noticias\/wp-content\/uploads\/2025\/09\/CHAMADA-3.jpg","contentUrl":"https:\/\/franciscanos.org.br\/noticias\/wp-content\/uploads\/2025\/09\/CHAMADA-3.jpg","width":800,"height":550},{"@type":"WebPage","@id":"https:\/\/franciscanos.org.br\/noticias\/sefras-leva-musica-historias-e-protagonismo-a-2a-edicao-do-festival-pop-rua.html#webpage","url":"https:\/\/franciscanos.org.br\/noticias\/sefras-leva-musica-historias-e-protagonismo-a-2a-edicao-do-festival-pop-rua.html","name":"Sefras leva m\u00fasica, hist\u00f3rias e protagonismo \u00e0 2\u00aa edi\u00e7\u00e3o do Festival Pop Rua - Not\u00edcias - Franciscanos","isPartOf":{"@id":"https:\/\/franciscanos.org.br\/noticias\/#website"},"primaryImageOfPage":{"@id":"https:\/\/franciscanos.org.br\/noticias\/sefras-leva-musica-historias-e-protagonismo-a-2a-edicao-do-festival-pop-rua.html#primaryimage"},"datePublished":"2025-09-02T14:34:44+00:00","dateModified":"2025-09-02T14:36:57+00:00","author":{"@id":"https:\/\/franciscanos.org.br\/noticias\/#\/schema\/person\/d9422e83121c3ad3b0f423d195f5bb25"},"breadcrumb":{"@id":"https:\/\/franciscanos.org.br\/noticias\/sefras-leva-musica-historias-e-protagonismo-a-2a-edicao-do-festival-pop-rua.html#breadcrumb"},"inLanguage":"pt-BR","potentialAction":[{"@type":"ReadAction","target":["https:\/\/franciscanos.org.br\/noticias\/sefras-leva-musica-historias-e-protagonismo-a-2a-edicao-do-festival-pop-rua.html"]}]},{"@type":"BreadcrumbList","@id":"https:\/\/franciscanos.org.br\/noticias\/sefras-leva-musica-historias-e-protagonismo-a-2a-edicao-do-festival-pop-rua.html#breadcrumb","itemListElement":[{"@type":"ListItem","position":1,"name":"Home","item":"https:\/\/franciscanos.org.br\/noticias"},{"@type":"ListItem","position":2,"name":"Sefras leva m\u00fasica, hist\u00f3rias e protagonismo \u00e0 2\u00aa edi\u00e7\u00e3o do Festival Pop Rua"}]},{"@type":"Person","@id":"https:\/\/franciscanos.org.br\/noticias\/#\/schema\/person\/d9422e83121c3ad3b0f423d195f5bb25","name":"Adriana Rabelo","image":{"@type":"ImageObject","inLanguage":"pt-BR","@id":"https:\/\/franciscanos.org.br\/noticias\/#\/schema\/person\/image\/","url":"https:\/\/secure.gravatar.com\/avatar\/0a937b7500cd7df77540cfb8bede877d?s=96&d=mm&r=g","contentUrl":"https:\/\/secure.gravatar.com\/avatar\/0a937b7500cd7df77540cfb8bede877d?s=96&d=mm&r=g","caption":"Adriana Rabelo"},"url":"https:\/\/franciscanos.org.br\/noticias\/author\/adrianarabelo"}]}},"_links":{"self":[{"href":"https:\/\/franciscanos.org.br\/noticias\/wp-json\/wp\/v2\/posts\/259778"}],"collection":[{"href":"https:\/\/franciscanos.org.br\/noticias\/wp-json\/wp\/v2\/posts"}],"about":[{"href":"https:\/\/franciscanos.org.br\/noticias\/wp-json\/wp\/v2\/types\/post"}],"author":[{"embeddable":true,"href":"https:\/\/franciscanos.org.br\/noticias\/wp-json\/wp\/v2\/users\/11"}],"replies":[{"embeddable":true,"href":"https:\/\/franciscanos.org.br\/noticias\/wp-json\/wp\/v2\/comments?post=259778"}],"version-history":[{"count":2,"href":"https:\/\/franciscanos.org.br\/noticias\/wp-json\/wp\/v2\/posts\/259778\/revisions"}],"predecessor-version":[{"id":259787,"href":"https:\/\/franciscanos.org.br\/noticias\/wp-json\/wp\/v2\/posts\/259778\/revisions\/259787"}],"wp:featuredmedia":[{"embeddable":true,"href":"https:\/\/franciscanos.org.br\/noticias\/wp-json\/wp\/v2\/media\/259788"}],"wp:attachment":[{"href":"https:\/\/franciscanos.org.br\/noticias\/wp-json\/wp\/v2\/media?parent=259778"}],"wp:term":[{"taxonomy":"category","embeddable":true,"href":"https:\/\/franciscanos.org.br\/noticias\/wp-json\/wp\/v2\/categories?post=259778"},{"taxonomy":"post_tag","embeddable":true,"href":"https:\/\/franciscanos.org.br\/noticias\/wp-json\/wp\/v2\/tags?post=259778"}],"curies":[{"name":"wp","href":"https:\/\/api.w.org\/{rel}","templated":true}]}}