{"id":259748,"date":"2025-09-02T08:25:01","date_gmt":"2025-09-02T11:25:01","guid":{"rendered":"https:\/\/franciscanos.org.br\/noticias\/?p=259748"},"modified":"2025-09-02T09:17:35","modified_gmt":"2025-09-02T12:17:35","slug":"primeira-reuniao-abre-preparacao-para-a-9a-edicao-das-missoes-franciscanas-da-juventude","status":"publish","type":"post","link":"https:\/\/franciscanos.org.br\/noticias\/primeira-reuniao-abre-preparacao-para-a-9a-edicao-das-missoes-franciscanas-da-juventude.html","title":{"rendered":"Primeira reuni\u00e3o abre prepara\u00e7\u00e3o para a 9\u00aa edi\u00e7\u00e3o das Miss\u00f5es Franciscanas da Juventude"},"content":{"rendered":"<p><img loading=\"lazy\" class=\"aligncenter wp-image-259750 size-full\" src=\"https:\/\/franciscanos.org.br\/noticias\/wp-content\/uploads\/2025\/09\/materia-1-2.jpg\" alt=\"\" width=\"1280\" height=\"720\" srcset=\"https:\/\/franciscanos.org.br\/noticias\/wp-content\/uploads\/2025\/09\/materia-1-2.jpg 1280w, https:\/\/franciscanos.org.br\/noticias\/wp-content\/uploads\/2025\/09\/materia-1-2-450x253.jpg 450w, https:\/\/franciscanos.org.br\/noticias\/wp-content\/uploads\/2025\/09\/materia-1-2-1024x576.jpg 1024w, https:\/\/franciscanos.org.br\/noticias\/wp-content\/uploads\/2025\/09\/materia-1-2-768x432.jpg 768w, https:\/\/franciscanos.org.br\/noticias\/wp-content\/uploads\/2025\/09\/materia-1-2-150x84.jpg 150w\" sizes=\"(max-width: 1280px) 100vw, 1280px\" \/><\/p>\n<p>Na noite de 28 de agosto, a Par\u00f3quia de Santo Amaro da Imperatriz (SC) acolheu a primeira reuni\u00e3o de prepara\u00e7\u00e3o da 9\u00aa edi\u00e7\u00e3o das Miss\u00f5es Franciscanas da Juventude (MFJ). O encontro foi conduzido pelos frades da Equipe de Evangeliza\u00e7\u00e3o com as Juventudes da Prov\u00edncia, Frei Augusto Luiz Gabriel e Frei Felipe Carretta, e contou com a participa\u00e7\u00e3o de cerca de 40 pessoas, entre lideran\u00e7as paroquiais, jovens e os frades da Fraternidade Santo Amaro: Frei Germano Guesser, p\u00e1roco; Frei Nazareno Jos\u00e9 L\u00fcdtke e Frei Nilton Decker, guardi\u00e3o.<\/p>\n<p>O clima foi de alegria e expectativa diante da responsabilidade de sediar o evento, marcado para os dias 29 de janeiro a 1\u00ba de fevereiro de 2026. Jovens da comunidade, como Mateus Lohn e Elisa Martendal, partilharam a alegria de receber a MFJ em Santo Amaro. Ambos t\u00eam longa caminhada em atividades provinciais e destacaram a esperan\u00e7a de que esta edi\u00e7\u00e3o fortale\u00e7a ainda mais a presen\u00e7a da juventude franciscana na regi\u00e3o.<\/p>\n<p><img loading=\"lazy\" class=\"aligncenter wp-image-259755 size-full\" src=\"https:\/\/franciscanos.org.br\/noticias\/wp-content\/uploads\/2025\/09\/materia3.jpg\" alt=\"\" width=\"1280\" height=\"720\" srcset=\"https:\/\/franciscanos.org.br\/noticias\/wp-content\/uploads\/2025\/09\/materia3.jpg 1280w, https:\/\/franciscanos.org.br\/noticias\/wp-content\/uploads\/2025\/09\/materia3-450x253.jpg 450w, https:\/\/franciscanos.org.br\/noticias\/wp-content\/uploads\/2025\/09\/materia3-1024x576.jpg 1024w, https:\/\/franciscanos.org.br\/noticias\/wp-content\/uploads\/2025\/09\/materia3-768x432.jpg 768w, https:\/\/franciscanos.org.br\/noticias\/wp-content\/uploads\/2025\/09\/materia3-150x84.jpg 150w\" sizes=\"(max-width: 1280px) 100vw, 1280px\" \/><\/p>\n<p>A reuni\u00e3o teve como objetivo principal\u00a0apresentar a proposta da MFJ para a comunidade e iniciar os trabalhos de organiza\u00e7\u00e3o. O encontro seguiu uma pauta que incluiu ora\u00e7\u00e3o, apresenta\u00e7\u00e3o da Equipe Provincial e dos jovens locais, al\u00e9m da recorda\u00e7\u00e3o da hist\u00f3ria das miss\u00f5es e da din\u00e2mica do evento, que re\u00fane forma\u00e7\u00e3o, oficinas, espiritualidade e dias inteiros de miss\u00e3o junto \u00e0s comunidades e fam\u00edlias acolhedoras.<\/p>\n<p>Entre os temas sugeridos para nortear a 9\u00aa edi\u00e7\u00e3o, aparecem a celebra\u00e7\u00e3o dos 800 anos da P\u00e1scoa de S\u00e3o Francisco de Assis, a\u00a0 canoniza\u00e7\u00e3o de Carlo Acutis, reflex\u00f5es ligadas \u00e0 paz no Pontificado do Papa Le\u00e3o XIV e os 350 anos da Prov\u00edncia da Imaculada Concei\u00e7\u00e3o do Brasil. A defini\u00e7\u00e3o do tema e lema, bem como a forma\u00e7\u00e3o das equipes de trabalho e escolha dos coordenadores, ficou como tarefa para os pr\u00f3ximos encontros.<\/p>\n<p><img loading=\"lazy\" class=\"aligncenter wp-image-259753 size-full\" src=\"https:\/\/franciscanos.org.br\/noticias\/wp-content\/uploads\/2025\/09\/materia-2-2.jpg\" alt=\"\" width=\"1280\" height=\"720\" srcset=\"https:\/\/franciscanos.org.br\/noticias\/wp-content\/uploads\/2025\/09\/materia-2-2.jpg 1280w, https:\/\/franciscanos.org.br\/noticias\/wp-content\/uploads\/2025\/09\/materia-2-2-450x253.jpg 450w, https:\/\/franciscanos.org.br\/noticias\/wp-content\/uploads\/2025\/09\/materia-2-2-1024x576.jpg 1024w, https:\/\/franciscanos.org.br\/noticias\/wp-content\/uploads\/2025\/09\/materia-2-2-768x432.jpg 768w, https:\/\/franciscanos.org.br\/noticias\/wp-content\/uploads\/2025\/09\/materia-2-2-150x84.jpg 150w\" sizes=\"(max-width: 1280px) 100vw, 1280px\" \/><\/p>\n<p>A organiza\u00e7\u00e3o tamb\u00e9m destacou a\u00a0import\u00e2ncia da identidade visual\u00a0e das estrat\u00e9gias de financiamento. Uma das iniciativas j\u00e1 em andamento \u00e9 a\u00a0venda de camisetas, que acontecer\u00e1 nas par\u00f3quias de Santo Amaro da Imperatriz (SC) e S\u00e3o Pedro de Pato Branco (PR), com o objetivo de levantar fundos para viabilizar a estrutura do evento.<\/p>\n<p><img loading=\"lazy\" class=\"aligncenter wp-image-259762 size-full\" src=\"https:\/\/franciscanos.org.br\/noticias\/wp-content\/uploads\/2025\/09\/materia-4-2.jpg\" alt=\"\" width=\"1280\" height=\"720\" srcset=\"https:\/\/franciscanos.org.br\/noticias\/wp-content\/uploads\/2025\/09\/materia-4-2.jpg 1280w, https:\/\/franciscanos.org.br\/noticias\/wp-content\/uploads\/2025\/09\/materia-4-2-450x253.jpg 450w, https:\/\/franciscanos.org.br\/noticias\/wp-content\/uploads\/2025\/09\/materia-4-2-1024x576.jpg 1024w, https:\/\/franciscanos.org.br\/noticias\/wp-content\/uploads\/2025\/09\/materia-4-2-768x432.jpg 768w, https:\/\/franciscanos.org.br\/noticias\/wp-content\/uploads\/2025\/09\/materia-4-2-150x84.jpg 150w\" sizes=\"(max-width: 1280px) 100vw, 1280px\" \/><\/p>\n<p>As inscri\u00e7\u00f5es para os jovens mission\u00e1rios dever\u00e3o acontecer entre 15 de novembro e 20 de dezembro de 2025. A expectativa \u00e9 reunir participantes de toda a Prov\u00edncia Franciscana da Imaculada Concei\u00e7\u00e3o, que abrange os estados de Santa Catarina, Paran\u00e1, S\u00e3o Paulo, Rio de Janeiro e Esp\u00edrito Santo.<\/p>\n<p>O pr\u00f3ximo encontro de prepara\u00e7\u00e3o ser\u00e1 no dia\u00a026 de setembro, \u00e0s 19h30, novamente em Santo Amaro. Outras reuni\u00f5es est\u00e3o previstas para outubro, novembro, dezembro e janeiro, quando a cidade j\u00e1 se preparar\u00e1 para acolher os jovens mission\u00e1rios.<\/p>\n<hr \/>\n<p><em>Frei Augusto Luiz Gabriel<\/em><\/p>\n","protected":false},"excerpt":{"rendered":"<p>Juventude na Prov\u00edncia<\/p>\n","protected":false},"author":11,"featured_media":259749,"comment_status":"open","ping_status":"open","sticky":false,"template":"","format":"standard","meta":[],"categories":[1],"tags":[1466,1206,2406],"acf":[],"yoast_head":"<!-- This site is optimized with the Yoast SEO plugin v19.2 - https:\/\/yoast.com\/wordpress\/plugins\/seo\/ -->\n<title>Primeira reuni\u00e3o abre prepara\u00e7\u00e3o para a 9\u00aa edi\u00e7\u00e3o das Miss\u00f5es Franciscanas da Juventude - Not\u00edcias - Franciscanos<\/title>\n<meta name=\"robots\" content=\"index, follow, max-snippet:-1, max-image-preview:large, max-video-preview:-1\" \/>\n<link rel=\"canonical\" href=\"https:\/\/franciscanos.org.br\/noticias\/primeira-reuniao-abre-preparacao-para-a-9a-edicao-das-missoes-franciscanas-da-juventude.html\" \/>\n<meta property=\"og:locale\" content=\"pt_BR\" \/>\n<meta property=\"og:type\" content=\"article\" \/>\n<meta property=\"og:title\" content=\"Primeira reuni\u00e3o abre prepara\u00e7\u00e3o para a 9\u00aa edi\u00e7\u00e3o das Miss\u00f5es Franciscanas da Juventude - Not\u00edcias - Franciscanos\" \/>\n<meta property=\"og:description\" content=\"Juventude na Prov\u00edncia\" \/>\n<meta property=\"og:url\" content=\"https:\/\/franciscanos.org.br\/noticias\/primeira-reuniao-abre-preparacao-para-a-9a-edicao-das-missoes-franciscanas-da-juventude.html\" \/>\n<meta property=\"og:site_name\" content=\"Not\u00edcias - Franciscanos\" \/>\n<meta property=\"article:published_time\" content=\"2025-09-02T11:25:01+00:00\" \/>\n<meta property=\"article:modified_time\" content=\"2025-09-02T12:17:35+00:00\" \/>\n<meta property=\"og:image\" content=\"https:\/\/franciscanos.org.br\/noticias\/wp-content\/uploads\/2025\/09\/chamada-1.jpg\" \/>\n\t<meta property=\"og:image:width\" content=\"800\" \/>\n\t<meta property=\"og:image:height\" content=\"550\" \/>\n\t<meta property=\"og:image:type\" content=\"image\/jpeg\" \/>\n<meta name=\"author\" content=\"Adriana Rabelo\" \/>\n<meta name=\"twitter:card\" content=\"summary_large_image\" \/>\n<meta name=\"twitter:label1\" content=\"Escrito por\" \/>\n\t<meta name=\"twitter:data1\" content=\"Adriana Rabelo\" \/>\n\t<meta name=\"twitter:label2\" content=\"Est. tempo de leitura\" \/>\n\t<meta name=\"twitter:data2\" content=\"2 minutos\" \/>\n<script type=\"application\/ld+json\" class=\"yoast-schema-graph\">{\"@context\":\"https:\/\/schema.org\",\"@graph\":[{\"@type\":\"WebSite\",\"@id\":\"https:\/\/franciscanos.org.br\/noticias\/#website\",\"url\":\"https:\/\/franciscanos.org.br\/noticias\/\",\"name\":\"Not\u00edcias - Franciscanos\",\"description\":\"Prov\u00edncia Franciscana da Imaculada Concei\u00e7\u00e3o do Brasil - Ordem dos Frades Menores - OFM\",\"potentialAction\":[{\"@type\":\"SearchAction\",\"target\":{\"@type\":\"EntryPoint\",\"urlTemplate\":\"https:\/\/franciscanos.org.br\/noticias\/?s={search_term_string}\"},\"query-input\":\"required name=search_term_string\"}],\"inLanguage\":\"pt-BR\"},{\"@type\":\"ImageObject\",\"inLanguage\":\"pt-BR\",\"@id\":\"https:\/\/franciscanos.org.br\/noticias\/primeira-reuniao-abre-preparacao-para-a-9a-edicao-das-missoes-franciscanas-da-juventude.html#primaryimage\",\"url\":\"https:\/\/franciscanos.org.br\/noticias\/wp-content\/uploads\/2025\/09\/chamada-1.jpg\",\"contentUrl\":\"https:\/\/franciscanos.org.br\/noticias\/wp-content\/uploads\/2025\/09\/chamada-1.jpg\",\"width\":800,\"height\":550},{\"@type\":\"WebPage\",\"@id\":\"https:\/\/franciscanos.org.br\/noticias\/primeira-reuniao-abre-preparacao-para-a-9a-edicao-das-missoes-franciscanas-da-juventude.html#webpage\",\"url\":\"https:\/\/franciscanos.org.br\/noticias\/primeira-reuniao-abre-preparacao-para-a-9a-edicao-das-missoes-franciscanas-da-juventude.html\",\"name\":\"Primeira reuni\u00e3o abre prepara\u00e7\u00e3o para a 9\u00aa edi\u00e7\u00e3o das Miss\u00f5es Franciscanas da Juventude - Not\u00edcias - Franciscanos\",\"isPartOf\":{\"@id\":\"https:\/\/franciscanos.org.br\/noticias\/#website\"},\"primaryImageOfPage\":{\"@id\":\"https:\/\/franciscanos.org.br\/noticias\/primeira-reuniao-abre-preparacao-para-a-9a-edicao-das-missoes-franciscanas-da-juventude.html#primaryimage\"},\"datePublished\":\"2025-09-02T11:25:01+00:00\",\"dateModified\":\"2025-09-02T12:17:35+00:00\",\"author\":{\"@id\":\"https:\/\/franciscanos.org.br\/noticias\/#\/schema\/person\/d9422e83121c3ad3b0f423d195f5bb25\"},\"breadcrumb\":{\"@id\":\"https:\/\/franciscanos.org.br\/noticias\/primeira-reuniao-abre-preparacao-para-a-9a-edicao-das-missoes-franciscanas-da-juventude.html#breadcrumb\"},\"inLanguage\":\"pt-BR\",\"potentialAction\":[{\"@type\":\"ReadAction\",\"target\":[\"https:\/\/franciscanos.org.br\/noticias\/primeira-reuniao-abre-preparacao-para-a-9a-edicao-das-missoes-franciscanas-da-juventude.html\"]}]},{\"@type\":\"BreadcrumbList\",\"@id\":\"https:\/\/franciscanos.org.br\/noticias\/primeira-reuniao-abre-preparacao-para-a-9a-edicao-das-missoes-franciscanas-da-juventude.html#breadcrumb\",\"itemListElement\":[{\"@type\":\"ListItem\",\"position\":1,\"name\":\"Home\",\"item\":\"https:\/\/franciscanos.org.br\/noticias\"},{\"@type\":\"ListItem\",\"position\":2,\"name\":\"Primeira reuni\u00e3o abre prepara\u00e7\u00e3o para a 9\u00aa edi\u00e7\u00e3o das Miss\u00f5es Franciscanas da Juventude\"}]},{\"@type\":\"Person\",\"@id\":\"https:\/\/franciscanos.org.br\/noticias\/#\/schema\/person\/d9422e83121c3ad3b0f423d195f5bb25\",\"name\":\"Adriana Rabelo\",\"image\":{\"@type\":\"ImageObject\",\"inLanguage\":\"pt-BR\",\"@id\":\"https:\/\/franciscanos.org.br\/noticias\/#\/schema\/person\/image\/\",\"url\":\"https:\/\/secure.gravatar.com\/avatar\/0a937b7500cd7df77540cfb8bede877d?s=96&d=mm&r=g\",\"contentUrl\":\"https:\/\/secure.gravatar.com\/avatar\/0a937b7500cd7df77540cfb8bede877d?s=96&d=mm&r=g\",\"caption\":\"Adriana Rabelo\"},\"url\":\"https:\/\/franciscanos.org.br\/noticias\/author\/adrianarabelo\"}]}<\/script>\n<!-- \/ Yoast SEO plugin. -->","yoast_head_json":{"title":"Primeira reuni\u00e3o abre prepara\u00e7\u00e3o para a 9\u00aa edi\u00e7\u00e3o das Miss\u00f5es Franciscanas da Juventude - Not\u00edcias - Franciscanos","robots":{"index":"index","follow":"follow","max-snippet":"max-snippet:-1","max-image-preview":"max-image-preview:large","max-video-preview":"max-video-preview:-1"},"canonical":"https:\/\/franciscanos.org.br\/noticias\/primeira-reuniao-abre-preparacao-para-a-9a-edicao-das-missoes-franciscanas-da-juventude.html","og_locale":"pt_BR","og_type":"article","og_title":"Primeira reuni\u00e3o abre prepara\u00e7\u00e3o para a 9\u00aa edi\u00e7\u00e3o das Miss\u00f5es Franciscanas da Juventude - Not\u00edcias - Franciscanos","og_description":"Juventude na Prov\u00edncia","og_url":"https:\/\/franciscanos.org.br\/noticias\/primeira-reuniao-abre-preparacao-para-a-9a-edicao-das-missoes-franciscanas-da-juventude.html","og_site_name":"Not\u00edcias - Franciscanos","article_published_time":"2025-09-02T11:25:01+00:00","article_modified_time":"2025-09-02T12:17:35+00:00","og_image":[{"width":800,"height":550,"url":"https:\/\/franciscanos.org.br\/noticias\/wp-content\/uploads\/2025\/09\/chamada-1.jpg","type":"image\/jpeg"}],"author":"Adriana Rabelo","twitter_card":"summary_large_image","twitter_misc":{"Escrito por":"Adriana Rabelo","Est. tempo de leitura":"2 minutos"},"schema":{"@context":"https:\/\/schema.org","@graph":[{"@type":"WebSite","@id":"https:\/\/franciscanos.org.br\/noticias\/#website","url":"https:\/\/franciscanos.org.br\/noticias\/","name":"Not\u00edcias - Franciscanos","description":"Prov\u00edncia Franciscana da Imaculada Concei\u00e7\u00e3o do Brasil - Ordem dos Frades Menores - OFM","potentialAction":[{"@type":"SearchAction","target":{"@type":"EntryPoint","urlTemplate":"https:\/\/franciscanos.org.br\/noticias\/?s={search_term_string}"},"query-input":"required name=search_term_string"}],"inLanguage":"pt-BR"},{"@type":"ImageObject","inLanguage":"pt-BR","@id":"https:\/\/franciscanos.org.br\/noticias\/primeira-reuniao-abre-preparacao-para-a-9a-edicao-das-missoes-franciscanas-da-juventude.html#primaryimage","url":"https:\/\/franciscanos.org.br\/noticias\/wp-content\/uploads\/2025\/09\/chamada-1.jpg","contentUrl":"https:\/\/franciscanos.org.br\/noticias\/wp-content\/uploads\/2025\/09\/chamada-1.jpg","width":800,"height":550},{"@type":"WebPage","@id":"https:\/\/franciscanos.org.br\/noticias\/primeira-reuniao-abre-preparacao-para-a-9a-edicao-das-missoes-franciscanas-da-juventude.html#webpage","url":"https:\/\/franciscanos.org.br\/noticias\/primeira-reuniao-abre-preparacao-para-a-9a-edicao-das-missoes-franciscanas-da-juventude.html","name":"Primeira reuni\u00e3o abre prepara\u00e7\u00e3o para a 9\u00aa edi\u00e7\u00e3o das Miss\u00f5es Franciscanas da Juventude - Not\u00edcias - Franciscanos","isPartOf":{"@id":"https:\/\/franciscanos.org.br\/noticias\/#website"},"primaryImageOfPage":{"@id":"https:\/\/franciscanos.org.br\/noticias\/primeira-reuniao-abre-preparacao-para-a-9a-edicao-das-missoes-franciscanas-da-juventude.html#primaryimage"},"datePublished":"2025-09-02T11:25:01+00:00","dateModified":"2025-09-02T12:17:35+00:00","author":{"@id":"https:\/\/franciscanos.org.br\/noticias\/#\/schema\/person\/d9422e83121c3ad3b0f423d195f5bb25"},"breadcrumb":{"@id":"https:\/\/franciscanos.org.br\/noticias\/primeira-reuniao-abre-preparacao-para-a-9a-edicao-das-missoes-franciscanas-da-juventude.html#breadcrumb"},"inLanguage":"pt-BR","potentialAction":[{"@type":"ReadAction","target":["https:\/\/franciscanos.org.br\/noticias\/primeira-reuniao-abre-preparacao-para-a-9a-edicao-das-missoes-franciscanas-da-juventude.html"]}]},{"@type":"BreadcrumbList","@id":"https:\/\/franciscanos.org.br\/noticias\/primeira-reuniao-abre-preparacao-para-a-9a-edicao-das-missoes-franciscanas-da-juventude.html#breadcrumb","itemListElement":[{"@type":"ListItem","position":1,"name":"Home","item":"https:\/\/franciscanos.org.br\/noticias"},{"@type":"ListItem","position":2,"name":"Primeira reuni\u00e3o abre prepara\u00e7\u00e3o para a 9\u00aa edi\u00e7\u00e3o das Miss\u00f5es Franciscanas da Juventude"}]},{"@type":"Person","@id":"https:\/\/franciscanos.org.br\/noticias\/#\/schema\/person\/d9422e83121c3ad3b0f423d195f5bb25","name":"Adriana Rabelo","image":{"@type":"ImageObject","inLanguage":"pt-BR","@id":"https:\/\/franciscanos.org.br\/noticias\/#\/schema\/person\/image\/","url":"https:\/\/secure.gravatar.com\/avatar\/0a937b7500cd7df77540cfb8bede877d?s=96&d=mm&r=g","contentUrl":"https:\/\/secure.gravatar.com\/avatar\/0a937b7500cd7df77540cfb8bede877d?s=96&d=mm&r=g","caption":"Adriana Rabelo"},"url":"https:\/\/franciscanos.org.br\/noticias\/author\/adrianarabelo"}]}},"_links":{"self":[{"href":"https:\/\/franciscanos.org.br\/noticias\/wp-json\/wp\/v2\/posts\/259748"}],"collection":[{"href":"https:\/\/franciscanos.org.br\/noticias\/wp-json\/wp\/v2\/posts"}],"about":[{"href":"https:\/\/franciscanos.org.br\/noticias\/wp-json\/wp\/v2\/types\/post"}],"author":[{"embeddable":true,"href":"https:\/\/franciscanos.org.br\/noticias\/wp-json\/wp\/v2\/users\/11"}],"replies":[{"embeddable":true,"href":"https:\/\/franciscanos.org.br\/noticias\/wp-json\/wp\/v2\/comments?post=259748"}],"version-history":[{"count":7,"href":"https:\/\/franciscanos.org.br\/noticias\/wp-json\/wp\/v2\/posts\/259748\/revisions"}],"predecessor-version":[{"id":259765,"href":"https:\/\/franciscanos.org.br\/noticias\/wp-json\/wp\/v2\/posts\/259748\/revisions\/259765"}],"wp:featuredmedia":[{"embeddable":true,"href":"https:\/\/franciscanos.org.br\/noticias\/wp-json\/wp\/v2\/media\/259749"}],"wp:attachment":[{"href":"https:\/\/franciscanos.org.br\/noticias\/wp-json\/wp\/v2\/media?parent=259748"}],"wp:term":[{"taxonomy":"category","embeddable":true,"href":"https:\/\/franciscanos.org.br\/noticias\/wp-json\/wp\/v2\/categories?post=259748"},{"taxonomy":"post_tag","embeddable":true,"href":"https:\/\/franciscanos.org.br\/noticias\/wp-json\/wp\/v2\/tags?post=259748"}],"curies":[{"name":"wp","href":"https:\/\/api.w.org\/{rel}","templated":true}]}}