{"id":259702,"date":"2025-09-01T15:43:53","date_gmt":"2025-09-01T18:43:53","guid":{"rendered":"https:\/\/franciscanos.org.br\/noticias\/?p=259702"},"modified":"2025-09-01T15:49:02","modified_gmt":"2025-09-01T18:49:02","slug":"na-humildade-do-servico-frei-domingos-inicia-seu-ministerio-presbiteral-em-angola","status":"publish","type":"post","link":"https:\/\/franciscanos.org.br\/noticias\/na-humildade-do-servico-frei-domingos-inicia-seu-ministerio-presbiteral-em-angola.html","title":{"rendered":"Na humildade do servi\u00e7o, Frei Domingos inicia seu minist\u00e9rio presbiteral em Angola"},"content":{"rendered":"<p><img loading=\"lazy\" class=\"aligncenter wp-image-259704 size-full\" src=\"https:\/\/franciscanos.org.br\/noticias\/wp-content\/uploads\/2025\/09\/materia-1.jpg\" alt=\"\" width=\"1280\" height=\"720\" srcset=\"https:\/\/franciscanos.org.br\/noticias\/wp-content\/uploads\/2025\/09\/materia-1.jpg 1280w, https:\/\/franciscanos.org.br\/noticias\/wp-content\/uploads\/2025\/09\/materia-1-450x253.jpg 450w, https:\/\/franciscanos.org.br\/noticias\/wp-content\/uploads\/2025\/09\/materia-1-1024x576.jpg 1024w, https:\/\/franciscanos.org.br\/noticias\/wp-content\/uploads\/2025\/09\/materia-1-768x432.jpg 768w, https:\/\/franciscanos.org.br\/noticias\/wp-content\/uploads\/2025\/09\/materia-1-150x84.jpg 150w\" sizes=\"(max-width: 1280px) 100vw, 1280px\" \/><\/p>\n<p>A manh\u00e3 do dia 31 de agosto,\u00a0 22\u00ba Domingo do Tempo Comum, \u00e0s 8h30, a Par\u00f3quia S\u00e3o Jos\u00e9 Damba Maria, na Diocese de Benguela, em Angola, foi presenteada com a primeira Celebra\u00e7\u00e3o Eucar\u00edstica do Frei Domingos Cacanda Soma, ordenado presb\u00edtero em 2 de agosto, Dia do Perd\u00e3o de Assis.<\/p>\n<p>Foi um momento de profunda alegria e gratid\u00e3o para a comunidade e confrades estarem reunidos com esse irm\u00e3o chamado e consagrado por Deus para ser instrumento vivo de Sua gra\u00e7a e de Seu amor no meio do povo. E n\u00e3o por acaso, a liturgia nos ofereceu um convite essencial: viver com autenticidade a f\u00e9 que professamos, na humildade e na gratuidade.<\/p>\n<p><img loading=\"lazy\" class=\"aligncenter wp-image-259705 size-full\" src=\"https:\/\/franciscanos.org.br\/noticias\/wp-content\/uploads\/2025\/09\/materia-4.jpg\" alt=\"\" width=\"1280\" height=\"720\" srcset=\"https:\/\/franciscanos.org.br\/noticias\/wp-content\/uploads\/2025\/09\/materia-4.jpg 1280w, https:\/\/franciscanos.org.br\/noticias\/wp-content\/uploads\/2025\/09\/materia-4-450x253.jpg 450w, https:\/\/franciscanos.org.br\/noticias\/wp-content\/uploads\/2025\/09\/materia-4-1024x576.jpg 1024w, https:\/\/franciscanos.org.br\/noticias\/wp-content\/uploads\/2025\/09\/materia-4-768x432.jpg 768w, https:\/\/franciscanos.org.br\/noticias\/wp-content\/uploads\/2025\/09\/materia-4-150x84.jpg 150w\" sizes=\"(max-width: 1280px) 100vw, 1280px\" \/><\/p>\n<p>Diante da grandeza deste momento lit\u00fargico, fomos conduzidos n\u00e3o \u00e0 exalta\u00e7\u00e3o, mas \u00e0 humildade; n\u00e3o ao brilho dos t\u00edtulos, mas \u00e0 simplicidade do servi\u00e7o; n\u00e3o ao orgulho de uma conquista, mas \u00e0 gratid\u00e3o pela gra\u00e7a recebida gratuitamente.<\/p>\n\n\t\t<style type=\"text\/css\">\n\t\t\t#gallery-1 {\n\t\t\t\tmargin: auto;\n\t\t\t}\n\t\t\t#gallery-1 .gallery-item {\n\t\t\t\tfloat: left;\n\t\t\t\tmargin-top: 10px;\n\t\t\t\ttext-align: center;\n\t\t\t\twidth: 33%;\n\t\t\t}\n\t\t\t#gallery-1 img {\n\t\t\t\tborder: 2px solid #cfcfcf;\n\t\t\t}\n\t\t\t#gallery-1 .gallery-caption {\n\t\t\t\tmargin-left: 0;\n\t\t\t}\n\t\t\t\/* see gallery_shortcode() in wp-includes\/media.php *\/\n\t\t<\/style>\n\t\t<div id='gallery-1' class='gallery galleryid-259702 gallery-columns-3 gallery-size-thumbnail'><dl class='gallery-item'>\n\t\t\t<dt class='gallery-icon portrait'>\n\t\t\t\t<a href='https:\/\/franciscanos.org.br\/noticias\/wp-content\/uploads\/2025\/09\/Imagem-do-WhatsApp-de-2025-09-01-as-07.06.34_5d2c420c.jpg'><img width=\"300\" height=\"300\" src=\"https:\/\/franciscanos.org.br\/noticias\/wp-content\/uploads\/2025\/09\/Imagem-do-WhatsApp-de-2025-09-01-as-07.06.34_5d2c420c-300x300.jpg\" class=\"attachment-thumbnail size-thumbnail\" alt=\"\" loading=\"lazy\" srcset=\"https:\/\/franciscanos.org.br\/noticias\/wp-content\/uploads\/2025\/09\/Imagem-do-WhatsApp-de-2025-09-01-as-07.06.34_5d2c420c-300x300.jpg 300w, https:\/\/franciscanos.org.br\/noticias\/wp-content\/uploads\/2025\/09\/Imagem-do-WhatsApp-de-2025-09-01-as-07.06.34_5d2c420c-100x100.jpg 100w\" sizes=\"(max-width: 300px) 100vw, 300px\" \/><\/a>\n\t\t\t<\/dt><\/dl><dl class='gallery-item'>\n\t\t\t<dt class='gallery-icon portrait'>\n\t\t\t\t<a href='https:\/\/franciscanos.org.br\/noticias\/wp-content\/uploads\/2025\/09\/Imagem-do-WhatsApp-de-2025-09-01-as-07.06.34_98693069.jpg'><img width=\"300\" height=\"300\" src=\"https:\/\/franciscanos.org.br\/noticias\/wp-content\/uploads\/2025\/09\/Imagem-do-WhatsApp-de-2025-09-01-as-07.06.34_98693069-300x300.jpg\" class=\"attachment-thumbnail size-thumbnail\" alt=\"\" loading=\"lazy\" srcset=\"https:\/\/franciscanos.org.br\/noticias\/wp-content\/uploads\/2025\/09\/Imagem-do-WhatsApp-de-2025-09-01-as-07.06.34_98693069-300x300.jpg 300w, https:\/\/franciscanos.org.br\/noticias\/wp-content\/uploads\/2025\/09\/Imagem-do-WhatsApp-de-2025-09-01-as-07.06.34_98693069-100x100.jpg 100w\" sizes=\"(max-width: 300px) 100vw, 300px\" \/><\/a>\n\t\t\t<\/dt><\/dl><dl class='gallery-item'>\n\t\t\t<dt class='gallery-icon portrait'>\n\t\t\t\t<a href='https:\/\/franciscanos.org.br\/noticias\/wp-content\/uploads\/2025\/09\/Imagem-do-WhatsApp-de-2025-09-01-as-07.06.34_8a55e009.jpg'><img width=\"300\" height=\"300\" src=\"https:\/\/franciscanos.org.br\/noticias\/wp-content\/uploads\/2025\/09\/Imagem-do-WhatsApp-de-2025-09-01-as-07.06.34_8a55e009-300x300.jpg\" class=\"attachment-thumbnail size-thumbnail\" alt=\"\" loading=\"lazy\" srcset=\"https:\/\/franciscanos.org.br\/noticias\/wp-content\/uploads\/2025\/09\/Imagem-do-WhatsApp-de-2025-09-01-as-07.06.34_8a55e009-300x300.jpg 300w, https:\/\/franciscanos.org.br\/noticias\/wp-content\/uploads\/2025\/09\/Imagem-do-WhatsApp-de-2025-09-01-as-07.06.34_8a55e009-100x100.jpg 100w\" sizes=\"(max-width: 300px) 100vw, 300px\" \/><\/a>\n\t\t\t<\/dt><\/dl><br style=\"clear: both\" \/>\n\t\t<\/div>\n\n<p>A primeira leitura, retirada do Livro do Eclesi\u00e1stico, nos ofereceu um ensinamento que ressoa como um verdadeiro programa de vida presbiteral: a humildade como caminho de grandeza aos olhos de Deus.<\/p>\n<p><img loading=\"lazy\" class=\"aligncenter wp-image-259706 size-full\" src=\"https:\/\/franciscanos.org.br\/noticias\/wp-content\/uploads\/2025\/09\/mataria-6.jpg\" alt=\"\" width=\"1280\" height=\"720\" srcset=\"https:\/\/franciscanos.org.br\/noticias\/wp-content\/uploads\/2025\/09\/mataria-6.jpg 1280w, https:\/\/franciscanos.org.br\/noticias\/wp-content\/uploads\/2025\/09\/mataria-6-450x253.jpg 450w, https:\/\/franciscanos.org.br\/noticias\/wp-content\/uploads\/2025\/09\/mataria-6-1024x576.jpg 1024w, https:\/\/franciscanos.org.br\/noticias\/wp-content\/uploads\/2025\/09\/mataria-6-768x432.jpg 768w, https:\/\/franciscanos.org.br\/noticias\/wp-content\/uploads\/2025\/09\/mataria-6-150x84.jpg 150w\" sizes=\"(max-width: 1280px) 100vw, 1280px\" \/><\/p>\n<p>Neste dia de festa e exulta\u00e7\u00e3o, o presb\u00edtero Herman Kifinamene Matondo Kwazambi nos convidou a um encontro pessoal com a humildade de Jesus Cristo. \u00c9 como se o Senhor, diante do in\u00edcio luminoso de um minist\u00e9rio, dissesse: \u201cQuanto mais alto fores colocado, mais profundamente deves lan\u00e7ar ra\u00edzes na humildade.\u201d<\/p>\n<p>Como ele destacou, o presbiterado n\u00e3o \u00e9 conquista, mas gra\u00e7a; n\u00e3o \u00e9 promo\u00e7\u00e3o, mas servi\u00e7o; n\u00e3o \u00e9 palco, mas altar de entrega. Na vida presbiteral, tudo o que \u00e9 aut\u00eantico nasce da humildade: a escuta atenta do povo, a paci\u00eancia no conselho, a simplicidade na prega\u00e7\u00e3o, a compaix\u00e3o no confession\u00e1rio, a rever\u00eancia na celebra\u00e7\u00e3o. O presb\u00edtero n\u00e3o \u00e9 dono dos mist\u00e9rios, mas servo deles. N\u00e3o ocupa o centro: aponta para Cristo.<\/p>\n<p><img loading=\"lazy\" class=\"aligncenter wp-image-259710 size-full\" src=\"https:\/\/franciscanos.org.br\/noticias\/wp-content\/uploads\/2025\/09\/materia-2.jpg\" alt=\"\" width=\"1280\" height=\"720\" srcset=\"https:\/\/franciscanos.org.br\/noticias\/wp-content\/uploads\/2025\/09\/materia-2.jpg 1280w, https:\/\/franciscanos.org.br\/noticias\/wp-content\/uploads\/2025\/09\/materia-2-450x253.jpg 450w, https:\/\/franciscanos.org.br\/noticias\/wp-content\/uploads\/2025\/09\/materia-2-1024x576.jpg 1024w, https:\/\/franciscanos.org.br\/noticias\/wp-content\/uploads\/2025\/09\/materia-2-768x432.jpg 768w, https:\/\/franciscanos.org.br\/noticias\/wp-content\/uploads\/2025\/09\/materia-2-150x84.jpg 150w\" sizes=\"(max-width: 1280px) 100vw, 1280px\" \/><\/p>\n<p>Frei Domingos Cacanda Soma \u00e9 o primeiro presb\u00edtero da Par\u00f3quia S\u00e3o Jos\u00e9 Damba Maria, fruto do trabalho \u00e1rduo e pastoral do padre Herman.<\/p>\n<p>Ao final da Santa Missa, o p\u00e1roco, padre Ricardo Bavenga Nzunzi, expressou palavras de gratid\u00e3o e apresentou os visitantes presentes. A celebra\u00e7\u00e3o foi marcada pela entrega de s\u00edmbolos culturais \u2014 o chap\u00e9u, o cajado, a caba\u00e7a, as sand\u00e1lias e a flecha \u2014 gesto que significou o abra\u00e7o fraterno entre cultura e f\u00e9, onde a religi\u00e3o acolhe a cultura e a cultura mergulha suas ra\u00edzes na f\u00e9.<\/p>\n\n\t\t<style type=\"text\/css\">\n\t\t\t#gallery-2 {\n\t\t\t\tmargin: auto;\n\t\t\t}\n\t\t\t#gallery-2 .gallery-item {\n\t\t\t\tfloat: left;\n\t\t\t\tmargin-top: 10px;\n\t\t\t\ttext-align: center;\n\t\t\t\twidth: 25%;\n\t\t\t}\n\t\t\t#gallery-2 img {\n\t\t\t\tborder: 2px solid #cfcfcf;\n\t\t\t}\n\t\t\t#gallery-2 .gallery-caption {\n\t\t\t\tmargin-left: 0;\n\t\t\t}\n\t\t\t\/* see gallery_shortcode() in wp-includes\/media.php *\/\n\t\t<\/style>\n\t\t<div id='gallery-2' class='gallery galleryid-259702 gallery-columns-4 gallery-size-thumbnail'><dl class='gallery-item'>\n\t\t\t<dt class='gallery-icon portrait'>\n\t\t\t\t<a href='https:\/\/franciscanos.org.br\/noticias\/wp-content\/uploads\/2025\/09\/Imagem-do-WhatsApp-de-2025-09-01-as-07.06.39_9d8d8a8e.jpg'><img width=\"300\" height=\"300\" src=\"https:\/\/franciscanos.org.br\/noticias\/wp-content\/uploads\/2025\/09\/Imagem-do-WhatsApp-de-2025-09-01-as-07.06.39_9d8d8a8e-300x300.jpg\" class=\"attachment-thumbnail size-thumbnail\" alt=\"\" loading=\"lazy\" srcset=\"https:\/\/franciscanos.org.br\/noticias\/wp-content\/uploads\/2025\/09\/Imagem-do-WhatsApp-de-2025-09-01-as-07.06.39_9d8d8a8e-300x300.jpg 300w, https:\/\/franciscanos.org.br\/noticias\/wp-content\/uploads\/2025\/09\/Imagem-do-WhatsApp-de-2025-09-01-as-07.06.39_9d8d8a8e-100x100.jpg 100w\" sizes=\"(max-width: 300px) 100vw, 300px\" \/><\/a>\n\t\t\t<\/dt><\/dl><dl class='gallery-item'>\n\t\t\t<dt class='gallery-icon landscape'>\n\t\t\t\t<a href='https:\/\/franciscanos.org.br\/noticias\/wp-content\/uploads\/2025\/09\/Imagem-do-WhatsApp-de-2025-09-01-as-07.06.39_43f113d7.jpg'><img width=\"300\" height=\"300\" src=\"https:\/\/franciscanos.org.br\/noticias\/wp-content\/uploads\/2025\/09\/Imagem-do-WhatsApp-de-2025-09-01-as-07.06.39_43f113d7-300x300.jpg\" class=\"attachment-thumbnail size-thumbnail\" alt=\"\" loading=\"lazy\" srcset=\"https:\/\/franciscanos.org.br\/noticias\/wp-content\/uploads\/2025\/09\/Imagem-do-WhatsApp-de-2025-09-01-as-07.06.39_43f113d7-300x300.jpg 300w, https:\/\/franciscanos.org.br\/noticias\/wp-content\/uploads\/2025\/09\/Imagem-do-WhatsApp-de-2025-09-01-as-07.06.39_43f113d7-100x100.jpg 100w\" sizes=\"(max-width: 300px) 100vw, 300px\" \/><\/a>\n\t\t\t<\/dt><\/dl><dl class='gallery-item'>\n\t\t\t<dt class='gallery-icon landscape'>\n\t\t\t\t<a href='https:\/\/franciscanos.org.br\/noticias\/wp-content\/uploads\/2025\/09\/Imagem-do-WhatsApp-de-2025-09-01-as-07.06.43_db065304.jpg'><img width=\"300\" height=\"300\" src=\"https:\/\/franciscanos.org.br\/noticias\/wp-content\/uploads\/2025\/09\/Imagem-do-WhatsApp-de-2025-09-01-as-07.06.43_db065304-300x300.jpg\" class=\"attachment-thumbnail size-thumbnail\" alt=\"\" loading=\"lazy\" srcset=\"https:\/\/franciscanos.org.br\/noticias\/wp-content\/uploads\/2025\/09\/Imagem-do-WhatsApp-de-2025-09-01-as-07.06.43_db065304-300x300.jpg 300w, https:\/\/franciscanos.org.br\/noticias\/wp-content\/uploads\/2025\/09\/Imagem-do-WhatsApp-de-2025-09-01-as-07.06.43_db065304-100x100.jpg 100w\" sizes=\"(max-width: 300px) 100vw, 300px\" \/><\/a>\n\t\t\t<\/dt><\/dl><dl class='gallery-item'>\n\t\t\t<dt class='gallery-icon portrait'>\n\t\t\t\t<a href='https:\/\/franciscanos.org.br\/noticias\/wp-content\/uploads\/2025\/09\/Imagem-do-WhatsApp-de-2025-09-01-as-07.06.42_cbe8b99b.jpg'><img width=\"300\" height=\"300\" src=\"https:\/\/franciscanos.org.br\/noticias\/wp-content\/uploads\/2025\/09\/Imagem-do-WhatsApp-de-2025-09-01-as-07.06.42_cbe8b99b-300x300.jpg\" class=\"attachment-thumbnail size-thumbnail\" alt=\"\" loading=\"lazy\" srcset=\"https:\/\/franciscanos.org.br\/noticias\/wp-content\/uploads\/2025\/09\/Imagem-do-WhatsApp-de-2025-09-01-as-07.06.42_cbe8b99b-300x300.jpg 300w, https:\/\/franciscanos.org.br\/noticias\/wp-content\/uploads\/2025\/09\/Imagem-do-WhatsApp-de-2025-09-01-as-07.06.42_cbe8b99b-100x100.jpg 100w\" sizes=\"(max-width: 300px) 100vw, 300px\" \/><\/a>\n\t\t\t<\/dt><\/dl><br style=\"clear: both\" \/>\n\t\t<\/div>\n\n<p>Em seguida, Frei Jos\u00e9 Morais Cambolo, representando os confrades, agradeceu \u00e0 fam\u00edlia biol\u00f3gica do Frei Domingos pela confian\u00e7a depositada nos frades e na Santa M\u00e3e Igreja. Nesta primeira celebra\u00e7\u00e3o, a alegria foi ainda maior com a presen\u00e7a fraterna de v\u00e1rias congrega\u00e7\u00f5es religiosas, que, com sua vida de ora\u00e7\u00e3o, miss\u00e3o e testemunho, iluminam e sustentam o caminho da Igreja.<\/p>\n<p><img loading=\"lazy\" class=\"aligncenter wp-image-259715 size-full\" src=\"https:\/\/franciscanos.org.br\/noticias\/wp-content\/uploads\/2025\/09\/materia-3.jpg\" alt=\"\" width=\"1280\" height=\"720\" srcset=\"https:\/\/franciscanos.org.br\/noticias\/wp-content\/uploads\/2025\/09\/materia-3.jpg 1280w, https:\/\/franciscanos.org.br\/noticias\/wp-content\/uploads\/2025\/09\/materia-3-450x253.jpg 450w, https:\/\/franciscanos.org.br\/noticias\/wp-content\/uploads\/2025\/09\/materia-3-1024x576.jpg 1024w, https:\/\/franciscanos.org.br\/noticias\/wp-content\/uploads\/2025\/09\/materia-3-768x432.jpg 768w, https:\/\/franciscanos.org.br\/noticias\/wp-content\/uploads\/2025\/09\/materia-3-150x84.jpg 150w\" sizes=\"(max-width: 1280px) 100vw, 1280px\" \/><\/p>\n<p>Ao t\u00e9rmino desta celebra\u00e7\u00e3o solene e profundamente comovente, resta-nos apenas deixar que o sil\u00eancio da gratid\u00e3o fale mais alto do que qualquer palavra, porque hoje n\u00e3o celebramos uma conquista humana, mas um mist\u00e9rio de amor gratuito e fiel de Deus: o dom do presbiterado, derramado sobre o Frei Domingos, chamado do meio do povo para servir o pr\u00f3prio povo.<\/p>\n<hr \/>\n<p><em>Texto: Frei Daniel Bungewe Soma \/ Fotos: Frei Tor\u00edbio da Cruz Waia Ndumbu<\/em><\/p>\n\n\t\t<style type=\"text\/css\">\n\t\t\t#gallery-3 {\n\t\t\t\tmargin: auto;\n\t\t\t}\n\t\t\t#gallery-3 .gallery-item {\n\t\t\t\tfloat: left;\n\t\t\t\tmargin-top: 10px;\n\t\t\t\ttext-align: center;\n\t\t\t\twidth: 25%;\n\t\t\t}\n\t\t\t#gallery-3 img {\n\t\t\t\tborder: 2px solid #cfcfcf;\n\t\t\t}\n\t\t\t#gallery-3 .gallery-caption {\n\t\t\t\tmargin-left: 0;\n\t\t\t}\n\t\t\t\/* see gallery_shortcode() in wp-includes\/media.php *\/\n\t\t<\/style>\n\t\t<div id='gallery-3' class='gallery galleryid-259702 gallery-columns-4 gallery-size-thumbnail'><dl class='gallery-item'>\n\t\t\t<dt class='gallery-icon landscape'>\n\t\t\t\t<a href='https:\/\/franciscanos.org.br\/noticias\/wp-content\/uploads\/2025\/09\/Imagem-do-WhatsApp-de-2025-09-01-as-07.06.37_0f3b1d78.jpg'><img width=\"300\" height=\"300\" src=\"https:\/\/franciscanos.org.br\/noticias\/wp-content\/uploads\/2025\/09\/Imagem-do-WhatsApp-de-2025-09-01-as-07.06.37_0f3b1d78-300x300.jpg\" class=\"attachment-thumbnail size-thumbnail\" alt=\"\" loading=\"lazy\" srcset=\"https:\/\/franciscanos.org.br\/noticias\/wp-content\/uploads\/2025\/09\/Imagem-do-WhatsApp-de-2025-09-01-as-07.06.37_0f3b1d78-300x300.jpg 300w, https:\/\/franciscanos.org.br\/noticias\/wp-content\/uploads\/2025\/09\/Imagem-do-WhatsApp-de-2025-09-01-as-07.06.37_0f3b1d78-100x100.jpg 100w\" sizes=\"(max-width: 300px) 100vw, 300px\" \/><\/a>\n\t\t\t<\/dt><\/dl><dl class='gallery-item'>\n\t\t\t<dt class='gallery-icon portrait'>\n\t\t\t\t<a href='https:\/\/franciscanos.org.br\/noticias\/wp-content\/uploads\/2025\/09\/Imagem-do-WhatsApp-de-2025-09-01-as-07.06.37_31f7e6bd.jpg'><img width=\"300\" height=\"300\" src=\"https:\/\/franciscanos.org.br\/noticias\/wp-content\/uploads\/2025\/09\/Imagem-do-WhatsApp-de-2025-09-01-as-07.06.37_31f7e6bd-300x300.jpg\" class=\"attachment-thumbnail size-thumbnail\" alt=\"\" loading=\"lazy\" srcset=\"https:\/\/franciscanos.org.br\/noticias\/wp-content\/uploads\/2025\/09\/Imagem-do-WhatsApp-de-2025-09-01-as-07.06.37_31f7e6bd-300x300.jpg 300w, https:\/\/franciscanos.org.br\/noticias\/wp-content\/uploads\/2025\/09\/Imagem-do-WhatsApp-de-2025-09-01-as-07.06.37_31f7e6bd-100x100.jpg 100w\" sizes=\"(max-width: 300px) 100vw, 300px\" \/><\/a>\n\t\t\t<\/dt><\/dl><dl class='gallery-item'>\n\t\t\t<dt class='gallery-icon portrait'>\n\t\t\t\t<a href='https:\/\/franciscanos.org.br\/noticias\/wp-content\/uploads\/2025\/09\/Imagem-do-WhatsApp-de-2025-09-01-as-07.06.37_70c832ce.jpg'><img width=\"300\" height=\"300\" src=\"https:\/\/franciscanos.org.br\/noticias\/wp-content\/uploads\/2025\/09\/Imagem-do-WhatsApp-de-2025-09-01-as-07.06.37_70c832ce-300x300.jpg\" class=\"attachment-thumbnail size-thumbnail\" alt=\"\" loading=\"lazy\" srcset=\"https:\/\/franciscanos.org.br\/noticias\/wp-content\/uploads\/2025\/09\/Imagem-do-WhatsApp-de-2025-09-01-as-07.06.37_70c832ce-300x300.jpg 300w, https:\/\/franciscanos.org.br\/noticias\/wp-content\/uploads\/2025\/09\/Imagem-do-WhatsApp-de-2025-09-01-as-07.06.37_70c832ce-100x100.jpg 100w\" sizes=\"(max-width: 300px) 100vw, 300px\" \/><\/a>\n\t\t\t<\/dt><\/dl><dl class='gallery-item'>\n\t\t\t<dt class='gallery-icon portrait'>\n\t\t\t\t<a href='https:\/\/franciscanos.org.br\/noticias\/wp-content\/uploads\/2025\/09\/Imagem-do-WhatsApp-de-2025-09-01-as-07.06.37_a38ea43a.jpg'><img width=\"300\" height=\"300\" src=\"https:\/\/franciscanos.org.br\/noticias\/wp-content\/uploads\/2025\/09\/Imagem-do-WhatsApp-de-2025-09-01-as-07.06.37_a38ea43a-300x300.jpg\" class=\"attachment-thumbnail size-thumbnail\" alt=\"\" loading=\"lazy\" srcset=\"https:\/\/franciscanos.org.br\/noticias\/wp-content\/uploads\/2025\/09\/Imagem-do-WhatsApp-de-2025-09-01-as-07.06.37_a38ea43a-300x300.jpg 300w, https:\/\/franciscanos.org.br\/noticias\/wp-content\/uploads\/2025\/09\/Imagem-do-WhatsApp-de-2025-09-01-as-07.06.37_a38ea43a-100x100.jpg 100w\" sizes=\"(max-width: 300px) 100vw, 300px\" \/><\/a>\n\t\t\t<\/dt><\/dl><br style=\"clear: both\" \/><dl class='gallery-item'>\n\t\t\t<dt class='gallery-icon portrait'>\n\t\t\t\t<a href='https:\/\/franciscanos.org.br\/noticias\/wp-content\/uploads\/2025\/09\/Imagem-do-WhatsApp-de-2025-09-01-as-07.06.38_3c91beef.jpg'><img width=\"300\" height=\"300\" src=\"https:\/\/franciscanos.org.br\/noticias\/wp-content\/uploads\/2025\/09\/Imagem-do-WhatsApp-de-2025-09-01-as-07.06.38_3c91beef-300x300.jpg\" class=\"attachment-thumbnail size-thumbnail\" alt=\"\" loading=\"lazy\" srcset=\"https:\/\/franciscanos.org.br\/noticias\/wp-content\/uploads\/2025\/09\/Imagem-do-WhatsApp-de-2025-09-01-as-07.06.38_3c91beef-300x300.jpg 300w, https:\/\/franciscanos.org.br\/noticias\/wp-content\/uploads\/2025\/09\/Imagem-do-WhatsApp-de-2025-09-01-as-07.06.38_3c91beef-100x100.jpg 100w\" sizes=\"(max-width: 300px) 100vw, 300px\" \/><\/a>\n\t\t\t<\/dt><\/dl><dl class='gallery-item'>\n\t\t\t<dt class='gallery-icon portrait'>\n\t\t\t\t<a href='https:\/\/franciscanos.org.br\/noticias\/wp-content\/uploads\/2025\/09\/Imagem-do-WhatsApp-de-2025-09-01-as-07.06.38_bad61b1d.jpg'><img width=\"300\" height=\"300\" src=\"https:\/\/franciscanos.org.br\/noticias\/wp-content\/uploads\/2025\/09\/Imagem-do-WhatsApp-de-2025-09-01-as-07.06.38_bad61b1d-300x300.jpg\" class=\"attachment-thumbnail size-thumbnail\" alt=\"\" loading=\"lazy\" srcset=\"https:\/\/franciscanos.org.br\/noticias\/wp-content\/uploads\/2025\/09\/Imagem-do-WhatsApp-de-2025-09-01-as-07.06.38_bad61b1d-300x300.jpg 300w, https:\/\/franciscanos.org.br\/noticias\/wp-content\/uploads\/2025\/09\/Imagem-do-WhatsApp-de-2025-09-01-as-07.06.38_bad61b1d-100x100.jpg 100w\" sizes=\"(max-width: 300px) 100vw, 300px\" \/><\/a>\n\t\t\t<\/dt><\/dl><dl class='gallery-item'>\n\t\t\t<dt class='gallery-icon landscape'>\n\t\t\t\t<a href='https:\/\/franciscanos.org.br\/noticias\/wp-content\/uploads\/2025\/09\/Imagem-do-WhatsApp-de-2025-09-01-as-07.06.39_bbf0571d.jpg'><img width=\"300\" height=\"300\" src=\"https:\/\/franciscanos.org.br\/noticias\/wp-content\/uploads\/2025\/09\/Imagem-do-WhatsApp-de-2025-09-01-as-07.06.39_bbf0571d-300x300.jpg\" class=\"attachment-thumbnail size-thumbnail\" alt=\"\" loading=\"lazy\" srcset=\"https:\/\/franciscanos.org.br\/noticias\/wp-content\/uploads\/2025\/09\/Imagem-do-WhatsApp-de-2025-09-01-as-07.06.39_bbf0571d-300x300.jpg 300w, https:\/\/franciscanos.org.br\/noticias\/wp-content\/uploads\/2025\/09\/Imagem-do-WhatsApp-de-2025-09-01-as-07.06.39_bbf0571d-100x100.jpg 100w\" sizes=\"(max-width: 300px) 100vw, 300px\" \/><\/a>\n\t\t\t<\/dt><\/dl><dl class='gallery-item'>\n\t\t\t<dt class='gallery-icon landscape'>\n\t\t\t\t<a href='https:\/\/franciscanos.org.br\/noticias\/wp-content\/uploads\/2025\/09\/Imagem-do-WhatsApp-de-2025-09-01-as-07.06.40_df1106aa.jpg'><img width=\"300\" height=\"300\" src=\"https:\/\/franciscanos.org.br\/noticias\/wp-content\/uploads\/2025\/09\/Imagem-do-WhatsApp-de-2025-09-01-as-07.06.40_df1106aa-300x300.jpg\" class=\"attachment-thumbnail size-thumbnail\" alt=\"\" loading=\"lazy\" srcset=\"https:\/\/franciscanos.org.br\/noticias\/wp-content\/uploads\/2025\/09\/Imagem-do-WhatsApp-de-2025-09-01-as-07.06.40_df1106aa-300x300.jpg 300w, https:\/\/franciscanos.org.br\/noticias\/wp-content\/uploads\/2025\/09\/Imagem-do-WhatsApp-de-2025-09-01-as-07.06.40_df1106aa-100x100.jpg 100w\" sizes=\"(max-width: 300px) 100vw, 300px\" \/><\/a>\n\t\t\t<\/dt><\/dl><br style=\"clear: both\" \/><dl class='gallery-item'>\n\t\t\t<dt class='gallery-icon landscape'>\n\t\t\t\t<a href='https:\/\/franciscanos.org.br\/noticias\/wp-content\/uploads\/2025\/09\/Imagem-do-WhatsApp-de-2025-09-01-as-07.06.40_e897be90.jpg'><img width=\"300\" height=\"300\" src=\"https:\/\/franciscanos.org.br\/noticias\/wp-content\/uploads\/2025\/09\/Imagem-do-WhatsApp-de-2025-09-01-as-07.06.40_e897be90-300x300.jpg\" class=\"attachment-thumbnail size-thumbnail\" alt=\"\" loading=\"lazy\" srcset=\"https:\/\/franciscanos.org.br\/noticias\/wp-content\/uploads\/2025\/09\/Imagem-do-WhatsApp-de-2025-09-01-as-07.06.40_e897be90-300x300.jpg 300w, https:\/\/franciscanos.org.br\/noticias\/wp-content\/uploads\/2025\/09\/Imagem-do-WhatsApp-de-2025-09-01-as-07.06.40_e897be90-100x100.jpg 100w\" sizes=\"(max-width: 300px) 100vw, 300px\" \/><\/a>\n\t\t\t<\/dt><\/dl><dl class='gallery-item'>\n\t\t\t<dt class='gallery-icon landscape'>\n\t\t\t\t<a href='https:\/\/franciscanos.org.br\/noticias\/wp-content\/uploads\/2025\/09\/Imagem-do-WhatsApp-de-2025-09-01-as-07.06.40_efc91bed.jpg'><img width=\"300\" height=\"300\" src=\"https:\/\/franciscanos.org.br\/noticias\/wp-content\/uploads\/2025\/09\/Imagem-do-WhatsApp-de-2025-09-01-as-07.06.40_efc91bed-300x300.jpg\" class=\"attachment-thumbnail size-thumbnail\" alt=\"\" loading=\"lazy\" srcset=\"https:\/\/franciscanos.org.br\/noticias\/wp-content\/uploads\/2025\/09\/Imagem-do-WhatsApp-de-2025-09-01-as-07.06.40_efc91bed-300x300.jpg 300w, https:\/\/franciscanos.org.br\/noticias\/wp-content\/uploads\/2025\/09\/Imagem-do-WhatsApp-de-2025-09-01-as-07.06.40_efc91bed-100x100.jpg 100w\" sizes=\"(max-width: 300px) 100vw, 300px\" \/><\/a>\n\t\t\t<\/dt><\/dl><dl class='gallery-item'>\n\t\t\t<dt class='gallery-icon portrait'>\n\t\t\t\t<a href='https:\/\/franciscanos.org.br\/noticias\/wp-content\/uploads\/2025\/09\/Imagem-do-WhatsApp-de-2025-09-01-as-07.06.41_81bf42c1.jpg'><img width=\"300\" height=\"300\" src=\"https:\/\/franciscanos.org.br\/noticias\/wp-content\/uploads\/2025\/09\/Imagem-do-WhatsApp-de-2025-09-01-as-07.06.41_81bf42c1-300x300.jpg\" class=\"attachment-thumbnail size-thumbnail\" alt=\"\" loading=\"lazy\" srcset=\"https:\/\/franciscanos.org.br\/noticias\/wp-content\/uploads\/2025\/09\/Imagem-do-WhatsApp-de-2025-09-01-as-07.06.41_81bf42c1-300x300.jpg 300w, https:\/\/franciscanos.org.br\/noticias\/wp-content\/uploads\/2025\/09\/Imagem-do-WhatsApp-de-2025-09-01-as-07.06.41_81bf42c1-100x100.jpg 100w\" sizes=\"(max-width: 300px) 100vw, 300px\" \/><\/a>\n\t\t\t<\/dt><\/dl><dl class='gallery-item'>\n\t\t\t<dt class='gallery-icon landscape'>\n\t\t\t\t<a href='https:\/\/franciscanos.org.br\/noticias\/wp-content\/uploads\/2025\/09\/Imagem-do-WhatsApp-de-2025-09-01-as-07.06.41_721ae5ad.jpg'><img width=\"300\" height=\"300\" src=\"https:\/\/franciscanos.org.br\/noticias\/wp-content\/uploads\/2025\/09\/Imagem-do-WhatsApp-de-2025-09-01-as-07.06.41_721ae5ad-300x300.jpg\" class=\"attachment-thumbnail size-thumbnail\" alt=\"\" loading=\"lazy\" srcset=\"https:\/\/franciscanos.org.br\/noticias\/wp-content\/uploads\/2025\/09\/Imagem-do-WhatsApp-de-2025-09-01-as-07.06.41_721ae5ad-300x300.jpg 300w, https:\/\/franciscanos.org.br\/noticias\/wp-content\/uploads\/2025\/09\/Imagem-do-WhatsApp-de-2025-09-01-as-07.06.41_721ae5ad-100x100.jpg 100w\" sizes=\"(max-width: 300px) 100vw, 300px\" \/><\/a>\n\t\t\t<\/dt><\/dl><br style=\"clear: both\" \/><dl class='gallery-item'>\n\t\t\t<dt class='gallery-icon portrait'>\n\t\t\t\t<a href='https:\/\/franciscanos.org.br\/noticias\/wp-content\/uploads\/2025\/09\/Imagem-do-WhatsApp-de-2025-09-01-as-07.06.41_bd64d1f3.jpg'><img width=\"300\" height=\"300\" src=\"https:\/\/franciscanos.org.br\/noticias\/wp-content\/uploads\/2025\/09\/Imagem-do-WhatsApp-de-2025-09-01-as-07.06.41_bd64d1f3-300x300.jpg\" class=\"attachment-thumbnail size-thumbnail\" alt=\"\" loading=\"lazy\" srcset=\"https:\/\/franciscanos.org.br\/noticias\/wp-content\/uploads\/2025\/09\/Imagem-do-WhatsApp-de-2025-09-01-as-07.06.41_bd64d1f3-300x300.jpg 300w, https:\/\/franciscanos.org.br\/noticias\/wp-content\/uploads\/2025\/09\/Imagem-do-WhatsApp-de-2025-09-01-as-07.06.41_bd64d1f3-100x100.jpg 100w\" sizes=\"(max-width: 300px) 100vw, 300px\" \/><\/a>\n\t\t\t<\/dt><\/dl><dl class='gallery-item'>\n\t\t\t<dt class='gallery-icon portrait'>\n\t\t\t\t<a href='https:\/\/franciscanos.org.br\/noticias\/wp-content\/uploads\/2025\/09\/Imagem-do-WhatsApp-de-2025-09-01-as-07.06.42_66699f21.jpg'><img width=\"300\" height=\"300\" src=\"https:\/\/franciscanos.org.br\/noticias\/wp-content\/uploads\/2025\/09\/Imagem-do-WhatsApp-de-2025-09-01-as-07.06.42_66699f21-300x300.jpg\" class=\"attachment-thumbnail size-thumbnail\" alt=\"\" loading=\"lazy\" srcset=\"https:\/\/franciscanos.org.br\/noticias\/wp-content\/uploads\/2025\/09\/Imagem-do-WhatsApp-de-2025-09-01-as-07.06.42_66699f21-300x300.jpg 300w, https:\/\/franciscanos.org.br\/noticias\/wp-content\/uploads\/2025\/09\/Imagem-do-WhatsApp-de-2025-09-01-as-07.06.42_66699f21-100x100.jpg 100w\" sizes=\"(max-width: 300px) 100vw, 300px\" \/><\/a>\n\t\t\t<\/dt><\/dl><dl class='gallery-item'>\n\t\t\t<dt class='gallery-icon landscape'>\n\t\t\t\t<a href='https:\/\/franciscanos.org.br\/noticias\/wp-content\/uploads\/2025\/09\/Imagem-do-WhatsApp-de-2025-09-01-as-07.06.42_c61ef45b.jpg'><img width=\"300\" height=\"300\" src=\"https:\/\/franciscanos.org.br\/noticias\/wp-content\/uploads\/2025\/09\/Imagem-do-WhatsApp-de-2025-09-01-as-07.06.42_c61ef45b-300x300.jpg\" class=\"attachment-thumbnail size-thumbnail\" alt=\"\" loading=\"lazy\" srcset=\"https:\/\/franciscanos.org.br\/noticias\/wp-content\/uploads\/2025\/09\/Imagem-do-WhatsApp-de-2025-09-01-as-07.06.42_c61ef45b-300x300.jpg 300w, https:\/\/franciscanos.org.br\/noticias\/wp-content\/uploads\/2025\/09\/Imagem-do-WhatsApp-de-2025-09-01-as-07.06.42_c61ef45b-100x100.jpg 100w\" sizes=\"(max-width: 300px) 100vw, 300px\" \/><\/a>\n\t\t\t<\/dt><\/dl><dl class='gallery-item'>\n\t\t\t<dt class='gallery-icon landscape'>\n\t\t\t\t<a href='https:\/\/franciscanos.org.br\/noticias\/wp-content\/uploads\/2025\/09\/Imagem-do-WhatsApp-de-2025-09-01-as-07.06.43_961df29e.jpg'><img width=\"300\" height=\"300\" src=\"https:\/\/franciscanos.org.br\/noticias\/wp-content\/uploads\/2025\/09\/Imagem-do-WhatsApp-de-2025-09-01-as-07.06.43_961df29e-300x300.jpg\" class=\"attachment-thumbnail size-thumbnail\" alt=\"\" loading=\"lazy\" srcset=\"https:\/\/franciscanos.org.br\/noticias\/wp-content\/uploads\/2025\/09\/Imagem-do-WhatsApp-de-2025-09-01-as-07.06.43_961df29e-300x300.jpg 300w, https:\/\/franciscanos.org.br\/noticias\/wp-content\/uploads\/2025\/09\/Imagem-do-WhatsApp-de-2025-09-01-as-07.06.43_961df29e-100x100.jpg 100w\" sizes=\"(max-width: 300px) 100vw, 300px\" \/><\/a>\n\t\t\t<\/dt><\/dl><br style=\"clear: both\" \/>\n\t\t<\/div>\n\n","protected":false},"excerpt":{"rendered":"<p>Primeira Celebra\u00e7\u00e3o Eucar\u00edstica<\/p>\n","protected":false},"author":11,"featured_media":259703,"comment_status":"open","ping_status":"open","sticky":false,"template":"","format":"standard","meta":[],"categories":[1],"tags":[195],"acf":[],"yoast_head":"<!-- This site is optimized with the Yoast SEO plugin v19.2 - https:\/\/yoast.com\/wordpress\/plugins\/seo\/ -->\n<title>Na humildade do servi\u00e7o, Frei Domingos inicia seu minist\u00e9rio presbiteral em Angola - Not\u00edcias - Franciscanos<\/title>\n<meta name=\"robots\" content=\"index, follow, max-snippet:-1, max-image-preview:large, max-video-preview:-1\" \/>\n<link rel=\"canonical\" href=\"https:\/\/franciscanos.org.br\/noticias\/na-humildade-do-servico-frei-domingos-inicia-seu-ministerio-presbiteral-em-angola.html\" \/>\n<meta property=\"og:locale\" content=\"pt_BR\" \/>\n<meta property=\"og:type\" content=\"article\" \/>\n<meta property=\"og:title\" content=\"Na humildade do servi\u00e7o, Frei Domingos inicia seu minist\u00e9rio presbiteral em Angola - Not\u00edcias - Franciscanos\" \/>\n<meta property=\"og:description\" content=\"Primeira Celebra\u00e7\u00e3o Eucar\u00edstica\" \/>\n<meta property=\"og:url\" content=\"https:\/\/franciscanos.org.br\/noticias\/na-humildade-do-servico-frei-domingos-inicia-seu-ministerio-presbiteral-em-angola.html\" \/>\n<meta property=\"og:site_name\" content=\"Not\u00edcias - Franciscanos\" \/>\n<meta property=\"article:published_time\" content=\"2025-09-01T18:43:53+00:00\" \/>\n<meta property=\"article:modified_time\" content=\"2025-09-01T18:49:02+00:00\" \/>\n<meta property=\"og:image\" content=\"https:\/\/franciscanos.org.br\/noticias\/wp-content\/uploads\/2025\/09\/chamada.jpg\" \/>\n\t<meta property=\"og:image:width\" content=\"800\" \/>\n\t<meta property=\"og:image:height\" content=\"550\" \/>\n\t<meta property=\"og:image:type\" content=\"image\/jpeg\" \/>\n<meta name=\"author\" content=\"Adriana Rabelo\" \/>\n<meta name=\"twitter:card\" content=\"summary_large_image\" \/>\n<meta name=\"twitter:label1\" content=\"Escrito por\" \/>\n\t<meta name=\"twitter:data1\" content=\"Adriana Rabelo\" \/>\n\t<meta name=\"twitter:label2\" content=\"Est. tempo de leitura\" \/>\n\t<meta name=\"twitter:data2\" content=\"3 minutos\" \/>\n<script type=\"application\/ld+json\" class=\"yoast-schema-graph\">{\"@context\":\"https:\/\/schema.org\",\"@graph\":[{\"@type\":\"WebSite\",\"@id\":\"https:\/\/franciscanos.org.br\/noticias\/#website\",\"url\":\"https:\/\/franciscanos.org.br\/noticias\/\",\"name\":\"Not\u00edcias - Franciscanos\",\"description\":\"Prov\u00edncia Franciscana da Imaculada Concei\u00e7\u00e3o do Brasil - Ordem dos Frades Menores - OFM\",\"potentialAction\":[{\"@type\":\"SearchAction\",\"target\":{\"@type\":\"EntryPoint\",\"urlTemplate\":\"https:\/\/franciscanos.org.br\/noticias\/?s={search_term_string}\"},\"query-input\":\"required name=search_term_string\"}],\"inLanguage\":\"pt-BR\"},{\"@type\":\"ImageObject\",\"inLanguage\":\"pt-BR\",\"@id\":\"https:\/\/franciscanos.org.br\/noticias\/na-humildade-do-servico-frei-domingos-inicia-seu-ministerio-presbiteral-em-angola.html#primaryimage\",\"url\":\"https:\/\/franciscanos.org.br\/noticias\/wp-content\/uploads\/2025\/09\/chamada.jpg\",\"contentUrl\":\"https:\/\/franciscanos.org.br\/noticias\/wp-content\/uploads\/2025\/09\/chamada.jpg\",\"width\":800,\"height\":550},{\"@type\":\"WebPage\",\"@id\":\"https:\/\/franciscanos.org.br\/noticias\/na-humildade-do-servico-frei-domingos-inicia-seu-ministerio-presbiteral-em-angola.html#webpage\",\"url\":\"https:\/\/franciscanos.org.br\/noticias\/na-humildade-do-servico-frei-domingos-inicia-seu-ministerio-presbiteral-em-angola.html\",\"name\":\"Na humildade do servi\u00e7o, Frei Domingos inicia seu minist\u00e9rio presbiteral em Angola - Not\u00edcias - Franciscanos\",\"isPartOf\":{\"@id\":\"https:\/\/franciscanos.org.br\/noticias\/#website\"},\"primaryImageOfPage\":{\"@id\":\"https:\/\/franciscanos.org.br\/noticias\/na-humildade-do-servico-frei-domingos-inicia-seu-ministerio-presbiteral-em-angola.html#primaryimage\"},\"datePublished\":\"2025-09-01T18:43:53+00:00\",\"dateModified\":\"2025-09-01T18:49:02+00:00\",\"author\":{\"@id\":\"https:\/\/franciscanos.org.br\/noticias\/#\/schema\/person\/d9422e83121c3ad3b0f423d195f5bb25\"},\"breadcrumb\":{\"@id\":\"https:\/\/franciscanos.org.br\/noticias\/na-humildade-do-servico-frei-domingos-inicia-seu-ministerio-presbiteral-em-angola.html#breadcrumb\"},\"inLanguage\":\"pt-BR\",\"potentialAction\":[{\"@type\":\"ReadAction\",\"target\":[\"https:\/\/franciscanos.org.br\/noticias\/na-humildade-do-servico-frei-domingos-inicia-seu-ministerio-presbiteral-em-angola.html\"]}]},{\"@type\":\"BreadcrumbList\",\"@id\":\"https:\/\/franciscanos.org.br\/noticias\/na-humildade-do-servico-frei-domingos-inicia-seu-ministerio-presbiteral-em-angola.html#breadcrumb\",\"itemListElement\":[{\"@type\":\"ListItem\",\"position\":1,\"name\":\"Home\",\"item\":\"https:\/\/franciscanos.org.br\/noticias\"},{\"@type\":\"ListItem\",\"position\":2,\"name\":\"Na humildade do servi\u00e7o, Frei Domingos inicia seu minist\u00e9rio presbiteral em Angola\"}]},{\"@type\":\"Person\",\"@id\":\"https:\/\/franciscanos.org.br\/noticias\/#\/schema\/person\/d9422e83121c3ad3b0f423d195f5bb25\",\"name\":\"Adriana Rabelo\",\"image\":{\"@type\":\"ImageObject\",\"inLanguage\":\"pt-BR\",\"@id\":\"https:\/\/franciscanos.org.br\/noticias\/#\/schema\/person\/image\/\",\"url\":\"https:\/\/secure.gravatar.com\/avatar\/0a937b7500cd7df77540cfb8bede877d?s=96&d=mm&r=g\",\"contentUrl\":\"https:\/\/secure.gravatar.com\/avatar\/0a937b7500cd7df77540cfb8bede877d?s=96&d=mm&r=g\",\"caption\":\"Adriana Rabelo\"},\"url\":\"https:\/\/franciscanos.org.br\/noticias\/author\/adrianarabelo\"}]}<\/script>\n<!-- \/ Yoast SEO plugin. -->","yoast_head_json":{"title":"Na humildade do servi\u00e7o, Frei Domingos inicia seu minist\u00e9rio presbiteral em Angola - Not\u00edcias - Franciscanos","robots":{"index":"index","follow":"follow","max-snippet":"max-snippet:-1","max-image-preview":"max-image-preview:large","max-video-preview":"max-video-preview:-1"},"canonical":"https:\/\/franciscanos.org.br\/noticias\/na-humildade-do-servico-frei-domingos-inicia-seu-ministerio-presbiteral-em-angola.html","og_locale":"pt_BR","og_type":"article","og_title":"Na humildade do servi\u00e7o, Frei Domingos inicia seu minist\u00e9rio presbiteral em Angola - Not\u00edcias - Franciscanos","og_description":"Primeira Celebra\u00e7\u00e3o Eucar\u00edstica","og_url":"https:\/\/franciscanos.org.br\/noticias\/na-humildade-do-servico-frei-domingos-inicia-seu-ministerio-presbiteral-em-angola.html","og_site_name":"Not\u00edcias - Franciscanos","article_published_time":"2025-09-01T18:43:53+00:00","article_modified_time":"2025-09-01T18:49:02+00:00","og_image":[{"width":800,"height":550,"url":"https:\/\/franciscanos.org.br\/noticias\/wp-content\/uploads\/2025\/09\/chamada.jpg","type":"image\/jpeg"}],"author":"Adriana Rabelo","twitter_card":"summary_large_image","twitter_misc":{"Escrito por":"Adriana Rabelo","Est. tempo de leitura":"3 minutos"},"schema":{"@context":"https:\/\/schema.org","@graph":[{"@type":"WebSite","@id":"https:\/\/franciscanos.org.br\/noticias\/#website","url":"https:\/\/franciscanos.org.br\/noticias\/","name":"Not\u00edcias - Franciscanos","description":"Prov\u00edncia Franciscana da Imaculada Concei\u00e7\u00e3o do Brasil - Ordem dos Frades Menores - OFM","potentialAction":[{"@type":"SearchAction","target":{"@type":"EntryPoint","urlTemplate":"https:\/\/franciscanos.org.br\/noticias\/?s={search_term_string}"},"query-input":"required name=search_term_string"}],"inLanguage":"pt-BR"},{"@type":"ImageObject","inLanguage":"pt-BR","@id":"https:\/\/franciscanos.org.br\/noticias\/na-humildade-do-servico-frei-domingos-inicia-seu-ministerio-presbiteral-em-angola.html#primaryimage","url":"https:\/\/franciscanos.org.br\/noticias\/wp-content\/uploads\/2025\/09\/chamada.jpg","contentUrl":"https:\/\/franciscanos.org.br\/noticias\/wp-content\/uploads\/2025\/09\/chamada.jpg","width":800,"height":550},{"@type":"WebPage","@id":"https:\/\/franciscanos.org.br\/noticias\/na-humildade-do-servico-frei-domingos-inicia-seu-ministerio-presbiteral-em-angola.html#webpage","url":"https:\/\/franciscanos.org.br\/noticias\/na-humildade-do-servico-frei-domingos-inicia-seu-ministerio-presbiteral-em-angola.html","name":"Na humildade do servi\u00e7o, Frei Domingos inicia seu minist\u00e9rio presbiteral em Angola - Not\u00edcias - Franciscanos","isPartOf":{"@id":"https:\/\/franciscanos.org.br\/noticias\/#website"},"primaryImageOfPage":{"@id":"https:\/\/franciscanos.org.br\/noticias\/na-humildade-do-servico-frei-domingos-inicia-seu-ministerio-presbiteral-em-angola.html#primaryimage"},"datePublished":"2025-09-01T18:43:53+00:00","dateModified":"2025-09-01T18:49:02+00:00","author":{"@id":"https:\/\/franciscanos.org.br\/noticias\/#\/schema\/person\/d9422e83121c3ad3b0f423d195f5bb25"},"breadcrumb":{"@id":"https:\/\/franciscanos.org.br\/noticias\/na-humildade-do-servico-frei-domingos-inicia-seu-ministerio-presbiteral-em-angola.html#breadcrumb"},"inLanguage":"pt-BR","potentialAction":[{"@type":"ReadAction","target":["https:\/\/franciscanos.org.br\/noticias\/na-humildade-do-servico-frei-domingos-inicia-seu-ministerio-presbiteral-em-angola.html"]}]},{"@type":"BreadcrumbList","@id":"https:\/\/franciscanos.org.br\/noticias\/na-humildade-do-servico-frei-domingos-inicia-seu-ministerio-presbiteral-em-angola.html#breadcrumb","itemListElement":[{"@type":"ListItem","position":1,"name":"Home","item":"https:\/\/franciscanos.org.br\/noticias"},{"@type":"ListItem","position":2,"name":"Na humildade do servi\u00e7o, Frei Domingos inicia seu minist\u00e9rio presbiteral em Angola"}]},{"@type":"Person","@id":"https:\/\/franciscanos.org.br\/noticias\/#\/schema\/person\/d9422e83121c3ad3b0f423d195f5bb25","name":"Adriana Rabelo","image":{"@type":"ImageObject","inLanguage":"pt-BR","@id":"https:\/\/franciscanos.org.br\/noticias\/#\/schema\/person\/image\/","url":"https:\/\/secure.gravatar.com\/avatar\/0a937b7500cd7df77540cfb8bede877d?s=96&d=mm&r=g","contentUrl":"https:\/\/secure.gravatar.com\/avatar\/0a937b7500cd7df77540cfb8bede877d?s=96&d=mm&r=g","caption":"Adriana Rabelo"},"url":"https:\/\/franciscanos.org.br\/noticias\/author\/adrianarabelo"}]}},"_links":{"self":[{"href":"https:\/\/franciscanos.org.br\/noticias\/wp-json\/wp\/v2\/posts\/259702"}],"collection":[{"href":"https:\/\/franciscanos.org.br\/noticias\/wp-json\/wp\/v2\/posts"}],"about":[{"href":"https:\/\/franciscanos.org.br\/noticias\/wp-json\/wp\/v2\/types\/post"}],"author":[{"embeddable":true,"href":"https:\/\/franciscanos.org.br\/noticias\/wp-json\/wp\/v2\/users\/11"}],"replies":[{"embeddable":true,"href":"https:\/\/franciscanos.org.br\/noticias\/wp-json\/wp\/v2\/comments?post=259702"}],"version-history":[{"count":2,"href":"https:\/\/franciscanos.org.br\/noticias\/wp-json\/wp\/v2\/posts\/259702\/revisions"}],"predecessor-version":[{"id":259733,"href":"https:\/\/franciscanos.org.br\/noticias\/wp-json\/wp\/v2\/posts\/259702\/revisions\/259733"}],"wp:featuredmedia":[{"embeddable":true,"href":"https:\/\/franciscanos.org.br\/noticias\/wp-json\/wp\/v2\/media\/259703"}],"wp:attachment":[{"href":"https:\/\/franciscanos.org.br\/noticias\/wp-json\/wp\/v2\/media?parent=259702"}],"wp:term":[{"taxonomy":"category","embeddable":true,"href":"https:\/\/franciscanos.org.br\/noticias\/wp-json\/wp\/v2\/categories?post=259702"},{"taxonomy":"post_tag","embeddable":true,"href":"https:\/\/franciscanos.org.br\/noticias\/wp-json\/wp\/v2\/tags?post=259702"}],"curies":[{"name":"wp","href":"https:\/\/api.w.org\/{rel}","templated":true}]}}