{"id":259697,"date":"2025-08-29T13:51:33","date_gmt":"2025-08-29T16:51:33","guid":{"rendered":"https:\/\/franciscanos.org.br\/noticias\/?p=259697"},"modified":"2025-08-29T14:05:12","modified_gmt":"2025-08-29T17:05:12","slug":"seja-feita-a-tua-vontade-frei-joao-zechinatto-sera-ordenado-presbitero","status":"publish","type":"post","link":"https:\/\/franciscanos.org.br\/noticias\/seja-feita-a-tua-vontade-frei-joao-zechinatto-sera-ordenado-presbitero.html","title":{"rendered":"Seja feita a Tua vontade: Frei Jo\u00e3o Zechinatto ser\u00e1 Ordenado Presb\u00edtero"},"content":{"rendered":"<p><img loading=\"lazy\" class=\"aligncenter wp-image-259699 size-full\" src=\"https:\/\/franciscanos.org.br\/noticias\/wp-content\/uploads\/2025\/08\/slide-joao-1280.png\" alt=\"\" width=\"1280\" height=\"720\" srcset=\"https:\/\/franciscanos.org.br\/noticias\/wp-content\/uploads\/2025\/08\/slide-joao-1280.png 1280w, https:\/\/franciscanos.org.br\/noticias\/wp-content\/uploads\/2025\/08\/slide-joao-1280-450x253.png 450w, https:\/\/franciscanos.org.br\/noticias\/wp-content\/uploads\/2025\/08\/slide-joao-1280-1024x576.png 1024w, https:\/\/franciscanos.org.br\/noticias\/wp-content\/uploads\/2025\/08\/slide-joao-1280-768x432.png 768w, https:\/\/franciscanos.org.br\/noticias\/wp-content\/uploads\/2025\/08\/slide-joao-1280-150x84.png 150w\" sizes=\"(max-width: 1280px) 100vw, 1280px\" \/><\/p>\n<p>\u201cUma voca\u00e7\u00e3o n\u00e3o \u00e9 patrim\u00f4nio de uma s\u00f3 pessoa, uma voca\u00e7\u00e3o \u00e9 resultado da vida de f\u00e9 de uma comunidade e de tantas pessoas que s\u00e3o \u2018hist\u00f3ria\u2019 e s\u00e3o \u2018participantes\u2019 na vida de um vocacionado.\u201d<\/p>\n<p>Assim, Frei Jo\u00e3o Zechinatto iniciou sua resposta quando lhe foi pedido que deixasse uma mensagem aos jovens vocacionados durante a entrevista que pode ser acompanhada nesta publica\u00e7\u00e3o.<\/p>\n<p>Este conte\u00fado foi produzido para que possamos conhecer um pouco mais desse jovem que, em breve, se tornar\u00e1 presb\u00edtero, mas que sempre ser\u00e1 o servo de Deus que, como frade franciscano, cumprir\u00e1 sua miss\u00e3o em favor da paz e do bem.<\/p>\n<p>Inspirados pelo lema \u201cSeja feita a tua vontade\u201d (Mt 6,10), a Prov\u00edncia Franciscana da Imaculada Concei\u00e7\u00e3o do Brasil e Frei Jo\u00e3o convidam a todos para sua Ordena\u00e7\u00e3o Presbiteral, no dia 6 de setembro, \u00e0s 17h, na Igreja Matriz de S\u00e3o Benedito, em Amparo (SP).<\/p>\n<p>Depois de percorrer uma importante etapa formativa e de encontro com Deus no ambiente provincial, o frade est\u00e1 pronto para confirmar mais um sim a uma voca\u00e7\u00e3o j\u00e1 marcada pela vida fraterna, pela minoridade e pelo seguimento do Cristo pobre e crucificado, pelas m\u00e3os de Dom Luiz Gonzaga Fechio, Bispo Diocesano de Amparo.<\/p>\n<p>Mas ele n\u00e3o estar\u00e1 sozinho em sua cidade natal, pois, al\u00e9m de seus confrades, seus familiares, convidados e amigos estar\u00e3o todos unidos para celebrar este momento \u00fanico da Ordena\u00e7\u00e3o Presbiteral, que marcar\u00e1 ainda mais profundamente a escolha pela caminhada religiosa de Frei Jo\u00e3o.<\/p>\n<p>A fala do frade aos vocacionados, mencionada logo no in\u00edcio deste texto, reflete o que est\u00e1 em seu cora\u00e7\u00e3o e em seu esp\u00edrito franciscano, pois o presbiterado n\u00e3o retira o frade da vida comum, mas o insere ainda mais profundamente nela, oferecendo seus dons para animar a fraternidade e fortalecer a miss\u00e3o evangelizadora.<\/p>\n<p>Na entrevista, Frei Jo\u00e3o Zechinatto apresenta mais detalhes sobre sua escolha de vida e sobre sua miss\u00e3o franciscana. Acompanhe\u00a0abaixo.<\/p>\n<p><strong>Site Franciscanos \u2013 Na sua vida, qual o sentido do seu lema de Ordena\u00e7\u00e3o, tirado do Evangelho de Mateus: <em>\u201cSeja feita a tua vontade\u201d <\/em>(Mt 6,10)?<\/strong><\/p>\n<p><strong>Frei Jo\u00e3o Zechinatto \u2013<\/strong> Houve um frade alem\u00e3o que viveu muitas d\u00e9cadas em Amparo, minha cidade natal, Frei Wenceslau Schepper. Era muito amigo da minha fam\u00edlia e muito querido pelo povo da minha Comunidade de origem. Em muitos almo\u00e7os nos domingos, ouvi atento suas hist\u00f3rias da Alemanha, das guerras, das dificuldades e desafios do passado e aquilo me marcou profundamente. Ele devia perceber o meu interesse e quando me tornei coroinha, na missa de Natal de 2000, ele me convidou para ser frei. Fiquei com esse convite na cabe\u00e7a e sem nem muito entender passei a dizer para quem me perguntava o que eu queria ser quando crescer, que eu queria ser \u201cfrei\u201d. Vim a descobrir que o lema de ordena\u00e7\u00e3o presbiteral de Frei Wenceslau foi esse <em>\u201cSeja feita a tua vontade\u201d. <\/em>Passei a tomar esse trecho da ora\u00e7\u00e3o do Pai-Nosso como um norte e uma inspira\u00e7\u00e3o ao longo da forma\u00e7\u00e3o inicial como frade menor e, agora, pr\u00f3ximo da Ordena\u00e7\u00e3o Presbiteral escolhi esse vers\u00edculo como lema para este minist\u00e9rio. \u00c9 uma homenagem a este frade que tanto me inspirou e ainda me inspira, mas tamb\u00e9m, um prop\u00f3sito que busco, com muita sinceridade e luta, como norte para este servi\u00e7o \u00e0 Igreja, ao povo de Deus e a Jesus Cristo, nosso Senhor.<\/p>\n<p><strong>Site Franciscanos \u2013 No dia 6 de setembro ser\u00e1 sua Ordena\u00e7\u00e3o Presbiteral. O que esse momento significa para voc\u00ea?<\/strong><\/p>\n<p><strong>Frei Jo\u00e3o Zechinatto \u2013<\/strong> Nestes \u00faltimos dias, estive em Retiro de prepara\u00e7\u00e3o para a Ordena\u00e7\u00e3o e um frade j\u00e1 mais idoso me disse: \u201cest\u00e1 pronto para servir ainda mais?\u201d Isso ressoou profundamente em mim. Embora estejamos felizes por celebrar esse momento, \u00e9 fundamental recordar que o minist\u00e9rio ordenado, enquanto desdobramento da voca\u00e7\u00e3o batismal, \u00e9 uma forma de profundo servi\u00e7o que se espelha do exemplo do pr\u00f3prio Cristo. O Senhor Ressuscitado e o seu Evangelho s\u00e3o inspira\u00e7\u00f5es indispens\u00e1veis aos servi\u00e7os na Igreja, todos devemos ser servos dos mist\u00e9rios de um Deus da vida e de um Deus que busca acolher a todos no seu projeto de salva\u00e7\u00e3o. Creio que a Ordena\u00e7\u00e3o Presbiteral acentua uma voca\u00e7\u00e3o acolhida a pedido da Igreja, da Prov\u00edncia e do Povo de Deus e refor\u00e7a a responsabilidade de uma miss\u00e3o em profunda intimidade com o Mist\u00e9rio Pascal do Senhor. E aqui, penso \u201cresponsabilidade\u201d na raiz da palavra latina \u201crespondere\u201d, somos provocados a uma resposta no hoje, tamb\u00e9m com um olhar para o que veio antes. Celebrar essa Ordena\u00e7\u00e3o \u00e9 responsabilizar-se para algo novo e profundo, mas \u00e9 tamb\u00e9m a resposta da hist\u00f3ria de uma comunidade de f\u00e9, dos frades, familiares e amigos; e ao olhar para essa \u201catr\u00e1s\u201d busco a garra de iniciar o amanh\u00e3 que desponta no horizonte, tendo como fundamento o servi\u00e7o humilde e esperan\u00e7oso; sempre rezando o lema proposto para esse momento: \u201cseja feita a Tua vontade\u201d!<\/p>\n<p><strong>Site Franciscanos \u2013 \u00a0O que significa ser um frade franciscano?<\/strong><\/p>\n<p><strong>Frei Jo\u00e3o Zechinatto \u2013<\/strong> S\u00e3o Francisco \u00e9 uma pessoa que exala \u201centusiasmo\u201d, toda a sua vida \u00e9 marcada por uma profunda obstina\u00e7\u00e3o por aquilo que a partir de Jesus Crucificado e o seu Evangelho iluminaram o seu cora\u00e7\u00e3o e o seu existir. Entusiasmo \u00e9 paix\u00e3o, \u00e9 anima\u00e7\u00e3o, \u00e9 perseveran\u00e7a, mas n\u00e3o podemos perder de vista a etimologia dessa palavra. \u201cEntusiasmo\u201d, do grego, \u00e9 \u201cestar cheio de Deus\u201d, assim foi S\u00e3o Francisco, um homem entusiasmado, um homem cheio de Deus. Creio que o frade menor seja algu\u00e9m chamado a ser cheio de Deus e se nos enchermos d\u2019Ele, temos a miss\u00e3o de dividir o que de gra\u00e7a recebemos com os nossos irm\u00e3os e irm\u00e3s. Ser frade menor \u00e9 buscar esse entusiasmo pela vida, nas mais simples e singelas coisas, poder maravilhar-se pelo viver e pelas coisas que nos rodeiam. Inspirados em S\u00e3o Francisco, ser um frade menor \u00e9 dar sentido \u00e0 vida, porque cheios de Deus vamos nos dando conta de que s\u00f3 Ele \u00e9 o sentido pleno e s\u00f3 com Ele as coisas da vida t\u00eam suas cores mais belas.<\/p>\n<p><strong>Site Franciscanos \u2013 \u00a0Frei Jo\u00e3o, sua ordena\u00e7\u00e3o como presb\u00edtero ocorre num ano cheio de significados, estamos no Ano Jubilar da Encarna\u00e7\u00e3o, ano dos 800 anos da composi\u00e7\u00e3o do C\u00e2ntico das Criaturas e dos 350 anos de Cria\u00e7\u00e3o da Prov\u00edncia da Imaculada Concei\u00e7\u00e3o do Brasil. Qual o impacto desses acontecimentos em um momento t\u00e3o significativo da sua vida religiosa? <\/strong><\/p>\n<p><strong>Frei Jo\u00e3o Zechinatto \u2013<\/strong> Eu tenho uma profunda admira\u00e7\u00e3o pela \u201chist\u00f3ria\u201d enquanto fen\u00f4meno e suas implica\u00e7\u00f5es simb\u00f3licas na nossa vida. Acho sempre interessante e formid\u00e1vel esse fato t\u00e3o humano de entrela\u00e7ar as quest\u00f5es da nossa vida e dar significados a elas. O Ano Santo \u00e9 um tempo de gra\u00e7a por excel\u00eancia, tempo de lembrarmos da encarna\u00e7\u00e3o do Senhor, algo t\u00e3o singular na hist\u00f3ria e no tempo que precisamos anunciar e vivenciarmos com intensidade para assim estarmos mais pr\u00f3ximos do pr\u00f3prio Evangelho, n\u00facleo das Escrituras. Nesses tempos de crises e incertezas com rela\u00e7\u00e3o ao futuro do pr\u00f3prio planeta \u00e9 o canto de um santo do tempo medieval a poesia que sintetiza um modo de ser necess\u00e1rio e urgente para a hist\u00f3ria de quem estamos nos fazendo e de quem queremos ser. O \u201cC\u00e2ntico das Criaturas\u201d \u00e9 no meu ver o nosso \u201ccanto mais atual\u201d, pois \u00e9 a mudan\u00e7a da nossa rela\u00e7\u00e3o com a Cria\u00e7\u00e3o que dir\u00e1 do nosso futuro. Francisco deu o tom: somos todos irm\u00e3os e irm\u00e3s numa Fraternidade Universal! E os 350 anos da nossa Prov\u00edncia \u00e9 a oportunidade de celebrar essa hist\u00f3ria de s\u00e9culos de irm\u00e3os que constru\u00edram o sonho de uma fraternidade de Paz e de Bem entre o nosso povo. Se vivemos num tempo conturbado e tumultuoso, refor\u00e7o que essas datas fortes nos lembram algo fundamental: nossas celebra\u00e7\u00f5es s\u00e3o respostas ao mundo! Celebrar a f\u00e9, nossa hist\u00f3ria e nosso carisma \u00e9 uma resposta para o nosso tempo. Nessas celebra\u00e7\u00f5es recobramos a for\u00e7a, a esperan\u00e7a e qual o sentido daremos a hist\u00f3ria que queremos escrever!<\/p>\n<p><strong>Site Franciscanos \u2013 O seu convite traz uma ilustra\u00e7\u00e3o do artista colombiano <em>Jul\u00edan Garc\u00eda. <\/em>O que o motivou na escolha desta imagem?<\/strong><\/p>\n<p><strong>Frei Jo\u00e3o Zechinatto \u2013<\/strong> No final do ano passado vi essa pintura e ela me prendeu a aten\u00e7\u00e3o. Notei que dos muitos elementos presentes na arte, est\u00e3o os tr\u00eas principais da espiritualidade franciscana: o Pres\u00e9pio, a Cruz e a Eucaristia. Creio que a um frade, essa tr\u00edade \u00e9 fundamental para a atualiza\u00e7\u00e3o do nosso carisma e ajuda-nos a intuirmos nossa mensagem espiritual para os nossos tempos. Nesta arte, o Senhor da Vida vem como menino, cheio de uma \u00e2nsia esperan\u00e7osa de futuro, sua manjedoura \u00e9 uma \u00e1rvore, s\u00edmbolo da vida que luta por frutificar. O p\u00e3o e o vinho est\u00e3o pr\u00f3ximos a Ele. Maria e Jos\u00e9 o envolvem e apontam para Ele, mas o vislumbre da Cruz j\u00e1 o adorna. As cores s\u00e3o tamb\u00e9m vivas, muito pr\u00f3prias do nosso povo latino. Foi uma pintura que me chamou a aten\u00e7\u00e3o pela riqueza dos detalhes e \u00e9 aquela m\u00e1xima: \u201cpercebemos na arte muito mais a n\u00f3s mesmos, do que as inten\u00e7\u00f5es do artista\u201d.<\/p>\n<p><strong>Site Franciscanos \u2013 Como \u00e9 para voc\u00ea voltar \u00e0 sua terra natal para esse momento especial de sua caminhada vocacional na Igreja e na Ordem?<\/strong><\/p>\n<p><strong>Frei Jo\u00e3o Zechinatto \u2013<\/strong> Uma voca\u00e7\u00e3o n\u00e3o \u00e9 patrim\u00f4nio de uma s\u00f3 pessoa, uma voca\u00e7\u00e3o \u00e9 resultado da vida de f\u00e9 de uma comunidade e de tantas pessoas que s\u00e3o \u201chist\u00f3ria\u201d e s\u00e3o \u201cparticipantes\u201d na vida de um vocacionado. \u00c9 lindo a resposta lit\u00fargica que dizemos no in\u00edcio da Celebra\u00e7\u00e3o Eucar\u00edstica: \u201cBendito seja Deus que nos reuniu no amor de Cristo\u201d. \u00c9 o amor de Cristo que nos une e nos re\u00fane; \u00e9 ele tamb\u00e9m que nos chamou a essa vida, nos sustentou at\u00e9 aqui e nos conduzir\u00e1 pelos caminhos a serem seguidos! Voltar para junto dos meus familiares, amigos e da minha comunidade natal \u00e9 voltar para onde aprendi a celebra\u00e7\u00e3o do amor, da f\u00e9 e da esperan\u00e7a. \u00c9 celebrar com eles uma voca\u00e7\u00e3o que nasceu com eles e se tornou o que \u00e9, gra\u00e7as a eles! \u00c9 estar em uni\u00e3o com a Igreja, porque n\u00e3o nos fazemos para n\u00f3s mesmos, mas para um projeto universal, assim como a tradi\u00e7\u00e3o define a Vida nova em Cristo. \u00c9 estar junto dos meus confrades, meus irm\u00e3os que me ensinam sempre que o sonho de Francisco de Assis \u00e9 poss\u00edvel e real! Reunidos todos nesse amor de Cristo, sinto-me honrado e com o cora\u00e7\u00e3o cheio de gratid\u00e3o, mesmo tamb\u00e9m me sentindo t\u00e3o pequeno e n\u00e3o merecedor de tantas gra\u00e7as, mas \u00e9 olhando al\u00e9m que repito com o salmista: bendirei o Senhor em todo o tempo!<\/p>\n<p><strong>Site Franciscanos \u2013 Qual mensagem voc\u00ea deixaria para os jovens que s\u00e3o vocacionados \u00e0 vida religiosa franciscana e, assim como voc\u00ea, querem que tamb\u00e9m seja feita a vontade de Deus em suas vidas?<\/strong><\/p>\n<p><strong>Frei Jo\u00e3o Zechinatto \u2013<\/strong> Uma das quest\u00f5es que vejo no presente em que vivemos \u00e9 talvez a dificuldade de compreender o que \u00e9 o todo do \u201ctempo da nossa vida\u201d. Vivemos \u201cmomentos\u201d e \u201cinstantes\u201d, mas eles dizem de um recorte da vida e n\u00e3o da vida pensada em sua inteireza. Discernir uma voca\u00e7\u00e3o \u00e9 buscar ler os instantes e os momentos, por\u00e9m, j\u00e1 vislumbrando o qu\u00ea do todo da vida pode ser empreendido. A vida franciscana \u00e9 bela, profunda e grandiosa e ela fala \u00e0 vida, na sua m\u00e1xima grandeza. Se eu desse um conselho aos jovens em processo de discernimento vocacional, ele seria: \u201caonde voc\u00ea, l\u00e1 na frente, quer estar? Quando voc\u00ea olhar para as d\u00e9cadas da sua vida, o que voc\u00ea imagina ou gostaria de ver? Veja al\u00e9m do agora e pensando no todo, como voc\u00ea o v\u00ea? \u201d A vida \u00e9 uma constru\u00e7\u00e3o e, facilmente, nos esquecemos disso, por isso, os instantes e momentos est\u00e3o \u00e0 servi\u00e7o de um tempo de vida muito maior. Assim, uma voca\u00e7\u00e3o acertada \u00e9 uma voca\u00e7\u00e3o que v\u00ea al\u00e9m das quest\u00f5es menores, que n\u00e3o se prende \u00e0s dificuldades. Gosto do pensamento do Guimar\u00e3es Rosa que diz: \u201co que tem de ser tem muita for\u00e7a\u201d. N\u00e3o desanimemos nas adversidades e trope\u00e7os, pois o Reino de Deus est\u00e1 sempre acontecendo. Ele n\u00e3o \u00e9 um evento distante, mas \u00e9 a presen\u00e7a viva de Deus que j\u00e1 germina no cora\u00e7\u00e3o do mundo. Para perceb\u00ea-lo \u00e9 preciso tempo e vida: tempo para silenciar, escutar e discernir os sinais; vida para se gastar em amor, justi\u00e7a e miseric\u00f3rdia. O Reino cresce na simplicidade dos gestos de paz, na partilha que vence a indiferen\u00e7a e na esperan\u00e7a que resiste ao des\u00e2nimo. Quem se abre a esse mist\u00e9rio descobre que o Reino n\u00e3o \u00e9 apenas instante futuro, mas realidade que pulsa aqui e agora, em cada momento e instante do pulsar dos nossos cora\u00e7\u00f5es.<\/p>\n<hr \/>\n<p><em>Adriana Rabelo Rodrigues<\/em><\/p>\n","protected":false},"excerpt":{"rendered":"<p>Ordena\u00e7\u00e3o Prebisteral<\/p>\n","protected":false},"author":11,"featured_media":259698,"comment_status":"open","ping_status":"open","sticky":false,"template":"","format":"standard","meta":[],"categories":[758,1],"tags":[2405,157],"acf":[],"yoast_head":"<!-- This site is optimized with the Yoast SEO plugin v19.2 - https:\/\/yoast.com\/wordpress\/plugins\/seo\/ -->\n<title>Seja feita a Tua vontade: Frei Jo\u00e3o Zechinatto ser\u00e1 Ordenado Presb\u00edtero - Not\u00edcias - Franciscanos<\/title>\n<meta name=\"robots\" content=\"index, follow, max-snippet:-1, max-image-preview:large, max-video-preview:-1\" \/>\n<link rel=\"canonical\" href=\"https:\/\/franciscanos.org.br\/noticias\/seja-feita-a-tua-vontade-frei-joao-zechinatto-sera-ordenado-presbitero.html\" \/>\n<meta property=\"og:locale\" content=\"pt_BR\" \/>\n<meta property=\"og:type\" content=\"article\" \/>\n<meta property=\"og:title\" content=\"Seja feita a Tua vontade: Frei Jo\u00e3o Zechinatto ser\u00e1 Ordenado Presb\u00edtero - Not\u00edcias - Franciscanos\" \/>\n<meta property=\"og:description\" content=\"Ordena\u00e7\u00e3o Prebisteral\" \/>\n<meta property=\"og:url\" content=\"https:\/\/franciscanos.org.br\/noticias\/seja-feita-a-tua-vontade-frei-joao-zechinatto-sera-ordenado-presbitero.html\" \/>\n<meta property=\"og:site_name\" content=\"Not\u00edcias - Franciscanos\" \/>\n<meta property=\"article:published_time\" content=\"2025-08-29T16:51:33+00:00\" \/>\n<meta property=\"article:modified_time\" content=\"2025-08-29T17:05:12+00:00\" \/>\n<meta property=\"og:image\" content=\"https:\/\/franciscanos.org.br\/noticias\/wp-content\/uploads\/2025\/08\/slide-joao-800.png\" \/>\n\t<meta property=\"og:image:width\" content=\"800\" \/>\n\t<meta property=\"og:image:height\" content=\"550\" \/>\n\t<meta property=\"og:image:type\" content=\"image\/png\" \/>\n<meta name=\"author\" content=\"Adriana Rabelo\" \/>\n<meta name=\"twitter:card\" content=\"summary_large_image\" \/>\n<meta name=\"twitter:label1\" content=\"Escrito por\" \/>\n\t<meta name=\"twitter:data1\" content=\"Adriana Rabelo\" \/>\n\t<meta name=\"twitter:label2\" content=\"Est. tempo de leitura\" \/>\n\t<meta name=\"twitter:data2\" content=\"11 minutos\" \/>\n<script type=\"application\/ld+json\" class=\"yoast-schema-graph\">{\"@context\":\"https:\/\/schema.org\",\"@graph\":[{\"@type\":\"WebSite\",\"@id\":\"https:\/\/franciscanos.org.br\/noticias\/#website\",\"url\":\"https:\/\/franciscanos.org.br\/noticias\/\",\"name\":\"Not\u00edcias - Franciscanos\",\"description\":\"Prov\u00edncia Franciscana da Imaculada Concei\u00e7\u00e3o do Brasil - Ordem dos Frades Menores - OFM\",\"potentialAction\":[{\"@type\":\"SearchAction\",\"target\":{\"@type\":\"EntryPoint\",\"urlTemplate\":\"https:\/\/franciscanos.org.br\/noticias\/?s={search_term_string}\"},\"query-input\":\"required name=search_term_string\"}],\"inLanguage\":\"pt-BR\"},{\"@type\":\"ImageObject\",\"inLanguage\":\"pt-BR\",\"@id\":\"https:\/\/franciscanos.org.br\/noticias\/seja-feita-a-tua-vontade-frei-joao-zechinatto-sera-ordenado-presbitero.html#primaryimage\",\"url\":\"https:\/\/franciscanos.org.br\/noticias\/wp-content\/uploads\/2025\/08\/slide-joao-800.png\",\"contentUrl\":\"https:\/\/franciscanos.org.br\/noticias\/wp-content\/uploads\/2025\/08\/slide-joao-800.png\",\"width\":800,\"height\":550},{\"@type\":\"WebPage\",\"@id\":\"https:\/\/franciscanos.org.br\/noticias\/seja-feita-a-tua-vontade-frei-joao-zechinatto-sera-ordenado-presbitero.html#webpage\",\"url\":\"https:\/\/franciscanos.org.br\/noticias\/seja-feita-a-tua-vontade-frei-joao-zechinatto-sera-ordenado-presbitero.html\",\"name\":\"Seja feita a Tua vontade: Frei Jo\u00e3o Zechinatto ser\u00e1 Ordenado Presb\u00edtero - Not\u00edcias - Franciscanos\",\"isPartOf\":{\"@id\":\"https:\/\/franciscanos.org.br\/noticias\/#website\"},\"primaryImageOfPage\":{\"@id\":\"https:\/\/franciscanos.org.br\/noticias\/seja-feita-a-tua-vontade-frei-joao-zechinatto-sera-ordenado-presbitero.html#primaryimage\"},\"datePublished\":\"2025-08-29T16:51:33+00:00\",\"dateModified\":\"2025-08-29T17:05:12+00:00\",\"author\":{\"@id\":\"https:\/\/franciscanos.org.br\/noticias\/#\/schema\/person\/d9422e83121c3ad3b0f423d195f5bb25\"},\"breadcrumb\":{\"@id\":\"https:\/\/franciscanos.org.br\/noticias\/seja-feita-a-tua-vontade-frei-joao-zechinatto-sera-ordenado-presbitero.html#breadcrumb\"},\"inLanguage\":\"pt-BR\",\"potentialAction\":[{\"@type\":\"ReadAction\",\"target\":[\"https:\/\/franciscanos.org.br\/noticias\/seja-feita-a-tua-vontade-frei-joao-zechinatto-sera-ordenado-presbitero.html\"]}]},{\"@type\":\"BreadcrumbList\",\"@id\":\"https:\/\/franciscanos.org.br\/noticias\/seja-feita-a-tua-vontade-frei-joao-zechinatto-sera-ordenado-presbitero.html#breadcrumb\",\"itemListElement\":[{\"@type\":\"ListItem\",\"position\":1,\"name\":\"Home\",\"item\":\"https:\/\/franciscanos.org.br\/noticias\"},{\"@type\":\"ListItem\",\"position\":2,\"name\":\"Seja feita a Tua vontade: Frei Jo\u00e3o Zechinatto ser\u00e1 Ordenado Presb\u00edtero\"}]},{\"@type\":\"Person\",\"@id\":\"https:\/\/franciscanos.org.br\/noticias\/#\/schema\/person\/d9422e83121c3ad3b0f423d195f5bb25\",\"name\":\"Adriana Rabelo\",\"image\":{\"@type\":\"ImageObject\",\"inLanguage\":\"pt-BR\",\"@id\":\"https:\/\/franciscanos.org.br\/noticias\/#\/schema\/person\/image\/\",\"url\":\"https:\/\/secure.gravatar.com\/avatar\/0a937b7500cd7df77540cfb8bede877d?s=96&d=mm&r=g\",\"contentUrl\":\"https:\/\/secure.gravatar.com\/avatar\/0a937b7500cd7df77540cfb8bede877d?s=96&d=mm&r=g\",\"caption\":\"Adriana Rabelo\"},\"url\":\"https:\/\/franciscanos.org.br\/noticias\/author\/adrianarabelo\"}]}<\/script>\n<!-- \/ Yoast SEO plugin. -->","yoast_head_json":{"title":"Seja feita a Tua vontade: Frei Jo\u00e3o Zechinatto ser\u00e1 Ordenado Presb\u00edtero - Not\u00edcias - Franciscanos","robots":{"index":"index","follow":"follow","max-snippet":"max-snippet:-1","max-image-preview":"max-image-preview:large","max-video-preview":"max-video-preview:-1"},"canonical":"https:\/\/franciscanos.org.br\/noticias\/seja-feita-a-tua-vontade-frei-joao-zechinatto-sera-ordenado-presbitero.html","og_locale":"pt_BR","og_type":"article","og_title":"Seja feita a Tua vontade: Frei Jo\u00e3o Zechinatto ser\u00e1 Ordenado Presb\u00edtero - Not\u00edcias - Franciscanos","og_description":"Ordena\u00e7\u00e3o Prebisteral","og_url":"https:\/\/franciscanos.org.br\/noticias\/seja-feita-a-tua-vontade-frei-joao-zechinatto-sera-ordenado-presbitero.html","og_site_name":"Not\u00edcias - Franciscanos","article_published_time":"2025-08-29T16:51:33+00:00","article_modified_time":"2025-08-29T17:05:12+00:00","og_image":[{"width":800,"height":550,"url":"https:\/\/franciscanos.org.br\/noticias\/wp-content\/uploads\/2025\/08\/slide-joao-800.png","type":"image\/png"}],"author":"Adriana Rabelo","twitter_card":"summary_large_image","twitter_misc":{"Escrito por":"Adriana Rabelo","Est. tempo de leitura":"11 minutos"},"schema":{"@context":"https:\/\/schema.org","@graph":[{"@type":"WebSite","@id":"https:\/\/franciscanos.org.br\/noticias\/#website","url":"https:\/\/franciscanos.org.br\/noticias\/","name":"Not\u00edcias - Franciscanos","description":"Prov\u00edncia Franciscana da Imaculada Concei\u00e7\u00e3o do Brasil - Ordem dos Frades Menores - OFM","potentialAction":[{"@type":"SearchAction","target":{"@type":"EntryPoint","urlTemplate":"https:\/\/franciscanos.org.br\/noticias\/?s={search_term_string}"},"query-input":"required name=search_term_string"}],"inLanguage":"pt-BR"},{"@type":"ImageObject","inLanguage":"pt-BR","@id":"https:\/\/franciscanos.org.br\/noticias\/seja-feita-a-tua-vontade-frei-joao-zechinatto-sera-ordenado-presbitero.html#primaryimage","url":"https:\/\/franciscanos.org.br\/noticias\/wp-content\/uploads\/2025\/08\/slide-joao-800.png","contentUrl":"https:\/\/franciscanos.org.br\/noticias\/wp-content\/uploads\/2025\/08\/slide-joao-800.png","width":800,"height":550},{"@type":"WebPage","@id":"https:\/\/franciscanos.org.br\/noticias\/seja-feita-a-tua-vontade-frei-joao-zechinatto-sera-ordenado-presbitero.html#webpage","url":"https:\/\/franciscanos.org.br\/noticias\/seja-feita-a-tua-vontade-frei-joao-zechinatto-sera-ordenado-presbitero.html","name":"Seja feita a Tua vontade: Frei Jo\u00e3o Zechinatto ser\u00e1 Ordenado Presb\u00edtero - Not\u00edcias - Franciscanos","isPartOf":{"@id":"https:\/\/franciscanos.org.br\/noticias\/#website"},"primaryImageOfPage":{"@id":"https:\/\/franciscanos.org.br\/noticias\/seja-feita-a-tua-vontade-frei-joao-zechinatto-sera-ordenado-presbitero.html#primaryimage"},"datePublished":"2025-08-29T16:51:33+00:00","dateModified":"2025-08-29T17:05:12+00:00","author":{"@id":"https:\/\/franciscanos.org.br\/noticias\/#\/schema\/person\/d9422e83121c3ad3b0f423d195f5bb25"},"breadcrumb":{"@id":"https:\/\/franciscanos.org.br\/noticias\/seja-feita-a-tua-vontade-frei-joao-zechinatto-sera-ordenado-presbitero.html#breadcrumb"},"inLanguage":"pt-BR","potentialAction":[{"@type":"ReadAction","target":["https:\/\/franciscanos.org.br\/noticias\/seja-feita-a-tua-vontade-frei-joao-zechinatto-sera-ordenado-presbitero.html"]}]},{"@type":"BreadcrumbList","@id":"https:\/\/franciscanos.org.br\/noticias\/seja-feita-a-tua-vontade-frei-joao-zechinatto-sera-ordenado-presbitero.html#breadcrumb","itemListElement":[{"@type":"ListItem","position":1,"name":"Home","item":"https:\/\/franciscanos.org.br\/noticias"},{"@type":"ListItem","position":2,"name":"Seja feita a Tua vontade: Frei Jo\u00e3o Zechinatto ser\u00e1 Ordenado Presb\u00edtero"}]},{"@type":"Person","@id":"https:\/\/franciscanos.org.br\/noticias\/#\/schema\/person\/d9422e83121c3ad3b0f423d195f5bb25","name":"Adriana Rabelo","image":{"@type":"ImageObject","inLanguage":"pt-BR","@id":"https:\/\/franciscanos.org.br\/noticias\/#\/schema\/person\/image\/","url":"https:\/\/secure.gravatar.com\/avatar\/0a937b7500cd7df77540cfb8bede877d?s=96&d=mm&r=g","contentUrl":"https:\/\/secure.gravatar.com\/avatar\/0a937b7500cd7df77540cfb8bede877d?s=96&d=mm&r=g","caption":"Adriana Rabelo"},"url":"https:\/\/franciscanos.org.br\/noticias\/author\/adrianarabelo"}]}},"_links":{"self":[{"href":"https:\/\/franciscanos.org.br\/noticias\/wp-json\/wp\/v2\/posts\/259697"}],"collection":[{"href":"https:\/\/franciscanos.org.br\/noticias\/wp-json\/wp\/v2\/posts"}],"about":[{"href":"https:\/\/franciscanos.org.br\/noticias\/wp-json\/wp\/v2\/types\/post"}],"author":[{"embeddable":true,"href":"https:\/\/franciscanos.org.br\/noticias\/wp-json\/wp\/v2\/users\/11"}],"replies":[{"embeddable":true,"href":"https:\/\/franciscanos.org.br\/noticias\/wp-json\/wp\/v2\/comments?post=259697"}],"version-history":[{"count":2,"href":"https:\/\/franciscanos.org.br\/noticias\/wp-json\/wp\/v2\/posts\/259697\/revisions"}],"predecessor-version":[{"id":259701,"href":"https:\/\/franciscanos.org.br\/noticias\/wp-json\/wp\/v2\/posts\/259697\/revisions\/259701"}],"wp:featuredmedia":[{"embeddable":true,"href":"https:\/\/franciscanos.org.br\/noticias\/wp-json\/wp\/v2\/media\/259698"}],"wp:attachment":[{"href":"https:\/\/franciscanos.org.br\/noticias\/wp-json\/wp\/v2\/media?parent=259697"}],"wp:term":[{"taxonomy":"category","embeddable":true,"href":"https:\/\/franciscanos.org.br\/noticias\/wp-json\/wp\/v2\/categories?post=259697"},{"taxonomy":"post_tag","embeddable":true,"href":"https:\/\/franciscanos.org.br\/noticias\/wp-json\/wp\/v2\/tags?post=259697"}],"curies":[{"name":"wp","href":"https:\/\/api.w.org\/{rel}","templated":true}]}}