{"id":259691,"date":"2025-08-29T08:31:37","date_gmt":"2025-08-29T11:31:37","guid":{"rendered":"https:\/\/franciscanos.org.br\/noticias\/?p=259691"},"modified":"2025-08-29T08:35:48","modified_gmt":"2025-08-29T11:35:48","slug":"estudar-rezar-e-por-a-mao-na-massa-tres-expressoes-eloquentes-do-compromisso-jpic","status":"publish","type":"post","link":"https:\/\/franciscanos.org.br\/noticias\/estudar-rezar-e-por-a-mao-na-massa-tres-expressoes-eloquentes-do-compromisso-jpic.html","title":{"rendered":"Estudar, rezar e \u201cp\u00f4r a m\u00e3o na massa\u201d: tr\u00eas express\u00f5es eloquentes do Compromisso JPIC"},"content":{"rendered":"<div id=\"attachment_259692\" style=\"width: 1290px\" class=\"wp-caption alignnone\"><img aria-describedby=\"caption-attachment-259692\" loading=\"lazy\" class=\"wp-image-259692 size-full\" src=\"https:\/\/franciscanos.org.br\/noticias\/wp-content\/uploads\/2025\/08\/MATERIA-5.jpg\" alt=\"\" width=\"1280\" height=\"720\" srcset=\"https:\/\/franciscanos.org.br\/noticias\/wp-content\/uploads\/2025\/08\/MATERIA-5.jpg 1280w, https:\/\/franciscanos.org.br\/noticias\/wp-content\/uploads\/2025\/08\/MATERIA-5-450x253.jpg 450w, https:\/\/franciscanos.org.br\/noticias\/wp-content\/uploads\/2025\/08\/MATERIA-5-1024x576.jpg 1024w, https:\/\/franciscanos.org.br\/noticias\/wp-content\/uploads\/2025\/08\/MATERIA-5-768x432.jpg 768w, https:\/\/franciscanos.org.br\/noticias\/wp-content\/uploads\/2025\/08\/MATERIA-5-150x84.jpg 150w\" sizes=\"(max-width: 1280px) 100vw, 1280px\" \/><p id=\"caption-attachment-259692\" class=\"wp-caption-text\">Da esq. para dir. Frei Jos\u00e9 Francisco, Frei Marx, Frei Gustavo, Frei Vitorio, Frei Thiago, Frei Andr\u00e9, Frei Laerte<\/p><\/div>\n<p>\u201cFormar, celebrar e agir\u201d. Estes tr\u00eas verbos est\u00e3o na base das propostas para a anima\u00e7\u00e3o do <strong>Servi\u00e7o de Justi\u00e7a, Paz e Integridade da Cria\u00e7\u00e3o (JPIC) <\/strong>junto \u00e0s Fraternidades e presen\u00e7as evangelizadoras da Prov\u00edncia Franciscana da Imaculada Concei\u00e7\u00e3o do Brasil. A partir desses tr\u00eas eixos, os frades que comp\u00f5em o Conselho de JPIC na Prov\u00edncia, reunidos no Convento S\u00e3o Francisco, em S\u00e3o Paulo, organizaram a proposta de trabalho referente a esta dimens\u00e3o transversal e indispens\u00e1vel para a viv\u00eancia do carisma franciscano.<\/p>\n<p>O encontro realizou-se nos dias 26 e 27 de agosto, com a coordena\u00e7\u00e3o do Animador do JPIC, Frei Thiago Alexandre Hayakawa; do Vice-animador, Frei Jos\u00e9 Francisco C\u00e1ssia dos Santos; al\u00e9m do Secret\u00e1rio de Evangeliza\u00e7\u00e3o, Frei Gustavo Wayand Medella, e demais integrantes do Conselho: Frei Andr\u00e9 Gurzynski, Frei Laerte de Farias dos Santos, Frei Marx Rodrigues dos Reis e Frei Vitorio Mazzuco Filho.<\/p>\n<p>Dentre os temas refletidos no encontro, destacaram-se os grandes desafios contempor\u00e2neos: as constantes amea\u00e7as \u00e0 democracia, aos direitos humanos, o avan\u00e7o das guerras e da viol\u00eancia, o crescimento de uma religiosidade que produz aliena\u00e7\u00e3o e desmobiliza\u00e7\u00e3o, bem como as agress\u00f5es permanentes \u00e0 natureza e ao planeta. Diante de todas essas provoca\u00e7\u00f5es, o grupo reafirmou a convic\u00e7\u00e3o sobre a import\u00e2ncia da contribui\u00e7\u00e3o franciscana na busca de caminhos alternativos aos que t\u00eam conduzido o mundo e a sociedade a uma esp\u00e9cie de \u201cfal\u00eancia\u201d. Ressaltou-se, com insist\u00eancia, a urg\u00eancia de que, em toda a Prov\u00edncia, haja um movimento de assimila\u00e7\u00e3o das propostas da Carta Enc\u00edclica <em>Laudato si\u2019<\/em> e a constru\u00e7\u00e3o de um compromisso claro com os valores ali apresentados.<\/p>\n<p>Como fruto de todo o percurso, marcado pela reflex\u00e3o e pela partilha, o grupo chegou \u00e0 formula\u00e7\u00e3o dos eixos fundamentais para a anima\u00e7\u00e3o do Servi\u00e7o de JPIC nos pr\u00f3ximos anos, recordando tratar-se de uma dimens\u00e3o transversal do carisma, que deve, portanto, estar presente em todas as inst\u00e2ncias de anima\u00e7\u00e3o e coordena\u00e7\u00e3o da vida provincial.<\/p>\n<p>Na linha formativa, correspondente ao eixo <strong>FORMAR<\/strong>, est\u00e3o previstas a promo\u00e7\u00e3o de cursos, subs\u00eddios, encontros e palestras que possam animar as fraternidades e frentes mission\u00e1rias a se aprofundarem nas grandes quest\u00f5es que tocam a luta pela justi\u00e7a e pelo cuidado com a cria\u00e7\u00e3o. Na dimens\u00e3o celebrativa (<strong>CELEBRAR<\/strong>), foi elaborado um calend\u00e1rio de datas significativas, al\u00e9m de propostas de momentos de ora\u00e7\u00e3o capazes de fortalecer a pr\u00e1tica e o compromisso. J\u00e1 no que diz respeito \u00e0 a\u00e7\u00e3o (<strong>AGIR<\/strong>), pretende-se incentivar o engajamento em iniciativas concretas de solidariedade, constru\u00e7\u00e3o da paz e promo\u00e7\u00e3o da justi\u00e7a, aliadas a gestos simples e cotidianos de cuidado e aten\u00e7\u00e3o ao meio ambiente.<\/p>\n<p>Cientes do grande desafio de implementar as propostas elaboradas e da quantidade de trabalho que t\u00eam pela frente, os membros do Conselho de JPIC da Prov\u00edncia conclu\u00edram o encontro cheios de esperan\u00e7a, na certeza de que o exemplo e a vida de Francisco de Assis ainda t\u00eam muito a oferecer ao mundo de hoje.<\/p>\n<hr \/>\n<p><em>Equipe JPIC<\/em><\/p>\n","protected":false},"excerpt":{"rendered":"<p>Justi\u00e7a, Paz e Integridade da Cria\u00e7\u00e3o<\/p>\n","protected":false},"author":11,"featured_media":259693,"comment_status":"open","ping_status":"open","sticky":false,"template":"","format":"standard","meta":[],"categories":[1],"tags":[202,2353,2354],"acf":[],"yoast_head":"<!-- This site is optimized with the Yoast SEO plugin v19.2 - https:\/\/yoast.com\/wordpress\/plugins\/seo\/ -->\n<title>Estudar, rezar e \u201cp\u00f4r a m\u00e3o na massa\u201d: tr\u00eas express\u00f5es eloquentes do Compromisso JPIC - Not\u00edcias - Franciscanos<\/title>\n<meta name=\"robots\" content=\"index, follow, max-snippet:-1, max-image-preview:large, max-video-preview:-1\" \/>\n<link rel=\"canonical\" href=\"https:\/\/franciscanos.org.br\/noticias\/estudar-rezar-e-por-a-mao-na-massa-tres-expressoes-eloquentes-do-compromisso-jpic.html\" \/>\n<meta property=\"og:locale\" content=\"pt_BR\" \/>\n<meta property=\"og:type\" content=\"article\" \/>\n<meta property=\"og:title\" content=\"Estudar, rezar e \u201cp\u00f4r a m\u00e3o na massa\u201d: tr\u00eas express\u00f5es eloquentes do Compromisso JPIC - Not\u00edcias - Franciscanos\" \/>\n<meta property=\"og:description\" content=\"Justi\u00e7a, Paz e Integridade da Cria\u00e7\u00e3o\" \/>\n<meta property=\"og:url\" content=\"https:\/\/franciscanos.org.br\/noticias\/estudar-rezar-e-por-a-mao-na-massa-tres-expressoes-eloquentes-do-compromisso-jpic.html\" \/>\n<meta property=\"og:site_name\" content=\"Not\u00edcias - Franciscanos\" \/>\n<meta property=\"article:published_time\" content=\"2025-08-29T11:31:37+00:00\" \/>\n<meta property=\"article:modified_time\" content=\"2025-08-29T11:35:48+00:00\" \/>\n<meta property=\"og:image\" content=\"https:\/\/franciscanos.org.br\/noticias\/wp-content\/uploads\/2025\/08\/chamada-7.jpg\" \/>\n\t<meta property=\"og:image:width\" content=\"800\" \/>\n\t<meta property=\"og:image:height\" content=\"550\" \/>\n\t<meta property=\"og:image:type\" content=\"image\/jpeg\" \/>\n<meta name=\"author\" content=\"Adriana Rabelo\" \/>\n<meta name=\"twitter:card\" content=\"summary_large_image\" \/>\n<meta name=\"twitter:label1\" content=\"Escrito por\" \/>\n\t<meta name=\"twitter:data1\" content=\"Adriana Rabelo\" \/>\n\t<meta name=\"twitter:label2\" content=\"Est. tempo de leitura\" \/>\n\t<meta name=\"twitter:data2\" content=\"3 minutos\" \/>\n<script type=\"application\/ld+json\" class=\"yoast-schema-graph\">{\"@context\":\"https:\/\/schema.org\",\"@graph\":[{\"@type\":\"WebSite\",\"@id\":\"https:\/\/franciscanos.org.br\/noticias\/#website\",\"url\":\"https:\/\/franciscanos.org.br\/noticias\/\",\"name\":\"Not\u00edcias - Franciscanos\",\"description\":\"Prov\u00edncia Franciscana da Imaculada Concei\u00e7\u00e3o do Brasil - Ordem dos Frades Menores - OFM\",\"potentialAction\":[{\"@type\":\"SearchAction\",\"target\":{\"@type\":\"EntryPoint\",\"urlTemplate\":\"https:\/\/franciscanos.org.br\/noticias\/?s={search_term_string}\"},\"query-input\":\"required name=search_term_string\"}],\"inLanguage\":\"pt-BR\"},{\"@type\":\"ImageObject\",\"inLanguage\":\"pt-BR\",\"@id\":\"https:\/\/franciscanos.org.br\/noticias\/estudar-rezar-e-por-a-mao-na-massa-tres-expressoes-eloquentes-do-compromisso-jpic.html#primaryimage\",\"url\":\"https:\/\/franciscanos.org.br\/noticias\/wp-content\/uploads\/2025\/08\/chamada-7.jpg\",\"contentUrl\":\"https:\/\/franciscanos.org.br\/noticias\/wp-content\/uploads\/2025\/08\/chamada-7.jpg\",\"width\":800,\"height\":550},{\"@type\":\"WebPage\",\"@id\":\"https:\/\/franciscanos.org.br\/noticias\/estudar-rezar-e-por-a-mao-na-massa-tres-expressoes-eloquentes-do-compromisso-jpic.html#webpage\",\"url\":\"https:\/\/franciscanos.org.br\/noticias\/estudar-rezar-e-por-a-mao-na-massa-tres-expressoes-eloquentes-do-compromisso-jpic.html\",\"name\":\"Estudar, rezar e \u201cp\u00f4r a m\u00e3o na massa\u201d: tr\u00eas express\u00f5es eloquentes do Compromisso JPIC - Not\u00edcias - Franciscanos\",\"isPartOf\":{\"@id\":\"https:\/\/franciscanos.org.br\/noticias\/#website\"},\"primaryImageOfPage\":{\"@id\":\"https:\/\/franciscanos.org.br\/noticias\/estudar-rezar-e-por-a-mao-na-massa-tres-expressoes-eloquentes-do-compromisso-jpic.html#primaryimage\"},\"datePublished\":\"2025-08-29T11:31:37+00:00\",\"dateModified\":\"2025-08-29T11:35:48+00:00\",\"author\":{\"@id\":\"https:\/\/franciscanos.org.br\/noticias\/#\/schema\/person\/d9422e83121c3ad3b0f423d195f5bb25\"},\"breadcrumb\":{\"@id\":\"https:\/\/franciscanos.org.br\/noticias\/estudar-rezar-e-por-a-mao-na-massa-tres-expressoes-eloquentes-do-compromisso-jpic.html#breadcrumb\"},\"inLanguage\":\"pt-BR\",\"potentialAction\":[{\"@type\":\"ReadAction\",\"target\":[\"https:\/\/franciscanos.org.br\/noticias\/estudar-rezar-e-por-a-mao-na-massa-tres-expressoes-eloquentes-do-compromisso-jpic.html\"]}]},{\"@type\":\"BreadcrumbList\",\"@id\":\"https:\/\/franciscanos.org.br\/noticias\/estudar-rezar-e-por-a-mao-na-massa-tres-expressoes-eloquentes-do-compromisso-jpic.html#breadcrumb\",\"itemListElement\":[{\"@type\":\"ListItem\",\"position\":1,\"name\":\"Home\",\"item\":\"https:\/\/franciscanos.org.br\/noticias\"},{\"@type\":\"ListItem\",\"position\":2,\"name\":\"Estudar, rezar e \u201cp\u00f4r a m\u00e3o na massa\u201d: tr\u00eas express\u00f5es eloquentes do Compromisso JPIC\"}]},{\"@type\":\"Person\",\"@id\":\"https:\/\/franciscanos.org.br\/noticias\/#\/schema\/person\/d9422e83121c3ad3b0f423d195f5bb25\",\"name\":\"Adriana Rabelo\",\"image\":{\"@type\":\"ImageObject\",\"inLanguage\":\"pt-BR\",\"@id\":\"https:\/\/franciscanos.org.br\/noticias\/#\/schema\/person\/image\/\",\"url\":\"https:\/\/secure.gravatar.com\/avatar\/0a937b7500cd7df77540cfb8bede877d?s=96&d=mm&r=g\",\"contentUrl\":\"https:\/\/secure.gravatar.com\/avatar\/0a937b7500cd7df77540cfb8bede877d?s=96&d=mm&r=g\",\"caption\":\"Adriana Rabelo\"},\"url\":\"https:\/\/franciscanos.org.br\/noticias\/author\/adrianarabelo\"}]}<\/script>\n<!-- \/ Yoast SEO plugin. -->","yoast_head_json":{"title":"Estudar, rezar e \u201cp\u00f4r a m\u00e3o na massa\u201d: tr\u00eas express\u00f5es eloquentes do Compromisso JPIC - Not\u00edcias - Franciscanos","robots":{"index":"index","follow":"follow","max-snippet":"max-snippet:-1","max-image-preview":"max-image-preview:large","max-video-preview":"max-video-preview:-1"},"canonical":"https:\/\/franciscanos.org.br\/noticias\/estudar-rezar-e-por-a-mao-na-massa-tres-expressoes-eloquentes-do-compromisso-jpic.html","og_locale":"pt_BR","og_type":"article","og_title":"Estudar, rezar e \u201cp\u00f4r a m\u00e3o na massa\u201d: tr\u00eas express\u00f5es eloquentes do Compromisso JPIC - Not\u00edcias - Franciscanos","og_description":"Justi\u00e7a, Paz e Integridade da Cria\u00e7\u00e3o","og_url":"https:\/\/franciscanos.org.br\/noticias\/estudar-rezar-e-por-a-mao-na-massa-tres-expressoes-eloquentes-do-compromisso-jpic.html","og_site_name":"Not\u00edcias - Franciscanos","article_published_time":"2025-08-29T11:31:37+00:00","article_modified_time":"2025-08-29T11:35:48+00:00","og_image":[{"width":800,"height":550,"url":"https:\/\/franciscanos.org.br\/noticias\/wp-content\/uploads\/2025\/08\/chamada-7.jpg","type":"image\/jpeg"}],"author":"Adriana Rabelo","twitter_card":"summary_large_image","twitter_misc":{"Escrito por":"Adriana Rabelo","Est. tempo de leitura":"3 minutos"},"schema":{"@context":"https:\/\/schema.org","@graph":[{"@type":"WebSite","@id":"https:\/\/franciscanos.org.br\/noticias\/#website","url":"https:\/\/franciscanos.org.br\/noticias\/","name":"Not\u00edcias - Franciscanos","description":"Prov\u00edncia Franciscana da Imaculada Concei\u00e7\u00e3o do Brasil - Ordem dos Frades Menores - OFM","potentialAction":[{"@type":"SearchAction","target":{"@type":"EntryPoint","urlTemplate":"https:\/\/franciscanos.org.br\/noticias\/?s={search_term_string}"},"query-input":"required name=search_term_string"}],"inLanguage":"pt-BR"},{"@type":"ImageObject","inLanguage":"pt-BR","@id":"https:\/\/franciscanos.org.br\/noticias\/estudar-rezar-e-por-a-mao-na-massa-tres-expressoes-eloquentes-do-compromisso-jpic.html#primaryimage","url":"https:\/\/franciscanos.org.br\/noticias\/wp-content\/uploads\/2025\/08\/chamada-7.jpg","contentUrl":"https:\/\/franciscanos.org.br\/noticias\/wp-content\/uploads\/2025\/08\/chamada-7.jpg","width":800,"height":550},{"@type":"WebPage","@id":"https:\/\/franciscanos.org.br\/noticias\/estudar-rezar-e-por-a-mao-na-massa-tres-expressoes-eloquentes-do-compromisso-jpic.html#webpage","url":"https:\/\/franciscanos.org.br\/noticias\/estudar-rezar-e-por-a-mao-na-massa-tres-expressoes-eloquentes-do-compromisso-jpic.html","name":"Estudar, rezar e \u201cp\u00f4r a m\u00e3o na massa\u201d: tr\u00eas express\u00f5es eloquentes do Compromisso JPIC - Not\u00edcias - Franciscanos","isPartOf":{"@id":"https:\/\/franciscanos.org.br\/noticias\/#website"},"primaryImageOfPage":{"@id":"https:\/\/franciscanos.org.br\/noticias\/estudar-rezar-e-por-a-mao-na-massa-tres-expressoes-eloquentes-do-compromisso-jpic.html#primaryimage"},"datePublished":"2025-08-29T11:31:37+00:00","dateModified":"2025-08-29T11:35:48+00:00","author":{"@id":"https:\/\/franciscanos.org.br\/noticias\/#\/schema\/person\/d9422e83121c3ad3b0f423d195f5bb25"},"breadcrumb":{"@id":"https:\/\/franciscanos.org.br\/noticias\/estudar-rezar-e-por-a-mao-na-massa-tres-expressoes-eloquentes-do-compromisso-jpic.html#breadcrumb"},"inLanguage":"pt-BR","potentialAction":[{"@type":"ReadAction","target":["https:\/\/franciscanos.org.br\/noticias\/estudar-rezar-e-por-a-mao-na-massa-tres-expressoes-eloquentes-do-compromisso-jpic.html"]}]},{"@type":"BreadcrumbList","@id":"https:\/\/franciscanos.org.br\/noticias\/estudar-rezar-e-por-a-mao-na-massa-tres-expressoes-eloquentes-do-compromisso-jpic.html#breadcrumb","itemListElement":[{"@type":"ListItem","position":1,"name":"Home","item":"https:\/\/franciscanos.org.br\/noticias"},{"@type":"ListItem","position":2,"name":"Estudar, rezar e \u201cp\u00f4r a m\u00e3o na massa\u201d: tr\u00eas express\u00f5es eloquentes do Compromisso JPIC"}]},{"@type":"Person","@id":"https:\/\/franciscanos.org.br\/noticias\/#\/schema\/person\/d9422e83121c3ad3b0f423d195f5bb25","name":"Adriana Rabelo","image":{"@type":"ImageObject","inLanguage":"pt-BR","@id":"https:\/\/franciscanos.org.br\/noticias\/#\/schema\/person\/image\/","url":"https:\/\/secure.gravatar.com\/avatar\/0a937b7500cd7df77540cfb8bede877d?s=96&d=mm&r=g","contentUrl":"https:\/\/secure.gravatar.com\/avatar\/0a937b7500cd7df77540cfb8bede877d?s=96&d=mm&r=g","caption":"Adriana Rabelo"},"url":"https:\/\/franciscanos.org.br\/noticias\/author\/adrianarabelo"}]}},"_links":{"self":[{"href":"https:\/\/franciscanos.org.br\/noticias\/wp-json\/wp\/v2\/posts\/259691"}],"collection":[{"href":"https:\/\/franciscanos.org.br\/noticias\/wp-json\/wp\/v2\/posts"}],"about":[{"href":"https:\/\/franciscanos.org.br\/noticias\/wp-json\/wp\/v2\/types\/post"}],"author":[{"embeddable":true,"href":"https:\/\/franciscanos.org.br\/noticias\/wp-json\/wp\/v2\/users\/11"}],"replies":[{"embeddable":true,"href":"https:\/\/franciscanos.org.br\/noticias\/wp-json\/wp\/v2\/comments?post=259691"}],"version-history":[{"count":3,"href":"https:\/\/franciscanos.org.br\/noticias\/wp-json\/wp\/v2\/posts\/259691\/revisions"}],"predecessor-version":[{"id":259696,"href":"https:\/\/franciscanos.org.br\/noticias\/wp-json\/wp\/v2\/posts\/259691\/revisions\/259696"}],"wp:featuredmedia":[{"embeddable":true,"href":"https:\/\/franciscanos.org.br\/noticias\/wp-json\/wp\/v2\/media\/259693"}],"wp:attachment":[{"href":"https:\/\/franciscanos.org.br\/noticias\/wp-json\/wp\/v2\/media?parent=259691"}],"wp:term":[{"taxonomy":"category","embeddable":true,"href":"https:\/\/franciscanos.org.br\/noticias\/wp-json\/wp\/v2\/categories?post=259691"},{"taxonomy":"post_tag","embeddable":true,"href":"https:\/\/franciscanos.org.br\/noticias\/wp-json\/wp\/v2\/tags?post=259691"}],"curies":[{"name":"wp","href":"https:\/\/api.w.org\/{rel}","templated":true}]}}