{"id":259680,"date":"2025-08-28T15:18:45","date_gmt":"2025-08-28T18:18:45","guid":{"rendered":"https:\/\/franciscanos.org.br\/noticias\/?p=259680"},"modified":"2025-08-28T15:21:53","modified_gmt":"2025-08-28T18:21:53","slug":"paroquia-santa-clara-realiza-estudo-biblico-da-carta-aos-romanos-em-preparacao-ao-mes-da-biblia","status":"publish","type":"post","link":"https:\/\/franciscanos.org.br\/noticias\/paroquia-santa-clara-realiza-estudo-biblico-da-carta-aos-romanos-em-preparacao-ao-mes-da-biblia.html","title":{"rendered":"Par\u00f3quia Santa Clara realiza estudo b\u00edblico da Carta aos Romanos em prepara\u00e7\u00e3o ao m\u00eas da B\u00edblia"},"content":{"rendered":"<p><img loading=\"lazy\" class=\"aligncenter wp-image-259681 size-full\" src=\"https:\/\/franciscanos.org.br\/noticias\/wp-content\/uploads\/2025\/08\/materia-1-3.jpg\" alt=\"\" width=\"1280\" height=\"720\" srcset=\"https:\/\/franciscanos.org.br\/noticias\/wp-content\/uploads\/2025\/08\/materia-1-3.jpg 1280w, https:\/\/franciscanos.org.br\/noticias\/wp-content\/uploads\/2025\/08\/materia-1-3-450x253.jpg 450w, https:\/\/franciscanos.org.br\/noticias\/wp-content\/uploads\/2025\/08\/materia-1-3-1024x576.jpg 1024w, https:\/\/franciscanos.org.br\/noticias\/wp-content\/uploads\/2025\/08\/materia-1-3-768x432.jpg 768w, https:\/\/franciscanos.org.br\/noticias\/wp-content\/uploads\/2025\/08\/materia-1-3-150x84.jpg 150w\" sizes=\"(max-width: 1280px) 100vw, 1280px\" \/><\/p>\n<p>A Par\u00f3quia Santa Clara de Assis, em Duque de Caxias (RJ), promoveu entre os dias 25, 26 e 27 de agosto de 2025 o Estudo B\u00edblico da Carta aos Romanos. O encontro aconteceu na Comunidade Jesus Crucificado, no bairro Imbari\u00ea, e reuniu dezenas de fi\u00e9is das diversas comunidades paroquiais.<\/p>\n<p>O curso teve in\u00edcio com um momento de confraterniza\u00e7\u00e3o e partilha do lanche. Em seguida, Frei F\u00e1bio Jos\u00e9 Gomes, animador dos C\u00edrculos B\u00edblicos Paroquial conduziu a ora\u00e7\u00e3o e a leitura de Romanos 12, pedindo a luz do Esp\u00edrito Santo para os participantes. Ainda em tom de acolhida, Frei Jean Carlos Ajluni Oliveira, nosso p\u00e1roco, motivou a todos os presentes sobre a import\u00e2ncia do estudo da Palavra e destacou a import\u00e2ncia de vivenciar a f\u00e9 de forma pr\u00e1tica no cotidiano.<\/p>\n\n\t\t<style type=\"text\/css\">\n\t\t\t#gallery-1 {\n\t\t\t\tmargin: auto;\n\t\t\t}\n\t\t\t#gallery-1 .gallery-item {\n\t\t\t\tfloat: left;\n\t\t\t\tmargin-top: 10px;\n\t\t\t\ttext-align: center;\n\t\t\t\twidth: 33%;\n\t\t\t}\n\t\t\t#gallery-1 img {\n\t\t\t\tborder: 2px solid #cfcfcf;\n\t\t\t}\n\t\t\t#gallery-1 .gallery-caption {\n\t\t\t\tmargin-left: 0;\n\t\t\t}\n\t\t\t\/* see gallery_shortcode() in wp-includes\/media.php *\/\n\t\t<\/style>\n\t\t<div id='gallery-1' class='gallery galleryid-259680 gallery-columns-3 gallery-size-thumbnail'><dl class='gallery-item'>\n\t\t\t<dt class='gallery-icon landscape'>\n\t\t\t\t<a href='https:\/\/franciscanos.org.br\/noticias\/wp-content\/uploads\/2025\/08\/Imagem-do-WhatsApp-de-2025-08-25-as-21.33.54_33a099e8.jpg'><img width=\"300\" height=\"300\" src=\"https:\/\/franciscanos.org.br\/noticias\/wp-content\/uploads\/2025\/08\/Imagem-do-WhatsApp-de-2025-08-25-as-21.33.54_33a099e8-300x300.jpg\" class=\"attachment-thumbnail size-thumbnail\" alt=\"\" loading=\"lazy\" srcset=\"https:\/\/franciscanos.org.br\/noticias\/wp-content\/uploads\/2025\/08\/Imagem-do-WhatsApp-de-2025-08-25-as-21.33.54_33a099e8-300x300.jpg 300w, https:\/\/franciscanos.org.br\/noticias\/wp-content\/uploads\/2025\/08\/Imagem-do-WhatsApp-de-2025-08-25-as-21.33.54_33a099e8-100x100.jpg 100w\" sizes=\"(max-width: 300px) 100vw, 300px\" \/><\/a>\n\t\t\t<\/dt><\/dl><dl class='gallery-item'>\n\t\t\t<dt class='gallery-icon landscape'>\n\t\t\t\t<a href='https:\/\/franciscanos.org.br\/noticias\/wp-content\/uploads\/2025\/08\/Imagem-do-WhatsApp-de-2025-08-28-as-11.47.49_48ce26d7-2.jpg'><img width=\"300\" height=\"300\" src=\"https:\/\/franciscanos.org.br\/noticias\/wp-content\/uploads\/2025\/08\/Imagem-do-WhatsApp-de-2025-08-28-as-11.47.49_48ce26d7-2-300x300.jpg\" class=\"attachment-thumbnail size-thumbnail\" alt=\"\" loading=\"lazy\" srcset=\"https:\/\/franciscanos.org.br\/noticias\/wp-content\/uploads\/2025\/08\/Imagem-do-WhatsApp-de-2025-08-28-as-11.47.49_48ce26d7-2-300x300.jpg 300w, https:\/\/franciscanos.org.br\/noticias\/wp-content\/uploads\/2025\/08\/Imagem-do-WhatsApp-de-2025-08-28-as-11.47.49_48ce26d7-2-100x100.jpg 100w\" sizes=\"(max-width: 300px) 100vw, 300px\" \/><\/a>\n\t\t\t<\/dt><\/dl><dl class='gallery-item'>\n\t\t\t<dt class='gallery-icon landscape'>\n\t\t\t\t<a href='https:\/\/franciscanos.org.br\/noticias\/wp-content\/uploads\/2025\/08\/Imagem-do-WhatsApp-de-2025-08-25-as-21.33.54_1c769094.jpg'><img width=\"300\" height=\"300\" src=\"https:\/\/franciscanos.org.br\/noticias\/wp-content\/uploads\/2025\/08\/Imagem-do-WhatsApp-de-2025-08-25-as-21.33.54_1c769094-300x300.jpg\" class=\"attachment-thumbnail size-thumbnail\" alt=\"\" loading=\"lazy\" srcset=\"https:\/\/franciscanos.org.br\/noticias\/wp-content\/uploads\/2025\/08\/Imagem-do-WhatsApp-de-2025-08-25-as-21.33.54_1c769094-300x300.jpg 300w, https:\/\/franciscanos.org.br\/noticias\/wp-content\/uploads\/2025\/08\/Imagem-do-WhatsApp-de-2025-08-25-as-21.33.54_1c769094-100x100.jpg 100w\" sizes=\"(max-width: 300px) 100vw, 300px\" \/><\/a>\n\t\t\t<\/dt><\/dl><br style=\"clear: both\" \/>\n\t\t<\/div>\n\n<p>Durante os tr\u00eas dias, foram trabalhados aspectos centrais da carta escrita por S\u00e3o Paulo por volta do ano 57 d.C. aos crist\u00e3os de Roma. O estudo abordou sua introdu\u00e7\u00e3o, tradi\u00e7\u00e3o e sauda\u00e7\u00f5es finais, al\u00e9m de seus principais temas: a justifica\u00e7\u00e3o pela f\u00e9, a universalidade do pecado, a salva\u00e7\u00e3o em Cristo, a rela\u00e7\u00e3o entre judeus e gentios e a \u00e9tica crist\u00e3. A Carta aos Romanos \u00e9 considerada a carta teol\u00f3gica mais importante de Paulo, reunindo o essencial de sua prega\u00e7\u00e3o mission\u00e1ria e mantendo grande atualidade para a Igreja de hoje.<\/p>\n<p>Tamb\u00e9m foi lembrado que, ao longo da hist\u00f3ria, a Igreja sempre incentivou a leitura e o estudo b\u00edblico. Em 1971, por exemplo, S\u00e3o Jer\u00f4nimo foi especialmente recordado pela sua tradu\u00e7\u00e3o da B\u00edblia, refor\u00e7ando a import\u00e2ncia do acesso direto \u00e0s Escrituras. J\u00e1 em 2021, a Carta aos G\u00e1latas foi tema de estudo em todo o Brasil. Em 2025, a Carta aos Romanos foi escolhida como refer\u00eancia, convidando os fi\u00e9is a aprofundarem sua f\u00e9 a partir do texto paulino.<\/p>\n<p>O encontro de cada dia reservava momentos \u00fanicos que iam enriquecendo a din\u00e2mica de conhecimento ass\u00edduo da Carta aos Romanos: ao longo dos dias foram formados grupos de rodas, encena\u00e7\u00f5es, partilhas e fraternidade.<\/p>\n\n\t\t<style type=\"text\/css\">\n\t\t\t#gallery-2 {\n\t\t\t\tmargin: auto;\n\t\t\t}\n\t\t\t#gallery-2 .gallery-item {\n\t\t\t\tfloat: left;\n\t\t\t\tmargin-top: 10px;\n\t\t\t\ttext-align: center;\n\t\t\t\twidth: 33%;\n\t\t\t}\n\t\t\t#gallery-2 img {\n\t\t\t\tborder: 2px solid #cfcfcf;\n\t\t\t}\n\t\t\t#gallery-2 .gallery-caption {\n\t\t\t\tmargin-left: 0;\n\t\t\t}\n\t\t\t\/* see gallery_shortcode() in wp-includes\/media.php *\/\n\t\t<\/style>\n\t\t<div id='gallery-2' class='gallery galleryid-259680 gallery-columns-3 gallery-size-thumbnail'><dl class='gallery-item'>\n\t\t\t<dt class='gallery-icon portrait'>\n\t\t\t\t<a href='https:\/\/franciscanos.org.br\/noticias\/wp-content\/uploads\/2025\/08\/Imagem-do-WhatsApp-de-2025-08-25-as-21.33.53_323ab63c-1.jpg'><img width=\"300\" height=\"300\" src=\"https:\/\/franciscanos.org.br\/noticias\/wp-content\/uploads\/2025\/08\/Imagem-do-WhatsApp-de-2025-08-25-as-21.33.53_323ab63c-1-300x300.jpg\" class=\"attachment-thumbnail size-thumbnail\" alt=\"\" loading=\"lazy\" srcset=\"https:\/\/franciscanos.org.br\/noticias\/wp-content\/uploads\/2025\/08\/Imagem-do-WhatsApp-de-2025-08-25-as-21.33.53_323ab63c-1-300x300.jpg 300w, https:\/\/franciscanos.org.br\/noticias\/wp-content\/uploads\/2025\/08\/Imagem-do-WhatsApp-de-2025-08-25-as-21.33.53_323ab63c-1-100x100.jpg 100w\" sizes=\"(max-width: 300px) 100vw, 300px\" \/><\/a>\n\t\t\t<\/dt><\/dl><dl class='gallery-item'>\n\t\t\t<dt class='gallery-icon portrait'>\n\t\t\t\t<a href='https:\/\/franciscanos.org.br\/noticias\/wp-content\/uploads\/2025\/08\/Imagem-do-WhatsApp-de-2025-08-25-as-21.33.55_684730f1-1.jpg'><img width=\"300\" height=\"300\" src=\"https:\/\/franciscanos.org.br\/noticias\/wp-content\/uploads\/2025\/08\/Imagem-do-WhatsApp-de-2025-08-25-as-21.33.55_684730f1-1-300x300.jpg\" class=\"attachment-thumbnail size-thumbnail\" alt=\"\" loading=\"lazy\" srcset=\"https:\/\/franciscanos.org.br\/noticias\/wp-content\/uploads\/2025\/08\/Imagem-do-WhatsApp-de-2025-08-25-as-21.33.55_684730f1-1-300x300.jpg 300w, https:\/\/franciscanos.org.br\/noticias\/wp-content\/uploads\/2025\/08\/Imagem-do-WhatsApp-de-2025-08-25-as-21.33.55_684730f1-1-100x100.jpg 100w\" sizes=\"(max-width: 300px) 100vw, 300px\" \/><\/a>\n\t\t\t<\/dt><\/dl><dl class='gallery-item'>\n\t\t\t<dt class='gallery-icon portrait'>\n\t\t\t\t<a href='https:\/\/franciscanos.org.br\/noticias\/wp-content\/uploads\/2025\/08\/Imagem-do-WhatsApp-de-2025-08-25-as-21.33.55_f6eec3d2-1.jpg'><img width=\"300\" height=\"300\" src=\"https:\/\/franciscanos.org.br\/noticias\/wp-content\/uploads\/2025\/08\/Imagem-do-WhatsApp-de-2025-08-25-as-21.33.55_f6eec3d2-1-300x300.jpg\" class=\"attachment-thumbnail size-thumbnail\" alt=\"\" loading=\"lazy\" srcset=\"https:\/\/franciscanos.org.br\/noticias\/wp-content\/uploads\/2025\/08\/Imagem-do-WhatsApp-de-2025-08-25-as-21.33.55_f6eec3d2-1-300x300.jpg 300w, https:\/\/franciscanos.org.br\/noticias\/wp-content\/uploads\/2025\/08\/Imagem-do-WhatsApp-de-2025-08-25-as-21.33.55_f6eec3d2-1-100x100.jpg 100w\" sizes=\"(max-width: 300px) 100vw, 300px\" \/><\/a>\n\t\t\t<\/dt><\/dl><br style=\"clear: both\" \/>\n\t\t<\/div>\n\n<p>Para os participantes, o estudo b\u00edblico foi mais do que um momento de forma\u00e7\u00e3o: tratou-se de um espa\u00e7o de ora\u00e7\u00e3o, partilha comunit\u00e1ria e aprofundamento da f\u00e9. As reflex\u00f5es mostraram que a mensagem de Paulo continua atual ao recordar que todos necessitam da gra\u00e7a e que a salva\u00e7\u00e3o \u00e9 dom gratuito de Deus para todos os que acreditam em Jesus Cristo.<\/p>\n<p>Ao final do encontro, a Par\u00f3quia Santa Clara de Assis destacou a import\u00e2ncia de iniciativas como esta, que ajudam a comunidade a crescer no conhecimento da Palavra e a fortalecer sua identidade de Igreja mission\u00e1ria.<\/p>\n<hr \/>\n<p><em>Texto: Frei Franklin Matheus da Costa\/ Fotos: Caroline Martins<\/em><\/p>\n","protected":false},"excerpt":{"rendered":"<p>Prepara\u00e7\u00e3o para o M\u00eas da B\u00edblia<\/p>\n","protected":false},"author":11,"featured_media":259682,"comment_status":"open","ping_status":"open","sticky":false,"template":"","format":"standard","meta":[],"categories":[1],"tags":[2016,2325],"acf":[],"yoast_head":"<!-- This site is optimized with the Yoast SEO plugin v19.2 - https:\/\/yoast.com\/wordpress\/plugins\/seo\/ -->\n<title>Par\u00f3quia Santa Clara realiza estudo b\u00edblico da Carta aos Romanos em prepara\u00e7\u00e3o ao m\u00eas da B\u00edblia - Not\u00edcias - Franciscanos<\/title>\n<meta name=\"robots\" content=\"index, follow, max-snippet:-1, max-image-preview:large, max-video-preview:-1\" \/>\n<link rel=\"canonical\" href=\"https:\/\/franciscanos.org.br\/noticias\/paroquia-santa-clara-realiza-estudo-biblico-da-carta-aos-romanos-em-preparacao-ao-mes-da-biblia.html\" \/>\n<meta property=\"og:locale\" content=\"pt_BR\" \/>\n<meta property=\"og:type\" content=\"article\" \/>\n<meta property=\"og:title\" content=\"Par\u00f3quia Santa Clara realiza estudo b\u00edblico da Carta aos Romanos em prepara\u00e7\u00e3o ao m\u00eas da B\u00edblia - Not\u00edcias - Franciscanos\" \/>\n<meta property=\"og:description\" content=\"Prepara\u00e7\u00e3o para o M\u00eas da B\u00edblia\" \/>\n<meta property=\"og:url\" content=\"https:\/\/franciscanos.org.br\/noticias\/paroquia-santa-clara-realiza-estudo-biblico-da-carta-aos-romanos-em-preparacao-ao-mes-da-biblia.html\" \/>\n<meta property=\"og:site_name\" content=\"Not\u00edcias - Franciscanos\" \/>\n<meta property=\"article:published_time\" content=\"2025-08-28T18:18:45+00:00\" \/>\n<meta property=\"article:modified_time\" content=\"2025-08-28T18:21:53+00:00\" \/>\n<meta property=\"og:image\" content=\"https:\/\/franciscanos.org.br\/noticias\/wp-content\/uploads\/2025\/08\/chamada-6.jpg\" \/>\n\t<meta property=\"og:image:width\" content=\"800\" \/>\n\t<meta property=\"og:image:height\" content=\"550\" \/>\n\t<meta property=\"og:image:type\" content=\"image\/jpeg\" \/>\n<meta name=\"author\" content=\"Adriana Rabelo\" \/>\n<meta name=\"twitter:card\" content=\"summary_large_image\" \/>\n<meta name=\"twitter:label1\" content=\"Escrito por\" \/>\n\t<meta name=\"twitter:data1\" content=\"Adriana Rabelo\" \/>\n\t<meta name=\"twitter:label2\" content=\"Est. tempo de leitura\" \/>\n\t<meta name=\"twitter:data2\" content=\"2 minutos\" \/>\n<script type=\"application\/ld+json\" class=\"yoast-schema-graph\">{\"@context\":\"https:\/\/schema.org\",\"@graph\":[{\"@type\":\"WebSite\",\"@id\":\"https:\/\/franciscanos.org.br\/noticias\/#website\",\"url\":\"https:\/\/franciscanos.org.br\/noticias\/\",\"name\":\"Not\u00edcias - Franciscanos\",\"description\":\"Prov\u00edncia Franciscana da Imaculada Concei\u00e7\u00e3o do Brasil - Ordem dos Frades Menores - OFM\",\"potentialAction\":[{\"@type\":\"SearchAction\",\"target\":{\"@type\":\"EntryPoint\",\"urlTemplate\":\"https:\/\/franciscanos.org.br\/noticias\/?s={search_term_string}\"},\"query-input\":\"required name=search_term_string\"}],\"inLanguage\":\"pt-BR\"},{\"@type\":\"ImageObject\",\"inLanguage\":\"pt-BR\",\"@id\":\"https:\/\/franciscanos.org.br\/noticias\/paroquia-santa-clara-realiza-estudo-biblico-da-carta-aos-romanos-em-preparacao-ao-mes-da-biblia.html#primaryimage\",\"url\":\"https:\/\/franciscanos.org.br\/noticias\/wp-content\/uploads\/2025\/08\/chamada-6.jpg\",\"contentUrl\":\"https:\/\/franciscanos.org.br\/noticias\/wp-content\/uploads\/2025\/08\/chamada-6.jpg\",\"width\":800,\"height\":550},{\"@type\":\"WebPage\",\"@id\":\"https:\/\/franciscanos.org.br\/noticias\/paroquia-santa-clara-realiza-estudo-biblico-da-carta-aos-romanos-em-preparacao-ao-mes-da-biblia.html#webpage\",\"url\":\"https:\/\/franciscanos.org.br\/noticias\/paroquia-santa-clara-realiza-estudo-biblico-da-carta-aos-romanos-em-preparacao-ao-mes-da-biblia.html\",\"name\":\"Par\u00f3quia Santa Clara realiza estudo b\u00edblico da Carta aos Romanos em prepara\u00e7\u00e3o ao m\u00eas da B\u00edblia - Not\u00edcias - Franciscanos\",\"isPartOf\":{\"@id\":\"https:\/\/franciscanos.org.br\/noticias\/#website\"},\"primaryImageOfPage\":{\"@id\":\"https:\/\/franciscanos.org.br\/noticias\/paroquia-santa-clara-realiza-estudo-biblico-da-carta-aos-romanos-em-preparacao-ao-mes-da-biblia.html#primaryimage\"},\"datePublished\":\"2025-08-28T18:18:45+00:00\",\"dateModified\":\"2025-08-28T18:21:53+00:00\",\"author\":{\"@id\":\"https:\/\/franciscanos.org.br\/noticias\/#\/schema\/person\/d9422e83121c3ad3b0f423d195f5bb25\"},\"breadcrumb\":{\"@id\":\"https:\/\/franciscanos.org.br\/noticias\/paroquia-santa-clara-realiza-estudo-biblico-da-carta-aos-romanos-em-preparacao-ao-mes-da-biblia.html#breadcrumb\"},\"inLanguage\":\"pt-BR\",\"potentialAction\":[{\"@type\":\"ReadAction\",\"target\":[\"https:\/\/franciscanos.org.br\/noticias\/paroquia-santa-clara-realiza-estudo-biblico-da-carta-aos-romanos-em-preparacao-ao-mes-da-biblia.html\"]}]},{\"@type\":\"BreadcrumbList\",\"@id\":\"https:\/\/franciscanos.org.br\/noticias\/paroquia-santa-clara-realiza-estudo-biblico-da-carta-aos-romanos-em-preparacao-ao-mes-da-biblia.html#breadcrumb\",\"itemListElement\":[{\"@type\":\"ListItem\",\"position\":1,\"name\":\"Home\",\"item\":\"https:\/\/franciscanos.org.br\/noticias\"},{\"@type\":\"ListItem\",\"position\":2,\"name\":\"Par\u00f3quia Santa Clara realiza estudo b\u00edblico da Carta aos Romanos em prepara\u00e7\u00e3o ao m\u00eas da B\u00edblia\"}]},{\"@type\":\"Person\",\"@id\":\"https:\/\/franciscanos.org.br\/noticias\/#\/schema\/person\/d9422e83121c3ad3b0f423d195f5bb25\",\"name\":\"Adriana Rabelo\",\"image\":{\"@type\":\"ImageObject\",\"inLanguage\":\"pt-BR\",\"@id\":\"https:\/\/franciscanos.org.br\/noticias\/#\/schema\/person\/image\/\",\"url\":\"https:\/\/secure.gravatar.com\/avatar\/0a937b7500cd7df77540cfb8bede877d?s=96&d=mm&r=g\",\"contentUrl\":\"https:\/\/secure.gravatar.com\/avatar\/0a937b7500cd7df77540cfb8bede877d?s=96&d=mm&r=g\",\"caption\":\"Adriana Rabelo\"},\"url\":\"https:\/\/franciscanos.org.br\/noticias\/author\/adrianarabelo\"}]}<\/script>\n<!-- \/ Yoast SEO plugin. -->","yoast_head_json":{"title":"Par\u00f3quia Santa Clara realiza estudo b\u00edblico da Carta aos Romanos em prepara\u00e7\u00e3o ao m\u00eas da B\u00edblia - Not\u00edcias - Franciscanos","robots":{"index":"index","follow":"follow","max-snippet":"max-snippet:-1","max-image-preview":"max-image-preview:large","max-video-preview":"max-video-preview:-1"},"canonical":"https:\/\/franciscanos.org.br\/noticias\/paroquia-santa-clara-realiza-estudo-biblico-da-carta-aos-romanos-em-preparacao-ao-mes-da-biblia.html","og_locale":"pt_BR","og_type":"article","og_title":"Par\u00f3quia Santa Clara realiza estudo b\u00edblico da Carta aos Romanos em prepara\u00e7\u00e3o ao m\u00eas da B\u00edblia - Not\u00edcias - Franciscanos","og_description":"Prepara\u00e7\u00e3o para o M\u00eas da B\u00edblia","og_url":"https:\/\/franciscanos.org.br\/noticias\/paroquia-santa-clara-realiza-estudo-biblico-da-carta-aos-romanos-em-preparacao-ao-mes-da-biblia.html","og_site_name":"Not\u00edcias - Franciscanos","article_published_time":"2025-08-28T18:18:45+00:00","article_modified_time":"2025-08-28T18:21:53+00:00","og_image":[{"width":800,"height":550,"url":"https:\/\/franciscanos.org.br\/noticias\/wp-content\/uploads\/2025\/08\/chamada-6.jpg","type":"image\/jpeg"}],"author":"Adriana Rabelo","twitter_card":"summary_large_image","twitter_misc":{"Escrito por":"Adriana Rabelo","Est. tempo de leitura":"2 minutos"},"schema":{"@context":"https:\/\/schema.org","@graph":[{"@type":"WebSite","@id":"https:\/\/franciscanos.org.br\/noticias\/#website","url":"https:\/\/franciscanos.org.br\/noticias\/","name":"Not\u00edcias - Franciscanos","description":"Prov\u00edncia Franciscana da Imaculada Concei\u00e7\u00e3o do Brasil - Ordem dos Frades Menores - OFM","potentialAction":[{"@type":"SearchAction","target":{"@type":"EntryPoint","urlTemplate":"https:\/\/franciscanos.org.br\/noticias\/?s={search_term_string}"},"query-input":"required name=search_term_string"}],"inLanguage":"pt-BR"},{"@type":"ImageObject","inLanguage":"pt-BR","@id":"https:\/\/franciscanos.org.br\/noticias\/paroquia-santa-clara-realiza-estudo-biblico-da-carta-aos-romanos-em-preparacao-ao-mes-da-biblia.html#primaryimage","url":"https:\/\/franciscanos.org.br\/noticias\/wp-content\/uploads\/2025\/08\/chamada-6.jpg","contentUrl":"https:\/\/franciscanos.org.br\/noticias\/wp-content\/uploads\/2025\/08\/chamada-6.jpg","width":800,"height":550},{"@type":"WebPage","@id":"https:\/\/franciscanos.org.br\/noticias\/paroquia-santa-clara-realiza-estudo-biblico-da-carta-aos-romanos-em-preparacao-ao-mes-da-biblia.html#webpage","url":"https:\/\/franciscanos.org.br\/noticias\/paroquia-santa-clara-realiza-estudo-biblico-da-carta-aos-romanos-em-preparacao-ao-mes-da-biblia.html","name":"Par\u00f3quia Santa Clara realiza estudo b\u00edblico da Carta aos Romanos em prepara\u00e7\u00e3o ao m\u00eas da B\u00edblia - Not\u00edcias - Franciscanos","isPartOf":{"@id":"https:\/\/franciscanos.org.br\/noticias\/#website"},"primaryImageOfPage":{"@id":"https:\/\/franciscanos.org.br\/noticias\/paroquia-santa-clara-realiza-estudo-biblico-da-carta-aos-romanos-em-preparacao-ao-mes-da-biblia.html#primaryimage"},"datePublished":"2025-08-28T18:18:45+00:00","dateModified":"2025-08-28T18:21:53+00:00","author":{"@id":"https:\/\/franciscanos.org.br\/noticias\/#\/schema\/person\/d9422e83121c3ad3b0f423d195f5bb25"},"breadcrumb":{"@id":"https:\/\/franciscanos.org.br\/noticias\/paroquia-santa-clara-realiza-estudo-biblico-da-carta-aos-romanos-em-preparacao-ao-mes-da-biblia.html#breadcrumb"},"inLanguage":"pt-BR","potentialAction":[{"@type":"ReadAction","target":["https:\/\/franciscanos.org.br\/noticias\/paroquia-santa-clara-realiza-estudo-biblico-da-carta-aos-romanos-em-preparacao-ao-mes-da-biblia.html"]}]},{"@type":"BreadcrumbList","@id":"https:\/\/franciscanos.org.br\/noticias\/paroquia-santa-clara-realiza-estudo-biblico-da-carta-aos-romanos-em-preparacao-ao-mes-da-biblia.html#breadcrumb","itemListElement":[{"@type":"ListItem","position":1,"name":"Home","item":"https:\/\/franciscanos.org.br\/noticias"},{"@type":"ListItem","position":2,"name":"Par\u00f3quia Santa Clara realiza estudo b\u00edblico da Carta aos Romanos em prepara\u00e7\u00e3o ao m\u00eas da B\u00edblia"}]},{"@type":"Person","@id":"https:\/\/franciscanos.org.br\/noticias\/#\/schema\/person\/d9422e83121c3ad3b0f423d195f5bb25","name":"Adriana Rabelo","image":{"@type":"ImageObject","inLanguage":"pt-BR","@id":"https:\/\/franciscanos.org.br\/noticias\/#\/schema\/person\/image\/","url":"https:\/\/secure.gravatar.com\/avatar\/0a937b7500cd7df77540cfb8bede877d?s=96&d=mm&r=g","contentUrl":"https:\/\/secure.gravatar.com\/avatar\/0a937b7500cd7df77540cfb8bede877d?s=96&d=mm&r=g","caption":"Adriana Rabelo"},"url":"https:\/\/franciscanos.org.br\/noticias\/author\/adrianarabelo"}]}},"_links":{"self":[{"href":"https:\/\/franciscanos.org.br\/noticias\/wp-json\/wp\/v2\/posts\/259680"}],"collection":[{"href":"https:\/\/franciscanos.org.br\/noticias\/wp-json\/wp\/v2\/posts"}],"about":[{"href":"https:\/\/franciscanos.org.br\/noticias\/wp-json\/wp\/v2\/types\/post"}],"author":[{"embeddable":true,"href":"https:\/\/franciscanos.org.br\/noticias\/wp-json\/wp\/v2\/users\/11"}],"replies":[{"embeddable":true,"href":"https:\/\/franciscanos.org.br\/noticias\/wp-json\/wp\/v2\/comments?post=259680"}],"version-history":[{"count":2,"href":"https:\/\/franciscanos.org.br\/noticias\/wp-json\/wp\/v2\/posts\/259680\/revisions"}],"predecessor-version":[{"id":259690,"href":"https:\/\/franciscanos.org.br\/noticias\/wp-json\/wp\/v2\/posts\/259680\/revisions\/259690"}],"wp:featuredmedia":[{"embeddable":true,"href":"https:\/\/franciscanos.org.br\/noticias\/wp-json\/wp\/v2\/media\/259682"}],"wp:attachment":[{"href":"https:\/\/franciscanos.org.br\/noticias\/wp-json\/wp\/v2\/media?parent=259680"}],"wp:term":[{"taxonomy":"category","embeddable":true,"href":"https:\/\/franciscanos.org.br\/noticias\/wp-json\/wp\/v2\/categories?post=259680"},{"taxonomy":"post_tag","embeddable":true,"href":"https:\/\/franciscanos.org.br\/noticias\/wp-json\/wp\/v2\/tags?post=259680"}],"curies":[{"name":"wp","href":"https:\/\/api.w.org\/{rel}","templated":true}]}}