{"id":259658,"date":"2025-08-27T07:53:29","date_gmt":"2025-08-27T10:53:29","guid":{"rendered":"https:\/\/franciscanos.org.br\/noticias\/?p=259658"},"modified":"2025-08-27T08:18:30","modified_gmt":"2025-08-27T11:18:30","slug":"leao-xiv-a-esperanca-crista-nao-e-evasao-mas-determinacao","status":"publish","type":"post","link":"https:\/\/franciscanos.org.br\/noticias\/leao-xiv-a-esperanca-crista-nao-e-evasao-mas-determinacao.html","title":{"rendered":"Le\u00e3o XIV: &#8220;A esperan\u00e7a crist\u00e3 n\u00e3o \u00e9 evas\u00e3o, mas determina\u00e7\u00e3o&#8221;"},"content":{"rendered":"<p><img loading=\"lazy\" class=\"aligncenter wp-image-259660 size-full\" src=\"https:\/\/franciscanos.org.br\/noticias\/wp-content\/uploads\/2025\/08\/materia-4.jpg\" alt=\"\" width=\"1280\" height=\"720\" srcset=\"https:\/\/franciscanos.org.br\/noticias\/wp-content\/uploads\/2025\/08\/materia-4.jpg 1280w, https:\/\/franciscanos.org.br\/noticias\/wp-content\/uploads\/2025\/08\/materia-4-450x253.jpg 450w, https:\/\/franciscanos.org.br\/noticias\/wp-content\/uploads\/2025\/08\/materia-4-1024x576.jpg 1024w, https:\/\/franciscanos.org.br\/noticias\/wp-content\/uploads\/2025\/08\/materia-4-768x432.jpg 768w, https:\/\/franciscanos.org.br\/noticias\/wp-content\/uploads\/2025\/08\/materia-4-150x84.jpg 150w\" sizes=\"(max-width: 1280px) 100vw, 1280px\" \/><\/p>\n<p><em>Na catequese desta quarta-feira, o Papa Le\u00e3o recorda que a esperan\u00e7a crist\u00e3 n\u00e3o \u00e9 aus\u00eancia de sofrimento nem fuga diante das dificuldades. &#8220;\u00c9 saber que, mesmo na escurid\u00e3o da prova\u00e7\u00e3o, o amor de Deus nos sustenta.&#8221; Logo, n\u00e3o \u00e9 preciso ter tudo sempre sob controle, mas escolher todos os dias amar com liberdade.<\/em><\/p>\n<hr \/>\n<p>A Sala Paulo VI acolheu milhares de fi\u00e9is para a Audi\u00eancia Geral desta quarta-feira, 27 de agosto. Quem n\u00e3o conseguiu entrar, foi acomodado do lado de fora do audit\u00f3rio e na Bas\u00edlica Vaticana e tamb\u00e9m recebeu a sauda\u00e7\u00e3o do Papa antes e depois do encontro semanal.<\/p>\n<p>Em sua catequese, Le\u00e3o XIV deu continuidade ao ciclo no \u00e2mbito deste Ano Santo, dedicado ao tema \u201cJesus Cristo nossa Esperan\u00e7a\u201d. O tema, \u00abQuem procurais?\u201d (<i>Jo<\/i>\u00a018,4) fala do in\u00edcio da Paix\u00e3o de Jesus, em que \u00e9 preso no Jardim das Oliveiras.<\/p>\n<p>O evangelista Jo\u00e3o n\u00e3o apresenta um Jesus assustado, em fuga, mas um homem livre, que se deixa levar. Ao responder \u201cEu Sou\u201d, o Mestre revela que a esperan\u00e7a crist\u00e3 n\u00e3o \u00e9 evas\u00e3o, mas determina\u00e7\u00e3o.<\/p>\n<p>\u201cEsta atitude \u00e9 o resultado de uma ora\u00e7\u00e3o profunda em que n\u00e3o pedimos a Deus que nos poupe ao sofrimento, mas que tenhamos a for\u00e7a para perseverar no amor\u201d, explicou o Pont\u00edfice. Ali\u00e1s, Jesus viveu cada dia da sua vida como prepara\u00e7\u00e3o para esta hora dram\u00e1tica e sublime. Sabe que perder a vida por amor n\u00e3o \u00e9 um fracasso, mas possui uma misteriosa fecundidade. Como o gr\u00e3o de trigo que, caindo na terra, morre e se torna fecundo.<\/p>\n<p>\u201c\u00c9 a\u00ed que reside a verdadeira esperan\u00e7a: n\u00e3o em tentar evitar a dor, mas em acreditar que, mesmo no cora\u00e7\u00e3o do sofrimento mais injusto, reside a semente de uma nova vida.\u201d<\/p>\n<p>Isto serve de li\u00e7\u00e3o a n\u00f3s, que, ao defendermos nossos projetos, nossas certezas, acabamos sozinhos.<\/p>\n<p>O Evangelho de Marcos fala tamb\u00e9m de um jovem que, quando Jesus \u00e9 preso, foge nu (<i>Mc<\/i>\u00a014,51). No final do Evangelho, \u00e9 precisamente um jovem quem anuncia a ressurrei\u00e7\u00e3o \u00e0s mulheres, j\u00e1 n\u00e3o nu, mas vestido com uma t\u00fanica branca.<\/p>\n<p>Para o Santo Padre, se trata de uma imagem profundamente evocativa, pois tamb\u00e9m n\u00f3s, ao tentarmos seguir Jesus, somos despojados das nossas certezas e tentados a abandonar o caminho do Evangelho, porque o amor parece uma viagem imposs\u00edvel.<\/p>\n<p>\u201cQueridos irm\u00e3os e irm\u00e3s, aprendamos tamb\u00e9m n\u00f3s a entregar-nos \u00e0 boa vontade do Pai, permitindo que a nossa vida seja uma resposta ao bem que recebemos. A vida n\u00e3o tem de ter tudo sob controlo. Basta escolher amar livremente todos os dias. Esta \u00e9 a verdadeira esperan\u00e7a: saber que, mesmo na escurid\u00e3o da prova\u00e7\u00e3o, o amor de Deus nos sustenta e permite que o fruto da vida eterna amadure\u00e7a em n\u00f3s\u201d, concluiu o Pont\u00edfice.<\/p>\n<p>&#8212;&#8212;&#8212;&#8212;&#8212;&#8212;&#8212;&#8212;&#8212;&#8212;&#8212;&#8212;&#8212;&#8212;&#8212;&#8212;&#8212;&#8212;&#8212;<\/p>\n<h2>Acabe o conflito na Terra Santa, que tem causado morte e destrui\u00e7\u00e3o<\/h2>\n<p>Ao t\u00e9rmino da audi\u00eancia geral desta quarta-feira, 27 de agosto, o Papa voltou a pedir o fim do conflito em Gaza e o r\u00e1pido retorno da ajuda humanit\u00e1ria \u00e0 Faixa de Gaza. Ele se uniu ao apelo dos Patriarcas, latino e greco-ortodoxo, que no dia anterior expressaram preocupa\u00e7\u00e3o com as consequ\u00eancias da opera\u00e7\u00e3o militar israelense sobre a popula\u00e7\u00e3o palestina. Por fim, o Pont\u00edfice exortou todos a &#8220;rezarem a Maria, Rainha da Paz, para que ela alcance a reconcilia\u00e7\u00e3o e a paz naquela terra&#8221;.<\/p>\n<p><strong>Respeito aos direitos civis e humanit\u00e1rios<\/strong><\/p>\n<p>Ele tamb\u00e9m lembrou os numerosos ref\u00e9ns israelenses ainda mantidos em cativeiro por seus sequestradores e o sofrimento da popula\u00e7\u00e3o palestina, que n\u00e3o recebe ajuda humanit\u00e1ria suficiente.<\/p>\n<p>Imploro que todos os ref\u00e9ns sejam libertados, que um cessar-fogo permanente seja alcan\u00e7ado, que a entrada segura de ajuda humanit\u00e1ria seja facilitada e que o direito humanit\u00e1rio seja plenamente respeitado, em particular a obriga\u00e7\u00e3o de proteger os civis e as proibi\u00e7\u00f5es de puni\u00e7\u00f5es coletivas, o uso indiscriminado da for\u00e7a e o deslocamento for\u00e7ado de popula\u00e7\u00f5es.<\/p>\n<p>Em seguida, o Papa Le\u00e3o XIV se uniu ao apelo pela paz publicado esta ter\u00e7a-feira pelos dois Patriarcas greco-ortodoxo e latino de Jerusal\u00e9m.<\/p>\n<p>Uno-me \u00e0 declara\u00e7\u00e3o conjunta dos Patriarcas greco-ortodoxo e latinos de Jerusal\u00e9m que ontem pediram o fim desta espiral de viol\u00eancia, o fim da guerra e a prioridade para o bem comum das pessoas.<\/p>\n<p><strong>Apelo dos Patriarcas de Jerusal\u00e9m<\/strong><\/p>\n<p>Na declara\u00e7\u00e3o conjunta de ontem, os patriarcas pediram a media\u00e7\u00e3o de paz por parte de outros pa\u00edses para interromper a &#8220;mobiliza\u00e7\u00e3o militar maci\u00e7a&#8221; das For\u00e7as de Defesa de Israel (FDI) na Faixa de Gaza, para restituir os ref\u00e9ns israelenses sequestrados durante os ataques de 7 de outubro \u00e0s suas fam\u00edlias e para finalmente restaurar a paz na regi\u00e3o. &#8220;Apelamos \u00e0 comunidade internacional&#8221;, dizia a declara\u00e7\u00e3o, &#8220;para que aja para p\u00f4r fim a esta guerra insensata e destrutiva e para garantir que as pessoas desaparecidas e os ref\u00e9ns israelenses possam retornar \u00e0s suas casas.&#8221;<\/p>\n<p>A declara\u00e7\u00e3o tamb\u00e9m lembra como &#8220;o complexo greco-ortodoxo de S\u00e3o Porf\u00edrio e o complexo latino da Sagrada Fam\u00edlia&#8221; t\u00eam sido &#8220;um ref\u00fagio para centenas de civis&#8221;, incluindo &#8220;idosos, mulheres e crian\u00e7as&#8221; e &#8220;pessoas com defici\u00eancia&#8221;. Aqueles que encontraram abrigo nas duas igrejas j\u00e1 est\u00e3o padecendo com o sofrimento de quase onze meses de conflito. &#8220;Muitos est\u00e3o debilitados e desnutridos&#8221;, argumentam os Patriarcados. Portanto, para eles, &#8220;tentar fugir para o sul equivaleria a uma senten\u00e7a de morte&#8221;.<\/p>\n<p><strong>Ora\u00e7\u00e3o \u00e0 Rainha da Paz<\/strong><\/p>\n<p>Ao final de seu apelo, o Pont\u00edfice exortou todos a implorarem &#8220;Maria, Rainha da Paz, fonte de consola\u00e7\u00e3o e esperan\u00e7a&#8221;, para que &#8220;sua intercess\u00e3o alcance a reconcilia\u00e7\u00e3o e a paz&#8221; naquela terra t\u00e3o querida a todos.&#8221;<\/p>\n<p>Na audi\u00eancia da semana passada, o Papa nos convidou a rezar \u00e0 Virgem na sexta-feira, 22 de agosto, dia em que a Igreja celebra a mem\u00f3ria lit\u00fargica de Maria, Rainha da Paz.<\/p>\n<hr \/>\n<p><em>Vatican News<\/em><\/p>\n","protected":false},"excerpt":{"rendered":"<p>Audi\u00eancia Geral<\/p>\n","protected":false},"author":11,"featured_media":259659,"comment_status":"open","ping_status":"open","sticky":false,"template":"","format":"standard","meta":[],"categories":[1],"tags":[487,2343],"acf":[],"yoast_head":"<!-- This site is optimized with the Yoast SEO plugin v19.2 - https:\/\/yoast.com\/wordpress\/plugins\/seo\/ -->\n<title>Le\u00e3o XIV: &quot;A esperan\u00e7a crist\u00e3 n\u00e3o \u00e9 evas\u00e3o, mas determina\u00e7\u00e3o&quot; - Not\u00edcias - Franciscanos<\/title>\n<meta name=\"robots\" content=\"index, follow, max-snippet:-1, max-image-preview:large, max-video-preview:-1\" \/>\n<link rel=\"canonical\" href=\"https:\/\/franciscanos.org.br\/noticias\/leao-xiv-a-esperanca-crista-nao-e-evasao-mas-determinacao.html\" \/>\n<meta property=\"og:locale\" content=\"pt_BR\" \/>\n<meta property=\"og:type\" content=\"article\" \/>\n<meta property=\"og:title\" content=\"Le\u00e3o XIV: &quot;A esperan\u00e7a crist\u00e3 n\u00e3o \u00e9 evas\u00e3o, mas determina\u00e7\u00e3o&quot; - Not\u00edcias - Franciscanos\" \/>\n<meta property=\"og:description\" content=\"Audi\u00eancia Geral\" \/>\n<meta property=\"og:url\" content=\"https:\/\/franciscanos.org.br\/noticias\/leao-xiv-a-esperanca-crista-nao-e-evasao-mas-determinacao.html\" \/>\n<meta property=\"og:site_name\" content=\"Not\u00edcias - Franciscanos\" \/>\n<meta property=\"article:published_time\" content=\"2025-08-27T10:53:29+00:00\" \/>\n<meta property=\"article:modified_time\" content=\"2025-08-27T11:18:30+00:00\" \/>\n<meta property=\"og:image\" content=\"https:\/\/franciscanos.org.br\/noticias\/wp-content\/uploads\/2025\/08\/chamada-4.jpg\" \/>\n\t<meta property=\"og:image:width\" content=\"800\" \/>\n\t<meta property=\"og:image:height\" content=\"550\" \/>\n\t<meta property=\"og:image:type\" content=\"image\/jpeg\" \/>\n<meta name=\"author\" content=\"Adriana Rabelo\" \/>\n<meta name=\"twitter:card\" content=\"summary_large_image\" \/>\n<meta name=\"twitter:label1\" content=\"Escrito por\" \/>\n\t<meta name=\"twitter:data1\" content=\"Adriana Rabelo\" \/>\n\t<meta name=\"twitter:label2\" content=\"Est. tempo de leitura\" \/>\n\t<meta name=\"twitter:data2\" content=\"5 minutos\" \/>\n<script type=\"application\/ld+json\" class=\"yoast-schema-graph\">{\"@context\":\"https:\/\/schema.org\",\"@graph\":[{\"@type\":\"WebSite\",\"@id\":\"https:\/\/franciscanos.org.br\/noticias\/#website\",\"url\":\"https:\/\/franciscanos.org.br\/noticias\/\",\"name\":\"Not\u00edcias - Franciscanos\",\"description\":\"Prov\u00edncia Franciscana da Imaculada Concei\u00e7\u00e3o do Brasil - Ordem dos Frades Menores - OFM\",\"potentialAction\":[{\"@type\":\"SearchAction\",\"target\":{\"@type\":\"EntryPoint\",\"urlTemplate\":\"https:\/\/franciscanos.org.br\/noticias\/?s={search_term_string}\"},\"query-input\":\"required name=search_term_string\"}],\"inLanguage\":\"pt-BR\"},{\"@type\":\"ImageObject\",\"inLanguage\":\"pt-BR\",\"@id\":\"https:\/\/franciscanos.org.br\/noticias\/leao-xiv-a-esperanca-crista-nao-e-evasao-mas-determinacao.html#primaryimage\",\"url\":\"https:\/\/franciscanos.org.br\/noticias\/wp-content\/uploads\/2025\/08\/chamada-4.jpg\",\"contentUrl\":\"https:\/\/franciscanos.org.br\/noticias\/wp-content\/uploads\/2025\/08\/chamada-4.jpg\",\"width\":800,\"height\":550},{\"@type\":\"WebPage\",\"@id\":\"https:\/\/franciscanos.org.br\/noticias\/leao-xiv-a-esperanca-crista-nao-e-evasao-mas-determinacao.html#webpage\",\"url\":\"https:\/\/franciscanos.org.br\/noticias\/leao-xiv-a-esperanca-crista-nao-e-evasao-mas-determinacao.html\",\"name\":\"Le\u00e3o XIV: \\\"A esperan\u00e7a crist\u00e3 n\u00e3o \u00e9 evas\u00e3o, mas determina\u00e7\u00e3o\\\" - Not\u00edcias - Franciscanos\",\"isPartOf\":{\"@id\":\"https:\/\/franciscanos.org.br\/noticias\/#website\"},\"primaryImageOfPage\":{\"@id\":\"https:\/\/franciscanos.org.br\/noticias\/leao-xiv-a-esperanca-crista-nao-e-evasao-mas-determinacao.html#primaryimage\"},\"datePublished\":\"2025-08-27T10:53:29+00:00\",\"dateModified\":\"2025-08-27T11:18:30+00:00\",\"author\":{\"@id\":\"https:\/\/franciscanos.org.br\/noticias\/#\/schema\/person\/d9422e83121c3ad3b0f423d195f5bb25\"},\"breadcrumb\":{\"@id\":\"https:\/\/franciscanos.org.br\/noticias\/leao-xiv-a-esperanca-crista-nao-e-evasao-mas-determinacao.html#breadcrumb\"},\"inLanguage\":\"pt-BR\",\"potentialAction\":[{\"@type\":\"ReadAction\",\"target\":[\"https:\/\/franciscanos.org.br\/noticias\/leao-xiv-a-esperanca-crista-nao-e-evasao-mas-determinacao.html\"]}]},{\"@type\":\"BreadcrumbList\",\"@id\":\"https:\/\/franciscanos.org.br\/noticias\/leao-xiv-a-esperanca-crista-nao-e-evasao-mas-determinacao.html#breadcrumb\",\"itemListElement\":[{\"@type\":\"ListItem\",\"position\":1,\"name\":\"Home\",\"item\":\"https:\/\/franciscanos.org.br\/noticias\"},{\"@type\":\"ListItem\",\"position\":2,\"name\":\"Le\u00e3o XIV: &#8220;A esperan\u00e7a crist\u00e3 n\u00e3o \u00e9 evas\u00e3o, mas determina\u00e7\u00e3o&#8221;\"}]},{\"@type\":\"Person\",\"@id\":\"https:\/\/franciscanos.org.br\/noticias\/#\/schema\/person\/d9422e83121c3ad3b0f423d195f5bb25\",\"name\":\"Adriana Rabelo\",\"image\":{\"@type\":\"ImageObject\",\"inLanguage\":\"pt-BR\",\"@id\":\"https:\/\/franciscanos.org.br\/noticias\/#\/schema\/person\/image\/\",\"url\":\"https:\/\/secure.gravatar.com\/avatar\/0a937b7500cd7df77540cfb8bede877d?s=96&d=mm&r=g\",\"contentUrl\":\"https:\/\/secure.gravatar.com\/avatar\/0a937b7500cd7df77540cfb8bede877d?s=96&d=mm&r=g\",\"caption\":\"Adriana Rabelo\"},\"url\":\"https:\/\/franciscanos.org.br\/noticias\/author\/adrianarabelo\"}]}<\/script>\n<!-- \/ Yoast SEO plugin. -->","yoast_head_json":{"title":"Le\u00e3o XIV: \"A esperan\u00e7a crist\u00e3 n\u00e3o \u00e9 evas\u00e3o, mas determina\u00e7\u00e3o\" - Not\u00edcias - Franciscanos","robots":{"index":"index","follow":"follow","max-snippet":"max-snippet:-1","max-image-preview":"max-image-preview:large","max-video-preview":"max-video-preview:-1"},"canonical":"https:\/\/franciscanos.org.br\/noticias\/leao-xiv-a-esperanca-crista-nao-e-evasao-mas-determinacao.html","og_locale":"pt_BR","og_type":"article","og_title":"Le\u00e3o XIV: \"A esperan\u00e7a crist\u00e3 n\u00e3o \u00e9 evas\u00e3o, mas determina\u00e7\u00e3o\" - Not\u00edcias - Franciscanos","og_description":"Audi\u00eancia Geral","og_url":"https:\/\/franciscanos.org.br\/noticias\/leao-xiv-a-esperanca-crista-nao-e-evasao-mas-determinacao.html","og_site_name":"Not\u00edcias - Franciscanos","article_published_time":"2025-08-27T10:53:29+00:00","article_modified_time":"2025-08-27T11:18:30+00:00","og_image":[{"width":800,"height":550,"url":"https:\/\/franciscanos.org.br\/noticias\/wp-content\/uploads\/2025\/08\/chamada-4.jpg","type":"image\/jpeg"}],"author":"Adriana Rabelo","twitter_card":"summary_large_image","twitter_misc":{"Escrito por":"Adriana Rabelo","Est. tempo de leitura":"5 minutos"},"schema":{"@context":"https:\/\/schema.org","@graph":[{"@type":"WebSite","@id":"https:\/\/franciscanos.org.br\/noticias\/#website","url":"https:\/\/franciscanos.org.br\/noticias\/","name":"Not\u00edcias - Franciscanos","description":"Prov\u00edncia Franciscana da Imaculada Concei\u00e7\u00e3o do Brasil - Ordem dos Frades Menores - OFM","potentialAction":[{"@type":"SearchAction","target":{"@type":"EntryPoint","urlTemplate":"https:\/\/franciscanos.org.br\/noticias\/?s={search_term_string}"},"query-input":"required name=search_term_string"}],"inLanguage":"pt-BR"},{"@type":"ImageObject","inLanguage":"pt-BR","@id":"https:\/\/franciscanos.org.br\/noticias\/leao-xiv-a-esperanca-crista-nao-e-evasao-mas-determinacao.html#primaryimage","url":"https:\/\/franciscanos.org.br\/noticias\/wp-content\/uploads\/2025\/08\/chamada-4.jpg","contentUrl":"https:\/\/franciscanos.org.br\/noticias\/wp-content\/uploads\/2025\/08\/chamada-4.jpg","width":800,"height":550},{"@type":"WebPage","@id":"https:\/\/franciscanos.org.br\/noticias\/leao-xiv-a-esperanca-crista-nao-e-evasao-mas-determinacao.html#webpage","url":"https:\/\/franciscanos.org.br\/noticias\/leao-xiv-a-esperanca-crista-nao-e-evasao-mas-determinacao.html","name":"Le\u00e3o XIV: \"A esperan\u00e7a crist\u00e3 n\u00e3o \u00e9 evas\u00e3o, mas determina\u00e7\u00e3o\" - Not\u00edcias - Franciscanos","isPartOf":{"@id":"https:\/\/franciscanos.org.br\/noticias\/#website"},"primaryImageOfPage":{"@id":"https:\/\/franciscanos.org.br\/noticias\/leao-xiv-a-esperanca-crista-nao-e-evasao-mas-determinacao.html#primaryimage"},"datePublished":"2025-08-27T10:53:29+00:00","dateModified":"2025-08-27T11:18:30+00:00","author":{"@id":"https:\/\/franciscanos.org.br\/noticias\/#\/schema\/person\/d9422e83121c3ad3b0f423d195f5bb25"},"breadcrumb":{"@id":"https:\/\/franciscanos.org.br\/noticias\/leao-xiv-a-esperanca-crista-nao-e-evasao-mas-determinacao.html#breadcrumb"},"inLanguage":"pt-BR","potentialAction":[{"@type":"ReadAction","target":["https:\/\/franciscanos.org.br\/noticias\/leao-xiv-a-esperanca-crista-nao-e-evasao-mas-determinacao.html"]}]},{"@type":"BreadcrumbList","@id":"https:\/\/franciscanos.org.br\/noticias\/leao-xiv-a-esperanca-crista-nao-e-evasao-mas-determinacao.html#breadcrumb","itemListElement":[{"@type":"ListItem","position":1,"name":"Home","item":"https:\/\/franciscanos.org.br\/noticias"},{"@type":"ListItem","position":2,"name":"Le\u00e3o XIV: &#8220;A esperan\u00e7a crist\u00e3 n\u00e3o \u00e9 evas\u00e3o, mas determina\u00e7\u00e3o&#8221;"}]},{"@type":"Person","@id":"https:\/\/franciscanos.org.br\/noticias\/#\/schema\/person\/d9422e83121c3ad3b0f423d195f5bb25","name":"Adriana Rabelo","image":{"@type":"ImageObject","inLanguage":"pt-BR","@id":"https:\/\/franciscanos.org.br\/noticias\/#\/schema\/person\/image\/","url":"https:\/\/secure.gravatar.com\/avatar\/0a937b7500cd7df77540cfb8bede877d?s=96&d=mm&r=g","contentUrl":"https:\/\/secure.gravatar.com\/avatar\/0a937b7500cd7df77540cfb8bede877d?s=96&d=mm&r=g","caption":"Adriana Rabelo"},"url":"https:\/\/franciscanos.org.br\/noticias\/author\/adrianarabelo"}]}},"_links":{"self":[{"href":"https:\/\/franciscanos.org.br\/noticias\/wp-json\/wp\/v2\/posts\/259658"}],"collection":[{"href":"https:\/\/franciscanos.org.br\/noticias\/wp-json\/wp\/v2\/posts"}],"about":[{"href":"https:\/\/franciscanos.org.br\/noticias\/wp-json\/wp\/v2\/types\/post"}],"author":[{"embeddable":true,"href":"https:\/\/franciscanos.org.br\/noticias\/wp-json\/wp\/v2\/users\/11"}],"replies":[{"embeddable":true,"href":"https:\/\/franciscanos.org.br\/noticias\/wp-json\/wp\/v2\/comments?post=259658"}],"version-history":[{"count":4,"href":"https:\/\/franciscanos.org.br\/noticias\/wp-json\/wp\/v2\/posts\/259658\/revisions"}],"predecessor-version":[{"id":259664,"href":"https:\/\/franciscanos.org.br\/noticias\/wp-json\/wp\/v2\/posts\/259658\/revisions\/259664"}],"wp:featuredmedia":[{"embeddable":true,"href":"https:\/\/franciscanos.org.br\/noticias\/wp-json\/wp\/v2\/media\/259659"}],"wp:attachment":[{"href":"https:\/\/franciscanos.org.br\/noticias\/wp-json\/wp\/v2\/media?parent=259658"}],"wp:term":[{"taxonomy":"category","embeddable":true,"href":"https:\/\/franciscanos.org.br\/noticias\/wp-json\/wp\/v2\/categories?post=259658"},{"taxonomy":"post_tag","embeddable":true,"href":"https:\/\/franciscanos.org.br\/noticias\/wp-json\/wp\/v2\/tags?post=259658"}],"curies":[{"name":"wp","href":"https:\/\/api.w.org\/{rel}","templated":true}]}}