{"id":259648,"date":"2025-08-26T13:03:49","date_gmt":"2025-08-26T16:03:49","guid":{"rendered":"https:\/\/franciscanos.org.br\/noticias\/?p=259648"},"modified":"2025-08-26T14:16:21","modified_gmt":"2025-08-26T17:16:21","slug":"usf-em-acao-leva-servicos-gratuitos-de-saude-bem-estar-e-cidadania-para-piracaia","status":"publish","type":"post","link":"https:\/\/franciscanos.org.br\/noticias\/usf-em-acao-leva-servicos-gratuitos-de-saude-bem-estar-e-cidadania-para-piracaia.html","title":{"rendered":"USF em A\u00e7\u00e3o leva servi\u00e7os gratuitos de sa\u00fade, bem-estar e cidadania para Piracaia"},"content":{"rendered":"<p dir=\"ltr\"><img loading=\"lazy\" class=\"aligncenter wp-image-259650 size-full\" src=\"https:\/\/franciscanos.org.br\/noticias\/wp-content\/uploads\/2025\/08\/MATERIA-1-1.jpg\" alt=\"\" width=\"1280\" height=\"720\" srcset=\"https:\/\/franciscanos.org.br\/noticias\/wp-content\/uploads\/2025\/08\/MATERIA-1-1.jpg 1280w, https:\/\/franciscanos.org.br\/noticias\/wp-content\/uploads\/2025\/08\/MATERIA-1-1-450x253.jpg 450w, https:\/\/franciscanos.org.br\/noticias\/wp-content\/uploads\/2025\/08\/MATERIA-1-1-1024x576.jpg 1024w, https:\/\/franciscanos.org.br\/noticias\/wp-content\/uploads\/2025\/08\/MATERIA-1-1-768x432.jpg 768w, https:\/\/franciscanos.org.br\/noticias\/wp-content\/uploads\/2025\/08\/MATERIA-1-1-150x84.jpg 150w\" sizes=\"(max-width: 1280px) 100vw, 1280px\" \/><\/p>\n<p dir=\"ltr\">Em parceria com a Prefeitura de Piracaia, a Universidade S\u00e3o Francisco (USF) promove, no dia 30 de agosto, das 9h \u00e0s 13h, mais uma edi\u00e7\u00e3o do USF em A\u00e7\u00e3o, iniciativa que leva \u00e0 comunidade atendimentos, orienta\u00e7\u00f5es e atividades voltadas \u00e0 sa\u00fade, bem-estar e cidadania. O evento ser\u00e1 realizado na Pra\u00e7a Nossa Senhora do Ros\u00e1rio, no Centro de Piracaia (SP).<\/p>\n<p>O projeto conta com a participa\u00e7\u00e3o de docentes e estudantes das \u00e1reas de sa\u00fade, exatas e humanas da universidade, que disponibilizam conhecimento, servi\u00e7os e pr\u00e1ticas acess\u00edveis \u00e0 popula\u00e7\u00e3o. O objetivo \u00e9\u00a0promover a conscientiza\u00e7\u00e3o, estimular a solidariedade e incentivar h\u00e1bitos saud\u00e1veis, contribuindo para a melhoria da qualidade de vida de toda a comunidade.<\/p>\n<p>Entre as atividades previstas, o p\u00fablico poder\u00e1 participar de:<\/p>\n<ul>\n<li dir=\"ltr\">B\u00ean\u00e7\u00e3o Franciscana dos Animais<\/li>\n<li dir=\"ltr\">Aferi\u00e7\u00e3o de press\u00e3o;<\/li>\n<li dir=\"ltr\">Teste de glicemia;<\/li>\n<li dir=\"ltr\">Sa\u00fade bucal;<\/li>\n<li dir=\"ltr\">Cuidados respirat\u00f3rios;<\/li>\n<li dir=\"ltr\">Atividades f\u00edsicas em grupos;<\/li>\n<li dir=\"ltr\">Orienta\u00e7\u00f5es para o cuidado de c\u00e3es e gatos;<\/li>\n<li dir=\"ltr\">Orienta\u00e7\u00f5es para economia dom\u00e9stica;<\/li>\n<li dir=\"ltr\">Orienta\u00e7\u00e3o para entrevista de emprego;<\/li>\n<li dir=\"ltr\">Preven\u00e7\u00e3o de quedas em idosos;<\/li>\n<li dir=\"ltr\">Est\u00e9tica facial;<\/li>\n<li dir=\"ltr\">Bate-papo sobre sa\u00fade mental;<\/li>\n<li dir=\"ltr\">T\u00e9cnicas para produ\u00e7\u00e3o de hortali\u00e7as em pequenos espa\u00e7os;<\/li>\n<li dir=\"ltr\">Informa\u00e7\u00f5es sobre direito trabalhista, ambiental e de aposentadoria;<\/li>\n<li dir=\"ltr\">Exposi\u00e7\u00e3o de propostas para habita\u00e7\u00e3o na regi\u00e3o de Batatuba.<\/li>\n<\/ul>\n<p dir=\"ltr\"><strong>Todas as atividades s\u00e3o gratuitas e abertas ao p\u00fablico<\/strong>.<\/p>\n<p dir=\"ltr\"><img loading=\"lazy\" class=\"aligncenter wp-image-259651 size-full\" src=\"https:\/\/franciscanos.org.br\/noticias\/wp-content\/uploads\/2025\/08\/MATERIA-2-2.jpg\" alt=\"\" width=\"1280\" height=\"720\" srcset=\"https:\/\/franciscanos.org.br\/noticias\/wp-content\/uploads\/2025\/08\/MATERIA-2-2.jpg 1280w, https:\/\/franciscanos.org.br\/noticias\/wp-content\/uploads\/2025\/08\/MATERIA-2-2-450x253.jpg 450w, https:\/\/franciscanos.org.br\/noticias\/wp-content\/uploads\/2025\/08\/MATERIA-2-2-1024x576.jpg 1024w, https:\/\/franciscanos.org.br\/noticias\/wp-content\/uploads\/2025\/08\/MATERIA-2-2-768x432.jpg 768w, https:\/\/franciscanos.org.br\/noticias\/wp-content\/uploads\/2025\/08\/MATERIA-2-2-150x84.jpg 150w\" sizes=\"(max-width: 1280px) 100vw, 1280px\" \/><\/p>\n<hr \/>\n<p dir=\"ltr\">\u00a0<em>Ana Paula Moreira de Souza\/ USF<\/em><\/p>\n","protected":false},"excerpt":{"rendered":"<p>A\u00e7\u00e3o social franciscana<\/p>\n","protected":false},"author":11,"featured_media":259656,"comment_status":"open","ping_status":"open","sticky":false,"template":"","format":"standard","meta":[],"categories":[1],"tags":[354,2404],"acf":[],"yoast_head":"<!-- This site is optimized with the Yoast SEO plugin v19.2 - https:\/\/yoast.com\/wordpress\/plugins\/seo\/ -->\n<title>USF em A\u00e7\u00e3o leva servi\u00e7os gratuitos de sa\u00fade, bem-estar e cidadania para Piracaia - Not\u00edcias - Franciscanos<\/title>\n<meta name=\"robots\" content=\"index, follow, max-snippet:-1, max-image-preview:large, max-video-preview:-1\" \/>\n<link rel=\"canonical\" href=\"https:\/\/franciscanos.org.br\/noticias\/usf-em-acao-leva-servicos-gratuitos-de-saude-bem-estar-e-cidadania-para-piracaia.html\" \/>\n<meta property=\"og:locale\" content=\"pt_BR\" \/>\n<meta property=\"og:type\" content=\"article\" \/>\n<meta property=\"og:title\" content=\"USF em A\u00e7\u00e3o leva servi\u00e7os gratuitos de sa\u00fade, bem-estar e cidadania para Piracaia - Not\u00edcias - Franciscanos\" \/>\n<meta property=\"og:description\" content=\"A\u00e7\u00e3o social franciscana\" \/>\n<meta property=\"og:url\" content=\"https:\/\/franciscanos.org.br\/noticias\/usf-em-acao-leva-servicos-gratuitos-de-saude-bem-estar-e-cidadania-para-piracaia.html\" \/>\n<meta property=\"og:site_name\" content=\"Not\u00edcias - Franciscanos\" \/>\n<meta property=\"article:published_time\" content=\"2025-08-26T16:03:49+00:00\" \/>\n<meta property=\"article:modified_time\" content=\"2025-08-26T17:16:21+00:00\" \/>\n<meta property=\"og:image\" content=\"https:\/\/franciscanos.org.br\/noticias\/wp-content\/uploads\/2025\/08\/CHAMADA-3.jpg\" \/>\n\t<meta property=\"og:image:width\" content=\"800\" \/>\n\t<meta property=\"og:image:height\" content=\"550\" \/>\n\t<meta property=\"og:image:type\" content=\"image\/jpeg\" \/>\n<meta name=\"author\" content=\"Adriana Rabelo\" \/>\n<meta name=\"twitter:card\" content=\"summary_large_image\" \/>\n<meta name=\"twitter:label1\" content=\"Escrito por\" \/>\n\t<meta name=\"twitter:data1\" content=\"Adriana Rabelo\" \/>\n\t<meta name=\"twitter:label2\" content=\"Est. tempo de leitura\" \/>\n\t<meta name=\"twitter:data2\" content=\"1 minuto\" \/>\n<script type=\"application\/ld+json\" class=\"yoast-schema-graph\">{\"@context\":\"https:\/\/schema.org\",\"@graph\":[{\"@type\":\"WebSite\",\"@id\":\"https:\/\/franciscanos.org.br\/noticias\/#website\",\"url\":\"https:\/\/franciscanos.org.br\/noticias\/\",\"name\":\"Not\u00edcias - Franciscanos\",\"description\":\"Prov\u00edncia Franciscana da Imaculada Concei\u00e7\u00e3o do Brasil - Ordem dos Frades Menores - OFM\",\"potentialAction\":[{\"@type\":\"SearchAction\",\"target\":{\"@type\":\"EntryPoint\",\"urlTemplate\":\"https:\/\/franciscanos.org.br\/noticias\/?s={search_term_string}\"},\"query-input\":\"required name=search_term_string\"}],\"inLanguage\":\"pt-BR\"},{\"@type\":\"ImageObject\",\"inLanguage\":\"pt-BR\",\"@id\":\"https:\/\/franciscanos.org.br\/noticias\/usf-em-acao-leva-servicos-gratuitos-de-saude-bem-estar-e-cidadania-para-piracaia.html#primaryimage\",\"url\":\"https:\/\/franciscanos.org.br\/noticias\/wp-content\/uploads\/2025\/08\/CHAMADA-3.jpg\",\"contentUrl\":\"https:\/\/franciscanos.org.br\/noticias\/wp-content\/uploads\/2025\/08\/CHAMADA-3.jpg\",\"width\":800,\"height\":550},{\"@type\":\"WebPage\",\"@id\":\"https:\/\/franciscanos.org.br\/noticias\/usf-em-acao-leva-servicos-gratuitos-de-saude-bem-estar-e-cidadania-para-piracaia.html#webpage\",\"url\":\"https:\/\/franciscanos.org.br\/noticias\/usf-em-acao-leva-servicos-gratuitos-de-saude-bem-estar-e-cidadania-para-piracaia.html\",\"name\":\"USF em A\u00e7\u00e3o leva servi\u00e7os gratuitos de sa\u00fade, bem-estar e cidadania para Piracaia - Not\u00edcias - Franciscanos\",\"isPartOf\":{\"@id\":\"https:\/\/franciscanos.org.br\/noticias\/#website\"},\"primaryImageOfPage\":{\"@id\":\"https:\/\/franciscanos.org.br\/noticias\/usf-em-acao-leva-servicos-gratuitos-de-saude-bem-estar-e-cidadania-para-piracaia.html#primaryimage\"},\"datePublished\":\"2025-08-26T16:03:49+00:00\",\"dateModified\":\"2025-08-26T17:16:21+00:00\",\"author\":{\"@id\":\"https:\/\/franciscanos.org.br\/noticias\/#\/schema\/person\/d9422e83121c3ad3b0f423d195f5bb25\"},\"breadcrumb\":{\"@id\":\"https:\/\/franciscanos.org.br\/noticias\/usf-em-acao-leva-servicos-gratuitos-de-saude-bem-estar-e-cidadania-para-piracaia.html#breadcrumb\"},\"inLanguage\":\"pt-BR\",\"potentialAction\":[{\"@type\":\"ReadAction\",\"target\":[\"https:\/\/franciscanos.org.br\/noticias\/usf-em-acao-leva-servicos-gratuitos-de-saude-bem-estar-e-cidadania-para-piracaia.html\"]}]},{\"@type\":\"BreadcrumbList\",\"@id\":\"https:\/\/franciscanos.org.br\/noticias\/usf-em-acao-leva-servicos-gratuitos-de-saude-bem-estar-e-cidadania-para-piracaia.html#breadcrumb\",\"itemListElement\":[{\"@type\":\"ListItem\",\"position\":1,\"name\":\"Home\",\"item\":\"https:\/\/franciscanos.org.br\/noticias\"},{\"@type\":\"ListItem\",\"position\":2,\"name\":\"USF em A\u00e7\u00e3o leva servi\u00e7os gratuitos de sa\u00fade, bem-estar e cidadania para Piracaia\"}]},{\"@type\":\"Person\",\"@id\":\"https:\/\/franciscanos.org.br\/noticias\/#\/schema\/person\/d9422e83121c3ad3b0f423d195f5bb25\",\"name\":\"Adriana Rabelo\",\"image\":{\"@type\":\"ImageObject\",\"inLanguage\":\"pt-BR\",\"@id\":\"https:\/\/franciscanos.org.br\/noticias\/#\/schema\/person\/image\/\",\"url\":\"https:\/\/secure.gravatar.com\/avatar\/0a937b7500cd7df77540cfb8bede877d?s=96&d=mm&r=g\",\"contentUrl\":\"https:\/\/secure.gravatar.com\/avatar\/0a937b7500cd7df77540cfb8bede877d?s=96&d=mm&r=g\",\"caption\":\"Adriana Rabelo\"},\"url\":\"https:\/\/franciscanos.org.br\/noticias\/author\/adrianarabelo\"}]}<\/script>\n<!-- \/ Yoast SEO plugin. -->","yoast_head_json":{"title":"USF em A\u00e7\u00e3o leva servi\u00e7os gratuitos de sa\u00fade, bem-estar e cidadania para Piracaia - Not\u00edcias - Franciscanos","robots":{"index":"index","follow":"follow","max-snippet":"max-snippet:-1","max-image-preview":"max-image-preview:large","max-video-preview":"max-video-preview:-1"},"canonical":"https:\/\/franciscanos.org.br\/noticias\/usf-em-acao-leva-servicos-gratuitos-de-saude-bem-estar-e-cidadania-para-piracaia.html","og_locale":"pt_BR","og_type":"article","og_title":"USF em A\u00e7\u00e3o leva servi\u00e7os gratuitos de sa\u00fade, bem-estar e cidadania para Piracaia - Not\u00edcias - Franciscanos","og_description":"A\u00e7\u00e3o social franciscana","og_url":"https:\/\/franciscanos.org.br\/noticias\/usf-em-acao-leva-servicos-gratuitos-de-saude-bem-estar-e-cidadania-para-piracaia.html","og_site_name":"Not\u00edcias - Franciscanos","article_published_time":"2025-08-26T16:03:49+00:00","article_modified_time":"2025-08-26T17:16:21+00:00","og_image":[{"width":800,"height":550,"url":"https:\/\/franciscanos.org.br\/noticias\/wp-content\/uploads\/2025\/08\/CHAMADA-3.jpg","type":"image\/jpeg"}],"author":"Adriana Rabelo","twitter_card":"summary_large_image","twitter_misc":{"Escrito por":"Adriana Rabelo","Est. tempo de leitura":"1 minuto"},"schema":{"@context":"https:\/\/schema.org","@graph":[{"@type":"WebSite","@id":"https:\/\/franciscanos.org.br\/noticias\/#website","url":"https:\/\/franciscanos.org.br\/noticias\/","name":"Not\u00edcias - Franciscanos","description":"Prov\u00edncia Franciscana da Imaculada Concei\u00e7\u00e3o do Brasil - Ordem dos Frades Menores - OFM","potentialAction":[{"@type":"SearchAction","target":{"@type":"EntryPoint","urlTemplate":"https:\/\/franciscanos.org.br\/noticias\/?s={search_term_string}"},"query-input":"required name=search_term_string"}],"inLanguage":"pt-BR"},{"@type":"ImageObject","inLanguage":"pt-BR","@id":"https:\/\/franciscanos.org.br\/noticias\/usf-em-acao-leva-servicos-gratuitos-de-saude-bem-estar-e-cidadania-para-piracaia.html#primaryimage","url":"https:\/\/franciscanos.org.br\/noticias\/wp-content\/uploads\/2025\/08\/CHAMADA-3.jpg","contentUrl":"https:\/\/franciscanos.org.br\/noticias\/wp-content\/uploads\/2025\/08\/CHAMADA-3.jpg","width":800,"height":550},{"@type":"WebPage","@id":"https:\/\/franciscanos.org.br\/noticias\/usf-em-acao-leva-servicos-gratuitos-de-saude-bem-estar-e-cidadania-para-piracaia.html#webpage","url":"https:\/\/franciscanos.org.br\/noticias\/usf-em-acao-leva-servicos-gratuitos-de-saude-bem-estar-e-cidadania-para-piracaia.html","name":"USF em A\u00e7\u00e3o leva servi\u00e7os gratuitos de sa\u00fade, bem-estar e cidadania para Piracaia - Not\u00edcias - Franciscanos","isPartOf":{"@id":"https:\/\/franciscanos.org.br\/noticias\/#website"},"primaryImageOfPage":{"@id":"https:\/\/franciscanos.org.br\/noticias\/usf-em-acao-leva-servicos-gratuitos-de-saude-bem-estar-e-cidadania-para-piracaia.html#primaryimage"},"datePublished":"2025-08-26T16:03:49+00:00","dateModified":"2025-08-26T17:16:21+00:00","author":{"@id":"https:\/\/franciscanos.org.br\/noticias\/#\/schema\/person\/d9422e83121c3ad3b0f423d195f5bb25"},"breadcrumb":{"@id":"https:\/\/franciscanos.org.br\/noticias\/usf-em-acao-leva-servicos-gratuitos-de-saude-bem-estar-e-cidadania-para-piracaia.html#breadcrumb"},"inLanguage":"pt-BR","potentialAction":[{"@type":"ReadAction","target":["https:\/\/franciscanos.org.br\/noticias\/usf-em-acao-leva-servicos-gratuitos-de-saude-bem-estar-e-cidadania-para-piracaia.html"]}]},{"@type":"BreadcrumbList","@id":"https:\/\/franciscanos.org.br\/noticias\/usf-em-acao-leva-servicos-gratuitos-de-saude-bem-estar-e-cidadania-para-piracaia.html#breadcrumb","itemListElement":[{"@type":"ListItem","position":1,"name":"Home","item":"https:\/\/franciscanos.org.br\/noticias"},{"@type":"ListItem","position":2,"name":"USF em A\u00e7\u00e3o leva servi\u00e7os gratuitos de sa\u00fade, bem-estar e cidadania para Piracaia"}]},{"@type":"Person","@id":"https:\/\/franciscanos.org.br\/noticias\/#\/schema\/person\/d9422e83121c3ad3b0f423d195f5bb25","name":"Adriana Rabelo","image":{"@type":"ImageObject","inLanguage":"pt-BR","@id":"https:\/\/franciscanos.org.br\/noticias\/#\/schema\/person\/image\/","url":"https:\/\/secure.gravatar.com\/avatar\/0a937b7500cd7df77540cfb8bede877d?s=96&d=mm&r=g","contentUrl":"https:\/\/secure.gravatar.com\/avatar\/0a937b7500cd7df77540cfb8bede877d?s=96&d=mm&r=g","caption":"Adriana Rabelo"},"url":"https:\/\/franciscanos.org.br\/noticias\/author\/adrianarabelo"}]}},"_links":{"self":[{"href":"https:\/\/franciscanos.org.br\/noticias\/wp-json\/wp\/v2\/posts\/259648"}],"collection":[{"href":"https:\/\/franciscanos.org.br\/noticias\/wp-json\/wp\/v2\/posts"}],"about":[{"href":"https:\/\/franciscanos.org.br\/noticias\/wp-json\/wp\/v2\/types\/post"}],"author":[{"embeddable":true,"href":"https:\/\/franciscanos.org.br\/noticias\/wp-json\/wp\/v2\/users\/11"}],"replies":[{"embeddable":true,"href":"https:\/\/franciscanos.org.br\/noticias\/wp-json\/wp\/v2\/comments?post=259648"}],"version-history":[{"count":4,"href":"https:\/\/franciscanos.org.br\/noticias\/wp-json\/wp\/v2\/posts\/259648\/revisions"}],"predecessor-version":[{"id":259655,"href":"https:\/\/franciscanos.org.br\/noticias\/wp-json\/wp\/v2\/posts\/259648\/revisions\/259655"}],"wp:featuredmedia":[{"embeddable":true,"href":"https:\/\/franciscanos.org.br\/noticias\/wp-json\/wp\/v2\/media\/259656"}],"wp:attachment":[{"href":"https:\/\/franciscanos.org.br\/noticias\/wp-json\/wp\/v2\/media?parent=259648"}],"wp:term":[{"taxonomy":"category","embeddable":true,"href":"https:\/\/franciscanos.org.br\/noticias\/wp-json\/wp\/v2\/categories?post=259648"},{"taxonomy":"post_tag","embeddable":true,"href":"https:\/\/franciscanos.org.br\/noticias\/wp-json\/wp\/v2\/tags?post=259648"}],"curies":[{"name":"wp","href":"https:\/\/api.w.org\/{rel}","templated":true}]}}