{"id":259641,"date":"2025-08-26T12:36:09","date_gmt":"2025-08-26T15:36:09","guid":{"rendered":"https:\/\/franciscanos.org.br\/noticias\/?p=259641"},"modified":"2025-08-26T12:48:15","modified_gmt":"2025-08-26T15:48:15","slug":"reunidos-em-fraternidade-para-o-segundo-encontro-regional-curitiba","status":"publish","type":"post","link":"https:\/\/franciscanos.org.br\/noticias\/reunidos-em-fraternidade-para-o-segundo-encontro-regional-curitiba.html","title":{"rendered":"Reunidos em fraternidade para o segundo Encontro Regional Curitiba"},"content":{"rendered":"<p><img loading=\"lazy\" class=\"aligncenter wp-image-259642 size-full\" src=\"https:\/\/franciscanos.org.br\/noticias\/wp-content\/uploads\/2025\/08\/materia-1.jpg\" alt=\"\" width=\"1280\" height=\"720\" srcset=\"https:\/\/franciscanos.org.br\/noticias\/wp-content\/uploads\/2025\/08\/materia-1.jpg 1280w, https:\/\/franciscanos.org.br\/noticias\/wp-content\/uploads\/2025\/08\/materia-1-450x253.jpg 450w, https:\/\/franciscanos.org.br\/noticias\/wp-content\/uploads\/2025\/08\/materia-1-1024x576.jpg 1024w, https:\/\/franciscanos.org.br\/noticias\/wp-content\/uploads\/2025\/08\/materia-1-768x432.jpg 768w, https:\/\/franciscanos.org.br\/noticias\/wp-content\/uploads\/2025\/08\/materia-1-150x84.jpg 150w\" sizes=\"(max-width: 1280px) 100vw, 1280px\" \/><\/p>\n<p data-start=\"127\" data-end=\"588\">No dia 22 de agosto, na mem\u00f3ria de Nossa Senhora Rainha da Paz, os confrades das fraternidades Bom Jesus dos Perd\u00f5es, em Curitiba (PR), e S\u00e3o Boaventura, em Campo Largo (PR), vivenciaram um dia de comunh\u00e3o e espiritualidade. A Fraternidade S\u00e3o Boaventura acolheu o segundo Encontro Regional Curitiba, que contou com a presen\u00e7a do Definidor provincial, Frei Gilberto da Silva, e do Vig\u00e1rio provincial, Frei Gustavo Wayand Medella, reunindo, ao todo, 25 frades.<\/p>\n<p>O clima de partilha fraterna come\u00e7ou desde cedo, durante o caf\u00e9, seguido da ora\u00e7\u00e3o da manh\u00e3.<\/p>\n<p>O primeiro momento foi dedicado \u00e0 mem\u00f3ria e \u00e0 gratid\u00e3o pelos 350 anos da Prov\u00edncia, relembrando a hist\u00f3ria e reafirmando o esp\u00edrito de perten\u00e7a \u00e0 mesma. J\u00e1 \u00e0 tarde, os frades se reuniram em clima de di\u00e1logo e escuta para refletir sobre a vida fraterna e pastoral em suas diversas realidades, da par\u00f3quia \u00e0 casa de forma\u00e7\u00e3o.<\/p>\n<p>O encontro foi encerrado ao entardecer com a ora\u00e7\u00e3o das V\u00e9speras e um jantar festivo, momento de fortalecimento da f\u00e9 e dos la\u00e7os fraternais.<\/p>\n<p>Mais do que uma reuni\u00e3o, o encontro se tornou um verdadeiro tempo de gra\u00e7a, marcado pela espiritualidade, pela partilha fraterna e pela alegria de caminhar juntos no seguimento de Cristo, \u00e0 luz de S\u00e3o Francisco.<\/p>\n<p><strong>Vida em comunh\u00e3o<\/strong><\/p>\n<p>Os Encontros Regionais t\u00eam como objetivo fortalecer os v\u00ednculos das fraternidades provinciais, bem como promover momentos de partilha de viv\u00eancias e abertura para debates e di\u00e1logos que envolvem a vida franciscana da Prov\u00edncia. Al\u00e9m de ser uma ocasi\u00e3o de troca de saberes, os momentos s\u00e3o significativos para a forma\u00e7\u00e3o e os estudos dos frades que vivem nas fraternidades e comungam de realidades semelhantes em suas regi\u00f5es. O Regional Curitiba re\u00fane as fraternidades das cidades de Curitiba e Campo Largo, ambas do Paran\u00e1.<\/p>\n<p>A Prov\u00edncia da Imaculada abrange outros cinco Regionais, al\u00e9m de Curitiba: Esp\u00edrito Santo, que compreende Colatina e Vila Velha, na regi\u00e3o capixaba; Frei Bruno, que abrange Chopinzinho (PR), Pato Branco (PR), Conc\u00f3rdia (SC), Coronel Freitas (SC), Curitibanos (SC), Lages (SC), Luzerna (SC) e Xaxim (SC); Rio de Janeiro, com Duque de Caxias, Nil\u00f3polis, Niter\u00f3i, Petr\u00f3polis, Rio de Janeiro e S\u00e3o Jo\u00e3o de Meriti, localizados na capital e na Baixada Fluminense; S\u00e3o Paulo, que inclui as cidades paulistas de Agudos, Bauru, Bragan\u00e7a Paulista, Guaratinguet\u00e1, Itatiba, S\u00e3o Paulo e Sorocaba; e Vale do Itaja\u00ed e Leste Catarinense, com os munic\u00edpios de Balne\u00e1rio Cambori\u00fa, Blumenau, Florian\u00f3polis, Gaspar, Ituporanga, Rodeio e Santo Amaro da Imperatriz, em Santa Catarina.<\/p>\n<hr \/>\n<p data-start=\"664\" data-end=\"1339\"><em>Frei Patryck Ribeiro da Silva Dutra<\/em><\/p>\n<p>&nbsp;<\/p>\n","protected":false},"excerpt":{"rendered":"<p>Encontro Regional<\/p>\n","protected":false},"author":11,"featured_media":259643,"comment_status":"open","ping_status":"open","sticky":false,"template":"","format":"standard","meta":[],"categories":[1],"tags":[2314,2403],"acf":[],"yoast_head":"<!-- This site is optimized with the Yoast SEO plugin v19.2 - https:\/\/yoast.com\/wordpress\/plugins\/seo\/ -->\n<title>Reunidos em fraternidade para o segundo Encontro Regional Curitiba - Not\u00edcias - Franciscanos<\/title>\n<meta name=\"robots\" content=\"index, follow, max-snippet:-1, max-image-preview:large, max-video-preview:-1\" \/>\n<link rel=\"canonical\" href=\"https:\/\/franciscanos.org.br\/noticias\/reunidos-em-fraternidade-para-o-segundo-encontro-regional-curitiba.html\" \/>\n<meta property=\"og:locale\" content=\"pt_BR\" \/>\n<meta property=\"og:type\" content=\"article\" \/>\n<meta property=\"og:title\" content=\"Reunidos em fraternidade para o segundo Encontro Regional Curitiba - Not\u00edcias - Franciscanos\" \/>\n<meta property=\"og:description\" content=\"Encontro Regional\" \/>\n<meta property=\"og:url\" content=\"https:\/\/franciscanos.org.br\/noticias\/reunidos-em-fraternidade-para-o-segundo-encontro-regional-curitiba.html\" \/>\n<meta property=\"og:site_name\" content=\"Not\u00edcias - Franciscanos\" \/>\n<meta property=\"article:published_time\" content=\"2025-08-26T15:36:09+00:00\" \/>\n<meta property=\"article:modified_time\" content=\"2025-08-26T15:48:15+00:00\" \/>\n<meta property=\"og:image\" content=\"https:\/\/franciscanos.org.br\/noticias\/wp-content\/uploads\/2025\/08\/chamada-1.jpg\" \/>\n\t<meta property=\"og:image:width\" content=\"800\" \/>\n\t<meta property=\"og:image:height\" content=\"550\" \/>\n\t<meta property=\"og:image:type\" content=\"image\/jpeg\" \/>\n<meta name=\"author\" content=\"Adriana Rabelo\" \/>\n<meta name=\"twitter:card\" content=\"summary_large_image\" \/>\n<meta name=\"twitter:label1\" content=\"Escrito por\" \/>\n\t<meta name=\"twitter:data1\" content=\"Adriana Rabelo\" \/>\n\t<meta name=\"twitter:label2\" content=\"Est. tempo de leitura\" \/>\n\t<meta name=\"twitter:data2\" content=\"2 minutos\" \/>\n<script type=\"application\/ld+json\" class=\"yoast-schema-graph\">{\"@context\":\"https:\/\/schema.org\",\"@graph\":[{\"@type\":\"WebSite\",\"@id\":\"https:\/\/franciscanos.org.br\/noticias\/#website\",\"url\":\"https:\/\/franciscanos.org.br\/noticias\/\",\"name\":\"Not\u00edcias - Franciscanos\",\"description\":\"Prov\u00edncia Franciscana da Imaculada Concei\u00e7\u00e3o do Brasil - Ordem dos Frades Menores - OFM\",\"potentialAction\":[{\"@type\":\"SearchAction\",\"target\":{\"@type\":\"EntryPoint\",\"urlTemplate\":\"https:\/\/franciscanos.org.br\/noticias\/?s={search_term_string}\"},\"query-input\":\"required name=search_term_string\"}],\"inLanguage\":\"pt-BR\"},{\"@type\":\"ImageObject\",\"inLanguage\":\"pt-BR\",\"@id\":\"https:\/\/franciscanos.org.br\/noticias\/reunidos-em-fraternidade-para-o-segundo-encontro-regional-curitiba.html#primaryimage\",\"url\":\"https:\/\/franciscanos.org.br\/noticias\/wp-content\/uploads\/2025\/08\/chamada-1.jpg\",\"contentUrl\":\"https:\/\/franciscanos.org.br\/noticias\/wp-content\/uploads\/2025\/08\/chamada-1.jpg\",\"width\":800,\"height\":550},{\"@type\":\"WebPage\",\"@id\":\"https:\/\/franciscanos.org.br\/noticias\/reunidos-em-fraternidade-para-o-segundo-encontro-regional-curitiba.html#webpage\",\"url\":\"https:\/\/franciscanos.org.br\/noticias\/reunidos-em-fraternidade-para-o-segundo-encontro-regional-curitiba.html\",\"name\":\"Reunidos em fraternidade para o segundo Encontro Regional Curitiba - Not\u00edcias - Franciscanos\",\"isPartOf\":{\"@id\":\"https:\/\/franciscanos.org.br\/noticias\/#website\"},\"primaryImageOfPage\":{\"@id\":\"https:\/\/franciscanos.org.br\/noticias\/reunidos-em-fraternidade-para-o-segundo-encontro-regional-curitiba.html#primaryimage\"},\"datePublished\":\"2025-08-26T15:36:09+00:00\",\"dateModified\":\"2025-08-26T15:48:15+00:00\",\"author\":{\"@id\":\"https:\/\/franciscanos.org.br\/noticias\/#\/schema\/person\/d9422e83121c3ad3b0f423d195f5bb25\"},\"breadcrumb\":{\"@id\":\"https:\/\/franciscanos.org.br\/noticias\/reunidos-em-fraternidade-para-o-segundo-encontro-regional-curitiba.html#breadcrumb\"},\"inLanguage\":\"pt-BR\",\"potentialAction\":[{\"@type\":\"ReadAction\",\"target\":[\"https:\/\/franciscanos.org.br\/noticias\/reunidos-em-fraternidade-para-o-segundo-encontro-regional-curitiba.html\"]}]},{\"@type\":\"BreadcrumbList\",\"@id\":\"https:\/\/franciscanos.org.br\/noticias\/reunidos-em-fraternidade-para-o-segundo-encontro-regional-curitiba.html#breadcrumb\",\"itemListElement\":[{\"@type\":\"ListItem\",\"position\":1,\"name\":\"Home\",\"item\":\"https:\/\/franciscanos.org.br\/noticias\"},{\"@type\":\"ListItem\",\"position\":2,\"name\":\"Reunidos em fraternidade para o segundo Encontro Regional Curitiba\"}]},{\"@type\":\"Person\",\"@id\":\"https:\/\/franciscanos.org.br\/noticias\/#\/schema\/person\/d9422e83121c3ad3b0f423d195f5bb25\",\"name\":\"Adriana Rabelo\",\"image\":{\"@type\":\"ImageObject\",\"inLanguage\":\"pt-BR\",\"@id\":\"https:\/\/franciscanos.org.br\/noticias\/#\/schema\/person\/image\/\",\"url\":\"https:\/\/secure.gravatar.com\/avatar\/0a937b7500cd7df77540cfb8bede877d?s=96&d=mm&r=g\",\"contentUrl\":\"https:\/\/secure.gravatar.com\/avatar\/0a937b7500cd7df77540cfb8bede877d?s=96&d=mm&r=g\",\"caption\":\"Adriana Rabelo\"},\"url\":\"https:\/\/franciscanos.org.br\/noticias\/author\/adrianarabelo\"}]}<\/script>\n<!-- \/ Yoast SEO plugin. -->","yoast_head_json":{"title":"Reunidos em fraternidade para o segundo Encontro Regional Curitiba - Not\u00edcias - Franciscanos","robots":{"index":"index","follow":"follow","max-snippet":"max-snippet:-1","max-image-preview":"max-image-preview:large","max-video-preview":"max-video-preview:-1"},"canonical":"https:\/\/franciscanos.org.br\/noticias\/reunidos-em-fraternidade-para-o-segundo-encontro-regional-curitiba.html","og_locale":"pt_BR","og_type":"article","og_title":"Reunidos em fraternidade para o segundo Encontro Regional Curitiba - Not\u00edcias - Franciscanos","og_description":"Encontro Regional","og_url":"https:\/\/franciscanos.org.br\/noticias\/reunidos-em-fraternidade-para-o-segundo-encontro-regional-curitiba.html","og_site_name":"Not\u00edcias - Franciscanos","article_published_time":"2025-08-26T15:36:09+00:00","article_modified_time":"2025-08-26T15:48:15+00:00","og_image":[{"width":800,"height":550,"url":"https:\/\/franciscanos.org.br\/noticias\/wp-content\/uploads\/2025\/08\/chamada-1.jpg","type":"image\/jpeg"}],"author":"Adriana Rabelo","twitter_card":"summary_large_image","twitter_misc":{"Escrito por":"Adriana Rabelo","Est. tempo de leitura":"2 minutos"},"schema":{"@context":"https:\/\/schema.org","@graph":[{"@type":"WebSite","@id":"https:\/\/franciscanos.org.br\/noticias\/#website","url":"https:\/\/franciscanos.org.br\/noticias\/","name":"Not\u00edcias - Franciscanos","description":"Prov\u00edncia Franciscana da Imaculada Concei\u00e7\u00e3o do Brasil - Ordem dos Frades Menores - OFM","potentialAction":[{"@type":"SearchAction","target":{"@type":"EntryPoint","urlTemplate":"https:\/\/franciscanos.org.br\/noticias\/?s={search_term_string}"},"query-input":"required name=search_term_string"}],"inLanguage":"pt-BR"},{"@type":"ImageObject","inLanguage":"pt-BR","@id":"https:\/\/franciscanos.org.br\/noticias\/reunidos-em-fraternidade-para-o-segundo-encontro-regional-curitiba.html#primaryimage","url":"https:\/\/franciscanos.org.br\/noticias\/wp-content\/uploads\/2025\/08\/chamada-1.jpg","contentUrl":"https:\/\/franciscanos.org.br\/noticias\/wp-content\/uploads\/2025\/08\/chamada-1.jpg","width":800,"height":550},{"@type":"WebPage","@id":"https:\/\/franciscanos.org.br\/noticias\/reunidos-em-fraternidade-para-o-segundo-encontro-regional-curitiba.html#webpage","url":"https:\/\/franciscanos.org.br\/noticias\/reunidos-em-fraternidade-para-o-segundo-encontro-regional-curitiba.html","name":"Reunidos em fraternidade para o segundo Encontro Regional Curitiba - Not\u00edcias - Franciscanos","isPartOf":{"@id":"https:\/\/franciscanos.org.br\/noticias\/#website"},"primaryImageOfPage":{"@id":"https:\/\/franciscanos.org.br\/noticias\/reunidos-em-fraternidade-para-o-segundo-encontro-regional-curitiba.html#primaryimage"},"datePublished":"2025-08-26T15:36:09+00:00","dateModified":"2025-08-26T15:48:15+00:00","author":{"@id":"https:\/\/franciscanos.org.br\/noticias\/#\/schema\/person\/d9422e83121c3ad3b0f423d195f5bb25"},"breadcrumb":{"@id":"https:\/\/franciscanos.org.br\/noticias\/reunidos-em-fraternidade-para-o-segundo-encontro-regional-curitiba.html#breadcrumb"},"inLanguage":"pt-BR","potentialAction":[{"@type":"ReadAction","target":["https:\/\/franciscanos.org.br\/noticias\/reunidos-em-fraternidade-para-o-segundo-encontro-regional-curitiba.html"]}]},{"@type":"BreadcrumbList","@id":"https:\/\/franciscanos.org.br\/noticias\/reunidos-em-fraternidade-para-o-segundo-encontro-regional-curitiba.html#breadcrumb","itemListElement":[{"@type":"ListItem","position":1,"name":"Home","item":"https:\/\/franciscanos.org.br\/noticias"},{"@type":"ListItem","position":2,"name":"Reunidos em fraternidade para o segundo Encontro Regional Curitiba"}]},{"@type":"Person","@id":"https:\/\/franciscanos.org.br\/noticias\/#\/schema\/person\/d9422e83121c3ad3b0f423d195f5bb25","name":"Adriana Rabelo","image":{"@type":"ImageObject","inLanguage":"pt-BR","@id":"https:\/\/franciscanos.org.br\/noticias\/#\/schema\/person\/image\/","url":"https:\/\/secure.gravatar.com\/avatar\/0a937b7500cd7df77540cfb8bede877d?s=96&d=mm&r=g","contentUrl":"https:\/\/secure.gravatar.com\/avatar\/0a937b7500cd7df77540cfb8bede877d?s=96&d=mm&r=g","caption":"Adriana Rabelo"},"url":"https:\/\/franciscanos.org.br\/noticias\/author\/adrianarabelo"}]}},"_links":{"self":[{"href":"https:\/\/franciscanos.org.br\/noticias\/wp-json\/wp\/v2\/posts\/259641"}],"collection":[{"href":"https:\/\/franciscanos.org.br\/noticias\/wp-json\/wp\/v2\/posts"}],"about":[{"href":"https:\/\/franciscanos.org.br\/noticias\/wp-json\/wp\/v2\/types\/post"}],"author":[{"embeddable":true,"href":"https:\/\/franciscanos.org.br\/noticias\/wp-json\/wp\/v2\/users\/11"}],"replies":[{"embeddable":true,"href":"https:\/\/franciscanos.org.br\/noticias\/wp-json\/wp\/v2\/comments?post=259641"}],"version-history":[{"count":4,"href":"https:\/\/franciscanos.org.br\/noticias\/wp-json\/wp\/v2\/posts\/259641\/revisions"}],"predecessor-version":[{"id":259647,"href":"https:\/\/franciscanos.org.br\/noticias\/wp-json\/wp\/v2\/posts\/259641\/revisions\/259647"}],"wp:featuredmedia":[{"embeddable":true,"href":"https:\/\/franciscanos.org.br\/noticias\/wp-json\/wp\/v2\/media\/259643"}],"wp:attachment":[{"href":"https:\/\/franciscanos.org.br\/noticias\/wp-json\/wp\/v2\/media?parent=259641"}],"wp:term":[{"taxonomy":"category","embeddable":true,"href":"https:\/\/franciscanos.org.br\/noticias\/wp-json\/wp\/v2\/categories?post=259641"},{"taxonomy":"post_tag","embeddable":true,"href":"https:\/\/franciscanos.org.br\/noticias\/wp-json\/wp\/v2\/tags?post=259641"}],"curies":[{"name":"wp","href":"https:\/\/api.w.org\/{rel}","templated":true}]}}