{"id":259624,"date":"2025-08-25T10:52:43","date_gmt":"2025-08-25T13:52:43","guid":{"rendered":"https:\/\/franciscanos.org.br\/noticias\/?p=259624"},"modified":"2025-08-25T11:04:02","modified_gmt":"2025-08-25T14:04:02","slug":"romaria-de-nossa-senhora-da-salete-mantem-viva-a-fe-ha-mais-de-seis-decadas-no-sudoeste-do-parana","status":"publish","type":"post","link":"https:\/\/franciscanos.org.br\/noticias\/romaria-de-nossa-senhora-da-salete-mantem-viva-a-fe-ha-mais-de-seis-decadas-no-sudoeste-do-parana.html","title":{"rendered":"Romaria de Nossa Senhora da Salete mant\u00e9m viva a f\u00e9 h\u00e1 mais de seis d\u00e9cadas no Sudoeste do Paran\u00e1"},"content":{"rendered":"<p><img loading=\"lazy\" class=\"aligncenter wp-image-259626 size-full\" src=\"https:\/\/franciscanos.org.br\/noticias\/wp-content\/uploads\/2025\/08\/MATERIA.jpg\" alt=\"\" width=\"1280\" height=\"720\" srcset=\"https:\/\/franciscanos.org.br\/noticias\/wp-content\/uploads\/2025\/08\/MATERIA.jpg 1280w, https:\/\/franciscanos.org.br\/noticias\/wp-content\/uploads\/2025\/08\/MATERIA-450x253.jpg 450w, https:\/\/franciscanos.org.br\/noticias\/wp-content\/uploads\/2025\/08\/MATERIA-1024x576.jpg 1024w, https:\/\/franciscanos.org.br\/noticias\/wp-content\/uploads\/2025\/08\/MATERIA-768x432.jpg 768w, https:\/\/franciscanos.org.br\/noticias\/wp-content\/uploads\/2025\/08\/MATERIA-150x84.jpg 150w\" sizes=\"(max-width: 1280px) 100vw, 1280px\" \/><\/p>\n<p>A comunidade de Rio Elias, em Bom Sucesso do Sul (PR), mant\u00e9m h\u00e1 62 anos uma tradi\u00e7\u00e3o de f\u00e9 e devo\u00e7\u00e3o a Nossa Senhora da Salete. O evento, conhecido como Romaria do Rio Elias, re\u00fane fi\u00e9is de diversas regi\u00f5es do pa\u00eds em um encontro marcado pela espiritualidade, pela mem\u00f3ria das fam\u00edlias pioneiras e pela continuidade de uma devo\u00e7\u00e3o mariana trazida do Rio Grande do Sul. Milhares de pessoas participam desta peregrina\u00e7\u00e3o repleta de manifesta\u00e7\u00f5es de f\u00e9, esperan\u00e7a e devo\u00e7\u00e3o mariana, considerada patrim\u00f4nio espiritual do Sudoeste do Paran\u00e1.<\/p>\n<p data-start=\"729\" data-end=\"1140\">Segundo Vanderlei Martins, lideran\u00e7a da comunidade e conhecedor da hist\u00f3ria local, a origem da romaria remonta \u00e0s fam\u00edlias migrantes que chegaram do Rio Grande do Sul, especialmente da regi\u00e3o de Erechim e Marcelino Ramos. \u201cForam fam\u00edlias que j\u00e1 traziam a devo\u00e7\u00e3o a Nossa Senhora da Salete. Elas compraram terras aqui, firmaram suas ra\u00edzes e, junto com a coragem e o trabalho, trouxeram tamb\u00e9m a f\u00e9\u201d, explica.<\/p>\n\n\t\t<style type=\"text\/css\">\n\t\t\t#gallery-1 {\n\t\t\t\tmargin: auto;\n\t\t\t}\n\t\t\t#gallery-1 .gallery-item {\n\t\t\t\tfloat: left;\n\t\t\t\tmargin-top: 10px;\n\t\t\t\ttext-align: center;\n\t\t\t\twidth: 25%;\n\t\t\t}\n\t\t\t#gallery-1 img {\n\t\t\t\tborder: 2px solid #cfcfcf;\n\t\t\t}\n\t\t\t#gallery-1 .gallery-caption {\n\t\t\t\tmargin-left: 0;\n\t\t\t}\n\t\t\t\/* see gallery_shortcode() in wp-includes\/media.php *\/\n\t\t<\/style>\n\t\t<div id='gallery-1' class='gallery galleryid-259624 gallery-columns-4 gallery-size-thumbnail'><dl class='gallery-item'>\n\t\t\t<dt class='gallery-icon landscape'>\n\t\t\t\t<a href='https:\/\/franciscanos.org.br\/noticias\/wp-content\/uploads\/2025\/08\/DJI_0026-scaled.jpg'><img width=\"300\" height=\"300\" src=\"https:\/\/franciscanos.org.br\/noticias\/wp-content\/uploads\/2025\/08\/DJI_0026-300x300.jpg\" class=\"attachment-thumbnail size-thumbnail\" alt=\"\" loading=\"lazy\" srcset=\"https:\/\/franciscanos.org.br\/noticias\/wp-content\/uploads\/2025\/08\/DJI_0026-300x300.jpg 300w, https:\/\/franciscanos.org.br\/noticias\/wp-content\/uploads\/2025\/08\/DJI_0026-100x100.jpg 100w\" sizes=\"(max-width: 300px) 100vw, 300px\" \/><\/a>\n\t\t\t<\/dt><\/dl><dl class='gallery-item'>\n\t\t\t<dt class='gallery-icon landscape'>\n\t\t\t\t<a href='https:\/\/franciscanos.org.br\/noticias\/wp-content\/uploads\/2025\/08\/MATERIA-2-1.jpg'><img width=\"300\" height=\"300\" src=\"https:\/\/franciscanos.org.br\/noticias\/wp-content\/uploads\/2025\/08\/MATERIA-2-1-300x300.jpg\" class=\"attachment-thumbnail size-thumbnail\" alt=\"\" loading=\"lazy\" srcset=\"https:\/\/franciscanos.org.br\/noticias\/wp-content\/uploads\/2025\/08\/MATERIA-2-1-300x300.jpg 300w, https:\/\/franciscanos.org.br\/noticias\/wp-content\/uploads\/2025\/08\/MATERIA-2-1-100x100.jpg 100w\" sizes=\"(max-width: 300px) 100vw, 300px\" \/><\/a>\n\t\t\t<\/dt><\/dl><dl class='gallery-item'>\n\t\t\t<dt class='gallery-icon landscape'>\n\t\t\t\t<a href='https:\/\/franciscanos.org.br\/noticias\/wp-content\/uploads\/2025\/08\/NA-SUA-CASA-RIO-ELIAS.00_00_27_32.Quadro007.png'><img width=\"300\" height=\"300\" src=\"https:\/\/franciscanos.org.br\/noticias\/wp-content\/uploads\/2025\/08\/NA-SUA-CASA-RIO-ELIAS.00_00_27_32.Quadro007-300x300.png\" class=\"attachment-thumbnail size-thumbnail\" alt=\"\" loading=\"lazy\" srcset=\"https:\/\/franciscanos.org.br\/noticias\/wp-content\/uploads\/2025\/08\/NA-SUA-CASA-RIO-ELIAS.00_00_27_32.Quadro007-300x300.png 300w, https:\/\/franciscanos.org.br\/noticias\/wp-content\/uploads\/2025\/08\/NA-SUA-CASA-RIO-ELIAS.00_00_27_32.Quadro007-100x100.png 100w\" sizes=\"(max-width: 300px) 100vw, 300px\" \/><\/a>\n\t\t\t<\/dt><\/dl><dl class='gallery-item'>\n\t\t\t<dt class='gallery-icon landscape'>\n\t\t\t\t<a href='https:\/\/franciscanos.org.br\/noticias\/wp-content\/uploads\/2025\/08\/NA-SUA-CASA-RIO-ELIAS.00_00_30_50.Quadro009.png'><img width=\"300\" height=\"300\" src=\"https:\/\/franciscanos.org.br\/noticias\/wp-content\/uploads\/2025\/08\/NA-SUA-CASA-RIO-ELIAS.00_00_30_50.Quadro009-300x300.png\" class=\"attachment-thumbnail size-thumbnail\" alt=\"\" loading=\"lazy\" srcset=\"https:\/\/franciscanos.org.br\/noticias\/wp-content\/uploads\/2025\/08\/NA-SUA-CASA-RIO-ELIAS.00_00_30_50.Quadro009-300x300.png 300w, https:\/\/franciscanos.org.br\/noticias\/wp-content\/uploads\/2025\/08\/NA-SUA-CASA-RIO-ELIAS.00_00_30_50.Quadro009-100x100.png 100w\" sizes=\"(max-width: 300px) 100vw, 300px\" \/><\/a>\n\t\t\t<\/dt><\/dl><br style=\"clear: both\" \/>\n\t\t<\/div>\n\n<p data-start=\"1142\" data-end=\"1598\">No in\u00edcio, a padroeira da comunidade foi Santa B\u00e1rbara, escolhida como protetora contra as tempestades e intemp\u00e9ries da \u00e9poca em que a regi\u00e3o ainda era coberta por mata fechada. No entanto, logo os fi\u00e9is decidiram assumir Nossa Senhora da Salete como padroeira, com apoio do saudoso Frei Policarpo Berri. \u201cFoi ele quem, junto com o bispo, confirmou essa mudan\u00e7a. Desde ent\u00e3o, a comunidade se fortaleceu ainda mais na devo\u00e7\u00e3o mariana\u201d, recorda Vanderlei.<\/p>\n<p data-start=\"1600\" data-end=\"1996\">O Santu\u00e1rio do Rio Elias guarda s\u00edmbolos importantes, como a representa\u00e7\u00e3o dos tr\u00eas momentos da apari\u00e7\u00e3o de Nossa Senhora em La Salete, na Fran\u00e7a, em 1846, e a tradicional fonte de \u00e1gua. \u201cEm todo santu\u00e1rio dedicado \u00e0 Nossa Senhora da Salete, existe uma fonte, porque l\u00e1 nos Alpes franceses, durante a apari\u00e7\u00e3o, brotou uma \u00e1gua. A \u00e1gua \u00e9 vida, \u00e9 sinal da presen\u00e7a de Maria entre n\u00f3s\u201d, destaca.<\/p>\n<p data-start=\"1998\" data-end=\"2395\">A Romaria tamb\u00e9m \u00e9 marcada por testemunhos de f\u00e9 e gra\u00e7as recebidas. O pr\u00f3prio Vanderlei viveu uma experi\u00eancia transformadora. \u201cH\u00e1 27 anos, sofri um acidente na lavoura e perdi a perna direita. O m\u00e9dico me disse que s\u00f3 sobrevivi por causa da f\u00e9. Desde ent\u00e3o, nunca deixei de servir nesta romaria. Enquanto Deus permitir, estarei aqui trabalhando por Nossa Senhora da Salete\u201d, afirma emocionado.<\/p>\n<p><iframe loading=\"lazy\" title=\"YouTube video player\" src=\"https:\/\/www.youtube.com\/embed\/LKIPi2lVLVw?si=vT4W0XEAeJ1oroBH\" width=\"100%\" height=\"480\" frameborder=\"0\" allowfullscreen=\"allowfullscreen\"><\/iframe><\/p>\n<p data-start=\"2397\" data-end=\"2914\">A programa\u00e7\u00e3o deste ano conta com tr\u00eas dias de tr\u00edduo preparat\u00f3rio e, no dia da festa, missas desde cedo. No dia 21 de setembro, \u00e0s 6h, ocorre a celebra\u00e7\u00e3o dedicada aos trabalhadores que atuam na organiza\u00e7\u00e3o do evento, e \u00e0s 10h acontece a missa solene, transmitida pela Rede Celinauta h\u00e1 mais de quatro d\u00e9cadas. \u201cO santu\u00e1rio \u00e9 diocesano, mas podemos dizer que tem alcance nacional, porque recebemos pessoas de v\u00e1rias partes do Brasil e at\u00e9 da Am\u00e9rica do Sul. Isso \u00e9 muito gratificante para n\u00f3s\u201d, ressalta Vanderlei.<\/p>\n<p data-start=\"2916\" data-end=\"3194\">Para a comunidade de Rio Elias, a Romaria de Nossa Senhora da Salete \u00e9 mais do que uma tradi\u00e7\u00e3o religiosa: \u00e9 uma heran\u00e7a de f\u00e9 que atravessa gera\u00e7\u00f5es, mantendo viva a esperan\u00e7a e fortalecendo a identidade de um povo que encontrou em Maria um sinal de prote\u00e7\u00e3o e perseveran\u00e7a.<\/p>\n<hr \/>\n<p><em>Produ\u00e7\u00e3o: Jonas Frozza e Marcos Souza | Texto: Frei Augusto Luiz Gabriel<\/em><\/p>\n","protected":false},"excerpt":{"rendered":"<p>Devo\u00e7\u00e3o mariana<\/p>\n","protected":false},"author":11,"featured_media":259625,"comment_status":"open","ping_status":"open","sticky":false,"template":"","format":"standard","meta":[],"categories":[1],"tags":[2003,1880,1434,2395],"acf":[],"yoast_head":"<!-- This site is optimized with the Yoast SEO plugin v19.2 - https:\/\/yoast.com\/wordpress\/plugins\/seo\/ -->\n<title>Romaria de Nossa Senhora da Salete mant\u00e9m viva a f\u00e9 h\u00e1 mais de seis d\u00e9cadas no Sudoeste do Paran\u00e1 - Not\u00edcias - Franciscanos<\/title>\n<meta name=\"robots\" content=\"index, follow, max-snippet:-1, max-image-preview:large, max-video-preview:-1\" \/>\n<link rel=\"canonical\" href=\"https:\/\/franciscanos.org.br\/noticias\/romaria-de-nossa-senhora-da-salete-mantem-viva-a-fe-ha-mais-de-seis-decadas-no-sudoeste-do-parana.html\" \/>\n<meta property=\"og:locale\" content=\"pt_BR\" \/>\n<meta property=\"og:type\" content=\"article\" \/>\n<meta property=\"og:title\" content=\"Romaria de Nossa Senhora da Salete mant\u00e9m viva a f\u00e9 h\u00e1 mais de seis d\u00e9cadas no Sudoeste do Paran\u00e1 - Not\u00edcias - Franciscanos\" \/>\n<meta property=\"og:description\" content=\"Devo\u00e7\u00e3o mariana\" \/>\n<meta property=\"og:url\" content=\"https:\/\/franciscanos.org.br\/noticias\/romaria-de-nossa-senhora-da-salete-mantem-viva-a-fe-ha-mais-de-seis-decadas-no-sudoeste-do-parana.html\" \/>\n<meta property=\"og:site_name\" content=\"Not\u00edcias - Franciscanos\" \/>\n<meta property=\"article:published_time\" content=\"2025-08-25T13:52:43+00:00\" \/>\n<meta property=\"article:modified_time\" content=\"2025-08-25T14:04:02+00:00\" \/>\n<meta property=\"og:image\" content=\"https:\/\/franciscanos.org.br\/noticias\/wp-content\/uploads\/2025\/08\/CHAMADA.jpg\" \/>\n\t<meta property=\"og:image:width\" content=\"800\" \/>\n\t<meta property=\"og:image:height\" content=\"550\" \/>\n\t<meta property=\"og:image:type\" content=\"image\/jpeg\" \/>\n<meta name=\"author\" content=\"Adriana Rabelo\" \/>\n<meta name=\"twitter:card\" content=\"summary_large_image\" \/>\n<meta name=\"twitter:label1\" content=\"Escrito por\" \/>\n\t<meta name=\"twitter:data1\" content=\"Adriana Rabelo\" \/>\n\t<meta name=\"twitter:label2\" content=\"Est. tempo de leitura\" \/>\n\t<meta name=\"twitter:data2\" content=\"3 minutos\" \/>\n<script type=\"application\/ld+json\" class=\"yoast-schema-graph\">{\"@context\":\"https:\/\/schema.org\",\"@graph\":[{\"@type\":\"WebSite\",\"@id\":\"https:\/\/franciscanos.org.br\/noticias\/#website\",\"url\":\"https:\/\/franciscanos.org.br\/noticias\/\",\"name\":\"Not\u00edcias - Franciscanos\",\"description\":\"Prov\u00edncia Franciscana da Imaculada Concei\u00e7\u00e3o do Brasil - Ordem dos Frades Menores - OFM\",\"potentialAction\":[{\"@type\":\"SearchAction\",\"target\":{\"@type\":\"EntryPoint\",\"urlTemplate\":\"https:\/\/franciscanos.org.br\/noticias\/?s={search_term_string}\"},\"query-input\":\"required name=search_term_string\"}],\"inLanguage\":\"pt-BR\"},{\"@type\":\"ImageObject\",\"inLanguage\":\"pt-BR\",\"@id\":\"https:\/\/franciscanos.org.br\/noticias\/romaria-de-nossa-senhora-da-salete-mantem-viva-a-fe-ha-mais-de-seis-decadas-no-sudoeste-do-parana.html#primaryimage\",\"url\":\"https:\/\/franciscanos.org.br\/noticias\/wp-content\/uploads\/2025\/08\/CHAMADA.jpg\",\"contentUrl\":\"https:\/\/franciscanos.org.br\/noticias\/wp-content\/uploads\/2025\/08\/CHAMADA.jpg\",\"width\":800,\"height\":550},{\"@type\":\"WebPage\",\"@id\":\"https:\/\/franciscanos.org.br\/noticias\/romaria-de-nossa-senhora-da-salete-mantem-viva-a-fe-ha-mais-de-seis-decadas-no-sudoeste-do-parana.html#webpage\",\"url\":\"https:\/\/franciscanos.org.br\/noticias\/romaria-de-nossa-senhora-da-salete-mantem-viva-a-fe-ha-mais-de-seis-decadas-no-sudoeste-do-parana.html\",\"name\":\"Romaria de Nossa Senhora da Salete mant\u00e9m viva a f\u00e9 h\u00e1 mais de seis d\u00e9cadas no Sudoeste do Paran\u00e1 - Not\u00edcias - Franciscanos\",\"isPartOf\":{\"@id\":\"https:\/\/franciscanos.org.br\/noticias\/#website\"},\"primaryImageOfPage\":{\"@id\":\"https:\/\/franciscanos.org.br\/noticias\/romaria-de-nossa-senhora-da-salete-mantem-viva-a-fe-ha-mais-de-seis-decadas-no-sudoeste-do-parana.html#primaryimage\"},\"datePublished\":\"2025-08-25T13:52:43+00:00\",\"dateModified\":\"2025-08-25T14:04:02+00:00\",\"author\":{\"@id\":\"https:\/\/franciscanos.org.br\/noticias\/#\/schema\/person\/d9422e83121c3ad3b0f423d195f5bb25\"},\"breadcrumb\":{\"@id\":\"https:\/\/franciscanos.org.br\/noticias\/romaria-de-nossa-senhora-da-salete-mantem-viva-a-fe-ha-mais-de-seis-decadas-no-sudoeste-do-parana.html#breadcrumb\"},\"inLanguage\":\"pt-BR\",\"potentialAction\":[{\"@type\":\"ReadAction\",\"target\":[\"https:\/\/franciscanos.org.br\/noticias\/romaria-de-nossa-senhora-da-salete-mantem-viva-a-fe-ha-mais-de-seis-decadas-no-sudoeste-do-parana.html\"]}]},{\"@type\":\"BreadcrumbList\",\"@id\":\"https:\/\/franciscanos.org.br\/noticias\/romaria-de-nossa-senhora-da-salete-mantem-viva-a-fe-ha-mais-de-seis-decadas-no-sudoeste-do-parana.html#breadcrumb\",\"itemListElement\":[{\"@type\":\"ListItem\",\"position\":1,\"name\":\"Home\",\"item\":\"https:\/\/franciscanos.org.br\/noticias\"},{\"@type\":\"ListItem\",\"position\":2,\"name\":\"Romaria de Nossa Senhora da Salete mant\u00e9m viva a f\u00e9 h\u00e1 mais de seis d\u00e9cadas no Sudoeste do Paran\u00e1\"}]},{\"@type\":\"Person\",\"@id\":\"https:\/\/franciscanos.org.br\/noticias\/#\/schema\/person\/d9422e83121c3ad3b0f423d195f5bb25\",\"name\":\"Adriana Rabelo\",\"image\":{\"@type\":\"ImageObject\",\"inLanguage\":\"pt-BR\",\"@id\":\"https:\/\/franciscanos.org.br\/noticias\/#\/schema\/person\/image\/\",\"url\":\"https:\/\/secure.gravatar.com\/avatar\/0a937b7500cd7df77540cfb8bede877d?s=96&d=mm&r=g\",\"contentUrl\":\"https:\/\/secure.gravatar.com\/avatar\/0a937b7500cd7df77540cfb8bede877d?s=96&d=mm&r=g\",\"caption\":\"Adriana Rabelo\"},\"url\":\"https:\/\/franciscanos.org.br\/noticias\/author\/adrianarabelo\"}]}<\/script>\n<!-- \/ Yoast SEO plugin. -->","yoast_head_json":{"title":"Romaria de Nossa Senhora da Salete mant\u00e9m viva a f\u00e9 h\u00e1 mais de seis d\u00e9cadas no Sudoeste do Paran\u00e1 - Not\u00edcias - Franciscanos","robots":{"index":"index","follow":"follow","max-snippet":"max-snippet:-1","max-image-preview":"max-image-preview:large","max-video-preview":"max-video-preview:-1"},"canonical":"https:\/\/franciscanos.org.br\/noticias\/romaria-de-nossa-senhora-da-salete-mantem-viva-a-fe-ha-mais-de-seis-decadas-no-sudoeste-do-parana.html","og_locale":"pt_BR","og_type":"article","og_title":"Romaria de Nossa Senhora da Salete mant\u00e9m viva a f\u00e9 h\u00e1 mais de seis d\u00e9cadas no Sudoeste do Paran\u00e1 - Not\u00edcias - Franciscanos","og_description":"Devo\u00e7\u00e3o mariana","og_url":"https:\/\/franciscanos.org.br\/noticias\/romaria-de-nossa-senhora-da-salete-mantem-viva-a-fe-ha-mais-de-seis-decadas-no-sudoeste-do-parana.html","og_site_name":"Not\u00edcias - Franciscanos","article_published_time":"2025-08-25T13:52:43+00:00","article_modified_time":"2025-08-25T14:04:02+00:00","og_image":[{"width":800,"height":550,"url":"https:\/\/franciscanos.org.br\/noticias\/wp-content\/uploads\/2025\/08\/CHAMADA.jpg","type":"image\/jpeg"}],"author":"Adriana Rabelo","twitter_card":"summary_large_image","twitter_misc":{"Escrito por":"Adriana Rabelo","Est. tempo de leitura":"3 minutos"},"schema":{"@context":"https:\/\/schema.org","@graph":[{"@type":"WebSite","@id":"https:\/\/franciscanos.org.br\/noticias\/#website","url":"https:\/\/franciscanos.org.br\/noticias\/","name":"Not\u00edcias - Franciscanos","description":"Prov\u00edncia Franciscana da Imaculada Concei\u00e7\u00e3o do Brasil - Ordem dos Frades Menores - OFM","potentialAction":[{"@type":"SearchAction","target":{"@type":"EntryPoint","urlTemplate":"https:\/\/franciscanos.org.br\/noticias\/?s={search_term_string}"},"query-input":"required name=search_term_string"}],"inLanguage":"pt-BR"},{"@type":"ImageObject","inLanguage":"pt-BR","@id":"https:\/\/franciscanos.org.br\/noticias\/romaria-de-nossa-senhora-da-salete-mantem-viva-a-fe-ha-mais-de-seis-decadas-no-sudoeste-do-parana.html#primaryimage","url":"https:\/\/franciscanos.org.br\/noticias\/wp-content\/uploads\/2025\/08\/CHAMADA.jpg","contentUrl":"https:\/\/franciscanos.org.br\/noticias\/wp-content\/uploads\/2025\/08\/CHAMADA.jpg","width":800,"height":550},{"@type":"WebPage","@id":"https:\/\/franciscanos.org.br\/noticias\/romaria-de-nossa-senhora-da-salete-mantem-viva-a-fe-ha-mais-de-seis-decadas-no-sudoeste-do-parana.html#webpage","url":"https:\/\/franciscanos.org.br\/noticias\/romaria-de-nossa-senhora-da-salete-mantem-viva-a-fe-ha-mais-de-seis-decadas-no-sudoeste-do-parana.html","name":"Romaria de Nossa Senhora da Salete mant\u00e9m viva a f\u00e9 h\u00e1 mais de seis d\u00e9cadas no Sudoeste do Paran\u00e1 - Not\u00edcias - Franciscanos","isPartOf":{"@id":"https:\/\/franciscanos.org.br\/noticias\/#website"},"primaryImageOfPage":{"@id":"https:\/\/franciscanos.org.br\/noticias\/romaria-de-nossa-senhora-da-salete-mantem-viva-a-fe-ha-mais-de-seis-decadas-no-sudoeste-do-parana.html#primaryimage"},"datePublished":"2025-08-25T13:52:43+00:00","dateModified":"2025-08-25T14:04:02+00:00","author":{"@id":"https:\/\/franciscanos.org.br\/noticias\/#\/schema\/person\/d9422e83121c3ad3b0f423d195f5bb25"},"breadcrumb":{"@id":"https:\/\/franciscanos.org.br\/noticias\/romaria-de-nossa-senhora-da-salete-mantem-viva-a-fe-ha-mais-de-seis-decadas-no-sudoeste-do-parana.html#breadcrumb"},"inLanguage":"pt-BR","potentialAction":[{"@type":"ReadAction","target":["https:\/\/franciscanos.org.br\/noticias\/romaria-de-nossa-senhora-da-salete-mantem-viva-a-fe-ha-mais-de-seis-decadas-no-sudoeste-do-parana.html"]}]},{"@type":"BreadcrumbList","@id":"https:\/\/franciscanos.org.br\/noticias\/romaria-de-nossa-senhora-da-salete-mantem-viva-a-fe-ha-mais-de-seis-decadas-no-sudoeste-do-parana.html#breadcrumb","itemListElement":[{"@type":"ListItem","position":1,"name":"Home","item":"https:\/\/franciscanos.org.br\/noticias"},{"@type":"ListItem","position":2,"name":"Romaria de Nossa Senhora da Salete mant\u00e9m viva a f\u00e9 h\u00e1 mais de seis d\u00e9cadas no Sudoeste do Paran\u00e1"}]},{"@type":"Person","@id":"https:\/\/franciscanos.org.br\/noticias\/#\/schema\/person\/d9422e83121c3ad3b0f423d195f5bb25","name":"Adriana Rabelo","image":{"@type":"ImageObject","inLanguage":"pt-BR","@id":"https:\/\/franciscanos.org.br\/noticias\/#\/schema\/person\/image\/","url":"https:\/\/secure.gravatar.com\/avatar\/0a937b7500cd7df77540cfb8bede877d?s=96&d=mm&r=g","contentUrl":"https:\/\/secure.gravatar.com\/avatar\/0a937b7500cd7df77540cfb8bede877d?s=96&d=mm&r=g","caption":"Adriana Rabelo"},"url":"https:\/\/franciscanos.org.br\/noticias\/author\/adrianarabelo"}]}},"_links":{"self":[{"href":"https:\/\/franciscanos.org.br\/noticias\/wp-json\/wp\/v2\/posts\/259624"}],"collection":[{"href":"https:\/\/franciscanos.org.br\/noticias\/wp-json\/wp\/v2\/posts"}],"about":[{"href":"https:\/\/franciscanos.org.br\/noticias\/wp-json\/wp\/v2\/types\/post"}],"author":[{"embeddable":true,"href":"https:\/\/franciscanos.org.br\/noticias\/wp-json\/wp\/v2\/users\/11"}],"replies":[{"embeddable":true,"href":"https:\/\/franciscanos.org.br\/noticias\/wp-json\/wp\/v2\/comments?post=259624"}],"version-history":[{"count":6,"href":"https:\/\/franciscanos.org.br\/noticias\/wp-json\/wp\/v2\/posts\/259624\/revisions"}],"predecessor-version":[{"id":259638,"href":"https:\/\/franciscanos.org.br\/noticias\/wp-json\/wp\/v2\/posts\/259624\/revisions\/259638"}],"wp:featuredmedia":[{"embeddable":true,"href":"https:\/\/franciscanos.org.br\/noticias\/wp-json\/wp\/v2\/media\/259625"}],"wp:attachment":[{"href":"https:\/\/franciscanos.org.br\/noticias\/wp-json\/wp\/v2\/media?parent=259624"}],"wp:term":[{"taxonomy":"category","embeddable":true,"href":"https:\/\/franciscanos.org.br\/noticias\/wp-json\/wp\/v2\/categories?post=259624"},{"taxonomy":"post_tag","embeddable":true,"href":"https:\/\/franciscanos.org.br\/noticias\/wp-json\/wp\/v2\/tags?post=259624"}],"curies":[{"name":"wp","href":"https:\/\/api.w.org\/{rel}","templated":true}]}}