{"id":259615,"date":"2025-08-20T08:00:25","date_gmt":"2025-08-20T11:00:25","guid":{"rendered":"https:\/\/franciscanos.org.br\/noticias\/?p=259615"},"modified":"2025-09-12T08:17:12","modified_gmt":"2025-09-12T11:17:12","slug":"papa-convida-fieis-a-viver-o-dia-22-de-agosto-em-jejum-e-oracao-pela-paz","status":"publish","type":"post","link":"https:\/\/franciscanos.org.br\/noticias\/papa-convida-fieis-a-viver-o-dia-22-de-agosto-em-jejum-e-oracao-pela-paz.html","title":{"rendered":"Papa convida fi\u00e9is a viver o dia 22 de agosto em jejum e ora\u00e7\u00e3o pela paz"},"content":{"rendered":"<p><img loading=\"lazy\" class=\"aligncenter wp-image-259618 size-full\" src=\"https:\/\/franciscanos.org.br\/noticias\/wp-content\/uploads\/2025\/08\/materia-0.png\" alt=\"\" width=\"1280\" height=\"720\" srcset=\"https:\/\/franciscanos.org.br\/noticias\/wp-content\/uploads\/2025\/08\/materia-0.png 1280w, https:\/\/franciscanos.org.br\/noticias\/wp-content\/uploads\/2025\/08\/materia-0-450x253.png 450w, https:\/\/franciscanos.org.br\/noticias\/wp-content\/uploads\/2025\/08\/materia-0-1024x576.png 1024w, https:\/\/franciscanos.org.br\/noticias\/wp-content\/uploads\/2025\/08\/materia-0-768x432.png 768w, https:\/\/franciscanos.org.br\/noticias\/wp-content\/uploads\/2025\/08\/materia-0-150x84.png 150w\" sizes=\"(max-width: 1280px) 100vw, 1280px\" \/><\/p>\n<p>Na conclus\u00e3o da Audi\u00eancia Geral desta quarta-feira, 20 de agosto, o Papa Le\u00e3o XIV lan\u00e7ou um apelo aos fi\u00e9is, recordando a celebra\u00e7\u00e3o lit\u00fargica da mem\u00f3ria da Bem-Aventurada Virgem Maria Rainha, que ser\u00e1 comemorada na pr\u00f3xima sexta-feira, 22 de agosto:<\/p>\n<p><i>\u201cMaria \u00e9 M\u00e3e dos que acreditam aqui na terra e \u00e9 invocada tamb\u00e9m como Rainha da Paz, enquanto a nossa terra continua a ser ferida por guerras na Terra Santa, na Ucr\u00e2nia e em muitas outras regi\u00f5es do mundo. <strong>Convido todos os fi\u00e9is a viverem o dia 22 de agosto em jejum e ora\u00e7\u00e3o, suplicando ao Senhor que nos conceda paz e justi\u00e7a, e que enxugue as l\u00e1grimas daqueles que sofrem por causa dos conflitos armados em curso. Maria, Rainha da Paz, interceda para que os povos encontrem o caminho da pa<\/strong>z.\u201d<\/i><\/p>\n<p>Dirigindo-se aos fi\u00e9is de l\u00edngua portuguesa, o Papa Le\u00e3o, que dedicou sua catequese ao nobre gesto de perdoar, recordou o pressuposto fundamental da conviv\u00eancia pac\u00edfica entre os povos e entre as pessoas: \u201cSem perd\u00e3o nunca haver\u00e1 paz!\u201d<\/p>\n<p>Ao saudar os peregrinos poloneses presentes em Roma, bem como aqueles vindos do Santu\u00e1rio de Nossa Senhora de Jasna G\u00f3ra, na Pol\u00f4nia, onde se conserva o \u00edcone de Nossa Senhora de Cz\u0119stochowa, pediu-lhes que \u201cincluam em suas inten\u00e7\u00f5es a s\u00faplica pelo dom da paz \u2013 desarmada e desarmante \u2013 para todo o mundo, em particular para a Ucr\u00e2nia e o Oriente M\u00e9dio\u201d.<\/p>\n<hr \/>\n<h3><img loading=\"lazy\" class=\"aligncenter wp-image-259616 size-full\" src=\"https:\/\/franciscanos.org.br\/noticias\/wp-content\/uploads\/2025\/08\/materia-1-8.png\" alt=\"\" width=\"1280\" height=\"720\" srcset=\"https:\/\/franciscanos.org.br\/noticias\/wp-content\/uploads\/2025\/08\/materia-1-8.png 1280w, https:\/\/franciscanos.org.br\/noticias\/wp-content\/uploads\/2025\/08\/materia-1-8-450x253.png 450w, https:\/\/franciscanos.org.br\/noticias\/wp-content\/uploads\/2025\/08\/materia-1-8-1024x576.png 1024w, https:\/\/franciscanos.org.br\/noticias\/wp-content\/uploads\/2025\/08\/materia-1-8-768x432.png 768w, https:\/\/franciscanos.org.br\/noticias\/wp-content\/uploads\/2025\/08\/materia-1-8-150x84.png 150w\" sizes=\"(max-width: 1280px) 100vw, 1280px\" \/><\/h3>\n<h3><\/h3>\n<h3>Le\u00e3o XIV na Audi\u00eancia Geral: perdoar n\u00e3o \u00e9 negar o mal, mas vencer com o amor<\/h3>\n<p><em>Na catequese da Audi\u00eancia Geral desta quarta-feira (20\/08), o Papa aprofundou &#8220;a arte do perd\u00e3o&#8221; com o mestre, atrav\u00e9s do &#8220;momento em que Jesus, durante a \u00daltima Ceia, oferece um peda\u00e7o de p\u00e3o \u00e0quele que est\u00e1 prestes a tra\u00ed-lo&#8221;. Atrav\u00e9s de um gesto simples, Cristo ensina que &#8220;amar significa deixar o outro livre &#8211; at\u00e9 para trair&#8221;, n\u00e3o \u00e9 negar o mal, mas venc\u00ea-lo com o amor: &#8220;mesmo que a outra pessoa n\u00e3o o aceite, mesmo que pare\u00e7a em v\u00e3o, o perd\u00e3o liberta quem o d\u00e1&#8221;.<\/em><\/p>\n<p>&#8212;&#8212;&#8212;&#8212;&#8212;&#8212;&#8212;&#8212;&#8212;&#8212;&#8212;&#8212;&#8212;<\/p>\n<p>J\u00e1 de volta ao Vaticano, depois do segundo e \u00faltimo per\u00edodo de descanso em Castel Gandolfo de onde retornou na noite desta ter\u00e7a-feira (19\/08), o Papa Le\u00e3o XIV foi acolhido pelos fi\u00e9is na mesma configura\u00e7\u00e3o da semana passada: atrav\u00e9s de tel\u00f5es na Pra\u00e7a Petriano, na Bas\u00edlica e na Pra\u00e7a S\u00e3o Pedro; e diretamente na Sala Paulo VI\u00a0com mais de 6 mil peregrinos. A catequese, focada nesta quarta-feira (20\/08) &#8220;num dos gestos mais impactantes e luminosos do Evangelho&#8221;, foi a premissa para o Pont\u00edfice aprofundar &#8220;a arte do perd\u00e3o&#8221; com o mestre, atrav\u00e9s do &#8220;momento em que Jesus, durante a \u00daltima Ceia, oferece um peda\u00e7o de p\u00e3o \u00e0quele que est\u00e1 prestes a tra\u00ed-lo&#8221;. &#8220;N\u00e3o \u00e9 apenas um gesto de partilha&#8221;, enalteceu o Papa, mas demonstra o modo de agir de Deus, com o Senhor amando at\u00e9 ao \u00faltimo momento:<\/p>\n<p><i>&#8220;Amar at\u00e9 o fim: esta \u00e9 a chave para compreender o cora\u00e7\u00e3o de Cristo. Um amor que n\u00e3o se det\u00e9m perante a rejei\u00e7\u00e3o, a desilus\u00e3o ou mesmo a ingratid\u00e3o.&#8221;<\/i><\/p>\n<h4><strong>O poder do perd\u00e3o<\/strong><\/h4>\n<p>Jesus, assim, continuou Le\u00e3o XIV, &#8220;estende o seu amor ao m\u00e1ximo&#8221;, mesmo diante da rejei\u00e7\u00e3o, da ingratid\u00e3o e de ter de suportar a trai\u00e7\u00e3o de Judas. E, em vez de se retrair e acusar, &#8220;continua a amar: lava os p\u00e9s, molha o p\u00e3o e lhe oferece&#8221;. Com o seu perd\u00e3o, o Senhor n\u00e3o fere a nossa liberdade, mas revela todo o seu poder, salvando das trevas do mal e entregando novamente \u00e0 luz do bem:<\/p>\n<p>\u201cCompreendeu que a liberdade dos outros, mesmo quando perdidos no mal, pode ainda ser alcan\u00e7ada pela luz de um gesto bondoso. Porque sabe que o verdadeiro perd\u00e3o n\u00e3o espera pelo arrependimento, mas oferece-se primeiro, como um dom gratuito, antes mesmo de ser aceito.\u201d<\/p>\n<p>&#8220;\u00c9 aqui que o perd\u00e3o se revela em todo o seu poder&#8221;, afirmou o Pont\u00edfice, atrav\u00e9s do mist\u00e9rio que &#8220;Jesus realiza por n\u00f3s&#8221;: &#8220;n\u00e3o \u00e9 fraqueza. \u00c9 a capacidade de deixar o outro livre, amando-o at\u00e9 ao fim&#8221;.\u00a0Perdoar n\u00e3o significa negar o mal, mas venc\u00ea-lo com o amor:<\/p>\n<p><i>&#8220;O Evangelho nos mostra que h\u00e1 sempre uma forma de continuar a amar, mesmo quando tudo parece irreparavelmente comprometido. Perdoar n\u00e3o significa negar o mal, mas impedir que este gere mais mal. N\u00e3o se trata de dizer que nada aconteceu, mas de fazer tudo o que \u00e9 poss\u00edvel para garantir que o ressentimento n\u00e3o dite o futuro.&#8221;<\/i><\/p>\n<h2>A gra\u00e7a de saber perdoar<\/h2>\n<p>Quando Judas sai do quarto, \u201cera noite\u201d, recordou o Papa, &#8220;mas uma luz j\u00e1 come\u00e7ou a brilhar. E ela resplandece porque Cristo permanece fiel at\u00e9 o fim, e assim o seu amor \u00e9 mais forte do que o \u00f3dio&#8221;:<\/p>\n<p><i>&#8220;Queridos irm\u00e3os e irm\u00e3s, tamb\u00e9m n\u00f3s vivemos noites dolorosas e cansativas. Noites da alma, noites de desilus\u00e3o, noites em que algu\u00e9m nos magoou ou nos traiu. Nestes momentos, a tenta\u00e7\u00e3o \u00e9 fechar-nos, proteger-nos, ripostar. Mas o Senhor nos mostra a esperan\u00e7a de que h\u00e1 sempre outro caminho. Ele nos ensina que podemos oferecer um bocado mesmo a quem nos vira as costas. Que podemos responder com o sil\u00eancio da confian\u00e7a. E que podemos seguir em frente com dignidade, sem renunciar ao amor. Pe\u00e7amos hoje a gra\u00e7a de saber perdoar, mesmo quando nos sentimos incompreendidos, mesmo quando nos sentimos abandonados. Pois \u00e9 precisamente nestas alturas que o amor pode atingir o seu auge.&#8221;<\/i><\/p>\n<h4><strong>A paz de quem perdoa<\/strong><\/h4>\n<p>O mestre Jesus, finalizou ent\u00e3o Le\u00e3o XIV, ensina com o simples e luminoso gesto de oferecer o p\u00e3o durante a \u00daltima Ceia, que &#8220;amar significa deixar o outro livre at\u00e9 para trair&#8221;. A &#8220;luz do perd\u00e3o&#8221;, mesmo diante de uma trai\u00e7\u00e3o, torna-se &#8220;uma oportunidade de salva\u00e7\u00e3o&#8221;, renovando a capacidade de amar inclusive a quem perdoa:<\/p>\n<p>\u201cMesmo que a outra pessoa n\u00e3o o aceite, mesmo que pare\u00e7a em v\u00e3o, o perd\u00e3o liberta quem o d\u00e1: dissolve o ressentimento, restabelece a paz e devolve-nos a n\u00f3s pr\u00f3prios.\u201d<\/p>\n<hr \/>\n<p><em>Andressa Collet &#8211; Vatican News<\/em><\/p>\n","protected":false},"excerpt":{"rendered":"<p>Jejum pela Paz<\/p>\n","protected":false},"author":11,"featured_media":259617,"comment_status":"open","ping_status":"open","sticky":false,"template":"","format":"standard","meta":[],"categories":[1,2410,2345],"tags":[487,2343],"acf":[],"yoast_head":"<!-- This site is optimized with the Yoast SEO plugin v19.2 - https:\/\/yoast.com\/wordpress\/plugins\/seo\/ -->\n<title>Papa convida fi\u00e9is a viver o dia 22 de agosto em jejum e ora\u00e7\u00e3o pela paz - Not\u00edcias - Franciscanos<\/title>\n<meta name=\"robots\" content=\"index, follow, max-snippet:-1, max-image-preview:large, max-video-preview:-1\" \/>\n<link rel=\"canonical\" href=\"https:\/\/franciscanos.org.br\/noticias\/papa-convida-fieis-a-viver-o-dia-22-de-agosto-em-jejum-e-oracao-pela-paz.html\" \/>\n<meta property=\"og:locale\" content=\"pt_BR\" \/>\n<meta property=\"og:type\" content=\"article\" \/>\n<meta property=\"og:title\" content=\"Papa convida fi\u00e9is a viver o dia 22 de agosto em jejum e ora\u00e7\u00e3o pela paz - Not\u00edcias - Franciscanos\" \/>\n<meta property=\"og:description\" content=\"Jejum pela Paz\" \/>\n<meta property=\"og:url\" content=\"https:\/\/franciscanos.org.br\/noticias\/papa-convida-fieis-a-viver-o-dia-22-de-agosto-em-jejum-e-oracao-pela-paz.html\" \/>\n<meta property=\"og:site_name\" content=\"Not\u00edcias - Franciscanos\" \/>\n<meta property=\"article:published_time\" content=\"2025-08-20T11:00:25+00:00\" \/>\n<meta property=\"article:modified_time\" content=\"2025-09-12T11:17:12+00:00\" \/>\n<meta property=\"og:image\" content=\"https:\/\/franciscanos.org.br\/noticias\/wp-content\/uploads\/2025\/08\/chamada-30.png\" \/>\n\t<meta property=\"og:image:width\" content=\"800\" \/>\n\t<meta property=\"og:image:height\" content=\"550\" \/>\n\t<meta property=\"og:image:type\" content=\"image\/png\" \/>\n<meta name=\"author\" content=\"Adriana Rabelo\" \/>\n<meta name=\"twitter:card\" content=\"summary_large_image\" \/>\n<meta name=\"twitter:label1\" content=\"Escrito por\" \/>\n\t<meta name=\"twitter:data1\" content=\"Adriana Rabelo\" \/>\n\t<meta name=\"twitter:label2\" content=\"Est. tempo de leitura\" \/>\n\t<meta name=\"twitter:data2\" content=\"5 minutos\" \/>\n<script type=\"application\/ld+json\" class=\"yoast-schema-graph\">{\"@context\":\"https:\/\/schema.org\",\"@graph\":[{\"@type\":\"WebSite\",\"@id\":\"https:\/\/franciscanos.org.br\/noticias\/#website\",\"url\":\"https:\/\/franciscanos.org.br\/noticias\/\",\"name\":\"Not\u00edcias - Franciscanos\",\"description\":\"Prov\u00edncia Franciscana da Imaculada Concei\u00e7\u00e3o do Brasil - Ordem dos Frades Menores - OFM\",\"potentialAction\":[{\"@type\":\"SearchAction\",\"target\":{\"@type\":\"EntryPoint\",\"urlTemplate\":\"https:\/\/franciscanos.org.br\/noticias\/?s={search_term_string}\"},\"query-input\":\"required name=search_term_string\"}],\"inLanguage\":\"pt-BR\"},{\"@type\":\"ImageObject\",\"inLanguage\":\"pt-BR\",\"@id\":\"https:\/\/franciscanos.org.br\/noticias\/papa-convida-fieis-a-viver-o-dia-22-de-agosto-em-jejum-e-oracao-pela-paz.html#primaryimage\",\"url\":\"https:\/\/franciscanos.org.br\/noticias\/wp-content\/uploads\/2025\/08\/chamada-30.png\",\"contentUrl\":\"https:\/\/franciscanos.org.br\/noticias\/wp-content\/uploads\/2025\/08\/chamada-30.png\",\"width\":800,\"height\":550},{\"@type\":\"WebPage\",\"@id\":\"https:\/\/franciscanos.org.br\/noticias\/papa-convida-fieis-a-viver-o-dia-22-de-agosto-em-jejum-e-oracao-pela-paz.html#webpage\",\"url\":\"https:\/\/franciscanos.org.br\/noticias\/papa-convida-fieis-a-viver-o-dia-22-de-agosto-em-jejum-e-oracao-pela-paz.html\",\"name\":\"Papa convida fi\u00e9is a viver o dia 22 de agosto em jejum e ora\u00e7\u00e3o pela paz - Not\u00edcias - Franciscanos\",\"isPartOf\":{\"@id\":\"https:\/\/franciscanos.org.br\/noticias\/#website\"},\"primaryImageOfPage\":{\"@id\":\"https:\/\/franciscanos.org.br\/noticias\/papa-convida-fieis-a-viver-o-dia-22-de-agosto-em-jejum-e-oracao-pela-paz.html#primaryimage\"},\"datePublished\":\"2025-08-20T11:00:25+00:00\",\"dateModified\":\"2025-09-12T11:17:12+00:00\",\"author\":{\"@id\":\"https:\/\/franciscanos.org.br\/noticias\/#\/schema\/person\/d9422e83121c3ad3b0f423d195f5bb25\"},\"breadcrumb\":{\"@id\":\"https:\/\/franciscanos.org.br\/noticias\/papa-convida-fieis-a-viver-o-dia-22-de-agosto-em-jejum-e-oracao-pela-paz.html#breadcrumb\"},\"inLanguage\":\"pt-BR\",\"potentialAction\":[{\"@type\":\"ReadAction\",\"target\":[\"https:\/\/franciscanos.org.br\/noticias\/papa-convida-fieis-a-viver-o-dia-22-de-agosto-em-jejum-e-oracao-pela-paz.html\"]}]},{\"@type\":\"BreadcrumbList\",\"@id\":\"https:\/\/franciscanos.org.br\/noticias\/papa-convida-fieis-a-viver-o-dia-22-de-agosto-em-jejum-e-oracao-pela-paz.html#breadcrumb\",\"itemListElement\":[{\"@type\":\"ListItem\",\"position\":1,\"name\":\"Home\",\"item\":\"https:\/\/franciscanos.org.br\/noticias\"},{\"@type\":\"ListItem\",\"position\":2,\"name\":\"Papa convida fi\u00e9is a viver o dia 22 de agosto em jejum e ora\u00e7\u00e3o pela paz\"}]},{\"@type\":\"Person\",\"@id\":\"https:\/\/franciscanos.org.br\/noticias\/#\/schema\/person\/d9422e83121c3ad3b0f423d195f5bb25\",\"name\":\"Adriana Rabelo\",\"image\":{\"@type\":\"ImageObject\",\"inLanguage\":\"pt-BR\",\"@id\":\"https:\/\/franciscanos.org.br\/noticias\/#\/schema\/person\/image\/\",\"url\":\"https:\/\/secure.gravatar.com\/avatar\/0a937b7500cd7df77540cfb8bede877d?s=96&d=mm&r=g\",\"contentUrl\":\"https:\/\/secure.gravatar.com\/avatar\/0a937b7500cd7df77540cfb8bede877d?s=96&d=mm&r=g\",\"caption\":\"Adriana Rabelo\"},\"url\":\"https:\/\/franciscanos.org.br\/noticias\/author\/adrianarabelo\"}]}<\/script>\n<!-- \/ Yoast SEO plugin. -->","yoast_head_json":{"title":"Papa convida fi\u00e9is a viver o dia 22 de agosto em jejum e ora\u00e7\u00e3o pela paz - Not\u00edcias - Franciscanos","robots":{"index":"index","follow":"follow","max-snippet":"max-snippet:-1","max-image-preview":"max-image-preview:large","max-video-preview":"max-video-preview:-1"},"canonical":"https:\/\/franciscanos.org.br\/noticias\/papa-convida-fieis-a-viver-o-dia-22-de-agosto-em-jejum-e-oracao-pela-paz.html","og_locale":"pt_BR","og_type":"article","og_title":"Papa convida fi\u00e9is a viver o dia 22 de agosto em jejum e ora\u00e7\u00e3o pela paz - Not\u00edcias - Franciscanos","og_description":"Jejum pela Paz","og_url":"https:\/\/franciscanos.org.br\/noticias\/papa-convida-fieis-a-viver-o-dia-22-de-agosto-em-jejum-e-oracao-pela-paz.html","og_site_name":"Not\u00edcias - Franciscanos","article_published_time":"2025-08-20T11:00:25+00:00","article_modified_time":"2025-09-12T11:17:12+00:00","og_image":[{"width":800,"height":550,"url":"https:\/\/franciscanos.org.br\/noticias\/wp-content\/uploads\/2025\/08\/chamada-30.png","type":"image\/png"}],"author":"Adriana Rabelo","twitter_card":"summary_large_image","twitter_misc":{"Escrito por":"Adriana Rabelo","Est. tempo de leitura":"5 minutos"},"schema":{"@context":"https:\/\/schema.org","@graph":[{"@type":"WebSite","@id":"https:\/\/franciscanos.org.br\/noticias\/#website","url":"https:\/\/franciscanos.org.br\/noticias\/","name":"Not\u00edcias - Franciscanos","description":"Prov\u00edncia Franciscana da Imaculada Concei\u00e7\u00e3o do Brasil - Ordem dos Frades Menores - OFM","potentialAction":[{"@type":"SearchAction","target":{"@type":"EntryPoint","urlTemplate":"https:\/\/franciscanos.org.br\/noticias\/?s={search_term_string}"},"query-input":"required name=search_term_string"}],"inLanguage":"pt-BR"},{"@type":"ImageObject","inLanguage":"pt-BR","@id":"https:\/\/franciscanos.org.br\/noticias\/papa-convida-fieis-a-viver-o-dia-22-de-agosto-em-jejum-e-oracao-pela-paz.html#primaryimage","url":"https:\/\/franciscanos.org.br\/noticias\/wp-content\/uploads\/2025\/08\/chamada-30.png","contentUrl":"https:\/\/franciscanos.org.br\/noticias\/wp-content\/uploads\/2025\/08\/chamada-30.png","width":800,"height":550},{"@type":"WebPage","@id":"https:\/\/franciscanos.org.br\/noticias\/papa-convida-fieis-a-viver-o-dia-22-de-agosto-em-jejum-e-oracao-pela-paz.html#webpage","url":"https:\/\/franciscanos.org.br\/noticias\/papa-convida-fieis-a-viver-o-dia-22-de-agosto-em-jejum-e-oracao-pela-paz.html","name":"Papa convida fi\u00e9is a viver o dia 22 de agosto em jejum e ora\u00e7\u00e3o pela paz - Not\u00edcias - Franciscanos","isPartOf":{"@id":"https:\/\/franciscanos.org.br\/noticias\/#website"},"primaryImageOfPage":{"@id":"https:\/\/franciscanos.org.br\/noticias\/papa-convida-fieis-a-viver-o-dia-22-de-agosto-em-jejum-e-oracao-pela-paz.html#primaryimage"},"datePublished":"2025-08-20T11:00:25+00:00","dateModified":"2025-09-12T11:17:12+00:00","author":{"@id":"https:\/\/franciscanos.org.br\/noticias\/#\/schema\/person\/d9422e83121c3ad3b0f423d195f5bb25"},"breadcrumb":{"@id":"https:\/\/franciscanos.org.br\/noticias\/papa-convida-fieis-a-viver-o-dia-22-de-agosto-em-jejum-e-oracao-pela-paz.html#breadcrumb"},"inLanguage":"pt-BR","potentialAction":[{"@type":"ReadAction","target":["https:\/\/franciscanos.org.br\/noticias\/papa-convida-fieis-a-viver-o-dia-22-de-agosto-em-jejum-e-oracao-pela-paz.html"]}]},{"@type":"BreadcrumbList","@id":"https:\/\/franciscanos.org.br\/noticias\/papa-convida-fieis-a-viver-o-dia-22-de-agosto-em-jejum-e-oracao-pela-paz.html#breadcrumb","itemListElement":[{"@type":"ListItem","position":1,"name":"Home","item":"https:\/\/franciscanos.org.br\/noticias"},{"@type":"ListItem","position":2,"name":"Papa convida fi\u00e9is a viver o dia 22 de agosto em jejum e ora\u00e7\u00e3o pela paz"}]},{"@type":"Person","@id":"https:\/\/franciscanos.org.br\/noticias\/#\/schema\/person\/d9422e83121c3ad3b0f423d195f5bb25","name":"Adriana Rabelo","image":{"@type":"ImageObject","inLanguage":"pt-BR","@id":"https:\/\/franciscanos.org.br\/noticias\/#\/schema\/person\/image\/","url":"https:\/\/secure.gravatar.com\/avatar\/0a937b7500cd7df77540cfb8bede877d?s=96&d=mm&r=g","contentUrl":"https:\/\/secure.gravatar.com\/avatar\/0a937b7500cd7df77540cfb8bede877d?s=96&d=mm&r=g","caption":"Adriana Rabelo"},"url":"https:\/\/franciscanos.org.br\/noticias\/author\/adrianarabelo"}]}},"_links":{"self":[{"href":"https:\/\/franciscanos.org.br\/noticias\/wp-json\/wp\/v2\/posts\/259615"}],"collection":[{"href":"https:\/\/franciscanos.org.br\/noticias\/wp-json\/wp\/v2\/posts"}],"about":[{"href":"https:\/\/franciscanos.org.br\/noticias\/wp-json\/wp\/v2\/types\/post"}],"author":[{"embeddable":true,"href":"https:\/\/franciscanos.org.br\/noticias\/wp-json\/wp\/v2\/users\/11"}],"replies":[{"embeddable":true,"href":"https:\/\/franciscanos.org.br\/noticias\/wp-json\/wp\/v2\/comments?post=259615"}],"version-history":[{"count":3,"href":"https:\/\/franciscanos.org.br\/noticias\/wp-json\/wp\/v2\/posts\/259615\/revisions"}],"predecessor-version":[{"id":259621,"href":"https:\/\/franciscanos.org.br\/noticias\/wp-json\/wp\/v2\/posts\/259615\/revisions\/259621"}],"wp:featuredmedia":[{"embeddable":true,"href":"https:\/\/franciscanos.org.br\/noticias\/wp-json\/wp\/v2\/media\/259617"}],"wp:attachment":[{"href":"https:\/\/franciscanos.org.br\/noticias\/wp-json\/wp\/v2\/media?parent=259615"}],"wp:term":[{"taxonomy":"category","embeddable":true,"href":"https:\/\/franciscanos.org.br\/noticias\/wp-json\/wp\/v2\/categories?post=259615"},{"taxonomy":"post_tag","embeddable":true,"href":"https:\/\/franciscanos.org.br\/noticias\/wp-json\/wp\/v2\/tags?post=259615"}],"curies":[{"name":"wp","href":"https:\/\/api.w.org\/{rel}","templated":true}]}}