{"id":259601,"date":"2025-08-21T15:19:16","date_gmt":"2025-08-21T18:19:16","guid":{"rendered":"https:\/\/franciscanos.org.br\/noticias\/?p=259601"},"modified":"2025-08-21T15:23:31","modified_gmt":"2025-08-21T18:23:31","slug":"encontro-regional-do-espirito-santo-marca-com-missa-os-350-anos-da-provincia","status":"publish","type":"post","link":"https:\/\/franciscanos.org.br\/noticias\/encontro-regional-do-espirito-santo-marca-com-missa-os-350-anos-da-provincia.html","title":{"rendered":"Encontro Regional do Esp\u00edrito Santo marca, com Missa, os 350 anos da Prov\u00edncia"},"content":{"rendered":"<p><img loading=\"lazy\" class=\"aligncenter wp-image-259603 size-full\" src=\"https:\/\/franciscanos.org.br\/noticias\/wp-content\/uploads\/2025\/08\/materia-2-11.png\" alt=\"\" width=\"1280\" height=\"720\" srcset=\"https:\/\/franciscanos.org.br\/noticias\/wp-content\/uploads\/2025\/08\/materia-2-11.png 1280w, https:\/\/franciscanos.org.br\/noticias\/wp-content\/uploads\/2025\/08\/materia-2-11-450x253.png 450w, https:\/\/franciscanos.org.br\/noticias\/wp-content\/uploads\/2025\/08\/materia-2-11-1024x576.png 1024w, https:\/\/franciscanos.org.br\/noticias\/wp-content\/uploads\/2025\/08\/materia-2-11-768x432.png 768w, https:\/\/franciscanos.org.br\/noticias\/wp-content\/uploads\/2025\/08\/materia-2-11-150x84.png 150w\" sizes=\"(max-width: 1280px) 100vw, 1280px\" \/><\/p>\n<p>Na noite de 17 de agosto, o Regional do Esp\u00edrito Santo, junto \u00e0 comunidade, reuniu-se no Santu\u00e1rio Divino Esp\u00edrito Santo, em Vila Velha (ES), para a Santa Missa em a\u00e7\u00e3o de gra\u00e7as pelo Jubileu dos 350 anos da Prov\u00edncia da Imaculada Concei\u00e7\u00e3o do Brasil, presente em terras capixabas, nos estados de Santa Catarina, Paran\u00e1, S\u00e3o Paulo e Rio de Janeiro, bem como na miss\u00e3o da Funda\u00e7\u00e3o Imaculada M\u00e3e de Deus de Angola (FIMDA).<\/p>\n<p>Foi no dia 15 de julho de 1675 que o Papa Clemente X, mediante a Bula Pastoralis Officii, erigiu oficialmente a Prov\u00edncia da Imaculada Concei\u00e7\u00e3o do Brasil, desmembrada da Prov\u00edncia de Santo Ant\u00f4nio do Brasil, esta erigida como Prov\u00edncia no dia 24 de agosto de 1657.<\/p>\n<p>A Prov\u00edncia da Imaculada Concei\u00e7\u00e3o do Brasil, ao ser criada, contava com dez conventos. O mais antigo era o Convento de S\u00e3o Francisco, em Vit\u00f3ria (ES), constru\u00eddo em 1591. Atualmente, restam apenas parte da fachada e algumas ru\u00ednas, no local onde hoje funciona a C\u00faria da Arquidiocese de Vit\u00f3ria.\u00a0 O segundo convento, sem d\u00favida o mais importante da ent\u00e3o rec\u00e9m-criada Prov\u00edncia, \u00e9 o Convento de Santo Ant\u00f4nio, no Rio de Janeiro, erguido em 1608. Durante dois s\u00e9culos, foi a sede provincial e o principal centro de forma\u00e7\u00e3o dos frades nos estudos de Filosofia e Teologia, chegando a abrigar uma das mais ricas bibliotecas do Brasil.<\/p>\n\n\t\t<style type=\"text\/css\">\n\t\t\t#gallery-1 {\n\t\t\t\tmargin: auto;\n\t\t\t}\n\t\t\t#gallery-1 .gallery-item {\n\t\t\t\tfloat: left;\n\t\t\t\tmargin-top: 10px;\n\t\t\t\ttext-align: center;\n\t\t\t\twidth: 33%;\n\t\t\t}\n\t\t\t#gallery-1 img {\n\t\t\t\tborder: 2px solid #cfcfcf;\n\t\t\t}\n\t\t\t#gallery-1 .gallery-caption {\n\t\t\t\tmargin-left: 0;\n\t\t\t}\n\t\t\t\/* see gallery_shortcode() in wp-includes\/media.php *\/\n\t\t<\/style>\n\t\t<div id='gallery-1' class='gallery galleryid-259601 gallery-columns-3 gallery-size-thumbnail'><dl class='gallery-item'>\n\t\t\t<dt class='gallery-icon landscape'>\n\t\t\t\t<a href='https:\/\/franciscanos.org.br\/noticias\/wp-content\/uploads\/2025\/08\/Missa-pelos-350-anos-da-Provincia-no-Santuario-de-Vila-Ve-10.jpg'><img width=\"300\" height=\"300\" src=\"https:\/\/franciscanos.org.br\/noticias\/wp-content\/uploads\/2025\/08\/Missa-pelos-350-anos-da-Provincia-no-Santuario-de-Vila-Ve-10-300x300.jpg\" class=\"attachment-thumbnail size-thumbnail\" alt=\"\" loading=\"lazy\" srcset=\"https:\/\/franciscanos.org.br\/noticias\/wp-content\/uploads\/2025\/08\/Missa-pelos-350-anos-da-Provincia-no-Santuario-de-Vila-Ve-10-300x300.jpg 300w, https:\/\/franciscanos.org.br\/noticias\/wp-content\/uploads\/2025\/08\/Missa-pelos-350-anos-da-Provincia-no-Santuario-de-Vila-Ve-10-100x100.jpg 100w\" sizes=\"(max-width: 300px) 100vw, 300px\" \/><\/a>\n\t\t\t<\/dt><\/dl><dl class='gallery-item'>\n\t\t\t<dt class='gallery-icon landscape'>\n\t\t\t\t<a href='https:\/\/franciscanos.org.br\/noticias\/wp-content\/uploads\/2025\/08\/Missa-pelos-350-anos-da-Provincia-no-Santuario-de-Vila-Vel-4.jpg'><img width=\"300\" height=\"300\" src=\"https:\/\/franciscanos.org.br\/noticias\/wp-content\/uploads\/2025\/08\/Missa-pelos-350-anos-da-Provincia-no-Santuario-de-Vila-Vel-4-300x300.jpg\" class=\"attachment-thumbnail size-thumbnail\" alt=\"\" loading=\"lazy\" srcset=\"https:\/\/franciscanos.org.br\/noticias\/wp-content\/uploads\/2025\/08\/Missa-pelos-350-anos-da-Provincia-no-Santuario-de-Vila-Vel-4-300x300.jpg 300w, https:\/\/franciscanos.org.br\/noticias\/wp-content\/uploads\/2025\/08\/Missa-pelos-350-anos-da-Provincia-no-Santuario-de-Vila-Vel-4-100x100.jpg 100w\" sizes=\"(max-width: 300px) 100vw, 300px\" \/><\/a>\n\t\t\t<\/dt><\/dl><dl class='gallery-item'>\n\t\t\t<dt class='gallery-icon landscape'>\n\t\t\t\t<a href='https:\/\/franciscanos.org.br\/noticias\/wp-content\/uploads\/2025\/08\/Missa-pelos-350-anos-da-Provincia-no-Santuario-de-Vila-Vel-7.jpg'><img width=\"300\" height=\"300\" src=\"https:\/\/franciscanos.org.br\/noticias\/wp-content\/uploads\/2025\/08\/Missa-pelos-350-anos-da-Provincia-no-Santuario-de-Vila-Vel-7-300x300.jpg\" class=\"attachment-thumbnail size-thumbnail\" alt=\"\" loading=\"lazy\" srcset=\"https:\/\/franciscanos.org.br\/noticias\/wp-content\/uploads\/2025\/08\/Missa-pelos-350-anos-da-Provincia-no-Santuario-de-Vila-Vel-7-300x300.jpg 300w, https:\/\/franciscanos.org.br\/noticias\/wp-content\/uploads\/2025\/08\/Missa-pelos-350-anos-da-Provincia-no-Santuario-de-Vila-Vel-7-100x100.jpg 100w\" sizes=\"(max-width: 300px) 100vw, 300px\" \/><\/a>\n\t\t\t<\/dt><\/dl><br style=\"clear: both\" \/>\n\t\t<\/div>\n\n<p>Para celebrar este momento hist\u00f3rico e especial, est\u00e3o sendo realizadas celebra\u00e7\u00f5es em todos os regionais das fraternidades, de modo que todos possam elevar a Deus preces de gratid\u00e3o pela longevidade e, principalmente, pela atua\u00e7\u00e3o important\u00edssima dos franciscanos desde o in\u00edcio do Brasil, afinal, foram os frades que trouxeram para o Brasil, em 1500 a f\u00e9 cat\u00f3lica, tendo sido tamb\u00e9m um frade o primeiro a celebrar uma Missa na ent\u00e3o Terra de Santa Cruz.<\/p>\n<p>Ao longo dos s\u00e9culos, a Prov\u00edncia enfrentou muitos desafios, mesmo assim, resistiu \u00e0s dificuldades, se sustentando pela gra\u00e7a de Deus e pela for\u00e7a do carisma de S\u00e3o Francisco de Assis, foi restaurada em 1875, retomando com vigor sua miss\u00e3o de evangelizar e servir ao povo brasileiro. Hoje, mais de 60 fraternidades e cerca de 350 frades comp\u00f5em o territ\u00f3rio provincial. Sua vida e miss\u00e3o continuam marcadas pelo compromisso de viver e anunciar o Evangelho na simplicidade, na fraternidade e na dedica\u00e7\u00e3o aos mais pobres e necessitados.<\/p>\n<p><img loading=\"lazy\" class=\"aligncenter wp-image-259608 size-full\" src=\"https:\/\/franciscanos.org.br\/noticias\/wp-content\/uploads\/2025\/08\/materia-3-9.png\" alt=\"\" width=\"1280\" height=\"720\" srcset=\"https:\/\/franciscanos.org.br\/noticias\/wp-content\/uploads\/2025\/08\/materia-3-9.png 1280w, https:\/\/franciscanos.org.br\/noticias\/wp-content\/uploads\/2025\/08\/materia-3-9-450x253.png 450w, https:\/\/franciscanos.org.br\/noticias\/wp-content\/uploads\/2025\/08\/materia-3-9-1024x576.png 1024w, https:\/\/franciscanos.org.br\/noticias\/wp-content\/uploads\/2025\/08\/materia-3-9-768x432.png 768w, https:\/\/franciscanos.org.br\/noticias\/wp-content\/uploads\/2025\/08\/materia-3-9-150x84.png 150w\" sizes=\"(max-width: 1280px) 100vw, 1280px\" \/><\/p>\n<p>Na homilia, o Ministro provincial agradeceu pela beleza do encontro com os confrades. \u201cA nossa fraternidade \u00e9 um dom bonito: reunir todos os freis nessa celebra\u00e7\u00e3o \u00e9 uma gra\u00e7a. Muito obrigado pelo esfor\u00e7o, pela viv\u00eancia fiel e pelo servi\u00e7o que voc\u00eas se disp\u00f5em a prestar ao povo que sobe ao convento com fidelidade, com devo\u00e7\u00e3o, com piedade, para celebrar a Eucaristia e receber a b\u00ean\u00e7\u00e3o do perd\u00e3o.\u00a0 Agrade\u00e7o tamb\u00e9m aos frades de Colatina e desta par\u00f3quia de Nossa Senhora do Ros\u00e1rio, que, por meio da anima\u00e7\u00e3o pastoral, imprimem um jeito franciscano de viver o Evangelho. \u00a0\u00c9 isso que n\u00f3s celebramos hoje: os 350 anos da nossa fraternidade provincial. \u00a0Trezentos e cinquenta anos \u00e9 uma hist\u00f3ria feita por homens que, n\u00e3o guardando nada para si mesmos, quiseram e querem ainda evangelizar e viver o Evangelho\u201d.<\/p>\n<p>E continuou: \u201c\u00c9 uma hist\u00f3ria bonita, que precisa de ser lembrada com gratid\u00e3o. Mas n\u00e3o apenas olhando para tr\u00e1s, projetando futuros, projetando manh\u00e3s alvissareiras. Queremos participar da vida do povo, chorar com os que choram, nos alegrarmos com os que se alegram, ter presente que Deus cumpre o que Ele diz, partilhar as dores e as esperan\u00e7as, construir caminho de paz, de verdade, de justi\u00e7a, de bondade. E n\u00f3s temos o privil\u00e9gio de contar com tantas pessoas que nos permitem sermos irm\u00e3os de caminhada. Nossa fraternidade quer ser irm\u00e3 de todos os que nos permitem caminhar, seja a partir do convento da Penha, seja a partir da par\u00f3quia Santa Clara, l\u00e1 em Colatina, seja a partir desta par\u00f3quia Nossa Senhora do Ros\u00e1rio, aqui em Vila Velha. Ent\u00e3o, neste dia de festa, de solenidade, trago gratid\u00e3o em nome de todos os frades, e aqui sa\u00fado o Frei Gilberto, que faz parte do nosso Conselho Provincial, todos os frades da nossa prov\u00edncia, os que j\u00e1 passaram por aqui, e at\u00e9 aqueles que desejam um dia estar aqui. Somos gratos ao povo do Esp\u00edrito Santo por nos aceitarem como irm\u00e3os de caminhada. Muito, muito obrigado! Rezem por n\u00f3s, corrijam-nos com caridade fraterna, orientem-nos, cuidem de n\u00f3s, e n\u00f3s queremos tamb\u00e9m fazer parte deste cuidado, tomar parte neste cuidado. N\u00f3s queremos e somos muito gratos por esta hist\u00f3ria\u201d, destacou Frei Paulo.<\/p>\n\n\t\t<style type=\"text\/css\">\n\t\t\t#gallery-2 {\n\t\t\t\tmargin: auto;\n\t\t\t}\n\t\t\t#gallery-2 .gallery-item {\n\t\t\t\tfloat: left;\n\t\t\t\tmargin-top: 10px;\n\t\t\t\ttext-align: center;\n\t\t\t\twidth: 33%;\n\t\t\t}\n\t\t\t#gallery-2 img {\n\t\t\t\tborder: 2px solid #cfcfcf;\n\t\t\t}\n\t\t\t#gallery-2 .gallery-caption {\n\t\t\t\tmargin-left: 0;\n\t\t\t}\n\t\t\t\/* see gallery_shortcode() in wp-includes\/media.php *\/\n\t\t<\/style>\n\t\t<div id='gallery-2' class='gallery galleryid-259601 gallery-columns-3 gallery-size-thumbnail'><dl class='gallery-item'>\n\t\t\t<dt class='gallery-icon landscape'>\n\t\t\t\t<a href='https:\/\/franciscanos.org.br\/noticias\/wp-content\/uploads\/2025\/08\/Missa-pelos-350-anos-da-Provincia-no-Santuario-de-Vila-Ve-12.jpg'><img width=\"300\" height=\"300\" src=\"https:\/\/franciscanos.org.br\/noticias\/wp-content\/uploads\/2025\/08\/Missa-pelos-350-anos-da-Provincia-no-Santuario-de-Vila-Ve-12-300x300.jpg\" class=\"attachment-thumbnail size-thumbnail\" alt=\"\" loading=\"lazy\" srcset=\"https:\/\/franciscanos.org.br\/noticias\/wp-content\/uploads\/2025\/08\/Missa-pelos-350-anos-da-Provincia-no-Santuario-de-Vila-Ve-12-300x300.jpg 300w, https:\/\/franciscanos.org.br\/noticias\/wp-content\/uploads\/2025\/08\/Missa-pelos-350-anos-da-Provincia-no-Santuario-de-Vila-Ve-12-100x100.jpg 100w\" sizes=\"(max-width: 300px) 100vw, 300px\" \/><\/a>\n\t\t\t<\/dt><\/dl><dl class='gallery-item'>\n\t\t\t<dt class='gallery-icon landscape'>\n\t\t\t\t<a href='https:\/\/franciscanos.org.br\/noticias\/wp-content\/uploads\/2025\/08\/Missa-pelos-350-anos-da-Provincia-no-Santuario-de-Vila-Vel-2.jpg'><img width=\"300\" height=\"300\" src=\"https:\/\/franciscanos.org.br\/noticias\/wp-content\/uploads\/2025\/08\/Missa-pelos-350-anos-da-Provincia-no-Santuario-de-Vila-Vel-2-300x300.jpg\" class=\"attachment-thumbnail size-thumbnail\" alt=\"\" loading=\"lazy\" srcset=\"https:\/\/franciscanos.org.br\/noticias\/wp-content\/uploads\/2025\/08\/Missa-pelos-350-anos-da-Provincia-no-Santuario-de-Vila-Vel-2-300x300.jpg 300w, https:\/\/franciscanos.org.br\/noticias\/wp-content\/uploads\/2025\/08\/Missa-pelos-350-anos-da-Provincia-no-Santuario-de-Vila-Vel-2-100x100.jpg 100w\" sizes=\"(max-width: 300px) 100vw, 300px\" \/><\/a>\n\t\t\t<\/dt><\/dl><dl class='gallery-item'>\n\t\t\t<dt class='gallery-icon landscape'>\n\t\t\t\t<a href='https:\/\/franciscanos.org.br\/noticias\/wp-content\/uploads\/2025\/08\/Missa-pelos-350-anos-da-Provincia-no-Santuario-de-Vila-Vel-8.jpg'><img width=\"300\" height=\"300\" src=\"https:\/\/franciscanos.org.br\/noticias\/wp-content\/uploads\/2025\/08\/Missa-pelos-350-anos-da-Provincia-no-Santuario-de-Vila-Vel-8-300x300.jpg\" class=\"attachment-thumbnail size-thumbnail\" alt=\"\" loading=\"lazy\" srcset=\"https:\/\/franciscanos.org.br\/noticias\/wp-content\/uploads\/2025\/08\/Missa-pelos-350-anos-da-Provincia-no-Santuario-de-Vila-Vel-8-300x300.jpg 300w, https:\/\/franciscanos.org.br\/noticias\/wp-content\/uploads\/2025\/08\/Missa-pelos-350-anos-da-Provincia-no-Santuario-de-Vila-Vel-8-100x100.jpg 100w\" sizes=\"(max-width: 300px) 100vw, 300px\" \/><\/a>\n\t\t\t<\/dt><\/dl><br style=\"clear: both\" \/>\n\t\t<\/div>\n\n<p>Sobre a Solenidade da Assun\u00e7\u00e3o de Maria, o frade disse que \u00e9 preciso \u201cmirar o c\u00e9u\u201d, porque todos s\u00e3o feitos de c\u00e9u e de gl\u00f3ria. \u201cQueremos dirigir o nosso olhar e mirar os c\u00e9us, a gl\u00f3ria, pois \u00e9 dela que somos feitos. Embora a fragilidade do nosso corpo, embora a fragilidade dos nossos passos pare\u00e7a ser a nossa marca e pare\u00e7a ser a nossa trag\u00e9dia, n\u00e3o. Somos feitos de c\u00e9u, e \u00e9 para l\u00e1 que n\u00f3s vamos. \u00c9 para o c\u00e9u, meu caro irm\u00e3o, minha cara irm\u00e3, \u00e9 para o c\u00e9u. N\u00f3s somos feitos de c\u00e9u. N\u00f3s somos feitos de gl\u00f3ria. E a nossa vida fr\u00e1gil, a nossa vida limitada, carente, ela \u00e9 cheia da gra\u00e7a do Senhor que nos leva para o c\u00e9u. Por isso, ter os olhos fixos no Senhor. Ter os olhos fixos no c\u00e9u, onde Deus est\u00e1. E evidentemente que esta mirada confiante na dire\u00e7\u00e3o do c\u00e9u n\u00e3o deve desconsiderar a vida que n\u00f3s temos na terra. Por isso, o texto do Evangelho que n\u00f3s ouvimos, ele traz esta chave. Ele nos possibilita enxergar assim e cantar como Maria\u201d, disse.<\/p>\n<p>\u201cQuando, a partir do di\u00e1logo com sua prima Isabel, acontece o encontro das duas crian\u00e7as ainda nos ventres de suas m\u00e3es, vemos ali o encontro da promessa de Deus com o seu cumprimento. \u00c9 um encontro fecundo: Deus cumpre o que Ele diz. E, a partir dessa experi\u00eancia e dessa convic\u00e7\u00e3o confirmada, Nossa Senhora entoa o c\u00e2ntico: \u2018Minha alma engrandece o Senhor, meu esp\u00edrito exulta em Deus, meu Salvador. \u2019 Como nos recorda Frei Clar\u00eancio em seu livro \u2014 que, ali\u00e1s, recomendo a todos que ainda n\u00e3o leram \u2014 esse c\u00e2ntico de Maria retoma as convic\u00e7\u00f5es do Primeiro Testamento e nos faz perceber a a\u00e7\u00e3o de Deus na hist\u00f3ria, no hoje da vida de todos que creem e desejam ser fi\u00e9is a Ele. Deus age em nossa hist\u00f3ria, transforma nossa hist\u00f3ria, compromete-nos com a revers\u00e3o das situa\u00e7\u00f5es de injusti\u00e7a, de maldade, de fome, de abandono e de aprisionamento. Ele vem em nosso socorro, vem ao encontro de nossas fragilidades; por isso, nossa alma, feita de c\u00e9u, pode exultar o Senhor. E \u00e9 isso que celebramos: a vida que j\u00e1 tem gosto de c\u00e9u. Podemos experimentar esse c\u00e9u aqui e agora, a partir de gestos bem concretos. N\u00e3o posso deixar de recordar uma feliz coincid\u00eancia: na \u00faltima vez em que presidi missa nesta igreja, j\u00e1 faz algum tempo, vi uma cadeira fruto da pastoral que recolhe tampinhas e as transforma em solidariedade, em gesto concreto. Hoje, j\u00e1 n\u00e3o \u00e9 a primeira, mas a oitava cadeira de rodas conquistada. Um gesto de cuidado com a natureza \u2014 ao preservar o ambiente e reciclar materiais \u2014 que brota de um cora\u00e7\u00e3o solid\u00e1rio. Pequenos gestos assim revelam nossa f\u00e9 em Deus e nos lembram que Ele cuida de n\u00f3s e nos chama a cuidar uns dos outros\u201d, finalizou Frei Paulo\u201d.<\/p>\n<p><iframe loading=\"lazy\" title=\"YouTube video player\" src=\"https:\/\/www.youtube.com\/embed\/E-xuDTbz_yA?si=mE24MQEG9-dMYhLC\" width=\"100%\" height=\"480\" frameborder=\"0\" allowfullscreen=\"allowfullscreen\"><span data-mce-type=\"bookmark\" style=\"display: inline-block; width: 0px; overflow: hidden; line-height: 0;\" class=\"mce_SELRES_start\">\ufeff<\/span><\/iframe><\/p>\n<hr \/>\n<p><em>Cristian Oliveira (ASCOM)<\/em><\/p>\n","protected":false},"excerpt":{"rendered":"<p>Jubileu 350 anos<\/p>\n","protected":false},"author":11,"featured_media":259602,"comment_status":"open","ping_status":"open","sticky":false,"template":"","format":"standard","meta":[],"categories":[1],"tags":[2314,2402,2273,231],"acf":[],"yoast_head":"<!-- This site is optimized with the Yoast SEO plugin v19.2 - https:\/\/yoast.com\/wordpress\/plugins\/seo\/ -->\n<title>Encontro Regional do Esp\u00edrito Santo marca, com Missa, os 350 anos da Prov\u00edncia - Not\u00edcias - Franciscanos<\/title>\n<meta name=\"robots\" content=\"index, follow, max-snippet:-1, max-image-preview:large, max-video-preview:-1\" \/>\n<link rel=\"canonical\" href=\"https:\/\/franciscanos.org.br\/noticias\/encontro-regional-do-espirito-santo-marca-com-missa-os-350-anos-da-provincia.html\" \/>\n<meta property=\"og:locale\" content=\"pt_BR\" \/>\n<meta property=\"og:type\" content=\"article\" \/>\n<meta property=\"og:title\" content=\"Encontro Regional do Esp\u00edrito Santo marca, com Missa, os 350 anos da Prov\u00edncia - Not\u00edcias - Franciscanos\" \/>\n<meta property=\"og:description\" content=\"Jubileu 350 anos\" \/>\n<meta property=\"og:url\" content=\"https:\/\/franciscanos.org.br\/noticias\/encontro-regional-do-espirito-santo-marca-com-missa-os-350-anos-da-provincia.html\" \/>\n<meta property=\"og:site_name\" content=\"Not\u00edcias - Franciscanos\" \/>\n<meta property=\"article:published_time\" content=\"2025-08-21T18:19:16+00:00\" \/>\n<meta property=\"article:modified_time\" content=\"2025-08-21T18:23:31+00:00\" \/>\n<meta property=\"og:image\" content=\"https:\/\/franciscanos.org.br\/noticias\/wp-content\/uploads\/2025\/08\/Chamada-29.png\" \/>\n\t<meta property=\"og:image:width\" content=\"800\" \/>\n\t<meta property=\"og:image:height\" content=\"550\" \/>\n\t<meta property=\"og:image:type\" content=\"image\/png\" \/>\n<meta name=\"author\" content=\"Adriana Rabelo\" \/>\n<meta name=\"twitter:card\" content=\"summary_large_image\" \/>\n<meta name=\"twitter:label1\" content=\"Escrito por\" \/>\n\t<meta name=\"twitter:data1\" content=\"Adriana Rabelo\" \/>\n\t<meta name=\"twitter:label2\" content=\"Est. tempo de leitura\" \/>\n\t<meta name=\"twitter:data2\" content=\"7 minutos\" \/>\n<script type=\"application\/ld+json\" class=\"yoast-schema-graph\">{\"@context\":\"https:\/\/schema.org\",\"@graph\":[{\"@type\":\"WebSite\",\"@id\":\"https:\/\/franciscanos.org.br\/noticias\/#website\",\"url\":\"https:\/\/franciscanos.org.br\/noticias\/\",\"name\":\"Not\u00edcias - Franciscanos\",\"description\":\"Prov\u00edncia Franciscana da Imaculada Concei\u00e7\u00e3o do Brasil - Ordem dos Frades Menores - OFM\",\"potentialAction\":[{\"@type\":\"SearchAction\",\"target\":{\"@type\":\"EntryPoint\",\"urlTemplate\":\"https:\/\/franciscanos.org.br\/noticias\/?s={search_term_string}\"},\"query-input\":\"required name=search_term_string\"}],\"inLanguage\":\"pt-BR\"},{\"@type\":\"ImageObject\",\"inLanguage\":\"pt-BR\",\"@id\":\"https:\/\/franciscanos.org.br\/noticias\/encontro-regional-do-espirito-santo-marca-com-missa-os-350-anos-da-provincia.html#primaryimage\",\"url\":\"https:\/\/franciscanos.org.br\/noticias\/wp-content\/uploads\/2025\/08\/Chamada-29.png\",\"contentUrl\":\"https:\/\/franciscanos.org.br\/noticias\/wp-content\/uploads\/2025\/08\/Chamada-29.png\",\"width\":800,\"height\":550},{\"@type\":\"WebPage\",\"@id\":\"https:\/\/franciscanos.org.br\/noticias\/encontro-regional-do-espirito-santo-marca-com-missa-os-350-anos-da-provincia.html#webpage\",\"url\":\"https:\/\/franciscanos.org.br\/noticias\/encontro-regional-do-espirito-santo-marca-com-missa-os-350-anos-da-provincia.html\",\"name\":\"Encontro Regional do Esp\u00edrito Santo marca, com Missa, os 350 anos da Prov\u00edncia - Not\u00edcias - Franciscanos\",\"isPartOf\":{\"@id\":\"https:\/\/franciscanos.org.br\/noticias\/#website\"},\"primaryImageOfPage\":{\"@id\":\"https:\/\/franciscanos.org.br\/noticias\/encontro-regional-do-espirito-santo-marca-com-missa-os-350-anos-da-provincia.html#primaryimage\"},\"datePublished\":\"2025-08-21T18:19:16+00:00\",\"dateModified\":\"2025-08-21T18:23:31+00:00\",\"author\":{\"@id\":\"https:\/\/franciscanos.org.br\/noticias\/#\/schema\/person\/d9422e83121c3ad3b0f423d195f5bb25\"},\"breadcrumb\":{\"@id\":\"https:\/\/franciscanos.org.br\/noticias\/encontro-regional-do-espirito-santo-marca-com-missa-os-350-anos-da-provincia.html#breadcrumb\"},\"inLanguage\":\"pt-BR\",\"potentialAction\":[{\"@type\":\"ReadAction\",\"target\":[\"https:\/\/franciscanos.org.br\/noticias\/encontro-regional-do-espirito-santo-marca-com-missa-os-350-anos-da-provincia.html\"]}]},{\"@type\":\"BreadcrumbList\",\"@id\":\"https:\/\/franciscanos.org.br\/noticias\/encontro-regional-do-espirito-santo-marca-com-missa-os-350-anos-da-provincia.html#breadcrumb\",\"itemListElement\":[{\"@type\":\"ListItem\",\"position\":1,\"name\":\"Home\",\"item\":\"https:\/\/franciscanos.org.br\/noticias\"},{\"@type\":\"ListItem\",\"position\":2,\"name\":\"Encontro Regional do Esp\u00edrito Santo marca, com Missa, os 350 anos da Prov\u00edncia\"}]},{\"@type\":\"Person\",\"@id\":\"https:\/\/franciscanos.org.br\/noticias\/#\/schema\/person\/d9422e83121c3ad3b0f423d195f5bb25\",\"name\":\"Adriana Rabelo\",\"image\":{\"@type\":\"ImageObject\",\"inLanguage\":\"pt-BR\",\"@id\":\"https:\/\/franciscanos.org.br\/noticias\/#\/schema\/person\/image\/\",\"url\":\"https:\/\/secure.gravatar.com\/avatar\/0a937b7500cd7df77540cfb8bede877d?s=96&d=mm&r=g\",\"contentUrl\":\"https:\/\/secure.gravatar.com\/avatar\/0a937b7500cd7df77540cfb8bede877d?s=96&d=mm&r=g\",\"caption\":\"Adriana Rabelo\"},\"url\":\"https:\/\/franciscanos.org.br\/noticias\/author\/adrianarabelo\"}]}<\/script>\n<!-- \/ Yoast SEO plugin. -->","yoast_head_json":{"title":"Encontro Regional do Esp\u00edrito Santo marca, com Missa, os 350 anos da Prov\u00edncia - Not\u00edcias - Franciscanos","robots":{"index":"index","follow":"follow","max-snippet":"max-snippet:-1","max-image-preview":"max-image-preview:large","max-video-preview":"max-video-preview:-1"},"canonical":"https:\/\/franciscanos.org.br\/noticias\/encontro-regional-do-espirito-santo-marca-com-missa-os-350-anos-da-provincia.html","og_locale":"pt_BR","og_type":"article","og_title":"Encontro Regional do Esp\u00edrito Santo marca, com Missa, os 350 anos da Prov\u00edncia - Not\u00edcias - Franciscanos","og_description":"Jubileu 350 anos","og_url":"https:\/\/franciscanos.org.br\/noticias\/encontro-regional-do-espirito-santo-marca-com-missa-os-350-anos-da-provincia.html","og_site_name":"Not\u00edcias - Franciscanos","article_published_time":"2025-08-21T18:19:16+00:00","article_modified_time":"2025-08-21T18:23:31+00:00","og_image":[{"width":800,"height":550,"url":"https:\/\/franciscanos.org.br\/noticias\/wp-content\/uploads\/2025\/08\/Chamada-29.png","type":"image\/png"}],"author":"Adriana Rabelo","twitter_card":"summary_large_image","twitter_misc":{"Escrito por":"Adriana Rabelo","Est. tempo de leitura":"7 minutos"},"schema":{"@context":"https:\/\/schema.org","@graph":[{"@type":"WebSite","@id":"https:\/\/franciscanos.org.br\/noticias\/#website","url":"https:\/\/franciscanos.org.br\/noticias\/","name":"Not\u00edcias - Franciscanos","description":"Prov\u00edncia Franciscana da Imaculada Concei\u00e7\u00e3o do Brasil - Ordem dos Frades Menores - OFM","potentialAction":[{"@type":"SearchAction","target":{"@type":"EntryPoint","urlTemplate":"https:\/\/franciscanos.org.br\/noticias\/?s={search_term_string}"},"query-input":"required name=search_term_string"}],"inLanguage":"pt-BR"},{"@type":"ImageObject","inLanguage":"pt-BR","@id":"https:\/\/franciscanos.org.br\/noticias\/encontro-regional-do-espirito-santo-marca-com-missa-os-350-anos-da-provincia.html#primaryimage","url":"https:\/\/franciscanos.org.br\/noticias\/wp-content\/uploads\/2025\/08\/Chamada-29.png","contentUrl":"https:\/\/franciscanos.org.br\/noticias\/wp-content\/uploads\/2025\/08\/Chamada-29.png","width":800,"height":550},{"@type":"WebPage","@id":"https:\/\/franciscanos.org.br\/noticias\/encontro-regional-do-espirito-santo-marca-com-missa-os-350-anos-da-provincia.html#webpage","url":"https:\/\/franciscanos.org.br\/noticias\/encontro-regional-do-espirito-santo-marca-com-missa-os-350-anos-da-provincia.html","name":"Encontro Regional do Esp\u00edrito Santo marca, com Missa, os 350 anos da Prov\u00edncia - Not\u00edcias - Franciscanos","isPartOf":{"@id":"https:\/\/franciscanos.org.br\/noticias\/#website"},"primaryImageOfPage":{"@id":"https:\/\/franciscanos.org.br\/noticias\/encontro-regional-do-espirito-santo-marca-com-missa-os-350-anos-da-provincia.html#primaryimage"},"datePublished":"2025-08-21T18:19:16+00:00","dateModified":"2025-08-21T18:23:31+00:00","author":{"@id":"https:\/\/franciscanos.org.br\/noticias\/#\/schema\/person\/d9422e83121c3ad3b0f423d195f5bb25"},"breadcrumb":{"@id":"https:\/\/franciscanos.org.br\/noticias\/encontro-regional-do-espirito-santo-marca-com-missa-os-350-anos-da-provincia.html#breadcrumb"},"inLanguage":"pt-BR","potentialAction":[{"@type":"ReadAction","target":["https:\/\/franciscanos.org.br\/noticias\/encontro-regional-do-espirito-santo-marca-com-missa-os-350-anos-da-provincia.html"]}]},{"@type":"BreadcrumbList","@id":"https:\/\/franciscanos.org.br\/noticias\/encontro-regional-do-espirito-santo-marca-com-missa-os-350-anos-da-provincia.html#breadcrumb","itemListElement":[{"@type":"ListItem","position":1,"name":"Home","item":"https:\/\/franciscanos.org.br\/noticias"},{"@type":"ListItem","position":2,"name":"Encontro Regional do Esp\u00edrito Santo marca, com Missa, os 350 anos da Prov\u00edncia"}]},{"@type":"Person","@id":"https:\/\/franciscanos.org.br\/noticias\/#\/schema\/person\/d9422e83121c3ad3b0f423d195f5bb25","name":"Adriana Rabelo","image":{"@type":"ImageObject","inLanguage":"pt-BR","@id":"https:\/\/franciscanos.org.br\/noticias\/#\/schema\/person\/image\/","url":"https:\/\/secure.gravatar.com\/avatar\/0a937b7500cd7df77540cfb8bede877d?s=96&d=mm&r=g","contentUrl":"https:\/\/secure.gravatar.com\/avatar\/0a937b7500cd7df77540cfb8bede877d?s=96&d=mm&r=g","caption":"Adriana Rabelo"},"url":"https:\/\/franciscanos.org.br\/noticias\/author\/adrianarabelo"}]}},"_links":{"self":[{"href":"https:\/\/franciscanos.org.br\/noticias\/wp-json\/wp\/v2\/posts\/259601"}],"collection":[{"href":"https:\/\/franciscanos.org.br\/noticias\/wp-json\/wp\/v2\/posts"}],"about":[{"href":"https:\/\/franciscanos.org.br\/noticias\/wp-json\/wp\/v2\/types\/post"}],"author":[{"embeddable":true,"href":"https:\/\/franciscanos.org.br\/noticias\/wp-json\/wp\/v2\/users\/11"}],"replies":[{"embeddable":true,"href":"https:\/\/franciscanos.org.br\/noticias\/wp-json\/wp\/v2\/comments?post=259601"}],"version-history":[{"count":2,"href":"https:\/\/franciscanos.org.br\/noticias\/wp-json\/wp\/v2\/posts\/259601\/revisions"}],"predecessor-version":[{"id":259614,"href":"https:\/\/franciscanos.org.br\/noticias\/wp-json\/wp\/v2\/posts\/259601\/revisions\/259614"}],"wp:featuredmedia":[{"embeddable":true,"href":"https:\/\/franciscanos.org.br\/noticias\/wp-json\/wp\/v2\/media\/259602"}],"wp:attachment":[{"href":"https:\/\/franciscanos.org.br\/noticias\/wp-json\/wp\/v2\/media?parent=259601"}],"wp:term":[{"taxonomy":"category","embeddable":true,"href":"https:\/\/franciscanos.org.br\/noticias\/wp-json\/wp\/v2\/categories?post=259601"},{"taxonomy":"post_tag","embeddable":true,"href":"https:\/\/franciscanos.org.br\/noticias\/wp-json\/wp\/v2\/tags?post=259601"}],"curies":[{"name":"wp","href":"https:\/\/api.w.org\/{rel}","templated":true}]}}