{"id":259579,"date":"2025-08-20T14:47:46","date_gmt":"2025-08-20T17:47:46","guid":{"rendered":"https:\/\/franciscanos.org.br\/noticias\/?p=259579"},"modified":"2025-08-20T15:09:00","modified_gmt":"2025-08-20T18:09:00","slug":"frades-do-regional-de-sao-paulo-se-reunem-em-agudos-para-reflexao-e-partilha","status":"publish","type":"post","link":"https:\/\/franciscanos.org.br\/noticias\/frades-do-regional-de-sao-paulo-se-reunem-em-agudos-para-reflexao-e-partilha.html","title":{"rendered":"Frades do Regional de S\u00e3o Paulo se re\u00fanem em Agudos para reflex\u00e3o e partilha"},"content":{"rendered":"<p><img loading=\"lazy\" class=\"aligncenter wp-image-259581 size-full\" src=\"https:\/\/franciscanos.org.br\/noticias\/wp-content\/uploads\/2025\/08\/materia-1-7.png\" alt=\"\" width=\"1280\" height=\"720\" srcset=\"https:\/\/franciscanos.org.br\/noticias\/wp-content\/uploads\/2025\/08\/materia-1-7.png 1280w, https:\/\/franciscanos.org.br\/noticias\/wp-content\/uploads\/2025\/08\/materia-1-7-450x253.png 450w, https:\/\/franciscanos.org.br\/noticias\/wp-content\/uploads\/2025\/08\/materia-1-7-1024x576.png 1024w, https:\/\/franciscanos.org.br\/noticias\/wp-content\/uploads\/2025\/08\/materia-1-7-768x432.png 768w, https:\/\/franciscanos.org.br\/noticias\/wp-content\/uploads\/2025\/08\/materia-1-7-150x84.png 150w\" sizes=\"(max-width: 1280px) 100vw, 1280px\" \/><\/p>\n<p>Entre os dias 17 e 19 de agosto, ocorreu o segundo <strong>Encontro Regional dos frades do estado de S\u00e3o Paulo<\/strong>, no Semin\u00e1rio Santo Ant\u00f4nio, na cidade de Agudos, interior do estado. O Regional contou com a participa\u00e7\u00e3o de cerca de trinta frades, representando as onze fraternidades da Prov\u00edncia da Imaculada no territ\u00f3rio paulista. J\u00e1 na noite de domingo, dia 17, os frades foram acolhidos pela fraternidade do Semin\u00e1rio com um recreio, momento oportuno de conviv\u00eancia e alegria do reencontro.<\/p>\n<p>Na manh\u00e3 de segunda-feira, os frades iniciaram o dia com a Ora\u00e7\u00e3o da Manh\u00e3. Em seguida, reuniram-se no Sal\u00e3o S\u00e3o Francisco para tratar dos assuntos previstos na pauta. Quem conduziu os trabalhos foi o Coordenador do Regional, Frei Marx Rodrigues dos Reis. Esteve presente tamb\u00e9m o Vig\u00e1rio Provincial, Frei Gustavo W. Medella, bem como os Definidores Frei Daniel Dellandrea, Frei Diego Atalino de Melo e Frei Robson L. Scudela.<\/p>\n\n\t\t<style type=\"text\/css\">\n\t\t\t#gallery-1 {\n\t\t\t\tmargin: auto;\n\t\t\t}\n\t\t\t#gallery-1 .gallery-item {\n\t\t\t\tfloat: left;\n\t\t\t\tmargin-top: 10px;\n\t\t\t\ttext-align: center;\n\t\t\t\twidth: 50%;\n\t\t\t}\n\t\t\t#gallery-1 img {\n\t\t\t\tborder: 2px solid #cfcfcf;\n\t\t\t}\n\t\t\t#gallery-1 .gallery-caption {\n\t\t\t\tmargin-left: 0;\n\t\t\t}\n\t\t\t\/* see gallery_shortcode() in wp-includes\/media.php *\/\n\t\t<\/style>\n\t\t<div id='gallery-1' class='gallery galleryid-259579 gallery-columns-2 gallery-size-thumbnail'><dl class='gallery-item'>\n\t\t\t<dt class='gallery-icon landscape'>\n\t\t\t\t<a href='https:\/\/franciscanos.org.br\/noticias\/wp-content\/uploads\/2025\/08\/materia-2-10.png'><img width=\"300\" height=\"300\" src=\"https:\/\/franciscanos.org.br\/noticias\/wp-content\/uploads\/2025\/08\/materia-2-10-300x300.png\" class=\"attachment-thumbnail size-thumbnail\" alt=\"\" loading=\"lazy\" srcset=\"https:\/\/franciscanos.org.br\/noticias\/wp-content\/uploads\/2025\/08\/materia-2-10-300x300.png 300w, https:\/\/franciscanos.org.br\/noticias\/wp-content\/uploads\/2025\/08\/materia-2-10-100x100.png 100w\" sizes=\"(max-width: 300px) 100vw, 300px\" \/><\/a>\n\t\t\t<\/dt><\/dl><dl class='gallery-item'>\n\t\t\t<dt class='gallery-icon landscape'>\n\t\t\t\t<a href='https:\/\/franciscanos.org.br\/noticias\/wp-content\/uploads\/2025\/08\/20250818_115149-scaled.jpg'><img width=\"300\" height=\"300\" src=\"https:\/\/franciscanos.org.br\/noticias\/wp-content\/uploads\/2025\/08\/20250818_115149-300x300.jpg\" class=\"attachment-thumbnail size-thumbnail\" alt=\"\" loading=\"lazy\" srcset=\"https:\/\/franciscanos.org.br\/noticias\/wp-content\/uploads\/2025\/08\/20250818_115149-300x300.jpg 300w, https:\/\/franciscanos.org.br\/noticias\/wp-content\/uploads\/2025\/08\/20250818_115149-100x100.jpg 100w\" sizes=\"(max-width: 300px) 100vw, 300px\" \/><\/a>\n\t\t\t<\/dt><\/dl><br style=\"clear: both\" \/>\n\t\t<\/div>\n\n<p>A din\u00e2mica do Encontro diferenciou-se das edi\u00e7\u00f5es anteriores. Em vez de reservar um \u00fanico momento para a partilha das atividades e quest\u00f5es de cada fraternidade, estas puderam se manifestar ao longo de todo o encontro, sempre em di\u00e1logo com os blocos tem\u00e1ticos propostos.<\/p>\n<p>Entre os principais assuntos tratados, destacaram-se: a celebra\u00e7\u00e3o dos 350 anos da Prov\u00edncia, que ocorrer\u00e1 no dia 29 de novembro, no Convento S\u00e3o Francisco; a celebra\u00e7\u00e3o dos 50 anos da Universidade S\u00e3o Francisco, no dia 24 de outubro, em Bragan\u00e7a Paulista; e a Ordena\u00e7\u00e3o Presbiteral de Frei Jo\u00e3o Manoel Zechinatto, no dia 6 de setembro, em Amparo. Num momento de forma\u00e7\u00e3o permanente, os frades leram e refletiram o texto <em>\u201cGratid\u00e3o pela hist\u00f3ria, compromisso com o futuro\u201d<\/em>. Nas partilhas, foram elencados pontos importantes, como a dimens\u00e3o carism\u00e1tica do franciscanismo que vai al\u00e9m da presen\u00e7a dos frades; a luta constante pela sinodalidade; e a valoriza\u00e7\u00e3o da vida fraterna, expressa no cuidado dos irm\u00e3os entre si.<\/p>\n<p><img loading=\"lazy\" class=\"aligncenter wp-image-259595 size-full\" src=\"https:\/\/franciscanos.org.br\/noticias\/wp-content\/uploads\/2025\/08\/materia-5-3.png\" alt=\"\" width=\"1280\" height=\"720\" srcset=\"https:\/\/franciscanos.org.br\/noticias\/wp-content\/uploads\/2025\/08\/materia-5-3.png 1280w, https:\/\/franciscanos.org.br\/noticias\/wp-content\/uploads\/2025\/08\/materia-5-3-450x253.png 450w, https:\/\/franciscanos.org.br\/noticias\/wp-content\/uploads\/2025\/08\/materia-5-3-1024x576.png 1024w, https:\/\/franciscanos.org.br\/noticias\/wp-content\/uploads\/2025\/08\/materia-5-3-768x432.png 768w, https:\/\/franciscanos.org.br\/noticias\/wp-content\/uploads\/2025\/08\/materia-5-3-150x84.png 150w\" sizes=\"(max-width: 1280px) 100vw, 1280px\" \/><\/p>\n<p>Um momento marcante do Encontro foi a homenagem prestada aos confrades falecidos. Neste ano, a Prov\u00edncia celebrou a P\u00e1scoa de tr\u00eas irm\u00e3os: Frei Clemente Schafaschek, Frei Jos\u00e9 Bertoldi e Frei Gaud\u00eancio Sens. Esse momento de ora\u00e7\u00e3o realizou-se no Cemit\u00e9rio do Semin\u00e1rio, onde dezenas de frades est\u00e3o sepultados. Muitos recordaram irm\u00e3os que marcaram suas vidas e deixaram exemplos de vida franciscana. No ano em que celebramos os 350 anos de nossa Prov\u00edncia, foi oportuno que os irm\u00e3os de hoje prestassem essa homenagem aos irm\u00e3os do ontem, num olhar que reconhece a hist\u00f3ria e segue em frente na miss\u00e3o de levar ao mundo a mensagem de paz, justi\u00e7a e miseric\u00f3rdia.<\/p>\n<p>O Regional encerrou-se no almo\u00e7o de ter\u00e7a-feira, dia 19 de agosto. Em seguida, os frades partiram em viagem de retorno \u00e0s suas fraternidades.<\/p>\n<hr \/>\n<p><em>Frei Jo\u00e3o Manoel Zechinatto, OFM<\/em><\/p>\n\n\t\t<style type=\"text\/css\">\n\t\t\t#gallery-2 {\n\t\t\t\tmargin: auto;\n\t\t\t}\n\t\t\t#gallery-2 .gallery-item {\n\t\t\t\tfloat: left;\n\t\t\t\tmargin-top: 10px;\n\t\t\t\ttext-align: center;\n\t\t\t\twidth: 25%;\n\t\t\t}\n\t\t\t#gallery-2 img {\n\t\t\t\tborder: 2px solid #cfcfcf;\n\t\t\t}\n\t\t\t#gallery-2 .gallery-caption {\n\t\t\t\tmargin-left: 0;\n\t\t\t}\n\t\t\t\/* see gallery_shortcode() in wp-includes\/media.php *\/\n\t\t<\/style>\n\t\t<div id='gallery-2' class='gallery galleryid-259579 gallery-columns-4 gallery-size-thumbnail'><dl class='gallery-item'>\n\t\t\t<dt class='gallery-icon landscape'>\n\t\t\t\t<a href='https:\/\/franciscanos.org.br\/noticias\/wp-content\/uploads\/2025\/08\/20250819_085217-scaled.jpg'><img width=\"300\" height=\"300\" src=\"https:\/\/franciscanos.org.br\/noticias\/wp-content\/uploads\/2025\/08\/20250819_085217-300x300.jpg\" class=\"attachment-thumbnail size-thumbnail\" alt=\"\" loading=\"lazy\" srcset=\"https:\/\/franciscanos.org.br\/noticias\/wp-content\/uploads\/2025\/08\/20250819_085217-300x300.jpg 300w, https:\/\/franciscanos.org.br\/noticias\/wp-content\/uploads\/2025\/08\/20250819_085217-100x100.jpg 100w\" sizes=\"(max-width: 300px) 100vw, 300px\" \/><\/a>\n\t\t\t<\/dt><\/dl><dl class='gallery-item'>\n\t\t\t<dt class='gallery-icon landscape'>\n\t\t\t\t<a href='https:\/\/franciscanos.org.br\/noticias\/wp-content\/uploads\/2025\/08\/20250818_163559-1-scaled.jpg'><img width=\"300\" height=\"300\" src=\"https:\/\/franciscanos.org.br\/noticias\/wp-content\/uploads\/2025\/08\/20250818_163559-1-300x300.jpg\" class=\"attachment-thumbnail size-thumbnail\" alt=\"\" loading=\"lazy\" srcset=\"https:\/\/franciscanos.org.br\/noticias\/wp-content\/uploads\/2025\/08\/20250818_163559-1-300x300.jpg 300w, https:\/\/franciscanos.org.br\/noticias\/wp-content\/uploads\/2025\/08\/20250818_163559-1-100x100.jpg 100w\" sizes=\"(max-width: 300px) 100vw, 300px\" \/><\/a>\n\t\t\t<\/dt><\/dl><dl class='gallery-item'>\n\t\t\t<dt class='gallery-icon landscape'>\n\t\t\t\t<a href='https:\/\/franciscanos.org.br\/noticias\/wp-content\/uploads\/2025\/08\/20250818_165936-1-scaled.jpg'><img width=\"300\" height=\"300\" src=\"https:\/\/franciscanos.org.br\/noticias\/wp-content\/uploads\/2025\/08\/20250818_165936-1-300x300.jpg\" class=\"attachment-thumbnail size-thumbnail\" alt=\"\" loading=\"lazy\" srcset=\"https:\/\/franciscanos.org.br\/noticias\/wp-content\/uploads\/2025\/08\/20250818_165936-1-300x300.jpg 300w, https:\/\/franciscanos.org.br\/noticias\/wp-content\/uploads\/2025\/08\/20250818_165936-1-100x100.jpg 100w\" sizes=\"(max-width: 300px) 100vw, 300px\" \/><\/a>\n\t\t\t<\/dt><\/dl><dl class='gallery-item'>\n\t\t\t<dt class='gallery-icon landscape'>\n\t\t\t\t<a href='https:\/\/franciscanos.org.br\/noticias\/wp-content\/uploads\/2025\/08\/20250818_161838-scaled.jpg'><img width=\"300\" height=\"300\" src=\"https:\/\/franciscanos.org.br\/noticias\/wp-content\/uploads\/2025\/08\/20250818_161838-300x300.jpg\" class=\"attachment-thumbnail size-thumbnail\" alt=\"\" loading=\"lazy\" srcset=\"https:\/\/franciscanos.org.br\/noticias\/wp-content\/uploads\/2025\/08\/20250818_161838-300x300.jpg 300w, https:\/\/franciscanos.org.br\/noticias\/wp-content\/uploads\/2025\/08\/20250818_161838-100x100.jpg 100w\" sizes=\"(max-width: 300px) 100vw, 300px\" \/><\/a>\n\t\t\t<\/dt><\/dl><br style=\"clear: both\" \/>\n\t\t<\/div>\n\n","protected":false},"excerpt":{"rendered":"<p>Vida em fraternidade<\/p>\n","protected":false},"author":11,"featured_media":259580,"comment_status":"open","ping_status":"open","sticky":false,"template":"","format":"standard","meta":[],"categories":[1],"tags":[2401,2031],"acf":[],"yoast_head":"<!-- This site is optimized with the Yoast SEO plugin v19.2 - https:\/\/yoast.com\/wordpress\/plugins\/seo\/ -->\n<title>Frades do Regional de S\u00e3o Paulo se re\u00fanem em Agudos para reflex\u00e3o e partilha - Not\u00edcias - Franciscanos<\/title>\n<meta name=\"robots\" content=\"index, follow, max-snippet:-1, max-image-preview:large, max-video-preview:-1\" \/>\n<link rel=\"canonical\" href=\"https:\/\/franciscanos.org.br\/noticias\/frades-do-regional-de-sao-paulo-se-reunem-em-agudos-para-reflexao-e-partilha.html\" \/>\n<meta property=\"og:locale\" content=\"pt_BR\" \/>\n<meta property=\"og:type\" content=\"article\" \/>\n<meta property=\"og:title\" content=\"Frades do Regional de S\u00e3o Paulo se re\u00fanem em Agudos para reflex\u00e3o e partilha - Not\u00edcias - Franciscanos\" \/>\n<meta property=\"og:description\" content=\"Vida em fraternidade\" \/>\n<meta property=\"og:url\" content=\"https:\/\/franciscanos.org.br\/noticias\/frades-do-regional-de-sao-paulo-se-reunem-em-agudos-para-reflexao-e-partilha.html\" \/>\n<meta property=\"og:site_name\" content=\"Not\u00edcias - Franciscanos\" \/>\n<meta property=\"article:published_time\" content=\"2025-08-20T17:47:46+00:00\" \/>\n<meta property=\"article:modified_time\" content=\"2025-08-20T18:09:00+00:00\" \/>\n<meta property=\"og:image\" content=\"https:\/\/franciscanos.org.br\/noticias\/wp-content\/uploads\/2025\/08\/chamada-28.png\" \/>\n\t<meta property=\"og:image:width\" content=\"800\" \/>\n\t<meta property=\"og:image:height\" content=\"550\" \/>\n\t<meta property=\"og:image:type\" content=\"image\/png\" \/>\n<meta name=\"author\" content=\"Adriana Rabelo\" \/>\n<meta name=\"twitter:card\" content=\"summary_large_image\" \/>\n<meta name=\"twitter:label1\" content=\"Escrito por\" \/>\n\t<meta name=\"twitter:data1\" content=\"Adriana Rabelo\" \/>\n\t<meta name=\"twitter:label2\" content=\"Est. tempo de leitura\" \/>\n\t<meta name=\"twitter:data2\" content=\"2 minutos\" \/>\n<script type=\"application\/ld+json\" class=\"yoast-schema-graph\">{\"@context\":\"https:\/\/schema.org\",\"@graph\":[{\"@type\":\"WebSite\",\"@id\":\"https:\/\/franciscanos.org.br\/noticias\/#website\",\"url\":\"https:\/\/franciscanos.org.br\/noticias\/\",\"name\":\"Not\u00edcias - Franciscanos\",\"description\":\"Prov\u00edncia Franciscana da Imaculada Concei\u00e7\u00e3o do Brasil - Ordem dos Frades Menores - OFM\",\"potentialAction\":[{\"@type\":\"SearchAction\",\"target\":{\"@type\":\"EntryPoint\",\"urlTemplate\":\"https:\/\/franciscanos.org.br\/noticias\/?s={search_term_string}\"},\"query-input\":\"required name=search_term_string\"}],\"inLanguage\":\"pt-BR\"},{\"@type\":\"ImageObject\",\"inLanguage\":\"pt-BR\",\"@id\":\"https:\/\/franciscanos.org.br\/noticias\/frades-do-regional-de-sao-paulo-se-reunem-em-agudos-para-reflexao-e-partilha.html#primaryimage\",\"url\":\"https:\/\/franciscanos.org.br\/noticias\/wp-content\/uploads\/2025\/08\/chamada-28.png\",\"contentUrl\":\"https:\/\/franciscanos.org.br\/noticias\/wp-content\/uploads\/2025\/08\/chamada-28.png\",\"width\":800,\"height\":550},{\"@type\":\"WebPage\",\"@id\":\"https:\/\/franciscanos.org.br\/noticias\/frades-do-regional-de-sao-paulo-se-reunem-em-agudos-para-reflexao-e-partilha.html#webpage\",\"url\":\"https:\/\/franciscanos.org.br\/noticias\/frades-do-regional-de-sao-paulo-se-reunem-em-agudos-para-reflexao-e-partilha.html\",\"name\":\"Frades do Regional de S\u00e3o Paulo se re\u00fanem em Agudos para reflex\u00e3o e partilha - Not\u00edcias - Franciscanos\",\"isPartOf\":{\"@id\":\"https:\/\/franciscanos.org.br\/noticias\/#website\"},\"primaryImageOfPage\":{\"@id\":\"https:\/\/franciscanos.org.br\/noticias\/frades-do-regional-de-sao-paulo-se-reunem-em-agudos-para-reflexao-e-partilha.html#primaryimage\"},\"datePublished\":\"2025-08-20T17:47:46+00:00\",\"dateModified\":\"2025-08-20T18:09:00+00:00\",\"author\":{\"@id\":\"https:\/\/franciscanos.org.br\/noticias\/#\/schema\/person\/d9422e83121c3ad3b0f423d195f5bb25\"},\"breadcrumb\":{\"@id\":\"https:\/\/franciscanos.org.br\/noticias\/frades-do-regional-de-sao-paulo-se-reunem-em-agudos-para-reflexao-e-partilha.html#breadcrumb\"},\"inLanguage\":\"pt-BR\",\"potentialAction\":[{\"@type\":\"ReadAction\",\"target\":[\"https:\/\/franciscanos.org.br\/noticias\/frades-do-regional-de-sao-paulo-se-reunem-em-agudos-para-reflexao-e-partilha.html\"]}]},{\"@type\":\"BreadcrumbList\",\"@id\":\"https:\/\/franciscanos.org.br\/noticias\/frades-do-regional-de-sao-paulo-se-reunem-em-agudos-para-reflexao-e-partilha.html#breadcrumb\",\"itemListElement\":[{\"@type\":\"ListItem\",\"position\":1,\"name\":\"Home\",\"item\":\"https:\/\/franciscanos.org.br\/noticias\"},{\"@type\":\"ListItem\",\"position\":2,\"name\":\"Frades do Regional de S\u00e3o Paulo se re\u00fanem em Agudos para reflex\u00e3o e partilha\"}]},{\"@type\":\"Person\",\"@id\":\"https:\/\/franciscanos.org.br\/noticias\/#\/schema\/person\/d9422e83121c3ad3b0f423d195f5bb25\",\"name\":\"Adriana Rabelo\",\"image\":{\"@type\":\"ImageObject\",\"inLanguage\":\"pt-BR\",\"@id\":\"https:\/\/franciscanos.org.br\/noticias\/#\/schema\/person\/image\/\",\"url\":\"https:\/\/secure.gravatar.com\/avatar\/0a937b7500cd7df77540cfb8bede877d?s=96&d=mm&r=g\",\"contentUrl\":\"https:\/\/secure.gravatar.com\/avatar\/0a937b7500cd7df77540cfb8bede877d?s=96&d=mm&r=g\",\"caption\":\"Adriana Rabelo\"},\"url\":\"https:\/\/franciscanos.org.br\/noticias\/author\/adrianarabelo\"}]}<\/script>\n<!-- \/ Yoast SEO plugin. -->","yoast_head_json":{"title":"Frades do Regional de S\u00e3o Paulo se re\u00fanem em Agudos para reflex\u00e3o e partilha - Not\u00edcias - Franciscanos","robots":{"index":"index","follow":"follow","max-snippet":"max-snippet:-1","max-image-preview":"max-image-preview:large","max-video-preview":"max-video-preview:-1"},"canonical":"https:\/\/franciscanos.org.br\/noticias\/frades-do-regional-de-sao-paulo-se-reunem-em-agudos-para-reflexao-e-partilha.html","og_locale":"pt_BR","og_type":"article","og_title":"Frades do Regional de S\u00e3o Paulo se re\u00fanem em Agudos para reflex\u00e3o e partilha - Not\u00edcias - Franciscanos","og_description":"Vida em fraternidade","og_url":"https:\/\/franciscanos.org.br\/noticias\/frades-do-regional-de-sao-paulo-se-reunem-em-agudos-para-reflexao-e-partilha.html","og_site_name":"Not\u00edcias - Franciscanos","article_published_time":"2025-08-20T17:47:46+00:00","article_modified_time":"2025-08-20T18:09:00+00:00","og_image":[{"width":800,"height":550,"url":"https:\/\/franciscanos.org.br\/noticias\/wp-content\/uploads\/2025\/08\/chamada-28.png","type":"image\/png"}],"author":"Adriana Rabelo","twitter_card":"summary_large_image","twitter_misc":{"Escrito por":"Adriana Rabelo","Est. tempo de leitura":"2 minutos"},"schema":{"@context":"https:\/\/schema.org","@graph":[{"@type":"WebSite","@id":"https:\/\/franciscanos.org.br\/noticias\/#website","url":"https:\/\/franciscanos.org.br\/noticias\/","name":"Not\u00edcias - Franciscanos","description":"Prov\u00edncia Franciscana da Imaculada Concei\u00e7\u00e3o do Brasil - Ordem dos Frades Menores - OFM","potentialAction":[{"@type":"SearchAction","target":{"@type":"EntryPoint","urlTemplate":"https:\/\/franciscanos.org.br\/noticias\/?s={search_term_string}"},"query-input":"required name=search_term_string"}],"inLanguage":"pt-BR"},{"@type":"ImageObject","inLanguage":"pt-BR","@id":"https:\/\/franciscanos.org.br\/noticias\/frades-do-regional-de-sao-paulo-se-reunem-em-agudos-para-reflexao-e-partilha.html#primaryimage","url":"https:\/\/franciscanos.org.br\/noticias\/wp-content\/uploads\/2025\/08\/chamada-28.png","contentUrl":"https:\/\/franciscanos.org.br\/noticias\/wp-content\/uploads\/2025\/08\/chamada-28.png","width":800,"height":550},{"@type":"WebPage","@id":"https:\/\/franciscanos.org.br\/noticias\/frades-do-regional-de-sao-paulo-se-reunem-em-agudos-para-reflexao-e-partilha.html#webpage","url":"https:\/\/franciscanos.org.br\/noticias\/frades-do-regional-de-sao-paulo-se-reunem-em-agudos-para-reflexao-e-partilha.html","name":"Frades do Regional de S\u00e3o Paulo se re\u00fanem em Agudos para reflex\u00e3o e partilha - Not\u00edcias - Franciscanos","isPartOf":{"@id":"https:\/\/franciscanos.org.br\/noticias\/#website"},"primaryImageOfPage":{"@id":"https:\/\/franciscanos.org.br\/noticias\/frades-do-regional-de-sao-paulo-se-reunem-em-agudos-para-reflexao-e-partilha.html#primaryimage"},"datePublished":"2025-08-20T17:47:46+00:00","dateModified":"2025-08-20T18:09:00+00:00","author":{"@id":"https:\/\/franciscanos.org.br\/noticias\/#\/schema\/person\/d9422e83121c3ad3b0f423d195f5bb25"},"breadcrumb":{"@id":"https:\/\/franciscanos.org.br\/noticias\/frades-do-regional-de-sao-paulo-se-reunem-em-agudos-para-reflexao-e-partilha.html#breadcrumb"},"inLanguage":"pt-BR","potentialAction":[{"@type":"ReadAction","target":["https:\/\/franciscanos.org.br\/noticias\/frades-do-regional-de-sao-paulo-se-reunem-em-agudos-para-reflexao-e-partilha.html"]}]},{"@type":"BreadcrumbList","@id":"https:\/\/franciscanos.org.br\/noticias\/frades-do-regional-de-sao-paulo-se-reunem-em-agudos-para-reflexao-e-partilha.html#breadcrumb","itemListElement":[{"@type":"ListItem","position":1,"name":"Home","item":"https:\/\/franciscanos.org.br\/noticias"},{"@type":"ListItem","position":2,"name":"Frades do Regional de S\u00e3o Paulo se re\u00fanem em Agudos para reflex\u00e3o e partilha"}]},{"@type":"Person","@id":"https:\/\/franciscanos.org.br\/noticias\/#\/schema\/person\/d9422e83121c3ad3b0f423d195f5bb25","name":"Adriana Rabelo","image":{"@type":"ImageObject","inLanguage":"pt-BR","@id":"https:\/\/franciscanos.org.br\/noticias\/#\/schema\/person\/image\/","url":"https:\/\/secure.gravatar.com\/avatar\/0a937b7500cd7df77540cfb8bede877d?s=96&d=mm&r=g","contentUrl":"https:\/\/secure.gravatar.com\/avatar\/0a937b7500cd7df77540cfb8bede877d?s=96&d=mm&r=g","caption":"Adriana Rabelo"},"url":"https:\/\/franciscanos.org.br\/noticias\/author\/adrianarabelo"}]}},"_links":{"self":[{"href":"https:\/\/franciscanos.org.br\/noticias\/wp-json\/wp\/v2\/posts\/259579"}],"collection":[{"href":"https:\/\/franciscanos.org.br\/noticias\/wp-json\/wp\/v2\/posts"}],"about":[{"href":"https:\/\/franciscanos.org.br\/noticias\/wp-json\/wp\/v2\/types\/post"}],"author":[{"embeddable":true,"href":"https:\/\/franciscanos.org.br\/noticias\/wp-json\/wp\/v2\/users\/11"}],"replies":[{"embeddable":true,"href":"https:\/\/franciscanos.org.br\/noticias\/wp-json\/wp\/v2\/comments?post=259579"}],"version-history":[{"count":5,"href":"https:\/\/franciscanos.org.br\/noticias\/wp-json\/wp\/v2\/posts\/259579\/revisions"}],"predecessor-version":[{"id":259600,"href":"https:\/\/franciscanos.org.br\/noticias\/wp-json\/wp\/v2\/posts\/259579\/revisions\/259600"}],"wp:featuredmedia":[{"embeddable":true,"href":"https:\/\/franciscanos.org.br\/noticias\/wp-json\/wp\/v2\/media\/259580"}],"wp:attachment":[{"href":"https:\/\/franciscanos.org.br\/noticias\/wp-json\/wp\/v2\/media?parent=259579"}],"wp:term":[{"taxonomy":"category","embeddable":true,"href":"https:\/\/franciscanos.org.br\/noticias\/wp-json\/wp\/v2\/categories?post=259579"},{"taxonomy":"post_tag","embeddable":true,"href":"https:\/\/franciscanos.org.br\/noticias\/wp-json\/wp\/v2\/tags?post=259579"}],"curies":[{"name":"wp","href":"https:\/\/api.w.org\/{rel}","templated":true}]}}