{"id":259570,"date":"2025-08-20T12:21:03","date_gmt":"2025-08-20T15:21:03","guid":{"rendered":"https:\/\/franciscanos.org.br\/noticias\/?p=259570"},"modified":"2025-08-20T12:21:03","modified_gmt":"2025-08-20T15:21:03","slug":"missa-em-acao-de-gracas-celebra-o-servico-dos-coroinhas-na-paroquia-santa-clara-de-assis-em-duque-de-caxias","status":"publish","type":"post","link":"https:\/\/franciscanos.org.br\/noticias\/missa-em-acao-de-gracas-celebra-o-servico-dos-coroinhas-na-paroquia-santa-clara-de-assis-em-duque-de-caxias.html","title":{"rendered":"Missa em A\u00e7\u00e3o de Gra\u00e7as celebra o servi\u00e7o dos Coroinhas na Par\u00f3quia Santa Clara de Assis, em Duque de Caxias"},"content":{"rendered":"<p><img loading=\"lazy\" class=\"aligncenter wp-image-259571 size-full\" src=\"https:\/\/franciscanos.org.br\/noticias\/wp-content\/uploads\/2025\/08\/materia-1-6.png\" alt=\"\" width=\"1280\" height=\"720\" srcset=\"https:\/\/franciscanos.org.br\/noticias\/wp-content\/uploads\/2025\/08\/materia-1-6.png 1280w, https:\/\/franciscanos.org.br\/noticias\/wp-content\/uploads\/2025\/08\/materia-1-6-450x253.png 450w, https:\/\/franciscanos.org.br\/noticias\/wp-content\/uploads\/2025\/08\/materia-1-6-1024x576.png 1024w, https:\/\/franciscanos.org.br\/noticias\/wp-content\/uploads\/2025\/08\/materia-1-6-768x432.png 768w, https:\/\/franciscanos.org.br\/noticias\/wp-content\/uploads\/2025\/08\/materia-1-6-150x84.png 150w\" sizes=\"(max-width: 1280px) 100vw, 1280px\" \/><\/p>\n<p>Na noite de ter\u00e7a-feira, 19 de agosto, a Par\u00f3quia Santa Clara de Assis, no bairro Imbari\u00ea, em Duque de Caxias (RJ), celebrou uma noite de f\u00e9, gratid\u00e3o e renova\u00e7\u00e3o de compromissos. A comunidade se reuniu em torno do altar para celebrar a Missa em A\u00e7\u00e3o de Gra\u00e7as pelos coroinhas, jovens e crian\u00e7as que dedicam seu tempo e cora\u00e7\u00e3o ao servi\u00e7o do Senhor.<\/p>\n<p>A celebra\u00e7\u00e3o foi presidida pelo p\u00e1roco, Frei Jean Carlos Ajluni Oliveira, que em sua homilia dirigiu palavras profundas e de grande encorajamento aos coroinhas. Inspirado pelo testemunho de S\u00e3o Tarc\u00edsio, padroeiro dos servidores do altar, Frei Jean destacou que o servi\u00e7o dos coroinhas n\u00e3o \u00e9 apenas uma fun\u00e7\u00e3o lit\u00fargica, mas uma verdadeira miss\u00e3o de testemunho crist\u00e3o.<\/p>\n<p>Com firmeza e ternura, o p\u00e1roco recordou o exemplo do jovem m\u00e1rtir que entregou a vida em defesa da Eucaristia: \u201cQue voc\u00eas no servi\u00e7o do altar possam dar testemunho de Jesus Cristo assim como S\u00e3o Tarc\u00edsio fez dando testemunho com a pr\u00f3pria vida. E mais: nunca se afastem do altar de Jesus, mantenham os olhos fixos nele. \u201d<\/p>\n<p><img loading=\"lazy\" class=\"aligncenter wp-image-259572 size-full\" src=\"https:\/\/franciscanos.org.br\/noticias\/wp-content\/uploads\/2025\/08\/materia-2-9.png\" alt=\"\" width=\"1280\" height=\"720\" srcset=\"https:\/\/franciscanos.org.br\/noticias\/wp-content\/uploads\/2025\/08\/materia-2-9.png 1280w, https:\/\/franciscanos.org.br\/noticias\/wp-content\/uploads\/2025\/08\/materia-2-9-450x253.png 450w, https:\/\/franciscanos.org.br\/noticias\/wp-content\/uploads\/2025\/08\/materia-2-9-1024x576.png 1024w, https:\/\/franciscanos.org.br\/noticias\/wp-content\/uploads\/2025\/08\/materia-2-9-768x432.png 768w, https:\/\/franciscanos.org.br\/noticias\/wp-content\/uploads\/2025\/08\/materia-2-9-150x84.png 150w\" sizes=\"(max-width: 1280px) 100vw, 1280px\" \/>Essas palavras ecoaram no cora\u00e7\u00e3o dos coroinhas, das fam\u00edlias presentes e de toda a assembleia, refor\u00e7ando a import\u00e2ncia da fidelidade ao altar e \u00e0 miss\u00e3o confiada por Deus a cada servidor. Frei Jean ainda recordou que a vida de servi\u00e7o deve ser marcada pelo amor, pela responsabilidade e pela busca constante de permanecer pr\u00f3ximos de Cristo.<\/p>\n<p>Um dos momentos mais significativos da celebra\u00e7\u00e3o foi quando, ap\u00f3s a homilia, os coroinhas se colocaram diante do altar para renovar seus compromissos de servi\u00e7o. Com gestos de entrega e ora\u00e7\u00e3o, reafirmaram a disposi\u00e7\u00e3o de continuar servindo a Igreja com dedica\u00e7\u00e3o e zelo, fortalecendo ainda mais a espiritualidade que os move e anima.<\/p>\n\n\t\t<style type=\"text\/css\">\n\t\t\t#gallery-1 {\n\t\t\t\tmargin: auto;\n\t\t\t}\n\t\t\t#gallery-1 .gallery-item {\n\t\t\t\tfloat: left;\n\t\t\t\tmargin-top: 10px;\n\t\t\t\ttext-align: center;\n\t\t\t\twidth: 33%;\n\t\t\t}\n\t\t\t#gallery-1 img {\n\t\t\t\tborder: 2px solid #cfcfcf;\n\t\t\t}\n\t\t\t#gallery-1 .gallery-caption {\n\t\t\t\tmargin-left: 0;\n\t\t\t}\n\t\t\t\/* see gallery_shortcode() in wp-includes\/media.php *\/\n\t\t<\/style>\n\t\t<div id='gallery-1' class='gallery galleryid-259570 gallery-columns-3 gallery-size-thumbnail'><dl class='gallery-item'>\n\t\t\t<dt class='gallery-icon portrait'>\n\t\t\t\t<a href='https:\/\/franciscanos.org.br\/noticias\/wp-content\/uploads\/2025\/08\/3-4.jpg'><img width=\"300\" height=\"300\" src=\"https:\/\/franciscanos.org.br\/noticias\/wp-content\/uploads\/2025\/08\/3-4-300x300.jpg\" class=\"attachment-thumbnail size-thumbnail\" alt=\"\" loading=\"lazy\" srcset=\"https:\/\/franciscanos.org.br\/noticias\/wp-content\/uploads\/2025\/08\/3-4-300x300.jpg 300w, https:\/\/franciscanos.org.br\/noticias\/wp-content\/uploads\/2025\/08\/3-4-100x100.jpg 100w\" sizes=\"(max-width: 300px) 100vw, 300px\" \/><\/a>\n\t\t\t<\/dt><\/dl><dl class='gallery-item'>\n\t\t\t<dt class='gallery-icon portrait'>\n\t\t\t\t<a href='https:\/\/franciscanos.org.br\/noticias\/wp-content\/uploads\/2025\/08\/6-2.jpg'><img width=\"300\" height=\"300\" src=\"https:\/\/franciscanos.org.br\/noticias\/wp-content\/uploads\/2025\/08\/6-2-300x300.jpg\" class=\"attachment-thumbnail size-thumbnail\" alt=\"\" loading=\"lazy\" srcset=\"https:\/\/franciscanos.org.br\/noticias\/wp-content\/uploads\/2025\/08\/6-2-300x300.jpg 300w, https:\/\/franciscanos.org.br\/noticias\/wp-content\/uploads\/2025\/08\/6-2-100x100.jpg 100w\" sizes=\"(max-width: 300px) 100vw, 300px\" \/><\/a>\n\t\t\t<\/dt><\/dl><dl class='gallery-item'>\n\t\t\t<dt class='gallery-icon portrait'>\n\t\t\t\t<a href='https:\/\/franciscanos.org.br\/noticias\/wp-content\/uploads\/2025\/08\/10-1.jpg'><img width=\"300\" height=\"300\" src=\"https:\/\/franciscanos.org.br\/noticias\/wp-content\/uploads\/2025\/08\/10-1-300x300.jpg\" class=\"attachment-thumbnail size-thumbnail\" alt=\"\" loading=\"lazy\" srcset=\"https:\/\/franciscanos.org.br\/noticias\/wp-content\/uploads\/2025\/08\/10-1-300x300.jpg 300w, https:\/\/franciscanos.org.br\/noticias\/wp-content\/uploads\/2025\/08\/10-1-100x100.jpg 100w\" sizes=\"(max-width: 300px) 100vw, 300px\" \/><\/a>\n\t\t\t<\/dt><\/dl><br style=\"clear: both\" \/>\n\t\t<\/div>\n\n<p>A comunidade, emocionada, acompanhou esse instante de renova\u00e7\u00e3o, reconhecendo nos coroinhas um exemplo de disponibilidade e amor \u00e0 Igreja. Para muitos, foi tamb\u00e9m um convite a rezar por esses jovens, para que sigam firmes no caminho da f\u00e9 e, inspirados por S\u00e3o Tarc\u00edsio, se mantenham sempre fi\u00e9is a Cristo.<\/p>\n<p>A celebra\u00e7\u00e3o foi enriquecida ainda pela participa\u00e7\u00e3o da assembleia, que unida em c\u00e2nticos, ora\u00e7\u00f5es e gestos de f\u00e9, tornou o momento ainda mais especial. O clima de alegria e gratid\u00e3o foi percept\u00edvel em cada olhar, em cada aplauso e em cada ora\u00e7\u00e3o elevada ao c\u00e9u.<\/p>\n<p>Encerrando a celebra\u00e7\u00e3o, Frei Jean refor\u00e7ou a import\u00e2ncia do servi\u00e7o dos coroinhas na vida da par\u00f3quia e convidou todos a continuar apoiando e incentivando as crian\u00e7as e jovens nesse caminho de f\u00e9.<\/p>\n<p><img loading=\"lazy\" class=\"aligncenter wp-image-259573 size-full\" src=\"https:\/\/franciscanos.org.br\/noticias\/wp-content\/uploads\/2025\/08\/materia-3-8.png\" alt=\"\" width=\"1280\" height=\"720\" srcset=\"https:\/\/franciscanos.org.br\/noticias\/wp-content\/uploads\/2025\/08\/materia-3-8.png 1280w, https:\/\/franciscanos.org.br\/noticias\/wp-content\/uploads\/2025\/08\/materia-3-8-450x253.png 450w, https:\/\/franciscanos.org.br\/noticias\/wp-content\/uploads\/2025\/08\/materia-3-8-1024x576.png 1024w, https:\/\/franciscanos.org.br\/noticias\/wp-content\/uploads\/2025\/08\/materia-3-8-768x432.png 768w, https:\/\/franciscanos.org.br\/noticias\/wp-content\/uploads\/2025\/08\/materia-3-8-150x84.png 150w\" sizes=\"(max-width: 1280px) 100vw, 1280px\" \/><\/p>\n<p>A Missa em A\u00e7\u00e3o de Gra\u00e7as pelos coroinhas foi, portanto, mais que uma celebra\u00e7\u00e3o lit\u00fargica: foi um marco de renova\u00e7\u00e3o, esperan\u00e7a e compromisso, que fortaleceu n\u00e3o apenas os servidores do altar, mas toda a comunidade paroquial.<\/p>\n<p>Que S\u00e3o Tarc\u00edsio, padroeiro dos coroinhas, continue a interceder por esses jovens, para que sejam sempre sinais vivos da presen\u00e7a de Cristo em nossa Igreja, servindo com alegria, f\u00e9 e perseveran\u00e7a.<\/p>\n<hr \/>\n<p><em>Texto: Frei Franklin Matheus \/ <\/em><em>Fotos: Yasmin Bevenutto<\/em><\/p>\n","protected":false},"excerpt":{"rendered":"<p>Servindo a Deus e \u00e0 comunidade<\/p>\n","protected":false},"author":11,"featured_media":259577,"comment_status":"open","ping_status":"open","sticky":false,"template":"","format":"standard","meta":[],"categories":[1],"tags":[2355,2325],"acf":[],"yoast_head":"<!-- This site is optimized with the Yoast SEO plugin v19.2 - https:\/\/yoast.com\/wordpress\/plugins\/seo\/ -->\n<title>Missa em A\u00e7\u00e3o de Gra\u00e7as celebra o servi\u00e7o dos Coroinhas na Par\u00f3quia Santa Clara de Assis, em Duque de Caxias - Not\u00edcias - Franciscanos<\/title>\n<meta name=\"robots\" content=\"index, follow, max-snippet:-1, max-image-preview:large, max-video-preview:-1\" \/>\n<link rel=\"canonical\" href=\"https:\/\/franciscanos.org.br\/noticias\/missa-em-acao-de-gracas-celebra-o-servico-dos-coroinhas-na-paroquia-santa-clara-de-assis-em-duque-de-caxias.html\" \/>\n<meta property=\"og:locale\" content=\"pt_BR\" \/>\n<meta property=\"og:type\" content=\"article\" \/>\n<meta property=\"og:title\" content=\"Missa em A\u00e7\u00e3o de Gra\u00e7as celebra o servi\u00e7o dos Coroinhas na Par\u00f3quia Santa Clara de Assis, em Duque de Caxias - Not\u00edcias - Franciscanos\" \/>\n<meta property=\"og:description\" content=\"Servindo a Deus e \u00e0 comunidade\" \/>\n<meta property=\"og:url\" content=\"https:\/\/franciscanos.org.br\/noticias\/missa-em-acao-de-gracas-celebra-o-servico-dos-coroinhas-na-paroquia-santa-clara-de-assis-em-duque-de-caxias.html\" \/>\n<meta property=\"og:site_name\" content=\"Not\u00edcias - Franciscanos\" \/>\n<meta property=\"article:published_time\" content=\"2025-08-20T15:21:03+00:00\" \/>\n<meta property=\"og:image\" content=\"https:\/\/franciscanos.org.br\/noticias\/wp-content\/uploads\/2025\/08\/chamada-27.png\" \/>\n\t<meta property=\"og:image:width\" content=\"800\" \/>\n\t<meta property=\"og:image:height\" content=\"550\" \/>\n\t<meta property=\"og:image:type\" content=\"image\/png\" \/>\n<meta name=\"author\" content=\"Adriana Rabelo\" \/>\n<meta name=\"twitter:card\" content=\"summary_large_image\" \/>\n<meta name=\"twitter:label1\" content=\"Escrito por\" \/>\n\t<meta name=\"twitter:data1\" content=\"Adriana Rabelo\" \/>\n\t<meta name=\"twitter:label2\" content=\"Est. tempo de leitura\" \/>\n\t<meta name=\"twitter:data2\" content=\"3 minutos\" \/>\n<script type=\"application\/ld+json\" class=\"yoast-schema-graph\">{\"@context\":\"https:\/\/schema.org\",\"@graph\":[{\"@type\":\"WebSite\",\"@id\":\"https:\/\/franciscanos.org.br\/noticias\/#website\",\"url\":\"https:\/\/franciscanos.org.br\/noticias\/\",\"name\":\"Not\u00edcias - Franciscanos\",\"description\":\"Prov\u00edncia Franciscana da Imaculada Concei\u00e7\u00e3o do Brasil - Ordem dos Frades Menores - OFM\",\"potentialAction\":[{\"@type\":\"SearchAction\",\"target\":{\"@type\":\"EntryPoint\",\"urlTemplate\":\"https:\/\/franciscanos.org.br\/noticias\/?s={search_term_string}\"},\"query-input\":\"required name=search_term_string\"}],\"inLanguage\":\"pt-BR\"},{\"@type\":\"ImageObject\",\"inLanguage\":\"pt-BR\",\"@id\":\"https:\/\/franciscanos.org.br\/noticias\/missa-em-acao-de-gracas-celebra-o-servico-dos-coroinhas-na-paroquia-santa-clara-de-assis-em-duque-de-caxias.html#primaryimage\",\"url\":\"https:\/\/franciscanos.org.br\/noticias\/wp-content\/uploads\/2025\/08\/chamada-27.png\",\"contentUrl\":\"https:\/\/franciscanos.org.br\/noticias\/wp-content\/uploads\/2025\/08\/chamada-27.png\",\"width\":800,\"height\":550},{\"@type\":\"WebPage\",\"@id\":\"https:\/\/franciscanos.org.br\/noticias\/missa-em-acao-de-gracas-celebra-o-servico-dos-coroinhas-na-paroquia-santa-clara-de-assis-em-duque-de-caxias.html#webpage\",\"url\":\"https:\/\/franciscanos.org.br\/noticias\/missa-em-acao-de-gracas-celebra-o-servico-dos-coroinhas-na-paroquia-santa-clara-de-assis-em-duque-de-caxias.html\",\"name\":\"Missa em A\u00e7\u00e3o de Gra\u00e7as celebra o servi\u00e7o dos Coroinhas na Par\u00f3quia Santa Clara de Assis, em Duque de Caxias - Not\u00edcias - Franciscanos\",\"isPartOf\":{\"@id\":\"https:\/\/franciscanos.org.br\/noticias\/#website\"},\"primaryImageOfPage\":{\"@id\":\"https:\/\/franciscanos.org.br\/noticias\/missa-em-acao-de-gracas-celebra-o-servico-dos-coroinhas-na-paroquia-santa-clara-de-assis-em-duque-de-caxias.html#primaryimage\"},\"datePublished\":\"2025-08-20T15:21:03+00:00\",\"dateModified\":\"2025-08-20T15:21:03+00:00\",\"author\":{\"@id\":\"https:\/\/franciscanos.org.br\/noticias\/#\/schema\/person\/d9422e83121c3ad3b0f423d195f5bb25\"},\"breadcrumb\":{\"@id\":\"https:\/\/franciscanos.org.br\/noticias\/missa-em-acao-de-gracas-celebra-o-servico-dos-coroinhas-na-paroquia-santa-clara-de-assis-em-duque-de-caxias.html#breadcrumb\"},\"inLanguage\":\"pt-BR\",\"potentialAction\":[{\"@type\":\"ReadAction\",\"target\":[\"https:\/\/franciscanos.org.br\/noticias\/missa-em-acao-de-gracas-celebra-o-servico-dos-coroinhas-na-paroquia-santa-clara-de-assis-em-duque-de-caxias.html\"]}]},{\"@type\":\"BreadcrumbList\",\"@id\":\"https:\/\/franciscanos.org.br\/noticias\/missa-em-acao-de-gracas-celebra-o-servico-dos-coroinhas-na-paroquia-santa-clara-de-assis-em-duque-de-caxias.html#breadcrumb\",\"itemListElement\":[{\"@type\":\"ListItem\",\"position\":1,\"name\":\"Home\",\"item\":\"https:\/\/franciscanos.org.br\/noticias\"},{\"@type\":\"ListItem\",\"position\":2,\"name\":\"Missa em A\u00e7\u00e3o de Gra\u00e7as celebra o servi\u00e7o dos Coroinhas na Par\u00f3quia Santa Clara de Assis, em Duque de Caxias\"}]},{\"@type\":\"Person\",\"@id\":\"https:\/\/franciscanos.org.br\/noticias\/#\/schema\/person\/d9422e83121c3ad3b0f423d195f5bb25\",\"name\":\"Adriana Rabelo\",\"image\":{\"@type\":\"ImageObject\",\"inLanguage\":\"pt-BR\",\"@id\":\"https:\/\/franciscanos.org.br\/noticias\/#\/schema\/person\/image\/\",\"url\":\"https:\/\/secure.gravatar.com\/avatar\/0a937b7500cd7df77540cfb8bede877d?s=96&d=mm&r=g\",\"contentUrl\":\"https:\/\/secure.gravatar.com\/avatar\/0a937b7500cd7df77540cfb8bede877d?s=96&d=mm&r=g\",\"caption\":\"Adriana Rabelo\"},\"url\":\"https:\/\/franciscanos.org.br\/noticias\/author\/adrianarabelo\"}]}<\/script>\n<!-- \/ Yoast SEO plugin. -->","yoast_head_json":{"title":"Missa em A\u00e7\u00e3o de Gra\u00e7as celebra o servi\u00e7o dos Coroinhas na Par\u00f3quia Santa Clara de Assis, em Duque de Caxias - Not\u00edcias - Franciscanos","robots":{"index":"index","follow":"follow","max-snippet":"max-snippet:-1","max-image-preview":"max-image-preview:large","max-video-preview":"max-video-preview:-1"},"canonical":"https:\/\/franciscanos.org.br\/noticias\/missa-em-acao-de-gracas-celebra-o-servico-dos-coroinhas-na-paroquia-santa-clara-de-assis-em-duque-de-caxias.html","og_locale":"pt_BR","og_type":"article","og_title":"Missa em A\u00e7\u00e3o de Gra\u00e7as celebra o servi\u00e7o dos Coroinhas na Par\u00f3quia Santa Clara de Assis, em Duque de Caxias - Not\u00edcias - Franciscanos","og_description":"Servindo a Deus e \u00e0 comunidade","og_url":"https:\/\/franciscanos.org.br\/noticias\/missa-em-acao-de-gracas-celebra-o-servico-dos-coroinhas-na-paroquia-santa-clara-de-assis-em-duque-de-caxias.html","og_site_name":"Not\u00edcias - Franciscanos","article_published_time":"2025-08-20T15:21:03+00:00","og_image":[{"width":800,"height":550,"url":"https:\/\/franciscanos.org.br\/noticias\/wp-content\/uploads\/2025\/08\/chamada-27.png","type":"image\/png"}],"author":"Adriana Rabelo","twitter_card":"summary_large_image","twitter_misc":{"Escrito por":"Adriana Rabelo","Est. tempo de leitura":"3 minutos"},"schema":{"@context":"https:\/\/schema.org","@graph":[{"@type":"WebSite","@id":"https:\/\/franciscanos.org.br\/noticias\/#website","url":"https:\/\/franciscanos.org.br\/noticias\/","name":"Not\u00edcias - Franciscanos","description":"Prov\u00edncia Franciscana da Imaculada Concei\u00e7\u00e3o do Brasil - Ordem dos Frades Menores - OFM","potentialAction":[{"@type":"SearchAction","target":{"@type":"EntryPoint","urlTemplate":"https:\/\/franciscanos.org.br\/noticias\/?s={search_term_string}"},"query-input":"required name=search_term_string"}],"inLanguage":"pt-BR"},{"@type":"ImageObject","inLanguage":"pt-BR","@id":"https:\/\/franciscanos.org.br\/noticias\/missa-em-acao-de-gracas-celebra-o-servico-dos-coroinhas-na-paroquia-santa-clara-de-assis-em-duque-de-caxias.html#primaryimage","url":"https:\/\/franciscanos.org.br\/noticias\/wp-content\/uploads\/2025\/08\/chamada-27.png","contentUrl":"https:\/\/franciscanos.org.br\/noticias\/wp-content\/uploads\/2025\/08\/chamada-27.png","width":800,"height":550},{"@type":"WebPage","@id":"https:\/\/franciscanos.org.br\/noticias\/missa-em-acao-de-gracas-celebra-o-servico-dos-coroinhas-na-paroquia-santa-clara-de-assis-em-duque-de-caxias.html#webpage","url":"https:\/\/franciscanos.org.br\/noticias\/missa-em-acao-de-gracas-celebra-o-servico-dos-coroinhas-na-paroquia-santa-clara-de-assis-em-duque-de-caxias.html","name":"Missa em A\u00e7\u00e3o de Gra\u00e7as celebra o servi\u00e7o dos Coroinhas na Par\u00f3quia Santa Clara de Assis, em Duque de Caxias - Not\u00edcias - Franciscanos","isPartOf":{"@id":"https:\/\/franciscanos.org.br\/noticias\/#website"},"primaryImageOfPage":{"@id":"https:\/\/franciscanos.org.br\/noticias\/missa-em-acao-de-gracas-celebra-o-servico-dos-coroinhas-na-paroquia-santa-clara-de-assis-em-duque-de-caxias.html#primaryimage"},"datePublished":"2025-08-20T15:21:03+00:00","dateModified":"2025-08-20T15:21:03+00:00","author":{"@id":"https:\/\/franciscanos.org.br\/noticias\/#\/schema\/person\/d9422e83121c3ad3b0f423d195f5bb25"},"breadcrumb":{"@id":"https:\/\/franciscanos.org.br\/noticias\/missa-em-acao-de-gracas-celebra-o-servico-dos-coroinhas-na-paroquia-santa-clara-de-assis-em-duque-de-caxias.html#breadcrumb"},"inLanguage":"pt-BR","potentialAction":[{"@type":"ReadAction","target":["https:\/\/franciscanos.org.br\/noticias\/missa-em-acao-de-gracas-celebra-o-servico-dos-coroinhas-na-paroquia-santa-clara-de-assis-em-duque-de-caxias.html"]}]},{"@type":"BreadcrumbList","@id":"https:\/\/franciscanos.org.br\/noticias\/missa-em-acao-de-gracas-celebra-o-servico-dos-coroinhas-na-paroquia-santa-clara-de-assis-em-duque-de-caxias.html#breadcrumb","itemListElement":[{"@type":"ListItem","position":1,"name":"Home","item":"https:\/\/franciscanos.org.br\/noticias"},{"@type":"ListItem","position":2,"name":"Missa em A\u00e7\u00e3o de Gra\u00e7as celebra o servi\u00e7o dos Coroinhas na Par\u00f3quia Santa Clara de Assis, em Duque de Caxias"}]},{"@type":"Person","@id":"https:\/\/franciscanos.org.br\/noticias\/#\/schema\/person\/d9422e83121c3ad3b0f423d195f5bb25","name":"Adriana Rabelo","image":{"@type":"ImageObject","inLanguage":"pt-BR","@id":"https:\/\/franciscanos.org.br\/noticias\/#\/schema\/person\/image\/","url":"https:\/\/secure.gravatar.com\/avatar\/0a937b7500cd7df77540cfb8bede877d?s=96&d=mm&r=g","contentUrl":"https:\/\/secure.gravatar.com\/avatar\/0a937b7500cd7df77540cfb8bede877d?s=96&d=mm&r=g","caption":"Adriana Rabelo"},"url":"https:\/\/franciscanos.org.br\/noticias\/author\/adrianarabelo"}]}},"_links":{"self":[{"href":"https:\/\/franciscanos.org.br\/noticias\/wp-json\/wp\/v2\/posts\/259570"}],"collection":[{"href":"https:\/\/franciscanos.org.br\/noticias\/wp-json\/wp\/v2\/posts"}],"about":[{"href":"https:\/\/franciscanos.org.br\/noticias\/wp-json\/wp\/v2\/types\/post"}],"author":[{"embeddable":true,"href":"https:\/\/franciscanos.org.br\/noticias\/wp-json\/wp\/v2\/users\/11"}],"replies":[{"embeddable":true,"href":"https:\/\/franciscanos.org.br\/noticias\/wp-json\/wp\/v2\/comments?post=259570"}],"version-history":[{"count":1,"href":"https:\/\/franciscanos.org.br\/noticias\/wp-json\/wp\/v2\/posts\/259570\/revisions"}],"predecessor-version":[{"id":259578,"href":"https:\/\/franciscanos.org.br\/noticias\/wp-json\/wp\/v2\/posts\/259570\/revisions\/259578"}],"wp:featuredmedia":[{"embeddable":true,"href":"https:\/\/franciscanos.org.br\/noticias\/wp-json\/wp\/v2\/media\/259577"}],"wp:attachment":[{"href":"https:\/\/franciscanos.org.br\/noticias\/wp-json\/wp\/v2\/media?parent=259570"}],"wp:term":[{"taxonomy":"category","embeddable":true,"href":"https:\/\/franciscanos.org.br\/noticias\/wp-json\/wp\/v2\/categories?post=259570"},{"taxonomy":"post_tag","embeddable":true,"href":"https:\/\/franciscanos.org.br\/noticias\/wp-json\/wp\/v2\/tags?post=259570"}],"curies":[{"name":"wp","href":"https:\/\/api.w.org\/{rel}","templated":true}]}}