{"id":25957,"date":"2012-10-08T08:20:41","date_gmt":"2012-10-08T11:20:41","guid":{"rendered":"http:\/\/new.franciscanos.org.br\/?p=25957"},"modified":"2019-11-01T12:28:52","modified_gmt":"2019-11-01T15:28:52","slug":"cantando-paz-e-bem-supera-obstaculos-e-celebra-francisco-e-clara","status":"publish","type":"post","link":"https:\/\/franciscanos.org.br\/noticias\/cantando-paz-e-bem-supera-obstaculos-e-celebra-francisco-e-clara.html","title":{"rendered":"\u201cCantando Paz e Bem\u201d supera obst\u00e1culos e celebra Francisco e Clara"},"content":{"rendered":"<p><strong><img loading=\"lazy\" class=\"alignright size-full wp-image-25958\" title=\"3765_081012\" src=\"http:\/\/franciscanos.org.br\/wp-content\/uploads\/2012\/10\/3765_081012.jpg\" alt=\"\" width=\"400\" height=\"232\" \/>Samuel Amaral, especial para este site<\/strong><\/p>\n<p>O dia 6 de outubro amanheceu e, com ele, a expectativa de mais um <em>Cantando Paz e Bem. <\/em>\u00a0Foram mais de tr\u00eas meses de ensaios, reuni\u00f5es, ornamenta\u00e7\u00e3o e estudo da vida do homem do mil\u00eanio. Como seria? O que nos esperava esse dia? Perguntas que, aos poucos, foram se dissolvendo e se tornando tensas: \u00a0o som n\u00e3o chegava&#8230; At\u00e9 que, pela gra\u00e7a de Deus e a intercess\u00e3o de S\u00e3o Francisco e Santa Clara, o aparelho chegou e a\u00ed, sim, come\u00e7amos a colocar em pr\u00e1tica o nosso sonho.<\/p>\n<p>O povo foi chegando timidamente e tomando os assentos, enquanto na coxia um corre-corre para preparar figurinos, maquiagens e repassar as falas. Mas tudo com muita alegria. A banda, que j\u00e1 estava preparada, dirigiu-se \u00e0 coxia e, assim, com as preces de cora\u00e7\u00f5es felizes por honrar o santo de Assis, nos reunimos e decidimos: n\u00e3o est\u00e1vamos fazendo um musical nem um mero espet\u00e1culo, mas est\u00e1vamos ali celebrando!<\/p>\n<p>O <em>Cantando Paz e Bem<\/em> come\u00e7ou com a certeza de como estava escrito no roteiro \u201cEste \u00e9 o momento de reencantar\u201d e, ao som dos primeiros acordes da Ora\u00e7\u00e3o de S\u00e3o Francisco, tr\u00eas meses de ensaios de dan\u00e7a e m\u00fasica estavam virando realidade. Ainda tivemos um problema de som logo na primeira fala, mas com improviso \u201ctiramos de letra\u201d.\u00a0 Gra\u00e7as ao bom Deus, o som voltou e, com ele, uma pergunta que norteou todo o espet\u00e1culo. O que faz a o mundo girar? E nessas voltas da vida nos deparamos com Francisco, o pobre de Assis, com sua mensagem de luta por um ideal de Paz e Bem. Procuramos entender a ren\u00fancia de Clara de Assis, que decidiu largar tudo o que tinha por amor a Deus. E, com a resposta de que a vida vale mais do que ter, entendemos o real motivo dessa entrega sem precedentes de Clara.<\/p>\n<p><img loading=\"lazy\" class=\"alignleft size-full wp-image-25959\" title=\"3766_081012\" src=\"http:\/\/franciscanos.org.br\/wp-content\/uploads\/2012\/10\/3766_081012.jpg\" alt=\"\" width=\"400\" height=\"183\" \/>Aprendemos mais sobre Francisco e Clara, que se completavam quando estavam lado a lado ou separados num amor pelo Amado. Relembramos tamb\u00e9m que Francisco, no in\u00edcio de sua caminhada, n\u00e3o entendeu bem a sua miss\u00e3o e que correu atr\u00e1s de v\u00e1rias coisas que julgavam certas. Mas o Evangelho entrou em sua vida e, aos poucos, \u00a0foi discernindo que servir ao Senhor \u00e9 sempre melhor que servir ao servo. E, com a miss\u00e3o de reconstruir a Igreja de Cristo, fomos ao caminho.<\/p>\n<p>Conhecemos a perfeita alegria de Francisco, vimos que nem sempre \u00e9 f\u00e1cil seguir a Deus. Muitas portas ser\u00e3o fechadas e que, se realmente suportamos na paz, encontraremos a perfeita alegria. E tamb\u00e9m que as coisas boas devem ser agradecidas, mas n\u00e3o tanto exaltadas a nosso favor, pois tudo vem de Deus, menos o sofrimento. Conseguimos nos gloriar de nossas ang\u00fastias porque essas, sim, s\u00e3o nossas e entender que se for imita\u00e7\u00e3o da figura de Cristo, estaremos no caminho certo.<\/p>\n<p><img loading=\"lazy\" class=\"size-full wp-image-25960 alignright\" title=\"3767_081012\" src=\"http:\/\/franciscanos.org.br\/wp-content\/uploads\/2012\/10\/3767_081012.jpg\" alt=\"\" width=\"400\" height=\"188\" \/>Caminhamos pelos sonhos de crian\u00e7a que, por muitas vezes, s\u00e3o destru\u00eddos e, como num espelho,\u00a0 n\u00e3o nos reconhecemos mais. N\u00f3s nos permitimos, diversas vezes, nos aprisionar e nos deixar aprisionar. Nos sufocamos de tal maneira que chegamos a duvidar do real amor e com uma bela can\u00e7\u00e3o fomos convidados a olhar a irm\u00e3 Lua que brilha t\u00e3o bela e calma nos ensinando que n\u00e3o devemos parar de sonhar.<\/p>\n<p>Questionados sobre o amor em nosso tempo, fomos convidados e refletir como Clara e Francisco souberam viver o verbo amar. Nesse momento, todos os que trabalharam na organiza\u00e7\u00e3o, dan\u00e7a, teatro e m\u00fasica sa\u00edram de seus lugares e ofertaram a seus entes o que eles amavam de verdade: uma flor de papel, que simbolizava todo amor e esfor\u00e7o de cada um. E que dever\u00edamos voltar sempre ao nosso ponto de partida.<\/p>\n<p>Esse momento seguiu-se de outro mostrando que as desigualdades ainda existem, que a escravid\u00e3o, a tortura e viol\u00eancia ainda matam mais que as guerras. Que nossa natureza \u00e9 agredida todos os dias e n\u00f3s n\u00e3o fazemos nada, n\u00e3o falamos nada e, por muitas vezes, n\u00e3o sentimos nada. Relembramos os jovens que foram assassinados na regi\u00e3o de Mesquita &#8211; RJ, parte essa que n\u00e3o estava no roteiro original e que, atrav\u00e9s da voz do coordenador Diocesano de Nova Igua\u00e7u da Pastoral de Juventude, foi lembrada pela ora\u00e7\u00e3o a S\u00e3o Francisco do Beato Papa Jo\u00e3o II.<\/p>\n<p>Com o convite de sermos mais semelhantes a Deus e sentir esse amor pelo amado, devemos anunciar a Paz que existe em nossos cora\u00e7\u00f5es. Pois essa \u00e9 a nossa miss\u00e3o: fazer o bem, transmitir a paz e trabalhar para o crescimento do reino de Deus, que tamb\u00e9m \u00e9 nosso! E saudando a cria\u00e7\u00e3o de Deus, o <em>Cantando Paz e Bem<\/em>, que, a princ\u00edpio, era como um sonho cheio de apreens\u00e3o se tornou uma realidade de muita alegria, com o sentimento de dever cumprido. Deus aben\u00e7oou a cada um que foi e, com certeza, S\u00e3o Francisco de Assis e Santa Clara estiveram conosco o tempo todo. Paz e Bem!<\/p>\n<p><strong>Veja mais:<\/strong> <a href=\"http:\/\/cantandopazebem.blogspot.com.br\/\" target=\"_blank\" rel=\"noopener noreferrer\">http:\/\/cantandopazebem.blogspot.com.br\/<\/a><\/p>\n","protected":false},"excerpt":{"rendered":"<p>Cultura Franciscana<\/p>\n","protected":false},"author":1,"featured_media":213384,"comment_status":"closed","ping_status":"open","sticky":false,"template":"","format":"standard","meta":[],"categories":[1],"tags":[76],"acf":[],"yoast_head":"<!-- This site is optimized with the Yoast SEO plugin v19.2 - https:\/\/yoast.com\/wordpress\/plugins\/seo\/ -->\n<title>\u201cCantando Paz e Bem\u201d supera obst\u00e1culos e celebra Francisco e Clara - Not\u00edcias - Franciscanos<\/title>\n<meta name=\"robots\" content=\"index, follow, max-snippet:-1, max-image-preview:large, max-video-preview:-1\" \/>\n<link rel=\"canonical\" href=\"https:\/\/franciscanos.org.br\/noticias\/cantando-paz-e-bem-supera-obstaculos-e-celebra-francisco-e-clara.html\" \/>\n<meta property=\"og:locale\" content=\"pt_BR\" \/>\n<meta property=\"og:type\" content=\"article\" \/>\n<meta property=\"og:title\" content=\"\u201cCantando Paz e Bem\u201d supera obst\u00e1culos e celebra Francisco e Clara - Not\u00edcias - Franciscanos\" \/>\n<meta property=\"og:description\" content=\"Cultura Franciscana\" \/>\n<meta property=\"og:url\" content=\"https:\/\/franciscanos.org.br\/noticias\/cantando-paz-e-bem-supera-obstaculos-e-celebra-francisco-e-clara.html\" \/>\n<meta property=\"og:site_name\" content=\"Not\u00edcias - Franciscanos\" \/>\n<meta property=\"article:published_time\" content=\"2012-10-08T11:20:41+00:00\" \/>\n<meta property=\"article:modified_time\" content=\"2019-11-01T15:28:52+00:00\" \/>\n<meta property=\"og:image\" content=\"https:\/\/franciscanos.org.br\/noticias\/wp-content\/uploads\/2012\/10\/3766_081012.jpg\" \/>\n\t<meta property=\"og:image:width\" content=\"273\" \/>\n\t<meta property=\"og:image:height\" content=\"181\" \/>\n\t<meta property=\"og:image:type\" content=\"image\/jpeg\" \/>\n<meta name=\"author\" content=\"admin\" \/>\n<meta name=\"twitter:card\" content=\"summary_large_image\" \/>\n<meta name=\"twitter:label1\" content=\"Escrito por\" \/>\n\t<meta name=\"twitter:data1\" content=\"admin\" \/>\n\t<meta name=\"twitter:label2\" content=\"Est. tempo de leitura\" \/>\n\t<meta name=\"twitter:data2\" content=\"4 minutos\" \/>\n<script type=\"application\/ld+json\" class=\"yoast-schema-graph\">{\"@context\":\"https:\/\/schema.org\",\"@graph\":[{\"@type\":\"WebSite\",\"@id\":\"https:\/\/franciscanos.org.br\/noticias\/#website\",\"url\":\"https:\/\/franciscanos.org.br\/noticias\/\",\"name\":\"Not\u00edcias - Franciscanos\",\"description\":\"Prov\u00edncia Franciscana da Imaculada Concei\u00e7\u00e3o do Brasil - Ordem dos Frades Menores - OFM\",\"potentialAction\":[{\"@type\":\"SearchAction\",\"target\":{\"@type\":\"EntryPoint\",\"urlTemplate\":\"https:\/\/franciscanos.org.br\/noticias\/?s={search_term_string}\"},\"query-input\":\"required name=search_term_string\"}],\"inLanguage\":\"pt-BR\"},{\"@type\":\"ImageObject\",\"inLanguage\":\"pt-BR\",\"@id\":\"https:\/\/franciscanos.org.br\/noticias\/cantando-paz-e-bem-supera-obstaculos-e-celebra-francisco-e-clara.html#primaryimage\",\"url\":\"https:\/\/franciscanos.org.br\/noticias\/wp-content\/uploads\/2012\/10\/3766_081012.jpg\",\"contentUrl\":\"https:\/\/franciscanos.org.br\/noticias\/wp-content\/uploads\/2012\/10\/3766_081012.jpg\",\"width\":273,\"height\":181},{\"@type\":\"WebPage\",\"@id\":\"https:\/\/franciscanos.org.br\/noticias\/cantando-paz-e-bem-supera-obstaculos-e-celebra-francisco-e-clara.html#webpage\",\"url\":\"https:\/\/franciscanos.org.br\/noticias\/cantando-paz-e-bem-supera-obstaculos-e-celebra-francisco-e-clara.html\",\"name\":\"\u201cCantando Paz e Bem\u201d supera obst\u00e1culos e celebra Francisco e Clara - Not\u00edcias - Franciscanos\",\"isPartOf\":{\"@id\":\"https:\/\/franciscanos.org.br\/noticias\/#website\"},\"primaryImageOfPage\":{\"@id\":\"https:\/\/franciscanos.org.br\/noticias\/cantando-paz-e-bem-supera-obstaculos-e-celebra-francisco-e-clara.html#primaryimage\"},\"datePublished\":\"2012-10-08T11:20:41+00:00\",\"dateModified\":\"2019-11-01T15:28:52+00:00\",\"author\":{\"@id\":\"https:\/\/franciscanos.org.br\/noticias\/#\/schema\/person\/b38fbf43118f02820bd932f2e4b14ad3\"},\"breadcrumb\":{\"@id\":\"https:\/\/franciscanos.org.br\/noticias\/cantando-paz-e-bem-supera-obstaculos-e-celebra-francisco-e-clara.html#breadcrumb\"},\"inLanguage\":\"pt-BR\",\"potentialAction\":[{\"@type\":\"ReadAction\",\"target\":[\"https:\/\/franciscanos.org.br\/noticias\/cantando-paz-e-bem-supera-obstaculos-e-celebra-francisco-e-clara.html\"]}]},{\"@type\":\"BreadcrumbList\",\"@id\":\"https:\/\/franciscanos.org.br\/noticias\/cantando-paz-e-bem-supera-obstaculos-e-celebra-francisco-e-clara.html#breadcrumb\",\"itemListElement\":[{\"@type\":\"ListItem\",\"position\":1,\"name\":\"Home\",\"item\":\"https:\/\/franciscanos.org.br\/noticias\"},{\"@type\":\"ListItem\",\"position\":2,\"name\":\"\u201cCantando Paz e Bem\u201d supera obst\u00e1culos e celebra Francisco e Clara\"}]},{\"@type\":\"Person\",\"@id\":\"https:\/\/franciscanos.org.br\/noticias\/#\/schema\/person\/b38fbf43118f02820bd932f2e4b14ad3\",\"name\":\"admin\",\"image\":{\"@type\":\"ImageObject\",\"inLanguage\":\"pt-BR\",\"@id\":\"https:\/\/franciscanos.org.br\/noticias\/#\/schema\/person\/image\/\",\"url\":\"https:\/\/secure.gravatar.com\/avatar\/e8495742d34d0ba6448ea1c628263b3e?s=96&d=mm&r=g\",\"contentUrl\":\"https:\/\/secure.gravatar.com\/avatar\/e8495742d34d0ba6448ea1c628263b3e?s=96&d=mm&r=g\",\"caption\":\"admin\"},\"url\":\"https:\/\/franciscanos.org.br\/noticias\/author\/admin\"}]}<\/script>\n<!-- \/ Yoast SEO plugin. -->","yoast_head_json":{"title":"\u201cCantando Paz e Bem\u201d supera obst\u00e1culos e celebra Francisco e Clara - Not\u00edcias - Franciscanos","robots":{"index":"index","follow":"follow","max-snippet":"max-snippet:-1","max-image-preview":"max-image-preview:large","max-video-preview":"max-video-preview:-1"},"canonical":"https:\/\/franciscanos.org.br\/noticias\/cantando-paz-e-bem-supera-obstaculos-e-celebra-francisco-e-clara.html","og_locale":"pt_BR","og_type":"article","og_title":"\u201cCantando Paz e Bem\u201d supera obst\u00e1culos e celebra Francisco e Clara - Not\u00edcias - Franciscanos","og_description":"Cultura Franciscana","og_url":"https:\/\/franciscanos.org.br\/noticias\/cantando-paz-e-bem-supera-obstaculos-e-celebra-francisco-e-clara.html","og_site_name":"Not\u00edcias - Franciscanos","article_published_time":"2012-10-08T11:20:41+00:00","article_modified_time":"2019-11-01T15:28:52+00:00","og_image":[{"width":273,"height":181,"url":"https:\/\/franciscanos.org.br\/noticias\/wp-content\/uploads\/2012\/10\/3766_081012.jpg","type":"image\/jpeg"}],"author":"admin","twitter_card":"summary_large_image","twitter_misc":{"Escrito por":"admin","Est. tempo de leitura":"4 minutos"},"schema":{"@context":"https:\/\/schema.org","@graph":[{"@type":"WebSite","@id":"https:\/\/franciscanos.org.br\/noticias\/#website","url":"https:\/\/franciscanos.org.br\/noticias\/","name":"Not\u00edcias - Franciscanos","description":"Prov\u00edncia Franciscana da Imaculada Concei\u00e7\u00e3o do Brasil - Ordem dos Frades Menores - OFM","potentialAction":[{"@type":"SearchAction","target":{"@type":"EntryPoint","urlTemplate":"https:\/\/franciscanos.org.br\/noticias\/?s={search_term_string}"},"query-input":"required name=search_term_string"}],"inLanguage":"pt-BR"},{"@type":"ImageObject","inLanguage":"pt-BR","@id":"https:\/\/franciscanos.org.br\/noticias\/cantando-paz-e-bem-supera-obstaculos-e-celebra-francisco-e-clara.html#primaryimage","url":"https:\/\/franciscanos.org.br\/noticias\/wp-content\/uploads\/2012\/10\/3766_081012.jpg","contentUrl":"https:\/\/franciscanos.org.br\/noticias\/wp-content\/uploads\/2012\/10\/3766_081012.jpg","width":273,"height":181},{"@type":"WebPage","@id":"https:\/\/franciscanos.org.br\/noticias\/cantando-paz-e-bem-supera-obstaculos-e-celebra-francisco-e-clara.html#webpage","url":"https:\/\/franciscanos.org.br\/noticias\/cantando-paz-e-bem-supera-obstaculos-e-celebra-francisco-e-clara.html","name":"\u201cCantando Paz e Bem\u201d supera obst\u00e1culos e celebra Francisco e Clara - Not\u00edcias - Franciscanos","isPartOf":{"@id":"https:\/\/franciscanos.org.br\/noticias\/#website"},"primaryImageOfPage":{"@id":"https:\/\/franciscanos.org.br\/noticias\/cantando-paz-e-bem-supera-obstaculos-e-celebra-francisco-e-clara.html#primaryimage"},"datePublished":"2012-10-08T11:20:41+00:00","dateModified":"2019-11-01T15:28:52+00:00","author":{"@id":"https:\/\/franciscanos.org.br\/noticias\/#\/schema\/person\/b38fbf43118f02820bd932f2e4b14ad3"},"breadcrumb":{"@id":"https:\/\/franciscanos.org.br\/noticias\/cantando-paz-e-bem-supera-obstaculos-e-celebra-francisco-e-clara.html#breadcrumb"},"inLanguage":"pt-BR","potentialAction":[{"@type":"ReadAction","target":["https:\/\/franciscanos.org.br\/noticias\/cantando-paz-e-bem-supera-obstaculos-e-celebra-francisco-e-clara.html"]}]},{"@type":"BreadcrumbList","@id":"https:\/\/franciscanos.org.br\/noticias\/cantando-paz-e-bem-supera-obstaculos-e-celebra-francisco-e-clara.html#breadcrumb","itemListElement":[{"@type":"ListItem","position":1,"name":"Home","item":"https:\/\/franciscanos.org.br\/noticias"},{"@type":"ListItem","position":2,"name":"\u201cCantando Paz e Bem\u201d supera obst\u00e1culos e celebra Francisco e Clara"}]},{"@type":"Person","@id":"https:\/\/franciscanos.org.br\/noticias\/#\/schema\/person\/b38fbf43118f02820bd932f2e4b14ad3","name":"admin","image":{"@type":"ImageObject","inLanguage":"pt-BR","@id":"https:\/\/franciscanos.org.br\/noticias\/#\/schema\/person\/image\/","url":"https:\/\/secure.gravatar.com\/avatar\/e8495742d34d0ba6448ea1c628263b3e?s=96&d=mm&r=g","contentUrl":"https:\/\/secure.gravatar.com\/avatar\/e8495742d34d0ba6448ea1c628263b3e?s=96&d=mm&r=g","caption":"admin"},"url":"https:\/\/franciscanos.org.br\/noticias\/author\/admin"}]}},"_links":{"self":[{"href":"https:\/\/franciscanos.org.br\/noticias\/wp-json\/wp\/v2\/posts\/25957"}],"collection":[{"href":"https:\/\/franciscanos.org.br\/noticias\/wp-json\/wp\/v2\/posts"}],"about":[{"href":"https:\/\/franciscanos.org.br\/noticias\/wp-json\/wp\/v2\/types\/post"}],"author":[{"embeddable":true,"href":"https:\/\/franciscanos.org.br\/noticias\/wp-json\/wp\/v2\/users\/1"}],"replies":[{"embeddable":true,"href":"https:\/\/franciscanos.org.br\/noticias\/wp-json\/wp\/v2\/comments?post=25957"}],"version-history":[{"count":0,"href":"https:\/\/franciscanos.org.br\/noticias\/wp-json\/wp\/v2\/posts\/25957\/revisions"}],"wp:featuredmedia":[{"embeddable":true,"href":"https:\/\/franciscanos.org.br\/noticias\/wp-json\/wp\/v2\/media\/213384"}],"wp:attachment":[{"href":"https:\/\/franciscanos.org.br\/noticias\/wp-json\/wp\/v2\/media?parent=25957"}],"wp:term":[{"taxonomy":"category","embeddable":true,"href":"https:\/\/franciscanos.org.br\/noticias\/wp-json\/wp\/v2\/categories?post=25957"},{"taxonomy":"post_tag","embeddable":true,"href":"https:\/\/franciscanos.org.br\/noticias\/wp-json\/wp\/v2\/tags?post=25957"}],"curies":[{"name":"wp","href":"https:\/\/api.w.org\/{rel}","templated":true}]}}