{"id":259544,"date":"2025-08-19T15:36:43","date_gmt":"2025-08-19T18:36:43","guid":{"rendered":"https:\/\/franciscanos.org.br\/noticias\/?p=259544"},"modified":"2025-08-19T15:39:57","modified_gmt":"2025-08-19T18:39:57","slug":"romaria-ao-convento-familia-e-lugar-da-acolhida-da-materializacao-do-amor","status":"publish","type":"post","link":"https:\/\/franciscanos.org.br\/noticias\/romaria-ao-convento-familia-e-lugar-da-acolhida-da-materializacao-do-amor.html","title":{"rendered":"Romaria ao Convento: \u201cFam\u00edlia \u00e9 lugar da acolhida, da materializa\u00e7\u00e3o do amor\u201d"},"content":{"rendered":"<p><img loading=\"lazy\" class=\"aligncenter wp-image-259545 size-full\" src=\"https:\/\/franciscanos.org.br\/noticias\/wp-content\/uploads\/2025\/08\/MATERIA-29.png\" alt=\"\" width=\"1280\" height=\"720\" srcset=\"https:\/\/franciscanos.org.br\/noticias\/wp-content\/uploads\/2025\/08\/MATERIA-29.png 1280w, https:\/\/franciscanos.org.br\/noticias\/wp-content\/uploads\/2025\/08\/MATERIA-29-450x253.png 450w, https:\/\/franciscanos.org.br\/noticias\/wp-content\/uploads\/2025\/08\/MATERIA-29-1024x576.png 1024w, https:\/\/franciscanos.org.br\/noticias\/wp-content\/uploads\/2025\/08\/MATERIA-29-768x432.png 768w, https:\/\/franciscanos.org.br\/noticias\/wp-content\/uploads\/2025\/08\/MATERIA-29-150x84.png 150w\" sizes=\"(max-width: 1280px) 100vw, 1280px\" \/><\/p>\n<p>Na tarde do \u00faltimo s\u00e1bado (16), a Arquidiocese de Vit\u00f3ria realizou o encerramento da Semana Nacional da Fam\u00edlia. A tradicional Romaria das Fam\u00edlias reuniu centenas de fi\u00e9is que percorreram o trajeto do Santu\u00e1rio Divino Esp\u00edrito Santo, no centro de Vila Velha (ES), at\u00e9 o Campinho do Convento da Penha.<\/p>\n<p>Diversas fam\u00edlias dos movimentos e servi\u00e7os da Pastoral Familiar (Setor Vida e Fam\u00edlia) participaram, levando no cora\u00e7\u00e3o a devo\u00e7\u00e3o \u00e0 Padroeira e manifestando o desejo de se tornarem \u201cperegrinas de esperan\u00e7a\u201d, pelo exemplo da Sagrada Fam\u00edlia. Padres, religiosos e seminaristas tamb\u00e9m estiveram presentes na Celebra\u00e7\u00e3o Eucar\u00edstica que foi presidida pelo Frei Gabriel Dellandrea.<\/p>\n<p>Na homilia, o Guardi\u00e3o definiu o que \u00e9 ser fam\u00edlia. \u201cA vida crist\u00e3 n\u00e3o \u00e9 uma ideia, \u00e9 uma pr\u00e1tica. E aqui proclamamos que ser fam\u00edlia n\u00e3o \u00e9 uma ideia, \u00e9 uma realidade. Ser fam\u00edlia n\u00e3o \u00e9 s\u00f3 um conceito, mas uma pr\u00e1tica constante. E por isso assim como Deus se tornou um corpo real entre n\u00f3s, n\u00f3s tamb\u00e9m queremos ser a realidade, a materializa\u00e7\u00e3o em fam\u00edlia de conceitos que sempre ouvimos como bons. Na fam\u00edlia \u00e9 o lugar onde o perd\u00e3o se torna mat\u00e9ria. N\u00e3o \u00e9 s\u00f3 uma ideia bonita colocada na agenda, mas o perd\u00e3o \u00e9 abra\u00e7o, o perd\u00e3o \u00e9 acolhida. Na fam\u00edlia o di\u00e1logo n\u00e3o \u00e9 s\u00f3 uma intui\u00e7\u00e3o interessante, mas \u00e9 um exerc\u00edcio de sentar-se \u00e0 mesa e colocar de vez em quando os pingos nos \u2018is\u2019 para que tudo possa continuar caminhando bem\u201d, destacou.<\/p>\n<p><img loading=\"lazy\" class=\"aligncenter wp-image-259546 size-full\" src=\"https:\/\/franciscanos.org.br\/noticias\/wp-content\/uploads\/2025\/08\/MATERIA-2-8.png\" alt=\"\" width=\"1280\" height=\"720\" srcset=\"https:\/\/franciscanos.org.br\/noticias\/wp-content\/uploads\/2025\/08\/MATERIA-2-8.png 1280w, https:\/\/franciscanos.org.br\/noticias\/wp-content\/uploads\/2025\/08\/MATERIA-2-8-450x253.png 450w, https:\/\/franciscanos.org.br\/noticias\/wp-content\/uploads\/2025\/08\/MATERIA-2-8-1024x576.png 1024w, https:\/\/franciscanos.org.br\/noticias\/wp-content\/uploads\/2025\/08\/MATERIA-2-8-768x432.png 768w, https:\/\/franciscanos.org.br\/noticias\/wp-content\/uploads\/2025\/08\/MATERIA-2-8-150x84.png 150w\" sizes=\"(max-width: 1280px) 100vw, 1280px\" \/><\/p>\n<p>\u201cA fam\u00edlia tamb\u00e9m \u00e9 o lugar da acolhida. E acolher por vezes \u00e9 justamente sentir o corpo do outro que nos abra\u00e7a e diz eu estou contigo, me perdoe, eu te amo, que saudade que eu estava de voc\u00ea. \u00c9 transformar em mat\u00e9ria a ideia bonita que muitos proclamam e poucos fazem. Por isso ser fam\u00edlia \u00e9 a materializa\u00e7\u00e3o do amor.<\/p>\n<p>Sobre a Solenidade da Assun\u00e7\u00e3o de Maria, o frei explicou a import\u00e2ncia deste dogma. \u201cOuvinte da Palavra de Deus, como ouvimos no Evangelho de hoje, feliz foi ela porque ouviu a Palavra do Senhor e se deixou moldar. N\u00e3o foi s\u00f3 a m\u00e3e, mas na sua grandiosidade se torna disc\u00edpula. E por isso, na cruz, n\u00e3o morre a m\u00e3e, mas nasce a M\u00e3e da igreja. Dada por Cristo esta miss\u00e3o \u00e0 sua m\u00e3e. M\u00e3e, eis a\u00ed o teu filho. N\u00f3s somos esses filhos desta m\u00e3e gigante que nos convida a olhar para o c\u00e9u e que temos certeza que nos acolhe nas nossas dores, como uma m\u00e3e acolhe o filho pequeno. E esta Solenidade da Assun\u00e7\u00e3o da Virgem Maria \u00e9 muito marcante para a hist\u00f3ria da igreja. Por muitos anos ela demorou de ser proclamada, mas foi proclamado esse dogma num momento muito interessante, no ano de 1950. Est\u00e1vamos vivendo o p\u00f3s-Segunda Guerra Mundial e a igreja proclama esse dogma onde n\u00f3s dizemos que Maria subiu de corpo e alma para o c\u00e9u\u201d, disse.<\/p>\n\n\t\t<style type=\"text\/css\">\n\t\t\t#gallery-1 {\n\t\t\t\tmargin: auto;\n\t\t\t}\n\t\t\t#gallery-1 .gallery-item {\n\t\t\t\tfloat: left;\n\t\t\t\tmargin-top: 10px;\n\t\t\t\ttext-align: center;\n\t\t\t\twidth: 25%;\n\t\t\t}\n\t\t\t#gallery-1 img {\n\t\t\t\tborder: 2px solid #cfcfcf;\n\t\t\t}\n\t\t\t#gallery-1 .gallery-caption {\n\t\t\t\tmargin-left: 0;\n\t\t\t}\n\t\t\t\/* see gallery_shortcode() in wp-includes\/media.php *\/\n\t\t<\/style>\n\t\t<div id='gallery-1' class='gallery galleryid-259544 gallery-columns-4 gallery-size-thumbnail'><dl class='gallery-item'>\n\t\t\t<dt class='gallery-icon landscape'>\n\t\t\t\t<a href='https:\/\/franciscanos.org.br\/noticias\/wp-content\/uploads\/2025\/08\/Romaria-das-Familias-ao-Convento-2025-72-1536x1024-1.jpg'><img width=\"300\" height=\"300\" src=\"https:\/\/franciscanos.org.br\/noticias\/wp-content\/uploads\/2025\/08\/Romaria-das-Familias-ao-Convento-2025-72-1536x1024-1-300x300.jpg\" class=\"attachment-thumbnail size-thumbnail\" alt=\"\" loading=\"lazy\" srcset=\"https:\/\/franciscanos.org.br\/noticias\/wp-content\/uploads\/2025\/08\/Romaria-das-Familias-ao-Convento-2025-72-1536x1024-1-300x300.jpg 300w, https:\/\/franciscanos.org.br\/noticias\/wp-content\/uploads\/2025\/08\/Romaria-das-Familias-ao-Convento-2025-72-1536x1024-1-100x100.jpg 100w\" sizes=\"(max-width: 300px) 100vw, 300px\" \/><\/a>\n\t\t\t<\/dt><\/dl><dl class='gallery-item'>\n\t\t\t<dt class='gallery-icon landscape'>\n\t\t\t\t<a href='https:\/\/franciscanos.org.br\/noticias\/wp-content\/uploads\/2025\/08\/Romaria-das-Familias-ao-Convento-2025-65-1536x1024-1.jpg'><img width=\"300\" height=\"300\" src=\"https:\/\/franciscanos.org.br\/noticias\/wp-content\/uploads\/2025\/08\/Romaria-das-Familias-ao-Convento-2025-65-1536x1024-1-300x300.jpg\" class=\"attachment-thumbnail size-thumbnail\" alt=\"\" loading=\"lazy\" srcset=\"https:\/\/franciscanos.org.br\/noticias\/wp-content\/uploads\/2025\/08\/Romaria-das-Familias-ao-Convento-2025-65-1536x1024-1-300x300.jpg 300w, https:\/\/franciscanos.org.br\/noticias\/wp-content\/uploads\/2025\/08\/Romaria-das-Familias-ao-Convento-2025-65-1536x1024-1-100x100.jpg 100w\" sizes=\"(max-width: 300px) 100vw, 300px\" \/><\/a>\n\t\t\t<\/dt><\/dl><dl class='gallery-item'>\n\t\t\t<dt class='gallery-icon landscape'>\n\t\t\t\t<a href='https:\/\/franciscanos.org.br\/noticias\/wp-content\/uploads\/2025\/08\/Romaria-das-Familias-ao-Convento-2025-126-1536x1024-1.jpg'><img width=\"300\" height=\"300\" src=\"https:\/\/franciscanos.org.br\/noticias\/wp-content\/uploads\/2025\/08\/Romaria-das-Familias-ao-Convento-2025-126-1536x1024-1-300x300.jpg\" class=\"attachment-thumbnail size-thumbnail\" alt=\"\" loading=\"lazy\" srcset=\"https:\/\/franciscanos.org.br\/noticias\/wp-content\/uploads\/2025\/08\/Romaria-das-Familias-ao-Convento-2025-126-1536x1024-1-300x300.jpg 300w, https:\/\/franciscanos.org.br\/noticias\/wp-content\/uploads\/2025\/08\/Romaria-das-Familias-ao-Convento-2025-126-1536x1024-1-100x100.jpg 100w\" sizes=\"(max-width: 300px) 100vw, 300px\" \/><\/a>\n\t\t\t<\/dt><\/dl><dl class='gallery-item'>\n\t\t\t<dt class='gallery-icon landscape'>\n\t\t\t\t<a href='https:\/\/franciscanos.org.br\/noticias\/wp-content\/uploads\/2025\/08\/Romaria-das-Familias-ao-Convento-2025-62-1536x1024-1.jpg'><img width=\"300\" height=\"300\" src=\"https:\/\/franciscanos.org.br\/noticias\/wp-content\/uploads\/2025\/08\/Romaria-das-Familias-ao-Convento-2025-62-1536x1024-1-300x300.jpg\" class=\"attachment-thumbnail size-thumbnail\" alt=\"\" loading=\"lazy\" srcset=\"https:\/\/franciscanos.org.br\/noticias\/wp-content\/uploads\/2025\/08\/Romaria-das-Familias-ao-Convento-2025-62-1536x1024-1-300x300.jpg 300w, https:\/\/franciscanos.org.br\/noticias\/wp-content\/uploads\/2025\/08\/Romaria-das-Familias-ao-Convento-2025-62-1536x1024-1-100x100.jpg 100w\" sizes=\"(max-width: 300px) 100vw, 300px\" \/><\/a>\n\t\t\t<\/dt><\/dl><br style=\"clear: both\" \/>\n\t\t<\/div>\n\n<p>E continuou: \u201cA palavra \u2018corpo\u2019 nos parece por um momento estranha, porque n\u00f3s \u00e0s vezes temos uma certa dificuldade com o nosso corpo. Quando pensamos em algo de Deus, s\u00f3 pensamos no c\u00e9u, na eternidade. E \u00e9 realmente, mas o nosso corpo tamb\u00e9m \u00e9 a cria\u00e7\u00e3o de Deus. Por isso a igreja proclama que Maria subiu de corpo e alma e o seu corpo \u00e9 para n\u00f3s tamb\u00e9m um exemplo de como bem usar o corpo. E a igreja ao proclamar o dogma da Assun\u00e7\u00e3o da Virgem Maria, logo depois da segunda guerra mundial, onde o corpo foi destru\u00eddo pela viol\u00eancia, afirma que o corpo tamb\u00e9m \u00e9 templo do Esp\u00edrito Santo, deve ser guardado, deve ser respeitado. O corpo \u00e9 onde podemos manifestar a gra\u00e7a de Deus\u201d, lembrou.<\/p>\n\n\t\t<style type=\"text\/css\">\n\t\t\t#gallery-2 {\n\t\t\t\tmargin: auto;\n\t\t\t}\n\t\t\t#gallery-2 .gallery-item {\n\t\t\t\tfloat: left;\n\t\t\t\tmargin-top: 10px;\n\t\t\t\ttext-align: center;\n\t\t\t\twidth: 25%;\n\t\t\t}\n\t\t\t#gallery-2 img {\n\t\t\t\tborder: 2px solid #cfcfcf;\n\t\t\t}\n\t\t\t#gallery-2 .gallery-caption {\n\t\t\t\tmargin-left: 0;\n\t\t\t}\n\t\t\t\/* see gallery_shortcode() in wp-includes\/media.php *\/\n\t\t<\/style>\n\t\t<div id='gallery-2' class='gallery galleryid-259544 gallery-columns-4 gallery-size-thumbnail'><dl class='gallery-item'>\n\t\t\t<dt class='gallery-icon landscape'>\n\t\t\t\t<a href='https:\/\/franciscanos.org.br\/noticias\/wp-content\/uploads\/2025\/08\/Romaria-das-Familias-ao-Convento-2025-28-1536x1024-1.jpg'><img width=\"300\" height=\"300\" src=\"https:\/\/franciscanos.org.br\/noticias\/wp-content\/uploads\/2025\/08\/Romaria-das-Familias-ao-Convento-2025-28-1536x1024-1-300x300.jpg\" class=\"attachment-thumbnail size-thumbnail\" alt=\"\" loading=\"lazy\" srcset=\"https:\/\/franciscanos.org.br\/noticias\/wp-content\/uploads\/2025\/08\/Romaria-das-Familias-ao-Convento-2025-28-1536x1024-1-300x300.jpg 300w, https:\/\/franciscanos.org.br\/noticias\/wp-content\/uploads\/2025\/08\/Romaria-das-Familias-ao-Convento-2025-28-1536x1024-1-100x100.jpg 100w\" sizes=\"(max-width: 300px) 100vw, 300px\" \/><\/a>\n\t\t\t<\/dt><\/dl><dl class='gallery-item'>\n\t\t\t<dt class='gallery-icon landscape'>\n\t\t\t\t<a href='https:\/\/franciscanos.org.br\/noticias\/wp-content\/uploads\/2025\/08\/Romaria-das-Familias-ao-Convento-2025-40-1536x1024-1.jpg'><img width=\"300\" height=\"300\" src=\"https:\/\/franciscanos.org.br\/noticias\/wp-content\/uploads\/2025\/08\/Romaria-das-Familias-ao-Convento-2025-40-1536x1024-1-300x300.jpg\" class=\"attachment-thumbnail size-thumbnail\" alt=\"\" loading=\"lazy\" srcset=\"https:\/\/franciscanos.org.br\/noticias\/wp-content\/uploads\/2025\/08\/Romaria-das-Familias-ao-Convento-2025-40-1536x1024-1-300x300.jpg 300w, https:\/\/franciscanos.org.br\/noticias\/wp-content\/uploads\/2025\/08\/Romaria-das-Familias-ao-Convento-2025-40-1536x1024-1-100x100.jpg 100w\" sizes=\"(max-width: 300px) 100vw, 300px\" \/><\/a>\n\t\t\t<\/dt><\/dl><dl class='gallery-item'>\n\t\t\t<dt class='gallery-icon landscape'>\n\t\t\t\t<a href='https:\/\/franciscanos.org.br\/noticias\/wp-content\/uploads\/2025\/08\/Romaria-das-Familias-ao-Convento-2025-50-1536x1024-1.jpg'><img width=\"300\" height=\"300\" src=\"https:\/\/franciscanos.org.br\/noticias\/wp-content\/uploads\/2025\/08\/Romaria-das-Familias-ao-Convento-2025-50-1536x1024-1-300x300.jpg\" class=\"attachment-thumbnail size-thumbnail\" alt=\"\" loading=\"lazy\" srcset=\"https:\/\/franciscanos.org.br\/noticias\/wp-content\/uploads\/2025\/08\/Romaria-das-Familias-ao-Convento-2025-50-1536x1024-1-300x300.jpg 300w, https:\/\/franciscanos.org.br\/noticias\/wp-content\/uploads\/2025\/08\/Romaria-das-Familias-ao-Convento-2025-50-1536x1024-1-100x100.jpg 100w\" sizes=\"(max-width: 300px) 100vw, 300px\" \/><\/a>\n\t\t\t<\/dt><\/dl><dl class='gallery-item'>\n\t\t\t<dt class='gallery-icon landscape'>\n\t\t\t\t<a href='https:\/\/franciscanos.org.br\/noticias\/wp-content\/uploads\/2025\/08\/Romaria-das-Familias-ao-Convento-2025-58-1536x1024-1.jpg'><img width=\"300\" height=\"300\" src=\"https:\/\/franciscanos.org.br\/noticias\/wp-content\/uploads\/2025\/08\/Romaria-das-Familias-ao-Convento-2025-58-1536x1024-1-300x300.jpg\" class=\"attachment-thumbnail size-thumbnail\" alt=\"\" loading=\"lazy\" srcset=\"https:\/\/franciscanos.org.br\/noticias\/wp-content\/uploads\/2025\/08\/Romaria-das-Familias-ao-Convento-2025-58-1536x1024-1-300x300.jpg 300w, https:\/\/franciscanos.org.br\/noticias\/wp-content\/uploads\/2025\/08\/Romaria-das-Familias-ao-Convento-2025-58-1536x1024-1-100x100.jpg 100w\" sizes=\"(max-width: 300px) 100vw, 300px\" \/><\/a>\n\t\t\t<\/dt><\/dl><br style=\"clear: both\" \/>\n\t\t<\/div>\n\n<p>\u201cA vida crist\u00e3, irm\u00e3os e irm\u00e3s, n\u00e3o \u00e9 s\u00f3 uma ideia, \u00e9 corpo. Tamb\u00e9m se materializa no nosso corpo e se transforma em a\u00e7\u00e3o, em gesto concreto at\u00e9 quando chegarmos no c\u00e9u. O corpo \u00e9, portanto, um caminho da obedi\u00eancia a Deus, assim como viveu a Virgem Maria. E S\u00e3o Bernardo de Claraval afirma que a Virgem Maria concebe pelo Esp\u00edrito Santo atrav\u00e9s do ouvido e da obedi\u00eancia. E ele conta a hist\u00f3ria dizendo que no c\u00e9u, no dia em que o anjo Gabriel, meu xar\u00e1, desceu a essa terra e veio convidar Maria para ser a m\u00e3e do Salvador, ele conta que o c\u00e9u inteiro ficou parado. O coral dos anjos at\u00e9 ficou esperando se ela ia dizer sim ou n\u00e3o. E ele conta que por um segundo a cria\u00e7\u00e3o inteira suspendeu a respira\u00e7\u00e3o. Ela vai dizer sim ou n\u00e3o? Mas humilde e serva, \u00e9 claro que s\u00f3 podia dizer sim. E a\u00ed os anjos cantaram e n\u00e3o pararam mais.\u00a0Porque o mist\u00e9rio da salva\u00e7\u00e3o ali estava dando um grande passo, de vir ao encontro do ser humano atrav\u00e9s do amor de Deus que se encarna e se coloca como exemplo. E por isso Maria n\u00e3o \u00e9 grande porque se engrandeceu, mas o Senhor vendo a sua humildade a elege como grande, a edifica, a engrandece e faz com que o seu corpo tenha lugar l\u00e1 no c\u00e9u. Por isso o corpo \u00e9 tamb\u00e9m a possibilidade da manifesta\u00e7\u00e3o de Deus\u201d, ilustrou Frei Gabriel.<\/p>\n<p><img loading=\"lazy\" class=\"aligncenter wp-image-259556 size-full\" src=\"https:\/\/franciscanos.org.br\/noticias\/wp-content\/uploads\/2025\/08\/MATERIA-3-7.png\" alt=\"\" width=\"1280\" height=\"720\" srcset=\"https:\/\/franciscanos.org.br\/noticias\/wp-content\/uploads\/2025\/08\/MATERIA-3-7.png 1280w, https:\/\/franciscanos.org.br\/noticias\/wp-content\/uploads\/2025\/08\/MATERIA-3-7-450x253.png 450w, https:\/\/franciscanos.org.br\/noticias\/wp-content\/uploads\/2025\/08\/MATERIA-3-7-1024x576.png 1024w, https:\/\/franciscanos.org.br\/noticias\/wp-content\/uploads\/2025\/08\/MATERIA-3-7-768x432.png 768w, https:\/\/franciscanos.org.br\/noticias\/wp-content\/uploads\/2025\/08\/MATERIA-3-7-150x84.png 150w\" sizes=\"(max-width: 1280px) 100vw, 1280px\" \/><\/p>\n<p>Por fim, o frade ressaltou que o Convento \u00e9 local de encontro das fam\u00edlias. \u201cQue as fam\u00edlias possam encontrar aqui no Convento um lugar para exercitarem a realidade da fam\u00edlia, que aqui voc\u00eas possam ser peregrinos, que voc\u00eas possam ser acolhidos, que aqui voc\u00eas encontrem o lugar material para expressar o dom da f\u00e9, que o convento possa tamb\u00e9m ser esse espa\u00e7o. E que n\u00e3o acabe aqui, mas que voc\u00eas levem um pouco do Convento para o convento da casa de voc\u00eas, da vida de voc\u00eas, da fam\u00edlia de voc\u00eas. Que o Convento da Penha possa ser tantos outros lugares e que essa celebra\u00e7\u00e3o n\u00e3o encerre a preocupa\u00e7\u00e3o leg\u00edtima com a fam\u00edlia. Que daqui saiamos com uma vontade imensa de olhar para o c\u00e9u, buscar em Deus a forma perfeita de ser fam\u00edlia e aplicar na realidade da nossa casa e do nosso dia a dia os valores do c\u00e9u j\u00e1 aqui na Terra. Que esta nossa peregrina\u00e7\u00e3o ao convento nos encha da esperan\u00e7a de sermos uma grande e boa fam\u00edlia. E somos tamb\u00e9m uma fam\u00edlia de f\u00e9, porque cremos em um mesmo Deus\u201d, finalizou.<\/p>\n\n\t\t<style type=\"text\/css\">\n\t\t\t#gallery-3 {\n\t\t\t\tmargin: auto;\n\t\t\t}\n\t\t\t#gallery-3 .gallery-item {\n\t\t\t\tfloat: left;\n\t\t\t\tmargin-top: 10px;\n\t\t\t\ttext-align: center;\n\t\t\t\twidth: 50%;\n\t\t\t}\n\t\t\t#gallery-3 img {\n\t\t\t\tborder: 2px solid #cfcfcf;\n\t\t\t}\n\t\t\t#gallery-3 .gallery-caption {\n\t\t\t\tmargin-left: 0;\n\t\t\t}\n\t\t\t\/* see gallery_shortcode() in wp-includes\/media.php *\/\n\t\t<\/style>\n\t\t<div id='gallery-3' class='gallery galleryid-259544 gallery-columns-2 gallery-size-medium'><dl class='gallery-item'>\n\t\t\t<dt class='gallery-icon landscape'>\n\t\t\t\t<a href='https:\/\/franciscanos.org.br\/noticias\/wp-content\/uploads\/2025\/08\/Romaria-das-Familias-ao-Convento-2025-40-1536x1024-2.jpg'><img width=\"450\" height=\"300\" src=\"https:\/\/franciscanos.org.br\/noticias\/wp-content\/uploads\/2025\/08\/Romaria-das-Familias-ao-Convento-2025-40-1536x1024-2-450x300.jpg\" class=\"attachment-medium size-medium\" alt=\"\" loading=\"lazy\" srcset=\"https:\/\/franciscanos.org.br\/noticias\/wp-content\/uploads\/2025\/08\/Romaria-das-Familias-ao-Convento-2025-40-1536x1024-2-450x300.jpg 450w, https:\/\/franciscanos.org.br\/noticias\/wp-content\/uploads\/2025\/08\/Romaria-das-Familias-ao-Convento-2025-40-1536x1024-2-1024x683.jpg 1024w, https:\/\/franciscanos.org.br\/noticias\/wp-content\/uploads\/2025\/08\/Romaria-das-Familias-ao-Convento-2025-40-1536x1024-2-768x512.jpg 768w, https:\/\/franciscanos.org.br\/noticias\/wp-content\/uploads\/2025\/08\/Romaria-das-Familias-ao-Convento-2025-40-1536x1024-2-150x100.jpg 150w, https:\/\/franciscanos.org.br\/noticias\/wp-content\/uploads\/2025\/08\/Romaria-das-Familias-ao-Convento-2025-40-1536x1024-2.jpg 1536w\" sizes=\"(max-width: 450px) 100vw, 450px\" \/><\/a>\n\t\t\t<\/dt><\/dl><dl class='gallery-item'>\n\t\t\t<dt class='gallery-icon landscape'>\n\t\t\t\t<a href='https:\/\/franciscanos.org.br\/noticias\/wp-content\/uploads\/2025\/08\/Romaria-das-Familias-ao-Convento-2025-68-1536x1024-1.jpg'><img width=\"450\" height=\"300\" src=\"https:\/\/franciscanos.org.br\/noticias\/wp-content\/uploads\/2025\/08\/Romaria-das-Familias-ao-Convento-2025-68-1536x1024-1-450x300.jpg\" class=\"attachment-medium size-medium\" alt=\"\" loading=\"lazy\" srcset=\"https:\/\/franciscanos.org.br\/noticias\/wp-content\/uploads\/2025\/08\/Romaria-das-Familias-ao-Convento-2025-68-1536x1024-1-450x300.jpg 450w, https:\/\/franciscanos.org.br\/noticias\/wp-content\/uploads\/2025\/08\/Romaria-das-Familias-ao-Convento-2025-68-1536x1024-1-1024x683.jpg 1024w, https:\/\/franciscanos.org.br\/noticias\/wp-content\/uploads\/2025\/08\/Romaria-das-Familias-ao-Convento-2025-68-1536x1024-1-768x512.jpg 768w, https:\/\/franciscanos.org.br\/noticias\/wp-content\/uploads\/2025\/08\/Romaria-das-Familias-ao-Convento-2025-68-1536x1024-1-150x100.jpg 150w, https:\/\/franciscanos.org.br\/noticias\/wp-content\/uploads\/2025\/08\/Romaria-das-Familias-ao-Convento-2025-68-1536x1024-1.jpg 1536w\" sizes=\"(max-width: 450px) 100vw, 450px\" \/><\/a>\n\t\t\t<\/dt><\/dl><br style=\"clear: both\" \/>\n\t\t<\/div>\n\n<p>Foram v\u00e1rios momentos especiais e marcantes, como o ato penitencial e as preces feitas por duas fam\u00edlias, com crian\u00e7as, idosos, adolescentes, pai e m\u00e3e. A emo\u00e7\u00e3o tamb\u00e9m tomou conta, principalmente quando a Imagem da Sagrada Fam\u00edlia foi entronizada ao final, antes da b\u00ean\u00e7\u00e3o.<\/p>\n<hr \/>\n<p><em>Cristian Oliveira &#8211; ASCOM<\/em><\/p>\n","protected":false},"excerpt":{"rendered":"<p>Encerramento da Semana da Fam\u00edlia<\/p>\n","protected":false},"author":11,"featured_media":259559,"comment_status":"open","ping_status":"open","sticky":false,"template":"","format":"standard","meta":[],"categories":[1],"tags":[2312,2400,231],"acf":[],"yoast_head":"<!-- This site is optimized with the Yoast SEO plugin v19.2 - https:\/\/yoast.com\/wordpress\/plugins\/seo\/ -->\n<title>Romaria ao Convento: \u201cFam\u00edlia \u00e9 lugar da acolhida, da materializa\u00e7\u00e3o do amor\u201d - Not\u00edcias - Franciscanos<\/title>\n<meta name=\"robots\" content=\"index, follow, max-snippet:-1, max-image-preview:large, max-video-preview:-1\" \/>\n<link rel=\"canonical\" href=\"https:\/\/franciscanos.org.br\/noticias\/romaria-ao-convento-familia-e-lugar-da-acolhida-da-materializacao-do-amor.html\" \/>\n<meta property=\"og:locale\" content=\"pt_BR\" \/>\n<meta property=\"og:type\" content=\"article\" \/>\n<meta property=\"og:title\" content=\"Romaria ao Convento: \u201cFam\u00edlia \u00e9 lugar da acolhida, da materializa\u00e7\u00e3o do amor\u201d - Not\u00edcias - Franciscanos\" \/>\n<meta property=\"og:description\" content=\"Encerramento da Semana da Fam\u00edlia\" \/>\n<meta property=\"og:url\" content=\"https:\/\/franciscanos.org.br\/noticias\/romaria-ao-convento-familia-e-lugar-da-acolhida-da-materializacao-do-amor.html\" \/>\n<meta property=\"og:site_name\" content=\"Not\u00edcias - Franciscanos\" \/>\n<meta property=\"article:published_time\" content=\"2025-08-19T18:36:43+00:00\" \/>\n<meta property=\"article:modified_time\" content=\"2025-08-19T18:39:57+00:00\" \/>\n<meta property=\"og:image\" content=\"https:\/\/franciscanos.org.br\/noticias\/wp-content\/uploads\/2025\/08\/chamada-26.png\" \/>\n\t<meta property=\"og:image:width\" content=\"800\" \/>\n\t<meta property=\"og:image:height\" content=\"550\" \/>\n\t<meta property=\"og:image:type\" content=\"image\/png\" \/>\n<meta name=\"author\" content=\"Adriana Rabelo\" \/>\n<meta name=\"twitter:card\" content=\"summary_large_image\" \/>\n<meta name=\"twitter:label1\" content=\"Escrito por\" \/>\n\t<meta name=\"twitter:data1\" content=\"Adriana Rabelo\" \/>\n\t<meta name=\"twitter:label2\" content=\"Est. tempo de leitura\" \/>\n\t<meta name=\"twitter:data2\" content=\"6 minutos\" \/>\n<script type=\"application\/ld+json\" class=\"yoast-schema-graph\">{\"@context\":\"https:\/\/schema.org\",\"@graph\":[{\"@type\":\"WebSite\",\"@id\":\"https:\/\/franciscanos.org.br\/noticias\/#website\",\"url\":\"https:\/\/franciscanos.org.br\/noticias\/\",\"name\":\"Not\u00edcias - Franciscanos\",\"description\":\"Prov\u00edncia Franciscana da Imaculada Concei\u00e7\u00e3o do Brasil - Ordem dos Frades Menores - OFM\",\"potentialAction\":[{\"@type\":\"SearchAction\",\"target\":{\"@type\":\"EntryPoint\",\"urlTemplate\":\"https:\/\/franciscanos.org.br\/noticias\/?s={search_term_string}\"},\"query-input\":\"required name=search_term_string\"}],\"inLanguage\":\"pt-BR\"},{\"@type\":\"ImageObject\",\"inLanguage\":\"pt-BR\",\"@id\":\"https:\/\/franciscanos.org.br\/noticias\/romaria-ao-convento-familia-e-lugar-da-acolhida-da-materializacao-do-amor.html#primaryimage\",\"url\":\"https:\/\/franciscanos.org.br\/noticias\/wp-content\/uploads\/2025\/08\/chamada-26.png\",\"contentUrl\":\"https:\/\/franciscanos.org.br\/noticias\/wp-content\/uploads\/2025\/08\/chamada-26.png\",\"width\":800,\"height\":550},{\"@type\":\"WebPage\",\"@id\":\"https:\/\/franciscanos.org.br\/noticias\/romaria-ao-convento-familia-e-lugar-da-acolhida-da-materializacao-do-amor.html#webpage\",\"url\":\"https:\/\/franciscanos.org.br\/noticias\/romaria-ao-convento-familia-e-lugar-da-acolhida-da-materializacao-do-amor.html\",\"name\":\"Romaria ao Convento: \u201cFam\u00edlia \u00e9 lugar da acolhida, da materializa\u00e7\u00e3o do amor\u201d - Not\u00edcias - Franciscanos\",\"isPartOf\":{\"@id\":\"https:\/\/franciscanos.org.br\/noticias\/#website\"},\"primaryImageOfPage\":{\"@id\":\"https:\/\/franciscanos.org.br\/noticias\/romaria-ao-convento-familia-e-lugar-da-acolhida-da-materializacao-do-amor.html#primaryimage\"},\"datePublished\":\"2025-08-19T18:36:43+00:00\",\"dateModified\":\"2025-08-19T18:39:57+00:00\",\"author\":{\"@id\":\"https:\/\/franciscanos.org.br\/noticias\/#\/schema\/person\/d9422e83121c3ad3b0f423d195f5bb25\"},\"breadcrumb\":{\"@id\":\"https:\/\/franciscanos.org.br\/noticias\/romaria-ao-convento-familia-e-lugar-da-acolhida-da-materializacao-do-amor.html#breadcrumb\"},\"inLanguage\":\"pt-BR\",\"potentialAction\":[{\"@type\":\"ReadAction\",\"target\":[\"https:\/\/franciscanos.org.br\/noticias\/romaria-ao-convento-familia-e-lugar-da-acolhida-da-materializacao-do-amor.html\"]}]},{\"@type\":\"BreadcrumbList\",\"@id\":\"https:\/\/franciscanos.org.br\/noticias\/romaria-ao-convento-familia-e-lugar-da-acolhida-da-materializacao-do-amor.html#breadcrumb\",\"itemListElement\":[{\"@type\":\"ListItem\",\"position\":1,\"name\":\"Home\",\"item\":\"https:\/\/franciscanos.org.br\/noticias\"},{\"@type\":\"ListItem\",\"position\":2,\"name\":\"Romaria ao Convento: \u201cFam\u00edlia \u00e9 lugar da acolhida, da materializa\u00e7\u00e3o do amor\u201d\"}]},{\"@type\":\"Person\",\"@id\":\"https:\/\/franciscanos.org.br\/noticias\/#\/schema\/person\/d9422e83121c3ad3b0f423d195f5bb25\",\"name\":\"Adriana Rabelo\",\"image\":{\"@type\":\"ImageObject\",\"inLanguage\":\"pt-BR\",\"@id\":\"https:\/\/franciscanos.org.br\/noticias\/#\/schema\/person\/image\/\",\"url\":\"https:\/\/secure.gravatar.com\/avatar\/0a937b7500cd7df77540cfb8bede877d?s=96&d=mm&r=g\",\"contentUrl\":\"https:\/\/secure.gravatar.com\/avatar\/0a937b7500cd7df77540cfb8bede877d?s=96&d=mm&r=g\",\"caption\":\"Adriana Rabelo\"},\"url\":\"https:\/\/franciscanos.org.br\/noticias\/author\/adrianarabelo\"}]}<\/script>\n<!-- \/ Yoast SEO plugin. -->","yoast_head_json":{"title":"Romaria ao Convento: \u201cFam\u00edlia \u00e9 lugar da acolhida, da materializa\u00e7\u00e3o do amor\u201d - Not\u00edcias - Franciscanos","robots":{"index":"index","follow":"follow","max-snippet":"max-snippet:-1","max-image-preview":"max-image-preview:large","max-video-preview":"max-video-preview:-1"},"canonical":"https:\/\/franciscanos.org.br\/noticias\/romaria-ao-convento-familia-e-lugar-da-acolhida-da-materializacao-do-amor.html","og_locale":"pt_BR","og_type":"article","og_title":"Romaria ao Convento: \u201cFam\u00edlia \u00e9 lugar da acolhida, da materializa\u00e7\u00e3o do amor\u201d - Not\u00edcias - Franciscanos","og_description":"Encerramento da Semana da Fam\u00edlia","og_url":"https:\/\/franciscanos.org.br\/noticias\/romaria-ao-convento-familia-e-lugar-da-acolhida-da-materializacao-do-amor.html","og_site_name":"Not\u00edcias - Franciscanos","article_published_time":"2025-08-19T18:36:43+00:00","article_modified_time":"2025-08-19T18:39:57+00:00","og_image":[{"width":800,"height":550,"url":"https:\/\/franciscanos.org.br\/noticias\/wp-content\/uploads\/2025\/08\/chamada-26.png","type":"image\/png"}],"author":"Adriana Rabelo","twitter_card":"summary_large_image","twitter_misc":{"Escrito por":"Adriana Rabelo","Est. tempo de leitura":"6 minutos"},"schema":{"@context":"https:\/\/schema.org","@graph":[{"@type":"WebSite","@id":"https:\/\/franciscanos.org.br\/noticias\/#website","url":"https:\/\/franciscanos.org.br\/noticias\/","name":"Not\u00edcias - Franciscanos","description":"Prov\u00edncia Franciscana da Imaculada Concei\u00e7\u00e3o do Brasil - Ordem dos Frades Menores - OFM","potentialAction":[{"@type":"SearchAction","target":{"@type":"EntryPoint","urlTemplate":"https:\/\/franciscanos.org.br\/noticias\/?s={search_term_string}"},"query-input":"required name=search_term_string"}],"inLanguage":"pt-BR"},{"@type":"ImageObject","inLanguage":"pt-BR","@id":"https:\/\/franciscanos.org.br\/noticias\/romaria-ao-convento-familia-e-lugar-da-acolhida-da-materializacao-do-amor.html#primaryimage","url":"https:\/\/franciscanos.org.br\/noticias\/wp-content\/uploads\/2025\/08\/chamada-26.png","contentUrl":"https:\/\/franciscanos.org.br\/noticias\/wp-content\/uploads\/2025\/08\/chamada-26.png","width":800,"height":550},{"@type":"WebPage","@id":"https:\/\/franciscanos.org.br\/noticias\/romaria-ao-convento-familia-e-lugar-da-acolhida-da-materializacao-do-amor.html#webpage","url":"https:\/\/franciscanos.org.br\/noticias\/romaria-ao-convento-familia-e-lugar-da-acolhida-da-materializacao-do-amor.html","name":"Romaria ao Convento: \u201cFam\u00edlia \u00e9 lugar da acolhida, da materializa\u00e7\u00e3o do amor\u201d - Not\u00edcias - Franciscanos","isPartOf":{"@id":"https:\/\/franciscanos.org.br\/noticias\/#website"},"primaryImageOfPage":{"@id":"https:\/\/franciscanos.org.br\/noticias\/romaria-ao-convento-familia-e-lugar-da-acolhida-da-materializacao-do-amor.html#primaryimage"},"datePublished":"2025-08-19T18:36:43+00:00","dateModified":"2025-08-19T18:39:57+00:00","author":{"@id":"https:\/\/franciscanos.org.br\/noticias\/#\/schema\/person\/d9422e83121c3ad3b0f423d195f5bb25"},"breadcrumb":{"@id":"https:\/\/franciscanos.org.br\/noticias\/romaria-ao-convento-familia-e-lugar-da-acolhida-da-materializacao-do-amor.html#breadcrumb"},"inLanguage":"pt-BR","potentialAction":[{"@type":"ReadAction","target":["https:\/\/franciscanos.org.br\/noticias\/romaria-ao-convento-familia-e-lugar-da-acolhida-da-materializacao-do-amor.html"]}]},{"@type":"BreadcrumbList","@id":"https:\/\/franciscanos.org.br\/noticias\/romaria-ao-convento-familia-e-lugar-da-acolhida-da-materializacao-do-amor.html#breadcrumb","itemListElement":[{"@type":"ListItem","position":1,"name":"Home","item":"https:\/\/franciscanos.org.br\/noticias"},{"@type":"ListItem","position":2,"name":"Romaria ao Convento: \u201cFam\u00edlia \u00e9 lugar da acolhida, da materializa\u00e7\u00e3o do amor\u201d"}]},{"@type":"Person","@id":"https:\/\/franciscanos.org.br\/noticias\/#\/schema\/person\/d9422e83121c3ad3b0f423d195f5bb25","name":"Adriana Rabelo","image":{"@type":"ImageObject","inLanguage":"pt-BR","@id":"https:\/\/franciscanos.org.br\/noticias\/#\/schema\/person\/image\/","url":"https:\/\/secure.gravatar.com\/avatar\/0a937b7500cd7df77540cfb8bede877d?s=96&d=mm&r=g","contentUrl":"https:\/\/secure.gravatar.com\/avatar\/0a937b7500cd7df77540cfb8bede877d?s=96&d=mm&r=g","caption":"Adriana Rabelo"},"url":"https:\/\/franciscanos.org.br\/noticias\/author\/adrianarabelo"}]}},"_links":{"self":[{"href":"https:\/\/franciscanos.org.br\/noticias\/wp-json\/wp\/v2\/posts\/259544"}],"collection":[{"href":"https:\/\/franciscanos.org.br\/noticias\/wp-json\/wp\/v2\/posts"}],"about":[{"href":"https:\/\/franciscanos.org.br\/noticias\/wp-json\/wp\/v2\/types\/post"}],"author":[{"embeddable":true,"href":"https:\/\/franciscanos.org.br\/noticias\/wp-json\/wp\/v2\/users\/11"}],"replies":[{"embeddable":true,"href":"https:\/\/franciscanos.org.br\/noticias\/wp-json\/wp\/v2\/comments?post=259544"}],"version-history":[{"count":4,"href":"https:\/\/franciscanos.org.br\/noticias\/wp-json\/wp\/v2\/posts\/259544\/revisions"}],"predecessor-version":[{"id":259563,"href":"https:\/\/franciscanos.org.br\/noticias\/wp-json\/wp\/v2\/posts\/259544\/revisions\/259563"}],"wp:featuredmedia":[{"embeddable":true,"href":"https:\/\/franciscanos.org.br\/noticias\/wp-json\/wp\/v2\/media\/259559"}],"wp:attachment":[{"href":"https:\/\/franciscanos.org.br\/noticias\/wp-json\/wp\/v2\/media?parent=259544"}],"wp:term":[{"taxonomy":"category","embeddable":true,"href":"https:\/\/franciscanos.org.br\/noticias\/wp-json\/wp\/v2\/categories?post=259544"},{"taxonomy":"post_tag","embeddable":true,"href":"https:\/\/franciscanos.org.br\/noticias\/wp-json\/wp\/v2\/tags?post=259544"}],"curies":[{"name":"wp","href":"https:\/\/api.w.org\/{rel}","templated":true}]}}