{"id":259529,"date":"2025-08-19T09:31:44","date_gmt":"2025-08-19T12:31:44","guid":{"rendered":"https:\/\/franciscanos.org.br\/noticias\/?p=259529"},"modified":"2025-08-19T15:00:08","modified_gmt":"2025-08-19T18:00:08","slug":"semana-missionaria-reaviva-a-esperanca-em-sao-joao-de-meriti-e-chopinzinho","status":"publish","type":"post","link":"https:\/\/franciscanos.org.br\/noticias\/semana-missionaria-reaviva-a-esperanca-em-sao-joao-de-meriti-e-chopinzinho.html","title":{"rendered":"Semana Mission\u00e1ria reaviva a esperan\u00e7a em S\u00e3o Jo\u00e3o de Meriti e Chopinzinho"},"content":{"rendered":"<p><img loading=\"lazy\" class=\"aligncenter wp-image-259531 size-full\" src=\"https:\/\/franciscanos.org.br\/noticias\/wp-content\/uploads\/2025\/08\/materia-28.png\" alt=\"\" width=\"1280\" height=\"720\" srcset=\"https:\/\/franciscanos.org.br\/noticias\/wp-content\/uploads\/2025\/08\/materia-28.png 1280w, https:\/\/franciscanos.org.br\/noticias\/wp-content\/uploads\/2025\/08\/materia-28-450x253.png 450w, https:\/\/franciscanos.org.br\/noticias\/wp-content\/uploads\/2025\/08\/materia-28-1024x576.png 1024w, https:\/\/franciscanos.org.br\/noticias\/wp-content\/uploads\/2025\/08\/materia-28-768x432.png 768w, https:\/\/franciscanos.org.br\/noticias\/wp-content\/uploads\/2025\/08\/materia-28-150x84.png 150w\" sizes=\"(max-width: 1280px) 100vw, 1280px\" \/><\/p>\n<p>Entre os dias 11 e 17 de agosto, os frades em forma\u00e7\u00e3o p\u00f3s-noviciado realizaram a <strong>Semana Mission\u00e1ria<\/strong>, em sintonia com o M\u00eas Vocacional e a Semana da Fam\u00edlia. Divididos em dois grupos, os frades partiram de Rondinha,\u00a0 em Campo Largo (PR), rumo a S\u00e3o Jo\u00e3o de Meriti (RJ) e Chopinzinho (PR), levando um pouco do carisma e do entusiasmo da vida franciscana.<\/p>\n<h3><strong>Miss\u00e3o em S\u00e3o Jo\u00e3o de Meriti\u00a0<\/strong><\/h3>\n<p>Na Baixada Fluminense, os frades de profiss\u00e3o tempor\u00e1ria foram acolhidos pela Par\u00f3quia S\u00e3o Jo\u00e3o Batista e hospedados pelas Irm\u00e3s Franciscanas de Dilligen, no Col\u00e9gio Santa Maria. A abertura aconteceu no dia 11 de agosto, na Comunidade Santa Clara, com missa presidida pelo p\u00e1roco, Frei Jhones Lucas Martins.<\/p>\n<p>Entre os dias 12 e 14, os mission\u00e1rios visitaram casas de fi\u00e9is e enfermos em diferentes localidades. Ao todo, seis comunidades foram contempladas: Santa Clara de Assis, S\u00e3o Vicente, S\u00e3o Francisco de Assis, Nossa Senhora de F\u00e1tima, Nossa Senhora Aparecida e Santa Luzia.<\/p>\n<p>Em meio \u00e0 pobreza e \u00e0 viol\u00eancia, os frades encontraram sinais de f\u00e9 e esperan\u00e7a. \u201cFoi o momento de viver na pr\u00e1tica o lema do ano jubilar: <em>Peregrinos de Esperan\u00e7a<\/em>. Nossa cidade sofre, mas \u00e9 a\u00ed que a Igreja precisa estar\u201d, destacou o p\u00e1roco.<\/p>\n\n\t\t<style type=\"text\/css\">\n\t\t\t#gallery-1 {\n\t\t\t\tmargin: auto;\n\t\t\t}\n\t\t\t#gallery-1 .gallery-item {\n\t\t\t\tfloat: left;\n\t\t\t\tmargin-top: 10px;\n\t\t\t\ttext-align: center;\n\t\t\t\twidth: 25%;\n\t\t\t}\n\t\t\t#gallery-1 img {\n\t\t\t\tborder: 2px solid #cfcfcf;\n\t\t\t}\n\t\t\t#gallery-1 .gallery-caption {\n\t\t\t\tmargin-left: 0;\n\t\t\t}\n\t\t\t\/* see gallery_shortcode() in wp-includes\/media.php *\/\n\t\t<\/style>\n\t\t<div id='gallery-1' class='gallery galleryid-259529 gallery-columns-4 gallery-size-thumbnail'><dl class='gallery-item'>\n\t\t\t<dt class='gallery-icon portrait'>\n\t\t\t\t<a href='https:\/\/franciscanos.org.br\/noticias\/wp-content\/uploads\/2025\/08\/selecao-1.jpg'><img width=\"300\" height=\"300\" src=\"https:\/\/franciscanos.org.br\/noticias\/wp-content\/uploads\/2025\/08\/selecao-1-300x300.jpg\" class=\"attachment-thumbnail size-thumbnail\" alt=\"\" loading=\"lazy\" srcset=\"https:\/\/franciscanos.org.br\/noticias\/wp-content\/uploads\/2025\/08\/selecao-1-300x300.jpg 300w, https:\/\/franciscanos.org.br\/noticias\/wp-content\/uploads\/2025\/08\/selecao-1-100x100.jpg 100w\" sizes=\"(max-width: 300px) 100vw, 300px\" \/><\/a>\n\t\t\t<\/dt><\/dl><dl class='gallery-item'>\n\t\t\t<dt class='gallery-icon portrait'>\n\t\t\t\t<a href='https:\/\/franciscanos.org.br\/noticias\/wp-content\/uploads\/2025\/08\/selecao-3.jpg'><img width=\"300\" height=\"300\" src=\"https:\/\/franciscanos.org.br\/noticias\/wp-content\/uploads\/2025\/08\/selecao-3-300x300.jpg\" class=\"attachment-thumbnail size-thumbnail\" alt=\"\" loading=\"lazy\" srcset=\"https:\/\/franciscanos.org.br\/noticias\/wp-content\/uploads\/2025\/08\/selecao-3-300x300.jpg 300w, https:\/\/franciscanos.org.br\/noticias\/wp-content\/uploads\/2025\/08\/selecao-3-100x100.jpg 100w\" sizes=\"(max-width: 300px) 100vw, 300px\" \/><\/a>\n\t\t\t<\/dt><\/dl><dl class='gallery-item'>\n\t\t\t<dt class='gallery-icon portrait'>\n\t\t\t\t<a href='https:\/\/franciscanos.org.br\/noticias\/wp-content\/uploads\/2025\/08\/selecao-4.jpg'><img width=\"300\" height=\"300\" src=\"https:\/\/franciscanos.org.br\/noticias\/wp-content\/uploads\/2025\/08\/selecao-4-300x300.jpg\" class=\"attachment-thumbnail size-thumbnail\" alt=\"\" loading=\"lazy\" srcset=\"https:\/\/franciscanos.org.br\/noticias\/wp-content\/uploads\/2025\/08\/selecao-4-300x300.jpg 300w, https:\/\/franciscanos.org.br\/noticias\/wp-content\/uploads\/2025\/08\/selecao-4-100x100.jpg 100w\" sizes=\"(max-width: 300px) 100vw, 300px\" \/><\/a>\n\t\t\t<\/dt><\/dl><dl class='gallery-item'>\n\t\t\t<dt class='gallery-icon portrait'>\n\t\t\t\t<a href='https:\/\/franciscanos.org.br\/noticias\/wp-content\/uploads\/2025\/08\/selecao-5.jpg'><img width=\"300\" height=\"300\" src=\"https:\/\/franciscanos.org.br\/noticias\/wp-content\/uploads\/2025\/08\/selecao-5-300x300.jpg\" class=\"attachment-thumbnail size-thumbnail\" alt=\"\" loading=\"lazy\" srcset=\"https:\/\/franciscanos.org.br\/noticias\/wp-content\/uploads\/2025\/08\/selecao-5-300x300.jpg 300w, https:\/\/franciscanos.org.br\/noticias\/wp-content\/uploads\/2025\/08\/selecao-5-100x100.jpg 100w\" sizes=\"(max-width: 300px) 100vw, 300px\" \/><\/a>\n\t\t\t<\/dt><\/dl><br style=\"clear: both\" \/>\n\t\t<\/div>\n\n<p>Os religiosos tamb\u00e9m conheceram a\u00e7\u00f5es sociais existentes na par\u00f3quia, como o Projeto Papa Francisco, que atende crian\u00e7as e adolescentes no contraturno escolar, oferecendo refor\u00e7o e atividades culturais. Independentemente da cren\u00e7a, os jovens encontram ali prote\u00e7\u00e3o e oportunidades para um futuro melhor.<\/p>\n<p>No dia 15, a miss\u00e3o se voltou para os estudantes do Col\u00e9gio Santa Maria, com ora\u00e7\u00e3o, din\u00e2micas e partilhas vocacionais. Os frades ressaltaram o valor de responder ao chamado comum da vida e apresentaram a diversidade de voca\u00e7\u00f5es. Os confrades angolanos compartilharam ainda aspectos da realidade de Angola, despertando curiosidade e di\u00e1logo entre os jovens.<\/p>\n<p><img loading=\"lazy\" class=\"aligncenter wp-image-259540 size-full\" src=\"https:\/\/franciscanos.org.br\/noticias\/wp-content\/uploads\/2025\/08\/materia-4-3.png\" alt=\"\" width=\"1280\" height=\"720\" srcset=\"https:\/\/franciscanos.org.br\/noticias\/wp-content\/uploads\/2025\/08\/materia-4-3.png 1280w, https:\/\/franciscanos.org.br\/noticias\/wp-content\/uploads\/2025\/08\/materia-4-3-450x253.png 450w, https:\/\/franciscanos.org.br\/noticias\/wp-content\/uploads\/2025\/08\/materia-4-3-1024x576.png 1024w, https:\/\/franciscanos.org.br\/noticias\/wp-content\/uploads\/2025\/08\/materia-4-3-768x432.png 768w, https:\/\/franciscanos.org.br\/noticias\/wp-content\/uploads\/2025\/08\/materia-4-3-150x84.png 150w\" sizes=\"(max-width: 1280px) 100vw, 1280px\" \/><\/p>\n<p>\u00c0 tarde, os mission\u00e1rios visitaram o Mosteiro de Santa Clara, em Nova Igua\u00e7u, onde conviveram com as Irm\u00e3s Clarissas em um encontro marcado por simplicidade, alegria e fraternidade. A partilha foi encerrada com a b\u00ean\u00e7\u00e3o de Santa Clara, belamente entoada pelas religiosas.<\/p>\n<p>As miss\u00f5es se conclu\u00edram no dia 16 com missa de encerramento na Capela de Santa Luzia. No s\u00e1bado, todas as comunidades participaram de um compartilhado almo\u00e7o de confraterniza\u00e7\u00e3o que reuniu toda a comunidade envolvida.<\/p>\n<h3><strong>Miss\u00e3o em Chopinzinho\u00a0<\/strong><\/h3>\n<p>No Sudoeste do Paran\u00e1, a miss\u00e3o integrou a Semana da Fam\u00edlia da Par\u00f3quia S\u00e3o Francisco de Assis. Os frades mission\u00e1rios do Convento S\u00e3o Boaventura foram apresentados no dia 10 de agosto, durante a missa de abertura presidida pelo p\u00e1roco, Frei Junior Mendes.<\/p>\n<p>Entre os dias 11 e 16, os frades visitaram fam\u00edlias da cidade e do interior, alcan\u00e7ando cerca de 1.500 fam\u00edlias. As visitas foram marcadas por partilha, ora\u00e7\u00e3o e b\u00ean\u00e7\u00e3os.<\/p>\n<p>Frei Francisco Barbosa Mouzinho Junior, frade do terceiro ano de profiss\u00e3o tempor\u00e1ria, recordou momentos de dor e alegria durante as visitas: \u201cMuitas partilhas foram carregadas de desabafos, relatos sobre perdas de entes queridos, doen\u00e7as e problemas com a solid\u00e3o, no caso dos mais idosos. Entretanto, mesmo em meio a relatos t\u00e3o tristes, houve in\u00fameros momentos de alegria. Um dos que me recordo \u00e9 o da chegada de um rec\u00e9m-nascido do hospital com seus pais. Tive a felicidade de compartilhar este momento com os familiares do pequeno Ben\u00edcio \u2014 que, segundo o relato de sua m\u00e3e, significa \u2018bem-aventurado\u2019. Todos estavam muito alegres com a chegada do pequeno.\u201d<\/p>\n<p>No meio da semana, na quarta-feira (13), logo ap\u00f3s um dia intenso de miss\u00e3o, os frades participaram do Ter\u00e7o da Fam\u00edlia, rezado juntamente com os pais e catequizandos da par\u00f3quia e dirigido pelo Frei Wilson Batista Sim\u00e3o, lotando a Igreja Matriz.<\/p>\n\n\t\t<style type=\"text\/css\">\n\t\t\t#gallery-2 {\n\t\t\t\tmargin: auto;\n\t\t\t}\n\t\t\t#gallery-2 .gallery-item {\n\t\t\t\tfloat: left;\n\t\t\t\tmargin-top: 10px;\n\t\t\t\ttext-align: center;\n\t\t\t\twidth: 33%;\n\t\t\t}\n\t\t\t#gallery-2 img {\n\t\t\t\tborder: 2px solid #cfcfcf;\n\t\t\t}\n\t\t\t#gallery-2 .gallery-caption {\n\t\t\t\tmargin-left: 0;\n\t\t\t}\n\t\t\t\/* see gallery_shortcode() in wp-includes\/media.php *\/\n\t\t<\/style>\n\t\t<div id='gallery-2' class='gallery galleryid-259529 gallery-columns-3 gallery-size-thumbnail'><dl class='gallery-item'>\n\t\t\t<dt class='gallery-icon landscape'>\n\t\t\t\t<a href='https:\/\/franciscanos.org.br\/noticias\/wp-content\/uploads\/2025\/08\/1755479236924-scaled.jpg'><img width=\"300\" height=\"300\" src=\"https:\/\/franciscanos.org.br\/noticias\/wp-content\/uploads\/2025\/08\/1755479236924-300x300.jpg\" class=\"attachment-thumbnail size-thumbnail\" alt=\"\" loading=\"lazy\" srcset=\"https:\/\/franciscanos.org.br\/noticias\/wp-content\/uploads\/2025\/08\/1755479236924-300x300.jpg 300w, https:\/\/franciscanos.org.br\/noticias\/wp-content\/uploads\/2025\/08\/1755479236924-100x100.jpg 100w\" sizes=\"(max-width: 300px) 100vw, 300px\" \/><\/a>\n\t\t\t<\/dt><\/dl><dl class='gallery-item'>\n\t\t\t<dt class='gallery-icon landscape'>\n\t\t\t\t<a href='https:\/\/franciscanos.org.br\/noticias\/wp-content\/uploads\/2025\/08\/1755479388687-scaled.jpg'><img width=\"300\" height=\"300\" src=\"https:\/\/franciscanos.org.br\/noticias\/wp-content\/uploads\/2025\/08\/1755479388687-300x300.jpg\" class=\"attachment-thumbnail size-thumbnail\" alt=\"\" loading=\"lazy\" srcset=\"https:\/\/franciscanos.org.br\/noticias\/wp-content\/uploads\/2025\/08\/1755479388687-300x300.jpg 300w, https:\/\/franciscanos.org.br\/noticias\/wp-content\/uploads\/2025\/08\/1755479388687-100x100.jpg 100w\" sizes=\"(max-width: 300px) 100vw, 300px\" \/><\/a>\n\t\t\t<\/dt><\/dl><dl class='gallery-item'>\n\t\t\t<dt class='gallery-icon landscape'>\n\t\t\t\t<a href='https:\/\/franciscanos.org.br\/noticias\/wp-content\/uploads\/2025\/08\/1755479458363-scaled.jpg'><img width=\"300\" height=\"300\" src=\"https:\/\/franciscanos.org.br\/noticias\/wp-content\/uploads\/2025\/08\/1755479458363-300x300.jpg\" class=\"attachment-thumbnail size-thumbnail\" alt=\"\" loading=\"lazy\" srcset=\"https:\/\/franciscanos.org.br\/noticias\/wp-content\/uploads\/2025\/08\/1755479458363-300x300.jpg 300w, https:\/\/franciscanos.org.br\/noticias\/wp-content\/uploads\/2025\/08\/1755479458363-100x100.jpg 100w\" sizes=\"(max-width: 300px) 100vw, 300px\" \/><\/a>\n\t\t\t<\/dt><\/dl><br style=\"clear: both\" \/>\n\t\t<\/div>\n\n<p>Frei Fabr\u00edcio Andreosa Martins, que est\u00e1 no primeiro ano de p\u00f3s-noviciado, relatou a emo\u00e7\u00e3o de retornar a Chopinzinho, cidade que j\u00e1 havia conhecido no per\u00edodo de acompanhamento vocacional (FAV). \u201cFoi uma grande alegria reencontrar o povo e a fraternidade que nos acolheram no in\u00edcio da caminhada Desta vez, voltei participando das visitas \u00e0s casas, rezando e levando b\u00ean\u00e7\u00e3os aos moradores do interior. At\u00e9 o clima colaborou: o frio aconchegante, o c\u00e9u bonito e o tempo favor\u00e1vel deram ainda mais vida \u00e0 miss\u00e3o.\u201d<\/p>\n<p>A miss\u00e3o contou tamb\u00e9m com a participa\u00e7\u00e3o dos vocacionados Igor Sposito, de Guarulhos (SP), e Vinicius Bazzo, de Sorocaba (SP), que atualmente est\u00e3o aprofundando seu discernimento vocacional junto a Fraternidade de Chopinzinho. O jovem Igor destacou o aprendizado de organizar e participar ativamente da miss\u00e3o, n\u00e3o apenas nos bastidores, mas junto aos frades, em um clima de simplicidade, fraternidade e alegria. J\u00e1 o vocacionado Vinicius ressaltou o contato com novas realidades e a acolhida calorosa do interior, afirmando que, apesar do cansa\u00e7o f\u00edsico, levar\u00e1 consigo lembran\u00e7as marcantes para sua vida formativa e pessoal.<\/p>\n<p><img loading=\"lazy\" class=\"aligncenter wp-image-259539 size-full\" src=\"https:\/\/franciscanos.org.br\/noticias\/wp-content\/uploads\/2025\/08\/materia-3-6.png\" alt=\"\" width=\"1280\" height=\"720\" srcset=\"https:\/\/franciscanos.org.br\/noticias\/wp-content\/uploads\/2025\/08\/materia-3-6.png 1280w, https:\/\/franciscanos.org.br\/noticias\/wp-content\/uploads\/2025\/08\/materia-3-6-450x253.png 450w, https:\/\/franciscanos.org.br\/noticias\/wp-content\/uploads\/2025\/08\/materia-3-6-1024x576.png 1024w, https:\/\/franciscanos.org.br\/noticias\/wp-content\/uploads\/2025\/08\/materia-3-6-768x432.png 768w, https:\/\/franciscanos.org.br\/noticias\/wp-content\/uploads\/2025\/08\/materia-3-6-150x84.png 150w\" sizes=\"(max-width: 1280px) 100vw, 1280px\" \/><\/p>\n<p>De acordo com Frei Junior, a miss\u00e3o foi uma experi\u00eancia muito positiva, tanto para a comunidade quanto para os frades em forma\u00e7\u00e3o inicial. Para ele, mais do que as b\u00ean\u00e7\u00e3os e visitas \u00e0s fam\u00edlias, \u201ca confraterniza\u00e7\u00e3o e a conviv\u00eancia fraterna representaram o maior testemunho, fortalecendo tamb\u00e9m o aspecto vocacional, j\u00e1 que a presen\u00e7a dos frades junto ao povo se tornou um sinal de esperan\u00e7a e incentivo\u201d.<\/p>\n<p>Marcada por momentos de ora\u00e7\u00e3o, conviv\u00eancia e evangeliza\u00e7\u00e3o, a <strong>Semana Mission\u00e1ria<\/strong> animou e renovou o ardor vocacional dos frades do per\u00edodo de P\u00f3s-Noviciado e fortaleceu o compromisso com a voca\u00e7\u00e3o franciscana. Em S\u00e3o Jo\u00e3o de Meriti e Chopinzinho, ficou o testemunho de que, mesmo em meio \u00e0s dificuldades, a Igreja \u00e9 chamada a ser sinal de esperan\u00e7a e fraternidade.<\/p>\n<hr \/>\n<p><em>Frei Francisco Barbosa e Frei Patryck Dutra<\/em><\/p>\n","protected":false},"excerpt":{"rendered":"<p>M\u00eas Vocacional e  Semana da Fam\u00edlia<\/p>\n","protected":false},"author":11,"featured_media":259530,"comment_status":"open","ping_status":"open","sticky":false,"template":"","format":"standard","meta":[],"categories":[1],"tags":[2399,1590,127,1524],"acf":[],"yoast_head":"<!-- This site is optimized with the Yoast SEO plugin v19.2 - https:\/\/yoast.com\/wordpress\/plugins\/seo\/ -->\n<title>Semana Mission\u00e1ria reaviva a esperan\u00e7a em S\u00e3o Jo\u00e3o de Meriti e Chopinzinho - Not\u00edcias - Franciscanos<\/title>\n<meta name=\"robots\" content=\"index, follow, max-snippet:-1, max-image-preview:large, max-video-preview:-1\" \/>\n<link rel=\"canonical\" href=\"https:\/\/franciscanos.org.br\/noticias\/semana-missionaria-reaviva-a-esperanca-em-sao-joao-de-meriti-e-chopinzinho.html\" \/>\n<meta property=\"og:locale\" content=\"pt_BR\" \/>\n<meta property=\"og:type\" content=\"article\" \/>\n<meta property=\"og:title\" content=\"Semana Mission\u00e1ria reaviva a esperan\u00e7a em S\u00e3o Jo\u00e3o de Meriti e Chopinzinho - Not\u00edcias - Franciscanos\" \/>\n<meta property=\"og:description\" content=\"M\u00eas Vocacional e Semana da Fam\u00edlia\" \/>\n<meta property=\"og:url\" content=\"https:\/\/franciscanos.org.br\/noticias\/semana-missionaria-reaviva-a-esperanca-em-sao-joao-de-meriti-e-chopinzinho.html\" \/>\n<meta property=\"og:site_name\" content=\"Not\u00edcias - Franciscanos\" \/>\n<meta property=\"article:published_time\" content=\"2025-08-19T12:31:44+00:00\" \/>\n<meta property=\"article:modified_time\" content=\"2025-08-19T18:00:08+00:00\" \/>\n<meta property=\"og:image\" content=\"https:\/\/franciscanos.org.br\/noticias\/wp-content\/uploads\/2025\/08\/chamada-25.png\" \/>\n\t<meta property=\"og:image:width\" content=\"800\" \/>\n\t<meta property=\"og:image:height\" content=\"550\" \/>\n\t<meta property=\"og:image:type\" content=\"image\/png\" \/>\n<meta name=\"author\" content=\"Adriana Rabelo\" \/>\n<meta name=\"twitter:card\" content=\"summary_large_image\" \/>\n<meta name=\"twitter:label1\" content=\"Escrito por\" \/>\n\t<meta name=\"twitter:data1\" content=\"Adriana Rabelo\" \/>\n\t<meta name=\"twitter:label2\" content=\"Est. tempo de leitura\" \/>\n\t<meta name=\"twitter:data2\" content=\"5 minutos\" \/>\n<script type=\"application\/ld+json\" class=\"yoast-schema-graph\">{\"@context\":\"https:\/\/schema.org\",\"@graph\":[{\"@type\":\"WebSite\",\"@id\":\"https:\/\/franciscanos.org.br\/noticias\/#website\",\"url\":\"https:\/\/franciscanos.org.br\/noticias\/\",\"name\":\"Not\u00edcias - Franciscanos\",\"description\":\"Prov\u00edncia Franciscana da Imaculada Concei\u00e7\u00e3o do Brasil - Ordem dos Frades Menores - OFM\",\"potentialAction\":[{\"@type\":\"SearchAction\",\"target\":{\"@type\":\"EntryPoint\",\"urlTemplate\":\"https:\/\/franciscanos.org.br\/noticias\/?s={search_term_string}\"},\"query-input\":\"required name=search_term_string\"}],\"inLanguage\":\"pt-BR\"},{\"@type\":\"ImageObject\",\"inLanguage\":\"pt-BR\",\"@id\":\"https:\/\/franciscanos.org.br\/noticias\/semana-missionaria-reaviva-a-esperanca-em-sao-joao-de-meriti-e-chopinzinho.html#primaryimage\",\"url\":\"https:\/\/franciscanos.org.br\/noticias\/wp-content\/uploads\/2025\/08\/chamada-25.png\",\"contentUrl\":\"https:\/\/franciscanos.org.br\/noticias\/wp-content\/uploads\/2025\/08\/chamada-25.png\",\"width\":800,\"height\":550},{\"@type\":\"WebPage\",\"@id\":\"https:\/\/franciscanos.org.br\/noticias\/semana-missionaria-reaviva-a-esperanca-em-sao-joao-de-meriti-e-chopinzinho.html#webpage\",\"url\":\"https:\/\/franciscanos.org.br\/noticias\/semana-missionaria-reaviva-a-esperanca-em-sao-joao-de-meriti-e-chopinzinho.html\",\"name\":\"Semana Mission\u00e1ria reaviva a esperan\u00e7a em S\u00e3o Jo\u00e3o de Meriti e Chopinzinho - Not\u00edcias - Franciscanos\",\"isPartOf\":{\"@id\":\"https:\/\/franciscanos.org.br\/noticias\/#website\"},\"primaryImageOfPage\":{\"@id\":\"https:\/\/franciscanos.org.br\/noticias\/semana-missionaria-reaviva-a-esperanca-em-sao-joao-de-meriti-e-chopinzinho.html#primaryimage\"},\"datePublished\":\"2025-08-19T12:31:44+00:00\",\"dateModified\":\"2025-08-19T18:00:08+00:00\",\"author\":{\"@id\":\"https:\/\/franciscanos.org.br\/noticias\/#\/schema\/person\/d9422e83121c3ad3b0f423d195f5bb25\"},\"breadcrumb\":{\"@id\":\"https:\/\/franciscanos.org.br\/noticias\/semana-missionaria-reaviva-a-esperanca-em-sao-joao-de-meriti-e-chopinzinho.html#breadcrumb\"},\"inLanguage\":\"pt-BR\",\"potentialAction\":[{\"@type\":\"ReadAction\",\"target\":[\"https:\/\/franciscanos.org.br\/noticias\/semana-missionaria-reaviva-a-esperanca-em-sao-joao-de-meriti-e-chopinzinho.html\"]}]},{\"@type\":\"BreadcrumbList\",\"@id\":\"https:\/\/franciscanos.org.br\/noticias\/semana-missionaria-reaviva-a-esperanca-em-sao-joao-de-meriti-e-chopinzinho.html#breadcrumb\",\"itemListElement\":[{\"@type\":\"ListItem\",\"position\":1,\"name\":\"Home\",\"item\":\"https:\/\/franciscanos.org.br\/noticias\"},{\"@type\":\"ListItem\",\"position\":2,\"name\":\"Semana Mission\u00e1ria reaviva a esperan\u00e7a em S\u00e3o Jo\u00e3o de Meriti e Chopinzinho\"}]},{\"@type\":\"Person\",\"@id\":\"https:\/\/franciscanos.org.br\/noticias\/#\/schema\/person\/d9422e83121c3ad3b0f423d195f5bb25\",\"name\":\"Adriana Rabelo\",\"image\":{\"@type\":\"ImageObject\",\"inLanguage\":\"pt-BR\",\"@id\":\"https:\/\/franciscanos.org.br\/noticias\/#\/schema\/person\/image\/\",\"url\":\"https:\/\/secure.gravatar.com\/avatar\/0a937b7500cd7df77540cfb8bede877d?s=96&d=mm&r=g\",\"contentUrl\":\"https:\/\/secure.gravatar.com\/avatar\/0a937b7500cd7df77540cfb8bede877d?s=96&d=mm&r=g\",\"caption\":\"Adriana Rabelo\"},\"url\":\"https:\/\/franciscanos.org.br\/noticias\/author\/adrianarabelo\"}]}<\/script>\n<!-- \/ Yoast SEO plugin. -->","yoast_head_json":{"title":"Semana Mission\u00e1ria reaviva a esperan\u00e7a em S\u00e3o Jo\u00e3o de Meriti e Chopinzinho - Not\u00edcias - Franciscanos","robots":{"index":"index","follow":"follow","max-snippet":"max-snippet:-1","max-image-preview":"max-image-preview:large","max-video-preview":"max-video-preview:-1"},"canonical":"https:\/\/franciscanos.org.br\/noticias\/semana-missionaria-reaviva-a-esperanca-em-sao-joao-de-meriti-e-chopinzinho.html","og_locale":"pt_BR","og_type":"article","og_title":"Semana Mission\u00e1ria reaviva a esperan\u00e7a em S\u00e3o Jo\u00e3o de Meriti e Chopinzinho - Not\u00edcias - Franciscanos","og_description":"M\u00eas Vocacional e Semana da Fam\u00edlia","og_url":"https:\/\/franciscanos.org.br\/noticias\/semana-missionaria-reaviva-a-esperanca-em-sao-joao-de-meriti-e-chopinzinho.html","og_site_name":"Not\u00edcias - Franciscanos","article_published_time":"2025-08-19T12:31:44+00:00","article_modified_time":"2025-08-19T18:00:08+00:00","og_image":[{"width":800,"height":550,"url":"https:\/\/franciscanos.org.br\/noticias\/wp-content\/uploads\/2025\/08\/chamada-25.png","type":"image\/png"}],"author":"Adriana Rabelo","twitter_card":"summary_large_image","twitter_misc":{"Escrito por":"Adriana Rabelo","Est. tempo de leitura":"5 minutos"},"schema":{"@context":"https:\/\/schema.org","@graph":[{"@type":"WebSite","@id":"https:\/\/franciscanos.org.br\/noticias\/#website","url":"https:\/\/franciscanos.org.br\/noticias\/","name":"Not\u00edcias - Franciscanos","description":"Prov\u00edncia Franciscana da Imaculada Concei\u00e7\u00e3o do Brasil - Ordem dos Frades Menores - OFM","potentialAction":[{"@type":"SearchAction","target":{"@type":"EntryPoint","urlTemplate":"https:\/\/franciscanos.org.br\/noticias\/?s={search_term_string}"},"query-input":"required name=search_term_string"}],"inLanguage":"pt-BR"},{"@type":"ImageObject","inLanguage":"pt-BR","@id":"https:\/\/franciscanos.org.br\/noticias\/semana-missionaria-reaviva-a-esperanca-em-sao-joao-de-meriti-e-chopinzinho.html#primaryimage","url":"https:\/\/franciscanos.org.br\/noticias\/wp-content\/uploads\/2025\/08\/chamada-25.png","contentUrl":"https:\/\/franciscanos.org.br\/noticias\/wp-content\/uploads\/2025\/08\/chamada-25.png","width":800,"height":550},{"@type":"WebPage","@id":"https:\/\/franciscanos.org.br\/noticias\/semana-missionaria-reaviva-a-esperanca-em-sao-joao-de-meriti-e-chopinzinho.html#webpage","url":"https:\/\/franciscanos.org.br\/noticias\/semana-missionaria-reaviva-a-esperanca-em-sao-joao-de-meriti-e-chopinzinho.html","name":"Semana Mission\u00e1ria reaviva a esperan\u00e7a em S\u00e3o Jo\u00e3o de Meriti e Chopinzinho - Not\u00edcias - Franciscanos","isPartOf":{"@id":"https:\/\/franciscanos.org.br\/noticias\/#website"},"primaryImageOfPage":{"@id":"https:\/\/franciscanos.org.br\/noticias\/semana-missionaria-reaviva-a-esperanca-em-sao-joao-de-meriti-e-chopinzinho.html#primaryimage"},"datePublished":"2025-08-19T12:31:44+00:00","dateModified":"2025-08-19T18:00:08+00:00","author":{"@id":"https:\/\/franciscanos.org.br\/noticias\/#\/schema\/person\/d9422e83121c3ad3b0f423d195f5bb25"},"breadcrumb":{"@id":"https:\/\/franciscanos.org.br\/noticias\/semana-missionaria-reaviva-a-esperanca-em-sao-joao-de-meriti-e-chopinzinho.html#breadcrumb"},"inLanguage":"pt-BR","potentialAction":[{"@type":"ReadAction","target":["https:\/\/franciscanos.org.br\/noticias\/semana-missionaria-reaviva-a-esperanca-em-sao-joao-de-meriti-e-chopinzinho.html"]}]},{"@type":"BreadcrumbList","@id":"https:\/\/franciscanos.org.br\/noticias\/semana-missionaria-reaviva-a-esperanca-em-sao-joao-de-meriti-e-chopinzinho.html#breadcrumb","itemListElement":[{"@type":"ListItem","position":1,"name":"Home","item":"https:\/\/franciscanos.org.br\/noticias"},{"@type":"ListItem","position":2,"name":"Semana Mission\u00e1ria reaviva a esperan\u00e7a em S\u00e3o Jo\u00e3o de Meriti e Chopinzinho"}]},{"@type":"Person","@id":"https:\/\/franciscanos.org.br\/noticias\/#\/schema\/person\/d9422e83121c3ad3b0f423d195f5bb25","name":"Adriana Rabelo","image":{"@type":"ImageObject","inLanguage":"pt-BR","@id":"https:\/\/franciscanos.org.br\/noticias\/#\/schema\/person\/image\/","url":"https:\/\/secure.gravatar.com\/avatar\/0a937b7500cd7df77540cfb8bede877d?s=96&d=mm&r=g","contentUrl":"https:\/\/secure.gravatar.com\/avatar\/0a937b7500cd7df77540cfb8bede877d?s=96&d=mm&r=g","caption":"Adriana Rabelo"},"url":"https:\/\/franciscanos.org.br\/noticias\/author\/adrianarabelo"}]}},"_links":{"self":[{"href":"https:\/\/franciscanos.org.br\/noticias\/wp-json\/wp\/v2\/posts\/259529"}],"collection":[{"href":"https:\/\/franciscanos.org.br\/noticias\/wp-json\/wp\/v2\/posts"}],"about":[{"href":"https:\/\/franciscanos.org.br\/noticias\/wp-json\/wp\/v2\/types\/post"}],"author":[{"embeddable":true,"href":"https:\/\/franciscanos.org.br\/noticias\/wp-json\/wp\/v2\/users\/11"}],"replies":[{"embeddable":true,"href":"https:\/\/franciscanos.org.br\/noticias\/wp-json\/wp\/v2\/comments?post=259529"}],"version-history":[{"count":3,"href":"https:\/\/franciscanos.org.br\/noticias\/wp-json\/wp\/v2\/posts\/259529\/revisions"}],"predecessor-version":[{"id":259543,"href":"https:\/\/franciscanos.org.br\/noticias\/wp-json\/wp\/v2\/posts\/259529\/revisions\/259543"}],"wp:featuredmedia":[{"embeddable":true,"href":"https:\/\/franciscanos.org.br\/noticias\/wp-json\/wp\/v2\/media\/259530"}],"wp:attachment":[{"href":"https:\/\/franciscanos.org.br\/noticias\/wp-json\/wp\/v2\/media?parent=259529"}],"wp:term":[{"taxonomy":"category","embeddable":true,"href":"https:\/\/franciscanos.org.br\/noticias\/wp-json\/wp\/v2\/categories?post=259529"},{"taxonomy":"post_tag","embeddable":true,"href":"https:\/\/franciscanos.org.br\/noticias\/wp-json\/wp\/v2\/tags?post=259529"}],"curies":[{"name":"wp","href":"https:\/\/api.w.org\/{rel}","templated":true}]}}